{"id":46597,"date":"2019-02-03T21:14:08","date_gmt":"2019-02-04T01:14:08","guid":{"rendered":"https:\/\/recursing-golick.147-182-135-0.plesk.page\/?p=46597"},"modified":"2019-02-04T09:55:48","modified_gmt":"2019-02-04T13:55:48","slug":"cientos-de-residentes-se-benefician-con-exposicion-adventista-de-salud-en-montego-bay","status":"publish","type":"post","link":"https:\/\/interamerica.org\/es\/2019\/02\/cientos-de-residentes-se-benefician-con-exposicion-adventista-de-salud-en-montego-bay\/","title":{"rendered":"Cientos de residentes se benefician con Exposici\u00f3n Adventista de Salud en Montego Bay"},"content":{"rendered":"<div id=\"attachment_46573\" style=\"width: 812px\" class=\"wp-caption aligncenter\"><img fetchpriority=\"high\" decoding=\"async\" aria-describedby=\"caption-attachment-46573\" class=\" wp-image-46571\" src=\"https:\/\/recursing-golick.147-182-135-0.plesk.page\/wp-content\/uploads\/2019\/02\/mobay-healthexpo1280-1024x640.jpg\" alt=\"\" width=\"802\" height=\"501\" srcset=\"https:\/\/interamerica.org\/wp-content\/uploads\/2019\/02\/mobay-healthexpo1280-1024x640.jpg 1024w, https:\/\/interamerica.org\/wp-content\/uploads\/2019\/02\/mobay-healthexpo1280-300x188.jpg 300w, https:\/\/interamerica.org\/wp-content\/uploads\/2019\/02\/mobay-healthexpo1280-768x480.jpg 768w, https:\/\/interamerica.org\/wp-content\/uploads\/2019\/02\/mobay-healthexpo1280.jpg 1280w\" sizes=\"(max-width: 802px) 100vw, 802px\" \/><p id=\"caption-attachment-46573\" class=\"wp-caption-text\">El doctor Douglas Street revisa los o\u00eddos de Maureen Simmonds, residente de Lilliput, St. James, en Montego Bay, durante la Exposici\u00f3n de Salud del Proyecto Misionero 2019 en la Plaza Sam Sharpe Square el s\u00e1bado 2 de febrero de 2019. Fotograf\u00eda de Nigel Coke<\/p><\/div>\n<p>3 de febrero de 2019 | Montego Bay, Jamaica | Nigel Coke\/DIA<\/p>\n<p>Casi trescientos individuos se beneficiaron con una exposici\u00f3n gratuita de salud organizada por la Iglesia Adventista en Jamaica occidental, el s\u00e1bado 2 de febrero de 2019. El programa, que es parte de la iniciativa <strong>Proyecto Misionero 2019<\/strong> de la iglesia, se llev\u00f3 a cabo en la Plaza Sam Sharpe en Montego Bay, Jamaica, y atrajo a cientos de miembros de iglesia y de la comunidad.<\/p>\n<p>\u201cQu\u00e9 gozo y qu\u00e9 privilegio estar aqu\u00ed en esta exposici\u00f3n\u201d, dijo el pastor Ted Wilson, presidente de la Iglesia Adventista mundial. \u201cEstamos viendo lo que est\u00e1 haciendo Dios por medio de m\u00e9dicos y dedicados profesionales de salud adventista, que han dado hoy de su tiempo para servir a la humanidad. Est\u00e1n dispuestos a permitir que Cristo los use, as\u00ed como el tambi\u00e9n toc\u00f3 la vida de las personas\u201d.<\/p>\n<p>El pastor Wilson, quien se encuentra en una visita de once d\u00edas a Jamaica con otros l\u00edderes de todo el mundo para enfocarse en la salud, se refiri\u00f3 a 1 Corintios 10:31, y desafi\u00f3 a los reunidos dici\u00e9ndoles que tienen que ser cuidadosos con lo que ponen dentro de sus cuerpos y lo que hacen con ello, al enfatizar as\u00ed la salud integral.<\/p>\n<div id=\"attachment_46579\" style=\"width: 812px\" class=\"wp-caption aligncenter\"><img decoding=\"async\" aria-describedby=\"caption-attachment-46579\" class=\" wp-image-46577\" src=\"https:\/\/recursing-golick.147-182-135-0.plesk.page\/wp-content\/uploads\/2019\/02\/mobay-ted-wilson-healthexpo1.jpg\" alt=\"\" width=\"802\" height=\"536\" srcset=\"https:\/\/interamerica.org\/wp-content\/uploads\/2019\/02\/mobay-ted-wilson-healthexpo1.jpg 1000w, https:\/\/interamerica.org\/wp-content\/uploads\/2019\/02\/mobay-ted-wilson-healthexpo1-300x200.jpg 300w, https:\/\/interamerica.org\/wp-content\/uploads\/2019\/02\/mobay-ted-wilson-healthexpo1-768x513.jpg 768w\" sizes=\"(max-width: 802px) 100vw, 802px\" \/><p id=\"caption-attachment-46579\" class=\"wp-caption-text\">El pastor Ted Wilson, presidente de la Iglesia Adventista, se dirige a los presentes durante la Exposici\u00f3n de Salud del Proyecto Misionero 2019 en la Plaza Sam Sharpe de Montego Bay, el 2 de febrero de 2019. Fotograf\u00eda de Nigel Coke<\/p><\/div>\n<p>Durante la exposici\u00f3n de salud hubo diversos servicios disponibles, lo que incluy\u00f3 chequeos generales tales como an\u00e1lisis de sangre, hipertensi\u00f3n y colesterol. Tambi\u00e9n papanicolaous, pr\u00f3stata, atenci\u00f3n de odontolog\u00eda, podolog\u00eda y salud mental, adem\u00e1s de consultas pedi\u00e1tricas y ginecol\u00f3gicas.<\/p>\n<p>\u201cJamaica Occidental est\u00e1 satisfecha por el compromiso y la dedicaci\u00f3n incuestionable de los miembros de las profesiones m\u00e9dicas que son miembros de nuestra iglesia\u201d, dijo el pastor Glen Samuels, presidente de la Iglesia Adventista en Jamaica Occidental. \u201cNo solo dan de su tiempo voluntariamente para aliviar el dolor y el sufrimiento de los ciudadanos de Jamaica occidental sin fijarse si son miembros o no, sino que tambi\u00e9n brindan recursos financieros para garantizar las necesidades b\u00e1sicas de los individuos en el \u00e1rea de educaci\u00f3n y alimentaci\u00f3n de manera peri\u00f3dica, continuada y diaria. Agradecemos a Dios por ellos\u201d.<\/p>\n<p>Delores Jones, que reside en la comunidad Tucker de St. James, se mostr\u00f3 feliz de expresar su agradecimiento por la exposici\u00f3n de salud.<\/p>\n<div id=\"attachment_46591\" style=\"width: 812px\" class=\"wp-caption aligncenter\"><img decoding=\"async\" aria-describedby=\"caption-attachment-46591\" class=\" wp-image-46589\" src=\"https:\/\/recursing-golick.147-182-135-0.plesk.page\/wp-content\/uploads\/2019\/02\/mobay-wilson-henry-mayor-healthexpo.jpg\" alt=\"\" width=\"802\" height=\"536\" srcset=\"https:\/\/interamerica.org\/wp-content\/uploads\/2019\/02\/mobay-wilson-henry-mayor-healthexpo.jpg 1000w, https:\/\/interamerica.org\/wp-content\/uploads\/2019\/02\/mobay-wilson-henry-mayor-healthexpo-300x200.jpg 300w, https:\/\/interamerica.org\/wp-content\/uploads\/2019\/02\/mobay-wilson-henry-mayor-healthexpo-768x513.jpg 768w\" sizes=\"(max-width: 802px) 100vw, 802px\" \/><p id=\"caption-attachment-46591\" class=\"wp-caption-text\">El pastor Ted Wilson (izquierda), presidente de la Iglesia Adventista, or\u00f3 por el alcalde de Montego Bay, el concejal Homer Davis (centro), durante la exposici\u00f3n de salud en la Plaza Sam Sharpe. Fotograf\u00eda de Nigel Coke<\/p><\/div>\n<p>\u201cFue excelente; fui para que me revisaran los pies, que est\u00e1n hinchados por la mala circulaci\u00f3n de la sangre, y logr\u00e9 que me dieran un masaje en la secci\u00f3n de podolog\u00eda. Entonces pude ver a un doctor, que no solo me recet\u00f3 un medicamento sino que tambi\u00e9n me aconsej\u00f3 qu\u00e9 comer para prevenir el problema\u201d, explic\u00f3 Jones.<\/p>\n<p>\u201cS\u00e9 que Dios est\u00e1 bendiciendo esta exposici\u00f3n de manera incre\u00edble, porque las personas est\u00e1n siendo guiadas hacia el M\u00e9dico de los m\u00e9dicos y, en \u00faltimo t\u00e9rmino, a aceptarlo como su Salvador personal. \u00a1Qu\u00e9 gozo es ver que el pueblo de Dios trabaja en nombre de Cristo!\u201d, a\u00f1adi\u00f3 el pastor Wilson.<\/p>\n<p>El Proyecto Misionero 2019, que comenz\u00f3 en octubre de 2018, ha completado hasta el momento 1127 proyectos misioneros y exposiciones de salud en las 750 congregaciones de la iglesia de la isla y sus instituciones de la Universidad Norte\u00f1a del Caribe (NCU) y el Hospital Andrews Memorial.<\/p>\n<div id=\"attachment_46576\" style=\"width: 812px\" class=\"wp-caption aligncenter\"><img loading=\"lazy\" decoding=\"async\" aria-describedby=\"caption-attachment-46576\" class=\" wp-image-46574\" src=\"https:\/\/recursing-golick.147-182-135-0.plesk.page\/wp-content\/uploads\/2019\/02\/mobay-healthexpo-2.jpg\" alt=\"\" width=\"802\" height=\"536\" srcset=\"https:\/\/interamerica.org\/wp-content\/uploads\/2019\/02\/mobay-healthexpo-2.jpg 1000w, https:\/\/interamerica.org\/wp-content\/uploads\/2019\/02\/mobay-healthexpo-2-300x200.jpg 300w, https:\/\/interamerica.org\/wp-content\/uploads\/2019\/02\/mobay-healthexpo-2-768x513.jpg 768w\" sizes=\"(max-width: 802px) 100vw, 802px\" \/><p id=\"caption-attachment-46576\" class=\"wp-caption-text\">Una odont\u00f3loga atiende a un residente de St. James, durante la exposici\u00f3n de salud en la Plaza Sam Square.<\/p><\/div>\n<p>La iglesia tambi\u00e9n se ha asociado con el Ministerio de Salud, por medio de sus programas Jamaica Moves y Adopt-A-Clinic, en momentos en que busca hacer que Jamaica y los jamaiquinos sean m\u00e1s saludables y productivos.<\/p>\n<p>Traducci\u00f3n de Marcos Paseggi<\/p>\n","protected":false},"excerpt":{"rendered":"<p>3 de febrero de 2019 | Montego Bay, Jamaica | Nigel Coke\/DIA Casi trescientos individuos se beneficiaron con una exposici\u00f3n gratuita de salud organizada por la Iglesia Adventista en Jamaica&#8230;<\/p>\n","protected":false},"author":3,"featured_media":46573,"comment_status":"open","ping_status":"closed","sticky":false,"template":"","format":"standard","meta":{"_acf_changed":false,"footnotes":""},"categories":[17,15],"tags":[],"class_list":["post-46597","post","type-post","status-publish","format-standard","has-post-thumbnail","hentry","category-desde-el-campo","category-rss-espanol"],"acf":[],"yoast_head":"<!-- This site is optimized with the Yoast SEO plugin v27.3 - https:\/\/yoast.com\/product\/yoast-seo-wordpress\/ -->\n<title>Cientos de residentes se benefician con Exposici\u00f3n Adventista de Salud en Montego Bay - Iglesia Adventista del S\u00e9ptimo D\u00eda - Divisi\u00f3n Interamericana<\/title>\n<meta name=\"robots\" content=\"index, follow, max-snippet:-1, max-image-preview:large, max-video-preview:-1\" \/>\n<link rel=\"canonical\" href=\"https:\/\/interamerica.org\/es\/2019\/02\/cientos-de-residentes-se-benefician-con-exposicion-adventista-de-salud-en-montego-bay\/\" \/>\n<meta property=\"og:locale\" content=\"es_ES\" \/>\n<meta property=\"og:type\" content=\"article\" \/>\n<meta property=\"og:title\" content=\"Cientos de residentes se benefician con Exposici\u00f3n Adventista de Salud en Montego Bay - Iglesia Adventista del S\u00e9ptimo D\u00eda - Divisi\u00f3n Interamericana\" \/>\n<meta property=\"og:description\" content=\"3 de febrero de 2019 | Montego Bay, Jamaica | Nigel Coke\/DIA Casi trescientos individuos se beneficiaron con una exposici\u00f3n gratuita de salud organizada por la Iglesia Adventista en Jamaica...\" \/>\n<meta property=\"og:url\" content=\"https:\/\/interamerica.org\/es\/2019\/02\/cientos-de-residentes-se-benefician-con-exposicion-adventista-de-salud-en-montego-bay\/\" \/>\n<meta property=\"og:site_name\" content=\"Iglesia Adventista del S\u00e9ptimo D\u00eda - Divisi\u00f3n Interamericana\" \/>\n<meta property=\"article:published_time\" content=\"2019-02-04T01:14:08+00:00\" \/>\n<meta property=\"article:modified_time\" content=\"2019-02-04T13:55:48+00:00\" \/>\n<meta property=\"og:image\" content=\"https:\/\/interamerica.org\/wp-content\/uploads\/2019\/02\/mobay-healthexpo1280.jpg\" \/>\n\t<meta property=\"og:image:width\" content=\"1280\" \/>\n\t<meta property=\"og:image:height\" content=\"800\" \/>\n\t<meta property=\"og:image:type\" content=\"image\/jpeg\" \/>\n<meta name=\"author\" content=\"libna\" \/>\n<meta name=\"twitter:card\" content=\"summary_large_image\" \/>\n<meta name=\"twitter:label1\" content=\"Escrito por\" \/>\n\t<meta name=\"twitter:data1\" content=\"libna\" \/>\n\t<meta name=\"twitter:label2\" content=\"Tiempo de lectura\" \/>\n\t<meta name=\"twitter:data2\" content=\"4 minutos\" \/>\n<script type=\"application\/ld+json\" class=\"yoast-schema-graph\">{\"@context\":\"https:\\\/\\\/schema.org\",\"@graph\":[{\"@type\":\"Article\",\"@id\":\"https:\\\/\\\/interamerica.org\\\/es\\\/2019\\\/02\\\/cientos-de-residentes-se-benefician-con-exposicion-adventista-de-salud-en-montego-bay\\\/#article\",\"isPartOf\":{\"@id\":\"https:\\\/\\\/interamerica.org\\\/es\\\/2019\\\/02\\\/cientos-de-residentes-se-benefician-con-exposicion-adventista-de-salud-en-montego-bay\\\/\"},\"author\":{\"name\":\"libna\",\"@id\":\"https:\\\/\\\/interamerica.org\\\/es\\\/#\\\/schema\\\/person\\\/29998f2bc2d8bd0d38662909289b54f1\"},\"headline\":\"Cientos de residentes se benefician con Exposici\u00f3n Adventista de Salud en Montego Bay\",\"datePublished\":\"2019-02-04T01:14:08+00:00\",\"dateModified\":\"2019-02-04T13:55:48+00:00\",\"mainEntityOfPage\":{\"@id\":\"https:\\\/\\\/interamerica.org\\\/es\\\/2019\\\/02\\\/cientos-de-residentes-se-benefician-con-exposicion-adventista-de-salud-en-montego-bay\\\/\"},\"wordCount\":777,\"commentCount\":0,\"image\":{\"@id\":\"https:\\\/\\\/interamerica.org\\\/es\\\/2019\\\/02\\\/cientos-de-residentes-se-benefician-con-exposicion-adventista-de-salud-en-montego-bay\\\/#primaryimage\"},\"thumbnailUrl\":\"https:\\\/\\\/interamerica.org\\\/wp-content\\\/uploads\\\/2019\\\/02\\\/mobay-healthexpo1280.jpg\",\"articleSection\":[\"Desde el campo\",\"RSS Espa\u00f1ol\"],\"inLanguage\":\"es\",\"potentialAction\":[{\"@type\":\"CommentAction\",\"name\":\"Comment\",\"target\":[\"https:\\\/\\\/interamerica.org\\\/es\\\/2019\\\/02\\\/cientos-de-residentes-se-benefician-con-exposicion-adventista-de-salud-en-montego-bay\\\/#respond\"]}]},{\"@type\":\"WebPage\",\"@id\":\"https:\\\/\\\/interamerica.org\\\/es\\\/2019\\\/02\\\/cientos-de-residentes-se-benefician-con-exposicion-adventista-de-salud-en-montego-bay\\\/\",\"url\":\"https:\\\/\\\/interamerica.org\\\/es\\\/2019\\\/02\\\/cientos-de-residentes-se-benefician-con-exposicion-adventista-de-salud-en-montego-bay\\\/\",\"name\":\"Cientos de residentes se benefician con Exposici\u00f3n Adventista de Salud en Montego Bay - Iglesia Adventista del S\u00e9ptimo D\u00eda - Divisi\u00f3n Interamericana\",\"isPartOf\":{\"@id\":\"https:\\\/\\\/interamerica.org\\\/es\\\/#website\"},\"primaryImageOfPage\":{\"@id\":\"https:\\\/\\\/interamerica.org\\\/es\\\/2019\\\/02\\\/cientos-de-residentes-se-benefician-con-exposicion-adventista-de-salud-en-montego-bay\\\/#primaryimage\"},\"image\":{\"@id\":\"https:\\\/\\\/interamerica.org\\\/es\\\/2019\\\/02\\\/cientos-de-residentes-se-benefician-con-exposicion-adventista-de-salud-en-montego-bay\\\/#primaryimage\"},\"thumbnailUrl\":\"https:\\\/\\\/interamerica.org\\\/wp-content\\\/uploads\\\/2019\\\/02\\\/mobay-healthexpo1280.jpg\",\"datePublished\":\"2019-02-04T01:14:08+00:00\",\"dateModified\":\"2019-02-04T13:55:48+00:00\",\"author\":{\"@id\":\"https:\\\/\\\/interamerica.org\\\/es\\\/#\\\/schema\\\/person\\\/29998f2bc2d8bd0d38662909289b54f1\"},\"breadcrumb\":{\"@id\":\"https:\\\/\\\/interamerica.org\\\/es\\\/2019\\\/02\\\/cientos-de-residentes-se-benefician-con-exposicion-adventista-de-salud-en-montego-bay\\\/#breadcrumb\"},\"inLanguage\":\"es\",\"potentialAction\":[{\"@type\":\"ReadAction\",\"target\":[\"https:\\\/\\\/interamerica.org\\\/es\\\/2019\\\/02\\\/cientos-de-residentes-se-benefician-con-exposicion-adventista-de-salud-en-montego-bay\\\/\"]}]},{\"@type\":\"ImageObject\",\"inLanguage\":\"es\",\"@id\":\"https:\\\/\\\/interamerica.org\\\/es\\\/2019\\\/02\\\/cientos-de-residentes-se-benefician-con-exposicion-adventista-de-salud-en-montego-bay\\\/#primaryimage\",\"url\":\"https:\\\/\\\/interamerica.org\\\/wp-content\\\/uploads\\\/2019\\\/02\\\/mobay-healthexpo1280.jpg\",\"contentUrl\":\"https:\\\/\\\/interamerica.org\\\/wp-content\\\/uploads\\\/2019\\\/02\\\/mobay-healthexpo1280.jpg\",\"width\":1280,\"height\":800,\"caption\":\"El doctor Douglas Street revisa los o\u00eddos de Maureen Simmonds, residente de Lilliput, St. James, en Montego Bay, durante la Exposici\u00f3n de Salud del Proyecto Misionero 2019 en la Plaza Sam Sharpe Square el s\u00e1bado 2 de febrero de 2019.\"},{\"@type\":\"BreadcrumbList\",\"@id\":\"https:\\\/\\\/interamerica.org\\\/es\\\/2019\\\/02\\\/cientos-de-residentes-se-benefician-con-exposicion-adventista-de-salud-en-montego-bay\\\/#breadcrumb\",\"itemListElement\":[{\"@type\":\"ListItem\",\"position\":1,\"name\":\"Home\",\"item\":\"https:\\\/\\\/interamerica.org\\\/es\\\/\"},{\"@type\":\"ListItem\",\"position\":2,\"name\":\"Cientos de residentes se benefician con Exposici\u00f3n Adventista de Salud en Montego Bay\"}]},{\"@type\":\"WebSite\",\"@id\":\"https:\\\/\\\/interamerica.org\\\/es\\\/#website\",\"url\":\"https:\\\/\\\/interamerica.org\\\/es\\\/\",\"name\":\"Iglesia Adventista del S\u00e9ptimo D\u00eda - Divisi\u00f3n Interamericana\",\"description\":\"\",\"potentialAction\":[{\"@type\":\"SearchAction\",\"target\":{\"@type\":\"EntryPoint\",\"urlTemplate\":\"https:\\\/\\\/interamerica.org\\\/es\\\/?s={search_term_string}\"},\"query-input\":{\"@type\":\"PropertyValueSpecification\",\"valueRequired\":true,\"valueName\":\"search_term_string\"}}],\"inLanguage\":\"es\"},{\"@type\":\"Person\",\"@id\":\"https:\\\/\\\/interamerica.org\\\/es\\\/#\\\/schema\\\/person\\\/29998f2bc2d8bd0d38662909289b54f1\",\"name\":\"libna\",\"image\":{\"@type\":\"ImageObject\",\"inLanguage\":\"es\",\"@id\":\"https:\\\/\\\/secure.gravatar.com\\\/avatar\\\/7c5bd30ae4b47a9ba3c856590957fd1d96dc588bf3ac05719d247e126840331f?s=96&d=mm&r=g\",\"url\":\"https:\\\/\\\/secure.gravatar.com\\\/avatar\\\/7c5bd30ae4b47a9ba3c856590957fd1d96dc588bf3ac05719d247e126840331f?s=96&d=mm&r=g\",\"contentUrl\":\"https:\\\/\\\/secure.gravatar.com\\\/avatar\\\/7c5bd30ae4b47a9ba3c856590957fd1d96dc588bf3ac05719d247e126840331f?s=96&d=mm&r=g\",\"caption\":\"libna\"}}]}<\/script>\n<!-- \/ Yoast SEO plugin. -->","yoast_head_json":{"title":"Cientos de residentes se benefician con Exposici\u00f3n Adventista de Salud en Montego Bay - Iglesia Adventista del S\u00e9ptimo D\u00eda - Divisi\u00f3n Interamericana","robots":{"index":"index","follow":"follow","max-snippet":"max-snippet:-1","max-image-preview":"max-image-preview:large","max-video-preview":"max-video-preview:-1"},"canonical":"https:\/\/interamerica.org\/es\/2019\/02\/cientos-de-residentes-se-benefician-con-exposicion-adventista-de-salud-en-montego-bay\/","og_locale":"es_ES","og_type":"article","og_title":"Cientos de residentes se benefician con Exposici\u00f3n Adventista de Salud en Montego Bay - Iglesia Adventista del S\u00e9ptimo D\u00eda - Divisi\u00f3n Interamericana","og_description":"3 de febrero de 2019 | Montego Bay, Jamaica | Nigel Coke\/DIA Casi trescientos individuos se beneficiaron con una exposici\u00f3n gratuita de salud organizada por la Iglesia Adventista en Jamaica...","og_url":"https:\/\/interamerica.org\/es\/2019\/02\/cientos-de-residentes-se-benefician-con-exposicion-adventista-de-salud-en-montego-bay\/","og_site_name":"Iglesia Adventista del S\u00e9ptimo D\u00eda - Divisi\u00f3n Interamericana","article_published_time":"2019-02-04T01:14:08+00:00","article_modified_time":"2019-02-04T13:55:48+00:00","og_image":[{"width":1280,"height":800,"url":"https:\/\/interamerica.org\/wp-content\/uploads\/2019\/02\/mobay-healthexpo1280.jpg","type":"image\/jpeg"}],"author":"libna","twitter_card":"summary_large_image","twitter_misc":{"Escrito por":"libna","Tiempo de lectura":"4 minutos"},"schema":{"@context":"https:\/\/schema.org","@graph":[{"@type":"Article","@id":"https:\/\/interamerica.org\/es\/2019\/02\/cientos-de-residentes-se-benefician-con-exposicion-adventista-de-salud-en-montego-bay\/#article","isPartOf":{"@id":"https:\/\/interamerica.org\/es\/2019\/02\/cientos-de-residentes-se-benefician-con-exposicion-adventista-de-salud-en-montego-bay\/"},"author":{"name":"libna","@id":"https:\/\/interamerica.org\/es\/#\/schema\/person\/29998f2bc2d8bd0d38662909289b54f1"},"headline":"Cientos de residentes se benefician con Exposici\u00f3n Adventista de Salud en Montego Bay","datePublished":"2019-02-04T01:14:08+00:00","dateModified":"2019-02-04T13:55:48+00:00","mainEntityOfPage":{"@id":"https:\/\/interamerica.org\/es\/2019\/02\/cientos-de-residentes-se-benefician-con-exposicion-adventista-de-salud-en-montego-bay\/"},"wordCount":777,"commentCount":0,"image":{"@id":"https:\/\/interamerica.org\/es\/2019\/02\/cientos-de-residentes-se-benefician-con-exposicion-adventista-de-salud-en-montego-bay\/#primaryimage"},"thumbnailUrl":"https:\/\/interamerica.org\/wp-content\/uploads\/2019\/02\/mobay-healthexpo1280.jpg","articleSection":["Desde el campo","RSS Espa\u00f1ol"],"inLanguage":"es","potentialAction":[{"@type":"CommentAction","name":"Comment","target":["https:\/\/interamerica.org\/es\/2019\/02\/cientos-de-residentes-se-benefician-con-exposicion-adventista-de-salud-en-montego-bay\/#respond"]}]},{"@type":"WebPage","@id":"https:\/\/interamerica.org\/es\/2019\/02\/cientos-de-residentes-se-benefician-con-exposicion-adventista-de-salud-en-montego-bay\/","url":"https:\/\/interamerica.org\/es\/2019\/02\/cientos-de-residentes-se-benefician-con-exposicion-adventista-de-salud-en-montego-bay\/","name":"Cientos de residentes se benefician con Exposici\u00f3n Adventista de Salud en Montego Bay - Iglesia Adventista del S\u00e9ptimo D\u00eda - Divisi\u00f3n Interamericana","isPartOf":{"@id":"https:\/\/interamerica.org\/es\/#website"},"primaryImageOfPage":{"@id":"https:\/\/interamerica.org\/es\/2019\/02\/cientos-de-residentes-se-benefician-con-exposicion-adventista-de-salud-en-montego-bay\/#primaryimage"},"image":{"@id":"https:\/\/interamerica.org\/es\/2019\/02\/cientos-de-residentes-se-benefician-con-exposicion-adventista-de-salud-en-montego-bay\/#primaryimage"},"thumbnailUrl":"https:\/\/interamerica.org\/wp-content\/uploads\/2019\/02\/mobay-healthexpo1280.jpg","datePublished":"2019-02-04T01:14:08+00:00","dateModified":"2019-02-04T13:55:48+00:00","author":{"@id":"https:\/\/interamerica.org\/es\/#\/schema\/person\/29998f2bc2d8bd0d38662909289b54f1"},"breadcrumb":{"@id":"https:\/\/interamerica.org\/es\/2019\/02\/cientos-de-residentes-se-benefician-con-exposicion-adventista-de-salud-en-montego-bay\/#breadcrumb"},"inLanguage":"es","potentialAction":[{"@type":"ReadAction","target":["https:\/\/interamerica.org\/es\/2019\/02\/cientos-de-residentes-se-benefician-con-exposicion-adventista-de-salud-en-montego-bay\/"]}]},{"@type":"ImageObject","inLanguage":"es","@id":"https:\/\/interamerica.org\/es\/2019\/02\/cientos-de-residentes-se-benefician-con-exposicion-adventista-de-salud-en-montego-bay\/#primaryimage","url":"https:\/\/interamerica.org\/wp-content\/uploads\/2019\/02\/mobay-healthexpo1280.jpg","contentUrl":"https:\/\/interamerica.org\/wp-content\/uploads\/2019\/02\/mobay-healthexpo1280.jpg","width":1280,"height":800,"caption":"El doctor Douglas Street revisa los o\u00eddos de Maureen Simmonds, residente de Lilliput, St. James, en Montego Bay, durante la Exposici\u00f3n de Salud del Proyecto Misionero 2019 en la Plaza Sam Sharpe Square el s\u00e1bado 2 de febrero de 2019."},{"@type":"BreadcrumbList","@id":"https:\/\/interamerica.org\/es\/2019\/02\/cientos-de-residentes-se-benefician-con-exposicion-adventista-de-salud-en-montego-bay\/#breadcrumb","itemListElement":[{"@type":"ListItem","position":1,"name":"Home","item":"https:\/\/interamerica.org\/es\/"},{"@type":"ListItem","position":2,"name":"Cientos de residentes se benefician con Exposici\u00f3n Adventista de Salud en Montego Bay"}]},{"@type":"WebSite","@id":"https:\/\/interamerica.org\/es\/#website","url":"https:\/\/interamerica.org\/es\/","name":"Iglesia Adventista del S\u00e9ptimo D\u00eda - Divisi\u00f3n Interamericana","description":"","potentialAction":[{"@type":"SearchAction","target":{"@type":"EntryPoint","urlTemplate":"https:\/\/interamerica.org\/es\/?s={search_term_string}"},"query-input":{"@type":"PropertyValueSpecification","valueRequired":true,"valueName":"search_term_string"}}],"inLanguage":"es"},{"@type":"Person","@id":"https:\/\/interamerica.org\/es\/#\/schema\/person\/29998f2bc2d8bd0d38662909289b54f1","name":"libna","image":{"@type":"ImageObject","inLanguage":"es","@id":"https:\/\/secure.gravatar.com\/avatar\/7c5bd30ae4b47a9ba3c856590957fd1d96dc588bf3ac05719d247e126840331f?s=96&d=mm&r=g","url":"https:\/\/secure.gravatar.com\/avatar\/7c5bd30ae4b47a9ba3c856590957fd1d96dc588bf3ac05719d247e126840331f?s=96&d=mm&r=g","contentUrl":"https:\/\/secure.gravatar.com\/avatar\/7c5bd30ae4b47a9ba3c856590957fd1d96dc588bf3ac05719d247e126840331f?s=96&d=mm&r=g","caption":"libna"}}]}},"_links":{"self":[{"href":"https:\/\/interamerica.org\/es\/wp-json\/wp\/v2\/posts\/46597","targetHints":{"allow":["GET"]}}],"collection":[{"href":"https:\/\/interamerica.org\/es\/wp-json\/wp\/v2\/posts"}],"about":[{"href":"https:\/\/interamerica.org\/es\/wp-json\/wp\/v2\/types\/post"}],"author":[{"embeddable":true,"href":"https:\/\/interamerica.org\/es\/wp-json\/wp\/v2\/users\/3"}],"replies":[{"embeddable":true,"href":"https:\/\/interamerica.org\/es\/wp-json\/wp\/v2\/comments?post=46597"}],"version-history":[{"count":0,"href":"https:\/\/interamerica.org\/es\/wp-json\/wp\/v2\/posts\/46597\/revisions"}],"wp:featuredmedia":[{"embeddable":true,"href":"https:\/\/interamerica.org\/es\/wp-json\/wp\/v2\/media\/46573"}],"wp:attachment":[{"href":"https:\/\/interamerica.org\/es\/wp-json\/wp\/v2\/media?parent=46597"}],"wp:term":[{"taxonomy":"category","embeddable":true,"href":"https:\/\/interamerica.org\/es\/wp-json\/wp\/v2\/categories?post=46597"},{"taxonomy":"post_tag","embeddable":true,"href":"https:\/\/interamerica.org\/es\/wp-json\/wp\/v2\/tags?post=46597"}],"curies":[{"name":"wp","href":"https:\/\/api.w.org\/{rel}","templated":true}]}}