{"id":46861,"date":"2019-02-13T16:24:05","date_gmt":"2019-02-13T20:24:05","guid":{"rendered":"https:\/\/recursing-golick.147-182-135-0.plesk.page\/?p=46861"},"modified":"2019-02-14T12:40:40","modified_gmt":"2019-02-14T16:40:40","slug":"interamerica-celebra-ceremonia-bautismal-anual-senor-transformame-en-jamaica","status":"publish","type":"post","link":"https:\/\/interamerica.org\/es\/2019\/02\/interamerica-celebra-ceremonia-bautismal-anual-senor-transformame-en-jamaica\/","title":{"rendered":"Interam\u00e9rica celebra ceremonia bautismal anual \u2018Se\u00f1or, transf\u00f3rmame\u201d en Jamaica"},"content":{"rendered":"<div id=\"attachment_46794\" style=\"width: 808px\" class=\"wp-caption aligncenter\"><img fetchpriority=\"high\" decoding=\"async\" aria-describedby=\"caption-attachment-46794\" class=\" wp-image-46792\" src=\"https:\/\/recursing-golick.147-182-135-0.plesk.page\/wp-content\/uploads\/2019\/02\/ltm-jamaica-baptism-mariemahabee.jpg\" alt=\"\" width=\"798\" height=\"532\" srcset=\"https:\/\/interamerica.org\/wp-content\/uploads\/2019\/02\/ltm-jamaica-baptism-mariemahabee.jpg 950w, https:\/\/interamerica.org\/wp-content\/uploads\/2019\/02\/ltm-jamaica-baptism-mariemahabee-300x200.jpg 300w, https:\/\/interamerica.org\/wp-content\/uploads\/2019\/02\/ltm-jamaica-baptism-mariemahabee-768x512.jpg 768w\" sizes=\"(max-width: 798px) 100vw, 798px\" \/><p id=\"caption-attachment-46794\" class=\"wp-caption-text\">Marie Mahabee, de ministerios a los sordos en la iglesia adventista Portmore en St. Catherine, Jamaica, sonr\u00ede despu\u00e9s de ser bautizada por el pastor Christopher Mighty, de la iglesia adventista Braeton, durante la celebraci\u00f3n bautismal anual de Interam\u00e9rica llevada a cabo en Montego Bay, Jamaica, el 9 de febrero de 2019. M\u00e1s de doscientos nuevos creyentes fueron bautizados durante el programa en vivo de tres horas de duraci\u00f3n. Fotograf\u00eda de Libna Stevens\/DIA<\/p><\/div>\n<p>13 de febrero de 2019 | Montego Bay, Jamaica | Libna Stevens\/DIA<\/p>\n<p>La Iglesia Adventista de Interam\u00e9rica celebr\u00f3 a lo grande en Jamaica, cuando m\u00e1s de ocho mil personas atestaron el Centro de Convenciones de Montego Bay y el atrio exterior para adorar, alabar y ser testigos de los resultados de los intensos esfuerzos de evangelizaci\u00f3n y eventos de impacto comunitario en la isla y en otras partes del territorio de la Divisi\u00f3n Interamericana.<\/p>\n<p>M\u00e1s de doscientos nuevos creyentes fueron bautizados en el lugar, y otros cientos se unieron a la iglesia en Jamaica, las islas del Caribe Atl\u00e1ntico, y partes de Am\u00e9rica Central, M\u00e9xico, Puerto Rico y Venezuela, dijeron los organizadores.<\/p>\n<p>El evento, que fue transmitido en l\u00ednea, represent\u00f3 la convenci\u00f3n de celebraci\u00f3n anual de bautismos conocida como \u201cSe\u00f1or, transf\u00f3rmame\u201d, una iniciativa que implica motivar a cada miembro de iglesia para que busque una transformaci\u00f3n en Cristo por medio de un estudio diario de la Biblia y un estilo de vida de oraci\u00f3n, para planes de acci\u00f3n de participaci\u00f3n total y actividades de compartir el evangelio dentro de sus comunidades.<\/p>\n<div id=\"attachment_46803\" style=\"width: 811px\" class=\"wp-caption aligncenter\"><img decoding=\"async\" aria-describedby=\"caption-attachment-46803\" class=\" wp-image-46801\" src=\"https:\/\/recursing-golick.147-182-135-0.plesk.page\/wp-content\/uploads\/2019\/02\/ltm-jamaica-audience-crowd.jpg\" alt=\"\" width=\"801\" height=\"534\" srcset=\"https:\/\/interamerica.org\/wp-content\/uploads\/2019\/02\/ltm-jamaica-audience-crowd.jpg 1000w, https:\/\/interamerica.org\/wp-content\/uploads\/2019\/02\/ltm-jamaica-audience-crowd-300x200.jpg 300w, https:\/\/interamerica.org\/wp-content\/uploads\/2019\/02\/ltm-jamaica-audience-crowd-768x512.jpg 768w\" sizes=\"(max-width: 801px) 100vw, 801px\" \/><p id=\"caption-attachment-46803\" class=\"wp-caption-text\">M\u00e1s de siete mil personas llenaron el Centro de Convenciones de Montego Bay, mientras que otras mil se sentaron afuera bajo una tienda para ser parte de la celebraci\u00f3n de la Convenci\u00f3n \u201cSe\u00f1or, transf\u00f3rmame\u201d de Interam\u00e9rica el 9 de febrero de 2019 en Montego Bay, Jamaica. Fotograf\u00eda de Karim Chambers\/DIA<\/p><\/div>\n<p><strong>Enfoque en la salud integral<\/strong><\/p>\n<p>El pastor Balvin Braham, asistente del presidente de la Divisi\u00f3n Interamericana para evangelismo y principal organizador del evento, celebr\u00f3 al obra de cientos de l\u00edderes, pastores locales, predicadores laicos y miembros de iglesia activos de la Divisi\u00f3n Interamericana que esparcen activamente las buenas nuevas de salvaci\u00f3n y participan de proyectos sociales y actividades de impacto de salud en decenas de comunidades.<\/p>\n<p>El enfoque de este trimestre se encuentra en la salud integral para la transformaci\u00f3n personal y nacional, dijo Braham. \u201cComo iglesia creemos que tenemos un s\u00f3lido mensaje de salud que habla del concepto integral de un estilo de vida saludable y prevenci\u00f3n, y que podemos utilizar ese valioso recurso para marcar una diferencia significativa en la vida de los individuos, las familias y la sociedad en general\u201d, dijo Braham.<\/p>\n<p>La celebraci\u00f3n anual en todo el territorio fue llevada a cabo antes de lo que suele hacerse en abril, para que coincidiera con la visita de los l\u00edderes de la iglesia mundial que asistieron a la XII <a href=\"https:\/\/recursing-golick.147-182-135-0.plesk.page\/es\/2019\/02\/lideres-adventistas-se-ponen-en-forma-en-jamaica\/\">Cumbre de Liderazgo Global<\/a> anual del 4-10 de febrero de 2019. La cumbre se enfoc\u00f3 en la pr\u00e1ctica de la buena salud. Los l\u00edderes mundiales se unieron a los l\u00edderes locales para participar de <a href=\"https:\/\/recursing-golick.147-182-135-0.plesk.page\/es\/2019\/02\/cientos-de-residentes-se-benefician-con-exposicion-adventista-de-salud-en-montego-bay\/\">una exposici\u00f3n de salud en la que cientos de personas recibieron chequeos gratuitos de salud y servicios m\u00e9dicos en Montego Bay.<\/a><\/p>\n<div id=\"attachment_46800\" style=\"width: 811px\" class=\"wp-caption aligncenter\"><img decoding=\"async\" aria-describedby=\"caption-attachment-46800\" class=\" wp-image-46798\" src=\"https:\/\/recursing-golick.147-182-135-0.plesk.page\/wp-content\/uploads\/2019\/02\/ltm-jamaica-braham-churchmembers.jpg\" alt=\"\" width=\"801\" height=\"534\" srcset=\"https:\/\/interamerica.org\/wp-content\/uploads\/2019\/02\/ltm-jamaica-braham-churchmembers.jpg 1000w, https:\/\/interamerica.org\/wp-content\/uploads\/2019\/02\/ltm-jamaica-braham-churchmembers-300x200.jpg 300w, https:\/\/interamerica.org\/wp-content\/uploads\/2019\/02\/ltm-jamaica-braham-churchmembers-768x512.jpg 768w\" sizes=\"(max-width: 801px) 100vw, 801px\" \/><p id=\"caption-attachment-46800\" class=\"wp-caption-text\">El pastor Balvin Braham, asistente del president de la Divisi\u00f3n Interamericana y principal organizador del evento presenta a los miembros de iglesia activos dedicados a compartir el evangelio en sus comunidades de Jamaica e Interam\u00e9rica. Fotograf\u00eda de Phillip Castell\/DIA<\/p><\/div>\n<p>Los l\u00edderes de la iglesia mundial tambi\u00e9n participaron de campa\u00f1as de evangelizaci\u00f3n en las iglesias locales del Distrito de St. James y otras zonas de Jamaica occidental. Al mismo tiempo, 145 evangelistas visitantes de diversas partes de Interam\u00e9rica y Norteam\u00e9rica predicaron en otros lugares de Jamaica y la Uni\u00f3n del Caribe Atl\u00e1ntico, que abarca a Bahamas, las Islas Caim\u00e1n y las Islas Turcos y Caicos.<\/p>\n<p>Conrad Pitkin, de St. James, celebr\u00f3 la obra de la Iglesia Adventista para ministrar a los enfermos y mostrar la importancia de la buena salud.<\/p>\n<p>\u201cCelebro el compromiso y la dedicaci\u00f3n incuestionable de los miembros del equipo m\u00e9dico durante este emprendimiento [de la exposici\u00f3n de salud]\u201d, dijo Pitkin.<\/p>\n<p>Pitkin anim\u00f3 a los adventistas para que contin\u00faen produciendo un cambio positivo para ayudar a que los jamaiquinos sean m\u00e1s saludables y productivos para garantizar un futuro brillante en la naci\u00f3n.<\/p>\n<p><strong>Mensaje espiritual del s\u00e1bado<\/strong><\/p>\n<p>Ted N.C. Wilson, presidente de la Iglesia Adventista, ofreci\u00f3 el mensaje espiritual principal a la gran congregaci\u00f3n el s\u00e1bado 9 de febrero.<\/p>\n<div id=\"attachment_46814\" style=\"width: 810px\" class=\"wp-caption aligncenter\"><img loading=\"lazy\" decoding=\"async\" aria-describedby=\"caption-attachment-46814\" class=\" wp-image-46812\" src=\"https:\/\/recursing-golick.147-182-135-0.plesk.page\/wp-content\/uploads\/2019\/02\/tedwilson-ltm-jamaica.jpg\" alt=\"\" width=\"800\" height=\"505\" srcset=\"https:\/\/interamerica.org\/wp-content\/uploads\/2019\/02\/tedwilson-ltm-jamaica.jpg 1000w, https:\/\/interamerica.org\/wp-content\/uploads\/2019\/02\/tedwilson-ltm-jamaica-300x189.jpg 300w, https:\/\/interamerica.org\/wp-content\/uploads\/2019\/02\/tedwilson-ltm-jamaica-768x485.jpg 768w\" sizes=\"(max-width: 800px) 100vw, 800px\" \/><p id=\"caption-attachment-46814\" class=\"wp-caption-text\">El pastor Ted N.C. Wilson, presidente de la Iglesia Adventista mundial, habla a los miles de l\u00edderes, miembros e individuos listos para ser bautizados al final del programa sab\u00e1tico. Fotograf\u00eda de Phillip Castell\/DIA<\/p><\/div>\n<p>El pastor Wilson adapt\u00f3 su mensaje a las decenas de nuevos creyentes que tomaron la decisi\u00f3n de ser bautizados, y a los que a\u00fan se encuentran indecisos.<\/p>\n<p>\u201cEste es el comienzo de una nueva jornada, una jornada que no termina con el bautismo sino que marca el comienzo del servicio misionero\u201d, dijo Willson. \u201cSe nos dice en el esp\u00edritu de profec\u00eda que toda persona bautizada nace como misionero\u201d. El pastor Wilson anim\u00f3 a la congregaci\u00f3n para que se vuelva activa en la proclamaci\u00f3n del mensaje adventista, manteniendo el cielo a la vista y todo lo que la lleve m\u00e1s all\u00e1 de la segunda venida de Cristo, al reflexionar en el libro de Apocalipsis el cap\u00edtulo 21.<\/p>\n<p>El pastor Wilson desafi\u00f3 a cada persona de la audiencia y a los que segu\u00edan el programa en l\u00ednea para que marquen una diferencia en sus comunidades. \u201cSean de servicio a los dem\u00e1s, compartan su andar con Cristo y con los dem\u00e1s, proclamen el amor de Dios, su gran ley y su gracia, el mensaje de salud como un mensaje de restauraci\u00f3n [\u2026] se\u00f1alando el pronto regreso de Cristo\u201d, expres\u00f3.<\/p>\n<div id=\"attachment_46818\" style=\"width: 811px\" class=\"wp-caption aligncenter\"><img loading=\"lazy\" decoding=\"async\" aria-describedby=\"caption-attachment-46818\" class=\" wp-image-46816\" src=\"https:\/\/recursing-golick.147-182-135-0.plesk.page\/wp-content\/uploads\/2019\/02\/samuelsmiley-donnabrown.jpg\" alt=\"\" width=\"801\" height=\"560\" srcset=\"https:\/\/interamerica.org\/wp-content\/uploads\/2019\/02\/samuelsmiley-donnabrown.jpg 950w, https:\/\/interamerica.org\/wp-content\/uploads\/2019\/02\/samuelsmiley-donnabrown-300x210.jpg 300w, https:\/\/interamerica.org\/wp-content\/uploads\/2019\/02\/samuelsmiley-donnabrown-768x537.jpg 768w\" sizes=\"(max-width: 801px) 100vw, 801px\" \/><p id=\"caption-attachment-46818\" class=\"wp-caption-text\">Donna Brown (al centro), junto a su hija Aisha Bryce y Samuel Smiley, quienes dirigieron las clases de estudios b\u00edblicos en Kingston, Jamaica, antes de que decidiera ser bautizada, durante la Convenci\u00f3n de \u201cSe\u00f1or, transf\u00f3rmame\u201d en Montego Bay, Jamaica, el 9 de febrero de 2019. Fotograf\u00eda de Libna Stevens\/DIA<\/p><\/div>\n<p><strong>Los miembros de iglesia involucrados en el evangelismo<\/strong><\/p>\n<p>Donna Brown internaliz\u00f3 cada palabra mientras escuchaba el mensaje del pastor Wilson antes de ser bautizada. Brown, que es una madre sola de 52 a\u00f1os y tiene siete hijos, decidi\u00f3 hace poco aceptar a Cristo en su vida para siempre. Hab\u00eda crecido en la iglesia, pero la dej\u00f3 a los 18 a\u00f1os sin haber sido bautizada. \u201cEra el momento apropiado\u201d, dijo Brown. \u201cMe siento tan feliz de estar aqu\u00ed y de ver a tantos adventistas. Me siento ligera, como flotando entre nubes. S\u00e9 que Dios cuida de m\u00ed y de mi familia, y quiero que otros sepan cu\u00e1nto significa Jes\u00fas para m\u00ed\u201d.<\/p>\n<p>Brown acept\u00f3 a Jes\u00fas gracias a los esfuerzos dedicados de evangelizaci\u00f3n de Samuel Smiley, un vendedor de autos de Kingston, Jamaica, que invita a sus colegas y a personas de las comunidades cercanas a estudiar la Biblia en su empresa todos los martes por la noche. Brown es uno de muchos miembros de la comunidad que Smiley ha llevado a la iglesia. Brown ha estado asistiendo a la iglesia adventista Kencot en Kingston, y est\u00e1 ansioso de participar en el servicio a los seiscientos miembros de la congregaci\u00f3n.<\/p>\n<p>Implica lograr la participaci\u00f3n total de los miembros en la misi\u00f3n de la iglesia, dijo Braham al presentar a los miembros de iglesia activos en el escenario, que informaron de qu\u00e9 manera han estado testificando por Cristo y llevando a nuevos creyentes para que vivan el evangelio.<\/p>\n<div id=\"attachment_46823\" style=\"width: 811px\" class=\"wp-caption aligncenter\"><img loading=\"lazy\" decoding=\"async\" aria-describedby=\"caption-attachment-46823\" class=\" wp-image-46821\" src=\"https:\/\/recursing-golick.147-182-135-0.plesk.page\/wp-content\/uploads\/2019\/02\/elie-henry-ltm-jamaica-pc-1024x683.jpg\" alt=\"\" width=\"801\" height=\"534\" srcset=\"https:\/\/interamerica.org\/wp-content\/uploads\/2019\/02\/elie-henry-ltm-jamaica-pc-1024x683.jpg 1024w, https:\/\/interamerica.org\/wp-content\/uploads\/2019\/02\/elie-henry-ltm-jamaica-pc-300x200.jpg 300w, https:\/\/interamerica.org\/wp-content\/uploads\/2019\/02\/elie-henry-ltm-jamaica-pc-768x512.jpg 768w, https:\/\/interamerica.org\/wp-content\/uploads\/2019\/02\/elie-henry-ltm-jamaica-pc.jpg 1317w\" sizes=\"(max-width: 801px) 100vw, 801px\" \/><p id=\"caption-attachment-46823\" class=\"wp-caption-text\">El pastor Elie Henry, presidente de la Divisi\u00f3n Interamericana, habla a la congregaci\u00f3n sobre los tres principales objetivos en los que se enfocar\u00e1 la iglesia de la regi\u00f3n durante los pr\u00f3ximos dos a\u00f1os. Fotograf\u00eda de Phillip Castell\/DIA<\/p><\/div>\n<p><strong>Educaci\u00f3n, servicio comunitario y evangelismo<\/strong><\/p>\n<p>El pastor Elie Henry, presidente de la Divisi\u00f3n Interamericana, celebr\u00f3 la obra del vasto territorio por participar en la iniciativa \u201cSe\u00f1or, transf\u00f3rmame\u201d, que ha llevado a muchos a compartir la esperanza en sus comunidades y que result\u00f3 en tantos nuevos creyentes.<\/p>\n<p>\u201cNuestro objetivo es que cada miembro viva preparado para la segunda venida\u201d, dijo el pastor Henry. Henry destac\u00f3 los tres objetivos principales en los que seguir\u00e1 enfoc\u00e1ndose la Iglesia Adventista de Interam\u00e9rica durante los pr\u00f3ximos dos a\u00f1os: (1) Educaci\u00f3n: desarrollando el conocimiento y las habilidades en \u00e1reas espec\u00edficas para cumplir con una misi\u00f3n espec\u00edfica; y (2) Servicio comunitario: participar de manera activa en la obra comunitaria que responda a las necesidades sociales de las personas, para ayudar a una mejora en su calidad de vida; y (3) Evangelismo: que implica compartir a Cristo y prepararse para su segunda venida.<\/p>\n<p><strong>Impacto en Jamaica<\/strong><\/p>\n<p>El pastor Everett Brown, presidente de la Iglesia Adventista en Jamaica, present\u00f3 un informe durante el programa en vivo de los diversos ministerios de la iglesia que colaboraron para marcar un impacto en la vida de los habitantes del pa\u00eds.<\/p>\n<div id=\"attachment_46826\" style=\"width: 811px\" class=\"wp-caption aligncenter\"><img loading=\"lazy\" decoding=\"async\" aria-describedby=\"caption-attachment-46826\" class=\" wp-image-46824\" src=\"https:\/\/recursing-golick.147-182-135-0.plesk.page\/wp-content\/uploads\/2019\/02\/everettbrown-ltm-jamaica.jpg\" alt=\"\" width=\"801\" height=\"535\" srcset=\"https:\/\/interamerica.org\/wp-content\/uploads\/2019\/02\/everettbrown-ltm-jamaica.jpg 1000w, https:\/\/interamerica.org\/wp-content\/uploads\/2019\/02\/everettbrown-ltm-jamaica-300x200.jpg 300w, https:\/\/interamerica.org\/wp-content\/uploads\/2019\/02\/everettbrown-ltm-jamaica-768x513.jpg 768w\" sizes=\"(max-width: 801px) 100vw, 801px\" \/><p id=\"caption-attachment-46826\" class=\"wp-caption-text\">El pastor Everett Brown, presidente de la Iglesia Adventista en Jamaica, presenta un informe sobre los esfuerzos de evangelizaci\u00f3n y proyectos comunitarios de salud en la isla. Fotograf\u00eda de Michael Fletcher\/DIA<\/p><\/div>\n<p>\u201cBuscamos que todos nuestros miembros participen de la misi\u00f3n de la iglesia en el papel que juegan los ni\u00f1os, los j\u00f3venes, las mujeres, los hombres y las familias en la vida de la comunidad en la que presta servicios la Iglesia Adventista\u201d, dijo Brown.<\/p>\n<p>Los miembros de iglesia adoptaron \u201cMisi\u00f3n 2019\u201d, que se inici\u00f3 en octubre de 2018, participando de m\u00e1s de mil proyectos y exposiciones de salud en muchas de las 750 congregaciones de las islas, la Universidad Norte\u00f1a del Caribe, y el Hospital Andrews Memorial.<\/p>\n<p>La iglesia tambi\u00e9n se ha asociado con el Ministerio de Salud por medio de sus programas Jamaica Moves y Adopt-A-Clinic mientras busca hacer que Jamaica y los jamaiquinos sean m\u00e1s saludables y productivos.<\/p>\n<div id=\"attachment_46829\" style=\"width: 811px\" class=\"wp-caption aligncenter\"><img loading=\"lazy\" decoding=\"async\" aria-describedby=\"caption-attachment-46829\" class=\" wp-image-46827\" src=\"https:\/\/recursing-golick.147-182-135-0.plesk.page\/wp-content\/uploads\/2019\/02\/alban-francis-nenyc-ltm-jamaica.jpg\" alt=\"\" width=\"801\" height=\"535\" srcset=\"https:\/\/interamerica.org\/wp-content\/uploads\/2019\/02\/alban-francis-nenyc-ltm-jamaica.jpg 1000w, https:\/\/interamerica.org\/wp-content\/uploads\/2019\/02\/alban-francis-nenyc-ltm-jamaica-300x200.jpg 300w, https:\/\/interamerica.org\/wp-content\/uploads\/2019\/02\/alban-francis-nenyc-ltm-jamaica-768x513.jpg 768w\" sizes=\"(max-width: 801px) 100vw, 801px\" \/><p id=\"caption-attachment-46829\" class=\"wp-caption-text\">Alban Francis, que naci\u00f3 en la isla de Santa Luc\u00eda, viaj\u00f3 desde la Asociaci\u00f3n Noreste de Nueva York con su esposa Ver\u00f3nica para liderar una campa\u00f1a de evangelizaci\u00f3n en el distrito pastoral de Lucea, en Jamaica Occidental. Cientos de personas de diez iglesias se reunieron para reuniones vespertinas que para el 9 de febrero de 2019 hab\u00edan resultado en 75 bautismos. Fotograf\u00eda de Libna Stevens\/DIA<\/p><\/div>\n<p>\u201cNuestro objetivo es no solo responder a las necesidades de la gente sino guiar a las personas a Jes\u00fas\u201d, dijo Brown.<\/p>\n<p>Durante el mes de enero y febrero, se llevaron a cabo 210 campa\u00f1as de evangelizaci\u00f3n en toda Jamaica, lo que result\u00f3 en m\u00e1s de 2807 bautismos hasta el 9 de febrero. Se espera llevar m\u00e1s campa\u00f1as de evangelizaci\u00f3n en las pr\u00f3ximas semanas, dijeron los l\u00edderes locales de la iglesia.<\/p>\n<p>M\u00e1s de 140 evangelistas de la Divisi\u00f3n Interamericana y Norteam\u00e9rica predicaron durante el fin de las campa\u00f1as de evangelizaci\u00f3n en la semana del 2 al 9 de febrero en toda Jamaica y las islas del Caribe Atl\u00e1ntico. Seg\u00fan Braham, este a\u00f1o se han unido a la iglesia casi 23 mil nuevos miembros.<\/p>\n<div id=\"attachment_46836\" style=\"width: 815px\" class=\"wp-caption aligncenter\"><img loading=\"lazy\" decoding=\"async\" aria-describedby=\"caption-attachment-46836\" class=\" wp-image-46834\" src=\"https:\/\/recursing-golick.147-182-135-0.plesk.page\/wp-content\/uploads\/2019\/02\/ltm-wilson-stage-audience-2-1.jpg\" alt=\"\" width=\"805\" height=\"537\" srcset=\"https:\/\/interamerica.org\/wp-content\/uploads\/2019\/02\/ltm-wilson-stage-audience-2-1.jpg 1000w, https:\/\/interamerica.org\/wp-content\/uploads\/2019\/02\/ltm-wilson-stage-audience-2-1-300x200.jpg 300w, https:\/\/interamerica.org\/wp-content\/uploads\/2019\/02\/ltm-wilson-stage-audience-2-1-768x512.jpg 768w\" sizes=\"(max-width: 805px) 100vw, 805px\" \/><p id=\"caption-attachment-46836\" class=\"wp-caption-text\">El pastor Ted N.C. Wilson, presidente de la Iglesia Adventista, desaf\u00eda a la congregaci\u00f3n y a los que siguieron el programa en l\u00ednea para que marquen una diferencia en sus comunidades y gu\u00eden a las personas a la segunda venida de Cristo. Fotograf\u00eda de Karim Chambers\/DIA<\/p><\/div>\n<p>Los pastores de iglesia y los miembros activos contin\u00faan trabajando asiduamente con campa\u00f1as de evangelizaci\u00f3n en las pr\u00f3ximas semanas y meses, para as\u00ed alcanzar a m\u00e1s personas con el mensaje del evangelio, dijo Braham.<\/p>\n<p>Los l\u00edderes de la iglesia esperan que las cifras de bautismos lleguen a miles m\u00e1s para finales de marzo. \u201cCreemos que la iglesia est\u00e1 en camino de alcanzar m\u00e1s de 50 mil nuevos miembros\u201d, dijo Braham. Eso significa que se espera que se unan a la iglesia m\u00e1s de 27 mil m\u00e1s durante las pr\u00f3ximas seis semanas.<\/p>\n<p>La Divisi\u00f3n Interamericana llevar\u00e1 a cabo la Convenci\u00f3n \u201cSe\u00f1or, transf\u00f3rmame\u201d del a\u00f1o que viene en Centroam\u00e9rica en abril de 2020, y la sede principal ser\u00e1 en Costa Rica.<\/p>\n<div id=\"attachment_46841\" style=\"width: 811px\" class=\"wp-caption aligncenter\"><img loading=\"lazy\" decoding=\"async\" aria-describedby=\"caption-attachment-46841\" class=\" wp-image-46839\" src=\"https:\/\/recursing-golick.147-182-135-0.plesk.page\/wp-content\/uploads\/2019\/02\/ltm-westjamaica-choir.jpg\" alt=\"\" width=\"801\" height=\"534\" srcset=\"https:\/\/interamerica.org\/wp-content\/uploads\/2019\/02\/ltm-westjamaica-choir.jpg 1000w, https:\/\/interamerica.org\/wp-content\/uploads\/2019\/02\/ltm-westjamaica-choir-300x200.jpg 300w, https:\/\/interamerica.org\/wp-content\/uploads\/2019\/02\/ltm-westjamaica-choir-768x512.jpg 768w\" sizes=\"(max-width: 801px) 100vw, 801px\" \/><p id=\"caption-attachment-46841\" class=\"wp-caption-text\">El Coro de Jamaica Occidental canta el Aleluya de Handel durante el cierre de la Convenci\u00f3n \u201cSe\u00f1or, transf\u00f3rmame\u201d, el s\u00e1bado 9 de febrero de 2019. Fotograf\u00eda de Libna Stevens\/DIA<\/p><\/div>\n<p>Para saber m\u00e1s de las iniciativas y actividades de evangelismo en Interam\u00e9rica, vis\u00edtenos en <a href=\"https:\/\/recursing-golick.147-182-135-0.plesk.page\/\">interamerica.org<\/a><\/p>\n<p>Para ver la Convenci\u00f3n \u201cSe\u00f1or, transf\u00f3rmame\u201d en Jamaica, entre <a href=\"https:\/\/www.youtube.com\/watch?v=JTnBAYx2imE\">AQU\u00cd<\/a><\/p>\n<p>Vea una galer\u00eda de fotograf\u00edas <a href=\"https:\/\/www.flickr.com\/photos\/interamerica\/albums\/72157689584726243\/page6\/\">AQU\u00cd<\/a><\/p>\n<p>Traducci\u00f3n de Marcos Paseggi<\/p>\n","protected":false},"excerpt":{"rendered":"<p>13 de febrero de 2019 | Montego Bay, Jamaica | Libna Stevens\/DIA La Iglesia Adventista de Interam\u00e9rica celebr\u00f3 a lo grande en Jamaica, cuando m\u00e1s de ocho mil personas atestaron&#8230;<\/p>\n","protected":false},"author":3,"featured_media":46794,"comment_status":"open","ping_status":"closed","sticky":false,"template":"","format":"standard","meta":{"_acf_changed":false,"footnotes":""},"categories":[16,15],"tags":[],"class_list":["post-46861","post","type-post","status-publish","format-standard","has-post-thumbnail","hentry","category-desde-la-sede","category-rss-espanol"],"acf":[],"yoast_head":"<!-- This site is optimized with the Yoast SEO plugin v27.3 - https:\/\/yoast.com\/product\/yoast-seo-wordpress\/ -->\n<title>Interam\u00e9rica celebra ceremonia bautismal anual \u2018Se\u00f1or, transf\u00f3rmame\u201d en Jamaica - Iglesia Adventista del S\u00e9ptimo D\u00eda - Divisi\u00f3n Interamericana<\/title>\n<meta name=\"robots\" content=\"index, follow, max-snippet:-1, max-image-preview:large, max-video-preview:-1\" \/>\n<link rel=\"canonical\" href=\"https:\/\/interamerica.org\/es\/2019\/02\/interamerica-celebra-ceremonia-bautismal-anual-senor-transformame-en-jamaica\/\" \/>\n<meta property=\"og:locale\" content=\"es_ES\" \/>\n<meta property=\"og:type\" content=\"article\" \/>\n<meta property=\"og:title\" content=\"Interam\u00e9rica celebra ceremonia bautismal anual \u2018Se\u00f1or, transf\u00f3rmame\u201d en Jamaica - Iglesia Adventista del S\u00e9ptimo D\u00eda - Divisi\u00f3n Interamericana\" \/>\n<meta property=\"og:description\" content=\"13 de febrero de 2019 | Montego Bay, Jamaica | Libna Stevens\/DIA La Iglesia Adventista de Interam\u00e9rica celebr\u00f3 a lo grande en Jamaica, cuando m\u00e1s de ocho mil personas atestaron...\" \/>\n<meta property=\"og:url\" content=\"https:\/\/interamerica.org\/es\/2019\/02\/interamerica-celebra-ceremonia-bautismal-anual-senor-transformame-en-jamaica\/\" \/>\n<meta property=\"og:site_name\" content=\"Iglesia Adventista del S\u00e9ptimo D\u00eda - Divisi\u00f3n Interamericana\" \/>\n<meta property=\"article:published_time\" content=\"2019-02-13T20:24:05+00:00\" \/>\n<meta property=\"article:modified_time\" content=\"2019-02-14T16:40:40+00:00\" \/>\n<meta property=\"og:image\" content=\"https:\/\/interamerica.org\/wp-content\/uploads\/2019\/02\/ltm-jamaica-baptism-mariemahabee.jpg\" \/>\n\t<meta property=\"og:image:width\" content=\"950\" \/>\n\t<meta property=\"og:image:height\" content=\"633\" \/>\n\t<meta property=\"og:image:type\" content=\"image\/jpeg\" \/>\n<meta name=\"author\" content=\"libna\" \/>\n<meta name=\"twitter:card\" content=\"summary_large_image\" \/>\n<meta name=\"twitter:label1\" content=\"Escrito por\" \/>\n\t<meta name=\"twitter:data1\" content=\"libna\" \/>\n\t<meta name=\"twitter:label2\" content=\"Tiempo de lectura\" \/>\n\t<meta name=\"twitter:data2\" content=\"11 minutos\" \/>\n<script type=\"application\/ld+json\" class=\"yoast-schema-graph\">{\"@context\":\"https:\\\/\\\/schema.org\",\"@graph\":[{\"@type\":\"Article\",\"@id\":\"https:\\\/\\\/interamerica.org\\\/es\\\/2019\\\/02\\\/interamerica-celebra-ceremonia-bautismal-anual-senor-transformame-en-jamaica\\\/#article\",\"isPartOf\":{\"@id\":\"https:\\\/\\\/interamerica.org\\\/es\\\/2019\\\/02\\\/interamerica-celebra-ceremonia-bautismal-anual-senor-transformame-en-jamaica\\\/\"},\"author\":{\"name\":\"libna\",\"@id\":\"https:\\\/\\\/interamerica.org\\\/es\\\/#\\\/schema\\\/person\\\/29998f2bc2d8bd0d38662909289b54f1\"},\"headline\":\"Interam\u00e9rica celebra ceremonia bautismal anual \u2018Se\u00f1or, transf\u00f3rmame\u201d en Jamaica\",\"datePublished\":\"2019-02-13T20:24:05+00:00\",\"dateModified\":\"2019-02-14T16:40:40+00:00\",\"mainEntityOfPage\":{\"@id\":\"https:\\\/\\\/interamerica.org\\\/es\\\/2019\\\/02\\\/interamerica-celebra-ceremonia-bautismal-anual-senor-transformame-en-jamaica\\\/\"},\"wordCount\":2290,\"commentCount\":0,\"image\":{\"@id\":\"https:\\\/\\\/interamerica.org\\\/es\\\/2019\\\/02\\\/interamerica-celebra-ceremonia-bautismal-anual-senor-transformame-en-jamaica\\\/#primaryimage\"},\"thumbnailUrl\":\"https:\\\/\\\/interamerica.org\\\/wp-content\\\/uploads\\\/2019\\\/02\\\/ltm-jamaica-baptism-mariemahabee.jpg\",\"articleSection\":[\"Desde la sede\",\"RSS Espa\u00f1ol\"],\"inLanguage\":\"es\",\"potentialAction\":[{\"@type\":\"CommentAction\",\"name\":\"Comment\",\"target\":[\"https:\\\/\\\/interamerica.org\\\/es\\\/2019\\\/02\\\/interamerica-celebra-ceremonia-bautismal-anual-senor-transformame-en-jamaica\\\/#respond\"]}]},{\"@type\":\"WebPage\",\"@id\":\"https:\\\/\\\/interamerica.org\\\/es\\\/2019\\\/02\\\/interamerica-celebra-ceremonia-bautismal-anual-senor-transformame-en-jamaica\\\/\",\"url\":\"https:\\\/\\\/interamerica.org\\\/es\\\/2019\\\/02\\\/interamerica-celebra-ceremonia-bautismal-anual-senor-transformame-en-jamaica\\\/\",\"name\":\"Interam\u00e9rica celebra ceremonia bautismal anual \u2018Se\u00f1or, transf\u00f3rmame\u201d en Jamaica - Iglesia Adventista del S\u00e9ptimo D\u00eda - Divisi\u00f3n Interamericana\",\"isPartOf\":{\"@id\":\"https:\\\/\\\/interamerica.org\\\/es\\\/#website\"},\"primaryImageOfPage\":{\"@id\":\"https:\\\/\\\/interamerica.org\\\/es\\\/2019\\\/02\\\/interamerica-celebra-ceremonia-bautismal-anual-senor-transformame-en-jamaica\\\/#primaryimage\"},\"image\":{\"@id\":\"https:\\\/\\\/interamerica.org\\\/es\\\/2019\\\/02\\\/interamerica-celebra-ceremonia-bautismal-anual-senor-transformame-en-jamaica\\\/#primaryimage\"},\"thumbnailUrl\":\"https:\\\/\\\/interamerica.org\\\/wp-content\\\/uploads\\\/2019\\\/02\\\/ltm-jamaica-baptism-mariemahabee.jpg\",\"datePublished\":\"2019-02-13T20:24:05+00:00\",\"dateModified\":\"2019-02-14T16:40:40+00:00\",\"author\":{\"@id\":\"https:\\\/\\\/interamerica.org\\\/es\\\/#\\\/schema\\\/person\\\/29998f2bc2d8bd0d38662909289b54f1\"},\"breadcrumb\":{\"@id\":\"https:\\\/\\\/interamerica.org\\\/es\\\/2019\\\/02\\\/interamerica-celebra-ceremonia-bautismal-anual-senor-transformame-en-jamaica\\\/#breadcrumb\"},\"inLanguage\":\"es\",\"potentialAction\":[{\"@type\":\"ReadAction\",\"target\":[\"https:\\\/\\\/interamerica.org\\\/es\\\/2019\\\/02\\\/interamerica-celebra-ceremonia-bautismal-anual-senor-transformame-en-jamaica\\\/\"]}]},{\"@type\":\"ImageObject\",\"inLanguage\":\"es\",\"@id\":\"https:\\\/\\\/interamerica.org\\\/es\\\/2019\\\/02\\\/interamerica-celebra-ceremonia-bautismal-anual-senor-transformame-en-jamaica\\\/#primaryimage\",\"url\":\"https:\\\/\\\/interamerica.org\\\/wp-content\\\/uploads\\\/2019\\\/02\\\/ltm-jamaica-baptism-mariemahabee.jpg\",\"contentUrl\":\"https:\\\/\\\/interamerica.org\\\/wp-content\\\/uploads\\\/2019\\\/02\\\/ltm-jamaica-baptism-mariemahabee.jpg\",\"width\":950,\"height\":633,\"caption\":\"Fotograf\u00eda de Libna Stevens\\\/DIA\"},{\"@type\":\"BreadcrumbList\",\"@id\":\"https:\\\/\\\/interamerica.org\\\/es\\\/2019\\\/02\\\/interamerica-celebra-ceremonia-bautismal-anual-senor-transformame-en-jamaica\\\/#breadcrumb\",\"itemListElement\":[{\"@type\":\"ListItem\",\"position\":1,\"name\":\"Home\",\"item\":\"https:\\\/\\\/interamerica.org\\\/es\\\/\"},{\"@type\":\"ListItem\",\"position\":2,\"name\":\"Interam\u00e9rica celebra ceremonia bautismal anual \u2018Se\u00f1or, transf\u00f3rmame\u201d en Jamaica\"}]},{\"@type\":\"WebSite\",\"@id\":\"https:\\\/\\\/interamerica.org\\\/es\\\/#website\",\"url\":\"https:\\\/\\\/interamerica.org\\\/es\\\/\",\"name\":\"Iglesia Adventista del S\u00e9ptimo D\u00eda - Divisi\u00f3n Interamericana\",\"description\":\"\",\"potentialAction\":[{\"@type\":\"SearchAction\",\"target\":{\"@type\":\"EntryPoint\",\"urlTemplate\":\"https:\\\/\\\/interamerica.org\\\/es\\\/?s={search_term_string}\"},\"query-input\":{\"@type\":\"PropertyValueSpecification\",\"valueRequired\":true,\"valueName\":\"search_term_string\"}}],\"inLanguage\":\"es\"},{\"@type\":\"Person\",\"@id\":\"https:\\\/\\\/interamerica.org\\\/es\\\/#\\\/schema\\\/person\\\/29998f2bc2d8bd0d38662909289b54f1\",\"name\":\"libna\",\"image\":{\"@type\":\"ImageObject\",\"inLanguage\":\"es\",\"@id\":\"https:\\\/\\\/secure.gravatar.com\\\/avatar\\\/7c5bd30ae4b47a9ba3c856590957fd1d96dc588bf3ac05719d247e126840331f?s=96&d=mm&r=g\",\"url\":\"https:\\\/\\\/secure.gravatar.com\\\/avatar\\\/7c5bd30ae4b47a9ba3c856590957fd1d96dc588bf3ac05719d247e126840331f?s=96&d=mm&r=g\",\"contentUrl\":\"https:\\\/\\\/secure.gravatar.com\\\/avatar\\\/7c5bd30ae4b47a9ba3c856590957fd1d96dc588bf3ac05719d247e126840331f?s=96&d=mm&r=g\",\"caption\":\"libna\"}}]}<\/script>\n<!-- \/ Yoast SEO plugin. -->","yoast_head_json":{"title":"Interam\u00e9rica celebra ceremonia bautismal anual \u2018Se\u00f1or, transf\u00f3rmame\u201d en Jamaica - Iglesia Adventista del S\u00e9ptimo D\u00eda - Divisi\u00f3n Interamericana","robots":{"index":"index","follow":"follow","max-snippet":"max-snippet:-1","max-image-preview":"max-image-preview:large","max-video-preview":"max-video-preview:-1"},"canonical":"https:\/\/interamerica.org\/es\/2019\/02\/interamerica-celebra-ceremonia-bautismal-anual-senor-transformame-en-jamaica\/","og_locale":"es_ES","og_type":"article","og_title":"Interam\u00e9rica celebra ceremonia bautismal anual \u2018Se\u00f1or, transf\u00f3rmame\u201d en Jamaica - Iglesia Adventista del S\u00e9ptimo D\u00eda - Divisi\u00f3n Interamericana","og_description":"13 de febrero de 2019 | Montego Bay, Jamaica | Libna Stevens\/DIA La Iglesia Adventista de Interam\u00e9rica celebr\u00f3 a lo grande en Jamaica, cuando m\u00e1s de ocho mil personas atestaron...","og_url":"https:\/\/interamerica.org\/es\/2019\/02\/interamerica-celebra-ceremonia-bautismal-anual-senor-transformame-en-jamaica\/","og_site_name":"Iglesia Adventista del S\u00e9ptimo D\u00eda - Divisi\u00f3n Interamericana","article_published_time":"2019-02-13T20:24:05+00:00","article_modified_time":"2019-02-14T16:40:40+00:00","og_image":[{"width":950,"height":633,"url":"https:\/\/interamerica.org\/wp-content\/uploads\/2019\/02\/ltm-jamaica-baptism-mariemahabee.jpg","type":"image\/jpeg"}],"author":"libna","twitter_card":"summary_large_image","twitter_misc":{"Escrito por":"libna","Tiempo de lectura":"11 minutos"},"schema":{"@context":"https:\/\/schema.org","@graph":[{"@type":"Article","@id":"https:\/\/interamerica.org\/es\/2019\/02\/interamerica-celebra-ceremonia-bautismal-anual-senor-transformame-en-jamaica\/#article","isPartOf":{"@id":"https:\/\/interamerica.org\/es\/2019\/02\/interamerica-celebra-ceremonia-bautismal-anual-senor-transformame-en-jamaica\/"},"author":{"name":"libna","@id":"https:\/\/interamerica.org\/es\/#\/schema\/person\/29998f2bc2d8bd0d38662909289b54f1"},"headline":"Interam\u00e9rica celebra ceremonia bautismal anual \u2018Se\u00f1or, transf\u00f3rmame\u201d en Jamaica","datePublished":"2019-02-13T20:24:05+00:00","dateModified":"2019-02-14T16:40:40+00:00","mainEntityOfPage":{"@id":"https:\/\/interamerica.org\/es\/2019\/02\/interamerica-celebra-ceremonia-bautismal-anual-senor-transformame-en-jamaica\/"},"wordCount":2290,"commentCount":0,"image":{"@id":"https:\/\/interamerica.org\/es\/2019\/02\/interamerica-celebra-ceremonia-bautismal-anual-senor-transformame-en-jamaica\/#primaryimage"},"thumbnailUrl":"https:\/\/interamerica.org\/wp-content\/uploads\/2019\/02\/ltm-jamaica-baptism-mariemahabee.jpg","articleSection":["Desde la sede","RSS Espa\u00f1ol"],"inLanguage":"es","potentialAction":[{"@type":"CommentAction","name":"Comment","target":["https:\/\/interamerica.org\/es\/2019\/02\/interamerica-celebra-ceremonia-bautismal-anual-senor-transformame-en-jamaica\/#respond"]}]},{"@type":"WebPage","@id":"https:\/\/interamerica.org\/es\/2019\/02\/interamerica-celebra-ceremonia-bautismal-anual-senor-transformame-en-jamaica\/","url":"https:\/\/interamerica.org\/es\/2019\/02\/interamerica-celebra-ceremonia-bautismal-anual-senor-transformame-en-jamaica\/","name":"Interam\u00e9rica celebra ceremonia bautismal anual \u2018Se\u00f1or, transf\u00f3rmame\u201d en Jamaica - Iglesia Adventista del S\u00e9ptimo D\u00eda - Divisi\u00f3n Interamericana","isPartOf":{"@id":"https:\/\/interamerica.org\/es\/#website"},"primaryImageOfPage":{"@id":"https:\/\/interamerica.org\/es\/2019\/02\/interamerica-celebra-ceremonia-bautismal-anual-senor-transformame-en-jamaica\/#primaryimage"},"image":{"@id":"https:\/\/interamerica.org\/es\/2019\/02\/interamerica-celebra-ceremonia-bautismal-anual-senor-transformame-en-jamaica\/#primaryimage"},"thumbnailUrl":"https:\/\/interamerica.org\/wp-content\/uploads\/2019\/02\/ltm-jamaica-baptism-mariemahabee.jpg","datePublished":"2019-02-13T20:24:05+00:00","dateModified":"2019-02-14T16:40:40+00:00","author":{"@id":"https:\/\/interamerica.org\/es\/#\/schema\/person\/29998f2bc2d8bd0d38662909289b54f1"},"breadcrumb":{"@id":"https:\/\/interamerica.org\/es\/2019\/02\/interamerica-celebra-ceremonia-bautismal-anual-senor-transformame-en-jamaica\/#breadcrumb"},"inLanguage":"es","potentialAction":[{"@type":"ReadAction","target":["https:\/\/interamerica.org\/es\/2019\/02\/interamerica-celebra-ceremonia-bautismal-anual-senor-transformame-en-jamaica\/"]}]},{"@type":"ImageObject","inLanguage":"es","@id":"https:\/\/interamerica.org\/es\/2019\/02\/interamerica-celebra-ceremonia-bautismal-anual-senor-transformame-en-jamaica\/#primaryimage","url":"https:\/\/interamerica.org\/wp-content\/uploads\/2019\/02\/ltm-jamaica-baptism-mariemahabee.jpg","contentUrl":"https:\/\/interamerica.org\/wp-content\/uploads\/2019\/02\/ltm-jamaica-baptism-mariemahabee.jpg","width":950,"height":633,"caption":"Fotograf\u00eda de Libna Stevens\/DIA"},{"@type":"BreadcrumbList","@id":"https:\/\/interamerica.org\/es\/2019\/02\/interamerica-celebra-ceremonia-bautismal-anual-senor-transformame-en-jamaica\/#breadcrumb","itemListElement":[{"@type":"ListItem","position":1,"name":"Home","item":"https:\/\/interamerica.org\/es\/"},{"@type":"ListItem","position":2,"name":"Interam\u00e9rica celebra ceremonia bautismal anual \u2018Se\u00f1or, transf\u00f3rmame\u201d en Jamaica"}]},{"@type":"WebSite","@id":"https:\/\/interamerica.org\/es\/#website","url":"https:\/\/interamerica.org\/es\/","name":"Iglesia Adventista del S\u00e9ptimo D\u00eda - Divisi\u00f3n Interamericana","description":"","potentialAction":[{"@type":"SearchAction","target":{"@type":"EntryPoint","urlTemplate":"https:\/\/interamerica.org\/es\/?s={search_term_string}"},"query-input":{"@type":"PropertyValueSpecification","valueRequired":true,"valueName":"search_term_string"}}],"inLanguage":"es"},{"@type":"Person","@id":"https:\/\/interamerica.org\/es\/#\/schema\/person\/29998f2bc2d8bd0d38662909289b54f1","name":"libna","image":{"@type":"ImageObject","inLanguage":"es","@id":"https:\/\/secure.gravatar.com\/avatar\/7c5bd30ae4b47a9ba3c856590957fd1d96dc588bf3ac05719d247e126840331f?s=96&d=mm&r=g","url":"https:\/\/secure.gravatar.com\/avatar\/7c5bd30ae4b47a9ba3c856590957fd1d96dc588bf3ac05719d247e126840331f?s=96&d=mm&r=g","contentUrl":"https:\/\/secure.gravatar.com\/avatar\/7c5bd30ae4b47a9ba3c856590957fd1d96dc588bf3ac05719d247e126840331f?s=96&d=mm&r=g","caption":"libna"}}]}},"_links":{"self":[{"href":"https:\/\/interamerica.org\/es\/wp-json\/wp\/v2\/posts\/46861","targetHints":{"allow":["GET"]}}],"collection":[{"href":"https:\/\/interamerica.org\/es\/wp-json\/wp\/v2\/posts"}],"about":[{"href":"https:\/\/interamerica.org\/es\/wp-json\/wp\/v2\/types\/post"}],"author":[{"embeddable":true,"href":"https:\/\/interamerica.org\/es\/wp-json\/wp\/v2\/users\/3"}],"replies":[{"embeddable":true,"href":"https:\/\/interamerica.org\/es\/wp-json\/wp\/v2\/comments?post=46861"}],"version-history":[{"count":0,"href":"https:\/\/interamerica.org\/es\/wp-json\/wp\/v2\/posts\/46861\/revisions"}],"wp:featuredmedia":[{"embeddable":true,"href":"https:\/\/interamerica.org\/es\/wp-json\/wp\/v2\/media\/46794"}],"wp:attachment":[{"href":"https:\/\/interamerica.org\/es\/wp-json\/wp\/v2\/media?parent=46861"}],"wp:term":[{"taxonomy":"category","embeddable":true,"href":"https:\/\/interamerica.org\/es\/wp-json\/wp\/v2\/categories?post=46861"},{"taxonomy":"post_tag","embeddable":true,"href":"https:\/\/interamerica.org\/es\/wp-json\/wp\/v2\/tags?post=46861"}],"curies":[{"name":"wp","href":"https:\/\/api.w.org\/{rel}","templated":true}]}}