{"id":48602,"date":"2019-04-28T10:26:11","date_gmt":"2019-04-28T14:26:11","guid":{"rendered":"https:\/\/recursing-golick.147-182-135-0.plesk.page\/?p=48602"},"modified":"2019-04-28T14:49:18","modified_gmt":"2019-04-28T18:49:18","slug":"como-gastan-el-dinero-los-adventistas-segun-revista-financiera-de-primera-linea","status":"publish","type":"post","link":"https:\/\/interamerica.org\/es\/2019\/04\/como-gastan-el-dinero-los-adventistas-segun-revista-financiera-de-primera-linea\/","title":{"rendered":"C\u00f3mo gastan el dinero los adventistas, seg\u00fan revista financiera de primera l\u00ednea"},"content":{"rendered":"<p><span class=\"byline-news\">April 26, 2019 | Silver Spring, Maryland, Estados Unidos | Marcos Paseggi, <\/span><em><span class=\"byline-news\">Adventist Review<\/span><\/em><\/p>\n<p><span class=\"cap\">Una de las principales revistas financieras de los Estados Unidos public\u00f3 hace poco un informe sobre los adventistas del s\u00e9ptimo d\u00eda y su relaci\u00f3n con la salud y el dinero.<\/span><\/p>\n<p>El informe, que en ingl\u00e9s tiene 1900 palabras, fue publicado en la revista <em>Forbes<\/em> el 16 de abril de 2019 bajo el t\u00edtulo <a href=\"https:\/\/www.forbes.com\/sites\/nextavenue\/2019\/04\/16\/how-the-oldest-people-in-americas-blue-zone-make-their-money-last\/#147e6cec2a49\" target=\"_blank\" rel=\"noopener noreferrer\">\u201cC\u00f3mo las personas de m\u00e1s edad en la \u2018Zona Azul\u2019 de los Estados Unidos hacen para que les dure el dinero\u201d,<\/a> y firmado por el colaborador Richard Eisenberg.<\/p>\n<p>El autor visit\u00f3 Loma Linda, California, Estados Unidos, una de las as\u00ed llamadas \u201cZonas Azules\u201d, un t\u00e9rmino acu\u00f1ado por el redactor Dan Buettner, de la revista <em>National Geographic<\/em>, para designar \u201cn\u00facleos de longevidad\u201d en diversas partes del mundo. Loma Linda es considerado como uno de esos n\u00facleos, dado que un porcentaje significativo de los residentes se mantienen saludables y activos aun despu\u00e9s de los 80, 90 o m\u00e1s a\u00f1os. Muchos de esos residents son adventistas del s\u00e9ptimo d\u00eda, como lo reconoce el art\u00edculo.<\/p>\n<p>En su art\u00edculo, Eisenberg se refiere a la manera que tienen los adventistas de comer, trabajar, ejercitarse y mantenerse activos socialmente y \u2014de conformidad con el \u00e9nfasis de la revista <em>Forbes<\/em> en las finanzas e inversiones\u2014 c\u00f3mo ahorran y gastan el dinero, en especial despu\u00e9s de jubilarse.<\/p>\n<p><strong>M\u00e1s all\u00e1 de la dieta<\/strong><\/p>\n<p>No sorprende entonces que el art\u00edculo de <em>Forbes<\/em> menciona que los adventistas del s\u00e9ptimo d\u00eda, a quienes Eisenberg describe como \u201cllenos de energ\u00eda, optimistas y sociables\u201d, \u201cno suelen beber alcohol o fumar\u201d. Tambi\u00e9n menciona que \u201csuelen ser veganos y favorecer el consumo de nueces\u201d.<\/p>\n<p>El autor, sin embargo, no se espacia tanto en las elecciones alimentarias como en el \u00e9nfasis que dan muchos residentes al ejercicio, la recreaci\u00f3n y los v\u00ednculos sociales. Cita a Jarb Thaipejr, gerente de la Ciudad de Loma Linda, que le dijo: \u201cVitalidad es un buen t\u00e9rmino [para describir a los ancianos de Loma Linda]. Tienen una mentalidad diferente [\u2026]. En lugar de la competencia, se enfocan m\u00e1s en la comunidad, la compasi\u00f3n y la cooperaci\u00f3n\u201d.<\/p>\n<p>Eisenberg tambi\u00e9n cita a Michael Orlich, uno de los principales investigadores de lo que \u00e9l denomina \u201cel afamado Estudio Adventista de Salud de la Universidad de Loma Linda\u201d. Orlich se refiri\u00f3 en detalle a evidencias basadas en la investigaci\u00f3n que muestran una reducci\u00f3n en el riesgo de sufrir enfermedades tales como las afecciones cardiovasculares y varios tipos de c\u00e1ncer. O, como reconoci\u00f3 Orlich a Eisenberg, parece ser que los adventistas sufren algunas de esas afecciones a\u00f1os despu\u00e9s que la poblaci\u00f3n en general. \u201cParecen producirse m\u00e1s tarde\u201d, dijo Orlich.<\/p>\n<p><strong>Los adventistas y el dinero<\/strong><\/p>\n<p>De manera esperada, <em>Forbes<\/em> analiza la relaci\u00f3n de los adventistas con el dinero, en especial durante la jubilaci\u00f3n. Eisenberg menciona que en los Estados Unidos, quedarse sin dinero antes de morir ha sido se\u00f1alado hace poco como el temor n\u00famero uno que tienen las personas mayores.<\/p>\n<p>Los adventistas de Loma Linda, explic\u00f3 Eisenberg, suelen tener una actitud diferente. \u201cLa raz\u00f3n por la que no suelen preocuparse por quedarse sin dinero [\u2026] es que han ahorrado e invertido en forma diligente\u201d, escribi\u00f3.<\/p>\n<p>El art\u00edculo de <em>Forbes<\/em> tambi\u00e9n cita al pastor jubilado Dan Matthews, quien le explic\u00f3 a Eisenberg c\u00f3mo funcionan los diezmos y las ofrendas para los adventistas. \u201cNing\u00fan dinero que ganemos [\u2026] es totalmente nuestro; el noventa por ciento es nuestro, y el diez por ciento le pertenece a Dios\u201d, se dice que expres\u00f3 Matthews. \u201cSiempre devolvemos [\u2026] fielmente el diez por ciento de diezmo, que probablemente termina siendo m\u00e1s como un veinte por ciento\u201d.<\/p>\n<p>Eisenberg tambi\u00e9n enfatiza la frugalidad de los adventistas de Loma Linda, dado que no gastan en cigarrillos y alcohol, evitan comprar carne, a menudo cultivan sus propias frutas y verduras, y comen solo ocasionalmente en restaurantes.<\/p>\n<p><strong>La intersecci\u00f3n del dinero y la salud<\/strong><\/p>\n<p><em>Forbes<\/em> menciona la intersecci\u00f3n entre la salud y el dinero seg\u00fan se refleja en los adventistas de Loma Linda. La dieta y el ejercicio, explica el art\u00edculo, puede ayudar a mantener bajos los gastos de salud.<\/p>\n<p>El art\u00edculo tambi\u00e9n enfatiza el papel de los grupos de estudio de la Biblia y los c\u00edrculos de amigos entre los adventistas de Loma Linda, lo que, seg\u00fan Eisenberg, \u201cayuda a aliviar las preocupaciones financieras\u201d.<\/p>\n<p>\u201cLos adventistas de Loma Linda tienen a ser alegres y sociables, lo que reduce sus niveles de estr\u00e9s y, a su vez, sus costos de salud\u201d, escribe Eisenberg. Cita a Leland Juhl, un residente de Loma Linda de 94 a\u00f1os, quien dijo: \u201cEl estr\u00e9s definitivamente te mata; la oraci\u00f3n y la entrega de todos los problemas al Se\u00f1or reducen el estr\u00e9s\u201d.<\/p>\n<p><strong>Hay que imitar a los adventistas<\/strong><\/p>\n<p>El elogioso art\u00edculo de Eisenberg hace un llamado para que los lectores registren e imiten algunos de los h\u00e1bitos de vida sana y administraci\u00f3n del dinero que tienen los adventistas de Loma Linda.<\/p>\n<p>Comienza, enfatiz\u00f3, con cuidar de la salud personal. Seg\u00fan Eisenberg, es algo que no solo puede ahorrarnos miles de d\u00f3lares en costos de salud durante los a\u00f1os de jubilaci\u00f3n sino ayudarnos a ser m\u00e1s deliberados en nuestra planificaci\u00f3n financiera.<\/p>\n<p>\u201cComo las personas mayores de Loma Linda esperan ser longevos, planifican maneras intencionales de vivir bien y no quedarse sin dinero\u201d, escribi\u00f3 Eisenberg.<\/p>\n<p>Tambi\u00e9n llama a los lectores a imitar la laboriosidad de los adventistas, como manera de mantenerse en buen estado f\u00edsico y mental.<\/p>\n<p>\u201cTrabajar no solo brinda un ingreso sino que ayuda a mantenerse activo mentalmente, y eso es bueno para la salud\u201d, dijo seg\u00fan Eisenberg Bob Bass, un residente de Loma Linda que tiene 86 a\u00f1os.<\/p>\n<p>Es una laboriosidad, escribe Eisenberg, que incluye un necesario d\u00eda de descanso, dado que los adventistas de Loma Linda no trabajan desde la puesta de sol del viernes hasta la puesta de sol del s\u00e1bado.<\/p>\n<p>Eisenberg cree que una vida que cuida de la salud personal, el \u00e9nfasis en la conservaci\u00f3n y crecimiento de la red social, una planificaci\u00f3n cuidadosa de las inversiones, y el \u00f3ptimo aprovechamiento de las iniciativas del gobierno para los mayores pueden contribuir en gran manera a ayudar a que las personas vivan a pleno en sus a\u00f1os de jubilaci\u00f3n.<\/p>\n<p>Esas son cosas que \u201cpodr\u00edan ayudar a que las personas hagan durar el dinero no importa d\u00f3nde vivan\u201d, expres\u00f3.<\/p>\n<p>Traducci\u00f3n de Marcos Paseggi<\/p>\n","protected":false},"excerpt":{"rendered":"<p>April 26, 2019 | Silver Spring, Maryland, Estados Unidos | Marcos Paseggi, Adventist Review Una de las principales revistas financieras de los Estados Unidos public\u00f3 hace poco un informe sobre&#8230;<\/p>\n","protected":false},"author":3,"featured_media":48586,"comment_status":"open","ping_status":"closed","sticky":false,"template":"","format":"standard","meta":{"_acf_changed":false,"footnotes":""},"categories":[14,15],"tags":[],"class_list":["post-48602","post","type-post","status-publish","format-standard","has-post-thumbnail","hentry","category-de-la-iglesia-mundial","category-rss-espanol"],"acf":[],"yoast_head":"<!-- This site is optimized with the Yoast SEO plugin v27.3 - https:\/\/yoast.com\/product\/yoast-seo-wordpress\/ -->\n<title>C\u00f3mo gastan el dinero los adventistas, seg\u00fan revista financiera de primera l\u00ednea - Iglesia Adventista del S\u00e9ptimo D\u00eda - Divisi\u00f3n Interamericana<\/title>\n<meta name=\"robots\" content=\"index, follow, max-snippet:-1, max-image-preview:large, max-video-preview:-1\" \/>\n<link rel=\"canonical\" href=\"https:\/\/interamerica.org\/es\/2019\/04\/como-gastan-el-dinero-los-adventistas-segun-revista-financiera-de-primera-linea\/\" \/>\n<meta property=\"og:locale\" content=\"es_ES\" \/>\n<meta property=\"og:type\" content=\"article\" \/>\n<meta property=\"og:title\" content=\"C\u00f3mo gastan el dinero los adventistas, seg\u00fan revista financiera de primera l\u00ednea - Iglesia Adventista del S\u00e9ptimo D\u00eda - Divisi\u00f3n Interamericana\" \/>\n<meta property=\"og:description\" content=\"April 26, 2019 | Silver Spring, Maryland, Estados Unidos | Marcos Paseggi, Adventist Review Una de las principales revistas financieras de los Estados Unidos public\u00f3 hace poco un informe sobre...\" \/>\n<meta property=\"og:url\" content=\"https:\/\/interamerica.org\/es\/2019\/04\/como-gastan-el-dinero-los-adventistas-segun-revista-financiera-de-primera-linea\/\" \/>\n<meta property=\"og:site_name\" content=\"Iglesia Adventista del S\u00e9ptimo D\u00eda - Divisi\u00f3n Interamericana\" \/>\n<meta property=\"article:published_time\" content=\"2019-04-28T14:26:11+00:00\" \/>\n<meta property=\"article:modified_time\" content=\"2019-04-28T18:49:18+00:00\" \/>\n<meta property=\"og:image\" content=\"https:\/\/interamerica.org\/wp-content\/uploads\/2019\/04\/money-1280.jpg\" \/>\n\t<meta property=\"og:image:width\" content=\"1280\" \/>\n\t<meta property=\"og:image:height\" content=\"800\" \/>\n\t<meta property=\"og:image:type\" content=\"image\/jpeg\" \/>\n<meta name=\"author\" content=\"libna\" \/>\n<meta name=\"twitter:card\" content=\"summary_large_image\" \/>\n<meta name=\"twitter:label1\" content=\"Escrito por\" \/>\n\t<meta name=\"twitter:data1\" content=\"libna\" \/>\n\t<meta name=\"twitter:label2\" content=\"Tiempo de lectura\" \/>\n\t<meta name=\"twitter:data2\" content=\"6 minutos\" \/>\n<script type=\"application\/ld+json\" class=\"yoast-schema-graph\">{\"@context\":\"https:\\\/\\\/schema.org\",\"@graph\":[{\"@type\":\"Article\",\"@id\":\"https:\\\/\\\/interamerica.org\\\/es\\\/2019\\\/04\\\/como-gastan-el-dinero-los-adventistas-segun-revista-financiera-de-primera-linea\\\/#article\",\"isPartOf\":{\"@id\":\"https:\\\/\\\/interamerica.org\\\/es\\\/2019\\\/04\\\/como-gastan-el-dinero-los-adventistas-segun-revista-financiera-de-primera-linea\\\/\"},\"author\":{\"name\":\"libna\",\"@id\":\"https:\\\/\\\/interamerica.org\\\/es\\\/#\\\/schema\\\/person\\\/29998f2bc2d8bd0d38662909289b54f1\"},\"headline\":\"C\u00f3mo gastan el dinero los adventistas, seg\u00fan revista financiera de primera l\u00ednea\",\"datePublished\":\"2019-04-28T14:26:11+00:00\",\"dateModified\":\"2019-04-28T18:49:18+00:00\",\"mainEntityOfPage\":{\"@id\":\"https:\\\/\\\/interamerica.org\\\/es\\\/2019\\\/04\\\/como-gastan-el-dinero-los-adventistas-segun-revista-financiera-de-primera-linea\\\/\"},\"wordCount\":1134,\"commentCount\":0,\"image\":{\"@id\":\"https:\\\/\\\/interamerica.org\\\/es\\\/2019\\\/04\\\/como-gastan-el-dinero-los-adventistas-segun-revista-financiera-de-primera-linea\\\/#primaryimage\"},\"thumbnailUrl\":\"https:\\\/\\\/interamerica.org\\\/wp-content\\\/uploads\\\/2019\\\/04\\\/money-1280.jpg\",\"articleSection\":[\"Desde la iglesia mundial\",\"RSS Espa\u00f1ol\"],\"inLanguage\":\"es\",\"potentialAction\":[{\"@type\":\"CommentAction\",\"name\":\"Comment\",\"target\":[\"https:\\\/\\\/interamerica.org\\\/es\\\/2019\\\/04\\\/como-gastan-el-dinero-los-adventistas-segun-revista-financiera-de-primera-linea\\\/#respond\"]}]},{\"@type\":\"WebPage\",\"@id\":\"https:\\\/\\\/interamerica.org\\\/es\\\/2019\\\/04\\\/como-gastan-el-dinero-los-adventistas-segun-revista-financiera-de-primera-linea\\\/\",\"url\":\"https:\\\/\\\/interamerica.org\\\/es\\\/2019\\\/04\\\/como-gastan-el-dinero-los-adventistas-segun-revista-financiera-de-primera-linea\\\/\",\"name\":\"C\u00f3mo gastan el dinero los adventistas, seg\u00fan revista financiera de primera l\u00ednea - Iglesia Adventista del S\u00e9ptimo D\u00eda - Divisi\u00f3n Interamericana\",\"isPartOf\":{\"@id\":\"https:\\\/\\\/interamerica.org\\\/es\\\/#website\"},\"primaryImageOfPage\":{\"@id\":\"https:\\\/\\\/interamerica.org\\\/es\\\/2019\\\/04\\\/como-gastan-el-dinero-los-adventistas-segun-revista-financiera-de-primera-linea\\\/#primaryimage\"},\"image\":{\"@id\":\"https:\\\/\\\/interamerica.org\\\/es\\\/2019\\\/04\\\/como-gastan-el-dinero-los-adventistas-segun-revista-financiera-de-primera-linea\\\/#primaryimage\"},\"thumbnailUrl\":\"https:\\\/\\\/interamerica.org\\\/wp-content\\\/uploads\\\/2019\\\/04\\\/money-1280.jpg\",\"datePublished\":\"2019-04-28T14:26:11+00:00\",\"dateModified\":\"2019-04-28T18:49:18+00:00\",\"author\":{\"@id\":\"https:\\\/\\\/interamerica.org\\\/es\\\/#\\\/schema\\\/person\\\/29998f2bc2d8bd0d38662909289b54f1\"},\"breadcrumb\":{\"@id\":\"https:\\\/\\\/interamerica.org\\\/es\\\/2019\\\/04\\\/como-gastan-el-dinero-los-adventistas-segun-revista-financiera-de-primera-linea\\\/#breadcrumb\"},\"inLanguage\":\"es\",\"potentialAction\":[{\"@type\":\"ReadAction\",\"target\":[\"https:\\\/\\\/interamerica.org\\\/es\\\/2019\\\/04\\\/como-gastan-el-dinero-los-adventistas-segun-revista-financiera-de-primera-linea\\\/\"]}]},{\"@type\":\"ImageObject\",\"inLanguage\":\"es\",\"@id\":\"https:\\\/\\\/interamerica.org\\\/es\\\/2019\\\/04\\\/como-gastan-el-dinero-los-adventistas-segun-revista-financiera-de-primera-linea\\\/#primaryimage\",\"url\":\"https:\\\/\\\/interamerica.org\\\/wp-content\\\/uploads\\\/2019\\\/04\\\/money-1280.jpg\",\"contentUrl\":\"https:\\\/\\\/interamerica.org\\\/wp-content\\\/uploads\\\/2019\\\/04\\\/money-1280.jpg\",\"width\":1280,\"height\":800},{\"@type\":\"BreadcrumbList\",\"@id\":\"https:\\\/\\\/interamerica.org\\\/es\\\/2019\\\/04\\\/como-gastan-el-dinero-los-adventistas-segun-revista-financiera-de-primera-linea\\\/#breadcrumb\",\"itemListElement\":[{\"@type\":\"ListItem\",\"position\":1,\"name\":\"Home\",\"item\":\"https:\\\/\\\/interamerica.org\\\/es\\\/\"},{\"@type\":\"ListItem\",\"position\":2,\"name\":\"C\u00f3mo gastan el dinero los adventistas, seg\u00fan revista financiera de primera l\u00ednea\"}]},{\"@type\":\"WebSite\",\"@id\":\"https:\\\/\\\/interamerica.org\\\/es\\\/#website\",\"url\":\"https:\\\/\\\/interamerica.org\\\/es\\\/\",\"name\":\"Iglesia Adventista del S\u00e9ptimo D\u00eda - Divisi\u00f3n Interamericana\",\"description\":\"\",\"potentialAction\":[{\"@type\":\"SearchAction\",\"target\":{\"@type\":\"EntryPoint\",\"urlTemplate\":\"https:\\\/\\\/interamerica.org\\\/es\\\/?s={search_term_string}\"},\"query-input\":{\"@type\":\"PropertyValueSpecification\",\"valueRequired\":true,\"valueName\":\"search_term_string\"}}],\"inLanguage\":\"es\"},{\"@type\":\"Person\",\"@id\":\"https:\\\/\\\/interamerica.org\\\/es\\\/#\\\/schema\\\/person\\\/29998f2bc2d8bd0d38662909289b54f1\",\"name\":\"libna\",\"image\":{\"@type\":\"ImageObject\",\"inLanguage\":\"es\",\"@id\":\"https:\\\/\\\/secure.gravatar.com\\\/avatar\\\/7c5bd30ae4b47a9ba3c856590957fd1d96dc588bf3ac05719d247e126840331f?s=96&d=mm&r=g\",\"url\":\"https:\\\/\\\/secure.gravatar.com\\\/avatar\\\/7c5bd30ae4b47a9ba3c856590957fd1d96dc588bf3ac05719d247e126840331f?s=96&d=mm&r=g\",\"contentUrl\":\"https:\\\/\\\/secure.gravatar.com\\\/avatar\\\/7c5bd30ae4b47a9ba3c856590957fd1d96dc588bf3ac05719d247e126840331f?s=96&d=mm&r=g\",\"caption\":\"libna\"}}]}<\/script>\n<!-- \/ Yoast SEO plugin. -->","yoast_head_json":{"title":"C\u00f3mo gastan el dinero los adventistas, seg\u00fan revista financiera de primera l\u00ednea - Iglesia Adventista del S\u00e9ptimo D\u00eda - Divisi\u00f3n Interamericana","robots":{"index":"index","follow":"follow","max-snippet":"max-snippet:-1","max-image-preview":"max-image-preview:large","max-video-preview":"max-video-preview:-1"},"canonical":"https:\/\/interamerica.org\/es\/2019\/04\/como-gastan-el-dinero-los-adventistas-segun-revista-financiera-de-primera-linea\/","og_locale":"es_ES","og_type":"article","og_title":"C\u00f3mo gastan el dinero los adventistas, seg\u00fan revista financiera de primera l\u00ednea - Iglesia Adventista del S\u00e9ptimo D\u00eda - Divisi\u00f3n Interamericana","og_description":"April 26, 2019 | Silver Spring, Maryland, Estados Unidos | Marcos Paseggi, Adventist Review Una de las principales revistas financieras de los Estados Unidos public\u00f3 hace poco un informe sobre...","og_url":"https:\/\/interamerica.org\/es\/2019\/04\/como-gastan-el-dinero-los-adventistas-segun-revista-financiera-de-primera-linea\/","og_site_name":"Iglesia Adventista del S\u00e9ptimo D\u00eda - Divisi\u00f3n Interamericana","article_published_time":"2019-04-28T14:26:11+00:00","article_modified_time":"2019-04-28T18:49:18+00:00","og_image":[{"width":1280,"height":800,"url":"https:\/\/interamerica.org\/wp-content\/uploads\/2019\/04\/money-1280.jpg","type":"image\/jpeg"}],"author":"libna","twitter_card":"summary_large_image","twitter_misc":{"Escrito por":"libna","Tiempo de lectura":"6 minutos"},"schema":{"@context":"https:\/\/schema.org","@graph":[{"@type":"Article","@id":"https:\/\/interamerica.org\/es\/2019\/04\/como-gastan-el-dinero-los-adventistas-segun-revista-financiera-de-primera-linea\/#article","isPartOf":{"@id":"https:\/\/interamerica.org\/es\/2019\/04\/como-gastan-el-dinero-los-adventistas-segun-revista-financiera-de-primera-linea\/"},"author":{"name":"libna","@id":"https:\/\/interamerica.org\/es\/#\/schema\/person\/29998f2bc2d8bd0d38662909289b54f1"},"headline":"C\u00f3mo gastan el dinero los adventistas, seg\u00fan revista financiera de primera l\u00ednea","datePublished":"2019-04-28T14:26:11+00:00","dateModified":"2019-04-28T18:49:18+00:00","mainEntityOfPage":{"@id":"https:\/\/interamerica.org\/es\/2019\/04\/como-gastan-el-dinero-los-adventistas-segun-revista-financiera-de-primera-linea\/"},"wordCount":1134,"commentCount":0,"image":{"@id":"https:\/\/interamerica.org\/es\/2019\/04\/como-gastan-el-dinero-los-adventistas-segun-revista-financiera-de-primera-linea\/#primaryimage"},"thumbnailUrl":"https:\/\/interamerica.org\/wp-content\/uploads\/2019\/04\/money-1280.jpg","articleSection":["Desde la iglesia mundial","RSS Espa\u00f1ol"],"inLanguage":"es","potentialAction":[{"@type":"CommentAction","name":"Comment","target":["https:\/\/interamerica.org\/es\/2019\/04\/como-gastan-el-dinero-los-adventistas-segun-revista-financiera-de-primera-linea\/#respond"]}]},{"@type":"WebPage","@id":"https:\/\/interamerica.org\/es\/2019\/04\/como-gastan-el-dinero-los-adventistas-segun-revista-financiera-de-primera-linea\/","url":"https:\/\/interamerica.org\/es\/2019\/04\/como-gastan-el-dinero-los-adventistas-segun-revista-financiera-de-primera-linea\/","name":"C\u00f3mo gastan el dinero los adventistas, seg\u00fan revista financiera de primera l\u00ednea - Iglesia Adventista del S\u00e9ptimo D\u00eda - Divisi\u00f3n Interamericana","isPartOf":{"@id":"https:\/\/interamerica.org\/es\/#website"},"primaryImageOfPage":{"@id":"https:\/\/interamerica.org\/es\/2019\/04\/como-gastan-el-dinero-los-adventistas-segun-revista-financiera-de-primera-linea\/#primaryimage"},"image":{"@id":"https:\/\/interamerica.org\/es\/2019\/04\/como-gastan-el-dinero-los-adventistas-segun-revista-financiera-de-primera-linea\/#primaryimage"},"thumbnailUrl":"https:\/\/interamerica.org\/wp-content\/uploads\/2019\/04\/money-1280.jpg","datePublished":"2019-04-28T14:26:11+00:00","dateModified":"2019-04-28T18:49:18+00:00","author":{"@id":"https:\/\/interamerica.org\/es\/#\/schema\/person\/29998f2bc2d8bd0d38662909289b54f1"},"breadcrumb":{"@id":"https:\/\/interamerica.org\/es\/2019\/04\/como-gastan-el-dinero-los-adventistas-segun-revista-financiera-de-primera-linea\/#breadcrumb"},"inLanguage":"es","potentialAction":[{"@type":"ReadAction","target":["https:\/\/interamerica.org\/es\/2019\/04\/como-gastan-el-dinero-los-adventistas-segun-revista-financiera-de-primera-linea\/"]}]},{"@type":"ImageObject","inLanguage":"es","@id":"https:\/\/interamerica.org\/es\/2019\/04\/como-gastan-el-dinero-los-adventistas-segun-revista-financiera-de-primera-linea\/#primaryimage","url":"https:\/\/interamerica.org\/wp-content\/uploads\/2019\/04\/money-1280.jpg","contentUrl":"https:\/\/interamerica.org\/wp-content\/uploads\/2019\/04\/money-1280.jpg","width":1280,"height":800},{"@type":"BreadcrumbList","@id":"https:\/\/interamerica.org\/es\/2019\/04\/como-gastan-el-dinero-los-adventistas-segun-revista-financiera-de-primera-linea\/#breadcrumb","itemListElement":[{"@type":"ListItem","position":1,"name":"Home","item":"https:\/\/interamerica.org\/es\/"},{"@type":"ListItem","position":2,"name":"C\u00f3mo gastan el dinero los adventistas, seg\u00fan revista financiera de primera l\u00ednea"}]},{"@type":"WebSite","@id":"https:\/\/interamerica.org\/es\/#website","url":"https:\/\/interamerica.org\/es\/","name":"Iglesia Adventista del S\u00e9ptimo D\u00eda - Divisi\u00f3n Interamericana","description":"","potentialAction":[{"@type":"SearchAction","target":{"@type":"EntryPoint","urlTemplate":"https:\/\/interamerica.org\/es\/?s={search_term_string}"},"query-input":{"@type":"PropertyValueSpecification","valueRequired":true,"valueName":"search_term_string"}}],"inLanguage":"es"},{"@type":"Person","@id":"https:\/\/interamerica.org\/es\/#\/schema\/person\/29998f2bc2d8bd0d38662909289b54f1","name":"libna","image":{"@type":"ImageObject","inLanguage":"es","@id":"https:\/\/secure.gravatar.com\/avatar\/7c5bd30ae4b47a9ba3c856590957fd1d96dc588bf3ac05719d247e126840331f?s=96&d=mm&r=g","url":"https:\/\/secure.gravatar.com\/avatar\/7c5bd30ae4b47a9ba3c856590957fd1d96dc588bf3ac05719d247e126840331f?s=96&d=mm&r=g","contentUrl":"https:\/\/secure.gravatar.com\/avatar\/7c5bd30ae4b47a9ba3c856590957fd1d96dc588bf3ac05719d247e126840331f?s=96&d=mm&r=g","caption":"libna"}}]}},"_links":{"self":[{"href":"https:\/\/interamerica.org\/es\/wp-json\/wp\/v2\/posts\/48602","targetHints":{"allow":["GET"]}}],"collection":[{"href":"https:\/\/interamerica.org\/es\/wp-json\/wp\/v2\/posts"}],"about":[{"href":"https:\/\/interamerica.org\/es\/wp-json\/wp\/v2\/types\/post"}],"author":[{"embeddable":true,"href":"https:\/\/interamerica.org\/es\/wp-json\/wp\/v2\/users\/3"}],"replies":[{"embeddable":true,"href":"https:\/\/interamerica.org\/es\/wp-json\/wp\/v2\/comments?post=48602"}],"version-history":[{"count":0,"href":"https:\/\/interamerica.org\/es\/wp-json\/wp\/v2\/posts\/48602\/revisions"}],"wp:featuredmedia":[{"embeddable":true,"href":"https:\/\/interamerica.org\/es\/wp-json\/wp\/v2\/media\/48586"}],"wp:attachment":[{"href":"https:\/\/interamerica.org\/es\/wp-json\/wp\/v2\/media?parent=48602"}],"wp:term":[{"taxonomy":"category","embeddable":true,"href":"https:\/\/interamerica.org\/es\/wp-json\/wp\/v2\/categories?post=48602"},{"taxonomy":"post_tag","embeddable":true,"href":"https:\/\/interamerica.org\/es\/wp-json\/wp\/v2\/tags?post=48602"}],"curies":[{"name":"wp","href":"https:\/\/api.w.org\/{rel}","templated":true}]}}