{"id":50455,"date":"2019-07-23T21:00:59","date_gmt":"2019-07-24T01:00:59","guid":{"rendered":"https:\/\/recursing-golick.147-182-135-0.plesk.page\/?p=50455"},"modified":"2019-07-25T09:09:42","modified_gmt":"2019-07-25T13:09:42","slug":"centros-de-medios-adventistas-colaboran-en-nuevo-proyecto-internacional-transmedia","status":"publish","type":"post","link":"https:\/\/interamerica.org\/es\/2019\/07\/centros-de-medios-adventistas-colaboran-en-nuevo-proyecto-internacional-transmedia\/","title":{"rendered":"Centros de Medios Adventistas colaboran en nuevo proyecto internacional crossmedia"},"content":{"rendered":"<div id=\"attachment_50425\" style=\"width: 811px\" class=\"wp-caption aligncenter\"><img fetchpriority=\"high\" decoding=\"async\" aria-describedby=\"caption-attachment-50425\" class=\"wp-image-50423\" src=\"https:\/\/recursing-golick.147-182-135-0.plesk.page\/wp-content\/uploads\/2019\/07\/adrian-dure-uncertainty-project.jpg\" alt=\"\" width=\"801\" height=\"534\" srcset=\"https:\/\/interamerica.org\/wp-content\/uploads\/2019\/07\/adrian-dure-uncertainty-project.jpg 1000w, https:\/\/interamerica.org\/wp-content\/uploads\/2019\/07\/adrian-dure-uncertainty-project-300x200.jpg 300w, https:\/\/interamerica.org\/wp-content\/uploads\/2019\/07\/adrian-dure-uncertainty-project-768x512.jpg 768w\" sizes=\"(max-width: 801px) 100vw, 801px\" \/><p id=\"caption-attachment-50425\" class=\"wp-caption-text\">Adri\u00e1n Dur\u00e9, coordinador general de un nuevo proyecto internacional transmedia y director de documentales de Stimme der Hoffnung en Alemania, el Centro Europeo de Medios de la Iglesia Adventista, repasa la sesi\u00f3n de dos d\u00edas que reuni\u00f3 a profesionales adventistas y personal de medios para crear ideas y establecer estrategias de c\u00f3mo completar el proyecto para comienzos del pr\u00f3ximo a\u00f1o. Una decena de coordinadores de varias divisiones de la Iglesia Adventista se reunieron del 9-10 de julio, en la sede de la Divisi\u00f3n Interamericana en Miami, Florida, Estados Unidos. Fotograf\u00eda de Keila Trejo\/DIA<\/p><\/div>\n<p>23 de julio de 2019 | Miami, Florida, Estados Unidos | Libna Stevens, Divisi\u00f3n Interamericana<\/p>\n<p>Un grupo de profesionales de medios de la Iglesia Adventista proveniente de diversas partes del mundo se reuni\u00f3 hace poco para trabajar en un proyecto internacional crossmedia que busca traer esperanza a todo el que enfrente la incertidumbre en la vida. El grupo selecto de diversos centros de medios adventistas pas\u00f3 tiempo recolectando ideas, orando y dando forma al proyecto creativo, durante dos d\u00edas de reuniones en la sede de la Divisi\u00f3n Interamericana en Miami, Florida, Estados Unidos, del 9-10 de julio de 2019.<\/p>\n<p>\u201cLa incertidumbre es un tema existencial que se encuentra presente en la vida de toda persona hoy, m\u00e1s all\u00e1 de la raz\u00f3n o religi\u00f3n, por lo que tenemos una oportunidad de ayudar, guiar e inspirar a las audiencias, mostr\u00e1ndoles la importancia del mensaje de esperanza en el que vivimos\u201d, dijo Adri\u00e1n Dur\u00e9, coordinador general del proyecto crossmedia y director de documentales de Stimme der Hoffnung en Germany, el Centro Europeo de Medios de la Iglesia Adventista.<\/p>\n<div id=\"attachment_50419\" style=\"width: 812px\" class=\"wp-caption aligncenter\"><img decoding=\"async\" aria-describedby=\"caption-attachment-50419\" class=\" wp-image-50417\" src=\"https:\/\/recursing-golick.147-182-135-0.plesk.page\/wp-content\/uploads\/2019\/07\/uncertainty-film-3.jpg\" alt=\"\" width=\"802\" height=\"602\" srcset=\"https:\/\/interamerica.org\/wp-content\/uploads\/2019\/07\/uncertainty-film-3.jpg 950w, https:\/\/interamerica.org\/wp-content\/uploads\/2019\/07\/uncertainty-film-3-300x225.jpg 300w, https:\/\/interamerica.org\/wp-content\/uploads\/2019\/07\/uncertainty-film-3-768x576.jpg 768w\" sizes=\"(max-width: 802px) 100vw, 802px\" \/><p id=\"caption-attachment-50419\" class=\"wp-caption-text\">Un borrador del p\u00f3ster preliminar del pr\u00f3ximo proyecto de filme documental que recibi\u00f3 el t\u00edtulo de Incertidumbre. Los coordinadores de medios adventistas decidieron cambiar el t\u00edtulo a Incertidumbre en lugar de Incertidumbres. Imagen por cortes\u00eda de Adri\u00e1n Dur\u00e9<\/p><\/div>\n<p>El proyecto internacional transmedia se\u00f1alar\u00e1 de qu\u00e9 manera la incertidumbre juega una parte en la vida de varios individuos, las maneras de hacer frente a la incertidumbre y el crecimiento que puede producir como resultado, dijo Dur\u00e9. Tambi\u00e9n incluir\u00e1 varios tipos de proyectos de medios, lo que incluye un filme documental intercultural compuestos por historias de diversas regiones, un libro, una campa\u00f1a de videoclips para los medios sociales, y dos producciones especiales y exclusivas de la Divisi\u00f3n Norteamericana y la Divisi\u00f3n Sudamericana, todas entrelazadas con principios b\u00edblicos, dijo Dur\u00e9.<\/p>\n<p>\u201cVivir un d\u00eda a la vez<span style=\"text-decoration: line-through;\">,<\/span> se basa en los valores y principios b\u00edblicos\u201d, dijo Dur\u00e9. Saber que \u2018no estamos solos\u2019 en este mundo es otro principio b\u00edblico que el proyecto piensa destacar\u201d.<\/p>\n<p>El nuevo proyecto de la red sigue al proyecto crossmedia denominado <em>Padres<\/em>, un proyecto f\u00edlmico adventista de colaboraci\u00f3n de medios que destaca el papel de los padres, y que se estren\u00f3 a comienzos de este a\u00f1o en Am\u00e1n, Jordandia, durante la Conferencia de la Red Global Adventista de Internet (GAiN). Antes de <em>Padres<\/em> la red de medios sigui\u00f3 el mismo modelo de colaboraci\u00f3n entre los centros adventistas de medios denominado DESCANSO, que fue un documental sobre el s\u00e1bado.<\/p>\n<div id=\"attachment_50431\" style=\"width: 812px\" class=\"wp-caption aligncenter\"><img decoding=\"async\" aria-describedby=\"caption-attachment-50431\" class=\" wp-image-50429\" src=\"https:\/\/recursing-golick.147-182-135-0.plesk.page\/wp-content\/uploads\/2019\/07\/klaus-popa-uncertainty-project.jpg\" alt=\"\" width=\"802\" height=\"535\" srcset=\"https:\/\/interamerica.org\/wp-content\/uploads\/2019\/07\/klaus-popa-uncertainty-project.jpg 1000w, https:\/\/interamerica.org\/wp-content\/uploads\/2019\/07\/klaus-popa-uncertainty-project-300x200.jpg 300w, https:\/\/interamerica.org\/wp-content\/uploads\/2019\/07\/klaus-popa-uncertainty-project-768x512.jpg 768w\" sizes=\"(max-width: 802px) 100vw, 802px\" \/><p id=\"caption-attachment-50431\" class=\"wp-caption-text\">Klaus Popa, director del Centro de Medios Stimme der Hoffnung en Alemania, dirige una sesi\u00f3n grupal de recolecci\u00f3n de ideas, durante los dos d\u00edas de reuniones. Fotograf\u00eda de Keila Trejo\/DIA<\/p><\/div>\n<p>Dur\u00e9 dijo que el proyecto <em>Incertidumbre<\/em> de este a\u00f1o surgi\u00f3 de una sesi\u00f3n de recolecci\u00f3n de ideas durante el encuentro de GAiN Europa en Jordania, que reuni\u00f3 una lista de cien temas para la colaboraci\u00f3n de medios de este a\u00f1o. \u201cAnalizamos los temas en sesiones y reuniones grupales y acordamos desarrollar el tema de las incertidumbres como nuestro primer objetivo\u201d, expres\u00f3.<\/p>\n<p>El proyecto crossmedia internacional, de ocho meses de duraci\u00f3n, usa un estilo de colaboraci\u00f3n independiente, en el sentido que varios centros de medios producir\u00e1n historias que enriquecen la narraci\u00f3n del filme, dijo Dur\u00e9. Se espera que el proyecto se complete para marzo de 2020, a tiempo para la pr\u00f3xima Conferencia de GAiN Europa en abril del a\u00f1o que viene.<\/p>\n<p>\u201cAunque venimos de diferentes divisiones, estamos representando a los medios para llevar a cabo este proyecto crossmedia\u201d, dijo Klaus Popa, director del Centro de Medios Stimme der Hoffnung, y quien tambi\u00e9n coordina la ejecuci\u00f3n del proyecto transmedia \u2018<em>Incertidumbre\u2019<\/em>.<\/p>\n<div id=\"attachment_50428\" style=\"width: 815px\" class=\"wp-caption aligncenter\"><img loading=\"lazy\" decoding=\"async\" aria-describedby=\"caption-attachment-50428\" class=\"wp-image-50426\" src=\"https:\/\/recursing-golick.147-182-135-0.plesk.page\/wp-content\/uploads\/2019\/07\/rachel-scribner-uncertainty-project.jpg\" alt=\"\" width=\"805\" height=\"537\" srcset=\"https:\/\/interamerica.org\/wp-content\/uploads\/2019\/07\/rachel-scribner-uncertainty-project.jpg 1000w, https:\/\/interamerica.org\/wp-content\/uploads\/2019\/07\/rachel-scribner-uncertainty-project-300x200.jpg 300w, https:\/\/interamerica.org\/wp-content\/uploads\/2019\/07\/rachel-scribner-uncertainty-project-768x512.jpg 768w\" sizes=\"(max-width: 805px) 100vw, 805px\" \/><p id=\"caption-attachment-50428\" class=\"wp-caption-text\">Rachel Scribner, de la Divisi\u00f3n Norteamericana, informa sobre el proyecto del filme documental que se ocupar\u00e1 de las incertidumbres que enfrentan los estudiantes universitarios una vez que se grad\u00faan. Fotograf\u00eda de Keila Trejo\/DIA<\/p><\/div>\n<p>\u201cUstedes son un equipo central que lidera en el camino del servicio, trabajando juntos para mostrar que la incertidumbre es parte de la vida, que podemos tener fe mediante la incertidumbre, que Dios transforma ciertas incertidumbres en certidumbres y que cada momento de incertidumbre es una manera de crecer\u201d, se\u00f1al\u00f3 Popa al dirigir algunas de las sesiones grupales durante los dos d\u00edas de reuniones.<\/p>\n<p>Parte del proyecto de la red incluir\u00e1 historias y un breve filme producido por la Divisi\u00f3n Sudamericana, un breve filme documental de la Divisi\u00f3n Norteamericana sobre la incertidumbre que enfrentan los estudiantes, un libro sobre c\u00f3mo enfrentar la incertidumbre coordinado por Norel Iacob, editor principal de la revista Se\u00f1ales de los Tiempos en Rumania, y una serie de videoclips para televisi\u00f3n y plataformas de medios sociales coordinado por la Divisi\u00f3n Interamericana.<\/p>\n<p>\u201cMe gusta este esp\u00edritu de equipo\u201d, dijo Dur\u00e9. \u201cProvenimos de diferentes culturas y regiones y pensamos diferente, pero mediante este proyecto, estamos conectados, todos nosotros como obreros de Dios, como un equipo, que aspiramos a llegar a ser mejores personas en el futuro\u201d.<\/p>\n<div id=\"attachment_50437\" style=\"width: 812px\" class=\"wp-caption aligncenter\"><img loading=\"lazy\" decoding=\"async\" aria-describedby=\"caption-attachment-50437\" class=\" wp-image-50435\" src=\"https:\/\/recursing-golick.147-182-135-0.plesk.page\/wp-content\/uploads\/2019\/07\/williams-costa-uncertainty-project.jpg\" alt=\"\" width=\"802\" height=\"535\" srcset=\"https:\/\/interamerica.org\/wp-content\/uploads\/2019\/07\/williams-costa-uncertainty-project.jpg 1000w, https:\/\/interamerica.org\/wp-content\/uploads\/2019\/07\/williams-costa-uncertainty-project-300x200.jpg 300w, https:\/\/interamerica.org\/wp-content\/uploads\/2019\/07\/williams-costa-uncertainty-project-768x512.jpg 768w\" sizes=\"(max-width: 802px) 100vw, 802px\" \/><p id=\"caption-attachment-50437\" class=\"wp-caption-text\">El pastor Williams Costa, director de comunicaci\u00f3n de la Iglesia Adventista mundial, participa de la sesi\u00f3n de recolecci\u00f3n de ideas para el proyecto internacional crossmedia, el 9 de julio de 2019. Fotograf\u00eda de Keila Trejo\/DIA<\/p><\/div>\n<p>Los miembros del equipo para el proyecto crearon un cronograma, adem\u00e1s de estrategias de promoci\u00f3n y distribuci\u00f3n y maneras de incrementar la comunicaci\u00f3n entre los colaboradores, para hacer que este proyecto se haga realidad.<\/p>\n<p>\u201cEntusiasma realmente el hecho que podamos reunirnos todos juntos como socios, para lograr algo que individualmente no podr\u00edamos hacer, usando el medio f\u00edlmico y de publicaciones para conectarnos con una audiencia que hemos descuidado en el pasado\u201d, dijo Julio Mu\u00f1oz, director asociado de comunicaci\u00f3n de la Divisi\u00f3n Norteamericana. \u201cEstamos tan acostumbrados a trabajar con nuestras unidades, ciudades y territorios individuales que nos perdemos de trabajar con personas talentosas\u201d, dijo. Mu\u00f1oz est\u00e1 coordinando el filme documental con la coordinadora de producci\u00f3n Rachel Scribner y varios centros de medios de universidades adventistas de Norteam\u00e9rica.<\/p>\n<p>Para Abel M\u00e1rquez, director de comunicaci\u00f3n de la Divisi\u00f3n Interamericana, es algo que entusiasma colaborar juntos en semejante proyecto por medio de varios centros de medios del mundo y que est\u00e9 disponible en tantas plataformas. \u201cNos entusiasma ver de qu\u00e9 manera el lado t\u00e9cnico y el creativo se combinar\u00e1n en este proyecto y, lo que es m\u00e1s, que el mensaje del filme ser\u00e1 m\u00e1s accesible y tendr\u00e1 mayor alcance para muchas personas\u201d, expres\u00f3. M\u00e1rquez est\u00e1 coordinando la campa\u00f1a global de videoclips, junto con Jorge D\u00edaz Rinc\u00f3n, de la Universidad de Montemorelos, y los muchos centros de producci\u00f3n en todo el territorio de Interam\u00e9rica.<\/p>\n<div id=\"attachment_50440\" style=\"width: 815px\" class=\"wp-caption aligncenter\"><img loading=\"lazy\" decoding=\"async\" aria-describedby=\"caption-attachment-50440\" class=\" wp-image-50438\" src=\"https:\/\/recursing-golick.147-182-135-0.plesk.page\/wp-content\/uploads\/2019\/07\/norel-lacob-uncertainty-project.jpg\" alt=\"\" width=\"805\" height=\"564\" srcset=\"https:\/\/interamerica.org\/wp-content\/uploads\/2019\/07\/norel-lacob-uncertainty-project.jpg 1000w, https:\/\/interamerica.org\/wp-content\/uploads\/2019\/07\/norel-lacob-uncertainty-project-300x210.jpg 300w, https:\/\/interamerica.org\/wp-content\/uploads\/2019\/07\/norel-lacob-uncertainty-project-768x538.jpg 768w\" sizes=\"(max-width: 805px) 100vw, 805px\" \/><p id=\"caption-attachment-50440\" class=\"wp-caption-text\">Norel lacob, editor principal de la revista Se\u00f1ales de los Tiempos en Rumania, comparte lo que implicar\u00e1 coordinar el libro del proyecto, tarea que estar\u00e1 a su cargo. Fotograf\u00eda de Keila Trejo\/DIA<\/p><\/div>\n<p>En las pr\u00f3ximas semanas, investigadores, escritores, entrevistadores y narradores participar\u00e1n del proyecto crossmedia, dijo Dur\u00e9.<\/p>\n<p>El proyecto pondr\u00e1 sus recursos a disposici\u00f3n de las entidades de medios adventistas, sus ministerios de medios, y las estaciones de Hope Channel en diversas partes del mundo.<\/p>\n<p>Para ver un \u00e1lbum de fotograf\u00edas de las sesiones del proyecto internacional crossmedia en la Divisi\u00f3n Interamericana, entre <a href=\"https:\/\/www.flickr.com\/photos\/interamerica\/albums\/72157709662972086\/with\/48292550896\/\">AQU\u00cd<\/a><\/p>\n<div id=\"attachment_50434\" style=\"width: 1034px\" class=\"wp-caption aligncenter\"><img loading=\"lazy\" decoding=\"async\" aria-describedby=\"caption-attachment-50434\" class=\"size-large wp-image-50432\" src=\"https:\/\/recursing-golick.147-182-135-0.plesk.page\/wp-content\/uploads\/2019\/07\/uncertainty-groupshot-1024x478.jpg\" alt=\"\" width=\"1024\" height=\"478\" srcset=\"https:\/\/interamerica.org\/wp-content\/uploads\/2019\/07\/uncertainty-groupshot-1024x478.jpg 1024w, https:\/\/interamerica.org\/wp-content\/uploads\/2019\/07\/uncertainty-groupshot-300x140.jpg 300w, https:\/\/interamerica.org\/wp-content\/uploads\/2019\/07\/uncertainty-groupshot-768x358.jpg 768w, https:\/\/interamerica.org\/wp-content\/uploads\/2019\/07\/uncertainty-groupshot.jpg 1200w\" sizes=\"(max-width: 1024px) 100vw, 1024px\" \/><p id=\"caption-attachment-50434\" class=\"wp-caption-text\">Foto grupal de los dos d\u00edas de sesiones del proyecto crossmedia Incertidumbre, en Miami, Florida, Estados Unidos, del 9-10 de julio de 2019. Fotograf\u00eda de Jos\u00e9 Romero\/DIA<\/p><\/div>\n<p>Traducci\u00f3n de Marcos Paseggi<\/p>\n","protected":false},"excerpt":{"rendered":"<p>23 de julio de 2019 | Miami, Florida, Estados Unidos | Libna Stevens, Divisi\u00f3n Interamericana Un grupo de profesionales de medios de la Iglesia Adventista proveniente de diversas partes del&#8230;<\/p>\n","protected":false},"author":3,"featured_media":50425,"comment_status":"open","ping_status":"closed","sticky":false,"template":"","format":"standard","meta":{"_acf_changed":false,"footnotes":""},"categories":[16,15],"tags":[],"class_list":["post-50455","post","type-post","status-publish","format-standard","has-post-thumbnail","hentry","category-desde-la-sede","category-rss-espanol"],"acf":[],"yoast_head":"<!-- This site is optimized with the Yoast SEO plugin v27.3 - https:\/\/yoast.com\/product\/yoast-seo-wordpress\/ -->\n<title>Centros de Medios Adventistas colaboran en nuevo proyecto internacional crossmedia - Iglesia Adventista del S\u00e9ptimo D\u00eda - Divisi\u00f3n Interamericana<\/title>\n<meta name=\"robots\" content=\"index, follow, max-snippet:-1, max-image-preview:large, max-video-preview:-1\" \/>\n<link rel=\"canonical\" href=\"https:\/\/interamerica.org\/es\/2019\/07\/centros-de-medios-adventistas-colaboran-en-nuevo-proyecto-internacional-transmedia\/\" \/>\n<meta property=\"og:locale\" content=\"es_ES\" \/>\n<meta property=\"og:type\" content=\"article\" \/>\n<meta property=\"og:title\" content=\"Centros de Medios Adventistas colaboran en nuevo proyecto internacional crossmedia - Iglesia Adventista del S\u00e9ptimo D\u00eda - Divisi\u00f3n Interamericana\" \/>\n<meta property=\"og:description\" content=\"23 de julio de 2019 | Miami, Florida, Estados Unidos | Libna Stevens, Divisi\u00f3n Interamericana Un grupo de profesionales de medios de la Iglesia Adventista proveniente de diversas partes del...\" \/>\n<meta property=\"og:url\" content=\"https:\/\/interamerica.org\/es\/2019\/07\/centros-de-medios-adventistas-colaboran-en-nuevo-proyecto-internacional-transmedia\/\" \/>\n<meta property=\"og:site_name\" content=\"Iglesia Adventista del S\u00e9ptimo D\u00eda - Divisi\u00f3n Interamericana\" \/>\n<meta property=\"article:published_time\" content=\"2019-07-24T01:00:59+00:00\" \/>\n<meta property=\"article:modified_time\" content=\"2019-07-25T13:09:42+00:00\" \/>\n<meta property=\"og:image\" content=\"https:\/\/interamerica.org\/wp-content\/uploads\/2019\/07\/adrian-dure-uncertainty-project.jpg\" \/>\n\t<meta property=\"og:image:width\" content=\"1000\" \/>\n\t<meta property=\"og:image:height\" content=\"667\" \/>\n\t<meta property=\"og:image:type\" content=\"image\/jpeg\" \/>\n<meta name=\"author\" content=\"libna\" \/>\n<meta name=\"twitter:card\" content=\"summary_large_image\" \/>\n<meta name=\"twitter:label1\" content=\"Escrito por\" \/>\n\t<meta name=\"twitter:data1\" content=\"libna\" \/>\n\t<meta name=\"twitter:label2\" content=\"Tiempo de lectura\" \/>\n\t<meta name=\"twitter:data2\" content=\"7 minutos\" \/>\n<script type=\"application\/ld+json\" class=\"yoast-schema-graph\">{\"@context\":\"https:\\\/\\\/schema.org\",\"@graph\":[{\"@type\":\"Article\",\"@id\":\"https:\\\/\\\/interamerica.org\\\/es\\\/2019\\\/07\\\/centros-de-medios-adventistas-colaboran-en-nuevo-proyecto-internacional-transmedia\\\/#article\",\"isPartOf\":{\"@id\":\"https:\\\/\\\/interamerica.org\\\/es\\\/2019\\\/07\\\/centros-de-medios-adventistas-colaboran-en-nuevo-proyecto-internacional-transmedia\\\/\"},\"author\":{\"name\":\"libna\",\"@id\":\"https:\\\/\\\/interamerica.org\\\/es\\\/#\\\/schema\\\/person\\\/29998f2bc2d8bd0d38662909289b54f1\"},\"headline\":\"Centros de Medios Adventistas colaboran en nuevo proyecto internacional crossmedia\",\"datePublished\":\"2019-07-24T01:00:59+00:00\",\"dateModified\":\"2019-07-25T13:09:42+00:00\",\"mainEntityOfPage\":{\"@id\":\"https:\\\/\\\/interamerica.org\\\/es\\\/2019\\\/07\\\/centros-de-medios-adventistas-colaboran-en-nuevo-proyecto-internacional-transmedia\\\/\"},\"wordCount\":1455,\"commentCount\":0,\"image\":{\"@id\":\"https:\\\/\\\/interamerica.org\\\/es\\\/2019\\\/07\\\/centros-de-medios-adventistas-colaboran-en-nuevo-proyecto-internacional-transmedia\\\/#primaryimage\"},\"thumbnailUrl\":\"https:\\\/\\\/interamerica.org\\\/wp-content\\\/uploads\\\/2019\\\/07\\\/adrian-dure-uncertainty-project.jpg\",\"articleSection\":[\"Desde la sede\",\"RSS Espa\u00f1ol\"],\"inLanguage\":\"es\",\"potentialAction\":[{\"@type\":\"CommentAction\",\"name\":\"Comment\",\"target\":[\"https:\\\/\\\/interamerica.org\\\/es\\\/2019\\\/07\\\/centros-de-medios-adventistas-colaboran-en-nuevo-proyecto-internacional-transmedia\\\/#respond\"]}]},{\"@type\":\"WebPage\",\"@id\":\"https:\\\/\\\/interamerica.org\\\/es\\\/2019\\\/07\\\/centros-de-medios-adventistas-colaboran-en-nuevo-proyecto-internacional-transmedia\\\/\",\"url\":\"https:\\\/\\\/interamerica.org\\\/es\\\/2019\\\/07\\\/centros-de-medios-adventistas-colaboran-en-nuevo-proyecto-internacional-transmedia\\\/\",\"name\":\"Centros de Medios Adventistas colaboran en nuevo proyecto internacional crossmedia - Iglesia Adventista del S\u00e9ptimo D\u00eda - Divisi\u00f3n Interamericana\",\"isPartOf\":{\"@id\":\"https:\\\/\\\/interamerica.org\\\/es\\\/#website\"},\"primaryImageOfPage\":{\"@id\":\"https:\\\/\\\/interamerica.org\\\/es\\\/2019\\\/07\\\/centros-de-medios-adventistas-colaboran-en-nuevo-proyecto-internacional-transmedia\\\/#primaryimage\"},\"image\":{\"@id\":\"https:\\\/\\\/interamerica.org\\\/es\\\/2019\\\/07\\\/centros-de-medios-adventistas-colaboran-en-nuevo-proyecto-internacional-transmedia\\\/#primaryimage\"},\"thumbnailUrl\":\"https:\\\/\\\/interamerica.org\\\/wp-content\\\/uploads\\\/2019\\\/07\\\/adrian-dure-uncertainty-project.jpg\",\"datePublished\":\"2019-07-24T01:00:59+00:00\",\"dateModified\":\"2019-07-25T13:09:42+00:00\",\"author\":{\"@id\":\"https:\\\/\\\/interamerica.org\\\/es\\\/#\\\/schema\\\/person\\\/29998f2bc2d8bd0d38662909289b54f1\"},\"breadcrumb\":{\"@id\":\"https:\\\/\\\/interamerica.org\\\/es\\\/2019\\\/07\\\/centros-de-medios-adventistas-colaboran-en-nuevo-proyecto-internacional-transmedia\\\/#breadcrumb\"},\"inLanguage\":\"es\",\"potentialAction\":[{\"@type\":\"ReadAction\",\"target\":[\"https:\\\/\\\/interamerica.org\\\/es\\\/2019\\\/07\\\/centros-de-medios-adventistas-colaboran-en-nuevo-proyecto-internacional-transmedia\\\/\"]}]},{\"@type\":\"ImageObject\",\"inLanguage\":\"es\",\"@id\":\"https:\\\/\\\/interamerica.org\\\/es\\\/2019\\\/07\\\/centros-de-medios-adventistas-colaboran-en-nuevo-proyecto-internacional-transmedia\\\/#primaryimage\",\"url\":\"https:\\\/\\\/interamerica.org\\\/wp-content\\\/uploads\\\/2019\\\/07\\\/adrian-dure-uncertainty-project.jpg\",\"contentUrl\":\"https:\\\/\\\/interamerica.org\\\/wp-content\\\/uploads\\\/2019\\\/07\\\/adrian-dure-uncertainty-project.jpg\",\"width\":1000,\"height\":667,\"caption\":\"Fotograf\u00eda de Keila Trejo\\\/DIA\"},{\"@type\":\"BreadcrumbList\",\"@id\":\"https:\\\/\\\/interamerica.org\\\/es\\\/2019\\\/07\\\/centros-de-medios-adventistas-colaboran-en-nuevo-proyecto-internacional-transmedia\\\/#breadcrumb\",\"itemListElement\":[{\"@type\":\"ListItem\",\"position\":1,\"name\":\"Home\",\"item\":\"https:\\\/\\\/interamerica.org\\\/es\\\/\"},{\"@type\":\"ListItem\",\"position\":2,\"name\":\"Centros de Medios Adventistas colaboran en nuevo proyecto internacional crossmedia\"}]},{\"@type\":\"WebSite\",\"@id\":\"https:\\\/\\\/interamerica.org\\\/es\\\/#website\",\"url\":\"https:\\\/\\\/interamerica.org\\\/es\\\/\",\"name\":\"Iglesia Adventista del S\u00e9ptimo D\u00eda - Divisi\u00f3n Interamericana\",\"description\":\"\",\"potentialAction\":[{\"@type\":\"SearchAction\",\"target\":{\"@type\":\"EntryPoint\",\"urlTemplate\":\"https:\\\/\\\/interamerica.org\\\/es\\\/?s={search_term_string}\"},\"query-input\":{\"@type\":\"PropertyValueSpecification\",\"valueRequired\":true,\"valueName\":\"search_term_string\"}}],\"inLanguage\":\"es\"},{\"@type\":\"Person\",\"@id\":\"https:\\\/\\\/interamerica.org\\\/es\\\/#\\\/schema\\\/person\\\/29998f2bc2d8bd0d38662909289b54f1\",\"name\":\"libna\",\"image\":{\"@type\":\"ImageObject\",\"inLanguage\":\"es\",\"@id\":\"https:\\\/\\\/secure.gravatar.com\\\/avatar\\\/7c5bd30ae4b47a9ba3c856590957fd1d96dc588bf3ac05719d247e126840331f?s=96&d=mm&r=g\",\"url\":\"https:\\\/\\\/secure.gravatar.com\\\/avatar\\\/7c5bd30ae4b47a9ba3c856590957fd1d96dc588bf3ac05719d247e126840331f?s=96&d=mm&r=g\",\"contentUrl\":\"https:\\\/\\\/secure.gravatar.com\\\/avatar\\\/7c5bd30ae4b47a9ba3c856590957fd1d96dc588bf3ac05719d247e126840331f?s=96&d=mm&r=g\",\"caption\":\"libna\"}}]}<\/script>\n<!-- \/ Yoast SEO plugin. -->","yoast_head_json":{"title":"Centros de Medios Adventistas colaboran en nuevo proyecto internacional crossmedia - Iglesia Adventista del S\u00e9ptimo D\u00eda - Divisi\u00f3n Interamericana","robots":{"index":"index","follow":"follow","max-snippet":"max-snippet:-1","max-image-preview":"max-image-preview:large","max-video-preview":"max-video-preview:-1"},"canonical":"https:\/\/interamerica.org\/es\/2019\/07\/centros-de-medios-adventistas-colaboran-en-nuevo-proyecto-internacional-transmedia\/","og_locale":"es_ES","og_type":"article","og_title":"Centros de Medios Adventistas colaboran en nuevo proyecto internacional crossmedia - Iglesia Adventista del S\u00e9ptimo D\u00eda - Divisi\u00f3n Interamericana","og_description":"23 de julio de 2019 | Miami, Florida, Estados Unidos | Libna Stevens, Divisi\u00f3n Interamericana Un grupo de profesionales de medios de la Iglesia Adventista proveniente de diversas partes del...","og_url":"https:\/\/interamerica.org\/es\/2019\/07\/centros-de-medios-adventistas-colaboran-en-nuevo-proyecto-internacional-transmedia\/","og_site_name":"Iglesia Adventista del S\u00e9ptimo D\u00eda - Divisi\u00f3n Interamericana","article_published_time":"2019-07-24T01:00:59+00:00","article_modified_time":"2019-07-25T13:09:42+00:00","og_image":[{"width":1000,"height":667,"url":"https:\/\/interamerica.org\/wp-content\/uploads\/2019\/07\/adrian-dure-uncertainty-project.jpg","type":"image\/jpeg"}],"author":"libna","twitter_card":"summary_large_image","twitter_misc":{"Escrito por":"libna","Tiempo de lectura":"7 minutos"},"schema":{"@context":"https:\/\/schema.org","@graph":[{"@type":"Article","@id":"https:\/\/interamerica.org\/es\/2019\/07\/centros-de-medios-adventistas-colaboran-en-nuevo-proyecto-internacional-transmedia\/#article","isPartOf":{"@id":"https:\/\/interamerica.org\/es\/2019\/07\/centros-de-medios-adventistas-colaboran-en-nuevo-proyecto-internacional-transmedia\/"},"author":{"name":"libna","@id":"https:\/\/interamerica.org\/es\/#\/schema\/person\/29998f2bc2d8bd0d38662909289b54f1"},"headline":"Centros de Medios Adventistas colaboran en nuevo proyecto internacional crossmedia","datePublished":"2019-07-24T01:00:59+00:00","dateModified":"2019-07-25T13:09:42+00:00","mainEntityOfPage":{"@id":"https:\/\/interamerica.org\/es\/2019\/07\/centros-de-medios-adventistas-colaboran-en-nuevo-proyecto-internacional-transmedia\/"},"wordCount":1455,"commentCount":0,"image":{"@id":"https:\/\/interamerica.org\/es\/2019\/07\/centros-de-medios-adventistas-colaboran-en-nuevo-proyecto-internacional-transmedia\/#primaryimage"},"thumbnailUrl":"https:\/\/interamerica.org\/wp-content\/uploads\/2019\/07\/adrian-dure-uncertainty-project.jpg","articleSection":["Desde la sede","RSS Espa\u00f1ol"],"inLanguage":"es","potentialAction":[{"@type":"CommentAction","name":"Comment","target":["https:\/\/interamerica.org\/es\/2019\/07\/centros-de-medios-adventistas-colaboran-en-nuevo-proyecto-internacional-transmedia\/#respond"]}]},{"@type":"WebPage","@id":"https:\/\/interamerica.org\/es\/2019\/07\/centros-de-medios-adventistas-colaboran-en-nuevo-proyecto-internacional-transmedia\/","url":"https:\/\/interamerica.org\/es\/2019\/07\/centros-de-medios-adventistas-colaboran-en-nuevo-proyecto-internacional-transmedia\/","name":"Centros de Medios Adventistas colaboran en nuevo proyecto internacional crossmedia - Iglesia Adventista del S\u00e9ptimo D\u00eda - Divisi\u00f3n Interamericana","isPartOf":{"@id":"https:\/\/interamerica.org\/es\/#website"},"primaryImageOfPage":{"@id":"https:\/\/interamerica.org\/es\/2019\/07\/centros-de-medios-adventistas-colaboran-en-nuevo-proyecto-internacional-transmedia\/#primaryimage"},"image":{"@id":"https:\/\/interamerica.org\/es\/2019\/07\/centros-de-medios-adventistas-colaboran-en-nuevo-proyecto-internacional-transmedia\/#primaryimage"},"thumbnailUrl":"https:\/\/interamerica.org\/wp-content\/uploads\/2019\/07\/adrian-dure-uncertainty-project.jpg","datePublished":"2019-07-24T01:00:59+00:00","dateModified":"2019-07-25T13:09:42+00:00","author":{"@id":"https:\/\/interamerica.org\/es\/#\/schema\/person\/29998f2bc2d8bd0d38662909289b54f1"},"breadcrumb":{"@id":"https:\/\/interamerica.org\/es\/2019\/07\/centros-de-medios-adventistas-colaboran-en-nuevo-proyecto-internacional-transmedia\/#breadcrumb"},"inLanguage":"es","potentialAction":[{"@type":"ReadAction","target":["https:\/\/interamerica.org\/es\/2019\/07\/centros-de-medios-adventistas-colaboran-en-nuevo-proyecto-internacional-transmedia\/"]}]},{"@type":"ImageObject","inLanguage":"es","@id":"https:\/\/interamerica.org\/es\/2019\/07\/centros-de-medios-adventistas-colaboran-en-nuevo-proyecto-internacional-transmedia\/#primaryimage","url":"https:\/\/interamerica.org\/wp-content\/uploads\/2019\/07\/adrian-dure-uncertainty-project.jpg","contentUrl":"https:\/\/interamerica.org\/wp-content\/uploads\/2019\/07\/adrian-dure-uncertainty-project.jpg","width":1000,"height":667,"caption":"Fotograf\u00eda de Keila Trejo\/DIA"},{"@type":"BreadcrumbList","@id":"https:\/\/interamerica.org\/es\/2019\/07\/centros-de-medios-adventistas-colaboran-en-nuevo-proyecto-internacional-transmedia\/#breadcrumb","itemListElement":[{"@type":"ListItem","position":1,"name":"Home","item":"https:\/\/interamerica.org\/es\/"},{"@type":"ListItem","position":2,"name":"Centros de Medios Adventistas colaboran en nuevo proyecto internacional crossmedia"}]},{"@type":"WebSite","@id":"https:\/\/interamerica.org\/es\/#website","url":"https:\/\/interamerica.org\/es\/","name":"Iglesia Adventista del S\u00e9ptimo D\u00eda - Divisi\u00f3n Interamericana","description":"","potentialAction":[{"@type":"SearchAction","target":{"@type":"EntryPoint","urlTemplate":"https:\/\/interamerica.org\/es\/?s={search_term_string}"},"query-input":{"@type":"PropertyValueSpecification","valueRequired":true,"valueName":"search_term_string"}}],"inLanguage":"es"},{"@type":"Person","@id":"https:\/\/interamerica.org\/es\/#\/schema\/person\/29998f2bc2d8bd0d38662909289b54f1","name":"libna","image":{"@type":"ImageObject","inLanguage":"es","@id":"https:\/\/secure.gravatar.com\/avatar\/7c5bd30ae4b47a9ba3c856590957fd1d96dc588bf3ac05719d247e126840331f?s=96&d=mm&r=g","url":"https:\/\/secure.gravatar.com\/avatar\/7c5bd30ae4b47a9ba3c856590957fd1d96dc588bf3ac05719d247e126840331f?s=96&d=mm&r=g","contentUrl":"https:\/\/secure.gravatar.com\/avatar\/7c5bd30ae4b47a9ba3c856590957fd1d96dc588bf3ac05719d247e126840331f?s=96&d=mm&r=g","caption":"libna"}}]}},"_links":{"self":[{"href":"https:\/\/interamerica.org\/es\/wp-json\/wp\/v2\/posts\/50455","targetHints":{"allow":["GET"]}}],"collection":[{"href":"https:\/\/interamerica.org\/es\/wp-json\/wp\/v2\/posts"}],"about":[{"href":"https:\/\/interamerica.org\/es\/wp-json\/wp\/v2\/types\/post"}],"author":[{"embeddable":true,"href":"https:\/\/interamerica.org\/es\/wp-json\/wp\/v2\/users\/3"}],"replies":[{"embeddable":true,"href":"https:\/\/interamerica.org\/es\/wp-json\/wp\/v2\/comments?post=50455"}],"version-history":[{"count":0,"href":"https:\/\/interamerica.org\/es\/wp-json\/wp\/v2\/posts\/50455\/revisions"}],"wp:featuredmedia":[{"embeddable":true,"href":"https:\/\/interamerica.org\/es\/wp-json\/wp\/v2\/media\/50425"}],"wp:attachment":[{"href":"https:\/\/interamerica.org\/es\/wp-json\/wp\/v2\/media?parent=50455"}],"wp:term":[{"taxonomy":"category","embeddable":true,"href":"https:\/\/interamerica.org\/es\/wp-json\/wp\/v2\/categories?post=50455"},{"taxonomy":"post_tag","embeddable":true,"href":"https:\/\/interamerica.org\/es\/wp-json\/wp\/v2\/tags?post=50455"}],"curies":[{"name":"wp","href":"https:\/\/api.w.org\/{rel}","templated":true}]}}