{"id":51414,"date":"2019-09-01T12:58:50","date_gmt":"2019-09-01T16:58:50","guid":{"rendered":"https:\/\/recursing-golick.147-182-135-0.plesk.page\/?p=51414"},"modified":"2019-09-03T10:11:14","modified_gmt":"2019-09-03T14:11:14","slug":"en-alemania-los-adventistas-celebran-100-anos-de-ministerio-en-favor-de-personas-con-deficit-auditivo","status":"publish","type":"post","link":"https:\/\/interamerica.org\/es\/2019\/09\/en-alemania-los-adventistas-celebran-100-anos-de-ministerio-en-favor-de-personas-con-deficit-auditivo\/","title":{"rendered":"En Alemania, los adventistas celebran 100 a\u00f1os de ministerio en favor de personas con d\u00e9ficit auditivo"},"content":{"rendered":"<div id=\"attachment_51394\" style=\"width: 810px\" class=\"wp-caption aligncenter\"><img fetchpriority=\"high\" decoding=\"async\" aria-describedby=\"caption-attachment-51394\" class=\" wp-image-51392\" src=\"https:\/\/recursing-golick.147-182-135-0.plesk.page\/wp-content\/uploads\/2019\/09\/in-germany-adventists-celebrate-100-years-of-ministry-to-the-hearing-impaired.jpg\" alt=\"\" width=\"800\" height=\"400\" srcset=\"https:\/\/interamerica.org\/wp-content\/uploads\/2019\/09\/in-germany-adventists-celebrate-100-years-of-ministry-to-the-hearing-impaired.jpg 1000w, https:\/\/interamerica.org\/wp-content\/uploads\/2019\/09\/in-germany-adventists-celebrate-100-years-of-ministry-to-the-hearing-impaired-300x150.jpg 300w, https:\/\/interamerica.org\/wp-content\/uploads\/2019\/09\/in-germany-adventists-celebrate-100-years-of-ministry-to-the-hearing-impaired-768x384.jpg 768w\" sizes=\"(max-width: 800px) 100vw, 800px\" \/><p id=\"caption-attachment-51394\" class=\"wp-caption-text\">Miembros de iglesia con d\u00e9ficit auditivo y sus amigos y personas que los apoyan, se re\u00fanen para celebrar 100 a\u00f1os de labor adventista en favor de personas con problemas de audici\u00f3n en Alemania, el 3 de agosto de 2019, en Hamburgo. Imagen: Gerd Wildemannearing<\/p><\/div>\n<p>30 de agosto de 2019 | Hamburgo, Alemania | Adventistischer Pressedienst y <em>Adventist Review<\/em><\/p>\n<p>La Comunidad Adventista Alemana de Personas con D\u00e9ficit Auditivo, celebr\u00f3 100 a\u00f1os de labor organizada en la Casa Adventista Grindelberg, en Hamburgo, Alemania, el 3 de agosto de 2019. Esta conmemoraci\u00f3n de su centenario se llev\u00f3 a cabo con el tema: \u201c\u00bfTodav\u00eda hoy viviendo con Jes\u00fas?\u201d<\/p>\n<p><strong>Comienzos en Bremen<\/strong><\/p>\n<p>El 11 de abril de 1919, en Bremen, Margarete Heine (m\u00e1s tarde Puich) se uni\u00f3 a la Iglesia Adventista del S\u00e9ptimo D\u00eda a trav\u00e9s del bautismo. Y con ella, se inici\u00f3 en este pa\u00eds la misi\u00f3n en favor de miembros de iglesia adventistas con problemas de audici\u00f3n.<\/p>\n<p>Margarete Heine naci\u00f3 en 1894, sin problemas de audici\u00f3n, pero de padres con d\u00e9ficit auditivo. Para poder comunicarse con sus padres y, como la mayor de seis hermanos dentro de la familia \u00a0Heine, Margaret aprendi\u00f3 el lenguaje de se\u00f1as desde muy temprana edad. Cuando ten\u00eda 24 a\u00f1os, conoci\u00f3 acerca de la fe adventista a trav\u00e9s de un miembro de la iglesia. Como su ni\u00f1era, Margaret cuid\u00f3 de las hijas de la familia Pohl, Else e Hilda, quienes ten\u00edan d\u00e9ficit auditivo, y les habl\u00f3 acerca de su fe. En 1920, la Sra. Pohl fue la primera persona con d\u00e9ficit auditivo que se bautiz\u00f3 y que fue aceptada dentro de la hermandad de la Iglesia Adventista del S\u00e9ptimo D\u00eda en Bremen.<\/p>\n<p>A los 26 a\u00f1os, Margaret Heine conoci\u00f3 a Berliner Carl Puich, quien ten\u00eda tambi\u00e9n problemas auditivos, era socialista y no cre\u00eda en Dios. Esa situaci\u00f3n cambi\u00f3 eventualmente y fue bautizado en diciembre de 1920. Cuatro d\u00edas m\u00e1s tarde, Carl y Margarete se unieron en matrimonio. La ceremonia nupcial se llev\u00f3 a cabo en lenguaje de se\u00f1as, por el Pastor M\u00fcller, un pastor adventista de Magdeburg.<\/p>\n<p>Carl Puich lleg\u00f3 a ser el primer evangelizador adventista con d\u00e9ficit auditivo en Alemania. En 1921, comenz\u00f3 a estudiar la Biblia con personas sordas. Su esposa, Margarete, interpret\u00f3 en lenguaje de se\u00f1as el material de discusi\u00f3n b\u00edblica y el serm\u00f3n cada s\u00e1bado durante el servicio de adoraci\u00f3n.<\/p>\n<p>A los 35 a\u00f1os, Margarete prest\u00f3 tambi\u00e9n juramento como int\u00e9rprete de lenguaje de se\u00f1as en los tribunales. Sus actividades como int\u00e9rprete no se limitaron a Bremen. Fue llamada tambi\u00e9n a prestar sus servicios a m\u00e9dicos y autoridades. Durante m\u00e1s de 50 a\u00f1os, Margarete trabaj\u00f3 incansablemente en favor de las personas con d\u00e9ficit auditivo. Carl muri\u00f3 en 1966 y su esposa en 1982.<\/p>\n<p><strong>Servicios Adventistas para Personas con D\u00e9ficit Auditivo<\/strong><\/p>\n<p>De acuerdo con Gerd Wildemann, director de Ministerio Adventista en favor de Necesidades Especiales, en Alemania, los servicios adventistas en favor de personas con d\u00e9ficit auditivo funcionan actualmente en Argentina, Australia, Brasil, Alemania, Francia, Espa\u00f1a, Rep\u00fablica Checa, Italia, Reino Unido, Canad\u00e1, Kenia, M\u00e9xico, las Filipinas, Rusia, Ucrania, Estados Unidos y otros pa\u00edses.<br \/>\n\u201c[Nuestra celebraci\u00f3n] fue importante porque nosotros, como comunidad adventista con d\u00e9ficit auditivo en Alemania, podemos ver hacia atr\u00e1s hacia una larga historia\u201d, dijo el director Wildemann. \u201cCon eventos como este, de celebraci\u00f3n del cent\u00e9simo aniversario en Hamburgo, podemos llamar la atenci\u00f3n hacia la situaci\u00f3n dentro de nuestra iglesia, de las personas con d\u00e9ficit auditivo y fortalecer su fe\u201d. Los invitados incluyeron a los pastores con d\u00e9ficit auditivo Douglas da Silva, de Brasil y a Jeff Jordan, de los Estados Unidos.<\/p>\n<p>El director Wildemann agradeci\u00f3 a Dios por su protecci\u00f3n en el pasado, por las oportunidades en el presente y por el \u00e1nimo para enfrentar el futuro.<\/p>\n<p>\u201cLes damos las gracias en forma especial a los dirigentes de la iglesia mundial por su apoyo y les agradecemos a los invitados con d\u00e9ficit auditivo por su est\u00edmulo y su instrucci\u00f3n espiritual\u201d.<\/p>\n<p>Previamente, hab\u00edan asistido 43 participantes a una Semana B\u00edblica para Personas con D\u00e9ficit Auditivo, 33 de ellas con tal d\u00e9ficit y m\u00e1s de 50 personas con el mismo estuvieron presentes en la celebraci\u00f3n del centenario.<\/p>\n<p>El coordinador de Ministerio en favor de Necesidades Especiales de la Divisi\u00f3n Intereuropea (EUD, por sus siglas en ingl\u00e9s), Corrado Cozzi, dijo que la celebraci\u00f3n fue un punto culminante no solamente para los miembros con d\u00e9ficit auditivo en Alemania, sino en todas partes.<\/p>\n<p>\u201cEste evento llena de gozo no solamente a nuestros amigos alemanes con d\u00e9ficit auditivo, sino tambi\u00e9n a otras comunidades adventistas de personas con problemas de audici\u00f3n en toda Europa, que est\u00e1n siguiendo sus pasos\u201d, dijo el coordinador Cozzi.<\/p>\n<p><em>La <\/em><a href=\"https:\/\/news.eud.adventist.org\/en\/all-news\/news\/go\/2019-08-21\/100-years-of-seventh-day-adventist-deaf-community-in-germany\/\"><em>original version<\/em><\/a><em> (versi\u00f3n original) de esta historia en ingl\u00e9s se public\u00f3 en el <\/em><a href=\"https:\/\/news.eud.adventist.org\/en\"><em>news site<\/em><\/a> <em>(sitio de noticias) de la Divisi\u00f3n Intereuropea.<\/em><\/p>\n<p>Traducci\u00f3n \u2013 Gloria A Castrej\u00f3n<\/p>\n","protected":false},"excerpt":{"rendered":"<p>30 de agosto de 2019 | Hamburgo, Alemania | Adventistischer Pressedienst y Adventist Review La Comunidad Adventista Alemana de Personas con D\u00e9ficit Auditivo, celebr\u00f3 100 a\u00f1os de labor organizada en&#8230;<\/p>\n","protected":false},"author":3,"featured_media":51394,"comment_status":"open","ping_status":"closed","sticky":false,"template":"","format":"standard","meta":{"_acf_changed":false,"footnotes":""},"categories":[16,15],"tags":[],"class_list":["post-51414","post","type-post","status-publish","format-standard","has-post-thumbnail","hentry","category-desde-la-sede","category-rss-espanol"],"acf":[],"yoast_head":"<!-- This site is optimized with the Yoast SEO plugin v27.3 - https:\/\/yoast.com\/product\/yoast-seo-wordpress\/ -->\n<title>En Alemania, los adventistas celebran 100 a\u00f1os de ministerio en favor de personas con d\u00e9ficit auditivo - Iglesia Adventista del S\u00e9ptimo D\u00eda - Divisi\u00f3n Interamericana<\/title>\n<meta name=\"robots\" content=\"index, follow, max-snippet:-1, max-image-preview:large, max-video-preview:-1\" \/>\n<link rel=\"canonical\" href=\"https:\/\/interamerica.org\/es\/2019\/09\/en-alemania-los-adventistas-celebran-100-anos-de-ministerio-en-favor-de-personas-con-deficit-auditivo\/\" \/>\n<meta property=\"og:locale\" content=\"es_ES\" \/>\n<meta property=\"og:type\" content=\"article\" \/>\n<meta property=\"og:title\" content=\"En Alemania, los adventistas celebran 100 a\u00f1os de ministerio en favor de personas con d\u00e9ficit auditivo - Iglesia Adventista del S\u00e9ptimo D\u00eda - Divisi\u00f3n Interamericana\" \/>\n<meta property=\"og:description\" content=\"30 de agosto de 2019 | Hamburgo, Alemania | Adventistischer Pressedienst y Adventist Review La Comunidad Adventista Alemana de Personas con D\u00e9ficit Auditivo, celebr\u00f3 100 a\u00f1os de labor organizada en...\" \/>\n<meta property=\"og:url\" content=\"https:\/\/interamerica.org\/es\/2019\/09\/en-alemania-los-adventistas-celebran-100-anos-de-ministerio-en-favor-de-personas-con-deficit-auditivo\/\" \/>\n<meta property=\"og:site_name\" content=\"Iglesia Adventista del S\u00e9ptimo D\u00eda - Divisi\u00f3n Interamericana\" \/>\n<meta property=\"article:published_time\" content=\"2019-09-01T16:58:50+00:00\" \/>\n<meta property=\"article:modified_time\" content=\"2019-09-03T14:11:14+00:00\" \/>\n<meta property=\"og:image\" content=\"https:\/\/interamerica.org\/wp-content\/uploads\/2019\/09\/in-germany-adventists-celebrate-100-years-of-ministry-to-the-hearing-impaired.jpg\" \/>\n\t<meta property=\"og:image:width\" content=\"1000\" \/>\n\t<meta property=\"og:image:height\" content=\"500\" \/>\n\t<meta property=\"og:image:type\" content=\"image\/jpeg\" \/>\n<meta name=\"author\" content=\"libna\" \/>\n<meta name=\"twitter:card\" content=\"summary_large_image\" \/>\n<meta name=\"twitter:label1\" content=\"Escrito por\" \/>\n\t<meta name=\"twitter:data1\" content=\"libna\" \/>\n\t<meta name=\"twitter:label2\" content=\"Tiempo de lectura\" \/>\n\t<meta name=\"twitter:data2\" content=\"4 minutos\" \/>\n<script type=\"application\/ld+json\" class=\"yoast-schema-graph\">{\"@context\":\"https:\\\/\\\/schema.org\",\"@graph\":[{\"@type\":\"Article\",\"@id\":\"https:\\\/\\\/interamerica.org\\\/es\\\/2019\\\/09\\\/en-alemania-los-adventistas-celebran-100-anos-de-ministerio-en-favor-de-personas-con-deficit-auditivo\\\/#article\",\"isPartOf\":{\"@id\":\"https:\\\/\\\/interamerica.org\\\/es\\\/2019\\\/09\\\/en-alemania-los-adventistas-celebran-100-anos-de-ministerio-en-favor-de-personas-con-deficit-auditivo\\\/\"},\"author\":{\"name\":\"libna\",\"@id\":\"https:\\\/\\\/interamerica.org\\\/es\\\/#\\\/schema\\\/person\\\/29998f2bc2d8bd0d38662909289b54f1\"},\"headline\":\"En Alemania, los adventistas celebran 100 a\u00f1os de ministerio en favor de personas con d\u00e9ficit auditivo\",\"datePublished\":\"2019-09-01T16:58:50+00:00\",\"dateModified\":\"2019-09-03T14:11:14+00:00\",\"mainEntityOfPage\":{\"@id\":\"https:\\\/\\\/interamerica.org\\\/es\\\/2019\\\/09\\\/en-alemania-los-adventistas-celebran-100-anos-de-ministerio-en-favor-de-personas-con-deficit-auditivo\\\/\"},\"wordCount\":879,\"commentCount\":0,\"image\":{\"@id\":\"https:\\\/\\\/interamerica.org\\\/es\\\/2019\\\/09\\\/en-alemania-los-adventistas-celebran-100-anos-de-ministerio-en-favor-de-personas-con-deficit-auditivo\\\/#primaryimage\"},\"thumbnailUrl\":\"https:\\\/\\\/interamerica.org\\\/wp-content\\\/uploads\\\/2019\\\/09\\\/in-germany-adventists-celebrate-100-years-of-ministry-to-the-hearing-impaired.jpg\",\"articleSection\":[\"Desde la sede\",\"RSS Espa\u00f1ol\"],\"inLanguage\":\"es\",\"potentialAction\":[{\"@type\":\"CommentAction\",\"name\":\"Comment\",\"target\":[\"https:\\\/\\\/interamerica.org\\\/es\\\/2019\\\/09\\\/en-alemania-los-adventistas-celebran-100-anos-de-ministerio-en-favor-de-personas-con-deficit-auditivo\\\/#respond\"]}]},{\"@type\":\"WebPage\",\"@id\":\"https:\\\/\\\/interamerica.org\\\/es\\\/2019\\\/09\\\/en-alemania-los-adventistas-celebran-100-anos-de-ministerio-en-favor-de-personas-con-deficit-auditivo\\\/\",\"url\":\"https:\\\/\\\/interamerica.org\\\/es\\\/2019\\\/09\\\/en-alemania-los-adventistas-celebran-100-anos-de-ministerio-en-favor-de-personas-con-deficit-auditivo\\\/\",\"name\":\"En Alemania, los adventistas celebran 100 a\u00f1os de ministerio en favor de personas con d\u00e9ficit auditivo - Iglesia Adventista del S\u00e9ptimo D\u00eda - Divisi\u00f3n Interamericana\",\"isPartOf\":{\"@id\":\"https:\\\/\\\/interamerica.org\\\/es\\\/#website\"},\"primaryImageOfPage\":{\"@id\":\"https:\\\/\\\/interamerica.org\\\/es\\\/2019\\\/09\\\/en-alemania-los-adventistas-celebran-100-anos-de-ministerio-en-favor-de-personas-con-deficit-auditivo\\\/#primaryimage\"},\"image\":{\"@id\":\"https:\\\/\\\/interamerica.org\\\/es\\\/2019\\\/09\\\/en-alemania-los-adventistas-celebran-100-anos-de-ministerio-en-favor-de-personas-con-deficit-auditivo\\\/#primaryimage\"},\"thumbnailUrl\":\"https:\\\/\\\/interamerica.org\\\/wp-content\\\/uploads\\\/2019\\\/09\\\/in-germany-adventists-celebrate-100-years-of-ministry-to-the-hearing-impaired.jpg\",\"datePublished\":\"2019-09-01T16:58:50+00:00\",\"dateModified\":\"2019-09-03T14:11:14+00:00\",\"author\":{\"@id\":\"https:\\\/\\\/interamerica.org\\\/es\\\/#\\\/schema\\\/person\\\/29998f2bc2d8bd0d38662909289b54f1\"},\"breadcrumb\":{\"@id\":\"https:\\\/\\\/interamerica.org\\\/es\\\/2019\\\/09\\\/en-alemania-los-adventistas-celebran-100-anos-de-ministerio-en-favor-de-personas-con-deficit-auditivo\\\/#breadcrumb\"},\"inLanguage\":\"es\",\"potentialAction\":[{\"@type\":\"ReadAction\",\"target\":[\"https:\\\/\\\/interamerica.org\\\/es\\\/2019\\\/09\\\/en-alemania-los-adventistas-celebran-100-anos-de-ministerio-en-favor-de-personas-con-deficit-auditivo\\\/\"]}]},{\"@type\":\"ImageObject\",\"inLanguage\":\"es\",\"@id\":\"https:\\\/\\\/interamerica.org\\\/es\\\/2019\\\/09\\\/en-alemania-los-adventistas-celebran-100-anos-de-ministerio-en-favor-de-personas-con-deficit-auditivo\\\/#primaryimage\",\"url\":\"https:\\\/\\\/interamerica.org\\\/wp-content\\\/uploads\\\/2019\\\/09\\\/in-germany-adventists-celebrate-100-years-of-ministry-to-the-hearing-impaired.jpg\",\"contentUrl\":\"https:\\\/\\\/interamerica.org\\\/wp-content\\\/uploads\\\/2019\\\/09\\\/in-germany-adventists-celebrate-100-years-of-ministry-to-the-hearing-impaired.jpg\",\"width\":1000,\"height\":500,\"caption\":\"Miembros de iglesia con d\u00e9ficit auditivo y sus amigos y personas que los apoyan, se re\u00fanen para celebrar 100 a\u00f1os de labor adventista en favor de personas con problemas de audici\u00f3n en Alemania, el 3 de agosto de 2019, en Hamburgo. Imagen: Gerd Wildemann\"},{\"@type\":\"BreadcrumbList\",\"@id\":\"https:\\\/\\\/interamerica.org\\\/es\\\/2019\\\/09\\\/en-alemania-los-adventistas-celebran-100-anos-de-ministerio-en-favor-de-personas-con-deficit-auditivo\\\/#breadcrumb\",\"itemListElement\":[{\"@type\":\"ListItem\",\"position\":1,\"name\":\"Home\",\"item\":\"https:\\\/\\\/interamerica.org\\\/es\\\/\"},{\"@type\":\"ListItem\",\"position\":2,\"name\":\"En Alemania, los adventistas celebran 100 a\u00f1os de ministerio en favor de personas con d\u00e9ficit auditivo\"}]},{\"@type\":\"WebSite\",\"@id\":\"https:\\\/\\\/interamerica.org\\\/es\\\/#website\",\"url\":\"https:\\\/\\\/interamerica.org\\\/es\\\/\",\"name\":\"Iglesia Adventista del S\u00e9ptimo D\u00eda - Divisi\u00f3n Interamericana\",\"description\":\"\",\"potentialAction\":[{\"@type\":\"SearchAction\",\"target\":{\"@type\":\"EntryPoint\",\"urlTemplate\":\"https:\\\/\\\/interamerica.org\\\/es\\\/?s={search_term_string}\"},\"query-input\":{\"@type\":\"PropertyValueSpecification\",\"valueRequired\":true,\"valueName\":\"search_term_string\"}}],\"inLanguage\":\"es\"},{\"@type\":\"Person\",\"@id\":\"https:\\\/\\\/interamerica.org\\\/es\\\/#\\\/schema\\\/person\\\/29998f2bc2d8bd0d38662909289b54f1\",\"name\":\"libna\",\"image\":{\"@type\":\"ImageObject\",\"inLanguage\":\"es\",\"@id\":\"https:\\\/\\\/secure.gravatar.com\\\/avatar\\\/7c5bd30ae4b47a9ba3c856590957fd1d96dc588bf3ac05719d247e126840331f?s=96&d=mm&r=g\",\"url\":\"https:\\\/\\\/secure.gravatar.com\\\/avatar\\\/7c5bd30ae4b47a9ba3c856590957fd1d96dc588bf3ac05719d247e126840331f?s=96&d=mm&r=g\",\"contentUrl\":\"https:\\\/\\\/secure.gravatar.com\\\/avatar\\\/7c5bd30ae4b47a9ba3c856590957fd1d96dc588bf3ac05719d247e126840331f?s=96&d=mm&r=g\",\"caption\":\"libna\"}}]}<\/script>\n<!-- \/ Yoast SEO plugin. -->","yoast_head_json":{"title":"En Alemania, los adventistas celebran 100 a\u00f1os de ministerio en favor de personas con d\u00e9ficit auditivo - Iglesia Adventista del S\u00e9ptimo D\u00eda - Divisi\u00f3n Interamericana","robots":{"index":"index","follow":"follow","max-snippet":"max-snippet:-1","max-image-preview":"max-image-preview:large","max-video-preview":"max-video-preview:-1"},"canonical":"https:\/\/interamerica.org\/es\/2019\/09\/en-alemania-los-adventistas-celebran-100-anos-de-ministerio-en-favor-de-personas-con-deficit-auditivo\/","og_locale":"es_ES","og_type":"article","og_title":"En Alemania, los adventistas celebran 100 a\u00f1os de ministerio en favor de personas con d\u00e9ficit auditivo - Iglesia Adventista del S\u00e9ptimo D\u00eda - Divisi\u00f3n Interamericana","og_description":"30 de agosto de 2019 | Hamburgo, Alemania | Adventistischer Pressedienst y Adventist Review La Comunidad Adventista Alemana de Personas con D\u00e9ficit Auditivo, celebr\u00f3 100 a\u00f1os de labor organizada en...","og_url":"https:\/\/interamerica.org\/es\/2019\/09\/en-alemania-los-adventistas-celebran-100-anos-de-ministerio-en-favor-de-personas-con-deficit-auditivo\/","og_site_name":"Iglesia Adventista del S\u00e9ptimo D\u00eda - Divisi\u00f3n Interamericana","article_published_time":"2019-09-01T16:58:50+00:00","article_modified_time":"2019-09-03T14:11:14+00:00","og_image":[{"width":1000,"height":500,"url":"https:\/\/interamerica.org\/wp-content\/uploads\/2019\/09\/in-germany-adventists-celebrate-100-years-of-ministry-to-the-hearing-impaired.jpg","type":"image\/jpeg"}],"author":"libna","twitter_card":"summary_large_image","twitter_misc":{"Escrito por":"libna","Tiempo de lectura":"4 minutos"},"schema":{"@context":"https:\/\/schema.org","@graph":[{"@type":"Article","@id":"https:\/\/interamerica.org\/es\/2019\/09\/en-alemania-los-adventistas-celebran-100-anos-de-ministerio-en-favor-de-personas-con-deficit-auditivo\/#article","isPartOf":{"@id":"https:\/\/interamerica.org\/es\/2019\/09\/en-alemania-los-adventistas-celebran-100-anos-de-ministerio-en-favor-de-personas-con-deficit-auditivo\/"},"author":{"name":"libna","@id":"https:\/\/interamerica.org\/es\/#\/schema\/person\/29998f2bc2d8bd0d38662909289b54f1"},"headline":"En Alemania, los adventistas celebran 100 a\u00f1os de ministerio en favor de personas con d\u00e9ficit auditivo","datePublished":"2019-09-01T16:58:50+00:00","dateModified":"2019-09-03T14:11:14+00:00","mainEntityOfPage":{"@id":"https:\/\/interamerica.org\/es\/2019\/09\/en-alemania-los-adventistas-celebran-100-anos-de-ministerio-en-favor-de-personas-con-deficit-auditivo\/"},"wordCount":879,"commentCount":0,"image":{"@id":"https:\/\/interamerica.org\/es\/2019\/09\/en-alemania-los-adventistas-celebran-100-anos-de-ministerio-en-favor-de-personas-con-deficit-auditivo\/#primaryimage"},"thumbnailUrl":"https:\/\/interamerica.org\/wp-content\/uploads\/2019\/09\/in-germany-adventists-celebrate-100-years-of-ministry-to-the-hearing-impaired.jpg","articleSection":["Desde la sede","RSS Espa\u00f1ol"],"inLanguage":"es","potentialAction":[{"@type":"CommentAction","name":"Comment","target":["https:\/\/interamerica.org\/es\/2019\/09\/en-alemania-los-adventistas-celebran-100-anos-de-ministerio-en-favor-de-personas-con-deficit-auditivo\/#respond"]}]},{"@type":"WebPage","@id":"https:\/\/interamerica.org\/es\/2019\/09\/en-alemania-los-adventistas-celebran-100-anos-de-ministerio-en-favor-de-personas-con-deficit-auditivo\/","url":"https:\/\/interamerica.org\/es\/2019\/09\/en-alemania-los-adventistas-celebran-100-anos-de-ministerio-en-favor-de-personas-con-deficit-auditivo\/","name":"En Alemania, los adventistas celebran 100 a\u00f1os de ministerio en favor de personas con d\u00e9ficit auditivo - Iglesia Adventista del S\u00e9ptimo D\u00eda - Divisi\u00f3n Interamericana","isPartOf":{"@id":"https:\/\/interamerica.org\/es\/#website"},"primaryImageOfPage":{"@id":"https:\/\/interamerica.org\/es\/2019\/09\/en-alemania-los-adventistas-celebran-100-anos-de-ministerio-en-favor-de-personas-con-deficit-auditivo\/#primaryimage"},"image":{"@id":"https:\/\/interamerica.org\/es\/2019\/09\/en-alemania-los-adventistas-celebran-100-anos-de-ministerio-en-favor-de-personas-con-deficit-auditivo\/#primaryimage"},"thumbnailUrl":"https:\/\/interamerica.org\/wp-content\/uploads\/2019\/09\/in-germany-adventists-celebrate-100-years-of-ministry-to-the-hearing-impaired.jpg","datePublished":"2019-09-01T16:58:50+00:00","dateModified":"2019-09-03T14:11:14+00:00","author":{"@id":"https:\/\/interamerica.org\/es\/#\/schema\/person\/29998f2bc2d8bd0d38662909289b54f1"},"breadcrumb":{"@id":"https:\/\/interamerica.org\/es\/2019\/09\/en-alemania-los-adventistas-celebran-100-anos-de-ministerio-en-favor-de-personas-con-deficit-auditivo\/#breadcrumb"},"inLanguage":"es","potentialAction":[{"@type":"ReadAction","target":["https:\/\/interamerica.org\/es\/2019\/09\/en-alemania-los-adventistas-celebran-100-anos-de-ministerio-en-favor-de-personas-con-deficit-auditivo\/"]}]},{"@type":"ImageObject","inLanguage":"es","@id":"https:\/\/interamerica.org\/es\/2019\/09\/en-alemania-los-adventistas-celebran-100-anos-de-ministerio-en-favor-de-personas-con-deficit-auditivo\/#primaryimage","url":"https:\/\/interamerica.org\/wp-content\/uploads\/2019\/09\/in-germany-adventists-celebrate-100-years-of-ministry-to-the-hearing-impaired.jpg","contentUrl":"https:\/\/interamerica.org\/wp-content\/uploads\/2019\/09\/in-germany-adventists-celebrate-100-years-of-ministry-to-the-hearing-impaired.jpg","width":1000,"height":500,"caption":"Miembros de iglesia con d\u00e9ficit auditivo y sus amigos y personas que los apoyan, se re\u00fanen para celebrar 100 a\u00f1os de labor adventista en favor de personas con problemas de audici\u00f3n en Alemania, el 3 de agosto de 2019, en Hamburgo. Imagen: Gerd Wildemann"},{"@type":"BreadcrumbList","@id":"https:\/\/interamerica.org\/es\/2019\/09\/en-alemania-los-adventistas-celebran-100-anos-de-ministerio-en-favor-de-personas-con-deficit-auditivo\/#breadcrumb","itemListElement":[{"@type":"ListItem","position":1,"name":"Home","item":"https:\/\/interamerica.org\/es\/"},{"@type":"ListItem","position":2,"name":"En Alemania, los adventistas celebran 100 a\u00f1os de ministerio en favor de personas con d\u00e9ficit auditivo"}]},{"@type":"WebSite","@id":"https:\/\/interamerica.org\/es\/#website","url":"https:\/\/interamerica.org\/es\/","name":"Iglesia Adventista del S\u00e9ptimo D\u00eda - Divisi\u00f3n Interamericana","description":"","potentialAction":[{"@type":"SearchAction","target":{"@type":"EntryPoint","urlTemplate":"https:\/\/interamerica.org\/es\/?s={search_term_string}"},"query-input":{"@type":"PropertyValueSpecification","valueRequired":true,"valueName":"search_term_string"}}],"inLanguage":"es"},{"@type":"Person","@id":"https:\/\/interamerica.org\/es\/#\/schema\/person\/29998f2bc2d8bd0d38662909289b54f1","name":"libna","image":{"@type":"ImageObject","inLanguage":"es","@id":"https:\/\/secure.gravatar.com\/avatar\/7c5bd30ae4b47a9ba3c856590957fd1d96dc588bf3ac05719d247e126840331f?s=96&d=mm&r=g","url":"https:\/\/secure.gravatar.com\/avatar\/7c5bd30ae4b47a9ba3c856590957fd1d96dc588bf3ac05719d247e126840331f?s=96&d=mm&r=g","contentUrl":"https:\/\/secure.gravatar.com\/avatar\/7c5bd30ae4b47a9ba3c856590957fd1d96dc588bf3ac05719d247e126840331f?s=96&d=mm&r=g","caption":"libna"}}]}},"_links":{"self":[{"href":"https:\/\/interamerica.org\/es\/wp-json\/wp\/v2\/posts\/51414","targetHints":{"allow":["GET"]}}],"collection":[{"href":"https:\/\/interamerica.org\/es\/wp-json\/wp\/v2\/posts"}],"about":[{"href":"https:\/\/interamerica.org\/es\/wp-json\/wp\/v2\/types\/post"}],"author":[{"embeddable":true,"href":"https:\/\/interamerica.org\/es\/wp-json\/wp\/v2\/users\/3"}],"replies":[{"embeddable":true,"href":"https:\/\/interamerica.org\/es\/wp-json\/wp\/v2\/comments?post=51414"}],"version-history":[{"count":0,"href":"https:\/\/interamerica.org\/es\/wp-json\/wp\/v2\/posts\/51414\/revisions"}],"wp:featuredmedia":[{"embeddable":true,"href":"https:\/\/interamerica.org\/es\/wp-json\/wp\/v2\/media\/51394"}],"wp:attachment":[{"href":"https:\/\/interamerica.org\/es\/wp-json\/wp\/v2\/media?parent=51414"}],"wp:term":[{"taxonomy":"category","embeddable":true,"href":"https:\/\/interamerica.org\/es\/wp-json\/wp\/v2\/categories?post=51414"},{"taxonomy":"post_tag","embeddable":true,"href":"https:\/\/interamerica.org\/es\/wp-json\/wp\/v2\/tags?post=51414"}],"curies":[{"name":"wp","href":"https:\/\/api.w.org\/{rel}","templated":true}]}}