{"id":51495,"date":"2019-09-05T15:36:59","date_gmt":"2019-09-05T19:36:59","guid":{"rendered":"https:\/\/recursing-golick.147-182-135-0.plesk.page\/?p=51495"},"modified":"2019-09-05T22:35:31","modified_gmt":"2019-09-06T02:35:31","slug":"iglesia-adventista-en-mexico-descubre-monumento-para-conmemorar-la-biblia-en-parque-publico","status":"publish","type":"post","link":"https:\/\/interamerica.org\/es\/2019\/09\/iglesia-adventista-en-mexico-descubre-monumento-para-conmemorar-la-biblia-en-parque-publico\/","title":{"rendered":"Iglesia Adventista en M\u00e9xico descubre monumento para conmemorar la Biblia en parque p\u00fablico"},"content":{"rendered":"<div id=\"attachment_51478\" style=\"width: 810px\" class=\"wp-caption aligncenter\"><img fetchpriority=\"high\" decoding=\"async\" aria-describedby=\"caption-attachment-51478\" class=\" wp-image-51476\" src=\"https:\/\/recursing-golick.147-182-135-0.plesk.page\/wp-content\/uploads\/2019\/09\/cima-monument-unveiling.jpg\" alt=\"\" width=\"800\" height=\"500\" srcset=\"https:\/\/interamerica.org\/wp-content\/uploads\/2019\/09\/cima-monument-unveiling.jpg 1000w, https:\/\/interamerica.org\/wp-content\/uploads\/2019\/09\/cima-monument-unveiling-300x188.jpg 300w, https:\/\/interamerica.org\/wp-content\/uploads\/2019\/09\/cima-monument-unveiling-768x480.jpg 768w\" sizes=\"(max-width: 800px) 100vw, 800px\" \/><p id=\"caption-attachment-51478\" class=\"wp-caption-text\">L\u00edderes adventistas en Tapachula, Chiapas, M\u00e9xico, descubren un monumento especial a la Biblia en el Parque Los Cerritos, durante una ceremonia inaugural, el 24 de junio de 2019. El proyecto fue parte de una iniciativa en los ocho campos de la iglesia local que comenz\u00f3 en 2018 para promover y sostener las Sagradas Escrituras. Fotograf\u00eda: Medios Soconusco.<\/p><\/div>\n<p>4 de septiembre de 2019 | Tapachula, Chiapas, M\u00e9xico | Uriel Castellanos y Noticias de la DIA<\/p>\n<p>La Iglesia Adventista del S\u00e9ptimo D\u00eda en Tapachula, en Chiapas, M\u00e9xico, descubri\u00f3 hace poco un gran monumento para conmemorar la Bibia en el Parque Los Cerritos, en el centro de la ciudad. El evento atrajo a decenas de funcionarios del gobierno local, l\u00edderes religiosos y miembros de iglesia, que fueron testigos de la ceremonia especial.<\/p>\n<p>\u201cEste es un momento hist\u00f3rico que marca la m\u00e1s grande de todas las libertades: la libertad religiosa\u201d, dijo el pastor Jaime Medrano, president de la iglesia en Soconusco.<\/p>\n<p>El representante del gobierno Javier Antonio Morales felicit\u00f3 a la Iglesia Adventista por la iniciativa. \u201cEste proyecto representa lo que significa el amor, la fe y la esperanza\u201d, dijo Morales. \u201cEs un mensaje de unidad que el gobierno municipal y las iglesias est\u00e1n enviando no solo a Chiapas, y M\u00e9xico, sino tambi\u00e9n al mundo\u201d.<\/p>\n<div id=\"attachment_51475\" style=\"width: 812px\" class=\"wp-caption aligncenter\"><img decoding=\"async\" aria-describedby=\"caption-attachment-51475\" class=\" wp-image-51473\" src=\"https:\/\/recursing-golick.147-182-135-0.plesk.page\/wp-content\/uploads\/2019\/09\/cima-monument-leaders.jpg\" alt=\"\" width=\"802\" height=\"501\" srcset=\"https:\/\/interamerica.org\/wp-content\/uploads\/2019\/09\/cima-monument-leaders.jpg 1000w, https:\/\/interamerica.org\/wp-content\/uploads\/2019\/09\/cima-monument-leaders-300x188.jpg 300w, https:\/\/interamerica.org\/wp-content\/uploads\/2019\/09\/cima-monument-leaders-768x480.jpg 768w\" sizes=\"(max-width: 802px) 100vw, 802px\" \/><p id=\"caption-attachment-51475\" class=\"wp-caption-text\">L\u00edderes locales, del estado, nacionales y religiosos posan detr\u00e1s del monumento despu\u00e9s de su descubrimiento junto a los l\u00edderes adventistas en Tapachula, Soconusco, en Chiapas, M\u00e9xico. Fotograf\u00eda: Medios Soconusco<\/p><\/div>\n<p>Elvira Avalos L\u00f3pez, representante del gobierno municipal, se refiri\u00f3 al monumento como un logro de la comunidad. \u201cEs parte de la cultura, y una evidencia de la libertad de credos que tenemos en nuestro pa\u00eds\u201d.<\/p>\n<p>En representaci\u00f3n de la comunidad evang\u00e9lica de Tapachula, el pastor Walas Pe\u00f1a estuvo presente en la ceremonia en apoyo al \u00e9nfasis en las Escrituras. \u201cNo hay libro m\u00e1s extraordinario que la Biblia; ning\u00fan otro lo iguala\u201d, dijo Pe\u00f1a.<\/p>\n<p>El sacerdote cat\u00f3lico Jorge Valente celebr\u00f3 los esfuerzos de la Iglesia Adventista de crear mayor conciencia en la sociedad respecto de un regreso a las Escrituras. Valente se refiri\u00f3 a las Sagradas Escrituras como \u201cla que compartimos con mayor vehemencia; es por eso que nos alegra estar aqu\u00ed\u201d.<\/p>\n<p>El monumento cuenta con una Biblia abierta en su parte superior donde se lee: \u201cEl que da testimonio de estas cosas dice: \u2018Ciertamente vengo en breve\u2019. \u00a1Am\u00e9n! \u00a1Ven, Se\u00f1or Jes\u00fas\u201d (Apocalipsis 22:20). Los lados de la base del monumento incluyen el logotipo municipal de Tapachula con la inscripci\u00f3n: \u201cFieles a su Palabra. La Iglesia Adventista del S\u00e9ptimo D\u00eda reconoce la Biblia como la Palabra de Dios. L\u00e1mpara es a mis pies tu palabra, y lumbrera a mi camino\u201d (Salmos 119:105. 2018, A\u00f1o de la Biblia)<\/p>\n<div id=\"attachment_51472\" style=\"width: 810px\" class=\"wp-caption aligncenter\"><img decoding=\"async\" aria-describedby=\"caption-attachment-51472\" class=\" wp-image-51470\" src=\"https:\/\/recursing-golick.147-182-135-0.plesk.page\/wp-content\/uploads\/2019\/09\/cimu-monument-band.jpg\" alt=\"\" width=\"800\" height=\"500\" srcset=\"https:\/\/interamerica.org\/wp-content\/uploads\/2019\/09\/cimu-monument-band.jpg 1000w, https:\/\/interamerica.org\/wp-content\/uploads\/2019\/09\/cimu-monument-band-300x188.jpg 300w, https:\/\/interamerica.org\/wp-content\/uploads\/2019\/09\/cimu-monument-band-768x480.jpg 768w\" sizes=\"(max-width: 800px) 100vw, 800px\" \/><p id=\"caption-attachment-51472\" class=\"wp-caption-text\">Una de las cuatro bandas musicales del sistema de educaci\u00f3n adventista en el estado de Sonocusco que particip\u00f3 de la ceremonia de descubrimiento del monumento. Fotograf\u00eda: Medios Soconusco<\/p><\/div>\n<p>El Monumento a la Biblia es una iniciativa de la Iglesia Adventista en Chiapas que tiene por prop\u00f3sito reconocer a la Biblia como la gu\u00eda del individuo y la sociedad, y que apunta a crear conciencia en el p\u00fablico respecto de la lectura de esas Escrituras.<\/p>\n<p>El monumento a la Biblia representa el \u00faltimo de ocho monumentos conmemorativos similares construidos por la Iglesia Adventista del S\u00e9ptimo D\u00eda en sus ocho regiones eclesi\u00e1sticas locales en Chiapas, como parte de una iniciativa que comenz\u00f3 en 2018, que fue designado el A\u00f1o de la Biblia. Hace poco tambi\u00e9n se descubrieron monumentos en las ciudades de Palenque, Hiuxtla, Malpaso, Pichucalco, Cintalapa, y Usumacinta.<\/p>\n<p>Las organizaciones evang\u00e9licas, como as\u00ed tambi\u00e9n la Iglesia Cat\u00f3lica, apoy\u00f3 la petici\u00f3n de construir el monumento, seg\u00fan los l\u00edderes adventistas locales, que presentaron la petici\u00f3n el a\u00f1o pasado.<\/p>\n<p>Hacia el final de la ceremonia, el pastor Ignacio Navarro, presidente de la Iglesia Adventista en Chiapas, hizo referencia al destino del mundo. \u201cEl mundo avanza a una tremenda velocidad hacia su propia destrucci\u00f3n. El \u00danico que puede salvarnos es Dios, y la \u00fanica manera de conocerlo es por medio de su Palabra\u201d, dijo Navarro.<\/p>\n<p>El pastor Navarro desafi\u00f3 a los l\u00edderes del gobierno para que \u201cgobiernen teniendo en alta estima las Sagradas Escrituras como Dios lo ha requerido\u201d.<\/p>\n<p>Para saber m\u00e1s sobre la Iglesia Adventista del S\u00e9ptimo D\u00eda en Chiapas, M\u00e9xico, y sus iniciativas, visite <a href=\"http:\/\/umch.org.mx\/\">umch.org.mx<\/a><\/p>\n<p>Traducci\u00f3n de Marcos Paseggi<\/p>\n","protected":false},"excerpt":{"rendered":"<p>4 de septiembre de 2019 | Tapachula, Chiapas, M\u00e9xico | Uriel Castellanos y Noticias de la DIA La Iglesia Adventista del S\u00e9ptimo D\u00eda en Tapachula, en Chiapas, M\u00e9xico, descubri\u00f3 hace&#8230;<\/p>\n","protected":false},"author":3,"featured_media":51478,"comment_status":"open","ping_status":"closed","sticky":false,"template":"","format":"standard","meta":{"_acf_changed":false,"footnotes":""},"categories":[17,15],"tags":[],"class_list":["post-51495","post","type-post","status-publish","format-standard","has-post-thumbnail","hentry","category-desde-el-campo","category-rss-espanol"],"acf":[],"yoast_head":"<!-- This site is optimized with the Yoast SEO plugin v27.3 - https:\/\/yoast.com\/product\/yoast-seo-wordpress\/ -->\n<title>Iglesia Adventista en M\u00e9xico descubre monumento para conmemorar la Biblia en parque p\u00fablico - Iglesia Adventista del S\u00e9ptimo D\u00eda - Divisi\u00f3n Interamericana<\/title>\n<meta name=\"robots\" content=\"index, follow, max-snippet:-1, max-image-preview:large, max-video-preview:-1\" \/>\n<link rel=\"canonical\" href=\"https:\/\/interamerica.org\/es\/2019\/09\/iglesia-adventista-en-mexico-descubre-monumento-para-conmemorar-la-biblia-en-parque-publico\/\" \/>\n<meta property=\"og:locale\" content=\"es_ES\" \/>\n<meta property=\"og:type\" content=\"article\" \/>\n<meta property=\"og:title\" content=\"Iglesia Adventista en M\u00e9xico descubre monumento para conmemorar la Biblia en parque p\u00fablico - Iglesia Adventista del S\u00e9ptimo D\u00eda - Divisi\u00f3n Interamericana\" \/>\n<meta property=\"og:description\" content=\"4 de septiembre de 2019 | Tapachula, Chiapas, M\u00e9xico | Uriel Castellanos y Noticias de la DIA La Iglesia Adventista del S\u00e9ptimo D\u00eda en Tapachula, en Chiapas, M\u00e9xico, descubri\u00f3 hace...\" \/>\n<meta property=\"og:url\" content=\"https:\/\/interamerica.org\/es\/2019\/09\/iglesia-adventista-en-mexico-descubre-monumento-para-conmemorar-la-biblia-en-parque-publico\/\" \/>\n<meta property=\"og:site_name\" content=\"Iglesia Adventista del S\u00e9ptimo D\u00eda - Divisi\u00f3n Interamericana\" \/>\n<meta property=\"article:published_time\" content=\"2019-09-05T19:36:59+00:00\" \/>\n<meta property=\"article:modified_time\" content=\"2019-09-06T02:35:31+00:00\" \/>\n<meta property=\"og:image\" content=\"https:\/\/interamerica.org\/wp-content\/uploads\/2019\/09\/cima-monument-unveiling.jpg\" \/>\n\t<meta property=\"og:image:width\" content=\"1000\" \/>\n\t<meta property=\"og:image:height\" content=\"625\" \/>\n\t<meta property=\"og:image:type\" content=\"image\/jpeg\" \/>\n<meta name=\"author\" content=\"libna\" \/>\n<meta name=\"twitter:card\" content=\"summary_large_image\" \/>\n<meta name=\"twitter:label1\" content=\"Escrito por\" \/>\n\t<meta name=\"twitter:data1\" content=\"libna\" \/>\n\t<meta name=\"twitter:label2\" content=\"Tiempo de lectura\" \/>\n\t<meta name=\"twitter:data2\" content=\"4 minutos\" \/>\n<script type=\"application\/ld+json\" class=\"yoast-schema-graph\">{\"@context\":\"https:\\\/\\\/schema.org\",\"@graph\":[{\"@type\":\"Article\",\"@id\":\"https:\\\/\\\/interamerica.org\\\/es\\\/2019\\\/09\\\/iglesia-adventista-en-mexico-descubre-monumento-para-conmemorar-la-biblia-en-parque-publico\\\/#article\",\"isPartOf\":{\"@id\":\"https:\\\/\\\/interamerica.org\\\/es\\\/2019\\\/09\\\/iglesia-adventista-en-mexico-descubre-monumento-para-conmemorar-la-biblia-en-parque-publico\\\/\"},\"author\":{\"name\":\"libna\",\"@id\":\"https:\\\/\\\/interamerica.org\\\/es\\\/#\\\/schema\\\/person\\\/29998f2bc2d8bd0d38662909289b54f1\"},\"headline\":\"Iglesia Adventista en M\u00e9xico descubre monumento para conmemorar la Biblia en parque p\u00fablico\",\"datePublished\":\"2019-09-05T19:36:59+00:00\",\"dateModified\":\"2019-09-06T02:35:31+00:00\",\"mainEntityOfPage\":{\"@id\":\"https:\\\/\\\/interamerica.org\\\/es\\\/2019\\\/09\\\/iglesia-adventista-en-mexico-descubre-monumento-para-conmemorar-la-biblia-en-parque-publico\\\/\"},\"wordCount\":800,\"commentCount\":0,\"image\":{\"@id\":\"https:\\\/\\\/interamerica.org\\\/es\\\/2019\\\/09\\\/iglesia-adventista-en-mexico-descubre-monumento-para-conmemorar-la-biblia-en-parque-publico\\\/#primaryimage\"},\"thumbnailUrl\":\"https:\\\/\\\/interamerica.org\\\/wp-content\\\/uploads\\\/2019\\\/09\\\/cima-monument-unveiling.jpg\",\"articleSection\":[\"Desde el campo\",\"RSS Espa\u00f1ol\"],\"inLanguage\":\"es\",\"potentialAction\":[{\"@type\":\"CommentAction\",\"name\":\"Comment\",\"target\":[\"https:\\\/\\\/interamerica.org\\\/es\\\/2019\\\/09\\\/iglesia-adventista-en-mexico-descubre-monumento-para-conmemorar-la-biblia-en-parque-publico\\\/#respond\"]}]},{\"@type\":\"WebPage\",\"@id\":\"https:\\\/\\\/interamerica.org\\\/es\\\/2019\\\/09\\\/iglesia-adventista-en-mexico-descubre-monumento-para-conmemorar-la-biblia-en-parque-publico\\\/\",\"url\":\"https:\\\/\\\/interamerica.org\\\/es\\\/2019\\\/09\\\/iglesia-adventista-en-mexico-descubre-monumento-para-conmemorar-la-biblia-en-parque-publico\\\/\",\"name\":\"Iglesia Adventista en M\u00e9xico descubre monumento para conmemorar la Biblia en parque p\u00fablico - Iglesia Adventista del S\u00e9ptimo D\u00eda - Divisi\u00f3n Interamericana\",\"isPartOf\":{\"@id\":\"https:\\\/\\\/interamerica.org\\\/es\\\/#website\"},\"primaryImageOfPage\":{\"@id\":\"https:\\\/\\\/interamerica.org\\\/es\\\/2019\\\/09\\\/iglesia-adventista-en-mexico-descubre-monumento-para-conmemorar-la-biblia-en-parque-publico\\\/#primaryimage\"},\"image\":{\"@id\":\"https:\\\/\\\/interamerica.org\\\/es\\\/2019\\\/09\\\/iglesia-adventista-en-mexico-descubre-monumento-para-conmemorar-la-biblia-en-parque-publico\\\/#primaryimage\"},\"thumbnailUrl\":\"https:\\\/\\\/interamerica.org\\\/wp-content\\\/uploads\\\/2019\\\/09\\\/cima-monument-unveiling.jpg\",\"datePublished\":\"2019-09-05T19:36:59+00:00\",\"dateModified\":\"2019-09-06T02:35:31+00:00\",\"author\":{\"@id\":\"https:\\\/\\\/interamerica.org\\\/es\\\/#\\\/schema\\\/person\\\/29998f2bc2d8bd0d38662909289b54f1\"},\"breadcrumb\":{\"@id\":\"https:\\\/\\\/interamerica.org\\\/es\\\/2019\\\/09\\\/iglesia-adventista-en-mexico-descubre-monumento-para-conmemorar-la-biblia-en-parque-publico\\\/#breadcrumb\"},\"inLanguage\":\"es\",\"potentialAction\":[{\"@type\":\"ReadAction\",\"target\":[\"https:\\\/\\\/interamerica.org\\\/es\\\/2019\\\/09\\\/iglesia-adventista-en-mexico-descubre-monumento-para-conmemorar-la-biblia-en-parque-publico\\\/\"]}]},{\"@type\":\"ImageObject\",\"inLanguage\":\"es\",\"@id\":\"https:\\\/\\\/interamerica.org\\\/es\\\/2019\\\/09\\\/iglesia-adventista-en-mexico-descubre-monumento-para-conmemorar-la-biblia-en-parque-publico\\\/#primaryimage\",\"url\":\"https:\\\/\\\/interamerica.org\\\/wp-content\\\/uploads\\\/2019\\\/09\\\/cima-monument-unveiling.jpg\",\"contentUrl\":\"https:\\\/\\\/interamerica.org\\\/wp-content\\\/uploads\\\/2019\\\/09\\\/cima-monument-unveiling.jpg\",\"width\":1000,\"height\":625,\"caption\":\"Fotograf\u00eda: Uni\u00f3n Mexicana de Chiapas\"},{\"@type\":\"BreadcrumbList\",\"@id\":\"https:\\\/\\\/interamerica.org\\\/es\\\/2019\\\/09\\\/iglesia-adventista-en-mexico-descubre-monumento-para-conmemorar-la-biblia-en-parque-publico\\\/#breadcrumb\",\"itemListElement\":[{\"@type\":\"ListItem\",\"position\":1,\"name\":\"Home\",\"item\":\"https:\\\/\\\/interamerica.org\\\/es\\\/\"},{\"@type\":\"ListItem\",\"position\":2,\"name\":\"Iglesia Adventista en M\u00e9xico descubre monumento para conmemorar la Biblia en parque p\u00fablico\"}]},{\"@type\":\"WebSite\",\"@id\":\"https:\\\/\\\/interamerica.org\\\/es\\\/#website\",\"url\":\"https:\\\/\\\/interamerica.org\\\/es\\\/\",\"name\":\"Iglesia Adventista del S\u00e9ptimo D\u00eda - Divisi\u00f3n Interamericana\",\"description\":\"\",\"potentialAction\":[{\"@type\":\"SearchAction\",\"target\":{\"@type\":\"EntryPoint\",\"urlTemplate\":\"https:\\\/\\\/interamerica.org\\\/es\\\/?s={search_term_string}\"},\"query-input\":{\"@type\":\"PropertyValueSpecification\",\"valueRequired\":true,\"valueName\":\"search_term_string\"}}],\"inLanguage\":\"es\"},{\"@type\":\"Person\",\"@id\":\"https:\\\/\\\/interamerica.org\\\/es\\\/#\\\/schema\\\/person\\\/29998f2bc2d8bd0d38662909289b54f1\",\"name\":\"libna\",\"image\":{\"@type\":\"ImageObject\",\"inLanguage\":\"es\",\"@id\":\"https:\\\/\\\/secure.gravatar.com\\\/avatar\\\/7c5bd30ae4b47a9ba3c856590957fd1d96dc588bf3ac05719d247e126840331f?s=96&d=mm&r=g\",\"url\":\"https:\\\/\\\/secure.gravatar.com\\\/avatar\\\/7c5bd30ae4b47a9ba3c856590957fd1d96dc588bf3ac05719d247e126840331f?s=96&d=mm&r=g\",\"contentUrl\":\"https:\\\/\\\/secure.gravatar.com\\\/avatar\\\/7c5bd30ae4b47a9ba3c856590957fd1d96dc588bf3ac05719d247e126840331f?s=96&d=mm&r=g\",\"caption\":\"libna\"}}]}<\/script>\n<!-- \/ Yoast SEO plugin. -->","yoast_head_json":{"title":"Iglesia Adventista en M\u00e9xico descubre monumento para conmemorar la Biblia en parque p\u00fablico - Iglesia Adventista del S\u00e9ptimo D\u00eda - Divisi\u00f3n Interamericana","robots":{"index":"index","follow":"follow","max-snippet":"max-snippet:-1","max-image-preview":"max-image-preview:large","max-video-preview":"max-video-preview:-1"},"canonical":"https:\/\/interamerica.org\/es\/2019\/09\/iglesia-adventista-en-mexico-descubre-monumento-para-conmemorar-la-biblia-en-parque-publico\/","og_locale":"es_ES","og_type":"article","og_title":"Iglesia Adventista en M\u00e9xico descubre monumento para conmemorar la Biblia en parque p\u00fablico - Iglesia Adventista del S\u00e9ptimo D\u00eda - Divisi\u00f3n Interamericana","og_description":"4 de septiembre de 2019 | Tapachula, Chiapas, M\u00e9xico | Uriel Castellanos y Noticias de la DIA La Iglesia Adventista del S\u00e9ptimo D\u00eda en Tapachula, en Chiapas, M\u00e9xico, descubri\u00f3 hace...","og_url":"https:\/\/interamerica.org\/es\/2019\/09\/iglesia-adventista-en-mexico-descubre-monumento-para-conmemorar-la-biblia-en-parque-publico\/","og_site_name":"Iglesia Adventista del S\u00e9ptimo D\u00eda - Divisi\u00f3n Interamericana","article_published_time":"2019-09-05T19:36:59+00:00","article_modified_time":"2019-09-06T02:35:31+00:00","og_image":[{"width":1000,"height":625,"url":"https:\/\/interamerica.org\/wp-content\/uploads\/2019\/09\/cima-monument-unveiling.jpg","type":"image\/jpeg"}],"author":"libna","twitter_card":"summary_large_image","twitter_misc":{"Escrito por":"libna","Tiempo de lectura":"4 minutos"},"schema":{"@context":"https:\/\/schema.org","@graph":[{"@type":"Article","@id":"https:\/\/interamerica.org\/es\/2019\/09\/iglesia-adventista-en-mexico-descubre-monumento-para-conmemorar-la-biblia-en-parque-publico\/#article","isPartOf":{"@id":"https:\/\/interamerica.org\/es\/2019\/09\/iglesia-adventista-en-mexico-descubre-monumento-para-conmemorar-la-biblia-en-parque-publico\/"},"author":{"name":"libna","@id":"https:\/\/interamerica.org\/es\/#\/schema\/person\/29998f2bc2d8bd0d38662909289b54f1"},"headline":"Iglesia Adventista en M\u00e9xico descubre monumento para conmemorar la Biblia en parque p\u00fablico","datePublished":"2019-09-05T19:36:59+00:00","dateModified":"2019-09-06T02:35:31+00:00","mainEntityOfPage":{"@id":"https:\/\/interamerica.org\/es\/2019\/09\/iglesia-adventista-en-mexico-descubre-monumento-para-conmemorar-la-biblia-en-parque-publico\/"},"wordCount":800,"commentCount":0,"image":{"@id":"https:\/\/interamerica.org\/es\/2019\/09\/iglesia-adventista-en-mexico-descubre-monumento-para-conmemorar-la-biblia-en-parque-publico\/#primaryimage"},"thumbnailUrl":"https:\/\/interamerica.org\/wp-content\/uploads\/2019\/09\/cima-monument-unveiling.jpg","articleSection":["Desde el campo","RSS Espa\u00f1ol"],"inLanguage":"es","potentialAction":[{"@type":"CommentAction","name":"Comment","target":["https:\/\/interamerica.org\/es\/2019\/09\/iglesia-adventista-en-mexico-descubre-monumento-para-conmemorar-la-biblia-en-parque-publico\/#respond"]}]},{"@type":"WebPage","@id":"https:\/\/interamerica.org\/es\/2019\/09\/iglesia-adventista-en-mexico-descubre-monumento-para-conmemorar-la-biblia-en-parque-publico\/","url":"https:\/\/interamerica.org\/es\/2019\/09\/iglesia-adventista-en-mexico-descubre-monumento-para-conmemorar-la-biblia-en-parque-publico\/","name":"Iglesia Adventista en M\u00e9xico descubre monumento para conmemorar la Biblia en parque p\u00fablico - Iglesia Adventista del S\u00e9ptimo D\u00eda - Divisi\u00f3n Interamericana","isPartOf":{"@id":"https:\/\/interamerica.org\/es\/#website"},"primaryImageOfPage":{"@id":"https:\/\/interamerica.org\/es\/2019\/09\/iglesia-adventista-en-mexico-descubre-monumento-para-conmemorar-la-biblia-en-parque-publico\/#primaryimage"},"image":{"@id":"https:\/\/interamerica.org\/es\/2019\/09\/iglesia-adventista-en-mexico-descubre-monumento-para-conmemorar-la-biblia-en-parque-publico\/#primaryimage"},"thumbnailUrl":"https:\/\/interamerica.org\/wp-content\/uploads\/2019\/09\/cima-monument-unveiling.jpg","datePublished":"2019-09-05T19:36:59+00:00","dateModified":"2019-09-06T02:35:31+00:00","author":{"@id":"https:\/\/interamerica.org\/es\/#\/schema\/person\/29998f2bc2d8bd0d38662909289b54f1"},"breadcrumb":{"@id":"https:\/\/interamerica.org\/es\/2019\/09\/iglesia-adventista-en-mexico-descubre-monumento-para-conmemorar-la-biblia-en-parque-publico\/#breadcrumb"},"inLanguage":"es","potentialAction":[{"@type":"ReadAction","target":["https:\/\/interamerica.org\/es\/2019\/09\/iglesia-adventista-en-mexico-descubre-monumento-para-conmemorar-la-biblia-en-parque-publico\/"]}]},{"@type":"ImageObject","inLanguage":"es","@id":"https:\/\/interamerica.org\/es\/2019\/09\/iglesia-adventista-en-mexico-descubre-monumento-para-conmemorar-la-biblia-en-parque-publico\/#primaryimage","url":"https:\/\/interamerica.org\/wp-content\/uploads\/2019\/09\/cima-monument-unveiling.jpg","contentUrl":"https:\/\/interamerica.org\/wp-content\/uploads\/2019\/09\/cima-monument-unveiling.jpg","width":1000,"height":625,"caption":"Fotograf\u00eda: Uni\u00f3n Mexicana de Chiapas"},{"@type":"BreadcrumbList","@id":"https:\/\/interamerica.org\/es\/2019\/09\/iglesia-adventista-en-mexico-descubre-monumento-para-conmemorar-la-biblia-en-parque-publico\/#breadcrumb","itemListElement":[{"@type":"ListItem","position":1,"name":"Home","item":"https:\/\/interamerica.org\/es\/"},{"@type":"ListItem","position":2,"name":"Iglesia Adventista en M\u00e9xico descubre monumento para conmemorar la Biblia en parque p\u00fablico"}]},{"@type":"WebSite","@id":"https:\/\/interamerica.org\/es\/#website","url":"https:\/\/interamerica.org\/es\/","name":"Iglesia Adventista del S\u00e9ptimo D\u00eda - Divisi\u00f3n Interamericana","description":"","potentialAction":[{"@type":"SearchAction","target":{"@type":"EntryPoint","urlTemplate":"https:\/\/interamerica.org\/es\/?s={search_term_string}"},"query-input":{"@type":"PropertyValueSpecification","valueRequired":true,"valueName":"search_term_string"}}],"inLanguage":"es"},{"@type":"Person","@id":"https:\/\/interamerica.org\/es\/#\/schema\/person\/29998f2bc2d8bd0d38662909289b54f1","name":"libna","image":{"@type":"ImageObject","inLanguage":"es","@id":"https:\/\/secure.gravatar.com\/avatar\/7c5bd30ae4b47a9ba3c856590957fd1d96dc588bf3ac05719d247e126840331f?s=96&d=mm&r=g","url":"https:\/\/secure.gravatar.com\/avatar\/7c5bd30ae4b47a9ba3c856590957fd1d96dc588bf3ac05719d247e126840331f?s=96&d=mm&r=g","contentUrl":"https:\/\/secure.gravatar.com\/avatar\/7c5bd30ae4b47a9ba3c856590957fd1d96dc588bf3ac05719d247e126840331f?s=96&d=mm&r=g","caption":"libna"}}]}},"_links":{"self":[{"href":"https:\/\/interamerica.org\/es\/wp-json\/wp\/v2\/posts\/51495","targetHints":{"allow":["GET"]}}],"collection":[{"href":"https:\/\/interamerica.org\/es\/wp-json\/wp\/v2\/posts"}],"about":[{"href":"https:\/\/interamerica.org\/es\/wp-json\/wp\/v2\/types\/post"}],"author":[{"embeddable":true,"href":"https:\/\/interamerica.org\/es\/wp-json\/wp\/v2\/users\/3"}],"replies":[{"embeddable":true,"href":"https:\/\/interamerica.org\/es\/wp-json\/wp\/v2\/comments?post=51495"}],"version-history":[{"count":0,"href":"https:\/\/interamerica.org\/es\/wp-json\/wp\/v2\/posts\/51495\/revisions"}],"wp:featuredmedia":[{"embeddable":true,"href":"https:\/\/interamerica.org\/es\/wp-json\/wp\/v2\/media\/51478"}],"wp:attachment":[{"href":"https:\/\/interamerica.org\/es\/wp-json\/wp\/v2\/media?parent=51495"}],"wp:term":[{"taxonomy":"category","embeddable":true,"href":"https:\/\/interamerica.org\/es\/wp-json\/wp\/v2\/categories?post=51495"},{"taxonomy":"post_tag","embeddable":true,"href":"https:\/\/interamerica.org\/es\/wp-json\/wp\/v2\/tags?post=51495"}],"curies":[{"name":"wp","href":"https:\/\/api.w.org\/{rel}","templated":true}]}}