{"id":51538,"date":"2019-09-06T20:45:05","date_gmt":"2019-09-07T00:45:05","guid":{"rendered":"https:\/\/recursing-golick.147-182-135-0.plesk.page\/?p=51538"},"modified":"2019-09-08T09:23:30","modified_gmt":"2019-09-08T13:23:30","slug":"adventistas-en-ruanda-celebran-100-anos-de-mision","status":"publish","type":"post","link":"https:\/\/interamerica.org\/es\/2019\/09\/adventistas-en-ruanda-celebran-100-anos-de-mision\/","title":{"rendered":"Adventistas en Ruanda celebran 100 a\u00f1os de misi\u00f3n"},"content":{"rendered":"<div id=\"attachment_51518\" style=\"width: 812px\" class=\"wp-caption aligncenter\"><img fetchpriority=\"high\" decoding=\"async\" aria-describedby=\"caption-attachment-51518\" class=\"wp-image-51518\" src=\"https:\/\/recursing-golick.147-182-135-0.plesk.page\/wp-content\/uploads\/2019\/09\/adventists-in-rwanda-celebrate-100-years-of-mission.jpg\" alt=\"\" width=\"802\" height=\"401\" srcset=\"https:\/\/interamerica.org\/wp-content\/uploads\/2019\/09\/adventists-in-rwanda-celebrate-100-years-of-mission.jpg 1000w, https:\/\/interamerica.org\/wp-content\/uploads\/2019\/09\/adventists-in-rwanda-celebrate-100-years-of-mission-300x150.jpg 300w, https:\/\/interamerica.org\/wp-content\/uploads\/2019\/09\/adventists-in-rwanda-celebrate-100-years-of-mission-768x384.jpg 768w\" sizes=\"(max-width: 802px) 100vw, 802px\" \/><p id=\"caption-attachment-51518\" class=\"wp-caption-text\">El presidente de la Iglesia Adventista, Ted N. C. Wilson (centro) y Nancy, su esposa, saludan a los adoradores que se reunieron para celebrar 100 a\u00f1os de presencia adventista en Ruanda. La celebraci\u00f3n atrajo a 40,000 personas al Estadio Nacional Amahoro, en Kigali, Ruanda, el 31 de agosto de 2019. Imagen: Noticias de la Divisi\u00f3n del \u00c1frica Central Oriental<\/p><\/div>\n<p>6 de septiembre de 2019 | Kigali, Ruanda | Prince Bahati, Divisi\u00f3n del \u00c1frica Central Oriental, \u00a0Red Adventista de Noticias y <em>Adventist Review<\/em><\/p>\n<p>M\u00e1s de 40,000 adventistas del s\u00e9ptimo d\u00eda en Ruanda se reunieron en el Estadio Nacional Amahoro, situado en la ciudad capital de Kigali, para celebrar 100 cien a\u00f1os de presencia adventista en el pa\u00eds. El presidente de la Iglesia Adventista mundial, Ted N. C. Wilson, dirigentes regionales de la iglesia y funcionarios del gobierno regional, estuvieron tambi\u00e9n presentes en el evento el s\u00e1bado 31 de agosto de 2019.<\/p>\n<p>Al dirigirse a la congregaci\u00f3n durante el serm\u00f3n del servicio de adoraci\u00f3n, el presidente Wilson describi\u00f3 el evento como \u201chist\u00f3ricamente significativo\u201d y les hizo recordar a los presentes la constante direcci\u00f3n de Dios a trav\u00e9s de las edades.<\/p>\n<p>A trav\u00e9s de pasajes del libro de Josu\u00e9, el presidente Wilson condujo a la audiencia a trav\u00e9s de la experiencia del pueblo de Israel y del cruce del Jord\u00e1n. Enfoc\u00f3 su atenci\u00f3n en las piedras conmemorativas que cada tribu hab\u00eda de cargar como recordativo de la maravillosa salvaci\u00f3n de Dios. Y refiri\u00e9ndose al tema de los cien a\u00f1os de celebraci\u00f3n, que era \u201cEn las Manos de Dios\u201d, el presidente Wilson inst\u00f3 a los adventistas en Ruanda a permanecer en las seguras manos de Dios mientras preparan fieles informes con los cuales recibirlo en su venida.<\/p>\n<p>La celebraci\u00f3n del mencionado centenario fue aprovechada tambi\u00e9n para rendir tributo a los primeros misioneros adventistas en Ruanda que arribaron en 1919. Al recordar su entrega y compromiso, Hesron Byilingiro, presidente de la Iglesia Adventista en Ruanda, afirm\u00f3 la permanencia de su legado al asegurar que \u201cellos nunca van a ser olvidados\u201d, mientras explicaba que esos misioneros tuvieron que integrarse a una cultura que no conoc\u00edan y aprender un nuevo idioma.<\/p>\n<p>El presidente Byilingiro dijo que el evangelio que esparcieron los misioneros a trav\u00e9s de la educaci\u00f3n y la salud era en s\u00ed mismo un idioma que no necesitaba traducci\u00f3n y por lo que \u00e9l estaba muy agradecido. \u201cAlabo a Dios por el mensaje adventista que ha transformado a tantas vidas en este pa\u00eds\u201d, dijo el presidente Byilingiro. Elogi\u00f3 tambi\u00e9n que los ruandeses locales que ayudaron a los misioneros extranjeros al lado de los cuales ellos tambi\u00e9n fueron pioneros.<\/p>\n<p>Siendo que todos los que llevaron a cabo la misi\u00f3n en aquellos a\u00f1os ya han fallecido, los reconocimientos les fueron entregados a sus descendientes. Aquellos cuyos familiares no pudieron ser localizados, fueron honrados en ausencia.<\/p>\n<p>El gobernador de Ruanda estuvo representado por dos ministros de su gabinete y por el principal jefe ejecutivo de la Junta de Gobierno de Ruanda (RGB).\u00a0En nombre de su gobierno, Judith Uwizeye, ministra en la oficina presidencial, dijo que la Iglesia Adventista es un buen socio del gobierno de Ruanda, por causa del papel que desempe\u00f1a en el ramo de la educaci\u00f3n, la salud y el desarrollo.<\/p>\n<p>Al recordar el espantoso genocidio contra los tutsis, en 1994, dijo tambi\u00e9n: \u201cAun cuando la iglesia no se libr\u00f3 de ello, le doy gracias a Dios por salvar a la naci\u00f3n\u201d. La ministra Uwizeye se uni\u00f3 al presidente Wilson en su apelaci\u00f3n a los adventistas a que contin\u00faen siendo buenos ciudadanos y una fuente de sanidad en la comunidad.<\/p>\n<p>Al d\u00eda siguiente del festejo, la delegaci\u00f3n de las oficinas mundiales de la Iglesia Adventista y los dirigentes de la Divisi\u00f3n del \u00c1frica Central Oriental, se unieron a los adventistas en Ruanda en su servicio mensual en favor de la comunidad, conocido como \u201cumuganda\u201d. Mientras que todos los ruandeses llevan a cabo su servicio a la comunidad el \u00faltimo s\u00e1bado del mes, el gobierno les ha permitido a los adventistas hacer su parte el primer domingo de cada mes. El ministro del gobierno local, Anastase Shyaka, reiter\u00f3 ante el presidente Wilson que su gobierno va a mantener siempre vigente la libertad religiosa.<\/p>\n<p>La Iglesia Adventista del S\u00e9ptimo D\u00eda en Ruanda cuenta con m\u00e1s de 900,000 miembros y est\u00e1 esperando llegar hasta un mill\u00f3n de miembros al t\u00e9rmino de 2019.<\/p>\n<p>Traducci\u00f3n \u2013 Gloria A Castrej\u00f3n<\/p>\n","protected":false},"excerpt":{"rendered":"<p>6 de septiembre de 2019 | Kigali, Ruanda | Prince Bahati, Divisi\u00f3n del \u00c1frica Central Oriental, \u00a0Red Adventista de Noticias y Adventist Review M\u00e1s de 40,000 adventistas del s\u00e9ptimo d\u00eda&#8230;<\/p>\n","protected":false},"author":3,"featured_media":51520,"comment_status":"open","ping_status":"closed","sticky":false,"template":"","format":"standard","meta":{"_acf_changed":false,"footnotes":""},"categories":[14],"tags":[],"class_list":["post-51538","post","type-post","status-publish","format-standard","has-post-thumbnail","hentry","category-de-la-iglesia-mundial"],"acf":[],"yoast_head":"<!-- This site is optimized with the Yoast SEO plugin v27.3 - https:\/\/yoast.com\/product\/yoast-seo-wordpress\/ -->\n<title>Adventistas en Ruanda celebran 100 a\u00f1os de misi\u00f3n - Iglesia Adventista del S\u00e9ptimo D\u00eda - Divisi\u00f3n Interamericana<\/title>\n<meta name=\"robots\" content=\"index, follow, max-snippet:-1, max-image-preview:large, max-video-preview:-1\" \/>\n<link rel=\"canonical\" href=\"https:\/\/interamerica.org\/es\/2019\/09\/adventistas-en-ruanda-celebran-100-anos-de-mision\/\" \/>\n<meta property=\"og:locale\" content=\"es_ES\" \/>\n<meta property=\"og:type\" content=\"article\" \/>\n<meta property=\"og:title\" content=\"Adventistas en Ruanda celebran 100 a\u00f1os de misi\u00f3n - Iglesia Adventista del S\u00e9ptimo D\u00eda - Divisi\u00f3n Interamericana\" \/>\n<meta property=\"og:description\" content=\"6 de septiembre de 2019 | Kigali, Ruanda | Prince Bahati, Divisi\u00f3n del \u00c1frica Central Oriental, \u00a0Red Adventista de Noticias y Adventist Review M\u00e1s de 40,000 adventistas del s\u00e9ptimo d\u00eda...\" \/>\n<meta property=\"og:url\" content=\"https:\/\/interamerica.org\/es\/2019\/09\/adventistas-en-ruanda-celebran-100-anos-de-mision\/\" \/>\n<meta property=\"og:site_name\" content=\"Iglesia Adventista del S\u00e9ptimo D\u00eda - Divisi\u00f3n Interamericana\" \/>\n<meta property=\"article:published_time\" content=\"2019-09-07T00:45:05+00:00\" \/>\n<meta property=\"article:modified_time\" content=\"2019-09-08T13:23:30+00:00\" \/>\n<meta property=\"og:image\" content=\"https:\/\/interamerica.org\/wp-content\/uploads\/2019\/09\/adventists-in-rwanda-celebrate-100-years-of-mission.jpg\" \/>\n\t<meta property=\"og:image:width\" content=\"1000\" \/>\n\t<meta property=\"og:image:height\" content=\"500\" \/>\n\t<meta property=\"og:image:type\" content=\"image\/jpeg\" \/>\n<meta name=\"author\" content=\"libna\" \/>\n<meta name=\"twitter:card\" content=\"summary_large_image\" \/>\n<meta name=\"twitter:label1\" content=\"Escrito por\" \/>\n\t<meta name=\"twitter:data1\" content=\"libna\" \/>\n\t<meta name=\"twitter:label2\" content=\"Tiempo de lectura\" \/>\n\t<meta name=\"twitter:data2\" content=\"4 minutos\" \/>\n<script type=\"application\/ld+json\" class=\"yoast-schema-graph\">{\"@context\":\"https:\\\/\\\/schema.org\",\"@graph\":[{\"@type\":\"Article\",\"@id\":\"https:\\\/\\\/interamerica.org\\\/es\\\/2019\\\/09\\\/adventistas-en-ruanda-celebran-100-anos-de-mision\\\/#article\",\"isPartOf\":{\"@id\":\"https:\\\/\\\/interamerica.org\\\/es\\\/2019\\\/09\\\/adventistas-en-ruanda-celebran-100-anos-de-mision\\\/\"},\"author\":{\"name\":\"libna\",\"@id\":\"https:\\\/\\\/interamerica.org\\\/es\\\/#\\\/schema\\\/person\\\/29998f2bc2d8bd0d38662909289b54f1\"},\"headline\":\"Adventistas en Ruanda celebran 100 a\u00f1os de misi\u00f3n\",\"datePublished\":\"2019-09-07T00:45:05+00:00\",\"dateModified\":\"2019-09-08T13:23:30+00:00\",\"mainEntityOfPage\":{\"@id\":\"https:\\\/\\\/interamerica.org\\\/es\\\/2019\\\/09\\\/adventistas-en-ruanda-celebran-100-anos-de-mision\\\/\"},\"wordCount\":781,\"commentCount\":0,\"image\":{\"@id\":\"https:\\\/\\\/interamerica.org\\\/es\\\/2019\\\/09\\\/adventistas-en-ruanda-celebran-100-anos-de-mision\\\/#primaryimage\"},\"thumbnailUrl\":\"https:\\\/\\\/interamerica.org\\\/wp-content\\\/uploads\\\/2019\\\/09\\\/adventists-in-rwanda-celebrate-100-years-of-mission.jpg\",\"articleSection\":[\"Desde la iglesia mundial\"],\"inLanguage\":\"es\",\"potentialAction\":[{\"@type\":\"CommentAction\",\"name\":\"Comment\",\"target\":[\"https:\\\/\\\/interamerica.org\\\/es\\\/2019\\\/09\\\/adventistas-en-ruanda-celebran-100-anos-de-mision\\\/#respond\"]}]},{\"@type\":\"WebPage\",\"@id\":\"https:\\\/\\\/interamerica.org\\\/es\\\/2019\\\/09\\\/adventistas-en-ruanda-celebran-100-anos-de-mision\\\/\",\"url\":\"https:\\\/\\\/interamerica.org\\\/es\\\/2019\\\/09\\\/adventistas-en-ruanda-celebran-100-anos-de-mision\\\/\",\"name\":\"Adventistas en Ruanda celebran 100 a\u00f1os de misi\u00f3n - Iglesia Adventista del S\u00e9ptimo D\u00eda - Divisi\u00f3n Interamericana\",\"isPartOf\":{\"@id\":\"https:\\\/\\\/interamerica.org\\\/es\\\/#website\"},\"primaryImageOfPage\":{\"@id\":\"https:\\\/\\\/interamerica.org\\\/es\\\/2019\\\/09\\\/adventistas-en-ruanda-celebran-100-anos-de-mision\\\/#primaryimage\"},\"image\":{\"@id\":\"https:\\\/\\\/interamerica.org\\\/es\\\/2019\\\/09\\\/adventistas-en-ruanda-celebran-100-anos-de-mision\\\/#primaryimage\"},\"thumbnailUrl\":\"https:\\\/\\\/interamerica.org\\\/wp-content\\\/uploads\\\/2019\\\/09\\\/adventists-in-rwanda-celebrate-100-years-of-mission.jpg\",\"datePublished\":\"2019-09-07T00:45:05+00:00\",\"dateModified\":\"2019-09-08T13:23:30+00:00\",\"author\":{\"@id\":\"https:\\\/\\\/interamerica.org\\\/es\\\/#\\\/schema\\\/person\\\/29998f2bc2d8bd0d38662909289b54f1\"},\"breadcrumb\":{\"@id\":\"https:\\\/\\\/interamerica.org\\\/es\\\/2019\\\/09\\\/adventistas-en-ruanda-celebran-100-anos-de-mision\\\/#breadcrumb\"},\"inLanguage\":\"es\",\"potentialAction\":[{\"@type\":\"ReadAction\",\"target\":[\"https:\\\/\\\/interamerica.org\\\/es\\\/2019\\\/09\\\/adventistas-en-ruanda-celebran-100-anos-de-mision\\\/\"]}]},{\"@type\":\"ImageObject\",\"inLanguage\":\"es\",\"@id\":\"https:\\\/\\\/interamerica.org\\\/es\\\/2019\\\/09\\\/adventistas-en-ruanda-celebran-100-anos-de-mision\\\/#primaryimage\",\"url\":\"https:\\\/\\\/interamerica.org\\\/wp-content\\\/uploads\\\/2019\\\/09\\\/adventists-in-rwanda-celebrate-100-years-of-mission.jpg\",\"contentUrl\":\"https:\\\/\\\/interamerica.org\\\/wp-content\\\/uploads\\\/2019\\\/09\\\/adventists-in-rwanda-celebrate-100-years-of-mission.jpg\",\"width\":1000,\"height\":500,\"caption\":\"El presidente de la Iglesia Adventista, Ted N. C. Wilson (centro) y Nancy, su esposa, saludan a los adoradores que se reunieron para celebrar 100 a\u00f1os de presencia adventista en Ruanda. La celebraci\u00f3n atrajo a 40,000 personas al Estadio Nacional Amahoro, en Kigali, Ruanda, el 31 de agosto de 2019. Imagen: Noticias de la Divisi\u00f3n del \u00c1frica Central Oriental\"},{\"@type\":\"BreadcrumbList\",\"@id\":\"https:\\\/\\\/interamerica.org\\\/es\\\/2019\\\/09\\\/adventistas-en-ruanda-celebran-100-anos-de-mision\\\/#breadcrumb\",\"itemListElement\":[{\"@type\":\"ListItem\",\"position\":1,\"name\":\"Home\",\"item\":\"https:\\\/\\\/interamerica.org\\\/es\\\/\"},{\"@type\":\"ListItem\",\"position\":2,\"name\":\"Adventistas en Ruanda celebran 100 a\u00f1os de misi\u00f3n\"}]},{\"@type\":\"WebSite\",\"@id\":\"https:\\\/\\\/interamerica.org\\\/es\\\/#website\",\"url\":\"https:\\\/\\\/interamerica.org\\\/es\\\/\",\"name\":\"Iglesia Adventista del S\u00e9ptimo D\u00eda - Divisi\u00f3n Interamericana\",\"description\":\"\",\"potentialAction\":[{\"@type\":\"SearchAction\",\"target\":{\"@type\":\"EntryPoint\",\"urlTemplate\":\"https:\\\/\\\/interamerica.org\\\/es\\\/?s={search_term_string}\"},\"query-input\":{\"@type\":\"PropertyValueSpecification\",\"valueRequired\":true,\"valueName\":\"search_term_string\"}}],\"inLanguage\":\"es\"},{\"@type\":\"Person\",\"@id\":\"https:\\\/\\\/interamerica.org\\\/es\\\/#\\\/schema\\\/person\\\/29998f2bc2d8bd0d38662909289b54f1\",\"name\":\"libna\",\"image\":{\"@type\":\"ImageObject\",\"inLanguage\":\"es\",\"@id\":\"https:\\\/\\\/secure.gravatar.com\\\/avatar\\\/7c5bd30ae4b47a9ba3c856590957fd1d96dc588bf3ac05719d247e126840331f?s=96&d=mm&r=g\",\"url\":\"https:\\\/\\\/secure.gravatar.com\\\/avatar\\\/7c5bd30ae4b47a9ba3c856590957fd1d96dc588bf3ac05719d247e126840331f?s=96&d=mm&r=g\",\"contentUrl\":\"https:\\\/\\\/secure.gravatar.com\\\/avatar\\\/7c5bd30ae4b47a9ba3c856590957fd1d96dc588bf3ac05719d247e126840331f?s=96&d=mm&r=g\",\"caption\":\"libna\"}}]}<\/script>\n<!-- \/ Yoast SEO plugin. -->","yoast_head_json":{"title":"Adventistas en Ruanda celebran 100 a\u00f1os de misi\u00f3n - Iglesia Adventista del S\u00e9ptimo D\u00eda - Divisi\u00f3n Interamericana","robots":{"index":"index","follow":"follow","max-snippet":"max-snippet:-1","max-image-preview":"max-image-preview:large","max-video-preview":"max-video-preview:-1"},"canonical":"https:\/\/interamerica.org\/es\/2019\/09\/adventistas-en-ruanda-celebran-100-anos-de-mision\/","og_locale":"es_ES","og_type":"article","og_title":"Adventistas en Ruanda celebran 100 a\u00f1os de misi\u00f3n - Iglesia Adventista del S\u00e9ptimo D\u00eda - Divisi\u00f3n Interamericana","og_description":"6 de septiembre de 2019 | Kigali, Ruanda | Prince Bahati, Divisi\u00f3n del \u00c1frica Central Oriental, \u00a0Red Adventista de Noticias y Adventist Review M\u00e1s de 40,000 adventistas del s\u00e9ptimo d\u00eda...","og_url":"https:\/\/interamerica.org\/es\/2019\/09\/adventistas-en-ruanda-celebran-100-anos-de-mision\/","og_site_name":"Iglesia Adventista del S\u00e9ptimo D\u00eda - Divisi\u00f3n Interamericana","article_published_time":"2019-09-07T00:45:05+00:00","article_modified_time":"2019-09-08T13:23:30+00:00","og_image":[{"width":1000,"height":500,"url":"https:\/\/interamerica.org\/wp-content\/uploads\/2019\/09\/adventists-in-rwanda-celebrate-100-years-of-mission.jpg","type":"image\/jpeg"}],"author":"libna","twitter_card":"summary_large_image","twitter_misc":{"Escrito por":"libna","Tiempo de lectura":"4 minutos"},"schema":{"@context":"https:\/\/schema.org","@graph":[{"@type":"Article","@id":"https:\/\/interamerica.org\/es\/2019\/09\/adventistas-en-ruanda-celebran-100-anos-de-mision\/#article","isPartOf":{"@id":"https:\/\/interamerica.org\/es\/2019\/09\/adventistas-en-ruanda-celebran-100-anos-de-mision\/"},"author":{"name":"libna","@id":"https:\/\/interamerica.org\/es\/#\/schema\/person\/29998f2bc2d8bd0d38662909289b54f1"},"headline":"Adventistas en Ruanda celebran 100 a\u00f1os de misi\u00f3n","datePublished":"2019-09-07T00:45:05+00:00","dateModified":"2019-09-08T13:23:30+00:00","mainEntityOfPage":{"@id":"https:\/\/interamerica.org\/es\/2019\/09\/adventistas-en-ruanda-celebran-100-anos-de-mision\/"},"wordCount":781,"commentCount":0,"image":{"@id":"https:\/\/interamerica.org\/es\/2019\/09\/adventistas-en-ruanda-celebran-100-anos-de-mision\/#primaryimage"},"thumbnailUrl":"https:\/\/interamerica.org\/wp-content\/uploads\/2019\/09\/adventists-in-rwanda-celebrate-100-years-of-mission.jpg","articleSection":["Desde la iglesia mundial"],"inLanguage":"es","potentialAction":[{"@type":"CommentAction","name":"Comment","target":["https:\/\/interamerica.org\/es\/2019\/09\/adventistas-en-ruanda-celebran-100-anos-de-mision\/#respond"]}]},{"@type":"WebPage","@id":"https:\/\/interamerica.org\/es\/2019\/09\/adventistas-en-ruanda-celebran-100-anos-de-mision\/","url":"https:\/\/interamerica.org\/es\/2019\/09\/adventistas-en-ruanda-celebran-100-anos-de-mision\/","name":"Adventistas en Ruanda celebran 100 a\u00f1os de misi\u00f3n - Iglesia Adventista del S\u00e9ptimo D\u00eda - Divisi\u00f3n Interamericana","isPartOf":{"@id":"https:\/\/interamerica.org\/es\/#website"},"primaryImageOfPage":{"@id":"https:\/\/interamerica.org\/es\/2019\/09\/adventistas-en-ruanda-celebran-100-anos-de-mision\/#primaryimage"},"image":{"@id":"https:\/\/interamerica.org\/es\/2019\/09\/adventistas-en-ruanda-celebran-100-anos-de-mision\/#primaryimage"},"thumbnailUrl":"https:\/\/interamerica.org\/wp-content\/uploads\/2019\/09\/adventists-in-rwanda-celebrate-100-years-of-mission.jpg","datePublished":"2019-09-07T00:45:05+00:00","dateModified":"2019-09-08T13:23:30+00:00","author":{"@id":"https:\/\/interamerica.org\/es\/#\/schema\/person\/29998f2bc2d8bd0d38662909289b54f1"},"breadcrumb":{"@id":"https:\/\/interamerica.org\/es\/2019\/09\/adventistas-en-ruanda-celebran-100-anos-de-mision\/#breadcrumb"},"inLanguage":"es","potentialAction":[{"@type":"ReadAction","target":["https:\/\/interamerica.org\/es\/2019\/09\/adventistas-en-ruanda-celebran-100-anos-de-mision\/"]}]},{"@type":"ImageObject","inLanguage":"es","@id":"https:\/\/interamerica.org\/es\/2019\/09\/adventistas-en-ruanda-celebran-100-anos-de-mision\/#primaryimage","url":"https:\/\/interamerica.org\/wp-content\/uploads\/2019\/09\/adventists-in-rwanda-celebrate-100-years-of-mission.jpg","contentUrl":"https:\/\/interamerica.org\/wp-content\/uploads\/2019\/09\/adventists-in-rwanda-celebrate-100-years-of-mission.jpg","width":1000,"height":500,"caption":"El presidente de la Iglesia Adventista, Ted N. C. Wilson (centro) y Nancy, su esposa, saludan a los adoradores que se reunieron para celebrar 100 a\u00f1os de presencia adventista en Ruanda. La celebraci\u00f3n atrajo a 40,000 personas al Estadio Nacional Amahoro, en Kigali, Ruanda, el 31 de agosto de 2019. Imagen: Noticias de la Divisi\u00f3n del \u00c1frica Central Oriental"},{"@type":"BreadcrumbList","@id":"https:\/\/interamerica.org\/es\/2019\/09\/adventistas-en-ruanda-celebran-100-anos-de-mision\/#breadcrumb","itemListElement":[{"@type":"ListItem","position":1,"name":"Home","item":"https:\/\/interamerica.org\/es\/"},{"@type":"ListItem","position":2,"name":"Adventistas en Ruanda celebran 100 a\u00f1os de misi\u00f3n"}]},{"@type":"WebSite","@id":"https:\/\/interamerica.org\/es\/#website","url":"https:\/\/interamerica.org\/es\/","name":"Iglesia Adventista del S\u00e9ptimo D\u00eda - Divisi\u00f3n Interamericana","description":"","potentialAction":[{"@type":"SearchAction","target":{"@type":"EntryPoint","urlTemplate":"https:\/\/interamerica.org\/es\/?s={search_term_string}"},"query-input":{"@type":"PropertyValueSpecification","valueRequired":true,"valueName":"search_term_string"}}],"inLanguage":"es"},{"@type":"Person","@id":"https:\/\/interamerica.org\/es\/#\/schema\/person\/29998f2bc2d8bd0d38662909289b54f1","name":"libna","image":{"@type":"ImageObject","inLanguage":"es","@id":"https:\/\/secure.gravatar.com\/avatar\/7c5bd30ae4b47a9ba3c856590957fd1d96dc588bf3ac05719d247e126840331f?s=96&d=mm&r=g","url":"https:\/\/secure.gravatar.com\/avatar\/7c5bd30ae4b47a9ba3c856590957fd1d96dc588bf3ac05719d247e126840331f?s=96&d=mm&r=g","contentUrl":"https:\/\/secure.gravatar.com\/avatar\/7c5bd30ae4b47a9ba3c856590957fd1d96dc588bf3ac05719d247e126840331f?s=96&d=mm&r=g","caption":"libna"}}]}},"_links":{"self":[{"href":"https:\/\/interamerica.org\/es\/wp-json\/wp\/v2\/posts\/51538","targetHints":{"allow":["GET"]}}],"collection":[{"href":"https:\/\/interamerica.org\/es\/wp-json\/wp\/v2\/posts"}],"about":[{"href":"https:\/\/interamerica.org\/es\/wp-json\/wp\/v2\/types\/post"}],"author":[{"embeddable":true,"href":"https:\/\/interamerica.org\/es\/wp-json\/wp\/v2\/users\/3"}],"replies":[{"embeddable":true,"href":"https:\/\/interamerica.org\/es\/wp-json\/wp\/v2\/comments?post=51538"}],"version-history":[{"count":0,"href":"https:\/\/interamerica.org\/es\/wp-json\/wp\/v2\/posts\/51538\/revisions"}],"wp:featuredmedia":[{"embeddable":true,"href":"https:\/\/interamerica.org\/es\/wp-json\/wp\/v2\/media\/51520"}],"wp:attachment":[{"href":"https:\/\/interamerica.org\/es\/wp-json\/wp\/v2\/media?parent=51538"}],"wp:term":[{"taxonomy":"category","embeddable":true,"href":"https:\/\/interamerica.org\/es\/wp-json\/wp\/v2\/categories?post=51538"},{"taxonomy":"post_tag","embeddable":true,"href":"https:\/\/interamerica.org\/es\/wp-json\/wp\/v2\/tags?post=51538"}],"curies":[{"name":"wp","href":"https:\/\/api.w.org\/{rel}","templated":true}]}}