{"id":51679,"date":"2019-09-10T18:23:58","date_gmt":"2019-09-10T22:23:58","guid":{"rendered":"https:\/\/recursing-golick.147-182-135-0.plesk.page\/?p=51679"},"modified":"2019-09-10T23:28:57","modified_gmt":"2019-09-11T03:28:57","slug":"en-norteamerica-cumbre-se-enfoca-en-ayudar-a-reconocer-y-detener-el-abuso","status":"publish","type":"post","link":"https:\/\/interamerica.org\/es\/2019\/09\/en-norteamerica-cumbre-se-enfoca-en-ayudar-a-reconocer-y-detener-el-abuso\/","title":{"rendered":"En Norteam\u00e9rica, cumbre se enfoca en ayudar a reconocer y detener el abuso"},"content":{"rendered":"<div id=\"attachment_51658\" style=\"width: 814px\" class=\"wp-caption aligncenter\"><img fetchpriority=\"high\" decoding=\"async\" aria-describedby=\"caption-attachment-51658\" class=\" wp-image-51656\" src=\"https:\/\/recursing-golick.147-182-135-0.plesk.page\/wp-content\/uploads\/2019\/09\/enditnow-2019-english-and-spanish-mid-res-ruben-muriente-dsc08594.jpg\" alt=\"\" width=\"804\" height=\"536\" srcset=\"https:\/\/interamerica.org\/wp-content\/uploads\/2019\/09\/enditnow-2019-english-and-spanish-mid-res-ruben-muriente-dsc08594.jpg 1000w, https:\/\/interamerica.org\/wp-content\/uploads\/2019\/09\/enditnow-2019-english-and-spanish-mid-res-ruben-muriente-dsc08594-300x200.jpg 300w, https:\/\/interamerica.org\/wp-content\/uploads\/2019\/09\/enditnow-2019-english-and-spanish-mid-res-ruben-muriente-dsc08594-768x512.jpg 768w\" sizes=\"(max-width: 804px) 100vw, 804px\" \/><p id=\"caption-attachment-51658\" class=\"wp-caption-text\">Ruben Muriente se dirige a la audiencia el 4 de septiembre de 2019, en la Cumbre Sobre el Abuso enditnow 2019. Muriente, coordinador de actividades externas del Centro de Justicia Familiar en Tennessee, habl\u00f3 ambos d\u00edas de la cumbre, disertanto en ingl\u00e9s y en espa\u00f1o. Fotograf\u00eda: Pieter Damsteegt, Noticias de la Divisi\u00f3n Norteamericana<\/p><\/div>\n<p>10 de septiembre de 2019 | Berrien Springs, M\u00edchigan, Estados Unidos | Kimberly Luste Maran, Divisi\u00f3n Norteamericana, y <em>Adventist Review<\/em><\/p>\n<p>El sal\u00f3n de cultos del Seminario Teol\u00f3gico Adventista en el campus de la Universidad Andrews en Berrien Springs, M\u00edchigan, Estados Unidos, estuvo repleto durante la tarde y noche del 4 de septiembre de 2019, el primer d\u00eda de la Cumbre Contra el Abuso enditnow 2019 de la Divisi\u00f3n Norteamericana. Es la tercera cumbre de la divisi\u00f3n, que se transmiti\u00f3 durante dos d\u00edas en ingl\u00e9s y espa\u00f1ol, y la primera en ser llevada a cabo en un campus universitario.<\/p>\n<p>La cumbre de dos d\u00edas fue organizada para dar a los pastores, los estudiantes de teolog\u00eda, los docentes, los voluntarios, el personal de la iglesia y los miembros las herramientas y el conocimiento para ayudar a poner fin al abuso dentro de su esfera de influencia. La cumbre cont\u00f3 con diversos expertos, desde l\u00edderes de la iglesia, administradores, defensores profesionales, educadores y mujeres que compartieron sus historias de abuso.<\/p>\n<p><strong>Un tema sobrio y serio<\/strong><\/p>\n<p>\u201cEste es un tema muy sobrio y serio que enfrenta nuestra sociedad y nuestra iglesia\u201d, dijo G. Alexander Bryant, secretario ejecutivo de la Divisi\u00f3n Norteamericana, durante una introducci\u00f3n a la cumbre. \u201cEs mi oraci\u00f3n que ustedes salgan de esta cumbre m\u00e1s equipados, informados y motivados de hacer frente al abuso en su esfera de influencia: donde trabajan donde socializan y aun donde realizan los cultos\u201d.<\/p>\n<p>Adem\u00e1s de la audiencia en vivo que se reuni\u00f3 ambos d\u00edas en la capilla, seg\u00fan Jamie Domm, estratega de medios digitales de la Divisi\u00f3n Norteamericana, m\u00e1s de 3600 personas se registraron para seguir el programa en vivo en Facebook durante ambos d\u00edas. En promedio, m\u00e1s de quinientos siguieron continuamente el programa en vivo por Internet a trav\u00e9s de Facebook.<\/p>\n<div id=\"attachment_51661\" style=\"width: 811px\" class=\"wp-caption aligncenter\"><img decoding=\"async\" aria-describedby=\"caption-attachment-51661\" class=\" wp-image-51659\" src=\"https:\/\/recursing-golick.147-182-135-0.plesk.page\/wp-content\/uploads\/2019\/09\/enditnow-2019-english-audience-photo-mid-res-dsc08464.jpg\" alt=\"\" width=\"801\" height=\"534\" srcset=\"https:\/\/interamerica.org\/wp-content\/uploads\/2019\/09\/enditnow-2019-english-audience-photo-mid-res-dsc08464.jpg 1000w, https:\/\/interamerica.org\/wp-content\/uploads\/2019\/09\/enditnow-2019-english-audience-photo-mid-res-dsc08464-300x200.jpg 300w, https:\/\/interamerica.org\/wp-content\/uploads\/2019\/09\/enditnow-2019-english-audience-photo-mid-res-dsc08464-768x512.jpg 768w\" sizes=\"(max-width: 801px) 100vw, 801px\" \/><p id=\"caption-attachment-51661\" class=\"wp-caption-text\">Los estudiantes del seminario teol\u00f3gico participan activamente en la Cumbre Sobre el Abuso enditnow 2019, llevado a cabo en el campus de la Universidad Andrews. Fotograf\u00eda: Pieter Damsteegt, Noticias de la Divisi\u00f3n Norteamericana<\/p><\/div>\n<p>Antes de que los expertos de la cumbre se abrieran paso a la plataforma, Ivan Williams, director de la Asociaci\u00f3n Ministerial de la Divisi\u00f3n Norteamericana, dio la bienvenida a la audiencia, y audiencias en el lugar y en l\u00ednea participaron de una encuesta sobre el abuso. Durante ambos d\u00edas, los disertantes (despu\u00e9s de presentar sus temas), abogados, pastores y representantes de Adventist Risk Management estuvieron disponibles para responder preguntas generadas en Twitter y Facebook.<\/p>\n<p>\u201c\u00bfPor qu\u00e9 enfrentar este tema es pertinente para la iglesia?\u201d pregunt\u00f3 la primera disertante Ren\u00e9 Drumm, quien entonces comparti\u00f3 la segunda parte de las palabras de Jes\u00fas en Juan 10:10: \u201cVivir una vida de abuso no es vivir una vida abundante [\u2026]. Una persona ya es demasiado\u201d.<\/p>\n<p><strong>Temas que se cubrieron<\/strong><\/p>\n<p>Los temas que se cubrieron durante el primer d\u00eda de la Cumbre Sobre el Abuso incluyeron: \u201cAbuso relacional y violencia en la Iglesia Adventista\u201d, Drumm, profesora de trabajo social; \u201cAbuso espiritual: Pong\u00e1mosle fin ahora\u201d, David Sedlacek, profesor de Ministerios de Familia y Discipulado; \u201cLas v\u00edctimas silenciosas de la violencia dom\u00e9stica\u201d, Rub\u00e9n Muriente, coordinador de actividades externas del Centro de Justicia Familiar (Tennessee); \u201cAbuso entre iguales: prevalencia, protecci\u00f3n y prevenci\u00f3n\u201d, Mindy Salyers, educadora, consejera, especialista en prevenci\u00f3n del bullying; \u201cPornograf\u00eda y violencia\u201d, Stanley Stevenson, director regional de servicios sociales, Ministerio de Salud de Mississippi; \u201cEl doble abuso y sus consecuencias\u201d, Sarah McDugal, entrenadora de recuperaci\u00f3n del abuso; y \u201cEl centro del abuso\u201d, con el coordinador de la Iniciativa Salmo 82.<\/p>\n<p>Las presentaciones del segundo d\u00eda fueron en espa\u00f1ol.<\/p>\n<p>Nicole Crosier Parker, una persona que sigui\u00f3 el programa en Facebook, comparti\u00f3 su aprecio por la cumbre por medio del comentario: \u201cEsto. Fue. Maravilloso\u201d, escribi\u00f3 Parker. \u201cGracias a todos los maravillosos disertantes, y todos los dem\u00e1s le han dedicado tanto trabajo a esto. \u00a1As\u00ed es como se produce el cambio!\u201d<\/p>\n<div id=\"attachment_51670\" style=\"width: 520px\" class=\"wp-caption aligncenter\"><img decoding=\"async\" aria-describedby=\"caption-attachment-51670\" class=\" wp-image-51668\" src=\"https:\/\/recursing-golick.147-182-135-0.plesk.page\/wp-content\/uploads\/2019\/09\/enditnow-2019-english-mid-res-rene-drumm-dsc08326-683x1024.jpg\" alt=\"\" width=\"510\" height=\"765\" srcset=\"https:\/\/interamerica.org\/wp-content\/uploads\/2019\/09\/enditnow-2019-english-mid-res-rene-drumm-dsc08326-683x1024.jpg 683w, https:\/\/interamerica.org\/wp-content\/uploads\/2019\/09\/enditnow-2019-english-mid-res-rene-drumm-dsc08326-200x300.jpg 200w, https:\/\/interamerica.org\/wp-content\/uploads\/2019\/09\/enditnow-2019-english-mid-res-rene-drumm-dsc08326.jpg 700w\" sizes=\"(max-width: 510px) 100vw, 510px\" \/><p id=\"caption-attachment-51670\" class=\"wp-caption-text\">Durante la Cumbre Contra el Abuso enditnow 2019 (en ingl\u00e9s), la disertante Ren\u00e9 Drumm habla sobre el abuso y la violencia en las relaciones. Fotograf\u00eda: Pieter Damsteegt, Noticias de la Divisi\u00f3n Norteamericana<\/p><\/div>\n<p>Despu\u00e9s que concluyeron las transmisiones en vivo, otra vez por primera vez, los disertantes y los asistentes fueron invitados a una comida con una sesi\u00f3n de preguntas y respuestas. All\u00ed, los miembros de la audiencia formularon preguntas al panel de disertantes y escucharon sobre situaciones y soluciones de la vida real.<\/p>\n<h4><strong>La Iglesia Adventista puede convertirse en l\u00edder<\/strong><\/h4>\n<p>La primera presentadora, Ren\u00e9 Drumm, que ha estado llevando a cabo investigaciones sobre violencia dom\u00e9stica y violencia \u00edntima en la pareja en la iglesia durante d\u00e9cadas, dijo que cree que la Iglesia Adventista ocupa un lugar \u00fanico para convertirse en un l\u00edder mundial en el \u00e1rea de respuesta y prevenci\u00f3n del abuso.<\/p>\n<p>\u201cEl primer estudio a comienzos de la d\u00e9cada de 2000 mostr\u00f3 que nuestros \u00edndices de violencia en la pareja est\u00e1n m\u00e1s o menos a la par con las estad\u00edsticas nacionales de Estados Unidos\u201d, dijo Drumm. \u201cEl segundo estudio efectu\u00f3 una mirada en profundidad a las v\u00edctimas y los supervivientes adventistas de la violencia de pareja, lo que capt\u00f3 mi coraz\u00f3n y energ\u00eda. El dolor de las historias de los supervivientes nos convenci\u00f3 que la necesidad m\u00e1s apremiante era la de capacitar a los pastores para que sepan c\u00f3mo responder a las revelaciones de abuso. A partir de all\u00ed, el Se\u00f1or abri\u00f3 las puertas para que nuestro equipo de investigaci\u00f3n capacitara a los pastores de nuestra regi\u00f3n (por entonces la Asociaci\u00f3n de Georgia-Cumberland) sobre c\u00f3mo responder al abuso. Desarrollamos una capacitaci\u00f3n de cuatro horas que orden\u00f3 la asociaci\u00f3n para todos los pastores, con resultados maravillosos y duraderos\u201d.<\/p>\n<p>Drumm concluy\u00f3: \u201cDebido a que un n\u00famero significativo de personas en nuestra iglesia est\u00e1n sufriendo de esta aflicci\u00f3n silenciosa, necesitamos actuar. Tenemos los datos, sabemos lo que se necesita hacer y tenemos un camino probado que lleva a mejoras\u201d.<\/p>\n<p><strong>Erradicar el abuso<\/strong><\/p>\n<p>Otro disertante, Rub\u00e9n Muriente, dijo que participaba de la cumbre porque quiere equipar a la Iglesia Adventista con los mejores recursos y la mejor educaci\u00f3n y concientizaci\u00f3n disponibles para luchar de frente contra el abuso. Muriente, que coordina las actividades externas del Centro de Justicia Familiar en Tennessee, habl\u00f3 ambos d\u00edas de la cumbre, un d\u00eda en ingl\u00e9s y otro en espa\u00f1ol.<\/p>\n<div id=\"attachment_51664\" style=\"width: 809px\" class=\"wp-caption aligncenter\"><img loading=\"lazy\" decoding=\"async\" aria-describedby=\"caption-attachment-51664\" class=\" wp-image-51662\" src=\"https:\/\/recursing-golick.147-182-135-0.plesk.page\/wp-content\/uploads\/2019\/09\/enditnow-2019-english-mid-res-david-sedlacek-dsc08493.jpg\" alt=\"\" width=\"799\" height=\"533\" srcset=\"https:\/\/interamerica.org\/wp-content\/uploads\/2019\/09\/enditnow-2019-english-mid-res-david-sedlacek-dsc08493.jpg 1000w, https:\/\/interamerica.org\/wp-content\/uploads\/2019\/09\/enditnow-2019-english-mid-res-david-sedlacek-dsc08493-300x200.jpg 300w, https:\/\/interamerica.org\/wp-content\/uploads\/2019\/09\/enditnow-2019-english-mid-res-david-sedlacek-dsc08493-768x512.jpg 768w\" sizes=\"(max-width: 799px) 100vw, 799px\" \/><p id=\"caption-attachment-51664\" class=\"wp-caption-text\">David Sedlacek, profesor de Ministerio y Discipulado Familiar en la Universidad Andrews, se dirige tanto a la audiencia en l\u00ednea como a los reunidos en el Sal\u00f3n de Cultos del Seminario Teol\u00f3gico Adventista, el 4 de septiembre de 2019. Fotograf\u00eda: Pieter Damsteegt, Noticias de la Divisi\u00f3n Norteamericana<\/p><\/div>\n<p>\u201cMi objetivo es erradicar el abuso en nuestra iglesia\u201d, dijo Muriente. \u201cEn la cumbre, estar\u00e9 disertando sobre los efectos del abuso sobre los ni\u00f1os que son testigos del abuso. Quiero que la audiencia comprenda que los ni\u00f1os necesitan nuestra ayuda y apoyo\u201d.<\/p>\n<p><strong>La responsabilidad de crear iglesias seguras<\/strong><\/p>\n<p>David Sedlacek, que es profesor en la Universidad Andrews, dijo que \u201ccomo superviviente de abuso espiritual y emocional, estoy convencido de que la Iglesia Adventista tiene la responsabilidad de crear iglesias seguras no solo para nuestros miembros sino tambi\u00e9n para las comunidades que nos rodean\u201d.<\/p>\n<p>Sedlacek cree que la Cumbre Contra el Abuso enditnow de la Divisi\u00f3n Norteamericana ha brindado informaci\u00f3n, testimonios y estrategias para ayudar a hacer frente al abuso y la violencia de todo tipo. \u201cAyudar\u00e1 a que nuestra iglesia avance. Es un elemento fundamental de la misi\u00f3n de sanaci\u00f3n de la iglesia que tiene la iglesia, mientras aguarda la segunda venida de Cristo\u201d, expres\u00f3.<\/p>\n<p><strong>Hay que tomar en serio el abuso<\/strong><\/p>\n<p>\u201cLa Cumbre Sobre el Abuso enditnow es fundamental para la Iglesia Adventista, porque ya ha pasado suficiente tiempo como para que nosotros tomemos en serio el tema del abuso\u201d, expres\u00f3 Sarah McDugal. \u201cLlevamos un mandato del evangelio de representar con exactitud el car\u00e1cter amante de Dios a los que est\u00e1n heridos y se sienten vulnerables. Tratar de manera apropiada con el abuso y los abusadores es un imperativo de la evangelizaci\u00f3n, porque las situaciones de abuso que se enfrentan de manera inadecuada son uno de los mayores factores para que los j\u00f3venes dejen la iglesia. \u00bfC\u00f3mo podemos esperar que nuestros j\u00f3venes se queden, cuando demasiado a menudo ven que los l\u00edderes representan de manera err\u00f3nea el car\u00e1cter de Dios cuando protegen a los abusadores y dejan de lado a las v\u00edctimas?\u201d<\/p>\n<div id=\"attachment_51667\" style=\"width: 811px\" class=\"wp-caption aligncenter\"><img loading=\"lazy\" decoding=\"async\" aria-describedby=\"caption-attachment-51667\" class=\" wp-image-51665\" src=\"https:\/\/recursing-golick.147-182-135-0.plesk.page\/wp-content\/uploads\/2019\/09\/enditnow-2019-english-mid-res-latoya-wright-dsc09281.jpg\" alt=\"\" width=\"801\" height=\"534\" srcset=\"https:\/\/interamerica.org\/wp-content\/uploads\/2019\/09\/enditnow-2019-english-mid-res-latoya-wright-dsc09281.jpg 1000w, https:\/\/interamerica.org\/wp-content\/uploads\/2019\/09\/enditnow-2019-english-mid-res-latoya-wright-dsc09281-300x200.jpg 300w, https:\/\/interamerica.org\/wp-content\/uploads\/2019\/09\/enditnow-2019-english-mid-res-latoya-wright-dsc09281-768x512.jpg 768w\" sizes=\"(max-width: 801px) 100vw, 801px\" \/><p id=\"caption-attachment-51667\" class=\"wp-caption-text\">Despu\u00e9s del primer d\u00eda de la transmisi\u00f3n en vivo por Internet, Latoya Wright, estudiante del seminario teol\u00f3gico y superviviente de abuso, participa en el panel de disertantes en la sesi\u00f3n de preguntas y respuestas de la cumbre en el Edificio Chan Shun de la Universidad Andrews. Fotograf\u00eda: Pieter Damsteegt, Noticias de la Divisi\u00f3n Norteamericana<\/p><\/div>\n<p>McDugal espera que la audiencia salga de la cumbre con una conciencia que induzca a la sanaci\u00f3n, al darse cuenta de que en la iglesia hay personas que se interesan en contrarrestar el abuso; que sientan un mayor sentido de libertad para hablar sobre su dolor y encontrar apoyo, y una conexi\u00f3n con las herramientas pr\u00e1cticas que se necesitan usar para aumentar la educaci\u00f3n sobre temas de abusos.<\/p>\n<h4><strong>Hablar abiertamente del tema<\/strong><\/h4>\n<p>Aunque muchos de la administraci\u00f3n y el liderazgo de la Divisi\u00f3n Norteamericana han apoyado la cumbre de much\u00edsimas maneras (desde la organizaci\u00f3n hasta la planificaci\u00f3n y la presentaci\u00f3n) dos de ellos tambi\u00e9n tuvieron a su cargo presentaciones en el evento de este a\u00f1o, durante la transmisi\u00f3n en espa\u00f1ol.<\/p>\n<p>Gerry L\u00f3pez, director asociado de Ministerios de Ni\u00f1os de la Divisi\u00f3n Norteamericana, dijo que \u201ces tiempo de que nuestra iglesia hable e informe sobre estos temas, de que se refiera a ellos abiertamente. Necesitamos educar a nuestros l\u00edderes y miembros y hacer que sean conscientes de que este es un problema real que existe en nuestra iglesia. Tenemos que educar a todos para que podamos saber c\u00f3mo identificar el problema y ayudar a las v\u00edctimas\u201d.<\/p>\n<p>L\u00f3pez disert\u00f3 sobre el acoso conocido como bullying, con la esperanza de que los que segu\u00edan el programa obtengan una mejor comprensi\u00f3n no solo sobre lo que es el bullying y sobre c\u00f3mo prevenirlo, sino tambi\u00e9n para que ayuden a los ni\u00f1os a hacerle frente. \u201cComo pastores, maestros de Escuela Sab\u00e1tica, l\u00edderes del ministerio de ni\u00f1os, maestros de escuela y padres, tenemos que ser esas personas a las que las v\u00edctimas del bullying puedan dirigirse en busca de ayuda y protecci\u00f3n. La \u00fanica manera en que esto se producir\u00e1 es que ellos conf\u00eden lo suficiente como para venir hasta nosotros; la \u00fanica manera en que podemos ayudar es que estemos informados para saber qu\u00e9 hacer\u201d.<\/p>\n<p>\u201cHabl\u00e9 de la relaci\u00f3n entre los consumidores de pornograf\u00eda y el abuso \u00edntimo en la pareja\u201d, cont\u00f3 Claudio Consuegra, director de Ministerios de Familia de la Divisi\u00f3n Norteamericana. \u201cEsperamos arrojar algo m\u00e1s de luz sobre el problema creciente con la pornograf\u00eda en nuestras iglesias y comunidades\u201d, expres\u00f3.<\/p>\n<p><em>La <\/em><a href=\"https:\/\/www.nadadventist.org\/news\/2019-enditnow-nad-summit-abuse-focuses-helping-pastors-and-seminary-students-recognize-and\"><em>versi\u00f3n original<\/em><\/a><em> de este informe fue publicado en el <\/em><a href=\"https:\/\/www.nadadventist.org\/news\"><em>sitio de noticias<\/em>de la Divisi\u00f3n Norteamericana<\/a><em>.<\/em><\/p>\n<p>Traducci\u00f3n de Marcos Paseggi<\/p>\n","protected":false},"excerpt":{"rendered":"<p>10 de septiembre de 2019 | Berrien Springs, M\u00edchigan, Estados Unidos | Kimberly Luste Maran, Divisi\u00f3n Norteamericana, y Adventist Review El sal\u00f3n de cultos del Seminario Teol\u00f3gico Adventista en el&#8230;<\/p>\n","protected":false},"author":3,"featured_media":51658,"comment_status":"open","ping_status":"closed","sticky":false,"template":"","format":"standard","meta":{"_acf_changed":false,"footnotes":""},"categories":[14,15],"tags":[],"class_list":["post-51679","post","type-post","status-publish","format-standard","has-post-thumbnail","hentry","category-de-la-iglesia-mundial","category-rss-espanol"],"acf":[],"yoast_head":"<!-- This site is optimized with the Yoast SEO plugin v27.3 - https:\/\/yoast.com\/product\/yoast-seo-wordpress\/ -->\n<title>En Norteam\u00e9rica, cumbre se enfoca en ayudar a reconocer y detener el abuso - Iglesia Adventista del S\u00e9ptimo D\u00eda - Divisi\u00f3n Interamericana<\/title>\n<meta name=\"robots\" content=\"index, follow, max-snippet:-1, max-image-preview:large, max-video-preview:-1\" \/>\n<link rel=\"canonical\" href=\"https:\/\/interamerica.org\/es\/2019\/09\/en-norteamerica-cumbre-se-enfoca-en-ayudar-a-reconocer-y-detener-el-abuso\/\" \/>\n<meta property=\"og:locale\" content=\"es_ES\" \/>\n<meta property=\"og:type\" content=\"article\" \/>\n<meta property=\"og:title\" content=\"En Norteam\u00e9rica, cumbre se enfoca en ayudar a reconocer y detener el abuso - Iglesia Adventista del S\u00e9ptimo D\u00eda - Divisi\u00f3n Interamericana\" \/>\n<meta property=\"og:description\" content=\"10 de septiembre de 2019 | Berrien Springs, M\u00edchigan, Estados Unidos | Kimberly Luste Maran, Divisi\u00f3n Norteamericana, y Adventist Review El sal\u00f3n de cultos del Seminario Teol\u00f3gico Adventista en el...\" \/>\n<meta property=\"og:url\" content=\"https:\/\/interamerica.org\/es\/2019\/09\/en-norteamerica-cumbre-se-enfoca-en-ayudar-a-reconocer-y-detener-el-abuso\/\" \/>\n<meta property=\"og:site_name\" content=\"Iglesia Adventista del S\u00e9ptimo D\u00eda - Divisi\u00f3n Interamericana\" \/>\n<meta property=\"article:published_time\" content=\"2019-09-10T22:23:58+00:00\" \/>\n<meta property=\"article:modified_time\" content=\"2019-09-11T03:28:57+00:00\" \/>\n<meta property=\"og:image\" content=\"https:\/\/interamerica.org\/wp-content\/uploads\/2019\/09\/enditnow-2019-english-and-spanish-mid-res-ruben-muriente-dsc08594.jpg\" \/>\n\t<meta property=\"og:image:width\" content=\"1000\" \/>\n\t<meta property=\"og:image:height\" content=\"667\" \/>\n\t<meta property=\"og:image:type\" content=\"image\/jpeg\" \/>\n<meta name=\"author\" content=\"libna\" \/>\n<meta name=\"twitter:card\" content=\"summary_large_image\" \/>\n<meta name=\"twitter:label1\" content=\"Escrito por\" \/>\n\t<meta name=\"twitter:data1\" content=\"libna\" \/>\n\t<meta name=\"twitter:label2\" content=\"Tiempo de lectura\" \/>\n\t<meta name=\"twitter:data2\" content=\"10 minutos\" \/>\n<script type=\"application\/ld+json\" class=\"yoast-schema-graph\">{\"@context\":\"https:\\\/\\\/schema.org\",\"@graph\":[{\"@type\":\"Article\",\"@id\":\"https:\\\/\\\/interamerica.org\\\/es\\\/2019\\\/09\\\/en-norteamerica-cumbre-se-enfoca-en-ayudar-a-reconocer-y-detener-el-abuso\\\/#article\",\"isPartOf\":{\"@id\":\"https:\\\/\\\/interamerica.org\\\/es\\\/2019\\\/09\\\/en-norteamerica-cumbre-se-enfoca-en-ayudar-a-reconocer-y-detener-el-abuso\\\/\"},\"author\":{\"name\":\"libna\",\"@id\":\"https:\\\/\\\/interamerica.org\\\/es\\\/#\\\/schema\\\/person\\\/29998f2bc2d8bd0d38662909289b54f1\"},\"headline\":\"En Norteam\u00e9rica, cumbre se enfoca en ayudar a reconocer y detener el abuso\",\"datePublished\":\"2019-09-10T22:23:58+00:00\",\"dateModified\":\"2019-09-11T03:28:57+00:00\",\"mainEntityOfPage\":{\"@id\":\"https:\\\/\\\/interamerica.org\\\/es\\\/2019\\\/09\\\/en-norteamerica-cumbre-se-enfoca-en-ayudar-a-reconocer-y-detener-el-abuso\\\/\"},\"wordCount\":2035,\"commentCount\":0,\"image\":{\"@id\":\"https:\\\/\\\/interamerica.org\\\/es\\\/2019\\\/09\\\/en-norteamerica-cumbre-se-enfoca-en-ayudar-a-reconocer-y-detener-el-abuso\\\/#primaryimage\"},\"thumbnailUrl\":\"https:\\\/\\\/interamerica.org\\\/wp-content\\\/uploads\\\/2019\\\/09\\\/enditnow-2019-english-and-spanish-mid-res-ruben-muriente-dsc08594.jpg\",\"articleSection\":[\"Desde la iglesia mundial\",\"RSS Espa\u00f1ol\"],\"inLanguage\":\"es\",\"potentialAction\":[{\"@type\":\"CommentAction\",\"name\":\"Comment\",\"target\":[\"https:\\\/\\\/interamerica.org\\\/es\\\/2019\\\/09\\\/en-norteamerica-cumbre-se-enfoca-en-ayudar-a-reconocer-y-detener-el-abuso\\\/#respond\"]}]},{\"@type\":\"WebPage\",\"@id\":\"https:\\\/\\\/interamerica.org\\\/es\\\/2019\\\/09\\\/en-norteamerica-cumbre-se-enfoca-en-ayudar-a-reconocer-y-detener-el-abuso\\\/\",\"url\":\"https:\\\/\\\/interamerica.org\\\/es\\\/2019\\\/09\\\/en-norteamerica-cumbre-se-enfoca-en-ayudar-a-reconocer-y-detener-el-abuso\\\/\",\"name\":\"En Norteam\u00e9rica, cumbre se enfoca en ayudar a reconocer y detener el abuso - Iglesia Adventista del S\u00e9ptimo D\u00eda - Divisi\u00f3n Interamericana\",\"isPartOf\":{\"@id\":\"https:\\\/\\\/interamerica.org\\\/es\\\/#website\"},\"primaryImageOfPage\":{\"@id\":\"https:\\\/\\\/interamerica.org\\\/es\\\/2019\\\/09\\\/en-norteamerica-cumbre-se-enfoca-en-ayudar-a-reconocer-y-detener-el-abuso\\\/#primaryimage\"},\"image\":{\"@id\":\"https:\\\/\\\/interamerica.org\\\/es\\\/2019\\\/09\\\/en-norteamerica-cumbre-se-enfoca-en-ayudar-a-reconocer-y-detener-el-abuso\\\/#primaryimage\"},\"thumbnailUrl\":\"https:\\\/\\\/interamerica.org\\\/wp-content\\\/uploads\\\/2019\\\/09\\\/enditnow-2019-english-and-spanish-mid-res-ruben-muriente-dsc08594.jpg\",\"datePublished\":\"2019-09-10T22:23:58+00:00\",\"dateModified\":\"2019-09-11T03:28:57+00:00\",\"author\":{\"@id\":\"https:\\\/\\\/interamerica.org\\\/es\\\/#\\\/schema\\\/person\\\/29998f2bc2d8bd0d38662909289b54f1\"},\"breadcrumb\":{\"@id\":\"https:\\\/\\\/interamerica.org\\\/es\\\/2019\\\/09\\\/en-norteamerica-cumbre-se-enfoca-en-ayudar-a-reconocer-y-detener-el-abuso\\\/#breadcrumb\"},\"inLanguage\":\"es\",\"potentialAction\":[{\"@type\":\"ReadAction\",\"target\":[\"https:\\\/\\\/interamerica.org\\\/es\\\/2019\\\/09\\\/en-norteamerica-cumbre-se-enfoca-en-ayudar-a-reconocer-y-detener-el-abuso\\\/\"]}]},{\"@type\":\"ImageObject\",\"inLanguage\":\"es\",\"@id\":\"https:\\\/\\\/interamerica.org\\\/es\\\/2019\\\/09\\\/en-norteamerica-cumbre-se-enfoca-en-ayudar-a-reconocer-y-detener-el-abuso\\\/#primaryimage\",\"url\":\"https:\\\/\\\/interamerica.org\\\/wp-content\\\/uploads\\\/2019\\\/09\\\/enditnow-2019-english-and-spanish-mid-res-ruben-muriente-dsc08594.jpg\",\"contentUrl\":\"https:\\\/\\\/interamerica.org\\\/wp-content\\\/uploads\\\/2019\\\/09\\\/enditnow-2019-english-and-spanish-mid-res-ruben-muriente-dsc08594.jpg\",\"width\":1000,\"height\":667,\"caption\":\"Ruben Muriente se dirige a la audiencia el 4 de septiembre de 2019, en la Cumbre Sobre el Abuso enditnow 2019. Muriente, coordinador de actividades externas del Centro de Justicia Familiar en Tennessee, habl\u00f3 ambos d\u00edas de la cumbre, disertanto en ingl\u00e9s y en espa\u00f1o. Fotograf\u00eda: Pieter Damsteegt, Noticias de la Divisi\u00f3n Norteamericana\"},{\"@type\":\"BreadcrumbList\",\"@id\":\"https:\\\/\\\/interamerica.org\\\/es\\\/2019\\\/09\\\/en-norteamerica-cumbre-se-enfoca-en-ayudar-a-reconocer-y-detener-el-abuso\\\/#breadcrumb\",\"itemListElement\":[{\"@type\":\"ListItem\",\"position\":1,\"name\":\"Home\",\"item\":\"https:\\\/\\\/interamerica.org\\\/es\\\/\"},{\"@type\":\"ListItem\",\"position\":2,\"name\":\"En Norteam\u00e9rica, cumbre se enfoca en ayudar a reconocer y detener el abuso\"}]},{\"@type\":\"WebSite\",\"@id\":\"https:\\\/\\\/interamerica.org\\\/es\\\/#website\",\"url\":\"https:\\\/\\\/interamerica.org\\\/es\\\/\",\"name\":\"Iglesia Adventista del S\u00e9ptimo D\u00eda - Divisi\u00f3n Interamericana\",\"description\":\"\",\"potentialAction\":[{\"@type\":\"SearchAction\",\"target\":{\"@type\":\"EntryPoint\",\"urlTemplate\":\"https:\\\/\\\/interamerica.org\\\/es\\\/?s={search_term_string}\"},\"query-input\":{\"@type\":\"PropertyValueSpecification\",\"valueRequired\":true,\"valueName\":\"search_term_string\"}}],\"inLanguage\":\"es\"},{\"@type\":\"Person\",\"@id\":\"https:\\\/\\\/interamerica.org\\\/es\\\/#\\\/schema\\\/person\\\/29998f2bc2d8bd0d38662909289b54f1\",\"name\":\"libna\",\"image\":{\"@type\":\"ImageObject\",\"inLanguage\":\"es\",\"@id\":\"https:\\\/\\\/secure.gravatar.com\\\/avatar\\\/7c5bd30ae4b47a9ba3c856590957fd1d96dc588bf3ac05719d247e126840331f?s=96&d=mm&r=g\",\"url\":\"https:\\\/\\\/secure.gravatar.com\\\/avatar\\\/7c5bd30ae4b47a9ba3c856590957fd1d96dc588bf3ac05719d247e126840331f?s=96&d=mm&r=g\",\"contentUrl\":\"https:\\\/\\\/secure.gravatar.com\\\/avatar\\\/7c5bd30ae4b47a9ba3c856590957fd1d96dc588bf3ac05719d247e126840331f?s=96&d=mm&r=g\",\"caption\":\"libna\"}}]}<\/script>\n<!-- \/ Yoast SEO plugin. -->","yoast_head_json":{"title":"En Norteam\u00e9rica, cumbre se enfoca en ayudar a reconocer y detener el abuso - Iglesia Adventista del S\u00e9ptimo D\u00eda - Divisi\u00f3n Interamericana","robots":{"index":"index","follow":"follow","max-snippet":"max-snippet:-1","max-image-preview":"max-image-preview:large","max-video-preview":"max-video-preview:-1"},"canonical":"https:\/\/interamerica.org\/es\/2019\/09\/en-norteamerica-cumbre-se-enfoca-en-ayudar-a-reconocer-y-detener-el-abuso\/","og_locale":"es_ES","og_type":"article","og_title":"En Norteam\u00e9rica, cumbre se enfoca en ayudar a reconocer y detener el abuso - Iglesia Adventista del S\u00e9ptimo D\u00eda - Divisi\u00f3n Interamericana","og_description":"10 de septiembre de 2019 | Berrien Springs, M\u00edchigan, Estados Unidos | Kimberly Luste Maran, Divisi\u00f3n Norteamericana, y Adventist Review El sal\u00f3n de cultos del Seminario Teol\u00f3gico Adventista en el...","og_url":"https:\/\/interamerica.org\/es\/2019\/09\/en-norteamerica-cumbre-se-enfoca-en-ayudar-a-reconocer-y-detener-el-abuso\/","og_site_name":"Iglesia Adventista del S\u00e9ptimo D\u00eda - Divisi\u00f3n Interamericana","article_published_time":"2019-09-10T22:23:58+00:00","article_modified_time":"2019-09-11T03:28:57+00:00","og_image":[{"width":1000,"height":667,"url":"https:\/\/interamerica.org\/wp-content\/uploads\/2019\/09\/enditnow-2019-english-and-spanish-mid-res-ruben-muriente-dsc08594.jpg","type":"image\/jpeg"}],"author":"libna","twitter_card":"summary_large_image","twitter_misc":{"Escrito por":"libna","Tiempo de lectura":"10 minutos"},"schema":{"@context":"https:\/\/schema.org","@graph":[{"@type":"Article","@id":"https:\/\/interamerica.org\/es\/2019\/09\/en-norteamerica-cumbre-se-enfoca-en-ayudar-a-reconocer-y-detener-el-abuso\/#article","isPartOf":{"@id":"https:\/\/interamerica.org\/es\/2019\/09\/en-norteamerica-cumbre-se-enfoca-en-ayudar-a-reconocer-y-detener-el-abuso\/"},"author":{"name":"libna","@id":"https:\/\/interamerica.org\/es\/#\/schema\/person\/29998f2bc2d8bd0d38662909289b54f1"},"headline":"En Norteam\u00e9rica, cumbre se enfoca en ayudar a reconocer y detener el abuso","datePublished":"2019-09-10T22:23:58+00:00","dateModified":"2019-09-11T03:28:57+00:00","mainEntityOfPage":{"@id":"https:\/\/interamerica.org\/es\/2019\/09\/en-norteamerica-cumbre-se-enfoca-en-ayudar-a-reconocer-y-detener-el-abuso\/"},"wordCount":2035,"commentCount":0,"image":{"@id":"https:\/\/interamerica.org\/es\/2019\/09\/en-norteamerica-cumbre-se-enfoca-en-ayudar-a-reconocer-y-detener-el-abuso\/#primaryimage"},"thumbnailUrl":"https:\/\/interamerica.org\/wp-content\/uploads\/2019\/09\/enditnow-2019-english-and-spanish-mid-res-ruben-muriente-dsc08594.jpg","articleSection":["Desde la iglesia mundial","RSS Espa\u00f1ol"],"inLanguage":"es","potentialAction":[{"@type":"CommentAction","name":"Comment","target":["https:\/\/interamerica.org\/es\/2019\/09\/en-norteamerica-cumbre-se-enfoca-en-ayudar-a-reconocer-y-detener-el-abuso\/#respond"]}]},{"@type":"WebPage","@id":"https:\/\/interamerica.org\/es\/2019\/09\/en-norteamerica-cumbre-se-enfoca-en-ayudar-a-reconocer-y-detener-el-abuso\/","url":"https:\/\/interamerica.org\/es\/2019\/09\/en-norteamerica-cumbre-se-enfoca-en-ayudar-a-reconocer-y-detener-el-abuso\/","name":"En Norteam\u00e9rica, cumbre se enfoca en ayudar a reconocer y detener el abuso - Iglesia Adventista del S\u00e9ptimo D\u00eda - Divisi\u00f3n Interamericana","isPartOf":{"@id":"https:\/\/interamerica.org\/es\/#website"},"primaryImageOfPage":{"@id":"https:\/\/interamerica.org\/es\/2019\/09\/en-norteamerica-cumbre-se-enfoca-en-ayudar-a-reconocer-y-detener-el-abuso\/#primaryimage"},"image":{"@id":"https:\/\/interamerica.org\/es\/2019\/09\/en-norteamerica-cumbre-se-enfoca-en-ayudar-a-reconocer-y-detener-el-abuso\/#primaryimage"},"thumbnailUrl":"https:\/\/interamerica.org\/wp-content\/uploads\/2019\/09\/enditnow-2019-english-and-spanish-mid-res-ruben-muriente-dsc08594.jpg","datePublished":"2019-09-10T22:23:58+00:00","dateModified":"2019-09-11T03:28:57+00:00","author":{"@id":"https:\/\/interamerica.org\/es\/#\/schema\/person\/29998f2bc2d8bd0d38662909289b54f1"},"breadcrumb":{"@id":"https:\/\/interamerica.org\/es\/2019\/09\/en-norteamerica-cumbre-se-enfoca-en-ayudar-a-reconocer-y-detener-el-abuso\/#breadcrumb"},"inLanguage":"es","potentialAction":[{"@type":"ReadAction","target":["https:\/\/interamerica.org\/es\/2019\/09\/en-norteamerica-cumbre-se-enfoca-en-ayudar-a-reconocer-y-detener-el-abuso\/"]}]},{"@type":"ImageObject","inLanguage":"es","@id":"https:\/\/interamerica.org\/es\/2019\/09\/en-norteamerica-cumbre-se-enfoca-en-ayudar-a-reconocer-y-detener-el-abuso\/#primaryimage","url":"https:\/\/interamerica.org\/wp-content\/uploads\/2019\/09\/enditnow-2019-english-and-spanish-mid-res-ruben-muriente-dsc08594.jpg","contentUrl":"https:\/\/interamerica.org\/wp-content\/uploads\/2019\/09\/enditnow-2019-english-and-spanish-mid-res-ruben-muriente-dsc08594.jpg","width":1000,"height":667,"caption":"Ruben Muriente se dirige a la audiencia el 4 de septiembre de 2019, en la Cumbre Sobre el Abuso enditnow 2019. Muriente, coordinador de actividades externas del Centro de Justicia Familiar en Tennessee, habl\u00f3 ambos d\u00edas de la cumbre, disertanto en ingl\u00e9s y en espa\u00f1o. Fotograf\u00eda: Pieter Damsteegt, Noticias de la Divisi\u00f3n Norteamericana"},{"@type":"BreadcrumbList","@id":"https:\/\/interamerica.org\/es\/2019\/09\/en-norteamerica-cumbre-se-enfoca-en-ayudar-a-reconocer-y-detener-el-abuso\/#breadcrumb","itemListElement":[{"@type":"ListItem","position":1,"name":"Home","item":"https:\/\/interamerica.org\/es\/"},{"@type":"ListItem","position":2,"name":"En Norteam\u00e9rica, cumbre se enfoca en ayudar a reconocer y detener el abuso"}]},{"@type":"WebSite","@id":"https:\/\/interamerica.org\/es\/#website","url":"https:\/\/interamerica.org\/es\/","name":"Iglesia Adventista del S\u00e9ptimo D\u00eda - Divisi\u00f3n Interamericana","description":"","potentialAction":[{"@type":"SearchAction","target":{"@type":"EntryPoint","urlTemplate":"https:\/\/interamerica.org\/es\/?s={search_term_string}"},"query-input":{"@type":"PropertyValueSpecification","valueRequired":true,"valueName":"search_term_string"}}],"inLanguage":"es"},{"@type":"Person","@id":"https:\/\/interamerica.org\/es\/#\/schema\/person\/29998f2bc2d8bd0d38662909289b54f1","name":"libna","image":{"@type":"ImageObject","inLanguage":"es","@id":"https:\/\/secure.gravatar.com\/avatar\/7c5bd30ae4b47a9ba3c856590957fd1d96dc588bf3ac05719d247e126840331f?s=96&d=mm&r=g","url":"https:\/\/secure.gravatar.com\/avatar\/7c5bd30ae4b47a9ba3c856590957fd1d96dc588bf3ac05719d247e126840331f?s=96&d=mm&r=g","contentUrl":"https:\/\/secure.gravatar.com\/avatar\/7c5bd30ae4b47a9ba3c856590957fd1d96dc588bf3ac05719d247e126840331f?s=96&d=mm&r=g","caption":"libna"}}]}},"_links":{"self":[{"href":"https:\/\/interamerica.org\/es\/wp-json\/wp\/v2\/posts\/51679","targetHints":{"allow":["GET"]}}],"collection":[{"href":"https:\/\/interamerica.org\/es\/wp-json\/wp\/v2\/posts"}],"about":[{"href":"https:\/\/interamerica.org\/es\/wp-json\/wp\/v2\/types\/post"}],"author":[{"embeddable":true,"href":"https:\/\/interamerica.org\/es\/wp-json\/wp\/v2\/users\/3"}],"replies":[{"embeddable":true,"href":"https:\/\/interamerica.org\/es\/wp-json\/wp\/v2\/comments?post=51679"}],"version-history":[{"count":0,"href":"https:\/\/interamerica.org\/es\/wp-json\/wp\/v2\/posts\/51679\/revisions"}],"wp:featuredmedia":[{"embeddable":true,"href":"https:\/\/interamerica.org\/es\/wp-json\/wp\/v2\/media\/51658"}],"wp:attachment":[{"href":"https:\/\/interamerica.org\/es\/wp-json\/wp\/v2\/media?parent=51679"}],"wp:term":[{"taxonomy":"category","embeddable":true,"href":"https:\/\/interamerica.org\/es\/wp-json\/wp\/v2\/categories?post=51679"},{"taxonomy":"post_tag","embeddable":true,"href":"https:\/\/interamerica.org\/es\/wp-json\/wp\/v2\/tags?post=51679"}],"curies":[{"name":"wp","href":"https:\/\/api.w.org\/{rel}","templated":true}]}}