{"id":51822,"date":"2019-09-18T21:43:32","date_gmt":"2019-09-19T01:43:32","guid":{"rendered":"https:\/\/recursing-golick.147-182-135-0.plesk.page\/?p=51822"},"modified":"2019-09-19T09:47:05","modified_gmt":"2019-09-19T13:47:05","slug":"lideres-de-interamerica-ven-la-destruccion-del-huracan-dorian-de-primera-mano","status":"publish","type":"post","link":"https:\/\/interamerica.org\/es\/2019\/09\/lideres-de-interamerica-ven-la-destruccion-del-huracan-dorian-de-primera-mano\/","title":{"rendered":"L\u00edderes de Interam\u00e9rica ven la destrucci\u00f3n del Hurac\u00e1n Dorian de primera mano"},"content":{"rendered":"<div id=\"attachment_51789\" style=\"width: 812px\" class=\"wp-caption aligncenter\"><img fetchpriority=\"high\" decoding=\"async\" aria-describedby=\"caption-attachment-51789\" class=\" wp-image-51787\" src=\"https:\/\/recursing-golick.147-182-135-0.plesk.page\/wp-content\/uploads\/2019\/09\/abaco-marsh-harbour-debris.jpg\" alt=\"\" width=\"802\" height=\"535\" srcset=\"https:\/\/interamerica.org\/wp-content\/uploads\/2019\/09\/abaco-marsh-harbour-debris.jpg 1000w, https:\/\/interamerica.org\/wp-content\/uploads\/2019\/09\/abaco-marsh-harbour-debris-300x200.jpg 300w, https:\/\/interamerica.org\/wp-content\/uploads\/2019\/09\/abaco-marsh-harbour-debris-768x512.jpg 768w\" sizes=\"(max-width: 802px) 100vw, 802px\" \/><p id=\"caption-attachment-51789\" class=\"wp-caption-text\">Escombros que dej\u00f3 el paso de la fuerza del Hurac\u00e1n Dorian durante treinta horas en Marsh Harbour, \u00c1baco, en norte de las Bahamas. Fotograf\u00eda de Libna Stevens\/DIA<\/p><\/div>\n<p>18 de septiembre de 2019 | Abaco, Bahamas | Libna Stevens, Noticias de la Divisi\u00f3n Interamericana<\/p>\n<p>Pinos arrancados y cortados, postes de electricidad por el piso, edificios de acero aplastados, empresas destrozadas, vecindarios arrasados, iglesias destruidas y escombros por todos lados. Esa fue la vista que recibi\u00f3 a los l\u00edderes adventistas de la Divisi\u00f3n Interamericana, durante un recorrido reciente para constatar los da\u00f1os causados por el Hurac\u00e1n Dorian en las islas de \u00c1baco y Gran Bahama.<\/p>\n<p><strong>Marsh Harbour, \u00c1baco<\/strong><\/p>\n<p>\u201cUno mira para todos lados y piensa, \u00bfd\u00f3nde comenzar? \u00bfD\u00f3nde reconstruir? \u00bfCu\u00e1ndo ser\u00e1 posible que ellos [los isle\u00f1os] recomiencen sus vidas?\u201d, dijo el pastor Elie Henry, presidente de la Iglesia Adventista en Interam\u00e9rica. El pastor Henry, junto con sus colegas administradores, visitaron varias propiedades de la iglesia, los hogares de los miembros y sus empresas el 15 de septiembre de 2019 en Marsh Harbour, la ciudad m\u00e1s grande \u00c1baco.<\/p>\n<p>Los l\u00edderes se detuvieron a ver la iglesia adventista de Marsh Harbour, que soport\u00f3 da\u00f1os de importancia en su estructura, techo, paredes e interior. La mayor parte de sus 250 miembros se evacuaron a Nassau o a los Estados Unidos, dijo Peter Watson, pastor asociado del distrito de \u00c1baco, quien se qued\u00f3 en el lugar para colaborar con los esfuerzos asistenciales.<\/p>\n<div id=\"attachment_51777\" style=\"width: 811px\" class=\"wp-caption aligncenter\"><img decoding=\"async\" aria-describedby=\"caption-attachment-51777\" class=\" wp-image-51775\" src=\"https:\/\/recursing-golick.147-182-135-0.plesk.page\/wp-content\/uploads\/2019\/09\/isaac-collie-elie-henry.jpg\" alt=\"\" width=\"801\" height=\"534\" srcset=\"https:\/\/interamerica.org\/wp-content\/uploads\/2019\/09\/isaac-collie-elie-henry.jpg 1000w, https:\/\/interamerica.org\/wp-content\/uploads\/2019\/09\/isaac-collie-elie-henry-300x200.jpg 300w, https:\/\/interamerica.org\/wp-content\/uploads\/2019\/09\/isaac-collie-elie-henry-768x512.jpg 768w\" sizes=\"(max-width: 801px) 100vw, 801px\" \/><p id=\"caption-attachment-51777\" class=\"wp-caption-text\">El pastor Elie Henry (derecha), presidente de la Divisi\u00f3n Interamericana, observa la Comunidad de Mudd, donde viv\u00edan miles de haitianos, y donde varios han perdido la vida y muchos sus hogares. Isaac Collie, un abogado y empresario adventistas de \u00c1baco, comparte lo que sucedi\u00f3 tras el paso de la tormenta. Fotograf\u00eda: Libna Stevens\/DIA<\/p><\/div>\n<p>\u201cMuchas personas murieron aqu\u00ed\u201d, dijo Watson. \u201cSe ve\u00edan cuerpos por el piso y se comenzaron a esparcir rumores de un brote de c\u00f3lera, por lo que las personas comenzaron a evacuarse tan pronto como pudieron\u201d. Watson dijo que solo han quedado unos pocos miembros de iglesia.<\/p>\n<p>La iglesia adventista Haitiana de Salem, una estructura de madera que estaba pr\u00f3xima a la iglesia de Marsh Harbour, fue destruida. Los 120 miembros de iglesia hab\u00edan estado trabajando duro para construir una nueva iglesia en una propiedad en una colina cercana, dijo el pastor Wilson Isnord, pastor principal del distrito de \u00c1baco. \u201cLos miembros estaban aguardando con ansias terminar el templo este pr\u00f3ximo diciembre\u201d, dijo Isnord. La iglesia de cemento parec\u00eda segura para muchas personas que buscaron refugio dentro del edificio durante la tormenta, explic\u00f3 Isnord. \u201cPero poco despu\u00e9s de la tormenta, en la iglesia se encontraron ocho cuerpos. Ninguno de ellos pertenec\u00eda a un miembro de iglesia\u201d.<\/p>\n<p>\u201cEs sumamente triste saber que una comunidad de muchos haitianos viv\u00eda aqu\u00ed [\u2026], muchos buscando una vida mejor, pero sus hogares fueron arrasados\u201d, dijo el pastor Henry, que naci\u00f3 en Hait\u00ed. \u201cEsperamos que los que est\u00e1n en la isla puedan reconstruir porque mientras hay vida, hay esperanza. Por eso continuamos esperando en que el Se\u00f1or, que les conserv\u00f3 la vida, les dar\u00e1 esperanza para reconstruir todo y seguir siendo testigos de la bondad del Se\u00f1or\u201d, dijo Henry.<\/p>\n<div id=\"attachment_51805\" style=\"width: 811px\" class=\"wp-caption aligncenter\"><img decoding=\"async\" aria-describedby=\"caption-attachment-51805\" class=\"wp-image-51803\" src=\"https:\/\/recursing-golick.147-182-135-0.plesk.page\/wp-content\/uploads\/2019\/09\/peter-watson-salem-church.jpg\" alt=\"\" width=\"801\" height=\"534\" srcset=\"https:\/\/interamerica.org\/wp-content\/uploads\/2019\/09\/peter-watson-salem-church.jpg 1000w, https:\/\/interamerica.org\/wp-content\/uploads\/2019\/09\/peter-watson-salem-church-300x200.jpg 300w, https:\/\/interamerica.org\/wp-content\/uploads\/2019\/09\/peter-watson-salem-church-768x512.jpg 768w\" sizes=\"(max-width: 801px) 100vw, 801px\" \/><p id=\"caption-attachment-51805\" class=\"wp-caption-text\">El pastor Peter Watson, pastor asociado del distrito de \u00c1baco de la Iglesia Adventista, se\u00f1ala al lugar donde la estructura de madera de la iglesia adventista Salem fue destruida despu\u00e9s de que se la llevaron los vientos del Hurac\u00e1n Dorian. Fotograf\u00eda: Libna Stevens\/DIA<\/p><\/div>\n<div id=\"attachment_51798\" style=\"width: 810px\" class=\"wp-caption aligncenter\"><img loading=\"lazy\" decoding=\"async\" aria-describedby=\"caption-attachment-51798\" class=\" wp-image-51796\" src=\"https:\/\/recursing-golick.147-182-135-0.plesk.page\/wp-content\/uploads\/2019\/09\/salem-construction-before-dorian.jpg\" alt=\"\" width=\"800\" height=\"447\" srcset=\"https:\/\/interamerica.org\/wp-content\/uploads\/2019\/09\/salem-construction-before-dorian.jpg 1000w, https:\/\/interamerica.org\/wp-content\/uploads\/2019\/09\/salem-construction-before-dorian-300x168.jpg 300w, https:\/\/interamerica.org\/wp-content\/uploads\/2019\/09\/salem-construction-before-dorian-768x429.jpg 768w\" sizes=\"(max-width: 800px) 100vw, 800px\" \/><p id=\"caption-attachment-51798\" class=\"wp-caption-text\">La nueva iglesia adventista Salem que estaba siendo construida antes del Hurac\u00e1n fue destruida cuando pas\u00f3 la tormenta. Los miembros esperaban completar la construcci\u00f3n en diciembre de 2019. Fotograf\u00eda: Cortes\u00eda de Wilson Isnord<\/p><\/div>\n<div id=\"attachment_51801\" style=\"width: 811px\" class=\"wp-caption aligncenter\"><img loading=\"lazy\" decoding=\"async\" aria-describedby=\"caption-attachment-51801\" class=\" wp-image-51799\" src=\"https:\/\/recursing-golick.147-182-135-0.plesk.page\/wp-content\/uploads\/2019\/09\/abaco-salem-adv-church-destroyed.jpg\" alt=\"\" width=\"801\" height=\"534\" srcset=\"https:\/\/interamerica.org\/wp-content\/uploads\/2019\/09\/abaco-salem-adv-church-destroyed.jpg 1000w, https:\/\/interamerica.org\/wp-content\/uploads\/2019\/09\/abaco-salem-adv-church-destroyed-300x200.jpg 300w, https:\/\/interamerica.org\/wp-content\/uploads\/2019\/09\/abaco-salem-adv-church-destroyed-768x512.jpg 768w\" sizes=\"(max-width: 801px) 100vw, 801px\" \/><p id=\"caption-attachment-51801\" class=\"wp-caption-text\">Lo que qued\u00f3 de la iglesia adventista Salem despu\u00e9s del paso de los poderosos vientos del Hurac\u00e1n Dorian. Fotograf\u00eda: Libna Stevens\/DIA<\/p><\/div>\n<p>El viaje no solo busc\u00f3 analizar los da\u00f1os causados por el hurac\u00e1n, dijo el pastor Henry. \u201cPara m\u00ed fue mucho m\u00e1s impresionante reunirme con miembros de iglesia y ver de qu\u00e9 manera muestran una fe sumamente madura. Comprenden que Dios los salvo despu\u00e9s de que oraron pidiendo su protecci\u00f3n\u201d.<\/p>\n<p><strong>Los miembros est\u00e1n marcando una diferencia<\/strong><\/p>\n<p>Nathaniel Hannah, que viven en la Comunidad de Spring City, fue recibido por la caravana de l\u00edderes que llegaron a encontrarse con \u00e9l. \u201cLo que experimentamos fue aterrador\u201d, dijo Hannah. Cont\u00f3 que durante la tormenta, su esposa y sus dos hijos siguieron orando y cantando himnos. \u201cUn \u00e1rbol golpe\u00f3 nuestro techo, y l\u00e1minas de madera comenzaron a volar. La presi\u00f3n que sent\u00edamos en la casa era tan poderosa\u2026 una locura\u201d, dijo. \u201cCuando sentimos un momento de calma, nos metimos en el carro, seguimos cantando, salimos del carro con ayuda de un vecino y nos dirigimos a refugiarnos en una biblioteca. Ya hab\u00eda muchos refugi\u00e1ndose all\u00ed\u201d. En su casa no hay electricidad ni agua corriente, pero Hannah y su esposa est\u00e1n viviendo all\u00ed. Sus hijos se han trasladado a Nassau para comenzar a ir a la escuela. \u201cEste es nuestro hogar; no me quiero ir. Dios nos ha salvado y nos ayudar\u00e1 a pasar por todo esto\u201d.<\/p>\n<p>Ahora Hannah est\u00e1 cuidando varios de las casas de sus vecinos. Muchos se han ido pero se comunican con \u00e9l cuando pueden. Los l\u00edderes de la iglesia oraron con \u00e9l y su familia y le entregaron art\u00edculos para asistirlos.<\/p>\n<div id=\"attachment_51783\" style=\"width: 809px\" class=\"wp-caption aligncenter\"><img loading=\"lazy\" decoding=\"async\" aria-describedby=\"caption-attachment-51783\" class=\" wp-image-51781\" src=\"https:\/\/recursing-golick.147-182-135-0.plesk.page\/wp-content\/uploads\/2019\/09\/abaco-nathaniel-hannah.jpg\" alt=\"\" width=\"799\" height=\"533\" srcset=\"https:\/\/interamerica.org\/wp-content\/uploads\/2019\/09\/abaco-nathaniel-hannah.jpg 1000w, https:\/\/interamerica.org\/wp-content\/uploads\/2019\/09\/abaco-nathaniel-hannah-300x200.jpg 300w, https:\/\/interamerica.org\/wp-content\/uploads\/2019\/09\/abaco-nathaniel-hannah-768x512.jpg 768w\" sizes=\"(max-width: 799px) 100vw, 799px\" \/><p id=\"caption-attachment-51783\" class=\"wp-caption-text\">Nathaniel Hannah, un miembro de iglesia de Marsh Harbour, escucha la oraci\u00f3n el pastor Leonard Johnson (al centro) y el pastor Elie Henry, en su casa donde sigue viviendo con su esposa mientras procura recuperarse de los da\u00f1os causados por el Hurac\u00e1n Dorian. Fotograf\u00eda: Libna Stevens\/DIA<\/p><\/div>\n<p>El distrito de \u00c1baco le resulta personal al pastor Leonard Johnson, secretario ejecutivo de la Iglesia Adventista en Interam\u00e9rica. \u201cAqu\u00ed es donde comenc\u00e9 mi ministerio como joven pastor durante tres a\u00f1os completos\u201d, dijo Johnson. \u201cMe sent\u00ed como en casa mientras escuchaba y ve\u00eda en acci\u00f3n el trabajo de Peter Watson e Isaac Collie, un abogado y empresario adventista que tambi\u00e9n es coordinador de Servicios e Industrias de Laicos Adventistas (ASi) en la uni\u00f3n. Aunque han experimentado p\u00e9rdidas de casas y empresas, se mantienen muy positivos, optimistas y confiados en que el Se\u00f1or los ayudar\u00e1 con la reconstrucci\u00f3n\u201d.<\/p>\n<p>\u201cEscuchar el testimonio de Nathaniel Hannah y los dem\u00e1s solo enfatiza que tan solo una sola tormenta puede llevarnos a perder todo lo que tenemos, y que nuestra \u00fanica confianza y esperanza se encuentra en Dios\u201d, dijo Johnson.<\/p>\n<p><strong>Operaciones financieras de la iglesia<\/strong><\/p>\n<p>Observar el alcance de los da\u00f1os en \u00c1baco le produjo cierta preocupaci\u00f3n a Filiberto Verduzco tesorero de la iglesia en la Divisi\u00f3n Interamericana. \u201cEste viaje nos permiti\u00f3 hacerle saber a la Iglesia Adventista en las Bahamas que estamos con ellos, y que este es el momento de ayudar a nuestros hermanos necesitados, al tiempo que cuantificamos maneras de ayudarlos como iglesia\u201d.<\/p>\n<div id=\"attachment_51795\" style=\"width: 816px\" class=\"wp-caption aligncenter\"><img loading=\"lazy\" decoding=\"async\" aria-describedby=\"caption-attachment-51795\" class=\" wp-image-51793\" src=\"https:\/\/recursing-golick.147-182-135-0.plesk.page\/wp-content\/uploads\/2019\/09\/filiberto-verduzco-abaco.jpg\" alt=\"\" width=\"806\" height=\"537\" srcset=\"https:\/\/interamerica.org\/wp-content\/uploads\/2019\/09\/filiberto-verduzco-abaco.jpg 1000w, https:\/\/interamerica.org\/wp-content\/uploads\/2019\/09\/filiberto-verduzco-abaco-300x200.jpg 300w, https:\/\/interamerica.org\/wp-content\/uploads\/2019\/09\/filiberto-verduzco-abaco-768x511.jpg 768w\" sizes=\"(max-width: 806px) 100vw, 806px\" \/><p id=\"caption-attachment-51795\" class=\"wp-caption-text\">Filiberto Verduzco, tesorero de la Divisi\u00f3n Interamericana, saca una fotograf\u00eda de un hogar destruido, durante un recorrido por Marsh Harbour, \u00c1baco, el 15 de septiembre de 2019. Fotograf\u00eda: Libna Stevens\/DIA<\/p><\/div>\n<p>Una tercera parte de las operaciones financieras de la Iglesia Adventista en la Asociaci\u00f3n Norte de Bahamas, que supervisa la obra en \u00c1baco y Gran Bahama, proviene de la feligres\u00eda de \u00c1baco, dijo Verduzco. \u201cEsto afecta definidamente la operaci\u00f3n de la iglesia local\u201d, expres\u00f3. \u201cLos miembros han sido desplazados, han perdido todo lo que ten\u00edan, no puede trabajar y no pueden contribuir con la iglesia [\u2026], pero tenemos una gran oportunidad de ayudarlos a reconstruir las iglesias, de ayudar a los miembros para que puedan regresar a la isla y puedan retomar una vida normal\u201d, dijo Verduzco.<\/p>\n<p>Verduzco agreg\u00f3 que es reglamento de la Divisi\u00f3n Interamericana ayudar a los miembros de iglesia para que reconstruyan sus vidas despu\u00e9s de una cat\u00e1strofe natural. La Divisi\u00f3n Interamericana env\u00edo fondos para ayudar a la uni\u00f3n inmediatamente despu\u00e9s del paso del Hurac\u00e1n Dorian, explic\u00f3 Verduzco. Tres uniones de la Divisi\u00f3n Interamericana ya han enviado fondos para ayudar a la regi\u00f3n Norte de Bahamas, y otras uniones tambi\u00e9n se han comprometido a apoyar los esfuerzos de recuperaci\u00f3n.<\/p>\n<p>\u201cLa Uni\u00f3n del Caribe Atl\u00e1ntico est\u00e1 evaluando el alcance de sus necesidades despu\u00e9s del hurac\u00e1n, y nos presentar\u00e1 un plan para que apoyemos sus esfuerzos asistenciales y de reconstrucci\u00f3n en los pr\u00f3ximos d\u00edas, semanas y meses\u201d, dijo Verduzco.<\/p>\n<div id=\"attachment_51819\" style=\"width: 811px\" class=\"wp-caption aligncenter\"><img loading=\"lazy\" decoding=\"async\" aria-describedby=\"caption-attachment-51819\" class=\" wp-image-51817\" src=\"https:\/\/recursing-golick.147-182-135-0.plesk.page\/wp-content\/uploads\/2019\/09\/mudd-community-abaco.jpg\" alt=\"\" width=\"801\" height=\"534\" srcset=\"https:\/\/interamerica.org\/wp-content\/uploads\/2019\/09\/mudd-community-abaco.jpg 1000w, https:\/\/interamerica.org\/wp-content\/uploads\/2019\/09\/mudd-community-abaco-300x200.jpg 300w, https:\/\/interamerica.org\/wp-content\/uploads\/2019\/09\/mudd-community-abaco-768x512.jpg 768w\" sizes=\"(max-width: 801px) 100vw, 801px\" \/><p id=\"caption-attachment-51819\" class=\"wp-caption-text\">Parte de la Comunidad Mudd, en Marsh Harbour, donde viv\u00edan miles de familias haitianas antes del hurac\u00e1n. Fotograf\u00eda: Libna Stevens\/DIA<\/p><\/div>\n<p>El pastor Jose Alberto Rodr\u00edguez, presidente de la Iglesia Adventista en Puerto Rico, llev\u00f3 un equipo de una estaci\u00f3n nacional de televisi\u00f3n en Puerto Rico para seguir recaudando para los afectados por el hurac\u00e1n. \u201cEs dif\u00edcil ver la destrucci\u00f3n de este lugar\u201d, dijo Rodr\u00edguez. \u201cMi coraz\u00f3n est\u00e1 emocionado al ver tantos afectados. Seguiremos apoyando los esfuerzos asistenciales indefinidamente\u201d.<\/p>\n<p>La uni\u00f3n, por medio de la Agencia Adventista de Desarrollo y Recursos Asistenciales (ADRA) en Puerto Rico, ha estado enviando fondos cada semana desde que pas\u00f3 la tormenta, dijo Rodr\u00edguez. Los fondos est\u00e1n apoyando los programas de alimentaci\u00f3n en Gran Bahama y las v\u00edctimas de \u00c1baco que se evacuaron a Nassau.<\/p>\n<p>Los l\u00edderes de la iglesia tambi\u00e9n viajaron a zonas afectadas de Freeport, Gran Bahama, el 15 de septiembre, para hablar con los miembros de iglesia, visitar las propiedades da\u00f1adas de la iglesia y visitar las operaciones asistenciales continuadas en el lugar.<\/p>\n<div id=\"attachment_51792\" style=\"width: 811px\" class=\"wp-caption aligncenter\"><img loading=\"lazy\" decoding=\"async\" aria-describedby=\"caption-attachment-51792\" class=\" wp-image-51790\" src=\"https:\/\/recursing-golick.147-182-135-0.plesk.page\/wp-content\/uploads\/2019\/09\/abaco-tower-down.jpg\" alt=\"\" width=\"801\" height=\"534\" srcset=\"https:\/\/interamerica.org\/wp-content\/uploads\/2019\/09\/abaco-tower-down.jpg 1000w, https:\/\/interamerica.org\/wp-content\/uploads\/2019\/09\/abaco-tower-down-300x200.jpg 300w, https:\/\/interamerica.org\/wp-content\/uploads\/2019\/09\/abaco-tower-down-768x512.jpg 768w\" sizes=\"(max-width: 801px) 100vw, 801px\" \/><p id=\"caption-attachment-51792\" class=\"wp-caption-text\">Una torre da\u00f1ada apenas se mantiene erecta en medio de los escombros arrastrados por los vientos y el agua despu\u00e9s del paso del Hurac\u00e1n Dorian en \u00c1baco. Fotograf\u00eda: Libna Stevens\/DIA<\/p><\/div>\n<p>Para ver una galer\u00eda de fotos de la visita a Marsh Harbour, \u00c1baco, en las Bahamas, ingrese <a href=\"https:\/\/www.flickr.com\/photos\/interamerica\/48756569063\/in\/dateposted\/\">AQU\u00cd<\/a><\/p>\n<p>Por m\u00e1s informes sobre los esfuerzos asistenciales y la Iglesia Adventista en las Bahamas despu\u00e9s del paso del Hurac\u00e1n Dorian, entre a <a href=\"https:\/\/recursing-golick.147-182-135-0.plesk.page\/news\/\">interamerica.org<\/a><\/p>\n<p>Para ayudar a las v\u00edctimas del Hurac\u00e1n Dorian en las Bahamas, usted puede enviar su donaci\u00f3n a:<\/p>\n<p>Inter-American Division, 8100 SW 117th Ave, Miami, FL 33183. Haga el cheque pagadero a Inter-American Division \u2013 Hurricane Dorian Relief, para ayudar a los miembros de iglesia y sus esfuerzos en la comunidad. (Solo se aceptan contribuciones financieras).<\/p>\n<p>Asimismo, para ayudar a las v\u00edctimas del Hurac\u00e1n Dorian en las Bahamas por medio de ADRA Internacional, entre a <a href=\"https:\/\/adra.org\/\">adra.org<\/a><\/p>\n<p>Traducci\u00f3n de Marcos Paseggi<\/p>\n","protected":false},"excerpt":{"rendered":"<p>18 de septiembre de 2019 | Abaco, Bahamas | Libna Stevens, Noticias de la Divisi\u00f3n Interamericana Pinos arrancados y cortados, postes de electricidad por el piso, edificios de acero aplastados,&#8230;<\/p>\n","protected":false},"author":3,"featured_media":51789,"comment_status":"open","ping_status":"closed","sticky":false,"template":"","format":"standard","meta":{"_acf_changed":false,"footnotes":""},"categories":[16,15],"tags":[],"class_list":["post-51822","post","type-post","status-publish","format-standard","has-post-thumbnail","hentry","category-desde-la-sede","category-rss-espanol"],"acf":[],"yoast_head":"<!-- This site is optimized with the Yoast SEO plugin v27.3 - https:\/\/yoast.com\/product\/yoast-seo-wordpress\/ -->\n<title>L\u00edderes de Interam\u00e9rica ven la destrucci\u00f3n del Hurac\u00e1n Dorian de primera mano - Iglesia Adventista del S\u00e9ptimo D\u00eda - Divisi\u00f3n Interamericana<\/title>\n<meta name=\"robots\" content=\"index, follow, max-snippet:-1, max-image-preview:large, max-video-preview:-1\" \/>\n<link rel=\"canonical\" href=\"https:\/\/interamerica.org\/es\/2019\/09\/lideres-de-interamerica-ven-la-destruccion-del-huracan-dorian-de-primera-mano\/\" \/>\n<meta property=\"og:locale\" content=\"es_ES\" \/>\n<meta property=\"og:type\" content=\"article\" \/>\n<meta property=\"og:title\" content=\"L\u00edderes de Interam\u00e9rica ven la destrucci\u00f3n del Hurac\u00e1n Dorian de primera mano - Iglesia Adventista del S\u00e9ptimo D\u00eda - Divisi\u00f3n Interamericana\" \/>\n<meta property=\"og:description\" content=\"18 de septiembre de 2019 | Abaco, Bahamas | Libna Stevens, Noticias de la Divisi\u00f3n Interamericana Pinos arrancados y cortados, postes de electricidad por el piso, edificios de acero aplastados,...\" \/>\n<meta property=\"og:url\" content=\"https:\/\/interamerica.org\/es\/2019\/09\/lideres-de-interamerica-ven-la-destruccion-del-huracan-dorian-de-primera-mano\/\" \/>\n<meta property=\"og:site_name\" content=\"Iglesia Adventista del S\u00e9ptimo D\u00eda - Divisi\u00f3n Interamericana\" \/>\n<meta property=\"article:published_time\" content=\"2019-09-19T01:43:32+00:00\" \/>\n<meta property=\"article:modified_time\" content=\"2019-09-19T13:47:05+00:00\" \/>\n<meta property=\"og:image\" content=\"https:\/\/interamerica.org\/wp-content\/uploads\/2019\/09\/abaco-marsh-harbour-debris.jpg\" \/>\n\t<meta property=\"og:image:width\" content=\"1000\" \/>\n\t<meta property=\"og:image:height\" content=\"667\" \/>\n\t<meta property=\"og:image:type\" content=\"image\/jpeg\" \/>\n<meta name=\"author\" content=\"libna\" \/>\n<meta name=\"twitter:card\" content=\"summary_large_image\" \/>\n<meta name=\"twitter:label1\" content=\"Escrito por\" \/>\n\t<meta name=\"twitter:data1\" content=\"libna\" \/>\n\t<meta name=\"twitter:label2\" content=\"Tiempo de lectura\" \/>\n\t<meta name=\"twitter:data2\" content=\"9 minutos\" \/>\n<script type=\"application\/ld+json\" class=\"yoast-schema-graph\">{\"@context\":\"https:\\\/\\\/schema.org\",\"@graph\":[{\"@type\":\"Article\",\"@id\":\"https:\\\/\\\/interamerica.org\\\/es\\\/2019\\\/09\\\/lideres-de-interamerica-ven-la-destruccion-del-huracan-dorian-de-primera-mano\\\/#article\",\"isPartOf\":{\"@id\":\"https:\\\/\\\/interamerica.org\\\/es\\\/2019\\\/09\\\/lideres-de-interamerica-ven-la-destruccion-del-huracan-dorian-de-primera-mano\\\/\"},\"author\":{\"name\":\"libna\",\"@id\":\"https:\\\/\\\/interamerica.org\\\/es\\\/#\\\/schema\\\/person\\\/29998f2bc2d8bd0d38662909289b54f1\"},\"headline\":\"L\u00edderes de Interam\u00e9rica ven la destrucci\u00f3n del Hurac\u00e1n Dorian de primera mano\",\"datePublished\":\"2019-09-19T01:43:32+00:00\",\"dateModified\":\"2019-09-19T13:47:05+00:00\",\"mainEntityOfPage\":{\"@id\":\"https:\\\/\\\/interamerica.org\\\/es\\\/2019\\\/09\\\/lideres-de-interamerica-ven-la-destruccion-del-huracan-dorian-de-primera-mano\\\/\"},\"wordCount\":1879,\"commentCount\":0,\"image\":{\"@id\":\"https:\\\/\\\/interamerica.org\\\/es\\\/2019\\\/09\\\/lideres-de-interamerica-ven-la-destruccion-del-huracan-dorian-de-primera-mano\\\/#primaryimage\"},\"thumbnailUrl\":\"https:\\\/\\\/interamerica.org\\\/wp-content\\\/uploads\\\/2019\\\/09\\\/abaco-marsh-harbour-debris.jpg\",\"articleSection\":[\"Desde la sede\",\"RSS Espa\u00f1ol\"],\"inLanguage\":\"es\",\"potentialAction\":[{\"@type\":\"CommentAction\",\"name\":\"Comment\",\"target\":[\"https:\\\/\\\/interamerica.org\\\/es\\\/2019\\\/09\\\/lideres-de-interamerica-ven-la-destruccion-del-huracan-dorian-de-primera-mano\\\/#respond\"]}]},{\"@type\":\"WebPage\",\"@id\":\"https:\\\/\\\/interamerica.org\\\/es\\\/2019\\\/09\\\/lideres-de-interamerica-ven-la-destruccion-del-huracan-dorian-de-primera-mano\\\/\",\"url\":\"https:\\\/\\\/interamerica.org\\\/es\\\/2019\\\/09\\\/lideres-de-interamerica-ven-la-destruccion-del-huracan-dorian-de-primera-mano\\\/\",\"name\":\"L\u00edderes de Interam\u00e9rica ven la destrucci\u00f3n del Hurac\u00e1n Dorian de primera mano - Iglesia Adventista del S\u00e9ptimo D\u00eda - Divisi\u00f3n Interamericana\",\"isPartOf\":{\"@id\":\"https:\\\/\\\/interamerica.org\\\/es\\\/#website\"},\"primaryImageOfPage\":{\"@id\":\"https:\\\/\\\/interamerica.org\\\/es\\\/2019\\\/09\\\/lideres-de-interamerica-ven-la-destruccion-del-huracan-dorian-de-primera-mano\\\/#primaryimage\"},\"image\":{\"@id\":\"https:\\\/\\\/interamerica.org\\\/es\\\/2019\\\/09\\\/lideres-de-interamerica-ven-la-destruccion-del-huracan-dorian-de-primera-mano\\\/#primaryimage\"},\"thumbnailUrl\":\"https:\\\/\\\/interamerica.org\\\/wp-content\\\/uploads\\\/2019\\\/09\\\/abaco-marsh-harbour-debris.jpg\",\"datePublished\":\"2019-09-19T01:43:32+00:00\",\"dateModified\":\"2019-09-19T13:47:05+00:00\",\"author\":{\"@id\":\"https:\\\/\\\/interamerica.org\\\/es\\\/#\\\/schema\\\/person\\\/29998f2bc2d8bd0d38662909289b54f1\"},\"breadcrumb\":{\"@id\":\"https:\\\/\\\/interamerica.org\\\/es\\\/2019\\\/09\\\/lideres-de-interamerica-ven-la-destruccion-del-huracan-dorian-de-primera-mano\\\/#breadcrumb\"},\"inLanguage\":\"es\",\"potentialAction\":[{\"@type\":\"ReadAction\",\"target\":[\"https:\\\/\\\/interamerica.org\\\/es\\\/2019\\\/09\\\/lideres-de-interamerica-ven-la-destruccion-del-huracan-dorian-de-primera-mano\\\/\"]}]},{\"@type\":\"ImageObject\",\"inLanguage\":\"es\",\"@id\":\"https:\\\/\\\/interamerica.org\\\/es\\\/2019\\\/09\\\/lideres-de-interamerica-ven-la-destruccion-del-huracan-dorian-de-primera-mano\\\/#primaryimage\",\"url\":\"https:\\\/\\\/interamerica.org\\\/wp-content\\\/uploads\\\/2019\\\/09\\\/abaco-marsh-harbour-debris.jpg\",\"contentUrl\":\"https:\\\/\\\/interamerica.org\\\/wp-content\\\/uploads\\\/2019\\\/09\\\/abaco-marsh-harbour-debris.jpg\",\"width\":1000,\"height\":667,\"caption\":\"Fotograf\u00eda de Libna Stevens\\\/DIA\"},{\"@type\":\"BreadcrumbList\",\"@id\":\"https:\\\/\\\/interamerica.org\\\/es\\\/2019\\\/09\\\/lideres-de-interamerica-ven-la-destruccion-del-huracan-dorian-de-primera-mano\\\/#breadcrumb\",\"itemListElement\":[{\"@type\":\"ListItem\",\"position\":1,\"name\":\"Home\",\"item\":\"https:\\\/\\\/interamerica.org\\\/es\\\/\"},{\"@type\":\"ListItem\",\"position\":2,\"name\":\"L\u00edderes de Interam\u00e9rica ven la destrucci\u00f3n del Hurac\u00e1n Dorian de primera mano\"}]},{\"@type\":\"WebSite\",\"@id\":\"https:\\\/\\\/interamerica.org\\\/es\\\/#website\",\"url\":\"https:\\\/\\\/interamerica.org\\\/es\\\/\",\"name\":\"Iglesia Adventista del S\u00e9ptimo D\u00eda - Divisi\u00f3n Interamericana\",\"description\":\"\",\"potentialAction\":[{\"@type\":\"SearchAction\",\"target\":{\"@type\":\"EntryPoint\",\"urlTemplate\":\"https:\\\/\\\/interamerica.org\\\/es\\\/?s={search_term_string}\"},\"query-input\":{\"@type\":\"PropertyValueSpecification\",\"valueRequired\":true,\"valueName\":\"search_term_string\"}}],\"inLanguage\":\"es\"},{\"@type\":\"Person\",\"@id\":\"https:\\\/\\\/interamerica.org\\\/es\\\/#\\\/schema\\\/person\\\/29998f2bc2d8bd0d38662909289b54f1\",\"name\":\"libna\",\"image\":{\"@type\":\"ImageObject\",\"inLanguage\":\"es\",\"@id\":\"https:\\\/\\\/secure.gravatar.com\\\/avatar\\\/7c5bd30ae4b47a9ba3c856590957fd1d96dc588bf3ac05719d247e126840331f?s=96&d=mm&r=g\",\"url\":\"https:\\\/\\\/secure.gravatar.com\\\/avatar\\\/7c5bd30ae4b47a9ba3c856590957fd1d96dc588bf3ac05719d247e126840331f?s=96&d=mm&r=g\",\"contentUrl\":\"https:\\\/\\\/secure.gravatar.com\\\/avatar\\\/7c5bd30ae4b47a9ba3c856590957fd1d96dc588bf3ac05719d247e126840331f?s=96&d=mm&r=g\",\"caption\":\"libna\"}}]}<\/script>\n<!-- \/ Yoast SEO plugin. -->","yoast_head_json":{"title":"L\u00edderes de Interam\u00e9rica ven la destrucci\u00f3n del Hurac\u00e1n Dorian de primera mano - Iglesia Adventista del S\u00e9ptimo D\u00eda - Divisi\u00f3n Interamericana","robots":{"index":"index","follow":"follow","max-snippet":"max-snippet:-1","max-image-preview":"max-image-preview:large","max-video-preview":"max-video-preview:-1"},"canonical":"https:\/\/interamerica.org\/es\/2019\/09\/lideres-de-interamerica-ven-la-destruccion-del-huracan-dorian-de-primera-mano\/","og_locale":"es_ES","og_type":"article","og_title":"L\u00edderes de Interam\u00e9rica ven la destrucci\u00f3n del Hurac\u00e1n Dorian de primera mano - Iglesia Adventista del S\u00e9ptimo D\u00eda - Divisi\u00f3n Interamericana","og_description":"18 de septiembre de 2019 | Abaco, Bahamas | Libna Stevens, Noticias de la Divisi\u00f3n Interamericana Pinos arrancados y cortados, postes de electricidad por el piso, edificios de acero aplastados,...","og_url":"https:\/\/interamerica.org\/es\/2019\/09\/lideres-de-interamerica-ven-la-destruccion-del-huracan-dorian-de-primera-mano\/","og_site_name":"Iglesia Adventista del S\u00e9ptimo D\u00eda - Divisi\u00f3n Interamericana","article_published_time":"2019-09-19T01:43:32+00:00","article_modified_time":"2019-09-19T13:47:05+00:00","og_image":[{"width":1000,"height":667,"url":"https:\/\/interamerica.org\/wp-content\/uploads\/2019\/09\/abaco-marsh-harbour-debris.jpg","type":"image\/jpeg"}],"author":"libna","twitter_card":"summary_large_image","twitter_misc":{"Escrito por":"libna","Tiempo de lectura":"9 minutos"},"schema":{"@context":"https:\/\/schema.org","@graph":[{"@type":"Article","@id":"https:\/\/interamerica.org\/es\/2019\/09\/lideres-de-interamerica-ven-la-destruccion-del-huracan-dorian-de-primera-mano\/#article","isPartOf":{"@id":"https:\/\/interamerica.org\/es\/2019\/09\/lideres-de-interamerica-ven-la-destruccion-del-huracan-dorian-de-primera-mano\/"},"author":{"name":"libna","@id":"https:\/\/interamerica.org\/es\/#\/schema\/person\/29998f2bc2d8bd0d38662909289b54f1"},"headline":"L\u00edderes de Interam\u00e9rica ven la destrucci\u00f3n del Hurac\u00e1n Dorian de primera mano","datePublished":"2019-09-19T01:43:32+00:00","dateModified":"2019-09-19T13:47:05+00:00","mainEntityOfPage":{"@id":"https:\/\/interamerica.org\/es\/2019\/09\/lideres-de-interamerica-ven-la-destruccion-del-huracan-dorian-de-primera-mano\/"},"wordCount":1879,"commentCount":0,"image":{"@id":"https:\/\/interamerica.org\/es\/2019\/09\/lideres-de-interamerica-ven-la-destruccion-del-huracan-dorian-de-primera-mano\/#primaryimage"},"thumbnailUrl":"https:\/\/interamerica.org\/wp-content\/uploads\/2019\/09\/abaco-marsh-harbour-debris.jpg","articleSection":["Desde la sede","RSS Espa\u00f1ol"],"inLanguage":"es","potentialAction":[{"@type":"CommentAction","name":"Comment","target":["https:\/\/interamerica.org\/es\/2019\/09\/lideres-de-interamerica-ven-la-destruccion-del-huracan-dorian-de-primera-mano\/#respond"]}]},{"@type":"WebPage","@id":"https:\/\/interamerica.org\/es\/2019\/09\/lideres-de-interamerica-ven-la-destruccion-del-huracan-dorian-de-primera-mano\/","url":"https:\/\/interamerica.org\/es\/2019\/09\/lideres-de-interamerica-ven-la-destruccion-del-huracan-dorian-de-primera-mano\/","name":"L\u00edderes de Interam\u00e9rica ven la destrucci\u00f3n del Hurac\u00e1n Dorian de primera mano - Iglesia Adventista del S\u00e9ptimo D\u00eda - Divisi\u00f3n Interamericana","isPartOf":{"@id":"https:\/\/interamerica.org\/es\/#website"},"primaryImageOfPage":{"@id":"https:\/\/interamerica.org\/es\/2019\/09\/lideres-de-interamerica-ven-la-destruccion-del-huracan-dorian-de-primera-mano\/#primaryimage"},"image":{"@id":"https:\/\/interamerica.org\/es\/2019\/09\/lideres-de-interamerica-ven-la-destruccion-del-huracan-dorian-de-primera-mano\/#primaryimage"},"thumbnailUrl":"https:\/\/interamerica.org\/wp-content\/uploads\/2019\/09\/abaco-marsh-harbour-debris.jpg","datePublished":"2019-09-19T01:43:32+00:00","dateModified":"2019-09-19T13:47:05+00:00","author":{"@id":"https:\/\/interamerica.org\/es\/#\/schema\/person\/29998f2bc2d8bd0d38662909289b54f1"},"breadcrumb":{"@id":"https:\/\/interamerica.org\/es\/2019\/09\/lideres-de-interamerica-ven-la-destruccion-del-huracan-dorian-de-primera-mano\/#breadcrumb"},"inLanguage":"es","potentialAction":[{"@type":"ReadAction","target":["https:\/\/interamerica.org\/es\/2019\/09\/lideres-de-interamerica-ven-la-destruccion-del-huracan-dorian-de-primera-mano\/"]}]},{"@type":"ImageObject","inLanguage":"es","@id":"https:\/\/interamerica.org\/es\/2019\/09\/lideres-de-interamerica-ven-la-destruccion-del-huracan-dorian-de-primera-mano\/#primaryimage","url":"https:\/\/interamerica.org\/wp-content\/uploads\/2019\/09\/abaco-marsh-harbour-debris.jpg","contentUrl":"https:\/\/interamerica.org\/wp-content\/uploads\/2019\/09\/abaco-marsh-harbour-debris.jpg","width":1000,"height":667,"caption":"Fotograf\u00eda de Libna Stevens\/DIA"},{"@type":"BreadcrumbList","@id":"https:\/\/interamerica.org\/es\/2019\/09\/lideres-de-interamerica-ven-la-destruccion-del-huracan-dorian-de-primera-mano\/#breadcrumb","itemListElement":[{"@type":"ListItem","position":1,"name":"Home","item":"https:\/\/interamerica.org\/es\/"},{"@type":"ListItem","position":2,"name":"L\u00edderes de Interam\u00e9rica ven la destrucci\u00f3n del Hurac\u00e1n Dorian de primera mano"}]},{"@type":"WebSite","@id":"https:\/\/interamerica.org\/es\/#website","url":"https:\/\/interamerica.org\/es\/","name":"Iglesia Adventista del S\u00e9ptimo D\u00eda - Divisi\u00f3n Interamericana","description":"","potentialAction":[{"@type":"SearchAction","target":{"@type":"EntryPoint","urlTemplate":"https:\/\/interamerica.org\/es\/?s={search_term_string}"},"query-input":{"@type":"PropertyValueSpecification","valueRequired":true,"valueName":"search_term_string"}}],"inLanguage":"es"},{"@type":"Person","@id":"https:\/\/interamerica.org\/es\/#\/schema\/person\/29998f2bc2d8bd0d38662909289b54f1","name":"libna","image":{"@type":"ImageObject","inLanguage":"es","@id":"https:\/\/secure.gravatar.com\/avatar\/7c5bd30ae4b47a9ba3c856590957fd1d96dc588bf3ac05719d247e126840331f?s=96&d=mm&r=g","url":"https:\/\/secure.gravatar.com\/avatar\/7c5bd30ae4b47a9ba3c856590957fd1d96dc588bf3ac05719d247e126840331f?s=96&d=mm&r=g","contentUrl":"https:\/\/secure.gravatar.com\/avatar\/7c5bd30ae4b47a9ba3c856590957fd1d96dc588bf3ac05719d247e126840331f?s=96&d=mm&r=g","caption":"libna"}}]}},"_links":{"self":[{"href":"https:\/\/interamerica.org\/es\/wp-json\/wp\/v2\/posts\/51822","targetHints":{"allow":["GET"]}}],"collection":[{"href":"https:\/\/interamerica.org\/es\/wp-json\/wp\/v2\/posts"}],"about":[{"href":"https:\/\/interamerica.org\/es\/wp-json\/wp\/v2\/types\/post"}],"author":[{"embeddable":true,"href":"https:\/\/interamerica.org\/es\/wp-json\/wp\/v2\/users\/3"}],"replies":[{"embeddable":true,"href":"https:\/\/interamerica.org\/es\/wp-json\/wp\/v2\/comments?post=51822"}],"version-history":[{"count":0,"href":"https:\/\/interamerica.org\/es\/wp-json\/wp\/v2\/posts\/51822\/revisions"}],"wp:featuredmedia":[{"embeddable":true,"href":"https:\/\/interamerica.org\/es\/wp-json\/wp\/v2\/media\/51789"}],"wp:attachment":[{"href":"https:\/\/interamerica.org\/es\/wp-json\/wp\/v2\/media?parent=51822"}],"wp:term":[{"taxonomy":"category","embeddable":true,"href":"https:\/\/interamerica.org\/es\/wp-json\/wp\/v2\/categories?post=51822"},{"taxonomy":"post_tag","embeddable":true,"href":"https:\/\/interamerica.org\/es\/wp-json\/wp\/v2\/tags?post=51822"}],"curies":[{"name":"wp","href":"https:\/\/api.w.org\/{rel}","templated":true}]}}