{"id":51856,"date":"2019-09-20T14:50:14","date_gmt":"2019-09-20T18:50:14","guid":{"rendered":"https:\/\/recursing-golick.147-182-135-0.plesk.page\/?p=51856"},"modified":"2019-09-20T20:01:45","modified_gmt":"2019-09-21T00:01:45","slug":"voluntarios-apoyan-a-familias-venezolanas-en-maranon","status":"publish","type":"post","link":"https:\/\/interamerica.org\/es\/2019\/09\/voluntarios-apoyan-a-familias-venezolanas-en-maranon\/","title":{"rendered":"Voluntarios apoyan a familias venezolanas en Mara\u00f1\u00f3n"},"content":{"rendered":"<div>\n<div id=\"attachment_51851\" style=\"width: 812px\" class=\"wp-caption aligncenter\"><img fetchpriority=\"high\" decoding=\"async\" aria-describedby=\"caption-attachment-51851\" class=\" wp-image-51849\" src=\"https:\/\/recursing-golick.147-182-135-0.plesk.page\/wp-content\/uploads\/2019\/09\/csm-81-sad-volunteers-support-venez-uelan-families-in-maranhaocroppedforposting-0fc6376ec8.jpg\" alt=\"\" width=\"802\" height=\"451\" srcset=\"https:\/\/interamerica.org\/wp-content\/uploads\/2019\/09\/csm-81-sad-volunteers-support-venez-uelan-families-in-maranhaocroppedforposting-0fc6376ec8.jpg 672w, https:\/\/interamerica.org\/wp-content\/uploads\/2019\/09\/csm-81-sad-volunteers-support-venez-uelan-families-in-maranhaocroppedforposting-0fc6376ec8-300x169.jpg 300w\" sizes=\"(max-width: 802px) 100vw, 802px\" \/><p id=\"caption-attachment-51851\" class=\"wp-caption-text\">Fotograf\u00eda por cortes\u00eda de la Divisi\u00f3n Sudamericana<\/p><\/div>\n<\/div>\n<div><\/div>\n<div class=\"article__meta\"><span class=\"pub_date font--secondary--s gray can-be--white\">19 de septiembre de 2019<\/span><span class=\"divider\"> | <\/span><span class=\"pub_region font--secondary--s gray can-be--white\">Mara\u00f1\u00f3n, Brasil<\/span><span class=\"divider\"> | <\/span><span class=\"byline font--secondary--s gray can-be--white\">Suyane Scanssette<\/span><\/div>\n<div><\/div>\n<div>\u201cComo a uno de vosotros tratar\u00e9is al extranjero que habite entre vosotros, y lo amar\u00e1s como a ti mismo, porque extranjeros fuisteis en la tierra de Egipto\u201d. Este consejo de Lev\u00edtico 19:34 fue dado a los hebreos, cuando reci\u00e9n hab\u00edan salido de Egipto, hace m\u00e1s de cuatro mil a\u00f1os.<\/div>\n<div>\n<p>Voluntarios adventistas del noreste de Brasil, en Mara\u00f1\u00f3n, que se toman ese consejo divino en serio, organizaron un evento caritativo en agosto para ayudar a familias venezolanas que est\u00e1n acampando de manera improvisada en la zona de la terminal de autobuses en San Luis, la capital del estado.<\/p>\n<p>Empresarios y panaderos locales, la Asociaci\u00f3n de Residentes de S\u00e3o Bernardo, y miembros de Acci\u00f3n Solidaria Adventista, colaboraron para proveer de desayuno, canastas de alimentos b\u00e1sicos y prendas de vestir a familias que est\u00e1n alojadas en la estaci\u00f3n de autobuses.<\/p>\n<p>\u201cFue muy gratificante ver el gozo en los rostros de cada una de esas personas, y a\u00fan m\u00e1s poder ver que participan los ministerios de la iglesia como los Conquistadores y Aventureros\u201d, dice Patricia Miranda, de la Iglesia Adventista de Habitar. \u201cEsto muestra que la iglesia est\u00e1 comprometida a hacer lo que Cristo nos pidi\u00f3 que hagamos: amar realmente a nuestros pr\u00f3jimos no solo con palabras sino tambi\u00e9n con nuestras acciones\u201d. La idea de esta oportunidad ministerial le lleg\u00f3 a Miranda durante una reuni\u00f3n de la congregaci\u00f3n.<\/p>\n<p><strong>Solidaridad<\/strong><\/p>\n<p>Adem\u00e1s de brindar alimentos para los refugiados, los miembros de iglesia tambi\u00e9n ofrecieron un culto de adoraci\u00f3n con un mensaje b\u00edblico. Voluntarios tales como Alex Correia planean seguir asistiendo a las familias de los refugiados. Correia, que ha estado visitando y ofreciendo estudios b\u00edblicos, dice: \u201cMi objetivo es llevarlos a la iglesia el s\u00e1bado\u201d.<\/p>\n<p>El gesto de solidaridad de parte del equipo de voluntarios fue reconocido con gratitud por el venezolano Jonny Jose Mata. \u201cLa situaci\u00f3n en mi pa\u00eds es sumamente triste. Muchos ni\u00f1os est\u00e1n pasando hambre y falta la ropa, trabajo y alimentos. Todo es sumamente costoso. Queremos agradecer a los brasile\u00f1os que estuvieron aqu\u00ed y nos ayudaron. Realmente lo apreciamos\u201d, dijo con entusiasmo.<\/p>\n<p>Se estima que el n\u00famero de refugiados en la localidad supera los doscientos.<\/p>\n<p><a href=\"https:\/\/noticias.adventistas.org\/pt\/noticia\/missao\/voluntarios-adventistas-ajudam-familias-venezuelanas-no-maranhao\/\" target=\"_blank\" rel=\"noopener noreferrer\">Este art\u00edculo <\/a> fue publicado originalmente en el <a href=\"https:\/\/noticias.adventistas.org\/pt\/?orderby=date&amp;order=DESC&amp;post_status=publish&amp;post_type=post&amp;seemore_title=%C3%9Altimas+Not%C3%ADcias&amp;xtt-pa-sedes=dsa\" target=\"_blank\" rel=\"noopener noreferrer\">sitio de noticias en portugu\u00e9s de la Divisi\u00f3n Sudamericana<\/a>.<\/p>\n<\/div>\n<p>Traducci\u00f3n de Marcos Paseggi<\/p>\n","protected":false},"excerpt":{"rendered":"<p>19 de septiembre de 2019 | Mara\u00f1\u00f3n, Brasil | Suyane Scanssette \u201cComo a uno de vosotros tratar\u00e9is al extranjero que habite entre vosotros, y lo amar\u00e1s como a ti mismo,&#8230;<\/p>\n","protected":false},"author":3,"featured_media":51851,"comment_status":"open","ping_status":"closed","sticky":false,"template":"","format":"standard","meta":{"_acf_changed":false,"footnotes":""},"categories":[14,15],"tags":[],"class_list":["post-51856","post","type-post","status-publish","format-standard","has-post-thumbnail","hentry","category-de-la-iglesia-mundial","category-rss-espanol"],"acf":[],"yoast_head":"<!-- This site is optimized with the Yoast SEO plugin v27.3 - https:\/\/yoast.com\/product\/yoast-seo-wordpress\/ -->\n<title>Voluntarios apoyan a familias venezolanas en Mara\u00f1\u00f3n - Iglesia Adventista del S\u00e9ptimo D\u00eda - Divisi\u00f3n Interamericana<\/title>\n<meta name=\"robots\" content=\"index, follow, max-snippet:-1, max-image-preview:large, max-video-preview:-1\" \/>\n<link rel=\"canonical\" href=\"https:\/\/interamerica.org\/es\/2019\/09\/voluntarios-apoyan-a-familias-venezolanas-en-maranon\/\" \/>\n<meta property=\"og:locale\" content=\"es_ES\" \/>\n<meta property=\"og:type\" content=\"article\" \/>\n<meta property=\"og:title\" content=\"Voluntarios apoyan a familias venezolanas en Mara\u00f1\u00f3n - Iglesia Adventista del S\u00e9ptimo D\u00eda - Divisi\u00f3n Interamericana\" \/>\n<meta property=\"og:description\" content=\"19 de septiembre de 2019 | Mara\u00f1\u00f3n, Brasil | Suyane Scanssette \u201cComo a uno de vosotros tratar\u00e9is al extranjero que habite entre vosotros, y lo amar\u00e1s como a ti mismo,...\" \/>\n<meta property=\"og:url\" content=\"https:\/\/interamerica.org\/es\/2019\/09\/voluntarios-apoyan-a-familias-venezolanas-en-maranon\/\" \/>\n<meta property=\"og:site_name\" content=\"Iglesia Adventista del S\u00e9ptimo D\u00eda - Divisi\u00f3n Interamericana\" \/>\n<meta property=\"article:published_time\" content=\"2019-09-20T18:50:14+00:00\" \/>\n<meta property=\"article:modified_time\" content=\"2019-09-21T00:01:45+00:00\" \/>\n<meta property=\"og:image\" content=\"https:\/\/interamerica.org\/wp-content\/uploads\/2019\/09\/csm-81-sad-volunteers-support-venez-uelan-families-in-maranhaocroppedforposting-0fc6376ec8.jpg\" \/>\n\t<meta property=\"og:image:width\" content=\"672\" \/>\n\t<meta property=\"og:image:height\" content=\"378\" \/>\n\t<meta property=\"og:image:type\" content=\"image\/jpeg\" \/>\n<meta name=\"author\" content=\"libna\" \/>\n<meta name=\"twitter:card\" content=\"summary_large_image\" \/>\n<meta name=\"twitter:label1\" content=\"Escrito por\" \/>\n\t<meta name=\"twitter:data1\" content=\"libna\" \/>\n\t<meta name=\"twitter:label2\" content=\"Tiempo de lectura\" \/>\n\t<meta name=\"twitter:data2\" content=\"2 minutos\" \/>\n<script type=\"application\/ld+json\" class=\"yoast-schema-graph\">{\"@context\":\"https:\\\/\\\/schema.org\",\"@graph\":[{\"@type\":\"Article\",\"@id\":\"https:\\\/\\\/interamerica.org\\\/es\\\/2019\\\/09\\\/voluntarios-apoyan-a-familias-venezolanas-en-maranon\\\/#article\",\"isPartOf\":{\"@id\":\"https:\\\/\\\/interamerica.org\\\/es\\\/2019\\\/09\\\/voluntarios-apoyan-a-familias-venezolanas-en-maranon\\\/\"},\"author\":{\"name\":\"libna\",\"@id\":\"https:\\\/\\\/interamerica.org\\\/es\\\/#\\\/schema\\\/person\\\/29998f2bc2d8bd0d38662909289b54f1\"},\"headline\":\"Voluntarios apoyan a familias venezolanas en Mara\u00f1\u00f3n\",\"datePublished\":\"2019-09-20T18:50:14+00:00\",\"dateModified\":\"2019-09-21T00:01:45+00:00\",\"mainEntityOfPage\":{\"@id\":\"https:\\\/\\\/interamerica.org\\\/es\\\/2019\\\/09\\\/voluntarios-apoyan-a-familias-venezolanas-en-maranon\\\/\"},\"wordCount\":442,\"commentCount\":0,\"image\":{\"@id\":\"https:\\\/\\\/interamerica.org\\\/es\\\/2019\\\/09\\\/voluntarios-apoyan-a-familias-venezolanas-en-maranon\\\/#primaryimage\"},\"thumbnailUrl\":\"https:\\\/\\\/interamerica.org\\\/wp-content\\\/uploads\\\/2019\\\/09\\\/csm-81-sad-volunteers-support-venez-uelan-families-in-maranhaocroppedforposting-0fc6376ec8.jpg\",\"articleSection\":[\"Desde la iglesia mundial\",\"RSS Espa\u00f1ol\"],\"inLanguage\":\"es\",\"potentialAction\":[{\"@type\":\"CommentAction\",\"name\":\"Comment\",\"target\":[\"https:\\\/\\\/interamerica.org\\\/es\\\/2019\\\/09\\\/voluntarios-apoyan-a-familias-venezolanas-en-maranon\\\/#respond\"]}]},{\"@type\":\"WebPage\",\"@id\":\"https:\\\/\\\/interamerica.org\\\/es\\\/2019\\\/09\\\/voluntarios-apoyan-a-familias-venezolanas-en-maranon\\\/\",\"url\":\"https:\\\/\\\/interamerica.org\\\/es\\\/2019\\\/09\\\/voluntarios-apoyan-a-familias-venezolanas-en-maranon\\\/\",\"name\":\"Voluntarios apoyan a familias venezolanas en Mara\u00f1\u00f3n - Iglesia Adventista del S\u00e9ptimo D\u00eda - Divisi\u00f3n Interamericana\",\"isPartOf\":{\"@id\":\"https:\\\/\\\/interamerica.org\\\/es\\\/#website\"},\"primaryImageOfPage\":{\"@id\":\"https:\\\/\\\/interamerica.org\\\/es\\\/2019\\\/09\\\/voluntarios-apoyan-a-familias-venezolanas-en-maranon\\\/#primaryimage\"},\"image\":{\"@id\":\"https:\\\/\\\/interamerica.org\\\/es\\\/2019\\\/09\\\/voluntarios-apoyan-a-familias-venezolanas-en-maranon\\\/#primaryimage\"},\"thumbnailUrl\":\"https:\\\/\\\/interamerica.org\\\/wp-content\\\/uploads\\\/2019\\\/09\\\/csm-81-sad-volunteers-support-venez-uelan-families-in-maranhaocroppedforposting-0fc6376ec8.jpg\",\"datePublished\":\"2019-09-20T18:50:14+00:00\",\"dateModified\":\"2019-09-21T00:01:45+00:00\",\"author\":{\"@id\":\"https:\\\/\\\/interamerica.org\\\/es\\\/#\\\/schema\\\/person\\\/29998f2bc2d8bd0d38662909289b54f1\"},\"breadcrumb\":{\"@id\":\"https:\\\/\\\/interamerica.org\\\/es\\\/2019\\\/09\\\/voluntarios-apoyan-a-familias-venezolanas-en-maranon\\\/#breadcrumb\"},\"inLanguage\":\"es\",\"potentialAction\":[{\"@type\":\"ReadAction\",\"target\":[\"https:\\\/\\\/interamerica.org\\\/es\\\/2019\\\/09\\\/voluntarios-apoyan-a-familias-venezolanas-en-maranon\\\/\"]}]},{\"@type\":\"ImageObject\",\"inLanguage\":\"es\",\"@id\":\"https:\\\/\\\/interamerica.org\\\/es\\\/2019\\\/09\\\/voluntarios-apoyan-a-familias-venezolanas-en-maranon\\\/#primaryimage\",\"url\":\"https:\\\/\\\/interamerica.org\\\/wp-content\\\/uploads\\\/2019\\\/09\\\/csm-81-sad-volunteers-support-venez-uelan-families-in-maranhaocroppedforposting-0fc6376ec8.jpg\",\"contentUrl\":\"https:\\\/\\\/interamerica.org\\\/wp-content\\\/uploads\\\/2019\\\/09\\\/csm-81-sad-volunteers-support-venez-uelan-families-in-maranhaocroppedforposting-0fc6376ec8.jpg\",\"width\":672,\"height\":378,\"caption\":\"Fotograf\u00eda por cortes\u00eda de la Divisi\u00f3n Sudamericana\"},{\"@type\":\"BreadcrumbList\",\"@id\":\"https:\\\/\\\/interamerica.org\\\/es\\\/2019\\\/09\\\/voluntarios-apoyan-a-familias-venezolanas-en-maranon\\\/#breadcrumb\",\"itemListElement\":[{\"@type\":\"ListItem\",\"position\":1,\"name\":\"Home\",\"item\":\"https:\\\/\\\/interamerica.org\\\/es\\\/\"},{\"@type\":\"ListItem\",\"position\":2,\"name\":\"Voluntarios apoyan a familias venezolanas en Mara\u00f1\u00f3n\"}]},{\"@type\":\"WebSite\",\"@id\":\"https:\\\/\\\/interamerica.org\\\/es\\\/#website\",\"url\":\"https:\\\/\\\/interamerica.org\\\/es\\\/\",\"name\":\"Iglesia Adventista del S\u00e9ptimo D\u00eda - Divisi\u00f3n Interamericana\",\"description\":\"\",\"potentialAction\":[{\"@type\":\"SearchAction\",\"target\":{\"@type\":\"EntryPoint\",\"urlTemplate\":\"https:\\\/\\\/interamerica.org\\\/es\\\/?s={search_term_string}\"},\"query-input\":{\"@type\":\"PropertyValueSpecification\",\"valueRequired\":true,\"valueName\":\"search_term_string\"}}],\"inLanguage\":\"es\"},{\"@type\":\"Person\",\"@id\":\"https:\\\/\\\/interamerica.org\\\/es\\\/#\\\/schema\\\/person\\\/29998f2bc2d8bd0d38662909289b54f1\",\"name\":\"libna\",\"image\":{\"@type\":\"ImageObject\",\"inLanguage\":\"es\",\"@id\":\"https:\\\/\\\/secure.gravatar.com\\\/avatar\\\/7c5bd30ae4b47a9ba3c856590957fd1d96dc588bf3ac05719d247e126840331f?s=96&d=mm&r=g\",\"url\":\"https:\\\/\\\/secure.gravatar.com\\\/avatar\\\/7c5bd30ae4b47a9ba3c856590957fd1d96dc588bf3ac05719d247e126840331f?s=96&d=mm&r=g\",\"contentUrl\":\"https:\\\/\\\/secure.gravatar.com\\\/avatar\\\/7c5bd30ae4b47a9ba3c856590957fd1d96dc588bf3ac05719d247e126840331f?s=96&d=mm&r=g\",\"caption\":\"libna\"}}]}<\/script>\n<!-- \/ Yoast SEO plugin. -->","yoast_head_json":{"title":"Voluntarios apoyan a familias venezolanas en Mara\u00f1\u00f3n - Iglesia Adventista del S\u00e9ptimo D\u00eda - Divisi\u00f3n Interamericana","robots":{"index":"index","follow":"follow","max-snippet":"max-snippet:-1","max-image-preview":"max-image-preview:large","max-video-preview":"max-video-preview:-1"},"canonical":"https:\/\/interamerica.org\/es\/2019\/09\/voluntarios-apoyan-a-familias-venezolanas-en-maranon\/","og_locale":"es_ES","og_type":"article","og_title":"Voluntarios apoyan a familias venezolanas en Mara\u00f1\u00f3n - Iglesia Adventista del S\u00e9ptimo D\u00eda - Divisi\u00f3n Interamericana","og_description":"19 de septiembre de 2019 | Mara\u00f1\u00f3n, Brasil | Suyane Scanssette \u201cComo a uno de vosotros tratar\u00e9is al extranjero que habite entre vosotros, y lo amar\u00e1s como a ti mismo,...","og_url":"https:\/\/interamerica.org\/es\/2019\/09\/voluntarios-apoyan-a-familias-venezolanas-en-maranon\/","og_site_name":"Iglesia Adventista del S\u00e9ptimo D\u00eda - Divisi\u00f3n Interamericana","article_published_time":"2019-09-20T18:50:14+00:00","article_modified_time":"2019-09-21T00:01:45+00:00","og_image":[{"width":672,"height":378,"url":"https:\/\/interamerica.org\/wp-content\/uploads\/2019\/09\/csm-81-sad-volunteers-support-venez-uelan-families-in-maranhaocroppedforposting-0fc6376ec8.jpg","type":"image\/jpeg"}],"author":"libna","twitter_card":"summary_large_image","twitter_misc":{"Escrito por":"libna","Tiempo de lectura":"2 minutos"},"schema":{"@context":"https:\/\/schema.org","@graph":[{"@type":"Article","@id":"https:\/\/interamerica.org\/es\/2019\/09\/voluntarios-apoyan-a-familias-venezolanas-en-maranon\/#article","isPartOf":{"@id":"https:\/\/interamerica.org\/es\/2019\/09\/voluntarios-apoyan-a-familias-venezolanas-en-maranon\/"},"author":{"name":"libna","@id":"https:\/\/interamerica.org\/es\/#\/schema\/person\/29998f2bc2d8bd0d38662909289b54f1"},"headline":"Voluntarios apoyan a familias venezolanas en Mara\u00f1\u00f3n","datePublished":"2019-09-20T18:50:14+00:00","dateModified":"2019-09-21T00:01:45+00:00","mainEntityOfPage":{"@id":"https:\/\/interamerica.org\/es\/2019\/09\/voluntarios-apoyan-a-familias-venezolanas-en-maranon\/"},"wordCount":442,"commentCount":0,"image":{"@id":"https:\/\/interamerica.org\/es\/2019\/09\/voluntarios-apoyan-a-familias-venezolanas-en-maranon\/#primaryimage"},"thumbnailUrl":"https:\/\/interamerica.org\/wp-content\/uploads\/2019\/09\/csm-81-sad-volunteers-support-venez-uelan-families-in-maranhaocroppedforposting-0fc6376ec8.jpg","articleSection":["Desde la iglesia mundial","RSS Espa\u00f1ol"],"inLanguage":"es","potentialAction":[{"@type":"CommentAction","name":"Comment","target":["https:\/\/interamerica.org\/es\/2019\/09\/voluntarios-apoyan-a-familias-venezolanas-en-maranon\/#respond"]}]},{"@type":"WebPage","@id":"https:\/\/interamerica.org\/es\/2019\/09\/voluntarios-apoyan-a-familias-venezolanas-en-maranon\/","url":"https:\/\/interamerica.org\/es\/2019\/09\/voluntarios-apoyan-a-familias-venezolanas-en-maranon\/","name":"Voluntarios apoyan a familias venezolanas en Mara\u00f1\u00f3n - Iglesia Adventista del S\u00e9ptimo D\u00eda - Divisi\u00f3n Interamericana","isPartOf":{"@id":"https:\/\/interamerica.org\/es\/#website"},"primaryImageOfPage":{"@id":"https:\/\/interamerica.org\/es\/2019\/09\/voluntarios-apoyan-a-familias-venezolanas-en-maranon\/#primaryimage"},"image":{"@id":"https:\/\/interamerica.org\/es\/2019\/09\/voluntarios-apoyan-a-familias-venezolanas-en-maranon\/#primaryimage"},"thumbnailUrl":"https:\/\/interamerica.org\/wp-content\/uploads\/2019\/09\/csm-81-sad-volunteers-support-venez-uelan-families-in-maranhaocroppedforposting-0fc6376ec8.jpg","datePublished":"2019-09-20T18:50:14+00:00","dateModified":"2019-09-21T00:01:45+00:00","author":{"@id":"https:\/\/interamerica.org\/es\/#\/schema\/person\/29998f2bc2d8bd0d38662909289b54f1"},"breadcrumb":{"@id":"https:\/\/interamerica.org\/es\/2019\/09\/voluntarios-apoyan-a-familias-venezolanas-en-maranon\/#breadcrumb"},"inLanguage":"es","potentialAction":[{"@type":"ReadAction","target":["https:\/\/interamerica.org\/es\/2019\/09\/voluntarios-apoyan-a-familias-venezolanas-en-maranon\/"]}]},{"@type":"ImageObject","inLanguage":"es","@id":"https:\/\/interamerica.org\/es\/2019\/09\/voluntarios-apoyan-a-familias-venezolanas-en-maranon\/#primaryimage","url":"https:\/\/interamerica.org\/wp-content\/uploads\/2019\/09\/csm-81-sad-volunteers-support-venez-uelan-families-in-maranhaocroppedforposting-0fc6376ec8.jpg","contentUrl":"https:\/\/interamerica.org\/wp-content\/uploads\/2019\/09\/csm-81-sad-volunteers-support-venez-uelan-families-in-maranhaocroppedforposting-0fc6376ec8.jpg","width":672,"height":378,"caption":"Fotograf\u00eda por cortes\u00eda de la Divisi\u00f3n Sudamericana"},{"@type":"BreadcrumbList","@id":"https:\/\/interamerica.org\/es\/2019\/09\/voluntarios-apoyan-a-familias-venezolanas-en-maranon\/#breadcrumb","itemListElement":[{"@type":"ListItem","position":1,"name":"Home","item":"https:\/\/interamerica.org\/es\/"},{"@type":"ListItem","position":2,"name":"Voluntarios apoyan a familias venezolanas en Mara\u00f1\u00f3n"}]},{"@type":"WebSite","@id":"https:\/\/interamerica.org\/es\/#website","url":"https:\/\/interamerica.org\/es\/","name":"Iglesia Adventista del S\u00e9ptimo D\u00eda - Divisi\u00f3n Interamericana","description":"","potentialAction":[{"@type":"SearchAction","target":{"@type":"EntryPoint","urlTemplate":"https:\/\/interamerica.org\/es\/?s={search_term_string}"},"query-input":{"@type":"PropertyValueSpecification","valueRequired":true,"valueName":"search_term_string"}}],"inLanguage":"es"},{"@type":"Person","@id":"https:\/\/interamerica.org\/es\/#\/schema\/person\/29998f2bc2d8bd0d38662909289b54f1","name":"libna","image":{"@type":"ImageObject","inLanguage":"es","@id":"https:\/\/secure.gravatar.com\/avatar\/7c5bd30ae4b47a9ba3c856590957fd1d96dc588bf3ac05719d247e126840331f?s=96&d=mm&r=g","url":"https:\/\/secure.gravatar.com\/avatar\/7c5bd30ae4b47a9ba3c856590957fd1d96dc588bf3ac05719d247e126840331f?s=96&d=mm&r=g","contentUrl":"https:\/\/secure.gravatar.com\/avatar\/7c5bd30ae4b47a9ba3c856590957fd1d96dc588bf3ac05719d247e126840331f?s=96&d=mm&r=g","caption":"libna"}}]}},"_links":{"self":[{"href":"https:\/\/interamerica.org\/es\/wp-json\/wp\/v2\/posts\/51856","targetHints":{"allow":["GET"]}}],"collection":[{"href":"https:\/\/interamerica.org\/es\/wp-json\/wp\/v2\/posts"}],"about":[{"href":"https:\/\/interamerica.org\/es\/wp-json\/wp\/v2\/types\/post"}],"author":[{"embeddable":true,"href":"https:\/\/interamerica.org\/es\/wp-json\/wp\/v2\/users\/3"}],"replies":[{"embeddable":true,"href":"https:\/\/interamerica.org\/es\/wp-json\/wp\/v2\/comments?post=51856"}],"version-history":[{"count":0,"href":"https:\/\/interamerica.org\/es\/wp-json\/wp\/v2\/posts\/51856\/revisions"}],"wp:featuredmedia":[{"embeddable":true,"href":"https:\/\/interamerica.org\/es\/wp-json\/wp\/v2\/media\/51851"}],"wp:attachment":[{"href":"https:\/\/interamerica.org\/es\/wp-json\/wp\/v2\/media?parent=51856"}],"wp:term":[{"taxonomy":"category","embeddable":true,"href":"https:\/\/interamerica.org\/es\/wp-json\/wp\/v2\/categories?post=51856"},{"taxonomy":"post_tag","embeddable":true,"href":"https:\/\/interamerica.org\/es\/wp-json\/wp\/v2\/tags?post=51856"}],"curies":[{"name":"wp","href":"https:\/\/api.w.org\/{rel}","templated":true}]}}