{"id":52113,"date":"2019-09-29T12:43:14","date_gmt":"2019-09-29T16:43:14","guid":{"rendered":"https:\/\/recursing-golick.147-182-135-0.plesk.page\/?p=52113"},"modified":"2019-09-29T18:54:33","modified_gmt":"2019-09-29T22:54:33","slug":"maranatha-celebra-cincuenta-anos-de-deleitarse-en-el-gozo-del-servicio","status":"publish","type":"post","link":"https:\/\/interamerica.org\/es\/2019\/09\/maranatha-celebra-cincuenta-anos-de-deleitarse-en-el-gozo-del-servicio\/","title":{"rendered":"Maranatha celebra cincuenta a\u00f1os de deleitarse en el gozo del servicio"},"content":{"rendered":"<div id=\"attachment_52092\" style=\"width: 810px\" class=\"wp-caption aligncenter\"><img fetchpriority=\"high\" decoding=\"async\" aria-describedby=\"caption-attachment-52092\" class=\" wp-image-52090\" src=\"https:\/\/recursing-golick.147-182-135-0.plesk.page\/wp-content\/uploads\/2019\/09\/maranatha-celebrates-50-years-of-reveling-in-the-joy-of-service.jpg\" alt=\"\" width=\"800\" height=\"400\" srcset=\"https:\/\/interamerica.org\/wp-content\/uploads\/2019\/09\/maranatha-celebrates-50-years-of-reveling-in-the-joy-of-service.jpg 1000w, https:\/\/interamerica.org\/wp-content\/uploads\/2019\/09\/maranatha-celebrates-50-years-of-reveling-in-the-joy-of-service-300x150.jpg 300w, https:\/\/interamerica.org\/wp-content\/uploads\/2019\/09\/maranatha-celebrates-50-years-of-reveling-in-the-joy-of-service-768x384.jpg 768w\" sizes=\"(max-width: 800px) 100vw, 800px\" \/><p id=\"caption-attachment-52092\" class=\"wp-caption-text\"><br \/>M\u00e1s de dos mil personas asistieron a la convenci\u00f3n anual de Maranatha Volunteers Internacional en Sacramento, California, Estados Unidos, del 19-21 de septiembre de 2019. En 2019, Maranatha est\u00e1 celebrando cincuenta a\u00f1os de servicio. Fotograf\u00eda: Tom Lloyd, Maranatha Volunteers Internacional<\/p><\/div>\n<p><span class=\"byline-news\">Por: Marcos Paseggi, <\/span><em><span class=\"byline-news\">Adventist Review<\/span><\/em><\/p>\n<p><span class=\"cap\"> Fue tiempo de rememorar y agradecer pero tambi\u00e9n de mirar hacia adelante, cuando m\u00e1s de dos mil voluntarios, partidarios y amigos se reunieron para celebrar el 50\u00b0 aniversario de <a href=\"https:\/\/maranatha.org\/\" target=\"_blank\" rel=\"noopener noreferrer\">Maranatha Volunteers Internacional<\/a> en Sacramento, California, Estados Unidos, del 19-21 de septiembre de 2019. <\/span><\/p>\n<p>El ministerio de apoyo de la Iglesia Adventista del S\u00e9ptimo D\u00eda, que coordina y patrocina proyectos de construcci\u00f3n de iglesias y escuelas y establecimiento de pozos de agua en diversas partes del mundo, aprovech\u00f3 al m\u00e1ximo su convenci\u00f3n anual para repasar la historia de lo que los l\u00edderes denominaron \u201cLa conducci\u00f3n divina a trav\u00e9s de los a\u00f1os\u201d.<\/p>\n<p>\u201cUna cosa que no ha cambiado en cinco d\u00e9cadas\u201d, dijo el presidente de Maranatha Don Noble, \u201ces que Dios es fiel. \u00c9l ha sido fiel con Maranatha. Hemos visto su mano vez tras vez\u201d.<\/p>\n<p><strong>Cifras que impresionan<\/strong><\/p>\n<p>Los resultados de las iniciativas de Maranatha son muchas y f\u00e1ciles de ver. En las cinco d\u00e9cadas desde que John Freeman organiz\u00f3 el primer viaje misionero para familiares y amigos a las Bahamas, Maranatha ha llevado a cabo su visi\u00f3n con distinci\u00f3n, dijeron los l\u00edderes y voluntarios.<\/p>\n<div id=\"attachment_52101\" style=\"width: 810px\" class=\"wp-caption aligncenter\"><img decoding=\"async\" aria-describedby=\"caption-attachment-52101\" class=\" wp-image-52099\" src=\"https:\/\/recursing-golick.147-182-135-0.plesk.page\/wp-content\/uploads\/2019\/09\/maranatha2019-convention-tl-236.jpg\" alt=\"\" width=\"800\" height=\"533\" srcset=\"https:\/\/interamerica.org\/wp-content\/uploads\/2019\/09\/maranatha2019-convention-tl-236.jpg 1000w, https:\/\/interamerica.org\/wp-content\/uploads\/2019\/09\/maranatha2019-convention-tl-236-300x200.jpg 300w, https:\/\/interamerica.org\/wp-content\/uploads\/2019\/09\/maranatha2019-convention-tl-236-768x511.jpg 768w\" sizes=\"(max-width: 800px) 100vw, 800px\" \/><p id=\"caption-attachment-52101\" class=\"wp-caption-text\">El viernes 20 de septiembre de 2019 por la ma\u00f1ana, las actividades en grupos peque\u00f1os ayudaron a que los voluntarios y partidarios de Maranatha reflexionaran y se conectaran con diferentes generaciones, durante la convenci\u00f3n anual del ministerio, dijeron los l\u00edderes. Fotograf\u00eda: Tom Lloyd, Maranatha Volunteers Internacional<\/p><\/div>\n<p>Las cifras del ministerio son impresionantes. Desde 1969, Maranatha ha empleado a m\u00e1s de 85 mil voluntarios como parte de 2170 equipos misioneros en 88 pa\u00edses. En esos proyectos, Maranatha ha erigido 11.229 nuevas estructuras y cavado m\u00e1s de mil pozos de agua. En total, construy\u00f3 9079 iglesias y 3110 salones de clase, para una superficie total de 13.123.731 (aproximadamente 1.219.235 metros cuadrados).<\/p>\n<p>Las cifras, sin embargo, no cuentan toda la historia, dado que Maranatha no solo se refiere a edificios sino a la transformaci\u00f3n de vidas individuales y de la comunidad de la iglesia en general.<\/p>\n<p>\u201cHa sido probado vez tras vez\u201d, dijo Noble, \u201cque despu\u00e9s de que Maranatha comienza a trabajar en un pa\u00eds, la iglesia en general crece\u201d.<\/p>\n<p>La presencia de Maranatha tambi\u00e9n revitaliza a los miembros de las iglesias locales, dijo Samuel Makori, presidente de la Iglesia Adventista en Kenia Oriental.<\/p>\n<div id=\"attachment_52104\" style=\"width: 812px\" class=\"wp-caption aligncenter\"><img decoding=\"async\" aria-describedby=\"caption-attachment-52104\" class=\" wp-image-52102\" src=\"https:\/\/recursing-golick.147-182-135-0.plesk.page\/wp-content\/uploads\/2019\/09\/maranatha2019-convention-tl-344.jpg\" alt=\"\" width=\"802\" height=\"534\" srcset=\"https:\/\/interamerica.org\/wp-content\/uploads\/2019\/09\/maranatha2019-convention-tl-344.jpg 1000w, https:\/\/interamerica.org\/wp-content\/uploads\/2019\/09\/maranatha2019-convention-tl-344-300x200.jpg 300w, https:\/\/interamerica.org\/wp-content\/uploads\/2019\/09\/maranatha2019-convention-tl-344-768x511.jpg 768w\" sizes=\"(max-width: 802px) 100vw, 802px\" \/><p id=\"caption-attachment-52104\" class=\"wp-caption-text\">Christian Edition, un coro de hombres de Glendale, California, Estados Unidos, ofreci\u00f3 momentos de alabanza y adoraci\u00f3n, durante el fin de semana de celebraci\u00f3n del quincuag\u00e9simo aniversario, en la convenci\u00f3n anual de Maranatha. Fotograf\u00eda: Tom Lloyd, Maranatha Volunteers Internacional<\/p><\/div>\n<p>\u201cHe visto que gracias a Maranatha, los individuos y las iglesias dejan lo que les resulta c\u00f3modo y se dirigen a ayudar en las zonas rurales. [El servicio de Maranatha] es una motivaci\u00f3n para nuestros miembros\u201d, expres\u00f3.<\/p>\n<p><strong>Desaf\u00edos para el futuro<\/strong><\/p>\n<p>El servicio de Maranatha, sin embargo, no carece de su propio conjunto de desaf\u00edos. Maranatha fue lanzado en una era cuando los ministerios de apoyo de la Iglesia Adventista \u2014los que son financiados por donaciones privadas y no por subvenciones de la organizaci\u00f3n de la iglesia\u2014 eran pocos. En d\u00e9cadas recientes, el n\u00famero de esos ministerios ha crecido. Maranatha enfrenta la pregunta: \u00bfC\u00f3mo destacarse entre las muchas opciones de ministerios para apoyar que tienen los miembros de iglesia?<\/p>\n<p>\u201cCreo que las necesidades son muchas, y que hay oportunidades de que todos encuentren un lugar donde servir\u201d, dijo Kenneth Weiss, vicepresidente ejecutivo de Maranatha. \u201cEn lo que respecta a Maranatha, la gesti\u00f3n del ministerio es sumamente transparente; es una opci\u00f3n donde se pueden ver resultados, y se los ve en poco tiempo\u201d. Mediante esfuerzos cuidadosamente coordinados, los voluntarios de Maranatha suelen irrumpir en un lugar y construir un templo o salones de clase en pocos d\u00edas.<\/p>\n<p>Por otro lado, los \u201cpioneros\u201d de Maranatha, o aquellos que ayudaron a que el ministerio creciera durante su primera d\u00e9cada, est\u00e1n falleciendo, reconocieron los l\u00edderes del ministerio, y Maranatha necesita llegar a las nuevas generaciones para que su grupo de partidarios siga siendo saludable y activo.<\/p>\n<div id=\"attachment_52098\" style=\"width: 810px\" class=\"wp-caption aligncenter\"><img loading=\"lazy\" decoding=\"async\" aria-describedby=\"caption-attachment-52098\" class=\" wp-image-52096\" src=\"https:\/\/recursing-golick.147-182-135-0.plesk.page\/wp-content\/uploads\/2019\/09\/maranatha2019-convention-tl-455.jpg\" alt=\"\" width=\"800\" height=\"533\" srcset=\"https:\/\/interamerica.org\/wp-content\/uploads\/2019\/09\/maranatha2019-convention-tl-455.jpg 1000w, https:\/\/interamerica.org\/wp-content\/uploads\/2019\/09\/maranatha2019-convention-tl-455-300x200.jpg 300w, https:\/\/interamerica.org\/wp-content\/uploads\/2019\/09\/maranatha2019-convention-tl-455-768x511.jpg 768w\" sizes=\"(max-width: 800px) 100vw, 800px\" \/><p id=\"caption-attachment-52098\" class=\"wp-caption-text\">El presidente de la Iglesia Adventista en Cuba, el pastor Aldo P\u00e9rez (izquierda), agradece a Maranatha Volunteers Internacional por su apoyo desde que el ministerio ingres\u00f3 por primera vez al pa\u00eds en 1994, mientras que Kenneth Weiss, vicepresidente ejecutivo de Maranatha, oficia de int\u00e9rprete. \u201cNo hay duda de que Dios ha usado a Maranatha para su gloria\u201d, dijo P\u00e9rez. Fotograf\u00eda: Tom Lloyd, Maranatha Volunteers Internacional<\/p><\/div>\n<p>\u201cEn las siguientes d\u00e9cadas, el desaf\u00edo ser\u00e1 involucrar a las nuevas generaciones para que apoyen un ministerio de esta naturaleza\u201d, reconoci\u00f3 Weiss. \u201cAl mismo tiempo, cuando Maranatha comenz\u00f3, era apoyado en su mayor parte por j\u00f3venes, por un lado, y por jubilados, por otro\u201d, explic\u00f3. \u201cAhora las cosas est\u00e1n m\u00e1s equilibradas, dado que muchas familias de mediana edad se est\u00e1n involucrando e invirtiendo en este ministerio\u201d.<\/p>\n<p>Parte de esta tendencia acaso es resultado del \u00e9xito de los proyectos para familias que tiene Maranatha, que involucran a familias completas en breves per\u00edodos de construcci\u00f3n en diversas partes del mundo. Al mismo tiempo, otras iniciativas como Ultimate Workout, que apunta exclusivamente a adolescentes, hacen que los padres se involucren en apoyar al ministerio.<\/p>\n<p>\u201cLos proyectos para familias son muy populares\u201d, dijo Weiss. \u201cCuando abrimos la inscripci\u00f3n para un proyecto espec\u00edfico, suele llenarse bastante r\u00e1pido. Y los que ya han participado una vez son los mejores promotores, porque ven que Maranatha les cambia la vida a ellos y tambi\u00e9n a otras personas\u201d.<\/p>\n<p><strong>Testimonios emocionantes<\/strong><\/p>\n<p>En la convenci\u00f3n anual en Sacramento, los participantes tuvieron una muestra de la transformaci\u00f3n poderosa que permite Maranatha, tanto en los j\u00f3venes como en los viejos. Adem\u00e1s de los seminarios el viernes por la ma\u00f1ana sobre temas como liderazgo, administraci\u00f3n de la herencia y otros temas, y de momentos inspiradores de alabanza y adoraci\u00f3n durante todo el fin de semana, los voluntarios compartieron testimonios emocionantes sobre su participaci\u00f3n con Maranatha. Desde la familia de duelo, buscando recuperarse de la muerte de una hija, hasta la adolescente en lucha contra un trastorno de la alimentaci\u00f3n, y hasta el matrimonio que regres\u00f3 a la iglesia despu\u00e9s de muchos a\u00f1os, Maranatha fomenta el servicio como una manera de hallar significaci\u00f3n, realizaci\u00f3n y renovaci\u00f3n espiritual en el servicio a los dem\u00e1s.<\/p>\n<div id=\"attachment_52107\" style=\"width: 810px\" class=\"wp-caption aligncenter\"><img loading=\"lazy\" decoding=\"async\" aria-describedby=\"caption-attachment-52107\" class=\" wp-image-52105\" src=\"https:\/\/recursing-golick.147-182-135-0.plesk.page\/wp-content\/uploads\/2019\/09\/maranatha2019-convention-tl-859.jpg\" alt=\"\" width=\"800\" height=\"533\" srcset=\"https:\/\/interamerica.org\/wp-content\/uploads\/2019\/09\/maranatha2019-convention-tl-859.jpg 1000w, https:\/\/interamerica.org\/wp-content\/uploads\/2019\/09\/maranatha2019-convention-tl-859-300x200.jpg 300w, https:\/\/interamerica.org\/wp-content\/uploads\/2019\/09\/maranatha2019-convention-tl-859-768x511.jpg 768w\" sizes=\"(max-width: 800px) 100vw, 800px\" \/><p id=\"caption-attachment-52107\" class=\"wp-caption-text\">Voluntarios y partidarios de Maranatha siguen el programa del fin de semana, durante la convenci\u00f3n anual del ministerio en Sacramento. Maranatha Volunteers Internacional cumple cincuenta a\u00f1os este a\u00f1o. Fotograf\u00eda: Tom Lloyd, Maranatha Volunteers Internacional<\/p><\/div>\n<p>Varios l\u00edderes de la iglesia tambi\u00e9n expresaron sus saludos y testimonios a la convenci\u00f3n, enfatizando de qu\u00e9 manera Maranatha contribuy\u00f3 al crecimiento de la Iglesia Adventista, al proveer templos atractivos, salones de clase c\u00f3modos, y esenciales pozos de agua all\u00ed donde se necesitaban.<\/p>\n<p>Un l\u00edder que enfatiz\u00f3 este punto fue Daniel Fontaine, expresidente de la Iglesia Adventista en Cuba.<\/p>\n<p>\u201cMaranatha ha sido una bendici\u00f3n para Cuba\u201d, dijo Fontaine, que cont\u00f3 de qu\u00e9 manera el ministerio transform\u00f3 la imagen de la iglesia en ese pa\u00eds despu\u00e9s de que comenz\u00f3 a trabajar all\u00ed en 1994. \u201cPara ir a Cuba\u201d, dijo, \u201cse necesita mostrar fe y confianza en Dios. Los comienzos de Maranatha en Cuba presentaron grandes desaf\u00edos\u201d.<\/p>\n<p>Fontaine explic\u00f3 que en cierto momento, Maranatha estuvo a punto de dejar Cuba debido a los desaf\u00edos.<\/p>\n<p>\u201cLos l\u00edderes dijeron: \u2018Si en un a\u00f1o no resolvemos estas cuestiones, nos iremos\u2019\u201d, cont\u00f3 Fontaine. \u201cPero han pasado 25 a\u00f1os, y el apoyo de Maranatha ha transformado la iglesia y ayudado a que se multiplique la feligres\u00eda\u201d.<\/p>\n<p>El presidente actual de la Iglesia Adventista en Cuba, el pastor Aldo P\u00e9rez, se mostr\u00f3 de acuerdo.<\/p>\n<p>\u201cMaranatha es como un m\u00e9dico que ha venido a aliviar los dolores de crecimiento en Cuba\u201d, expres\u00f3. \u201cNo hay duda de que Dios est\u00e1 usando a Maranatha para su gloria. Y los frutos del servicio [de Maranatha] solo se ver\u00e1n en la eternidad\u201d.<\/p>\n<p><strong>Qu\u00e9 es lo que falta<\/strong><\/p>\n<p>A pesar de los logros impresionantes de Maranatha, a\u00fan hay mucho por hacer, dijo Kyle Fiess, vicepresidente de proyectos de Maranatha. Fiess cont\u00f3 detalles del trabajo de Maranatha en Zambia, un pa\u00eds donde, seg\u00fan las \u00faltimas estad\u00edsticas, una persona de cada doce es adventistas del s\u00e9ptimo d\u00eda.<\/p>\n<p>\u201cEn 2018, los l\u00edderes de la iglesia le pidieron ayuda a Maranatha en el norte de Zambia, una regi\u00f3n donde hay m\u00e1s de tres mil congregaciones que no tienen un lugar donde reunirse\u201d, dijo Fiess. \u201cAhora que Maranatha est\u00e1 all\u00ed, para fines de este a\u00f1o, habremos construido ochenta iglesias. Pero es solo una gota en un cubo\u201d, reconoci\u00f3 Fiess.<\/p>\n<p>A la luz de los desaf\u00edos actuales, la clave es involucrarse, dijo Gilberto Araujo, presidente de Maranatha en Costa de Marfil. Maranatha est\u00e1 planificando su primer proyecto en ese pa\u00eds para febrero de 2020, y Araujo dijo que se siente entusiasmado al pensar en las posibilidades.<\/p>\n<p>\u201cQueremos ver qu\u00e9 puede hacer el Se\u00f1or junto con ustedes all\u00ed\u201d, dijo Araujo al invitar a los presentes para que se registren para el proyecto de Costa de Marfil. \u201cNo queremos escuchar historias; queremos llegar a ser historias junto con ustedes\u201d, expres\u00f3.<\/p>\n<p>Traducci\u00f3n de Marcos Paseggi<\/p>\n","protected":false},"excerpt":{"rendered":"<p>Por: Marcos Paseggi, Adventist Review Fue tiempo de rememorar y agradecer pero tambi\u00e9n de mirar hacia adelante, cuando m\u00e1s de dos mil voluntarios, partidarios y amigos se reunieron para celebrar&#8230;<\/p>\n","protected":false},"author":3,"featured_media":52092,"comment_status":"open","ping_status":"closed","sticky":false,"template":"","format":"standard","meta":{"_acf_changed":false,"footnotes":""},"categories":[14,15],"tags":[],"class_list":["post-52113","post","type-post","status-publish","format-standard","has-post-thumbnail","hentry","category-de-la-iglesia-mundial","category-rss-espanol"],"acf":[],"yoast_head":"<!-- This site is optimized with the Yoast SEO plugin v27.3 - https:\/\/yoast.com\/product\/yoast-seo-wordpress\/ -->\n<title>Maranatha celebra cincuenta a\u00f1os de deleitarse en el gozo del servicio - Iglesia Adventista del S\u00e9ptimo D\u00eda - Divisi\u00f3n Interamericana<\/title>\n<meta name=\"robots\" content=\"index, follow, max-snippet:-1, max-image-preview:large, max-video-preview:-1\" \/>\n<link rel=\"canonical\" href=\"https:\/\/interamerica.org\/es\/2019\/09\/maranatha-celebra-cincuenta-anos-de-deleitarse-en-el-gozo-del-servicio\/\" \/>\n<meta property=\"og:locale\" content=\"es_ES\" \/>\n<meta property=\"og:type\" content=\"article\" \/>\n<meta property=\"og:title\" content=\"Maranatha celebra cincuenta a\u00f1os de deleitarse en el gozo del servicio - Iglesia Adventista del S\u00e9ptimo D\u00eda - Divisi\u00f3n Interamericana\" \/>\n<meta property=\"og:description\" content=\"Por: Marcos Paseggi, Adventist Review Fue tiempo de rememorar y agradecer pero tambi\u00e9n de mirar hacia adelante, cuando m\u00e1s de dos mil voluntarios, partidarios y amigos se reunieron para celebrar...\" \/>\n<meta property=\"og:url\" content=\"https:\/\/interamerica.org\/es\/2019\/09\/maranatha-celebra-cincuenta-anos-de-deleitarse-en-el-gozo-del-servicio\/\" \/>\n<meta property=\"og:site_name\" content=\"Iglesia Adventista del S\u00e9ptimo D\u00eda - Divisi\u00f3n Interamericana\" \/>\n<meta property=\"article:published_time\" content=\"2019-09-29T16:43:14+00:00\" \/>\n<meta property=\"article:modified_time\" content=\"2019-09-29T22:54:33+00:00\" \/>\n<meta property=\"og:image\" content=\"https:\/\/interamerica.org\/wp-content\/uploads\/2019\/09\/maranatha-celebrates-50-years-of-reveling-in-the-joy-of-service.jpg\" \/>\n\t<meta property=\"og:image:width\" content=\"1000\" \/>\n\t<meta property=\"og:image:height\" content=\"500\" \/>\n\t<meta property=\"og:image:type\" content=\"image\/jpeg\" \/>\n<meta name=\"author\" content=\"libna\" \/>\n<meta name=\"twitter:card\" content=\"summary_large_image\" \/>\n<meta name=\"twitter:label1\" content=\"Escrito por\" \/>\n\t<meta name=\"twitter:data1\" content=\"libna\" \/>\n\t<meta name=\"twitter:label2\" content=\"Tiempo de lectura\" \/>\n\t<meta name=\"twitter:data2\" content=\"8 minutos\" \/>\n<script type=\"application\/ld+json\" class=\"yoast-schema-graph\">{\"@context\":\"https:\\\/\\\/schema.org\",\"@graph\":[{\"@type\":\"Article\",\"@id\":\"https:\\\/\\\/interamerica.org\\\/es\\\/2019\\\/09\\\/maranatha-celebra-cincuenta-anos-de-deleitarse-en-el-gozo-del-servicio\\\/#article\",\"isPartOf\":{\"@id\":\"https:\\\/\\\/interamerica.org\\\/es\\\/2019\\\/09\\\/maranatha-celebra-cincuenta-anos-de-deleitarse-en-el-gozo-del-servicio\\\/\"},\"author\":{\"name\":\"libna\",\"@id\":\"https:\\\/\\\/interamerica.org\\\/es\\\/#\\\/schema\\\/person\\\/29998f2bc2d8bd0d38662909289b54f1\"},\"headline\":\"Maranatha celebra cincuenta a\u00f1os de deleitarse en el gozo del servicio\",\"datePublished\":\"2019-09-29T16:43:14+00:00\",\"dateModified\":\"2019-09-29T22:54:33+00:00\",\"mainEntityOfPage\":{\"@id\":\"https:\\\/\\\/interamerica.org\\\/es\\\/2019\\\/09\\\/maranatha-celebra-cincuenta-anos-de-deleitarse-en-el-gozo-del-servicio\\\/\"},\"wordCount\":1676,\"commentCount\":0,\"image\":{\"@id\":\"https:\\\/\\\/interamerica.org\\\/es\\\/2019\\\/09\\\/maranatha-celebra-cincuenta-anos-de-deleitarse-en-el-gozo-del-servicio\\\/#primaryimage\"},\"thumbnailUrl\":\"https:\\\/\\\/interamerica.org\\\/wp-content\\\/uploads\\\/2019\\\/09\\\/maranatha-celebrates-50-years-of-reveling-in-the-joy-of-service.jpg\",\"articleSection\":[\"Desde la iglesia mundial\",\"RSS Espa\u00f1ol\"],\"inLanguage\":\"es\",\"potentialAction\":[{\"@type\":\"CommentAction\",\"name\":\"Comment\",\"target\":[\"https:\\\/\\\/interamerica.org\\\/es\\\/2019\\\/09\\\/maranatha-celebra-cincuenta-anos-de-deleitarse-en-el-gozo-del-servicio\\\/#respond\"]}]},{\"@type\":\"WebPage\",\"@id\":\"https:\\\/\\\/interamerica.org\\\/es\\\/2019\\\/09\\\/maranatha-celebra-cincuenta-anos-de-deleitarse-en-el-gozo-del-servicio\\\/\",\"url\":\"https:\\\/\\\/interamerica.org\\\/es\\\/2019\\\/09\\\/maranatha-celebra-cincuenta-anos-de-deleitarse-en-el-gozo-del-servicio\\\/\",\"name\":\"Maranatha celebra cincuenta a\u00f1os de deleitarse en el gozo del servicio - Iglesia Adventista del S\u00e9ptimo D\u00eda - Divisi\u00f3n Interamericana\",\"isPartOf\":{\"@id\":\"https:\\\/\\\/interamerica.org\\\/es\\\/#website\"},\"primaryImageOfPage\":{\"@id\":\"https:\\\/\\\/interamerica.org\\\/es\\\/2019\\\/09\\\/maranatha-celebra-cincuenta-anos-de-deleitarse-en-el-gozo-del-servicio\\\/#primaryimage\"},\"image\":{\"@id\":\"https:\\\/\\\/interamerica.org\\\/es\\\/2019\\\/09\\\/maranatha-celebra-cincuenta-anos-de-deleitarse-en-el-gozo-del-servicio\\\/#primaryimage\"},\"thumbnailUrl\":\"https:\\\/\\\/interamerica.org\\\/wp-content\\\/uploads\\\/2019\\\/09\\\/maranatha-celebrates-50-years-of-reveling-in-the-joy-of-service.jpg\",\"datePublished\":\"2019-09-29T16:43:14+00:00\",\"dateModified\":\"2019-09-29T22:54:33+00:00\",\"author\":{\"@id\":\"https:\\\/\\\/interamerica.org\\\/es\\\/#\\\/schema\\\/person\\\/29998f2bc2d8bd0d38662909289b54f1\"},\"breadcrumb\":{\"@id\":\"https:\\\/\\\/interamerica.org\\\/es\\\/2019\\\/09\\\/maranatha-celebra-cincuenta-anos-de-deleitarse-en-el-gozo-del-servicio\\\/#breadcrumb\"},\"inLanguage\":\"es\",\"potentialAction\":[{\"@type\":\"ReadAction\",\"target\":[\"https:\\\/\\\/interamerica.org\\\/es\\\/2019\\\/09\\\/maranatha-celebra-cincuenta-anos-de-deleitarse-en-el-gozo-del-servicio\\\/\"]}]},{\"@type\":\"ImageObject\",\"inLanguage\":\"es\",\"@id\":\"https:\\\/\\\/interamerica.org\\\/es\\\/2019\\\/09\\\/maranatha-celebra-cincuenta-anos-de-deleitarse-en-el-gozo-del-servicio\\\/#primaryimage\",\"url\":\"https:\\\/\\\/interamerica.org\\\/wp-content\\\/uploads\\\/2019\\\/09\\\/maranatha-celebrates-50-years-of-reveling-in-the-joy-of-service.jpg\",\"contentUrl\":\"https:\\\/\\\/interamerica.org\\\/wp-content\\\/uploads\\\/2019\\\/09\\\/maranatha-celebrates-50-years-of-reveling-in-the-joy-of-service.jpg\",\"width\":1000,\"height\":500,\"caption\":\"M\u00e1s de dos mil personas asistieron a la convenci\u00f3n anual de Maranatha Volunteers Internacional en Sacramento, California, Estados Unidos, del 19-21 de septiembre de 2019. En 2019, Maranatha est\u00e1 celebrando cincuenta a\u00f1os de servicio. Fotograf\u00eda: Tom Lloyd, Maranatha Volunteers Internacional\"},{\"@type\":\"BreadcrumbList\",\"@id\":\"https:\\\/\\\/interamerica.org\\\/es\\\/2019\\\/09\\\/maranatha-celebra-cincuenta-anos-de-deleitarse-en-el-gozo-del-servicio\\\/#breadcrumb\",\"itemListElement\":[{\"@type\":\"ListItem\",\"position\":1,\"name\":\"Home\",\"item\":\"https:\\\/\\\/interamerica.org\\\/es\\\/\"},{\"@type\":\"ListItem\",\"position\":2,\"name\":\"Maranatha celebra cincuenta a\u00f1os de deleitarse en el gozo del servicio\"}]},{\"@type\":\"WebSite\",\"@id\":\"https:\\\/\\\/interamerica.org\\\/es\\\/#website\",\"url\":\"https:\\\/\\\/interamerica.org\\\/es\\\/\",\"name\":\"Iglesia Adventista del S\u00e9ptimo D\u00eda - Divisi\u00f3n Interamericana\",\"description\":\"\",\"potentialAction\":[{\"@type\":\"SearchAction\",\"target\":{\"@type\":\"EntryPoint\",\"urlTemplate\":\"https:\\\/\\\/interamerica.org\\\/es\\\/?s={search_term_string}\"},\"query-input\":{\"@type\":\"PropertyValueSpecification\",\"valueRequired\":true,\"valueName\":\"search_term_string\"}}],\"inLanguage\":\"es\"},{\"@type\":\"Person\",\"@id\":\"https:\\\/\\\/interamerica.org\\\/es\\\/#\\\/schema\\\/person\\\/29998f2bc2d8bd0d38662909289b54f1\",\"name\":\"libna\",\"image\":{\"@type\":\"ImageObject\",\"inLanguage\":\"es\",\"@id\":\"https:\\\/\\\/secure.gravatar.com\\\/avatar\\\/7c5bd30ae4b47a9ba3c856590957fd1d96dc588bf3ac05719d247e126840331f?s=96&d=mm&r=g\",\"url\":\"https:\\\/\\\/secure.gravatar.com\\\/avatar\\\/7c5bd30ae4b47a9ba3c856590957fd1d96dc588bf3ac05719d247e126840331f?s=96&d=mm&r=g\",\"contentUrl\":\"https:\\\/\\\/secure.gravatar.com\\\/avatar\\\/7c5bd30ae4b47a9ba3c856590957fd1d96dc588bf3ac05719d247e126840331f?s=96&d=mm&r=g\",\"caption\":\"libna\"}}]}<\/script>\n<!-- \/ Yoast SEO plugin. -->","yoast_head_json":{"title":"Maranatha celebra cincuenta a\u00f1os de deleitarse en el gozo del servicio - Iglesia Adventista del S\u00e9ptimo D\u00eda - Divisi\u00f3n Interamericana","robots":{"index":"index","follow":"follow","max-snippet":"max-snippet:-1","max-image-preview":"max-image-preview:large","max-video-preview":"max-video-preview:-1"},"canonical":"https:\/\/interamerica.org\/es\/2019\/09\/maranatha-celebra-cincuenta-anos-de-deleitarse-en-el-gozo-del-servicio\/","og_locale":"es_ES","og_type":"article","og_title":"Maranatha celebra cincuenta a\u00f1os de deleitarse en el gozo del servicio - Iglesia Adventista del S\u00e9ptimo D\u00eda - Divisi\u00f3n Interamericana","og_description":"Por: Marcos Paseggi, Adventist Review Fue tiempo de rememorar y agradecer pero tambi\u00e9n de mirar hacia adelante, cuando m\u00e1s de dos mil voluntarios, partidarios y amigos se reunieron para celebrar...","og_url":"https:\/\/interamerica.org\/es\/2019\/09\/maranatha-celebra-cincuenta-anos-de-deleitarse-en-el-gozo-del-servicio\/","og_site_name":"Iglesia Adventista del S\u00e9ptimo D\u00eda - Divisi\u00f3n Interamericana","article_published_time":"2019-09-29T16:43:14+00:00","article_modified_time":"2019-09-29T22:54:33+00:00","og_image":[{"width":1000,"height":500,"url":"https:\/\/interamerica.org\/wp-content\/uploads\/2019\/09\/maranatha-celebrates-50-years-of-reveling-in-the-joy-of-service.jpg","type":"image\/jpeg"}],"author":"libna","twitter_card":"summary_large_image","twitter_misc":{"Escrito por":"libna","Tiempo de lectura":"8 minutos"},"schema":{"@context":"https:\/\/schema.org","@graph":[{"@type":"Article","@id":"https:\/\/interamerica.org\/es\/2019\/09\/maranatha-celebra-cincuenta-anos-de-deleitarse-en-el-gozo-del-servicio\/#article","isPartOf":{"@id":"https:\/\/interamerica.org\/es\/2019\/09\/maranatha-celebra-cincuenta-anos-de-deleitarse-en-el-gozo-del-servicio\/"},"author":{"name":"libna","@id":"https:\/\/interamerica.org\/es\/#\/schema\/person\/29998f2bc2d8bd0d38662909289b54f1"},"headline":"Maranatha celebra cincuenta a\u00f1os de deleitarse en el gozo del servicio","datePublished":"2019-09-29T16:43:14+00:00","dateModified":"2019-09-29T22:54:33+00:00","mainEntityOfPage":{"@id":"https:\/\/interamerica.org\/es\/2019\/09\/maranatha-celebra-cincuenta-anos-de-deleitarse-en-el-gozo-del-servicio\/"},"wordCount":1676,"commentCount":0,"image":{"@id":"https:\/\/interamerica.org\/es\/2019\/09\/maranatha-celebra-cincuenta-anos-de-deleitarse-en-el-gozo-del-servicio\/#primaryimage"},"thumbnailUrl":"https:\/\/interamerica.org\/wp-content\/uploads\/2019\/09\/maranatha-celebrates-50-years-of-reveling-in-the-joy-of-service.jpg","articleSection":["Desde la iglesia mundial","RSS Espa\u00f1ol"],"inLanguage":"es","potentialAction":[{"@type":"CommentAction","name":"Comment","target":["https:\/\/interamerica.org\/es\/2019\/09\/maranatha-celebra-cincuenta-anos-de-deleitarse-en-el-gozo-del-servicio\/#respond"]}]},{"@type":"WebPage","@id":"https:\/\/interamerica.org\/es\/2019\/09\/maranatha-celebra-cincuenta-anos-de-deleitarse-en-el-gozo-del-servicio\/","url":"https:\/\/interamerica.org\/es\/2019\/09\/maranatha-celebra-cincuenta-anos-de-deleitarse-en-el-gozo-del-servicio\/","name":"Maranatha celebra cincuenta a\u00f1os de deleitarse en el gozo del servicio - Iglesia Adventista del S\u00e9ptimo D\u00eda - Divisi\u00f3n Interamericana","isPartOf":{"@id":"https:\/\/interamerica.org\/es\/#website"},"primaryImageOfPage":{"@id":"https:\/\/interamerica.org\/es\/2019\/09\/maranatha-celebra-cincuenta-anos-de-deleitarse-en-el-gozo-del-servicio\/#primaryimage"},"image":{"@id":"https:\/\/interamerica.org\/es\/2019\/09\/maranatha-celebra-cincuenta-anos-de-deleitarse-en-el-gozo-del-servicio\/#primaryimage"},"thumbnailUrl":"https:\/\/interamerica.org\/wp-content\/uploads\/2019\/09\/maranatha-celebrates-50-years-of-reveling-in-the-joy-of-service.jpg","datePublished":"2019-09-29T16:43:14+00:00","dateModified":"2019-09-29T22:54:33+00:00","author":{"@id":"https:\/\/interamerica.org\/es\/#\/schema\/person\/29998f2bc2d8bd0d38662909289b54f1"},"breadcrumb":{"@id":"https:\/\/interamerica.org\/es\/2019\/09\/maranatha-celebra-cincuenta-anos-de-deleitarse-en-el-gozo-del-servicio\/#breadcrumb"},"inLanguage":"es","potentialAction":[{"@type":"ReadAction","target":["https:\/\/interamerica.org\/es\/2019\/09\/maranatha-celebra-cincuenta-anos-de-deleitarse-en-el-gozo-del-servicio\/"]}]},{"@type":"ImageObject","inLanguage":"es","@id":"https:\/\/interamerica.org\/es\/2019\/09\/maranatha-celebra-cincuenta-anos-de-deleitarse-en-el-gozo-del-servicio\/#primaryimage","url":"https:\/\/interamerica.org\/wp-content\/uploads\/2019\/09\/maranatha-celebrates-50-years-of-reveling-in-the-joy-of-service.jpg","contentUrl":"https:\/\/interamerica.org\/wp-content\/uploads\/2019\/09\/maranatha-celebrates-50-years-of-reveling-in-the-joy-of-service.jpg","width":1000,"height":500,"caption":"M\u00e1s de dos mil personas asistieron a la convenci\u00f3n anual de Maranatha Volunteers Internacional en Sacramento, California, Estados Unidos, del 19-21 de septiembre de 2019. En 2019, Maranatha est\u00e1 celebrando cincuenta a\u00f1os de servicio. Fotograf\u00eda: Tom Lloyd, Maranatha Volunteers Internacional"},{"@type":"BreadcrumbList","@id":"https:\/\/interamerica.org\/es\/2019\/09\/maranatha-celebra-cincuenta-anos-de-deleitarse-en-el-gozo-del-servicio\/#breadcrumb","itemListElement":[{"@type":"ListItem","position":1,"name":"Home","item":"https:\/\/interamerica.org\/es\/"},{"@type":"ListItem","position":2,"name":"Maranatha celebra cincuenta a\u00f1os de deleitarse en el gozo del servicio"}]},{"@type":"WebSite","@id":"https:\/\/interamerica.org\/es\/#website","url":"https:\/\/interamerica.org\/es\/","name":"Iglesia Adventista del S\u00e9ptimo D\u00eda - Divisi\u00f3n Interamericana","description":"","potentialAction":[{"@type":"SearchAction","target":{"@type":"EntryPoint","urlTemplate":"https:\/\/interamerica.org\/es\/?s={search_term_string}"},"query-input":{"@type":"PropertyValueSpecification","valueRequired":true,"valueName":"search_term_string"}}],"inLanguage":"es"},{"@type":"Person","@id":"https:\/\/interamerica.org\/es\/#\/schema\/person\/29998f2bc2d8bd0d38662909289b54f1","name":"libna","image":{"@type":"ImageObject","inLanguage":"es","@id":"https:\/\/secure.gravatar.com\/avatar\/7c5bd30ae4b47a9ba3c856590957fd1d96dc588bf3ac05719d247e126840331f?s=96&d=mm&r=g","url":"https:\/\/secure.gravatar.com\/avatar\/7c5bd30ae4b47a9ba3c856590957fd1d96dc588bf3ac05719d247e126840331f?s=96&d=mm&r=g","contentUrl":"https:\/\/secure.gravatar.com\/avatar\/7c5bd30ae4b47a9ba3c856590957fd1d96dc588bf3ac05719d247e126840331f?s=96&d=mm&r=g","caption":"libna"}}]}},"_links":{"self":[{"href":"https:\/\/interamerica.org\/es\/wp-json\/wp\/v2\/posts\/52113","targetHints":{"allow":["GET"]}}],"collection":[{"href":"https:\/\/interamerica.org\/es\/wp-json\/wp\/v2\/posts"}],"about":[{"href":"https:\/\/interamerica.org\/es\/wp-json\/wp\/v2\/types\/post"}],"author":[{"embeddable":true,"href":"https:\/\/interamerica.org\/es\/wp-json\/wp\/v2\/users\/3"}],"replies":[{"embeddable":true,"href":"https:\/\/interamerica.org\/es\/wp-json\/wp\/v2\/comments?post=52113"}],"version-history":[{"count":0,"href":"https:\/\/interamerica.org\/es\/wp-json\/wp\/v2\/posts\/52113\/revisions"}],"wp:featuredmedia":[{"embeddable":true,"href":"https:\/\/interamerica.org\/es\/wp-json\/wp\/v2\/media\/52092"}],"wp:attachment":[{"href":"https:\/\/interamerica.org\/es\/wp-json\/wp\/v2\/media?parent=52113"}],"wp:term":[{"taxonomy":"category","embeddable":true,"href":"https:\/\/interamerica.org\/es\/wp-json\/wp\/v2\/categories?post=52113"},{"taxonomy":"post_tag","embeddable":true,"href":"https:\/\/interamerica.org\/es\/wp-json\/wp\/v2\/tags?post=52113"}],"curies":[{"name":"wp","href":"https:\/\/api.w.org\/{rel}","templated":true}]}}