{"id":54117,"date":"2019-12-16T18:00:27","date_gmt":"2019-12-16T22:00:27","guid":{"rendered":"https:\/\/recursing-golick.147-182-135-0.plesk.page\/?p=54117"},"modified":"2019-12-17T13:08:37","modified_gmt":"2019-12-17T17:08:37","slug":"iglesia-adventista-en-la-region-colombiana-del-norte-ofrece-ayuda-a-cientos-de-familias","status":"publish","type":"post","link":"https:\/\/interamerica.org\/es\/2019\/12\/iglesia-adventista-en-la-region-colombiana-del-norte-ofrece-ayuda-a-cientos-de-familias\/","title":{"rendered":"Iglesia Adventista en la regi\u00f3n Colombiana del Norte ofrece ayuda a cientos de familias"},"content":{"rendered":"<p>15 de diciembre de 2019 | Apartad\u00f3, Antioqu\u00eda, Colombia | Daniela Arrieta\/Noticias de la DIA<\/p>\n<p>Despu\u00e9s de que lluvias torrenciales hicieron que el r\u00edo San Jos\u00e9, en el distrito municipal de Apartad\u00f3, en Antioqu\u00eda, en la regi\u00f3n Colombiana del Norte, se desbordarda, los adventistas del s\u00e9ptimo d\u00eda se movilizaron r\u00e1pidamente para brindar refugio y reunir art\u00edculos asistenciales para ayudar a decenas de familias afectadas.<\/p>\n<p>\u201cFue una experiencia muy dif\u00edcil para nosotros\u201d, dijo Jhon Jairo, uno de los afectados por el diluvio. \u201cAntes de que nos di\u00e9ramos cuenta, el r\u00edo se desbord\u00f3 y se llev\u00f3 todo lo que ten\u00edamos. La comunidad qued\u00f3 sin nada. Mi casa se vino abajo\u201d.<\/p>\n<div id=\"attachment_54074\" style=\"width: 823px\" class=\"wp-caption aligncenter\"><img fetchpriority=\"high\" decoding=\"async\" aria-describedby=\"caption-attachment-54074\" class=\"wp-image-54072\" src=\"https:\/\/recursing-golick.147-182-135-0.plesk.page\/wp-content\/uploads\/2019\/12\/nocu-apartado-serving-food.jpg\" alt=\"\" width=\"813\" height=\"508\" srcset=\"https:\/\/interamerica.org\/wp-content\/uploads\/2019\/12\/nocu-apartado-serving-food.jpg 1000w, https:\/\/interamerica.org\/wp-content\/uploads\/2019\/12\/nocu-apartado-serving-food-300x188.jpg 300w, https:\/\/interamerica.org\/wp-content\/uploads\/2019\/12\/nocu-apartado-serving-food-768x480.jpg 768w\" sizes=\"(max-width: 813px) 100vw, 813px\" \/><p id=\"caption-attachment-54074\" class=\"wp-caption-text\">De izquierda a derecho: Mar\u00eda Martinez, Ligia Botero, Yurani Batista y Robert Ru\u00edz, docentes de la Escuela Adventista de Apartad\u00f3, sirven comida a los damnificados por la subida de las aguas del r\u00edo San Jos\u00e9 en Apartad\u00f3, en la regi\u00f3n Colombiana del Norte, el mes pasado. Fotograf\u00eda: Samuel Vel\u00e1zquez<\/p><\/div>\n<p>Los l\u00edderes de la iglesia, junto con miembros de iglesia voluntarios, avanzaron r\u00e1pidamente para albergar a 110 familias afectadas en dos iglesias adventistas. \u201cComenzamos a trabajar con un centro de alimentos gracias a las donaciones de art\u00edculos asistenciales que enviaron otras iglesias adventistas\u201d, dijo Rafael P\u00e1ez, l\u00edder de la iglesia adventista de Apartad\u00f3. \u201cAlabado sea Dios y gracias a ellos pudimos ofrecer alimentos a los afectados\u201d.<\/p>\n<p>Jair Florez, director de la Agencia Adventista de Desarrollo y Recursos Asistenciales (ADRA) en Colombia pronto se reuni\u00f3 con el gobierno municipal y funcionarios de respuesta de emergencia a cat\u00e1strofes en el distrito para apoyar y evaluar las necesidades de los afectados.<\/p>\n<p>\u201cTrabajamos estrechamente con los funcionarios de respuesta para ayudar despu\u00e9s de la cat\u00e1strofe\u201d, dijo Florez. Seg\u00fan cifras oficiales, 2656 familias se vieron afectadas, lo que signific\u00f3 m\u00e1s de nueve mil personas. Florez dijo que entre ellas hay 29 familias adventistas.<\/p>\n<div id=\"attachment_54068\" style=\"width: 824px\" class=\"wp-caption aligncenter\"><img decoding=\"async\" aria-describedby=\"caption-attachment-54068\" class=\"wp-image-54066\" src=\"https:\/\/recursing-golick.147-182-135-0.plesk.page\/wp-content\/uploads\/2019\/12\/nocu-apartado-sorting-food.jpg\" alt=\"\" width=\"814\" height=\"543\" srcset=\"https:\/\/interamerica.org\/wp-content\/uploads\/2019\/12\/nocu-apartado-sorting-food.jpg 799w, https:\/\/interamerica.org\/wp-content\/uploads\/2019\/12\/nocu-apartado-sorting-food-300x200.jpg 300w, https:\/\/interamerica.org\/wp-content\/uploads\/2019\/12\/nocu-apartado-sorting-food-768x512.jpg 768w\" sizes=\"(max-width: 814px) 100vw, 814px\" \/><p id=\"caption-attachment-54068\" class=\"wp-caption-text\">Miembros de iglesia voluntarios seleccionan alimentos no perecederos para donar a decenas de familias en las comunidades afectadas por la inundaci\u00f3n reciente en Apartad\u00f3. Fotograf\u00eda: Samuel Vel\u00e1zquez<\/p><\/div>\n<p>ADRA Colombia y la Asociaci\u00f3n Central Occidental de Colombia distribuy\u00f3 colchones, estufas, alimentos no perecederos, prendas de vestir y art\u00edculos de limpieza a decenas de familias.<\/p>\n<p>\u201cDesde que no enteramos de la situaci\u00f3n, las iglesias adventistas de Nueva Si\u00f3n y Renacer abrieron sus puertas para brindar refugio\u201d, dijo el pastor Manuel Mogoll\u00f3n, l\u00edder del distrito de Apartad\u00f3. La iglesia tambi\u00e9n abri\u00f3 su escuela como refugio. \u201cLes brindamos desayuno, almuerzo y cena, adem\u00e1s de prendas de vestir y alimentos a muchas de las personas afectadas durante la semana\u201d.<\/p>\n<p>Los embajadores de j\u00f3venes, los Conquistadores y los Gu\u00edas Maestros se sumaron para ayudar con los esfuerzos asistenciales, limpiando los hogares afectados y distribuyendo comidas y art\u00edculos asistenciales.<\/p>\n<p>\u201cHemos capacitado a los j\u00f3venes, a una feligres\u00eda dedicada a servir a otras personas, y creemos que sus esfuerzos fueron claves en este proceso en el que los hemos estado ayudando\u201d, dijo Mogoll\u00f3n.<\/p>\n<div id=\"attachment_54077\" style=\"width: 813px\" class=\"wp-caption aligncenter\"><img decoding=\"async\" aria-describedby=\"caption-attachment-54077\" class=\"wp-image-54075\" src=\"https:\/\/recursing-golick.147-182-135-0.plesk.page\/wp-content\/uploads\/2019\/12\/nocu-apartado.jpg\" alt=\"\" width=\"803\" height=\"536\" srcset=\"https:\/\/interamerica.org\/wp-content\/uploads\/2019\/12\/nocu-apartado.jpg 799w, https:\/\/interamerica.org\/wp-content\/uploads\/2019\/12\/nocu-apartado-300x200.jpg 300w, https:\/\/interamerica.org\/wp-content\/uploads\/2019\/12\/nocu-apartado-768x512.jpg 768w\" sizes=\"(max-width: 803px) 100vw, 803px\" \/><p id=\"caption-attachment-54077\" class=\"wp-caption-text\">Un grupo de miembros de iglesia voluntarios ora ante de distribuir art\u00edculos asistenciales en varias comunidades cubiertas de barro despu\u00e9s de que la inundaci\u00f3n cop\u00f3 las calles de Apartad\u00f3. Fotograf\u00eda: Samuel Vel\u00e1zquez<\/p><\/div>\n<p>Los l\u00edderes municipalese agradecieron a la Iglesia Adventista del S\u00e9ptimo D\u00eda por su ayuda y r\u00e1pida respuesta para asistir a tantos afectados.<\/p>\n<p>\u201cMe siento tan agradecido por todo lo que ha hecho la iglesia, porque gracias a ellos y a Dios han brindado alimentos y refugio a los ni\u00f1os, los adultos y aun nuestras mascotas\u201d, dijo Jhon Jairo.<\/p>\n<p>Las iglesias de Apartad\u00f3 siguen brindando asistencia a tantos que a\u00fan se est\u00e1n recuperando de la inundaci\u00f3n que los golpe\u00f3 el mes pasado.<\/p>\n<p>Para saber m\u00e1s sobre la Iglesia Adventista del S\u00e9ptimo D\u00eda en la regi\u00f3n Colombiana del Norte, visite <a href=\"https:\/\/www.unioncolombiana.org.co\/\">unioncolombiana.org.co<\/a><\/p>\n<p>Traducci\u00f3n de Marcos Paseggi<\/p>\n","protected":false},"excerpt":{"rendered":"<p>15 de diciembre de 2019 | Apartad\u00f3, Antioqu\u00eda, Colombia | Daniela Arrieta\/Noticias de la DIA Despu\u00e9s de que lluvias torrenciales hicieron que el r\u00edo San Jos\u00e9, en el distrito municipal&#8230;<\/p>\n","protected":false},"author":3,"featured_media":54074,"comment_status":"open","ping_status":"closed","sticky":false,"template":"","format":"standard","meta":{"_acf_changed":false,"footnotes":""},"categories":[17,15],"tags":[],"class_list":["post-54117","post","type-post","status-publish","format-standard","has-post-thumbnail","hentry","category-desde-el-campo","category-rss-espanol"],"acf":[],"yoast_head":"<!-- This site is optimized with the Yoast SEO plugin v27.3 - https:\/\/yoast.com\/product\/yoast-seo-wordpress\/ -->\n<title>Iglesia Adventista en la regi\u00f3n Colombiana del Norte ofrece ayuda a cientos de familias - Iglesia Adventista del S\u00e9ptimo D\u00eda - Divisi\u00f3n Interamericana<\/title>\n<meta name=\"robots\" content=\"index, follow, max-snippet:-1, max-image-preview:large, max-video-preview:-1\" \/>\n<link rel=\"canonical\" href=\"https:\/\/interamerica.org\/es\/2019\/12\/iglesia-adventista-en-la-region-colombiana-del-norte-ofrece-ayuda-a-cientos-de-familias\/\" \/>\n<meta property=\"og:locale\" content=\"es_ES\" \/>\n<meta property=\"og:type\" content=\"article\" \/>\n<meta property=\"og:title\" content=\"Iglesia Adventista en la regi\u00f3n Colombiana del Norte ofrece ayuda a cientos de familias - Iglesia Adventista del S\u00e9ptimo D\u00eda - Divisi\u00f3n Interamericana\" \/>\n<meta property=\"og:description\" content=\"15 de diciembre de 2019 | Apartad\u00f3, Antioqu\u00eda, Colombia | Daniela Arrieta\/Noticias de la DIA Despu\u00e9s de que lluvias torrenciales hicieron que el r\u00edo San Jos\u00e9, en el distrito municipal...\" \/>\n<meta property=\"og:url\" content=\"https:\/\/interamerica.org\/es\/2019\/12\/iglesia-adventista-en-la-region-colombiana-del-norte-ofrece-ayuda-a-cientos-de-familias\/\" \/>\n<meta property=\"og:site_name\" content=\"Iglesia Adventista del S\u00e9ptimo D\u00eda - Divisi\u00f3n Interamericana\" \/>\n<meta property=\"article:published_time\" content=\"2019-12-16T22:00:27+00:00\" \/>\n<meta property=\"article:modified_time\" content=\"2019-12-17T17:08:37+00:00\" \/>\n<meta property=\"og:image\" content=\"https:\/\/interamerica.org\/wp-content\/uploads\/2019\/12\/nocu-apartado-serving-food.jpg\" \/>\n\t<meta property=\"og:image:width\" content=\"1000\" \/>\n\t<meta property=\"og:image:height\" content=\"625\" \/>\n\t<meta property=\"og:image:type\" content=\"image\/jpeg\" \/>\n<meta name=\"author\" content=\"libna\" \/>\n<meta name=\"twitter:card\" content=\"summary_large_image\" \/>\n<meta name=\"twitter:label1\" content=\"Escrito por\" \/>\n\t<meta name=\"twitter:data1\" content=\"libna\" \/>\n\t<meta name=\"twitter:label2\" content=\"Tiempo de lectura\" \/>\n\t<meta name=\"twitter:data2\" content=\"3 minutos\" \/>\n<script type=\"application\/ld+json\" class=\"yoast-schema-graph\">{\"@context\":\"https:\\\/\\\/schema.org\",\"@graph\":[{\"@type\":\"Article\",\"@id\":\"https:\\\/\\\/interamerica.org\\\/es\\\/2019\\\/12\\\/iglesia-adventista-en-la-region-colombiana-del-norte-ofrece-ayuda-a-cientos-de-familias\\\/#article\",\"isPartOf\":{\"@id\":\"https:\\\/\\\/interamerica.org\\\/es\\\/2019\\\/12\\\/iglesia-adventista-en-la-region-colombiana-del-norte-ofrece-ayuda-a-cientos-de-familias\\\/\"},\"author\":{\"name\":\"libna\",\"@id\":\"https:\\\/\\\/interamerica.org\\\/es\\\/#\\\/schema\\\/person\\\/29998f2bc2d8bd0d38662909289b54f1\"},\"headline\":\"Iglesia Adventista en la regi\u00f3n Colombiana del Norte ofrece ayuda a cientos de familias\",\"datePublished\":\"2019-12-16T22:00:27+00:00\",\"dateModified\":\"2019-12-17T17:08:37+00:00\",\"mainEntityOfPage\":{\"@id\":\"https:\\\/\\\/interamerica.org\\\/es\\\/2019\\\/12\\\/iglesia-adventista-en-la-region-colombiana-del-norte-ofrece-ayuda-a-cientos-de-familias\\\/\"},\"wordCount\":711,\"commentCount\":0,\"image\":{\"@id\":\"https:\\\/\\\/interamerica.org\\\/es\\\/2019\\\/12\\\/iglesia-adventista-en-la-region-colombiana-del-norte-ofrece-ayuda-a-cientos-de-familias\\\/#primaryimage\"},\"thumbnailUrl\":\"https:\\\/\\\/interamerica.org\\\/wp-content\\\/uploads\\\/2019\\\/12\\\/nocu-apartado-serving-food.jpg\",\"articleSection\":[\"Desde el campo\",\"RSS Espa\u00f1ol\"],\"inLanguage\":\"es\",\"potentialAction\":[{\"@type\":\"CommentAction\",\"name\":\"Comment\",\"target\":[\"https:\\\/\\\/interamerica.org\\\/es\\\/2019\\\/12\\\/iglesia-adventista-en-la-region-colombiana-del-norte-ofrece-ayuda-a-cientos-de-familias\\\/#respond\"]}]},{\"@type\":\"WebPage\",\"@id\":\"https:\\\/\\\/interamerica.org\\\/es\\\/2019\\\/12\\\/iglesia-adventista-en-la-region-colombiana-del-norte-ofrece-ayuda-a-cientos-de-familias\\\/\",\"url\":\"https:\\\/\\\/interamerica.org\\\/es\\\/2019\\\/12\\\/iglesia-adventista-en-la-region-colombiana-del-norte-ofrece-ayuda-a-cientos-de-familias\\\/\",\"name\":\"Iglesia Adventista en la regi\u00f3n Colombiana del Norte ofrece ayuda a cientos de familias - Iglesia Adventista del S\u00e9ptimo D\u00eda - Divisi\u00f3n Interamericana\",\"isPartOf\":{\"@id\":\"https:\\\/\\\/interamerica.org\\\/es\\\/#website\"},\"primaryImageOfPage\":{\"@id\":\"https:\\\/\\\/interamerica.org\\\/es\\\/2019\\\/12\\\/iglesia-adventista-en-la-region-colombiana-del-norte-ofrece-ayuda-a-cientos-de-familias\\\/#primaryimage\"},\"image\":{\"@id\":\"https:\\\/\\\/interamerica.org\\\/es\\\/2019\\\/12\\\/iglesia-adventista-en-la-region-colombiana-del-norte-ofrece-ayuda-a-cientos-de-familias\\\/#primaryimage\"},\"thumbnailUrl\":\"https:\\\/\\\/interamerica.org\\\/wp-content\\\/uploads\\\/2019\\\/12\\\/nocu-apartado-serving-food.jpg\",\"datePublished\":\"2019-12-16T22:00:27+00:00\",\"dateModified\":\"2019-12-17T17:08:37+00:00\",\"author\":{\"@id\":\"https:\\\/\\\/interamerica.org\\\/es\\\/#\\\/schema\\\/person\\\/29998f2bc2d8bd0d38662909289b54f1\"},\"breadcrumb\":{\"@id\":\"https:\\\/\\\/interamerica.org\\\/es\\\/2019\\\/12\\\/iglesia-adventista-en-la-region-colombiana-del-norte-ofrece-ayuda-a-cientos-de-familias\\\/#breadcrumb\"},\"inLanguage\":\"es\",\"potentialAction\":[{\"@type\":\"ReadAction\",\"target\":[\"https:\\\/\\\/interamerica.org\\\/es\\\/2019\\\/12\\\/iglesia-adventista-en-la-region-colombiana-del-norte-ofrece-ayuda-a-cientos-de-familias\\\/\"]}]},{\"@type\":\"ImageObject\",\"inLanguage\":\"es\",\"@id\":\"https:\\\/\\\/interamerica.org\\\/es\\\/2019\\\/12\\\/iglesia-adventista-en-la-region-colombiana-del-norte-ofrece-ayuda-a-cientos-de-familias\\\/#primaryimage\",\"url\":\"https:\\\/\\\/interamerica.org\\\/wp-content\\\/uploads\\\/2019\\\/12\\\/nocu-apartado-serving-food.jpg\",\"contentUrl\":\"https:\\\/\\\/interamerica.org\\\/wp-content\\\/uploads\\\/2019\\\/12\\\/nocu-apartado-serving-food.jpg\",\"width\":1000,\"height\":625},{\"@type\":\"BreadcrumbList\",\"@id\":\"https:\\\/\\\/interamerica.org\\\/es\\\/2019\\\/12\\\/iglesia-adventista-en-la-region-colombiana-del-norte-ofrece-ayuda-a-cientos-de-familias\\\/#breadcrumb\",\"itemListElement\":[{\"@type\":\"ListItem\",\"position\":1,\"name\":\"Home\",\"item\":\"https:\\\/\\\/interamerica.org\\\/es\\\/\"},{\"@type\":\"ListItem\",\"position\":2,\"name\":\"Iglesia Adventista en la regi\u00f3n Colombiana del Norte ofrece ayuda a cientos de familias\"}]},{\"@type\":\"WebSite\",\"@id\":\"https:\\\/\\\/interamerica.org\\\/es\\\/#website\",\"url\":\"https:\\\/\\\/interamerica.org\\\/es\\\/\",\"name\":\"Iglesia Adventista del S\u00e9ptimo D\u00eda - Divisi\u00f3n Interamericana\",\"description\":\"\",\"potentialAction\":[{\"@type\":\"SearchAction\",\"target\":{\"@type\":\"EntryPoint\",\"urlTemplate\":\"https:\\\/\\\/interamerica.org\\\/es\\\/?s={search_term_string}\"},\"query-input\":{\"@type\":\"PropertyValueSpecification\",\"valueRequired\":true,\"valueName\":\"search_term_string\"}}],\"inLanguage\":\"es\"},{\"@type\":\"Person\",\"@id\":\"https:\\\/\\\/interamerica.org\\\/es\\\/#\\\/schema\\\/person\\\/29998f2bc2d8bd0d38662909289b54f1\",\"name\":\"libna\",\"image\":{\"@type\":\"ImageObject\",\"inLanguage\":\"es\",\"@id\":\"https:\\\/\\\/secure.gravatar.com\\\/avatar\\\/7c5bd30ae4b47a9ba3c856590957fd1d96dc588bf3ac05719d247e126840331f?s=96&d=mm&r=g\",\"url\":\"https:\\\/\\\/secure.gravatar.com\\\/avatar\\\/7c5bd30ae4b47a9ba3c856590957fd1d96dc588bf3ac05719d247e126840331f?s=96&d=mm&r=g\",\"contentUrl\":\"https:\\\/\\\/secure.gravatar.com\\\/avatar\\\/7c5bd30ae4b47a9ba3c856590957fd1d96dc588bf3ac05719d247e126840331f?s=96&d=mm&r=g\",\"caption\":\"libna\"}}]}<\/script>\n<!-- \/ Yoast SEO plugin. -->","yoast_head_json":{"title":"Iglesia Adventista en la regi\u00f3n Colombiana del Norte ofrece ayuda a cientos de familias - Iglesia Adventista del S\u00e9ptimo D\u00eda - Divisi\u00f3n Interamericana","robots":{"index":"index","follow":"follow","max-snippet":"max-snippet:-1","max-image-preview":"max-image-preview:large","max-video-preview":"max-video-preview:-1"},"canonical":"https:\/\/interamerica.org\/es\/2019\/12\/iglesia-adventista-en-la-region-colombiana-del-norte-ofrece-ayuda-a-cientos-de-familias\/","og_locale":"es_ES","og_type":"article","og_title":"Iglesia Adventista en la regi\u00f3n Colombiana del Norte ofrece ayuda a cientos de familias - Iglesia Adventista del S\u00e9ptimo D\u00eda - Divisi\u00f3n Interamericana","og_description":"15 de diciembre de 2019 | Apartad\u00f3, Antioqu\u00eda, Colombia | Daniela Arrieta\/Noticias de la DIA Despu\u00e9s de que lluvias torrenciales hicieron que el r\u00edo San Jos\u00e9, en el distrito municipal...","og_url":"https:\/\/interamerica.org\/es\/2019\/12\/iglesia-adventista-en-la-region-colombiana-del-norte-ofrece-ayuda-a-cientos-de-familias\/","og_site_name":"Iglesia Adventista del S\u00e9ptimo D\u00eda - Divisi\u00f3n Interamericana","article_published_time":"2019-12-16T22:00:27+00:00","article_modified_time":"2019-12-17T17:08:37+00:00","og_image":[{"width":1000,"height":625,"url":"https:\/\/interamerica.org\/wp-content\/uploads\/2019\/12\/nocu-apartado-serving-food.jpg","type":"image\/jpeg"}],"author":"libna","twitter_card":"summary_large_image","twitter_misc":{"Escrito por":"libna","Tiempo de lectura":"3 minutos"},"schema":{"@context":"https:\/\/schema.org","@graph":[{"@type":"Article","@id":"https:\/\/interamerica.org\/es\/2019\/12\/iglesia-adventista-en-la-region-colombiana-del-norte-ofrece-ayuda-a-cientos-de-familias\/#article","isPartOf":{"@id":"https:\/\/interamerica.org\/es\/2019\/12\/iglesia-adventista-en-la-region-colombiana-del-norte-ofrece-ayuda-a-cientos-de-familias\/"},"author":{"name":"libna","@id":"https:\/\/interamerica.org\/es\/#\/schema\/person\/29998f2bc2d8bd0d38662909289b54f1"},"headline":"Iglesia Adventista en la regi\u00f3n Colombiana del Norte ofrece ayuda a cientos de familias","datePublished":"2019-12-16T22:00:27+00:00","dateModified":"2019-12-17T17:08:37+00:00","mainEntityOfPage":{"@id":"https:\/\/interamerica.org\/es\/2019\/12\/iglesia-adventista-en-la-region-colombiana-del-norte-ofrece-ayuda-a-cientos-de-familias\/"},"wordCount":711,"commentCount":0,"image":{"@id":"https:\/\/interamerica.org\/es\/2019\/12\/iglesia-adventista-en-la-region-colombiana-del-norte-ofrece-ayuda-a-cientos-de-familias\/#primaryimage"},"thumbnailUrl":"https:\/\/interamerica.org\/wp-content\/uploads\/2019\/12\/nocu-apartado-serving-food.jpg","articleSection":["Desde el campo","RSS Espa\u00f1ol"],"inLanguage":"es","potentialAction":[{"@type":"CommentAction","name":"Comment","target":["https:\/\/interamerica.org\/es\/2019\/12\/iglesia-adventista-en-la-region-colombiana-del-norte-ofrece-ayuda-a-cientos-de-familias\/#respond"]}]},{"@type":"WebPage","@id":"https:\/\/interamerica.org\/es\/2019\/12\/iglesia-adventista-en-la-region-colombiana-del-norte-ofrece-ayuda-a-cientos-de-familias\/","url":"https:\/\/interamerica.org\/es\/2019\/12\/iglesia-adventista-en-la-region-colombiana-del-norte-ofrece-ayuda-a-cientos-de-familias\/","name":"Iglesia Adventista en la regi\u00f3n Colombiana del Norte ofrece ayuda a cientos de familias - Iglesia Adventista del S\u00e9ptimo D\u00eda - Divisi\u00f3n Interamericana","isPartOf":{"@id":"https:\/\/interamerica.org\/es\/#website"},"primaryImageOfPage":{"@id":"https:\/\/interamerica.org\/es\/2019\/12\/iglesia-adventista-en-la-region-colombiana-del-norte-ofrece-ayuda-a-cientos-de-familias\/#primaryimage"},"image":{"@id":"https:\/\/interamerica.org\/es\/2019\/12\/iglesia-adventista-en-la-region-colombiana-del-norte-ofrece-ayuda-a-cientos-de-familias\/#primaryimage"},"thumbnailUrl":"https:\/\/interamerica.org\/wp-content\/uploads\/2019\/12\/nocu-apartado-serving-food.jpg","datePublished":"2019-12-16T22:00:27+00:00","dateModified":"2019-12-17T17:08:37+00:00","author":{"@id":"https:\/\/interamerica.org\/es\/#\/schema\/person\/29998f2bc2d8bd0d38662909289b54f1"},"breadcrumb":{"@id":"https:\/\/interamerica.org\/es\/2019\/12\/iglesia-adventista-en-la-region-colombiana-del-norte-ofrece-ayuda-a-cientos-de-familias\/#breadcrumb"},"inLanguage":"es","potentialAction":[{"@type":"ReadAction","target":["https:\/\/interamerica.org\/es\/2019\/12\/iglesia-adventista-en-la-region-colombiana-del-norte-ofrece-ayuda-a-cientos-de-familias\/"]}]},{"@type":"ImageObject","inLanguage":"es","@id":"https:\/\/interamerica.org\/es\/2019\/12\/iglesia-adventista-en-la-region-colombiana-del-norte-ofrece-ayuda-a-cientos-de-familias\/#primaryimage","url":"https:\/\/interamerica.org\/wp-content\/uploads\/2019\/12\/nocu-apartado-serving-food.jpg","contentUrl":"https:\/\/interamerica.org\/wp-content\/uploads\/2019\/12\/nocu-apartado-serving-food.jpg","width":1000,"height":625},{"@type":"BreadcrumbList","@id":"https:\/\/interamerica.org\/es\/2019\/12\/iglesia-adventista-en-la-region-colombiana-del-norte-ofrece-ayuda-a-cientos-de-familias\/#breadcrumb","itemListElement":[{"@type":"ListItem","position":1,"name":"Home","item":"https:\/\/interamerica.org\/es\/"},{"@type":"ListItem","position":2,"name":"Iglesia Adventista en la regi\u00f3n Colombiana del Norte ofrece ayuda a cientos de familias"}]},{"@type":"WebSite","@id":"https:\/\/interamerica.org\/es\/#website","url":"https:\/\/interamerica.org\/es\/","name":"Iglesia Adventista del S\u00e9ptimo D\u00eda - Divisi\u00f3n Interamericana","description":"","potentialAction":[{"@type":"SearchAction","target":{"@type":"EntryPoint","urlTemplate":"https:\/\/interamerica.org\/es\/?s={search_term_string}"},"query-input":{"@type":"PropertyValueSpecification","valueRequired":true,"valueName":"search_term_string"}}],"inLanguage":"es"},{"@type":"Person","@id":"https:\/\/interamerica.org\/es\/#\/schema\/person\/29998f2bc2d8bd0d38662909289b54f1","name":"libna","image":{"@type":"ImageObject","inLanguage":"es","@id":"https:\/\/secure.gravatar.com\/avatar\/7c5bd30ae4b47a9ba3c856590957fd1d96dc588bf3ac05719d247e126840331f?s=96&d=mm&r=g","url":"https:\/\/secure.gravatar.com\/avatar\/7c5bd30ae4b47a9ba3c856590957fd1d96dc588bf3ac05719d247e126840331f?s=96&d=mm&r=g","contentUrl":"https:\/\/secure.gravatar.com\/avatar\/7c5bd30ae4b47a9ba3c856590957fd1d96dc588bf3ac05719d247e126840331f?s=96&d=mm&r=g","caption":"libna"}}]}},"_links":{"self":[{"href":"https:\/\/interamerica.org\/es\/wp-json\/wp\/v2\/posts\/54117","targetHints":{"allow":["GET"]}}],"collection":[{"href":"https:\/\/interamerica.org\/es\/wp-json\/wp\/v2\/posts"}],"about":[{"href":"https:\/\/interamerica.org\/es\/wp-json\/wp\/v2\/types\/post"}],"author":[{"embeddable":true,"href":"https:\/\/interamerica.org\/es\/wp-json\/wp\/v2\/users\/3"}],"replies":[{"embeddable":true,"href":"https:\/\/interamerica.org\/es\/wp-json\/wp\/v2\/comments?post=54117"}],"version-history":[{"count":0,"href":"https:\/\/interamerica.org\/es\/wp-json\/wp\/v2\/posts\/54117\/revisions"}],"wp:featuredmedia":[{"embeddable":true,"href":"https:\/\/interamerica.org\/es\/wp-json\/wp\/v2\/media\/54074"}],"wp:attachment":[{"href":"https:\/\/interamerica.org\/es\/wp-json\/wp\/v2\/media?parent=54117"}],"wp:term":[{"taxonomy":"category","embeddable":true,"href":"https:\/\/interamerica.org\/es\/wp-json\/wp\/v2\/categories?post=54117"},{"taxonomy":"post_tag","embeddable":true,"href":"https:\/\/interamerica.org\/es\/wp-json\/wp\/v2\/tags?post=54117"}],"curies":[{"name":"wp","href":"https:\/\/api.w.org\/{rel}","templated":true}]}}