{"id":54165,"date":"2020-01-02T23:34:27","date_gmt":"2020-01-03T03:34:27","guid":{"rendered":"https:\/\/recursing-golick.147-182-135-0.plesk.page\/?p=54165"},"modified":"2020-02-06T13:53:17","modified_gmt":"2020-02-06T17:53:17","slug":"en-inglaterra-representacion-sobre-el-tema-del-gran-conflicto-emociona-a-la-audiencia-hasta-las-lagrimas","status":"publish","type":"post","link":"https:\/\/interamerica.org\/es\/2020\/01\/en-inglaterra-representacion-sobre-el-tema-del-gran-conflicto-emociona-a-la-audiencia-hasta-las-lagrimas\/","title":{"rendered":"En Inglaterra, representaci\u00f3n sobre el tema del Gran Conflicto emociona a la audiencia hasta las l\u00e1grimas"},"content":{"rendered":"<p><span class=\"byline-news\">31 de diciembre de 2019 | Londres, Inglaterra | Richard Daly, Uni\u00f3n Asociaci\u00f3n Brit\u00e1nica, y <\/span><em><span class=\"byline-news\">Adventist Review<\/span><\/em><\/p>\n<p><span class=\"cap\">No sucede a menudo que el mensaje adventista del Gran Conflicto \u2014de la lucha c\u00f3smica entre Dios y Satan\u00e1s\u2014 es presentado en una representaci\u00f3n teatral. Una producci\u00f3n reciente dirigida por Jermaine Wong hizo precisamente eso. Llevada a cabo en el Teatro Broadway en Catford, Londres, Inglaterra el 14 de diciembre de 2019, la producci\u00f3n <em>And There Was War <\/em> [Y hubo guerra] repas\u00f3 los comienzos de la ca\u00edda de Lucifer, lo que dio lugar a la presencia y los efectos del pecado.<\/span><\/p>\n<p>La obra, a la que asistieron personas de otras religiones que no son miembros de la Iglesia Adventista y hasta personas que no se consideran religiosas, lleg\u00f3 a\u00fan m\u00e1s profundo que tan solo representar los comienzos de la ca\u00edda, seg\u00fan los organizadores.<\/p>\n<p>\u201cPresent\u00f3 ante la audiencia las intensas luchas espirituales, emocionales y mentales de la hueste ang\u00e9lica\u201d, contaron. \u201cSe mostr\u00f3 el campo de batalla, mediante una percepci\u00f3n interior de c\u00f3mo tuvieron lugar los comienzos del pecado entre los seres creados de Dios que viv\u00edan en un ambiente id\u00edlico\u201d.<\/p>\n<p><div id=\"attachment_54153\" style=\"width: 810px\" class=\"wp-caption aligncenter\"><img fetchpriority=\"high\" decoding=\"async\" aria-describedby=\"caption-attachment-54153\" class=\" wp-image-54151\" src=\"https:\/\/recursing-golick.147-182-135-0.plesk.page\/wp-content\/uploads\/2020\/01\/csm-atww-performance-107-735bb6b472.jpg\" alt=\"\" width=\"800\" height=\"533\" srcset=\"https:\/\/interamerica.org\/wp-content\/uploads\/2020\/01\/csm-atww-performance-107-735bb6b472.jpg 999w, https:\/\/interamerica.org\/wp-content\/uploads\/2020\/01\/csm-atww-performance-107-735bb6b472-300x200.jpg 300w, https:\/\/interamerica.org\/wp-content\/uploads\/2020\/01\/csm-atww-performance-107-735bb6b472-768x512.jpg 768w\" sizes=\"(max-width: 800px) 100vw, 800px\" \/><p id=\"caption-attachment-54153\" class=\"wp-caption-text\">Toheeb Ibrahim en el papel de Lucifer\/Satan\u00e1s, durante la obra \u201cY hubo guerra\u201d, llevada a cabo en el Teatro Broadway en Catford, Londres, Inglaterra, el 14 de diciembre de 2019. [Fotograf\u00eda: Noticias de la Uni\u00f3n Asociaci\u00f3n Brit\u00e1nica]<\/p><\/div>Seg\u00fan testigos de la representaci\u00f3n, la obra revel\u00f3 con inteligencia el pensamiento de algunos de los \u00e1ngeles, que fueron creados con libertad de elecci\u00f3n y sin embargo permitieron que crecieran las semillas de la duda y el escepticismo. Seg\u00fan la Biblia, fueron impulsados por las insinuaciones y acusaciones de Lucifer, lo que tiempo despu\u00e9s llev\u00f3 a una rebeli\u00f3n en contra de Dios.<\/p>\n<p>\u201cLa interacci\u00f3n de movimientos coordinados y acciones coreografiadas brind\u00f3 una atenci\u00f3n fascinante que llev\u00f3 a que la audiencia reconsiderara toda la historia del gran conflicto\u201d, explic\u00f3 un informe de la presentaci\u00f3n.<\/p>\n<p>Despu\u00e9s de mostrar que Lucifer fue expulsado del cielo junto con sus \u00e1ngeles, la obra tambi\u00e9n repas\u00f3 los principales momentos de prueba que sufri\u00f3 la humanidad seg\u00fan se describe en la Biblia, a saber, la tensi\u00f3n de Ca\u00edn hacia Abel y la prueba de fe de No\u00e9 y su familia a la hora de construir el arca.<\/p>\n<p>Para algunas personas que asistieron a la obra, el \u201cdi\u00e1logo m\u00e1s apasionante\u201d tuvo lugar despu\u00e9s del anuncio a Mar\u00eda de que nacer\u00eda un Salvador, y cuando ella comparti\u00f3 esas noticias con Jos\u00e9. Los organizadores creen que la obra ley\u00f3 entre l\u00edneas con \u00e9xito para mostrar al estigma cultural y religioso asociado con un hombre que estaba desposado con una mujer que ya hab\u00eda concebido.<\/p>\n<p><div id=\"attachment_54156\" style=\"width: 810px\" class=\"wp-caption aligncenter\"><img decoding=\"async\" aria-describedby=\"caption-attachment-54156\" class=\" wp-image-54154\" src=\"https:\/\/recursing-golick.147-182-135-0.plesk.page\/wp-content\/uploads\/2020\/01\/csm-atww-performance-112-eba60b5392.jpg\" alt=\"\" width=\"800\" height=\"533\" srcset=\"https:\/\/interamerica.org\/wp-content\/uploads\/2020\/01\/csm-atww-performance-112-eba60b5392.jpg 999w, https:\/\/interamerica.org\/wp-content\/uploads\/2020\/01\/csm-atww-performance-112-eba60b5392-300x200.jpg 300w, https:\/\/interamerica.org\/wp-content\/uploads\/2020\/01\/csm-atww-performance-112-eba60b5392-768x512.jpg 768w\" sizes=\"(max-width: 800px) 100vw, 800px\" \/><p id=\"caption-attachment-54156\" class=\"wp-caption-text\">Uno de las escenas de la obra \u201cY hubo guerra\u201d mostr\u00f3 el relato b\u00edblico de c\u00f3mo Ad\u00e1n y Eva tuvieron que dejar el Jard\u00edn del Ed\u00e9n despu\u00e9s de ser enga\u00f1ados por las mentiras de Lucifer acerca del car\u00e1cter de Dios. [Fotograf\u00eda: Noticias de la Uni\u00f3n Asociaci\u00f3n Brit\u00e1nica][Photo: British Union Conference News]<\/p><\/div>\u201c[La obra] analiza el \u00e1mbito espiritual de las fuerzas invisibles de Satan\u00e1s que, en cada etapa significativa de la vida de Cristo (la tentaci\u00f3n en el desierto, el Getseman\u00ed, la cruz, la tumba) fue el instigador por detr\u00e1s de las acciones humanas\u201d, se inform\u00f3.<\/p>\n<p>Todos los actores tuvieron buenas actuaciones, con una menci\u00f3n especial a John Ojeyemi, que tuvo el papel de Emanuel, y Toheeb Ibrahim, que hizo de Lucifer\/Satan\u00e1s.<\/p>\n<p>Danielle Wong, una de las productoras de la obra, dijo despu\u00e9s de la actuaci\u00f3n: \u201cLa presentaci\u00f3n de las 19:30 se hizo ante un auditorio repleto, y los comentarios recibidos de la audiencia fueron fenomenales. [Fuimos testigos] de personas que tomaron decisiones de tomar m\u00e1s en serio a Cristo, de no creyentes que se emocionaron hasta las l\u00e1grimas, de personas con desaf\u00edos de salud mental que sintieron esperanza\u201d.<\/p>\n<p>Cada uno de los actores, que en s\u00ed mismos se encuentran en su propia traves\u00eda espiritual, testific\u00f3 del impacto que tuvo la obra en sus vidas. Al comentar sobre ello, Wong expres\u00f3 que \u201ccuando baj\u00f3 el tel\u00f3n, los miembros del reparto irrumpieron en l\u00e1grimas de emoci\u00f3n al darse cuenta de lo que acababan de hacer gracias a esta obra\u201d.<\/p>\n<p><div id=\"attachment_54159\" style=\"width: 814px\" class=\"wp-caption aligncenter\"><img decoding=\"async\" aria-describedby=\"caption-attachment-54159\" class=\" wp-image-54157\" src=\"https:\/\/recursing-golick.147-182-135-0.plesk.page\/wp-content\/uploads\/2020\/01\/csm-atww-performance-5-d3d354b7f6.jpg\" alt=\"\" width=\"804\" height=\"536\" srcset=\"https:\/\/interamerica.org\/wp-content\/uploads\/2020\/01\/csm-atww-performance-5-d3d354b7f6.jpg 999w, https:\/\/interamerica.org\/wp-content\/uploads\/2020\/01\/csm-atww-performance-5-d3d354b7f6-300x200.jpg 300w, https:\/\/interamerica.org\/wp-content\/uploads\/2020\/01\/csm-atww-performance-5-d3d354b7f6-768x512.jpg 768w\" sizes=\"(max-width: 804px) 100vw, 804px\" \/><p id=\"caption-attachment-54159\" class=\"wp-caption-text\">Los miembros del reparto de \u201cY hubo guerra\u201d comparten un momento de oraci\u00f3n antes de la actuaci\u00f3n en el Teatro Broadway en Catford, Londres, Inglaterra, el 14 de diciembre de 2019. [Fotograf\u00eda: Noticias de la Uni\u00f3n Asociaci\u00f3n Brit\u00e1nica]<\/p><\/div>Los organizadores creen que <em>Y hubo guerra<\/em> mostr\u00f3 ser mucho m\u00e1s que una representaci\u00f3n dram\u00e1tica de los eventos en el cielo.<\/p>\n<p>\u201cFue un claro llamado a los que a\u00fan no se han decidido de qu\u00e9 lado se encuentran sus lealtades entre Cristo y Satan\u00e1s, para que escojan hoy a Cristo y le permitan que \u00e9l marque una diferencia en sus vidas\u201d, dijeron.<\/p>\n<p>Traducci\u00f3n de Marcos Paseggi<\/p>\n","protected":false},"excerpt":{"rendered":"<p>31 de diciembre de 2019 | Londres, Inglaterra | Richard Daly, Uni\u00f3n Asociaci\u00f3n Brit\u00e1nica, y Adventist Review No sucede a menudo que el mensaje adventista del Gran Conflicto \u2014de la&#8230;<\/p>\n","protected":false},"author":3,"featured_media":54150,"comment_status":"open","ping_status":"closed","sticky":false,"template":"","format":"standard","meta":{"_acf_changed":false,"footnotes":""},"categories":[14,15],"tags":[],"class_list":["post-54165","post","type-post","status-publish","format-standard","has-post-thumbnail","hentry","category-de-la-iglesia-mundial","category-rss-espanol"],"acf":[],"yoast_head":"<!-- This site is optimized with the Yoast SEO plugin v27.3 - https:\/\/yoast.com\/product\/yoast-seo-wordpress\/ -->\n<title>En Inglaterra, representaci\u00f3n sobre el tema del Gran Conflicto emociona a la audiencia hasta las l\u00e1grimas - Iglesia Adventista del S\u00e9ptimo D\u00eda - Divisi\u00f3n Interamericana<\/title>\n<meta name=\"robots\" content=\"index, follow, max-snippet:-1, max-image-preview:large, max-video-preview:-1\" \/>\n<link rel=\"canonical\" href=\"https:\/\/interamerica.org\/es\/2020\/01\/en-inglaterra-representacion-sobre-el-tema-del-gran-conflicto-emociona-a-la-audiencia-hasta-las-lagrimas\/\" \/>\n<meta property=\"og:locale\" content=\"es_ES\" \/>\n<meta property=\"og:type\" content=\"article\" \/>\n<meta property=\"og:title\" content=\"En Inglaterra, representaci\u00f3n sobre el tema del Gran Conflicto emociona a la audiencia hasta las l\u00e1grimas - Iglesia Adventista del S\u00e9ptimo D\u00eda - Divisi\u00f3n Interamericana\" \/>\n<meta property=\"og:description\" content=\"31 de diciembre de 2019 | Londres, Inglaterra | Richard Daly, Uni\u00f3n Asociaci\u00f3n Brit\u00e1nica, y Adventist Review No sucede a menudo que el mensaje adventista del Gran Conflicto \u2014de la...\" \/>\n<meta property=\"og:url\" content=\"https:\/\/interamerica.org\/es\/2020\/01\/en-inglaterra-representacion-sobre-el-tema-del-gran-conflicto-emociona-a-la-audiencia-hasta-las-lagrimas\/\" \/>\n<meta property=\"og:site_name\" content=\"Iglesia Adventista del S\u00e9ptimo D\u00eda - Divisi\u00f3n Interamericana\" \/>\n<meta property=\"article:published_time\" content=\"2020-01-03T03:34:27+00:00\" \/>\n<meta property=\"article:modified_time\" content=\"2020-02-06T17:53:17+00:00\" \/>\n<meta property=\"og:image\" content=\"https:\/\/interamerica.org\/wp-content\/uploads\/2020\/01\/in-england-play-on-the-great-controversy-theme-moves-audience-to-tears1280.jpg\" \/>\n\t<meta property=\"og:image:width\" content=\"1280\" \/>\n\t<meta property=\"og:image:height\" content=\"800\" \/>\n\t<meta property=\"og:image:type\" content=\"image\/jpeg\" \/>\n<meta name=\"author\" content=\"libna\" \/>\n<meta name=\"twitter:card\" content=\"summary_large_image\" \/>\n<meta name=\"twitter:label1\" content=\"Escrito por\" \/>\n\t<meta name=\"twitter:data1\" content=\"libna\" \/>\n\t<meta name=\"twitter:label2\" content=\"Tiempo de lectura\" \/>\n\t<meta name=\"twitter:data2\" content=\"4 minutos\" \/>\n<script type=\"application\/ld+json\" class=\"yoast-schema-graph\">{\"@context\":\"https:\\\/\\\/schema.org\",\"@graph\":[{\"@type\":\"Article\",\"@id\":\"https:\\\/\\\/interamerica.org\\\/es\\\/2020\\\/01\\\/en-inglaterra-representacion-sobre-el-tema-del-gran-conflicto-emociona-a-la-audiencia-hasta-las-lagrimas\\\/#article\",\"isPartOf\":{\"@id\":\"https:\\\/\\\/interamerica.org\\\/es\\\/2020\\\/01\\\/en-inglaterra-representacion-sobre-el-tema-del-gran-conflicto-emociona-a-la-audiencia-hasta-las-lagrimas\\\/\"},\"author\":{\"name\":\"libna\",\"@id\":\"https:\\\/\\\/interamerica.org\\\/es\\\/#\\\/schema\\\/person\\\/29998f2bc2d8bd0d38662909289b54f1\"},\"headline\":\"En Inglaterra, representaci\u00f3n sobre el tema del Gran Conflicto emociona a la audiencia hasta las l\u00e1grimas\",\"datePublished\":\"2020-01-03T03:34:27+00:00\",\"dateModified\":\"2020-02-06T17:53:17+00:00\",\"mainEntityOfPage\":{\"@id\":\"https:\\\/\\\/interamerica.org\\\/es\\\/2020\\\/01\\\/en-inglaterra-representacion-sobre-el-tema-del-gran-conflicto-emociona-a-la-audiencia-hasta-las-lagrimas\\\/\"},\"wordCount\":902,\"commentCount\":0,\"image\":{\"@id\":\"https:\\\/\\\/interamerica.org\\\/es\\\/2020\\\/01\\\/en-inglaterra-representacion-sobre-el-tema-del-gran-conflicto-emociona-a-la-audiencia-hasta-las-lagrimas\\\/#primaryimage\"},\"thumbnailUrl\":\"https:\\\/\\\/interamerica.org\\\/wp-content\\\/uploads\\\/2020\\\/01\\\/in-england-play-on-the-great-controversy-theme-moves-audience-to-tears1280.jpg\",\"articleSection\":[\"Desde la iglesia mundial\",\"RSS Espa\u00f1ol\"],\"inLanguage\":\"es\",\"potentialAction\":[{\"@type\":\"CommentAction\",\"name\":\"Comment\",\"target\":[\"https:\\\/\\\/interamerica.org\\\/es\\\/2020\\\/01\\\/en-inglaterra-representacion-sobre-el-tema-del-gran-conflicto-emociona-a-la-audiencia-hasta-las-lagrimas\\\/#respond\"]}]},{\"@type\":\"WebPage\",\"@id\":\"https:\\\/\\\/interamerica.org\\\/es\\\/2020\\\/01\\\/en-inglaterra-representacion-sobre-el-tema-del-gran-conflicto-emociona-a-la-audiencia-hasta-las-lagrimas\\\/\",\"url\":\"https:\\\/\\\/interamerica.org\\\/es\\\/2020\\\/01\\\/en-inglaterra-representacion-sobre-el-tema-del-gran-conflicto-emociona-a-la-audiencia-hasta-las-lagrimas\\\/\",\"name\":\"En Inglaterra, representaci\u00f3n sobre el tema del Gran Conflicto emociona a la audiencia hasta las l\u00e1grimas - Iglesia Adventista del S\u00e9ptimo D\u00eda - Divisi\u00f3n Interamericana\",\"isPartOf\":{\"@id\":\"https:\\\/\\\/interamerica.org\\\/es\\\/#website\"},\"primaryImageOfPage\":{\"@id\":\"https:\\\/\\\/interamerica.org\\\/es\\\/2020\\\/01\\\/en-inglaterra-representacion-sobre-el-tema-del-gran-conflicto-emociona-a-la-audiencia-hasta-las-lagrimas\\\/#primaryimage\"},\"image\":{\"@id\":\"https:\\\/\\\/interamerica.org\\\/es\\\/2020\\\/01\\\/en-inglaterra-representacion-sobre-el-tema-del-gran-conflicto-emociona-a-la-audiencia-hasta-las-lagrimas\\\/#primaryimage\"},\"thumbnailUrl\":\"https:\\\/\\\/interamerica.org\\\/wp-content\\\/uploads\\\/2020\\\/01\\\/in-england-play-on-the-great-controversy-theme-moves-audience-to-tears1280.jpg\",\"datePublished\":\"2020-01-03T03:34:27+00:00\",\"dateModified\":\"2020-02-06T17:53:17+00:00\",\"author\":{\"@id\":\"https:\\\/\\\/interamerica.org\\\/es\\\/#\\\/schema\\\/person\\\/29998f2bc2d8bd0d38662909289b54f1\"},\"breadcrumb\":{\"@id\":\"https:\\\/\\\/interamerica.org\\\/es\\\/2020\\\/01\\\/en-inglaterra-representacion-sobre-el-tema-del-gran-conflicto-emociona-a-la-audiencia-hasta-las-lagrimas\\\/#breadcrumb\"},\"inLanguage\":\"es\",\"potentialAction\":[{\"@type\":\"ReadAction\",\"target\":[\"https:\\\/\\\/interamerica.org\\\/es\\\/2020\\\/01\\\/en-inglaterra-representacion-sobre-el-tema-del-gran-conflicto-emociona-a-la-audiencia-hasta-las-lagrimas\\\/\"]}]},{\"@type\":\"ImageObject\",\"inLanguage\":\"es\",\"@id\":\"https:\\\/\\\/interamerica.org\\\/es\\\/2020\\\/01\\\/en-inglaterra-representacion-sobre-el-tema-del-gran-conflicto-emociona-a-la-audiencia-hasta-las-lagrimas\\\/#primaryimage\",\"url\":\"https:\\\/\\\/interamerica.org\\\/wp-content\\\/uploads\\\/2020\\\/01\\\/in-england-play-on-the-great-controversy-theme-moves-audience-to-tears1280.jpg\",\"contentUrl\":\"https:\\\/\\\/interamerica.org\\\/wp-content\\\/uploads\\\/2020\\\/01\\\/in-england-play-on-the-great-controversy-theme-moves-audience-to-tears1280.jpg\",\"width\":1280,\"height\":800},{\"@type\":\"BreadcrumbList\",\"@id\":\"https:\\\/\\\/interamerica.org\\\/es\\\/2020\\\/01\\\/en-inglaterra-representacion-sobre-el-tema-del-gran-conflicto-emociona-a-la-audiencia-hasta-las-lagrimas\\\/#breadcrumb\",\"itemListElement\":[{\"@type\":\"ListItem\",\"position\":1,\"name\":\"Home\",\"item\":\"https:\\\/\\\/interamerica.org\\\/es\\\/\"},{\"@type\":\"ListItem\",\"position\":2,\"name\":\"En Inglaterra, representaci\u00f3n sobre el tema del Gran Conflicto emociona a la audiencia hasta las l\u00e1grimas\"}]},{\"@type\":\"WebSite\",\"@id\":\"https:\\\/\\\/interamerica.org\\\/es\\\/#website\",\"url\":\"https:\\\/\\\/interamerica.org\\\/es\\\/\",\"name\":\"Iglesia Adventista del S\u00e9ptimo D\u00eda - Divisi\u00f3n Interamericana\",\"description\":\"\",\"potentialAction\":[{\"@type\":\"SearchAction\",\"target\":{\"@type\":\"EntryPoint\",\"urlTemplate\":\"https:\\\/\\\/interamerica.org\\\/es\\\/?s={search_term_string}\"},\"query-input\":{\"@type\":\"PropertyValueSpecification\",\"valueRequired\":true,\"valueName\":\"search_term_string\"}}],\"inLanguage\":\"es\"},{\"@type\":\"Person\",\"@id\":\"https:\\\/\\\/interamerica.org\\\/es\\\/#\\\/schema\\\/person\\\/29998f2bc2d8bd0d38662909289b54f1\",\"name\":\"libna\",\"image\":{\"@type\":\"ImageObject\",\"inLanguage\":\"es\",\"@id\":\"https:\\\/\\\/secure.gravatar.com\\\/avatar\\\/7c5bd30ae4b47a9ba3c856590957fd1d96dc588bf3ac05719d247e126840331f?s=96&d=mm&r=g\",\"url\":\"https:\\\/\\\/secure.gravatar.com\\\/avatar\\\/7c5bd30ae4b47a9ba3c856590957fd1d96dc588bf3ac05719d247e126840331f?s=96&d=mm&r=g\",\"contentUrl\":\"https:\\\/\\\/secure.gravatar.com\\\/avatar\\\/7c5bd30ae4b47a9ba3c856590957fd1d96dc588bf3ac05719d247e126840331f?s=96&d=mm&r=g\",\"caption\":\"libna\"}}]}<\/script>\n<!-- \/ Yoast SEO plugin. -->","yoast_head_json":{"title":"En Inglaterra, representaci\u00f3n sobre el tema del Gran Conflicto emociona a la audiencia hasta las l\u00e1grimas - Iglesia Adventista del S\u00e9ptimo D\u00eda - Divisi\u00f3n Interamericana","robots":{"index":"index","follow":"follow","max-snippet":"max-snippet:-1","max-image-preview":"max-image-preview:large","max-video-preview":"max-video-preview:-1"},"canonical":"https:\/\/interamerica.org\/es\/2020\/01\/en-inglaterra-representacion-sobre-el-tema-del-gran-conflicto-emociona-a-la-audiencia-hasta-las-lagrimas\/","og_locale":"es_ES","og_type":"article","og_title":"En Inglaterra, representaci\u00f3n sobre el tema del Gran Conflicto emociona a la audiencia hasta las l\u00e1grimas - Iglesia Adventista del S\u00e9ptimo D\u00eda - Divisi\u00f3n Interamericana","og_description":"31 de diciembre de 2019 | Londres, Inglaterra | Richard Daly, Uni\u00f3n Asociaci\u00f3n Brit\u00e1nica, y Adventist Review No sucede a menudo que el mensaje adventista del Gran Conflicto \u2014de la...","og_url":"https:\/\/interamerica.org\/es\/2020\/01\/en-inglaterra-representacion-sobre-el-tema-del-gran-conflicto-emociona-a-la-audiencia-hasta-las-lagrimas\/","og_site_name":"Iglesia Adventista del S\u00e9ptimo D\u00eda - Divisi\u00f3n Interamericana","article_published_time":"2020-01-03T03:34:27+00:00","article_modified_time":"2020-02-06T17:53:17+00:00","og_image":[{"width":1280,"height":800,"url":"https:\/\/interamerica.org\/wp-content\/uploads\/2020\/01\/in-england-play-on-the-great-controversy-theme-moves-audience-to-tears1280.jpg","type":"image\/jpeg"}],"author":"libna","twitter_card":"summary_large_image","twitter_misc":{"Escrito por":"libna","Tiempo de lectura":"4 minutos"},"schema":{"@context":"https:\/\/schema.org","@graph":[{"@type":"Article","@id":"https:\/\/interamerica.org\/es\/2020\/01\/en-inglaterra-representacion-sobre-el-tema-del-gran-conflicto-emociona-a-la-audiencia-hasta-las-lagrimas\/#article","isPartOf":{"@id":"https:\/\/interamerica.org\/es\/2020\/01\/en-inglaterra-representacion-sobre-el-tema-del-gran-conflicto-emociona-a-la-audiencia-hasta-las-lagrimas\/"},"author":{"name":"libna","@id":"https:\/\/interamerica.org\/es\/#\/schema\/person\/29998f2bc2d8bd0d38662909289b54f1"},"headline":"En Inglaterra, representaci\u00f3n sobre el tema del Gran Conflicto emociona a la audiencia hasta las l\u00e1grimas","datePublished":"2020-01-03T03:34:27+00:00","dateModified":"2020-02-06T17:53:17+00:00","mainEntityOfPage":{"@id":"https:\/\/interamerica.org\/es\/2020\/01\/en-inglaterra-representacion-sobre-el-tema-del-gran-conflicto-emociona-a-la-audiencia-hasta-las-lagrimas\/"},"wordCount":902,"commentCount":0,"image":{"@id":"https:\/\/interamerica.org\/es\/2020\/01\/en-inglaterra-representacion-sobre-el-tema-del-gran-conflicto-emociona-a-la-audiencia-hasta-las-lagrimas\/#primaryimage"},"thumbnailUrl":"https:\/\/interamerica.org\/wp-content\/uploads\/2020\/01\/in-england-play-on-the-great-controversy-theme-moves-audience-to-tears1280.jpg","articleSection":["Desde la iglesia mundial","RSS Espa\u00f1ol"],"inLanguage":"es","potentialAction":[{"@type":"CommentAction","name":"Comment","target":["https:\/\/interamerica.org\/es\/2020\/01\/en-inglaterra-representacion-sobre-el-tema-del-gran-conflicto-emociona-a-la-audiencia-hasta-las-lagrimas\/#respond"]}]},{"@type":"WebPage","@id":"https:\/\/interamerica.org\/es\/2020\/01\/en-inglaterra-representacion-sobre-el-tema-del-gran-conflicto-emociona-a-la-audiencia-hasta-las-lagrimas\/","url":"https:\/\/interamerica.org\/es\/2020\/01\/en-inglaterra-representacion-sobre-el-tema-del-gran-conflicto-emociona-a-la-audiencia-hasta-las-lagrimas\/","name":"En Inglaterra, representaci\u00f3n sobre el tema del Gran Conflicto emociona a la audiencia hasta las l\u00e1grimas - Iglesia Adventista del S\u00e9ptimo D\u00eda - Divisi\u00f3n Interamericana","isPartOf":{"@id":"https:\/\/interamerica.org\/es\/#website"},"primaryImageOfPage":{"@id":"https:\/\/interamerica.org\/es\/2020\/01\/en-inglaterra-representacion-sobre-el-tema-del-gran-conflicto-emociona-a-la-audiencia-hasta-las-lagrimas\/#primaryimage"},"image":{"@id":"https:\/\/interamerica.org\/es\/2020\/01\/en-inglaterra-representacion-sobre-el-tema-del-gran-conflicto-emociona-a-la-audiencia-hasta-las-lagrimas\/#primaryimage"},"thumbnailUrl":"https:\/\/interamerica.org\/wp-content\/uploads\/2020\/01\/in-england-play-on-the-great-controversy-theme-moves-audience-to-tears1280.jpg","datePublished":"2020-01-03T03:34:27+00:00","dateModified":"2020-02-06T17:53:17+00:00","author":{"@id":"https:\/\/interamerica.org\/es\/#\/schema\/person\/29998f2bc2d8bd0d38662909289b54f1"},"breadcrumb":{"@id":"https:\/\/interamerica.org\/es\/2020\/01\/en-inglaterra-representacion-sobre-el-tema-del-gran-conflicto-emociona-a-la-audiencia-hasta-las-lagrimas\/#breadcrumb"},"inLanguage":"es","potentialAction":[{"@type":"ReadAction","target":["https:\/\/interamerica.org\/es\/2020\/01\/en-inglaterra-representacion-sobre-el-tema-del-gran-conflicto-emociona-a-la-audiencia-hasta-las-lagrimas\/"]}]},{"@type":"ImageObject","inLanguage":"es","@id":"https:\/\/interamerica.org\/es\/2020\/01\/en-inglaterra-representacion-sobre-el-tema-del-gran-conflicto-emociona-a-la-audiencia-hasta-las-lagrimas\/#primaryimage","url":"https:\/\/interamerica.org\/wp-content\/uploads\/2020\/01\/in-england-play-on-the-great-controversy-theme-moves-audience-to-tears1280.jpg","contentUrl":"https:\/\/interamerica.org\/wp-content\/uploads\/2020\/01\/in-england-play-on-the-great-controversy-theme-moves-audience-to-tears1280.jpg","width":1280,"height":800},{"@type":"BreadcrumbList","@id":"https:\/\/interamerica.org\/es\/2020\/01\/en-inglaterra-representacion-sobre-el-tema-del-gran-conflicto-emociona-a-la-audiencia-hasta-las-lagrimas\/#breadcrumb","itemListElement":[{"@type":"ListItem","position":1,"name":"Home","item":"https:\/\/interamerica.org\/es\/"},{"@type":"ListItem","position":2,"name":"En Inglaterra, representaci\u00f3n sobre el tema del Gran Conflicto emociona a la audiencia hasta las l\u00e1grimas"}]},{"@type":"WebSite","@id":"https:\/\/interamerica.org\/es\/#website","url":"https:\/\/interamerica.org\/es\/","name":"Iglesia Adventista del S\u00e9ptimo D\u00eda - Divisi\u00f3n Interamericana","description":"","potentialAction":[{"@type":"SearchAction","target":{"@type":"EntryPoint","urlTemplate":"https:\/\/interamerica.org\/es\/?s={search_term_string}"},"query-input":{"@type":"PropertyValueSpecification","valueRequired":true,"valueName":"search_term_string"}}],"inLanguage":"es"},{"@type":"Person","@id":"https:\/\/interamerica.org\/es\/#\/schema\/person\/29998f2bc2d8bd0d38662909289b54f1","name":"libna","image":{"@type":"ImageObject","inLanguage":"es","@id":"https:\/\/secure.gravatar.com\/avatar\/7c5bd30ae4b47a9ba3c856590957fd1d96dc588bf3ac05719d247e126840331f?s=96&d=mm&r=g","url":"https:\/\/secure.gravatar.com\/avatar\/7c5bd30ae4b47a9ba3c856590957fd1d96dc588bf3ac05719d247e126840331f?s=96&d=mm&r=g","contentUrl":"https:\/\/secure.gravatar.com\/avatar\/7c5bd30ae4b47a9ba3c856590957fd1d96dc588bf3ac05719d247e126840331f?s=96&d=mm&r=g","caption":"libna"}}]}},"_links":{"self":[{"href":"https:\/\/interamerica.org\/es\/wp-json\/wp\/v2\/posts\/54165","targetHints":{"allow":["GET"]}}],"collection":[{"href":"https:\/\/interamerica.org\/es\/wp-json\/wp\/v2\/posts"}],"about":[{"href":"https:\/\/interamerica.org\/es\/wp-json\/wp\/v2\/types\/post"}],"author":[{"embeddable":true,"href":"https:\/\/interamerica.org\/es\/wp-json\/wp\/v2\/users\/3"}],"replies":[{"embeddable":true,"href":"https:\/\/interamerica.org\/es\/wp-json\/wp\/v2\/comments?post=54165"}],"version-history":[{"count":0,"href":"https:\/\/interamerica.org\/es\/wp-json\/wp\/v2\/posts\/54165\/revisions"}],"wp:featuredmedia":[{"embeddable":true,"href":"https:\/\/interamerica.org\/es\/wp-json\/wp\/v2\/media\/54150"}],"wp:attachment":[{"href":"https:\/\/interamerica.org\/es\/wp-json\/wp\/v2\/media?parent=54165"}],"wp:term":[{"taxonomy":"category","embeddable":true,"href":"https:\/\/interamerica.org\/es\/wp-json\/wp\/v2\/categories?post=54165"},{"taxonomy":"post_tag","embeddable":true,"href":"https:\/\/interamerica.org\/es\/wp-json\/wp\/v2\/tags?post=54165"}],"curies":[{"name":"wp","href":"https:\/\/api.w.org\/{rel}","templated":true}]}}