{"id":54212,"date":"2020-01-06T23:34:09","date_gmt":"2020-01-07T03:34:09","guid":{"rendered":"https:\/\/recursing-golick.147-182-135-0.plesk.page\/?p=54212"},"modified":"2020-02-06T13:52:21","modified_gmt":"2020-02-06T17:52:21","slug":"en-inteamerica-el-liderazgo-de-la-iglesia-se-reune-al-ponerse-en-marcha-la-nueva-decada","status":"publish","type":"post","link":"https:\/\/interamerica.org\/es\/2020\/01\/en-inteamerica-el-liderazgo-de-la-iglesia-se-reune-al-ponerse-en-marcha-la-nueva-decada\/","title":{"rendered":"En Interam\u00e9rica, el liderazgo de la iglesia se re\u00fane al ponerse en marcha la nueva d\u00e9cada"},"content":{"rendered":"<p>6 de enero de 2020 | Miami, Florida, Estados Unidos | Libna Stevens -DIA<\/p>\n<p>Los dirigentes adventistas del s\u00e9ptimo d\u00eda en las oficinas centrales de la Divisi\u00f3n Interamericana (DIA), en Miami, Florida, Estados Unidos, dieron la bienvenida al inicio del a\u00f1o al adorar juntos, muy temprano el d\u00eda de hoy, con cantos y alabanzas.<\/p>\n<p>Las docenas de administradores, directores de departamentos y personal en general, dedicaron tiempo, durante un programa especial de naturaleza devocional, para reflexionar sobre el crecimiento colectivo de la feligres\u00eda, sus finanzas y el impacto sobre la comunidad que dar\u00e1 impulso a la nueva d\u00e9cada en todo su vasto territorio.<\/p>\n<p><div id=\"attachment_54202\" style=\"width: 811px\" class=\"wp-caption aligncenter\"><img fetchpriority=\"high\" decoding=\"async\" aria-describedby=\"caption-attachment-54202\" class=\" wp-image-54200\" src=\"https:\/\/recursing-golick.147-182-135-0.plesk.page\/wp-content\/uploads\/2020\/01\/elie-henry-jan2020.jpg\" alt=\"\" width=\"801\" height=\"576\" srcset=\"https:\/\/interamerica.org\/wp-content\/uploads\/2020\/01\/elie-henry-jan2020.jpg 950w, https:\/\/interamerica.org\/wp-content\/uploads\/2020\/01\/elie-henry-jan2020-300x216.jpg 300w, https:\/\/interamerica.org\/wp-content\/uploads\/2020\/01\/elie-henry-jan2020-768x552.jpg 768w\" sizes=\"(max-width: 801px) 100vw, 801px\" \/><p id=\"caption-attachment-54202\" class=\"wp-caption-text\">El Pastor Elie Henry, presidente de la iglesia en Interam\u00e9rica, anima a los l\u00edderes de la iglesia a continuar dedicados al cumplimiento de la misi\u00f3n de la iglesia en todo su territorio, durante el inicio especial de la semana de labor en las oficinas en Miami, Florida, Estados Unidos, el 6 de enero de 2020. [Imagen: Libna Stevens-DIA]<\/p><\/div>El Pastor Elie Henry, presidente de la iglesia en Interam\u00e9rica, agradeci\u00f3 al equipo de l\u00edderes por su dedicaci\u00f3n a la misi\u00f3n de la iglesia en todo lo que hacen y les present\u00f3 el desaf\u00edo de imitar a los ap\u00f3stoles de la iglesia primitiva en su esfuerzo unido al esparcir el evangelio, seg\u00fan se registra en el libro de Hechos, cap\u00edtulo 5. \u201cHemos aprendido de los primeros disc\u00edpulos acerca de la constancia y su completa dedicaci\u00f3n a la misi\u00f3n\u201d, dijo el Pastor Henry. \u201cEllos no se limitaron a llevar a cabo la misi\u00f3n que recibieron, solamente en el templo; sino que fueron de casa en casa y la cumplieron en dondequiera que iban\u201d.<\/p>\n<p>Los cristianos del Nuevo Testamento entraban y sal\u00edan de las casas, testificando, creciendo, adorando y estudiando, dijo el Pastor Henry. \u201c[Ser un cristiano] no es un hecho opcional extra, un pasatiempo o un hobby. Cristianismo significa todo o nada\u2026de la misma manera que el discipulado es una entrega continua a Jes\u00fas\u201d.<\/p>\n<p>Mientras la iglesia adventista mundial est\u00e1 lista para lanzar su plan estrat\u00e9gico 2020 a 2025, <em><a href=\"https:\/\/executivecommittee.adventist.org\/wp-content\/uploads\/2018\/10\/I-Will-Go-Strategic-Planning-2020-2025.pdf\">I Will Go<\/a><\/em>, tambi\u00e9n lo est\u00e1n las iniciativas en todo el territorio de Interam\u00e9rica para que los dirigentes y miembros de iglesia respondan al llamado de proclamar el evangelio contenido en el mensaje de los tres \u00e1ngeles de Apocalipsis 14 y preparar al mundo para el regreso de Cristo.<\/p>\n<p>El plan estrat\u00e9gico <em>I Will Go, <\/em>el cual fue adoptado por la Divisi\u00f3n Interamericana incluyendo tres pilares o asuntos fundamentales, en evangelizaci\u00f3n, educaci\u00f3n e impacto en la comunidad, est\u00e1 listo para prender fuego en todo el territorio, dado que la feligres\u00eda de 3.8 millones est\u00e1 lista para celebrar 100 a\u00f1os de Adventismo dentro de los siguientes dos a\u00f1os.<\/p>\n<p><div id=\"attachment_54205\" style=\"width: 812px\" class=\"wp-caption aligncenter\"><img decoding=\"async\" aria-describedby=\"caption-attachment-54205\" class=\" wp-image-54203\" src=\"https:\/\/recursing-golick.147-182-135-0.plesk.page\/wp-content\/uploads\/2020\/01\/iad-worship-jan2020.jpg\" alt=\"\" width=\"802\" height=\"535\" srcset=\"https:\/\/interamerica.org\/wp-content\/uploads\/2020\/01\/iad-worship-jan2020.jpg 1000w, https:\/\/interamerica.org\/wp-content\/uploads\/2020\/01\/iad-worship-jan2020-300x200.jpg 300w, https:\/\/interamerica.org\/wp-content\/uploads\/2020\/01\/iad-worship-jan2020-768x512.jpg 768w\" sizes=\"(max-width: 802px) 100vw, 802px\" \/><p id=\"caption-attachment-54205\" class=\"wp-caption-text\">Dirigentes y personal de la DIA escuchan durante el programa especial de adoraci\u00f3n en las oficinas centrales, el 6 de enero de 2020. [Imagen: Libna Stevens -DIA]<\/p><\/div>El programa de adoraci\u00f3n incluy\u00f3 segmentos musicales a cargo de artistas invitados y empleados de la DIA. Los dirigentes presentaron tambi\u00e9n estad\u00edsticas de feligres\u00eda y financieras, proyectos de mantenimiento de las oficinas centrales, as\u00ed como procedimientos de recursos humanos, entre otros asuntos.<\/p>\n<p>\u201cTenemos que continuar enfatizando nuestro sentido de pasi\u00f3n por la misi\u00f3n, buscando hacer la voluntad de Dios y continuar practic\u00e1ndola como organismo corporativo, como una comunidad que realmente se toma en serio, predicando con determinaci\u00f3n que Jes\u00fas es el Se\u00f1or y que viene muy pronto\u201d, dijo el Pastor Henry.<\/p>\n<p>Los dirigentes de la DIA se reunir\u00e1n m\u00e1s tarde esta semana para redondear mejor las iniciativas, eventos y actividades que se llevar\u00e1n a afecto en los pr\u00f3ximos meses.<\/p>\n<p>La Divisi\u00f3n Interamericana supervisa la obra de la Iglesia Adventista del S\u00e9ptimo D\u00eda en M\u00e9xico, Centroam\u00e9rica, el Caribe, las Antillas Francesas, as\u00ed como Colombia y Venezuela. La DIA y sus organizaciones atienden miles de iglesias, centenares de escuelas, universidades, hospitales y cl\u00ednicas.<\/p>\n<p>Para m\u00e1s informaci\u00f3n sobre la iglesia en Interam\u00e9rica, accede a nuestro sitio <a href=\"https:\/\/recursing-golick.147-182-135-0.plesk.page\/\">interamerica.org<\/a><\/p>\n<p>Traducci\u00f3n -Gloria A Castrej\u00f3n<\/p>\n<p>&nbsp;<\/p>\n","protected":false},"excerpt":{"rendered":"<p>6 de enero de 2020 | Miami, Florida, Estados Unidos | Libna Stevens -DIA Los dirigentes adventistas del s\u00e9ptimo d\u00eda en las oficinas centrales de la Divisi\u00f3n Interamericana (DIA), en&#8230;<\/p>\n","protected":false},"author":3,"featured_media":54199,"comment_status":"open","ping_status":"closed","sticky":false,"template":"","format":"standard","meta":{"_acf_changed":false,"footnotes":""},"categories":[16,15],"tags":[],"class_list":["post-54212","post","type-post","status-publish","format-standard","has-post-thumbnail","hentry","category-desde-la-sede","category-rss-espanol"],"acf":[],"yoast_head":"<!-- This site is optimized with the Yoast SEO plugin v27.3 - https:\/\/yoast.com\/product\/yoast-seo-wordpress\/ -->\n<title>En Interam\u00e9rica, el liderazgo de la iglesia se re\u00fane al ponerse en marcha la nueva d\u00e9cada - Iglesia Adventista del S\u00e9ptimo D\u00eda - Divisi\u00f3n Interamericana<\/title>\n<meta name=\"robots\" content=\"index, follow, max-snippet:-1, max-image-preview:large, max-video-preview:-1\" \/>\n<link rel=\"canonical\" href=\"https:\/\/interamerica.org\/es\/2020\/01\/en-inteamerica-el-liderazgo-de-la-iglesia-se-reune-al-ponerse-en-marcha-la-nueva-decada\/\" \/>\n<meta property=\"og:locale\" content=\"es_ES\" \/>\n<meta property=\"og:type\" content=\"article\" \/>\n<meta property=\"og:title\" content=\"En Interam\u00e9rica, el liderazgo de la iglesia se re\u00fane al ponerse en marcha la nueva d\u00e9cada - Iglesia Adventista del S\u00e9ptimo D\u00eda - Divisi\u00f3n Interamericana\" \/>\n<meta property=\"og:description\" content=\"6 de enero de 2020 | Miami, Florida, Estados Unidos | Libna Stevens -DIA Los dirigentes adventistas del s\u00e9ptimo d\u00eda en las oficinas centrales de la Divisi\u00f3n Interamericana (DIA), en...\" \/>\n<meta property=\"og:url\" content=\"https:\/\/interamerica.org\/es\/2020\/01\/en-inteamerica-el-liderazgo-de-la-iglesia-se-reune-al-ponerse-en-marcha-la-nueva-decada\/\" \/>\n<meta property=\"og:site_name\" content=\"Iglesia Adventista del S\u00e9ptimo D\u00eda - Divisi\u00f3n Interamericana\" \/>\n<meta property=\"article:published_time\" content=\"2020-01-07T03:34:09+00:00\" \/>\n<meta property=\"article:modified_time\" content=\"2020-02-06T17:52:21+00:00\" \/>\n<meta property=\"og:image\" content=\"https:\/\/interamerica.org\/wp-content\/uploads\/2020\/01\/iad-worship-jan2020-singers.jpg\" \/>\n\t<meta property=\"og:image:width\" content=\"1280\" \/>\n\t<meta property=\"og:image:height\" content=\"800\" \/>\n\t<meta property=\"og:image:type\" content=\"image\/jpeg\" \/>\n<meta name=\"author\" content=\"libna\" \/>\n<meta name=\"twitter:card\" content=\"summary_large_image\" \/>\n<meta name=\"twitter:label1\" content=\"Escrito por\" \/>\n\t<meta name=\"twitter:data1\" content=\"libna\" \/>\n\t<meta name=\"twitter:label2\" content=\"Tiempo de lectura\" \/>\n\t<meta name=\"twitter:data2\" content=\"4 minutos\" \/>\n<script type=\"application\/ld+json\" class=\"yoast-schema-graph\">{\"@context\":\"https:\\\/\\\/schema.org\",\"@graph\":[{\"@type\":\"Article\",\"@id\":\"https:\\\/\\\/interamerica.org\\\/es\\\/2020\\\/01\\\/en-inteamerica-el-liderazgo-de-la-iglesia-se-reune-al-ponerse-en-marcha-la-nueva-decada\\\/#article\",\"isPartOf\":{\"@id\":\"https:\\\/\\\/interamerica.org\\\/es\\\/2020\\\/01\\\/en-inteamerica-el-liderazgo-de-la-iglesia-se-reune-al-ponerse-en-marcha-la-nueva-decada\\\/\"},\"author\":{\"name\":\"libna\",\"@id\":\"https:\\\/\\\/interamerica.org\\\/es\\\/#\\\/schema\\\/person\\\/29998f2bc2d8bd0d38662909289b54f1\"},\"headline\":\"En Interam\u00e9rica, el liderazgo de la iglesia se re\u00fane al ponerse en marcha la nueva d\u00e9cada\",\"datePublished\":\"2020-01-07T03:34:09+00:00\",\"dateModified\":\"2020-02-06T17:52:21+00:00\",\"mainEntityOfPage\":{\"@id\":\"https:\\\/\\\/interamerica.org\\\/es\\\/2020\\\/01\\\/en-inteamerica-el-liderazgo-de-la-iglesia-se-reune-al-ponerse-en-marcha-la-nueva-decada\\\/\"},\"wordCount\":734,\"commentCount\":0,\"image\":{\"@id\":\"https:\\\/\\\/interamerica.org\\\/es\\\/2020\\\/01\\\/en-inteamerica-el-liderazgo-de-la-iglesia-se-reune-al-ponerse-en-marcha-la-nueva-decada\\\/#primaryimage\"},\"thumbnailUrl\":\"https:\\\/\\\/interamerica.org\\\/wp-content\\\/uploads\\\/2020\\\/01\\\/iad-worship-jan2020-singers.jpg\",\"articleSection\":[\"Desde la sede\",\"RSS Espa\u00f1ol\"],\"inLanguage\":\"es\",\"potentialAction\":[{\"@type\":\"CommentAction\",\"name\":\"Comment\",\"target\":[\"https:\\\/\\\/interamerica.org\\\/es\\\/2020\\\/01\\\/en-inteamerica-el-liderazgo-de-la-iglesia-se-reune-al-ponerse-en-marcha-la-nueva-decada\\\/#respond\"]}]},{\"@type\":\"WebPage\",\"@id\":\"https:\\\/\\\/interamerica.org\\\/es\\\/2020\\\/01\\\/en-inteamerica-el-liderazgo-de-la-iglesia-se-reune-al-ponerse-en-marcha-la-nueva-decada\\\/\",\"url\":\"https:\\\/\\\/interamerica.org\\\/es\\\/2020\\\/01\\\/en-inteamerica-el-liderazgo-de-la-iglesia-se-reune-al-ponerse-en-marcha-la-nueva-decada\\\/\",\"name\":\"En Interam\u00e9rica, el liderazgo de la iglesia se re\u00fane al ponerse en marcha la nueva d\u00e9cada - Iglesia Adventista del S\u00e9ptimo D\u00eda - Divisi\u00f3n Interamericana\",\"isPartOf\":{\"@id\":\"https:\\\/\\\/interamerica.org\\\/es\\\/#website\"},\"primaryImageOfPage\":{\"@id\":\"https:\\\/\\\/interamerica.org\\\/es\\\/2020\\\/01\\\/en-inteamerica-el-liderazgo-de-la-iglesia-se-reune-al-ponerse-en-marcha-la-nueva-decada\\\/#primaryimage\"},\"image\":{\"@id\":\"https:\\\/\\\/interamerica.org\\\/es\\\/2020\\\/01\\\/en-inteamerica-el-liderazgo-de-la-iglesia-se-reune-al-ponerse-en-marcha-la-nueva-decada\\\/#primaryimage\"},\"thumbnailUrl\":\"https:\\\/\\\/interamerica.org\\\/wp-content\\\/uploads\\\/2020\\\/01\\\/iad-worship-jan2020-singers.jpg\",\"datePublished\":\"2020-01-07T03:34:09+00:00\",\"dateModified\":\"2020-02-06T17:52:21+00:00\",\"author\":{\"@id\":\"https:\\\/\\\/interamerica.org\\\/es\\\/#\\\/schema\\\/person\\\/29998f2bc2d8bd0d38662909289b54f1\"},\"breadcrumb\":{\"@id\":\"https:\\\/\\\/interamerica.org\\\/es\\\/2020\\\/01\\\/en-inteamerica-el-liderazgo-de-la-iglesia-se-reune-al-ponerse-en-marcha-la-nueva-decada\\\/#breadcrumb\"},\"inLanguage\":\"es\",\"potentialAction\":[{\"@type\":\"ReadAction\",\"target\":[\"https:\\\/\\\/interamerica.org\\\/es\\\/2020\\\/01\\\/en-inteamerica-el-liderazgo-de-la-iglesia-se-reune-al-ponerse-en-marcha-la-nueva-decada\\\/\"]}]},{\"@type\":\"ImageObject\",\"inLanguage\":\"es\",\"@id\":\"https:\\\/\\\/interamerica.org\\\/es\\\/2020\\\/01\\\/en-inteamerica-el-liderazgo-de-la-iglesia-se-reune-al-ponerse-en-marcha-la-nueva-decada\\\/#primaryimage\",\"url\":\"https:\\\/\\\/interamerica.org\\\/wp-content\\\/uploads\\\/2020\\\/01\\\/iad-worship-jan2020-singers.jpg\",\"contentUrl\":\"https:\\\/\\\/interamerica.org\\\/wp-content\\\/uploads\\\/2020\\\/01\\\/iad-worship-jan2020-singers.jpg\",\"width\":1280,\"height\":800},{\"@type\":\"BreadcrumbList\",\"@id\":\"https:\\\/\\\/interamerica.org\\\/es\\\/2020\\\/01\\\/en-inteamerica-el-liderazgo-de-la-iglesia-se-reune-al-ponerse-en-marcha-la-nueva-decada\\\/#breadcrumb\",\"itemListElement\":[{\"@type\":\"ListItem\",\"position\":1,\"name\":\"Home\",\"item\":\"https:\\\/\\\/interamerica.org\\\/es\\\/\"},{\"@type\":\"ListItem\",\"position\":2,\"name\":\"En Interam\u00e9rica, el liderazgo de la iglesia se re\u00fane al ponerse en marcha la nueva d\u00e9cada\"}]},{\"@type\":\"WebSite\",\"@id\":\"https:\\\/\\\/interamerica.org\\\/es\\\/#website\",\"url\":\"https:\\\/\\\/interamerica.org\\\/es\\\/\",\"name\":\"Iglesia Adventista del S\u00e9ptimo D\u00eda - Divisi\u00f3n Interamericana\",\"description\":\"\",\"potentialAction\":[{\"@type\":\"SearchAction\",\"target\":{\"@type\":\"EntryPoint\",\"urlTemplate\":\"https:\\\/\\\/interamerica.org\\\/es\\\/?s={search_term_string}\"},\"query-input\":{\"@type\":\"PropertyValueSpecification\",\"valueRequired\":true,\"valueName\":\"search_term_string\"}}],\"inLanguage\":\"es\"},{\"@type\":\"Person\",\"@id\":\"https:\\\/\\\/interamerica.org\\\/es\\\/#\\\/schema\\\/person\\\/29998f2bc2d8bd0d38662909289b54f1\",\"name\":\"libna\",\"image\":{\"@type\":\"ImageObject\",\"inLanguage\":\"es\",\"@id\":\"https:\\\/\\\/secure.gravatar.com\\\/avatar\\\/7c5bd30ae4b47a9ba3c856590957fd1d96dc588bf3ac05719d247e126840331f?s=96&d=mm&r=g\",\"url\":\"https:\\\/\\\/secure.gravatar.com\\\/avatar\\\/7c5bd30ae4b47a9ba3c856590957fd1d96dc588bf3ac05719d247e126840331f?s=96&d=mm&r=g\",\"contentUrl\":\"https:\\\/\\\/secure.gravatar.com\\\/avatar\\\/7c5bd30ae4b47a9ba3c856590957fd1d96dc588bf3ac05719d247e126840331f?s=96&d=mm&r=g\",\"caption\":\"libna\"}}]}<\/script>\n<!-- \/ Yoast SEO plugin. -->","yoast_head_json":{"title":"En Interam\u00e9rica, el liderazgo de la iglesia se re\u00fane al ponerse en marcha la nueva d\u00e9cada - Iglesia Adventista del S\u00e9ptimo D\u00eda - Divisi\u00f3n Interamericana","robots":{"index":"index","follow":"follow","max-snippet":"max-snippet:-1","max-image-preview":"max-image-preview:large","max-video-preview":"max-video-preview:-1"},"canonical":"https:\/\/interamerica.org\/es\/2020\/01\/en-inteamerica-el-liderazgo-de-la-iglesia-se-reune-al-ponerse-en-marcha-la-nueva-decada\/","og_locale":"es_ES","og_type":"article","og_title":"En Interam\u00e9rica, el liderazgo de la iglesia se re\u00fane al ponerse en marcha la nueva d\u00e9cada - Iglesia Adventista del S\u00e9ptimo D\u00eda - Divisi\u00f3n Interamericana","og_description":"6 de enero de 2020 | Miami, Florida, Estados Unidos | Libna Stevens -DIA Los dirigentes adventistas del s\u00e9ptimo d\u00eda en las oficinas centrales de la Divisi\u00f3n Interamericana (DIA), en...","og_url":"https:\/\/interamerica.org\/es\/2020\/01\/en-inteamerica-el-liderazgo-de-la-iglesia-se-reune-al-ponerse-en-marcha-la-nueva-decada\/","og_site_name":"Iglesia Adventista del S\u00e9ptimo D\u00eda - Divisi\u00f3n Interamericana","article_published_time":"2020-01-07T03:34:09+00:00","article_modified_time":"2020-02-06T17:52:21+00:00","og_image":[{"width":1280,"height":800,"url":"https:\/\/interamerica.org\/wp-content\/uploads\/2020\/01\/iad-worship-jan2020-singers.jpg","type":"image\/jpeg"}],"author":"libna","twitter_card":"summary_large_image","twitter_misc":{"Escrito por":"libna","Tiempo de lectura":"4 minutos"},"schema":{"@context":"https:\/\/schema.org","@graph":[{"@type":"Article","@id":"https:\/\/interamerica.org\/es\/2020\/01\/en-inteamerica-el-liderazgo-de-la-iglesia-se-reune-al-ponerse-en-marcha-la-nueva-decada\/#article","isPartOf":{"@id":"https:\/\/interamerica.org\/es\/2020\/01\/en-inteamerica-el-liderazgo-de-la-iglesia-se-reune-al-ponerse-en-marcha-la-nueva-decada\/"},"author":{"name":"libna","@id":"https:\/\/interamerica.org\/es\/#\/schema\/person\/29998f2bc2d8bd0d38662909289b54f1"},"headline":"En Interam\u00e9rica, el liderazgo de la iglesia se re\u00fane al ponerse en marcha la nueva d\u00e9cada","datePublished":"2020-01-07T03:34:09+00:00","dateModified":"2020-02-06T17:52:21+00:00","mainEntityOfPage":{"@id":"https:\/\/interamerica.org\/es\/2020\/01\/en-inteamerica-el-liderazgo-de-la-iglesia-se-reune-al-ponerse-en-marcha-la-nueva-decada\/"},"wordCount":734,"commentCount":0,"image":{"@id":"https:\/\/interamerica.org\/es\/2020\/01\/en-inteamerica-el-liderazgo-de-la-iglesia-se-reune-al-ponerse-en-marcha-la-nueva-decada\/#primaryimage"},"thumbnailUrl":"https:\/\/interamerica.org\/wp-content\/uploads\/2020\/01\/iad-worship-jan2020-singers.jpg","articleSection":["Desde la sede","RSS Espa\u00f1ol"],"inLanguage":"es","potentialAction":[{"@type":"CommentAction","name":"Comment","target":["https:\/\/interamerica.org\/es\/2020\/01\/en-inteamerica-el-liderazgo-de-la-iglesia-se-reune-al-ponerse-en-marcha-la-nueva-decada\/#respond"]}]},{"@type":"WebPage","@id":"https:\/\/interamerica.org\/es\/2020\/01\/en-inteamerica-el-liderazgo-de-la-iglesia-se-reune-al-ponerse-en-marcha-la-nueva-decada\/","url":"https:\/\/interamerica.org\/es\/2020\/01\/en-inteamerica-el-liderazgo-de-la-iglesia-se-reune-al-ponerse-en-marcha-la-nueva-decada\/","name":"En Interam\u00e9rica, el liderazgo de la iglesia se re\u00fane al ponerse en marcha la nueva d\u00e9cada - Iglesia Adventista del S\u00e9ptimo D\u00eda - Divisi\u00f3n Interamericana","isPartOf":{"@id":"https:\/\/interamerica.org\/es\/#website"},"primaryImageOfPage":{"@id":"https:\/\/interamerica.org\/es\/2020\/01\/en-inteamerica-el-liderazgo-de-la-iglesia-se-reune-al-ponerse-en-marcha-la-nueva-decada\/#primaryimage"},"image":{"@id":"https:\/\/interamerica.org\/es\/2020\/01\/en-inteamerica-el-liderazgo-de-la-iglesia-se-reune-al-ponerse-en-marcha-la-nueva-decada\/#primaryimage"},"thumbnailUrl":"https:\/\/interamerica.org\/wp-content\/uploads\/2020\/01\/iad-worship-jan2020-singers.jpg","datePublished":"2020-01-07T03:34:09+00:00","dateModified":"2020-02-06T17:52:21+00:00","author":{"@id":"https:\/\/interamerica.org\/es\/#\/schema\/person\/29998f2bc2d8bd0d38662909289b54f1"},"breadcrumb":{"@id":"https:\/\/interamerica.org\/es\/2020\/01\/en-inteamerica-el-liderazgo-de-la-iglesia-se-reune-al-ponerse-en-marcha-la-nueva-decada\/#breadcrumb"},"inLanguage":"es","potentialAction":[{"@type":"ReadAction","target":["https:\/\/interamerica.org\/es\/2020\/01\/en-inteamerica-el-liderazgo-de-la-iglesia-se-reune-al-ponerse-en-marcha-la-nueva-decada\/"]}]},{"@type":"ImageObject","inLanguage":"es","@id":"https:\/\/interamerica.org\/es\/2020\/01\/en-inteamerica-el-liderazgo-de-la-iglesia-se-reune-al-ponerse-en-marcha-la-nueva-decada\/#primaryimage","url":"https:\/\/interamerica.org\/wp-content\/uploads\/2020\/01\/iad-worship-jan2020-singers.jpg","contentUrl":"https:\/\/interamerica.org\/wp-content\/uploads\/2020\/01\/iad-worship-jan2020-singers.jpg","width":1280,"height":800},{"@type":"BreadcrumbList","@id":"https:\/\/interamerica.org\/es\/2020\/01\/en-inteamerica-el-liderazgo-de-la-iglesia-se-reune-al-ponerse-en-marcha-la-nueva-decada\/#breadcrumb","itemListElement":[{"@type":"ListItem","position":1,"name":"Home","item":"https:\/\/interamerica.org\/es\/"},{"@type":"ListItem","position":2,"name":"En Interam\u00e9rica, el liderazgo de la iglesia se re\u00fane al ponerse en marcha la nueva d\u00e9cada"}]},{"@type":"WebSite","@id":"https:\/\/interamerica.org\/es\/#website","url":"https:\/\/interamerica.org\/es\/","name":"Iglesia Adventista del S\u00e9ptimo D\u00eda - Divisi\u00f3n Interamericana","description":"","potentialAction":[{"@type":"SearchAction","target":{"@type":"EntryPoint","urlTemplate":"https:\/\/interamerica.org\/es\/?s={search_term_string}"},"query-input":{"@type":"PropertyValueSpecification","valueRequired":true,"valueName":"search_term_string"}}],"inLanguage":"es"},{"@type":"Person","@id":"https:\/\/interamerica.org\/es\/#\/schema\/person\/29998f2bc2d8bd0d38662909289b54f1","name":"libna","image":{"@type":"ImageObject","inLanguage":"es","@id":"https:\/\/secure.gravatar.com\/avatar\/7c5bd30ae4b47a9ba3c856590957fd1d96dc588bf3ac05719d247e126840331f?s=96&d=mm&r=g","url":"https:\/\/secure.gravatar.com\/avatar\/7c5bd30ae4b47a9ba3c856590957fd1d96dc588bf3ac05719d247e126840331f?s=96&d=mm&r=g","contentUrl":"https:\/\/secure.gravatar.com\/avatar\/7c5bd30ae4b47a9ba3c856590957fd1d96dc588bf3ac05719d247e126840331f?s=96&d=mm&r=g","caption":"libna"}}]}},"_links":{"self":[{"href":"https:\/\/interamerica.org\/es\/wp-json\/wp\/v2\/posts\/54212","targetHints":{"allow":["GET"]}}],"collection":[{"href":"https:\/\/interamerica.org\/es\/wp-json\/wp\/v2\/posts"}],"about":[{"href":"https:\/\/interamerica.org\/es\/wp-json\/wp\/v2\/types\/post"}],"author":[{"embeddable":true,"href":"https:\/\/interamerica.org\/es\/wp-json\/wp\/v2\/users\/3"}],"replies":[{"embeddable":true,"href":"https:\/\/interamerica.org\/es\/wp-json\/wp\/v2\/comments?post=54212"}],"version-history":[{"count":0,"href":"https:\/\/interamerica.org\/es\/wp-json\/wp\/v2\/posts\/54212\/revisions"}],"wp:featuredmedia":[{"embeddable":true,"href":"https:\/\/interamerica.org\/es\/wp-json\/wp\/v2\/media\/54199"}],"wp:attachment":[{"href":"https:\/\/interamerica.org\/es\/wp-json\/wp\/v2\/media?parent=54212"}],"wp:term":[{"taxonomy":"category","embeddable":true,"href":"https:\/\/interamerica.org\/es\/wp-json\/wp\/v2\/categories?post=54212"},{"taxonomy":"post_tag","embeddable":true,"href":"https:\/\/interamerica.org\/es\/wp-json\/wp\/v2\/tags?post=54212"}],"curies":[{"name":"wp","href":"https:\/\/api.w.org\/{rel}","templated":true}]}}