{"id":54239,"date":"2020-01-07T18:24:42","date_gmt":"2020-01-07T22:24:42","guid":{"rendered":"https:\/\/recursing-golick.147-182-135-0.plesk.page\/?p=54239"},"modified":"2020-02-06T13:52:07","modified_gmt":"2020-02-06T17:52:07","slug":"incendios-forestales-en-australia-hay-adventistas-evacuados-y-que-perdieron-sus-casas","status":"publish","type":"post","link":"https:\/\/interamerica.org\/es\/2020\/01\/incendios-forestales-en-australia-hay-adventistas-evacuados-y-que-perdieron-sus-casas\/","title":{"rendered":"Incendios forestales en Australia: Hay adventistas evacuados y que perdieron sus casas"},"content":{"rendered":"<p><div id=\"attachment_54218\" style=\"width: 844px\" class=\"wp-caption aligncenter\"><img fetchpriority=\"high\" decoding=\"async\" aria-describedby=\"caption-attachment-54218\" class=\" wp-image-54216\" src=\"https:\/\/recursing-golick.147-182-135-0.plesk.page\/wp-content\/uploads\/2020\/01\/bushfire1.jpg\" alt=\"\" width=\"834\" height=\"469\" srcset=\"https:\/\/interamerica.org\/wp-content\/uploads\/2020\/01\/bushfire1.jpg 1000w, https:\/\/interamerica.org\/wp-content\/uploads\/2020\/01\/bushfire1-300x169.jpg 300w, https:\/\/interamerica.org\/wp-content\/uploads\/2020\/01\/bushfire1-768x432.jpg 768w\" sizes=\"(max-width: 834px) 100vw, 834px\" \/><p id=\"caption-attachment-54218\" class=\"wp-caption-text\">Incendios cerca del pueblo de Cobargo, en Nueva Gales del Sur, Australia. La casa donde sol\u00eda reunirse el grupo adventista de Cobargo ha sido destruida por el fuego. [Fotograf\u00eda: cortes\u00eda de la cuenta de Facebook de los adventistas del Sur de Nueva Gales del Sur]<\/p><\/div><span class=\"byline-news\">6 de enero de 2020 | Australia | Maryellen Fairfax, <em>Adventist Record<\/em>, y <\/span><em><span class=\"byline-news\">Adventist Review<\/span><\/em><\/p>\n<p><span class=\"cap\">En momentos en que contin\u00faa la crisis en Australia por los incendios forestales, esta actualizaci\u00f3n revela c\u00f3mo los miembros de la Iglesia Adventista se han visto afectados y qu\u00e9 est\u00e1 haciendo la Iglesia Adventista del S\u00e9ptimo D\u00eda para apoyar a las comunidades afectadas por el fuego.<\/span><\/p>\n<p><strong>La zona m\u00e1s afectada de Nueva Gales del Sur<\/strong><\/p>\n<p>Cobargo, en el sudeste de Nueva Gales del Sur (NGS) ha sido la poblaci\u00f3n m\u00e1s afectada del estado, dado que el lugar qued\u00f3 envuelto en las llamas. Siete familias adventistas perdieron sus casas, propiedades y empresas. La casa en la que sol\u00eda reunirse el grupo adventista de Cobargo (que tiene un total de 15 miembros incluidos los ni\u00f1os) tambi\u00e9n fue destruida.<\/p>\n<p>\u201cLa casa donde sol\u00edamos congregarnos ha desaparecido\u201d, dijo el pastor del grupo local Dragan Kanazir. \u201cSe han perdido viviendas desde Wandella hasta Batemans Bay en el norte\u201d.<\/p>\n<p>Julie Nagle, que coordina los Ministerios Abor\u00edgenes y de los Isle\u00f1os del Estrecho de Torres (ATSIM) en la Asociaci\u00f3n del Sur de Nueva Gales del Sur (SNSWC), ha estado en el campo ayudando a los equipos locales de rastreo, visitando centros de evacuaci\u00f3n y apoyando a las comunidades abor\u00edgenes afectadas por los incendios. Nagle inform\u00f3 que un miembro del grupo de Cobargo no pudo enfrentar regresar a su propiedad despu\u00e9s de perder en el incendio tanto su hogar como todos los recuerdos de su fallecida esposa. Su hermano de 92 a\u00f1os falleci\u00f3 el 5 de enero.<\/p>\n<p>Nagle dijo que la iglesia est\u00e1 orando por \u00e9l y apoy\u00e1ndolo en este dif\u00edcil momento.<\/p>\n<p>Para ayudar a brindar apoyo a la comunidad, la iglesia adventista de Bega abri\u00f3 sus puertas como centro de evacuaci\u00f3n, alojando all\u00ed a m\u00e1s de 35 personas y 15 personas. El vest\u00edbulo de la iglesia tambi\u00e9n fue utilizado para almacenar alimentos.<\/p>\n<p>\u201cCuando notamos que el centro de evacuaci\u00f3n en el camino estaba llen\u00e1ndose, tomamos la r\u00e1pida decisi\u00f3n de abrir la iglesia y permitir que las personas usaran las instalaciones\u201d, dijo Kanazir. \u201cEn cierto momento, nuestra iglesia se parec\u00eda a un arca de No\u00e9\u201d.<\/p>\n<p><div id=\"attachment_54228\" style=\"width: 574px\" class=\"wp-caption aligncenter\"><img decoding=\"async\" aria-describedby=\"caption-attachment-54228\" class=\" wp-image-54226\" src=\"https:\/\/recursing-golick.147-182-135-0.plesk.page\/wp-content\/uploads\/2020\/01\/bushfire3.jpg\" alt=\"\" width=\"564\" height=\"729\" srcset=\"https:\/\/interamerica.org\/wp-content\/uploads\/2020\/01\/bushfire3.jpg 637w, https:\/\/interamerica.org\/wp-content\/uploads\/2020\/01\/bushfire3-232x300.jpg 232w\" sizes=\"(max-width: 564px) 100vw, 564px\" \/><p id=\"caption-attachment-54228\" class=\"wp-caption-text\">La iglesia adventista de Bega rodeada de humo espeso. [Fotograf\u00eda: Asociaci\u00f3n del Sur de Nueva Gales del Sur]<\/p><\/div>\u201cMuchos de nuestros miembros que viven en Batlow han perdido sus casas; uno perdi\u00f3 una casa en Tumut, pero dos lucharon para salvar su propiedad y lograron finalmente hacerlo\u201d, dijo Jeremy Taituave. \u201cEn Corryong, Shirley Sprenger [una miembro de iglesia y voluntaria del Servicio Rural de Bomberos] perdi\u00f3 50 acres [unas 20 hect\u00e1reas], pero aparentemente eso es poco en comparaci\u00f3n con todas las dem\u00e1s personas\u201d.<\/p>\n<p>\u201cOtros centros de evacuaci\u00f3n no aceptaban mascotas\u201d, dijo Sarina Taituave, directora de la Agencia Adventista de Desarrollo y Recursos Asistenciales (ADRA) en la SNSWC. \u201cEstamos anticipando que a\u00fan quedar\u00e1 gente en la iglesia de Bega la mayor parte de la semana, pero hoy al medio d\u00eda se llevar\u00e1 a cabo una reevaluaci\u00f3n\u201d.<\/p>\n<p>A la luz de la crisis continuada, ADRA est\u00e1 brindando pagos de 500 d\u00f3lares australianos (unos 350 d\u00f3lares estadounidenses) a las familias necesitadas del territorio de la asociaci\u00f3n, y 2000 d\u00f3lares australianos (unos 1400 d\u00f3lares) para las iglesias que est\u00e9n ayudando a sus comunidades. Hasta el momento, ADRA ha ayudado a quince familias de la regi\u00f3n de la SNSWC.<\/p>\n<p>La SNSWC y la Uni\u00f3n Asociaci\u00f3n Australiana (AUC) tambi\u00e9n est\u00e1n brindando financiaci\u00f3n en efectivo a los miembros, las iglesias y la comunidad sobre la base de las necesidades, con hasta 5000 d\u00f3lares australianos (unos 3500 d\u00f3lares) disponibles para las familias que han perdido sus hogares.<\/p>\n<p>\u201cAlgunas [familias] han perdido sus hogares, algunos sus propiedades o parte de sus propiedades, algunos han sido evacuados y no pueden regresar al trabajo, mientras que otros est\u00e1n colaborando como voluntarios para el Servicio Rural de Bomberos en lugar de trabajar y se han quedado sin fondos\u201d, dijo Sarina Taituave.<\/p>\n<p><strong>Oraci\u00f3n en medio de la desesperanza<\/strong><\/p>\n<p>Muchos miembros de las iglesias de Tumut, Corryong y Tumburrumba en Nueva Gales del Sur han perdido sus casas o han sido evacuados debido a los incendios o el humo, seg\u00fan Jeremy Taituave.<\/p>\n<p><div id=\"attachment_54231\" style=\"width: 575px\" class=\"wp-caption aligncenter\"><img decoding=\"async\" aria-describedby=\"caption-attachment-54231\" class=\" wp-image-54229\" src=\"https:\/\/recursing-golick.147-182-135-0.plesk.page\/wp-content\/uploads\/2020\/01\/bushfire4-830x1024.jpg\" alt=\"\" width=\"565\" height=\"697\" srcset=\"https:\/\/interamerica.org\/wp-content\/uploads\/2020\/01\/bushfire4-830x1024.jpg 830w, https:\/\/interamerica.org\/wp-content\/uploads\/2020\/01\/bushfire4-243x300.jpg 243w, https:\/\/interamerica.org\/wp-content\/uploads\/2020\/01\/bushfire4-768x948.jpg 768w, https:\/\/interamerica.org\/wp-content\/uploads\/2020\/01\/bushfire4.jpg 1000w\" sizes=\"(max-width: 565px) 100vw, 565px\" \/><p id=\"caption-attachment-54231\" class=\"wp-caption-text\">Un autom\u00f3vil quemado en un \u201ctornado de fuego\u201d, que levant\u00f3 el veh\u00edculo y lo arroj\u00f3 a m\u00e1s de un kil\u00f3metro [0,6 milla] de donde estaba estacionado. [Fotograf\u00eda: Julie Nagle, Adventist Record]<\/p><\/div>Despu\u00e9s de hablar con Sprenger por tel\u00e9fono, Jeremy Taituave dijo que hay un sentimiento de desesperanza en las comunidades rurales y una necesidad de fomentar la esperanza, de reunirse y alentarse los unos a los otros.<\/p>\n<p>\u201cVamos a reunirnos con nuestras iglesias, a tener reuniones, y a hablar sobre c\u00f3mo responder. Necesitamos tomar las piezas rotas tanto emocionales como espirituales; abriremos nuestras puertas a las oraciones, y despu\u00e9s de hablar con Shirley [Sprenger], hemos decidido que daremos el Programa de Recuperaci\u00f3n de la Ansiedad y la Depresi\u00f3n [DARP]\u201d, expres\u00f3.<\/p>\n<p>Para apoyar el alivio por la sequ\u00eda durante 2019, ADRA SNSWC financi\u00f3 a una capacitaci\u00f3n de coordinadores del DARP para representantes provenientes de 18 iglesias del territorio. Los programas ser\u00e1n implementados en los pr\u00f3ximos meses para as\u00ed ayudar a las familias que est\u00e1n luchando o a los voluntarios del Servicio Rural de Bomberos que han sufrido situaciones traum\u00e1ticas.<\/p>\n<p>A pesar del sentimiento de desesperanza, muchos voluntarios y personas desplazadas se han visto animados por la oraci\u00f3n. Como voluntaria en la l\u00ednea de vanguardia, Nagle ha estado compartiendo activamente su fe al orar por los bomberos y los voluntarios que han puesto su vida en riesgo.<\/p>\n<p>\u201cEstaba conduciendo y vi un cami\u00f3n de bomberos, por lo que sent\u00ed que ten\u00eda que parar\u201d, cont\u00f3 ella. \u201cCamin\u00e9 hasta [los bomberos] y dijo: \u2018Puede que esto les parezca un poco loco, pero siento la impresi\u00f3n de venir y orar con ustedes y por sus camiones de bomberos\u2019. Uno de ellos se volvi\u00f3 a m\u00ed y me dijo: \u2018\u00a1S\u00ed, por favor!\u2019 Yo no ten\u00eda ni idea de lo que iba a decir, pero una vez que coloqu\u00e9 mi mano sobre el cami\u00f3n, me vinieron las palabras: \u2018En el nombre de Jes\u00fas, doquiera que viajen estas ruedas y doquiera que caminen estos pies, que t\u00fa puedas bendecir la generaci\u00f3n y la compasi\u00f3n de estas personas\u2019. He estado haciendo eso por cada cami\u00f3n de bomberos, y los bomberos se han mostrado sumamente agradecidos\u201d.<\/p>\n<p><strong>Algunos hogares salvados, otros destruidos<\/strong><\/p>\n<p>Wayne y Sharon Ford, miembros de la iglesia adventista de Tumbarumba y due\u00f1os de dos propiedades en Batlow y Tumbarumba, se encontraron dos veces en la l\u00ednea directa de fuego pero lograron escapar sin que esas dos propiedades sufrieran da\u00f1os.<\/p>\n<p>\u201cHubo dos incendios. El del martes [31 de diciembre] lleg\u00f3 hasta la puerta trasera de nuestra casa y pas\u00f3 por alrededor de ella\u201d, dijo Sharon Ford. \u201cPerdimos un cobertizo para esquilar y algunos equipos de energ\u00eda solar. En la otra casa tenemos un inquilino, y esa casa tambi\u00e9n se salv\u00f3. Nos sentimos tan agradecidos por ello\u201d.<\/p>\n<p>Otros no fueron tan afortunados. Muchos de los vecinos de los Ford cuyas casas escaparon del primer fuego perdieron sus casas en el segundo incendio que lleg\u00f3 solo tres d\u00edas despu\u00e9s.<\/p>\n<p>\u201cNuestra sobrina perdi\u00f3 todo. Y una amiga en esta calle sobrevivi\u00f3 al primer incendio y pens\u00f3 que iba a estar bien porque los \u00e1rboles se hab\u00edan quemado, pero aunque se quemaron las bases, no hab\u00eda llegado a las copas. De manera que eso tambi\u00e9n se incendi\u00f3\u201d, cont\u00f3 Ford.<\/p>\n<p>Despu\u00e9s de haber evacuado la zona el 30 de diciembre, los que regresaron y encontraron sus casas totalmente destruidas est\u00e1n hallando que son momentos sumamente emotivos.<\/p>\n<p>\u201cNo pueden dejar de pensar en lo que han perdido y en lo que no se llevaron\u201d, dijo Ford. \u201cCuando se te dice que tienes que irte, es un momento muy emotivo decidir qu\u00e9 llevarse. Uno elige lo obvio: las fotos, los pasaportes y documentos de trabajo, y entonces uno camina a la sala y se da cuenta de que no puede llevarse mucho. Uno siente lazos emocionales a art\u00edculos peque\u00f1os al azar, y es dif\u00edcil tener que decir adi\u00f3s\u201d.<\/p>\n<p>A pesar del estr\u00e9s y la devastaci\u00f3n que est\u00e1 presente en todas partes, Ford dijo que su fe se ha visto fortalecida como resultado de los incendios. \u201cHa sido una oportunidad de compartir [a Jes\u00fas] con otros. Como es un pueblo sumamente unido, las personas est\u00e1n diciendo: \u2018Que Dios est\u00e9 con usted\u2019, y ni siquiera son personas que teman a Dios. Muchas personas est\u00e1n pidiendo que oren por ellas.<\/p>\n<p>\u201cLo que ha resultado abrumador para nosotros son los llamados de personas que apenas conocemos, que nos han ofrecido camas y alojamiento\u201d, dijo Ford. \u201cY aun empresas que han sido que no nos preocupemos por pagar la cuenta. Y me siento tan agradecida por las oraciones de todos\u201d.<\/p>\n<p><em>La<\/em><a href=\"https:\/\/record.adventistchurch.com\/2020\/01\/06\/bushfires-update-adventists-evacuated-homes-lost\/\" target=\"_blank\" rel=\"noopener noreferrer\"><em>versi\u00f3n original<\/em><\/a><em> de esta actualizaci\u00f3n fue publicada por<\/em> <a href=\"https:\/\/record.adventistchurch.com\" target=\"_blank\" rel=\"noopener noreferrer\">Adventist Record<\/a>.<\/p>\n<p>Traducci\u00f3n de Marcos Paseggi<\/p>\n","protected":false},"excerpt":{"rendered":"<p>6 de enero de 2020 | Australia | Maryellen Fairfax, Adventist Record, y Adventist Review En momentos en que contin\u00faa la crisis en Australia por los incendios forestales, esta actualizaci\u00f3n&#8230;<\/p>\n","protected":false},"author":3,"featured_media":54218,"comment_status":"open","ping_status":"closed","sticky":false,"template":"","format":"standard","meta":{"_acf_changed":false,"footnotes":""},"categories":[14,15],"tags":[],"class_list":["post-54239","post","type-post","status-publish","format-standard","has-post-thumbnail","hentry","category-de-la-iglesia-mundial","category-rss-espanol"],"acf":[],"yoast_head":"<!-- This site is optimized with the Yoast SEO plugin v27.3 - https:\/\/yoast.com\/product\/yoast-seo-wordpress\/ -->\n<title>Incendios forestales en Australia: Hay adventistas evacuados y que perdieron sus casas - Iglesia Adventista del S\u00e9ptimo D\u00eda - Divisi\u00f3n Interamericana<\/title>\n<meta name=\"robots\" content=\"index, follow, max-snippet:-1, max-image-preview:large, max-video-preview:-1\" \/>\n<link rel=\"canonical\" href=\"https:\/\/interamerica.org\/es\/2020\/01\/incendios-forestales-en-australia-hay-adventistas-evacuados-y-que-perdieron-sus-casas\/\" \/>\n<meta property=\"og:locale\" content=\"es_ES\" \/>\n<meta property=\"og:type\" content=\"article\" \/>\n<meta property=\"og:title\" content=\"Incendios forestales en Australia: Hay adventistas evacuados y que perdieron sus casas - Iglesia Adventista del S\u00e9ptimo D\u00eda - Divisi\u00f3n Interamericana\" \/>\n<meta property=\"og:description\" content=\"6 de enero de 2020 | Australia | Maryellen Fairfax, Adventist Record, y Adventist Review En momentos en que contin\u00faa la crisis en Australia por los incendios forestales, esta actualizaci\u00f3n...\" \/>\n<meta property=\"og:url\" content=\"https:\/\/interamerica.org\/es\/2020\/01\/incendios-forestales-en-australia-hay-adventistas-evacuados-y-que-perdieron-sus-casas\/\" \/>\n<meta property=\"og:site_name\" content=\"Iglesia Adventista del S\u00e9ptimo D\u00eda - Divisi\u00f3n Interamericana\" \/>\n<meta property=\"article:published_time\" content=\"2020-01-07T22:24:42+00:00\" \/>\n<meta property=\"article:modified_time\" content=\"2020-02-06T17:52:07+00:00\" \/>\n<meta property=\"og:image\" content=\"https:\/\/interamerica.org\/wp-content\/uploads\/2020\/01\/bushfire1.jpg\" \/>\n\t<meta property=\"og:image:width\" content=\"1000\" \/>\n\t<meta property=\"og:image:height\" content=\"562\" \/>\n\t<meta property=\"og:image:type\" content=\"image\/jpeg\" \/>\n<meta name=\"author\" content=\"libna\" \/>\n<meta name=\"twitter:card\" content=\"summary_large_image\" \/>\n<meta name=\"twitter:label1\" content=\"Escrito por\" \/>\n\t<meta name=\"twitter:data1\" content=\"libna\" \/>\n\t<meta name=\"twitter:label2\" content=\"Tiempo de lectura\" \/>\n\t<meta name=\"twitter:data2\" content=\"8 minutos\" \/>\n<script type=\"application\/ld+json\" class=\"yoast-schema-graph\">{\"@context\":\"https:\\\/\\\/schema.org\",\"@graph\":[{\"@type\":\"Article\",\"@id\":\"https:\\\/\\\/interamerica.org\\\/es\\\/2020\\\/01\\\/incendios-forestales-en-australia-hay-adventistas-evacuados-y-que-perdieron-sus-casas\\\/#article\",\"isPartOf\":{\"@id\":\"https:\\\/\\\/interamerica.org\\\/es\\\/2020\\\/01\\\/incendios-forestales-en-australia-hay-adventistas-evacuados-y-que-perdieron-sus-casas\\\/\"},\"author\":{\"name\":\"libna\",\"@id\":\"https:\\\/\\\/interamerica.org\\\/es\\\/#\\\/schema\\\/person\\\/29998f2bc2d8bd0d38662909289b54f1\"},\"headline\":\"Incendios forestales en Australia: Hay adventistas evacuados y que perdieron sus casas\",\"datePublished\":\"2020-01-07T22:24:42+00:00\",\"dateModified\":\"2020-02-06T17:52:07+00:00\",\"mainEntityOfPage\":{\"@id\":\"https:\\\/\\\/interamerica.org\\\/es\\\/2020\\\/01\\\/incendios-forestales-en-australia-hay-adventistas-evacuados-y-que-perdieron-sus-casas\\\/\"},\"wordCount\":1621,\"commentCount\":0,\"image\":{\"@id\":\"https:\\\/\\\/interamerica.org\\\/es\\\/2020\\\/01\\\/incendios-forestales-en-australia-hay-adventistas-evacuados-y-que-perdieron-sus-casas\\\/#primaryimage\"},\"thumbnailUrl\":\"https:\\\/\\\/interamerica.org\\\/wp-content\\\/uploads\\\/2020\\\/01\\\/bushfire1.jpg\",\"articleSection\":[\"Desde la iglesia mundial\",\"RSS Espa\u00f1ol\"],\"inLanguage\":\"es\",\"potentialAction\":[{\"@type\":\"CommentAction\",\"name\":\"Comment\",\"target\":[\"https:\\\/\\\/interamerica.org\\\/es\\\/2020\\\/01\\\/incendios-forestales-en-australia-hay-adventistas-evacuados-y-que-perdieron-sus-casas\\\/#respond\"]}]},{\"@type\":\"WebPage\",\"@id\":\"https:\\\/\\\/interamerica.org\\\/es\\\/2020\\\/01\\\/incendios-forestales-en-australia-hay-adventistas-evacuados-y-que-perdieron-sus-casas\\\/\",\"url\":\"https:\\\/\\\/interamerica.org\\\/es\\\/2020\\\/01\\\/incendios-forestales-en-australia-hay-adventistas-evacuados-y-que-perdieron-sus-casas\\\/\",\"name\":\"Incendios forestales en Australia: Hay adventistas evacuados y que perdieron sus casas - Iglesia Adventista del S\u00e9ptimo D\u00eda - Divisi\u00f3n Interamericana\",\"isPartOf\":{\"@id\":\"https:\\\/\\\/interamerica.org\\\/es\\\/#website\"},\"primaryImageOfPage\":{\"@id\":\"https:\\\/\\\/interamerica.org\\\/es\\\/2020\\\/01\\\/incendios-forestales-en-australia-hay-adventistas-evacuados-y-que-perdieron-sus-casas\\\/#primaryimage\"},\"image\":{\"@id\":\"https:\\\/\\\/interamerica.org\\\/es\\\/2020\\\/01\\\/incendios-forestales-en-australia-hay-adventistas-evacuados-y-que-perdieron-sus-casas\\\/#primaryimage\"},\"thumbnailUrl\":\"https:\\\/\\\/interamerica.org\\\/wp-content\\\/uploads\\\/2020\\\/01\\\/bushfire1.jpg\",\"datePublished\":\"2020-01-07T22:24:42+00:00\",\"dateModified\":\"2020-02-06T17:52:07+00:00\",\"author\":{\"@id\":\"https:\\\/\\\/interamerica.org\\\/es\\\/#\\\/schema\\\/person\\\/29998f2bc2d8bd0d38662909289b54f1\"},\"breadcrumb\":{\"@id\":\"https:\\\/\\\/interamerica.org\\\/es\\\/2020\\\/01\\\/incendios-forestales-en-australia-hay-adventistas-evacuados-y-que-perdieron-sus-casas\\\/#breadcrumb\"},\"inLanguage\":\"es\",\"potentialAction\":[{\"@type\":\"ReadAction\",\"target\":[\"https:\\\/\\\/interamerica.org\\\/es\\\/2020\\\/01\\\/incendios-forestales-en-australia-hay-adventistas-evacuados-y-que-perdieron-sus-casas\\\/\"]}]},{\"@type\":\"ImageObject\",\"inLanguage\":\"es\",\"@id\":\"https:\\\/\\\/interamerica.org\\\/es\\\/2020\\\/01\\\/incendios-forestales-en-australia-hay-adventistas-evacuados-y-que-perdieron-sus-casas\\\/#primaryimage\",\"url\":\"https:\\\/\\\/interamerica.org\\\/wp-content\\\/uploads\\\/2020\\\/01\\\/bushfire1.jpg\",\"contentUrl\":\"https:\\\/\\\/interamerica.org\\\/wp-content\\\/uploads\\\/2020\\\/01\\\/bushfire1.jpg\",\"width\":1000,\"height\":562,\"caption\":\"Incendios cerca del pueblo de Cobargo, en Nueva Gales del Sur, Australia. La casa donde sol\u00eda reunirse el grupo adventista de Cobargo ha sido destruida por el fuego. [Fotograf\u00eda: cortes\u00eda de la cuenta de Facebook de los adventistas del Sur de Nueva Gales del Sur]\"},{\"@type\":\"BreadcrumbList\",\"@id\":\"https:\\\/\\\/interamerica.org\\\/es\\\/2020\\\/01\\\/incendios-forestales-en-australia-hay-adventistas-evacuados-y-que-perdieron-sus-casas\\\/#breadcrumb\",\"itemListElement\":[{\"@type\":\"ListItem\",\"position\":1,\"name\":\"Home\",\"item\":\"https:\\\/\\\/interamerica.org\\\/es\\\/\"},{\"@type\":\"ListItem\",\"position\":2,\"name\":\"Incendios forestales en Australia: Hay adventistas evacuados y que perdieron sus casas\"}]},{\"@type\":\"WebSite\",\"@id\":\"https:\\\/\\\/interamerica.org\\\/es\\\/#website\",\"url\":\"https:\\\/\\\/interamerica.org\\\/es\\\/\",\"name\":\"Iglesia Adventista del S\u00e9ptimo D\u00eda - Divisi\u00f3n Interamericana\",\"description\":\"\",\"potentialAction\":[{\"@type\":\"SearchAction\",\"target\":{\"@type\":\"EntryPoint\",\"urlTemplate\":\"https:\\\/\\\/interamerica.org\\\/es\\\/?s={search_term_string}\"},\"query-input\":{\"@type\":\"PropertyValueSpecification\",\"valueRequired\":true,\"valueName\":\"search_term_string\"}}],\"inLanguage\":\"es\"},{\"@type\":\"Person\",\"@id\":\"https:\\\/\\\/interamerica.org\\\/es\\\/#\\\/schema\\\/person\\\/29998f2bc2d8bd0d38662909289b54f1\",\"name\":\"libna\",\"image\":{\"@type\":\"ImageObject\",\"inLanguage\":\"es\",\"@id\":\"https:\\\/\\\/secure.gravatar.com\\\/avatar\\\/7c5bd30ae4b47a9ba3c856590957fd1d96dc588bf3ac05719d247e126840331f?s=96&d=mm&r=g\",\"url\":\"https:\\\/\\\/secure.gravatar.com\\\/avatar\\\/7c5bd30ae4b47a9ba3c856590957fd1d96dc588bf3ac05719d247e126840331f?s=96&d=mm&r=g\",\"contentUrl\":\"https:\\\/\\\/secure.gravatar.com\\\/avatar\\\/7c5bd30ae4b47a9ba3c856590957fd1d96dc588bf3ac05719d247e126840331f?s=96&d=mm&r=g\",\"caption\":\"libna\"}}]}<\/script>\n<!-- \/ Yoast SEO plugin. -->","yoast_head_json":{"title":"Incendios forestales en Australia: Hay adventistas evacuados y que perdieron sus casas - Iglesia Adventista del S\u00e9ptimo D\u00eda - Divisi\u00f3n Interamericana","robots":{"index":"index","follow":"follow","max-snippet":"max-snippet:-1","max-image-preview":"max-image-preview:large","max-video-preview":"max-video-preview:-1"},"canonical":"https:\/\/interamerica.org\/es\/2020\/01\/incendios-forestales-en-australia-hay-adventistas-evacuados-y-que-perdieron-sus-casas\/","og_locale":"es_ES","og_type":"article","og_title":"Incendios forestales en Australia: Hay adventistas evacuados y que perdieron sus casas - Iglesia Adventista del S\u00e9ptimo D\u00eda - Divisi\u00f3n Interamericana","og_description":"6 de enero de 2020 | Australia | Maryellen Fairfax, Adventist Record, y Adventist Review En momentos en que contin\u00faa la crisis en Australia por los incendios forestales, esta actualizaci\u00f3n...","og_url":"https:\/\/interamerica.org\/es\/2020\/01\/incendios-forestales-en-australia-hay-adventistas-evacuados-y-que-perdieron-sus-casas\/","og_site_name":"Iglesia Adventista del S\u00e9ptimo D\u00eda - Divisi\u00f3n Interamericana","article_published_time":"2020-01-07T22:24:42+00:00","article_modified_time":"2020-02-06T17:52:07+00:00","og_image":[{"width":1000,"height":562,"url":"https:\/\/interamerica.org\/wp-content\/uploads\/2020\/01\/bushfire1.jpg","type":"image\/jpeg"}],"author":"libna","twitter_card":"summary_large_image","twitter_misc":{"Escrito por":"libna","Tiempo de lectura":"8 minutos"},"schema":{"@context":"https:\/\/schema.org","@graph":[{"@type":"Article","@id":"https:\/\/interamerica.org\/es\/2020\/01\/incendios-forestales-en-australia-hay-adventistas-evacuados-y-que-perdieron-sus-casas\/#article","isPartOf":{"@id":"https:\/\/interamerica.org\/es\/2020\/01\/incendios-forestales-en-australia-hay-adventistas-evacuados-y-que-perdieron-sus-casas\/"},"author":{"name":"libna","@id":"https:\/\/interamerica.org\/es\/#\/schema\/person\/29998f2bc2d8bd0d38662909289b54f1"},"headline":"Incendios forestales en Australia: Hay adventistas evacuados y que perdieron sus casas","datePublished":"2020-01-07T22:24:42+00:00","dateModified":"2020-02-06T17:52:07+00:00","mainEntityOfPage":{"@id":"https:\/\/interamerica.org\/es\/2020\/01\/incendios-forestales-en-australia-hay-adventistas-evacuados-y-que-perdieron-sus-casas\/"},"wordCount":1621,"commentCount":0,"image":{"@id":"https:\/\/interamerica.org\/es\/2020\/01\/incendios-forestales-en-australia-hay-adventistas-evacuados-y-que-perdieron-sus-casas\/#primaryimage"},"thumbnailUrl":"https:\/\/interamerica.org\/wp-content\/uploads\/2020\/01\/bushfire1.jpg","articleSection":["Desde la iglesia mundial","RSS Espa\u00f1ol"],"inLanguage":"es","potentialAction":[{"@type":"CommentAction","name":"Comment","target":["https:\/\/interamerica.org\/es\/2020\/01\/incendios-forestales-en-australia-hay-adventistas-evacuados-y-que-perdieron-sus-casas\/#respond"]}]},{"@type":"WebPage","@id":"https:\/\/interamerica.org\/es\/2020\/01\/incendios-forestales-en-australia-hay-adventistas-evacuados-y-que-perdieron-sus-casas\/","url":"https:\/\/interamerica.org\/es\/2020\/01\/incendios-forestales-en-australia-hay-adventistas-evacuados-y-que-perdieron-sus-casas\/","name":"Incendios forestales en Australia: Hay adventistas evacuados y que perdieron sus casas - Iglesia Adventista del S\u00e9ptimo D\u00eda - Divisi\u00f3n Interamericana","isPartOf":{"@id":"https:\/\/interamerica.org\/es\/#website"},"primaryImageOfPage":{"@id":"https:\/\/interamerica.org\/es\/2020\/01\/incendios-forestales-en-australia-hay-adventistas-evacuados-y-que-perdieron-sus-casas\/#primaryimage"},"image":{"@id":"https:\/\/interamerica.org\/es\/2020\/01\/incendios-forestales-en-australia-hay-adventistas-evacuados-y-que-perdieron-sus-casas\/#primaryimage"},"thumbnailUrl":"https:\/\/interamerica.org\/wp-content\/uploads\/2020\/01\/bushfire1.jpg","datePublished":"2020-01-07T22:24:42+00:00","dateModified":"2020-02-06T17:52:07+00:00","author":{"@id":"https:\/\/interamerica.org\/es\/#\/schema\/person\/29998f2bc2d8bd0d38662909289b54f1"},"breadcrumb":{"@id":"https:\/\/interamerica.org\/es\/2020\/01\/incendios-forestales-en-australia-hay-adventistas-evacuados-y-que-perdieron-sus-casas\/#breadcrumb"},"inLanguage":"es","potentialAction":[{"@type":"ReadAction","target":["https:\/\/interamerica.org\/es\/2020\/01\/incendios-forestales-en-australia-hay-adventistas-evacuados-y-que-perdieron-sus-casas\/"]}]},{"@type":"ImageObject","inLanguage":"es","@id":"https:\/\/interamerica.org\/es\/2020\/01\/incendios-forestales-en-australia-hay-adventistas-evacuados-y-que-perdieron-sus-casas\/#primaryimage","url":"https:\/\/interamerica.org\/wp-content\/uploads\/2020\/01\/bushfire1.jpg","contentUrl":"https:\/\/interamerica.org\/wp-content\/uploads\/2020\/01\/bushfire1.jpg","width":1000,"height":562,"caption":"Incendios cerca del pueblo de Cobargo, en Nueva Gales del Sur, Australia. La casa donde sol\u00eda reunirse el grupo adventista de Cobargo ha sido destruida por el fuego. [Fotograf\u00eda: cortes\u00eda de la cuenta de Facebook de los adventistas del Sur de Nueva Gales del Sur]"},{"@type":"BreadcrumbList","@id":"https:\/\/interamerica.org\/es\/2020\/01\/incendios-forestales-en-australia-hay-adventistas-evacuados-y-que-perdieron-sus-casas\/#breadcrumb","itemListElement":[{"@type":"ListItem","position":1,"name":"Home","item":"https:\/\/interamerica.org\/es\/"},{"@type":"ListItem","position":2,"name":"Incendios forestales en Australia: Hay adventistas evacuados y que perdieron sus casas"}]},{"@type":"WebSite","@id":"https:\/\/interamerica.org\/es\/#website","url":"https:\/\/interamerica.org\/es\/","name":"Iglesia Adventista del S\u00e9ptimo D\u00eda - Divisi\u00f3n Interamericana","description":"","potentialAction":[{"@type":"SearchAction","target":{"@type":"EntryPoint","urlTemplate":"https:\/\/interamerica.org\/es\/?s={search_term_string}"},"query-input":{"@type":"PropertyValueSpecification","valueRequired":true,"valueName":"search_term_string"}}],"inLanguage":"es"},{"@type":"Person","@id":"https:\/\/interamerica.org\/es\/#\/schema\/person\/29998f2bc2d8bd0d38662909289b54f1","name":"libna","image":{"@type":"ImageObject","inLanguage":"es","@id":"https:\/\/secure.gravatar.com\/avatar\/7c5bd30ae4b47a9ba3c856590957fd1d96dc588bf3ac05719d247e126840331f?s=96&d=mm&r=g","url":"https:\/\/secure.gravatar.com\/avatar\/7c5bd30ae4b47a9ba3c856590957fd1d96dc588bf3ac05719d247e126840331f?s=96&d=mm&r=g","contentUrl":"https:\/\/secure.gravatar.com\/avatar\/7c5bd30ae4b47a9ba3c856590957fd1d96dc588bf3ac05719d247e126840331f?s=96&d=mm&r=g","caption":"libna"}}]}},"_links":{"self":[{"href":"https:\/\/interamerica.org\/es\/wp-json\/wp\/v2\/posts\/54239","targetHints":{"allow":["GET"]}}],"collection":[{"href":"https:\/\/interamerica.org\/es\/wp-json\/wp\/v2\/posts"}],"about":[{"href":"https:\/\/interamerica.org\/es\/wp-json\/wp\/v2\/types\/post"}],"author":[{"embeddable":true,"href":"https:\/\/interamerica.org\/es\/wp-json\/wp\/v2\/users\/3"}],"replies":[{"embeddable":true,"href":"https:\/\/interamerica.org\/es\/wp-json\/wp\/v2\/comments?post=54239"}],"version-history":[{"count":0,"href":"https:\/\/interamerica.org\/es\/wp-json\/wp\/v2\/posts\/54239\/revisions"}],"wp:featuredmedia":[{"embeddable":true,"href":"https:\/\/interamerica.org\/es\/wp-json\/wp\/v2\/media\/54218"}],"wp:attachment":[{"href":"https:\/\/interamerica.org\/es\/wp-json\/wp\/v2\/media?parent=54239"}],"wp:term":[{"taxonomy":"category","embeddable":true,"href":"https:\/\/interamerica.org\/es\/wp-json\/wp\/v2\/categories?post=54239"},{"taxonomy":"post_tag","embeddable":true,"href":"https:\/\/interamerica.org\/es\/wp-json\/wp\/v2\/tags?post=54239"}],"curies":[{"name":"wp","href":"https:\/\/api.w.org\/{rel}","templated":true}]}}