{"id":54304,"date":"2020-01-07T21:35:35","date_gmt":"2020-01-08T01:35:35","guid":{"rendered":"https:\/\/recursing-golick.147-182-135-0.plesk.page\/?p=54304"},"modified":"2020-02-06T13:51:59","modified_gmt":"2020-02-06T17:51:59","slug":"iglesia-adventista-sigue-evaluando-los-danos-despues-de-que-un-sismo-golpea-a-puerto-rico","status":"publish","type":"post","link":"https:\/\/interamerica.org\/es\/2020\/01\/iglesia-adventista-sigue-evaluando-los-danos-despues-de-que-un-sismo-golpea-a-puerto-rico\/","title":{"rendered":"Iglesia Adventista sigue evaluando los da\u00f1os despu\u00e9s de que un sismo golpea a Puerto Rico"},"content":{"rendered":"<p><div id=\"attachment_54283\" style=\"width: 533px\" class=\"wp-caption aligncenter\"><img fetchpriority=\"high\" decoding=\"async\" aria-describedby=\"caption-attachment-54283\" class=\" wp-image-54281\" src=\"https:\/\/recursing-golick.147-182-135-0.plesk.page\/wp-content\/uploads\/2020\/01\/guayanilla-members-home-1.jpg\" alt=\"\" width=\"523\" height=\"698\" srcset=\"https:\/\/interamerica.org\/wp-content\/uploads\/2020\/01\/guayanilla-members-home-1.jpg 680w, https:\/\/interamerica.org\/wp-content\/uploads\/2020\/01\/guayanilla-members-home-1-225x300.jpg 225w\" sizes=\"(max-width: 523px) 100vw, 523px\" \/><p id=\"caption-attachment-54283\" class=\"wp-caption-text\">La casa de una familia adventista en Guayanilla, en el sur de Puerto Rico, que fue da\u00f1ada por la sucesi\u00f3n de terremotos que golpearon a la isla especialmente el 6 y 7 de enero de 2020, con una magnitud de 6.4 o m\u00e1s. [Fotograf\u00eda: Leonel Escobales, Asociaci\u00f3n Sur de Puerto Rico]<\/p><\/div>7 de enero de 2020 | Miami, Florida, Estados Unidos | Libna Stevens\/DIA<\/p>\n<p>Los l\u00edderes de la Iglesia Adventista en Puerto Rico a\u00fan est\u00e1n at\u00f3nitos por una serie de terremotos que comenzaron el 6 de enero, y culminaron con un temblor de 6.4 de magnitud en las primeras horas del 7 de enero. Los terremotos han golpeado por sobre todas las cosas zonas del sur de la isla, principalmente en Guayanilla y Gu\u00e1nica, provocando la muerte de una persona y lesionando a una decena de otras, adem\u00e1s de causar cortes de energ\u00eda el\u00e9ctrica. No se ha informado de muertes entre los miembros de iglesia.<\/p>\n<p>\u201cComo pa\u00eds jam\u00e1s hemos tenido que enfrentar un terremoto semejante desde que tengo memoria\u201d, dijo el pastor Jos\u00e9 A. Rodr\u00edguez, presidente de la Iglesia Adventista en Puerto Rico.<\/p>\n<p><div id=\"attachment_54277\" style=\"width: 789px\" class=\"wp-caption aligncenter\"><img decoding=\"async\" aria-describedby=\"caption-attachment-54277\" class=\" wp-image-54275\" src=\"https:\/\/recursing-golick.147-182-135-0.plesk.page\/wp-content\/uploads\/2020\/01\/guayanilla-destroyed-home.jpg\" alt=\"\" width=\"779\" height=\"584\" srcset=\"https:\/\/interamerica.org\/wp-content\/uploads\/2020\/01\/guayanilla-destroyed-home.jpg 1024w, https:\/\/interamerica.org\/wp-content\/uploads\/2020\/01\/guayanilla-destroyed-home-300x225.jpg 300w, https:\/\/interamerica.org\/wp-content\/uploads\/2020\/01\/guayanilla-destroyed-home-768x576.jpg 768w\" sizes=\"(max-width: 779px) 100vw, 779px\" \/><p id=\"caption-attachment-54277\" class=\"wp-caption-text\">Una estructura destruida despu\u00e9s de que los terremotos azotaron el epicentro en el sur de Puerto Rico esta semana. [Fotograf\u00eda: Leonel Escobales, Asociaci\u00f3n Sur de Puerto Rico]<\/p><\/div>[\/caption]<\/p>\n<p>\u201cA las 4.24 me despert\u00e9 porque la casa se sacud\u00eda, y entonces se produjo una r\u00e9plica tras otra. A veces son como diez temblores en el d\u00eda, por lo que hay mucha incertidumbre para todos nosotros aqu\u00ed en Puerto Rico\u201d, dijo Rodr\u00edguez, que vive en la zona occidental de la isla. Aunque los sismos han sido m\u00e1s Fuertes en el sur, toda la isla ha sentido cada temblor, dijo Rodr\u00edguez.<\/p>\n<p>\u201cHay tanta incertidumbre ahora, porque los puentes est\u00e1n ca\u00eddos, las rutas han colapsado, la energ\u00eda no ha sido restaurada y muchos se est\u00e1n refugiando en parques y estadios\u201d, dijo.<\/p>\n<p>Hasta el momento, las casas de seis miembros han sido destruidas, y los l\u00edderes de la iglesia en la Asociaci\u00f3n Sur de Puerto Rico est\u00e1n reuniendo informaci\u00f3n sobre las necesidades de emergencia de los miembros.<\/p>\n<p><div id=\"attachment_54286\" style=\"width: 799px\" class=\"wp-caption aligncenter\"><img decoding=\"async\" aria-describedby=\"caption-attachment-54286\" class=\" wp-image-54284\" src=\"https:\/\/recursing-golick.147-182-135-0.plesk.page\/wp-content\/uploads\/2020\/01\/bellavistahospital-jan2020-earthquake.jpg\" alt=\"\" width=\"789\" height=\"592\" srcset=\"https:\/\/interamerica.org\/wp-content\/uploads\/2020\/01\/bellavistahospital-jan2020-earthquake.jpg 900w, https:\/\/interamerica.org\/wp-content\/uploads\/2020\/01\/bellavistahospital-jan2020-earthquake-300x225.jpg 300w, https:\/\/interamerica.org\/wp-content\/uploads\/2020\/01\/bellavistahospital-jan2020-earthquake-768x576.jpg 768w\" sizes=\"(max-width: 789px) 100vw, 789px\" \/><p id=\"caption-attachment-54286\" class=\"wp-caption-text\">Entrada principal del Hospital Adventista de Bella Vista en Mayag\u00fcez, Puerto Rico, tomada el 7 de enero de 2020, durante el momento en que ingenieros estructurales inspeccionaron los pisos superiores para evaluar los da\u00f1os. [Fotograf\u00eda: Cortes\u00eda de Lynette Matos\/Amor 90.9]<\/p><\/div>Las clases en las tres escuelas adventistas de la Asociaci\u00f3n Sur de Puerto Rico han sido suspendidas hasta la semana que viene, esperando una evaluaci\u00f3n por parte de los ingenieros. No se reanudar\u00e1n las clases hasta que la ocupaci\u00f3n de las instalaciones de las instituciones sean declaradas seguras, dijo Rodr\u00edguez. No se ha informado de grandes da\u00f1os a iglesias o a instituciones educativas adventistas en otras partes de la isla.<\/p>\n<p>En las primeras horas de esta ma\u00f1ana los l\u00edderes de la iglesia se reunieron con ingenieros estructurales para evaluar el tercer y cuarto pisos del Hospital Adventista de Bella Vista en Mayag\u00fcez. Los ingenieros no hallaron ning\u00fan da\u00f1o estructural. Los pacientes tuvieron que ser evacuados brevemente debido a un corte de la energ\u00eda el\u00e9ctrica en esos dos pisos, mientras el generador para esos dos pisos era estabilizado.<\/p>\n<p>Luis Rivera, tesorero de la Iglesia Adventista en Puerto Rico y presidente de la Junta Directiva del Hospital de Bella Vista, dijo que \u201cel hospital est\u00e1 operando dentro de las limitaciones de la situaci\u00f3n, y est\u00e1 funcionando con los generadores que tienen instalados\u201d.<\/p>\n<p><div id=\"attachment_54292\" style=\"width: 805px\" class=\"wp-caption aligncenter\"><img loading=\"lazy\" decoding=\"async\" aria-describedby=\"caption-attachment-54292\" class=\" wp-image-54290\" src=\"https:\/\/recursing-golick.147-182-135-0.plesk.page\/wp-content\/uploads\/2020\/01\/bvh-tent-jan2020.jpg\" alt=\"\" width=\"795\" height=\"597\" srcset=\"https:\/\/interamerica.org\/wp-content\/uploads\/2020\/01\/bvh-tent-jan2020.jpg 950w, https:\/\/interamerica.org\/wp-content\/uploads\/2020\/01\/bvh-tent-jan2020-300x225.jpg 300w, https:\/\/interamerica.org\/wp-content\/uploads\/2020\/01\/bvh-tent-jan2020-768x576.jpg 768w\" sizes=\"(max-width: 795px) 100vw, 795px\" \/><p id=\"caption-attachment-54292\" class=\"wp-caption-text\">Una tienda levantada fuera del hospital adventista para acomodar al personal y los pacientes mientras las r\u00e9plicas contin\u00faan golpeando la isla. [Fotograf\u00eda: Cortes\u00eda de Lynette Matos\/Amor 90.9]<\/p><\/div>La Universidad Adventista de las Antillas en Mayag\u00fcez tambi\u00e9n sufri\u00f3 da\u00f1os.<\/p>\n<p>El pastor Rodr\u00edguez y un equipo de l\u00edderes conducir\u00e1 hasta Guayanilla en el sur en el d\u00eda de ma\u00f1ana 8 de enero para visitar a los miembros afectados y evaluar las necesidades, para que puedan proceder a asistir a los miembros y a los residentes de la comunidad.<\/p>\n<p>\u201cParece que a\u00fan estamos tratando de recuperarnos plenamente del Hurac\u00e1n Mar\u00eda y ahora esto, pero nos sentimos agradecidos a Dios por su protecci\u00f3n, y pedimos a nuestros hermanos de todo el mundo que oren por nosotros\u201d, dijo Rodr\u00edguez.<\/p>\n<p><div id=\"attachment_54289\" style=\"width: 796px\" class=\"wp-caption aligncenter\"><img loading=\"lazy\" decoding=\"async\" aria-describedby=\"caption-attachment-54289\" class=\" wp-image-54287\" src=\"https:\/\/recursing-golick.147-182-135-0.plesk.page\/wp-content\/uploads\/2020\/01\/bvh-sitting-area-jan2020.jpg\" alt=\"\" width=\"786\" height=\"590\" srcset=\"https:\/\/interamerica.org\/wp-content\/uploads\/2020\/01\/bvh-sitting-area-jan2020.jpg 900w, https:\/\/interamerica.org\/wp-content\/uploads\/2020\/01\/bvh-sitting-area-jan2020-300x225.jpg 300w, https:\/\/interamerica.org\/wp-content\/uploads\/2020\/01\/bvh-sitting-area-jan2020-768x576.jpg 768w\" sizes=\"(max-width: 786px) 100vw, 786px\" \/><p id=\"caption-attachment-54289\" class=\"wp-caption-text\">Un \u00e1rea para sentarse fuera del Hospital de Bella Vista, que ser\u00e1 usaa por el personal de la instituci\u00f3n y los pacientes que necesitan buscar refugio antes y durante las r\u00e9plicas. [Fotograf\u00eda: Cortes\u00eda de Lynette Matos\/Amor 90.9]<\/p><\/div>Muchos l\u00edderes de la iglesia de la Iglesia Adventista en Interam\u00e9rica han llamado a Rodr\u00edguez para expresarle palabras de aliento y oraciones.<\/p>\n<p>Rodr\u00edguez visitar\u00e1 varias estaciones de radio en unas horas para animar al p\u00fablico en general para que mantenga la calma y la confianza en Dios.<\/p>\n<p>Los l\u00edderes de la iglesia continuar\u00e1n evaluando las necesidades en las zonas m\u00e1s afectadas, y planificando maneras de ayudar en los pr\u00f3ximos d\u00edas y semanas.<\/p>\n<p>Traducci\u00f3n de Marcos Paseggi<\/p>\n","protected":false},"excerpt":{"rendered":"<p>7 de enero de 2020 | Miami, Florida, Estados Unidos | Libna Stevens\/DIA Los l\u00edderes de la Iglesia Adventista en Puerto Rico a\u00fan est\u00e1n at\u00f3nitos por una serie de terremotos&#8230;<\/p>\n","protected":false},"author":3,"featured_media":54280,"comment_status":"open","ping_status":"closed","sticky":false,"template":"","format":"standard","meta":{"_acf_changed":false,"footnotes":""},"categories":[17,15],"tags":[],"class_list":["post-54304","post","type-post","status-publish","format-standard","has-post-thumbnail","hentry","category-desde-el-campo","category-rss-espanol"],"acf":[],"yoast_head":"<!-- This site is optimized with the Yoast SEO plugin v27.3 - https:\/\/yoast.com\/product\/yoast-seo-wordpress\/ -->\n<title>Iglesia Adventista sigue evaluando los da\u00f1os despu\u00e9s de que un sismo golpea a Puerto Rico - Iglesia Adventista del S\u00e9ptimo D\u00eda - Divisi\u00f3n Interamericana<\/title>\n<meta name=\"robots\" content=\"index, follow, max-snippet:-1, max-image-preview:large, max-video-preview:-1\" \/>\n<link rel=\"canonical\" href=\"https:\/\/interamerica.org\/es\/2020\/01\/iglesia-adventista-sigue-evaluando-los-danos-despues-de-que-un-sismo-golpea-a-puerto-rico\/\" \/>\n<meta property=\"og:locale\" content=\"es_ES\" \/>\n<meta property=\"og:type\" content=\"article\" \/>\n<meta property=\"og:title\" content=\"Iglesia Adventista sigue evaluando los da\u00f1os despu\u00e9s de que un sismo golpea a Puerto Rico - Iglesia Adventista del S\u00e9ptimo D\u00eda - Divisi\u00f3n Interamericana\" \/>\n<meta property=\"og:description\" content=\"7 de enero de 2020 | Miami, Florida, Estados Unidos | Libna Stevens\/DIA Los l\u00edderes de la Iglesia Adventista en Puerto Rico a\u00fan est\u00e1n at\u00f3nitos por una serie de terremotos...\" \/>\n<meta property=\"og:url\" content=\"https:\/\/interamerica.org\/es\/2020\/01\/iglesia-adventista-sigue-evaluando-los-danos-despues-de-que-un-sismo-golpea-a-puerto-rico\/\" \/>\n<meta property=\"og:site_name\" content=\"Iglesia Adventista del S\u00e9ptimo D\u00eda - Divisi\u00f3n Interamericana\" \/>\n<meta property=\"article:published_time\" content=\"2020-01-08T01:35:35+00:00\" \/>\n<meta property=\"article:modified_time\" content=\"2020-02-06T17:51:59+00:00\" \/>\n<meta property=\"og:image\" content=\"https:\/\/interamerica.org\/wp-content\/uploads\/2020\/01\/guayanilla-member-home.jpg\" \/>\n\t<meta property=\"og:image:width\" content=\"1280\" \/>\n\t<meta property=\"og:image:height\" content=\"800\" \/>\n\t<meta property=\"og:image:type\" content=\"image\/jpeg\" \/>\n<meta name=\"author\" content=\"libna\" \/>\n<meta name=\"twitter:card\" content=\"summary_large_image\" \/>\n<meta name=\"twitter:label1\" content=\"Escrito por\" \/>\n\t<meta name=\"twitter:data1\" content=\"libna\" \/>\n\t<meta name=\"twitter:label2\" content=\"Tiempo de lectura\" \/>\n\t<meta name=\"twitter:data2\" content=\"5 minutos\" \/>\n<script type=\"application\/ld+json\" class=\"yoast-schema-graph\">{\"@context\":\"https:\\\/\\\/schema.org\",\"@graph\":[{\"@type\":\"Article\",\"@id\":\"https:\\\/\\\/interamerica.org\\\/es\\\/2020\\\/01\\\/iglesia-adventista-sigue-evaluando-los-danos-despues-de-que-un-sismo-golpea-a-puerto-rico\\\/#article\",\"isPartOf\":{\"@id\":\"https:\\\/\\\/interamerica.org\\\/es\\\/2020\\\/01\\\/iglesia-adventista-sigue-evaluando-los-danos-despues-de-que-un-sismo-golpea-a-puerto-rico\\\/\"},\"author\":{\"name\":\"libna\",\"@id\":\"https:\\\/\\\/interamerica.org\\\/es\\\/#\\\/schema\\\/person\\\/29998f2bc2d8bd0d38662909289b54f1\"},\"headline\":\"Iglesia Adventista sigue evaluando los da\u00f1os despu\u00e9s de que un sismo golpea a Puerto Rico\",\"datePublished\":\"2020-01-08T01:35:35+00:00\",\"dateModified\":\"2020-02-06T17:51:59+00:00\",\"mainEntityOfPage\":{\"@id\":\"https:\\\/\\\/interamerica.org\\\/es\\\/2020\\\/01\\\/iglesia-adventista-sigue-evaluando-los-danos-despues-de-que-un-sismo-golpea-a-puerto-rico\\\/\"},\"wordCount\":922,\"commentCount\":0,\"image\":{\"@id\":\"https:\\\/\\\/interamerica.org\\\/es\\\/2020\\\/01\\\/iglesia-adventista-sigue-evaluando-los-danos-despues-de-que-un-sismo-golpea-a-puerto-rico\\\/#primaryimage\"},\"thumbnailUrl\":\"https:\\\/\\\/interamerica.org\\\/wp-content\\\/uploads\\\/2020\\\/01\\\/guayanilla-member-home.jpg\",\"articleSection\":[\"Desde el campo\",\"RSS Espa\u00f1ol\"],\"inLanguage\":\"es\",\"potentialAction\":[{\"@type\":\"CommentAction\",\"name\":\"Comment\",\"target\":[\"https:\\\/\\\/interamerica.org\\\/es\\\/2020\\\/01\\\/iglesia-adventista-sigue-evaluando-los-danos-despues-de-que-un-sismo-golpea-a-puerto-rico\\\/#respond\"]}]},{\"@type\":\"WebPage\",\"@id\":\"https:\\\/\\\/interamerica.org\\\/es\\\/2020\\\/01\\\/iglesia-adventista-sigue-evaluando-los-danos-despues-de-que-un-sismo-golpea-a-puerto-rico\\\/\",\"url\":\"https:\\\/\\\/interamerica.org\\\/es\\\/2020\\\/01\\\/iglesia-adventista-sigue-evaluando-los-danos-despues-de-que-un-sismo-golpea-a-puerto-rico\\\/\",\"name\":\"Iglesia Adventista sigue evaluando los da\u00f1os despu\u00e9s de que un sismo golpea a Puerto Rico - Iglesia Adventista del S\u00e9ptimo D\u00eda - Divisi\u00f3n Interamericana\",\"isPartOf\":{\"@id\":\"https:\\\/\\\/interamerica.org\\\/es\\\/#website\"},\"primaryImageOfPage\":{\"@id\":\"https:\\\/\\\/interamerica.org\\\/es\\\/2020\\\/01\\\/iglesia-adventista-sigue-evaluando-los-danos-despues-de-que-un-sismo-golpea-a-puerto-rico\\\/#primaryimage\"},\"image\":{\"@id\":\"https:\\\/\\\/interamerica.org\\\/es\\\/2020\\\/01\\\/iglesia-adventista-sigue-evaluando-los-danos-despues-de-que-un-sismo-golpea-a-puerto-rico\\\/#primaryimage\"},\"thumbnailUrl\":\"https:\\\/\\\/interamerica.org\\\/wp-content\\\/uploads\\\/2020\\\/01\\\/guayanilla-member-home.jpg\",\"datePublished\":\"2020-01-08T01:35:35+00:00\",\"dateModified\":\"2020-02-06T17:51:59+00:00\",\"author\":{\"@id\":\"https:\\\/\\\/interamerica.org\\\/es\\\/#\\\/schema\\\/person\\\/29998f2bc2d8bd0d38662909289b54f1\"},\"breadcrumb\":{\"@id\":\"https:\\\/\\\/interamerica.org\\\/es\\\/2020\\\/01\\\/iglesia-adventista-sigue-evaluando-los-danos-despues-de-que-un-sismo-golpea-a-puerto-rico\\\/#breadcrumb\"},\"inLanguage\":\"es\",\"potentialAction\":[{\"@type\":\"ReadAction\",\"target\":[\"https:\\\/\\\/interamerica.org\\\/es\\\/2020\\\/01\\\/iglesia-adventista-sigue-evaluando-los-danos-despues-de-que-un-sismo-golpea-a-puerto-rico\\\/\"]}]},{\"@type\":\"ImageObject\",\"inLanguage\":\"es\",\"@id\":\"https:\\\/\\\/interamerica.org\\\/es\\\/2020\\\/01\\\/iglesia-adventista-sigue-evaluando-los-danos-despues-de-que-un-sismo-golpea-a-puerto-rico\\\/#primaryimage\",\"url\":\"https:\\\/\\\/interamerica.org\\\/wp-content\\\/uploads\\\/2020\\\/01\\\/guayanilla-member-home.jpg\",\"contentUrl\":\"https:\\\/\\\/interamerica.org\\\/wp-content\\\/uploads\\\/2020\\\/01\\\/guayanilla-member-home.jpg\",\"width\":1280,\"height\":800,\"caption\":\"[Fotograf\u00eda: Leonel Escobales, Asociaci\u00f3n Sur de Puerto Rico]\"},{\"@type\":\"BreadcrumbList\",\"@id\":\"https:\\\/\\\/interamerica.org\\\/es\\\/2020\\\/01\\\/iglesia-adventista-sigue-evaluando-los-danos-despues-de-que-un-sismo-golpea-a-puerto-rico\\\/#breadcrumb\",\"itemListElement\":[{\"@type\":\"ListItem\",\"position\":1,\"name\":\"Home\",\"item\":\"https:\\\/\\\/interamerica.org\\\/es\\\/\"},{\"@type\":\"ListItem\",\"position\":2,\"name\":\"Iglesia Adventista sigue evaluando los da\u00f1os despu\u00e9s de que un sismo golpea a Puerto Rico\"}]},{\"@type\":\"WebSite\",\"@id\":\"https:\\\/\\\/interamerica.org\\\/es\\\/#website\",\"url\":\"https:\\\/\\\/interamerica.org\\\/es\\\/\",\"name\":\"Iglesia Adventista del S\u00e9ptimo D\u00eda - Divisi\u00f3n Interamericana\",\"description\":\"\",\"potentialAction\":[{\"@type\":\"SearchAction\",\"target\":{\"@type\":\"EntryPoint\",\"urlTemplate\":\"https:\\\/\\\/interamerica.org\\\/es\\\/?s={search_term_string}\"},\"query-input\":{\"@type\":\"PropertyValueSpecification\",\"valueRequired\":true,\"valueName\":\"search_term_string\"}}],\"inLanguage\":\"es\"},{\"@type\":\"Person\",\"@id\":\"https:\\\/\\\/interamerica.org\\\/es\\\/#\\\/schema\\\/person\\\/29998f2bc2d8bd0d38662909289b54f1\",\"name\":\"libna\",\"image\":{\"@type\":\"ImageObject\",\"inLanguage\":\"es\",\"@id\":\"https:\\\/\\\/secure.gravatar.com\\\/avatar\\\/7c5bd30ae4b47a9ba3c856590957fd1d96dc588bf3ac05719d247e126840331f?s=96&d=mm&r=g\",\"url\":\"https:\\\/\\\/secure.gravatar.com\\\/avatar\\\/7c5bd30ae4b47a9ba3c856590957fd1d96dc588bf3ac05719d247e126840331f?s=96&d=mm&r=g\",\"contentUrl\":\"https:\\\/\\\/secure.gravatar.com\\\/avatar\\\/7c5bd30ae4b47a9ba3c856590957fd1d96dc588bf3ac05719d247e126840331f?s=96&d=mm&r=g\",\"caption\":\"libna\"}}]}<\/script>\n<!-- \/ Yoast SEO plugin. -->","yoast_head_json":{"title":"Iglesia Adventista sigue evaluando los da\u00f1os despu\u00e9s de que un sismo golpea a Puerto Rico - Iglesia Adventista del S\u00e9ptimo D\u00eda - Divisi\u00f3n Interamericana","robots":{"index":"index","follow":"follow","max-snippet":"max-snippet:-1","max-image-preview":"max-image-preview:large","max-video-preview":"max-video-preview:-1"},"canonical":"https:\/\/interamerica.org\/es\/2020\/01\/iglesia-adventista-sigue-evaluando-los-danos-despues-de-que-un-sismo-golpea-a-puerto-rico\/","og_locale":"es_ES","og_type":"article","og_title":"Iglesia Adventista sigue evaluando los da\u00f1os despu\u00e9s de que un sismo golpea a Puerto Rico - Iglesia Adventista del S\u00e9ptimo D\u00eda - Divisi\u00f3n Interamericana","og_description":"7 de enero de 2020 | Miami, Florida, Estados Unidos | Libna Stevens\/DIA Los l\u00edderes de la Iglesia Adventista en Puerto Rico a\u00fan est\u00e1n at\u00f3nitos por una serie de terremotos...","og_url":"https:\/\/interamerica.org\/es\/2020\/01\/iglesia-adventista-sigue-evaluando-los-danos-despues-de-que-un-sismo-golpea-a-puerto-rico\/","og_site_name":"Iglesia Adventista del S\u00e9ptimo D\u00eda - Divisi\u00f3n Interamericana","article_published_time":"2020-01-08T01:35:35+00:00","article_modified_time":"2020-02-06T17:51:59+00:00","og_image":[{"width":1280,"height":800,"url":"https:\/\/interamerica.org\/wp-content\/uploads\/2020\/01\/guayanilla-member-home.jpg","type":"image\/jpeg"}],"author":"libna","twitter_card":"summary_large_image","twitter_misc":{"Escrito por":"libna","Tiempo de lectura":"5 minutos"},"schema":{"@context":"https:\/\/schema.org","@graph":[{"@type":"Article","@id":"https:\/\/interamerica.org\/es\/2020\/01\/iglesia-adventista-sigue-evaluando-los-danos-despues-de-que-un-sismo-golpea-a-puerto-rico\/#article","isPartOf":{"@id":"https:\/\/interamerica.org\/es\/2020\/01\/iglesia-adventista-sigue-evaluando-los-danos-despues-de-que-un-sismo-golpea-a-puerto-rico\/"},"author":{"name":"libna","@id":"https:\/\/interamerica.org\/es\/#\/schema\/person\/29998f2bc2d8bd0d38662909289b54f1"},"headline":"Iglesia Adventista sigue evaluando los da\u00f1os despu\u00e9s de que un sismo golpea a Puerto Rico","datePublished":"2020-01-08T01:35:35+00:00","dateModified":"2020-02-06T17:51:59+00:00","mainEntityOfPage":{"@id":"https:\/\/interamerica.org\/es\/2020\/01\/iglesia-adventista-sigue-evaluando-los-danos-despues-de-que-un-sismo-golpea-a-puerto-rico\/"},"wordCount":922,"commentCount":0,"image":{"@id":"https:\/\/interamerica.org\/es\/2020\/01\/iglesia-adventista-sigue-evaluando-los-danos-despues-de-que-un-sismo-golpea-a-puerto-rico\/#primaryimage"},"thumbnailUrl":"https:\/\/interamerica.org\/wp-content\/uploads\/2020\/01\/guayanilla-member-home.jpg","articleSection":["Desde el campo","RSS Espa\u00f1ol"],"inLanguage":"es","potentialAction":[{"@type":"CommentAction","name":"Comment","target":["https:\/\/interamerica.org\/es\/2020\/01\/iglesia-adventista-sigue-evaluando-los-danos-despues-de-que-un-sismo-golpea-a-puerto-rico\/#respond"]}]},{"@type":"WebPage","@id":"https:\/\/interamerica.org\/es\/2020\/01\/iglesia-adventista-sigue-evaluando-los-danos-despues-de-que-un-sismo-golpea-a-puerto-rico\/","url":"https:\/\/interamerica.org\/es\/2020\/01\/iglesia-adventista-sigue-evaluando-los-danos-despues-de-que-un-sismo-golpea-a-puerto-rico\/","name":"Iglesia Adventista sigue evaluando los da\u00f1os despu\u00e9s de que un sismo golpea a Puerto Rico - Iglesia Adventista del S\u00e9ptimo D\u00eda - Divisi\u00f3n Interamericana","isPartOf":{"@id":"https:\/\/interamerica.org\/es\/#website"},"primaryImageOfPage":{"@id":"https:\/\/interamerica.org\/es\/2020\/01\/iglesia-adventista-sigue-evaluando-los-danos-despues-de-que-un-sismo-golpea-a-puerto-rico\/#primaryimage"},"image":{"@id":"https:\/\/interamerica.org\/es\/2020\/01\/iglesia-adventista-sigue-evaluando-los-danos-despues-de-que-un-sismo-golpea-a-puerto-rico\/#primaryimage"},"thumbnailUrl":"https:\/\/interamerica.org\/wp-content\/uploads\/2020\/01\/guayanilla-member-home.jpg","datePublished":"2020-01-08T01:35:35+00:00","dateModified":"2020-02-06T17:51:59+00:00","author":{"@id":"https:\/\/interamerica.org\/es\/#\/schema\/person\/29998f2bc2d8bd0d38662909289b54f1"},"breadcrumb":{"@id":"https:\/\/interamerica.org\/es\/2020\/01\/iglesia-adventista-sigue-evaluando-los-danos-despues-de-que-un-sismo-golpea-a-puerto-rico\/#breadcrumb"},"inLanguage":"es","potentialAction":[{"@type":"ReadAction","target":["https:\/\/interamerica.org\/es\/2020\/01\/iglesia-adventista-sigue-evaluando-los-danos-despues-de-que-un-sismo-golpea-a-puerto-rico\/"]}]},{"@type":"ImageObject","inLanguage":"es","@id":"https:\/\/interamerica.org\/es\/2020\/01\/iglesia-adventista-sigue-evaluando-los-danos-despues-de-que-un-sismo-golpea-a-puerto-rico\/#primaryimage","url":"https:\/\/interamerica.org\/wp-content\/uploads\/2020\/01\/guayanilla-member-home.jpg","contentUrl":"https:\/\/interamerica.org\/wp-content\/uploads\/2020\/01\/guayanilla-member-home.jpg","width":1280,"height":800,"caption":"[Fotograf\u00eda: Leonel Escobales, Asociaci\u00f3n Sur de Puerto Rico]"},{"@type":"BreadcrumbList","@id":"https:\/\/interamerica.org\/es\/2020\/01\/iglesia-adventista-sigue-evaluando-los-danos-despues-de-que-un-sismo-golpea-a-puerto-rico\/#breadcrumb","itemListElement":[{"@type":"ListItem","position":1,"name":"Home","item":"https:\/\/interamerica.org\/es\/"},{"@type":"ListItem","position":2,"name":"Iglesia Adventista sigue evaluando los da\u00f1os despu\u00e9s de que un sismo golpea a Puerto Rico"}]},{"@type":"WebSite","@id":"https:\/\/interamerica.org\/es\/#website","url":"https:\/\/interamerica.org\/es\/","name":"Iglesia Adventista del S\u00e9ptimo D\u00eda - Divisi\u00f3n Interamericana","description":"","potentialAction":[{"@type":"SearchAction","target":{"@type":"EntryPoint","urlTemplate":"https:\/\/interamerica.org\/es\/?s={search_term_string}"},"query-input":{"@type":"PropertyValueSpecification","valueRequired":true,"valueName":"search_term_string"}}],"inLanguage":"es"},{"@type":"Person","@id":"https:\/\/interamerica.org\/es\/#\/schema\/person\/29998f2bc2d8bd0d38662909289b54f1","name":"libna","image":{"@type":"ImageObject","inLanguage":"es","@id":"https:\/\/secure.gravatar.com\/avatar\/7c5bd30ae4b47a9ba3c856590957fd1d96dc588bf3ac05719d247e126840331f?s=96&d=mm&r=g","url":"https:\/\/secure.gravatar.com\/avatar\/7c5bd30ae4b47a9ba3c856590957fd1d96dc588bf3ac05719d247e126840331f?s=96&d=mm&r=g","contentUrl":"https:\/\/secure.gravatar.com\/avatar\/7c5bd30ae4b47a9ba3c856590957fd1d96dc588bf3ac05719d247e126840331f?s=96&d=mm&r=g","caption":"libna"}}]}},"_links":{"self":[{"href":"https:\/\/interamerica.org\/es\/wp-json\/wp\/v2\/posts\/54304","targetHints":{"allow":["GET"]}}],"collection":[{"href":"https:\/\/interamerica.org\/es\/wp-json\/wp\/v2\/posts"}],"about":[{"href":"https:\/\/interamerica.org\/es\/wp-json\/wp\/v2\/types\/post"}],"author":[{"embeddable":true,"href":"https:\/\/interamerica.org\/es\/wp-json\/wp\/v2\/users\/3"}],"replies":[{"embeddable":true,"href":"https:\/\/interamerica.org\/es\/wp-json\/wp\/v2\/comments?post=54304"}],"version-history":[{"count":0,"href":"https:\/\/interamerica.org\/es\/wp-json\/wp\/v2\/posts\/54304\/revisions"}],"wp:featuredmedia":[{"embeddable":true,"href":"https:\/\/interamerica.org\/es\/wp-json\/wp\/v2\/media\/54280"}],"wp:attachment":[{"href":"https:\/\/interamerica.org\/es\/wp-json\/wp\/v2\/media?parent=54304"}],"wp:term":[{"taxonomy":"category","embeddable":true,"href":"https:\/\/interamerica.org\/es\/wp-json\/wp\/v2\/categories?post=54304"},{"taxonomy":"post_tag","embeddable":true,"href":"https:\/\/interamerica.org\/es\/wp-json\/wp\/v2\/tags?post=54304"}],"curies":[{"name":"wp","href":"https:\/\/api.w.org\/{rel}","templated":true}]}}