{"id":54696,"date":"2020-01-17T00:00:20","date_gmt":"2020-01-17T04:00:20","guid":{"rendered":"https:\/\/recursing-golick.147-182-135-0.plesk.page\/?p=54696"},"modified":"2020-02-06T13:51:29","modified_gmt":"2020-02-06T17:51:29","slug":"en-haiti-hospital-adventista-celebra-bendiciones-e-impacto-comunitario-diez-anos-despues-de-terremoto","status":"publish","type":"post","link":"https:\/\/interamerica.org\/es\/2020\/01\/en-haiti-hospital-adventista-celebra-bendiciones-e-impacto-comunitario-diez-anos-despues-de-terremoto\/","title":{"rendered":"En Hait\u00ed, Hospital adventista celebra bendiciones e impacto comunitario diez a\u00f1os despu\u00e9s de terremoto"},"content":{"rendered":"<p><div id=\"attachment_54643\" style=\"width: 809px\" class=\"wp-caption aligncenter\"><img fetchpriority=\"high\" decoding=\"async\" aria-describedby=\"caption-attachment-54643\" class=\" wp-image-54641\" src=\"https:\/\/recursing-golick.147-182-135-0.plesk.page\/wp-content\/uploads\/2020\/01\/hah-choir-10-earthquake.jpg\" alt=\"\" width=\"799\" height=\"533\" srcset=\"https:\/\/interamerica.org\/wp-content\/uploads\/2020\/01\/hah-choir-10-earthquake.jpg 1000w, https:\/\/interamerica.org\/wp-content\/uploads\/2020\/01\/hah-choir-10-earthquake-300x200.jpg 300w, https:\/\/interamerica.org\/wp-content\/uploads\/2020\/01\/hah-choir-10-earthquake-768x512.jpg 768w\" sizes=\"(max-width: 799px) 100vw, 799px\" \/><p id=\"caption-attachment-54643\" class=\"wp-caption-text\">El Coro Adventista Gospel Kreyol canta durante la ceremonia especial para celebrar la gracia y las bendiciones de Dios en el Hospital Adventista de Hait\u00ed, diez a\u00f1os despu\u00e9s de que un masivo terremoto se cobr\u00f3 la vida de doscientas mil personas en Puerto Pr\u00edncipe, el 12 de enero de 2010. Personal de la iglesia y el hospital se reuni\u00f3 el 12 de enero de 2020 para conmemorar la dedicada atenci\u00f3n que la instituci\u00f3n ha brindado durante toda la d\u00e9cada y compartir sus planes de expansi\u00f3n para los pr\u00f3ximos a\u00f1os. [Fotograf\u00eda: Libna Stevens\/DIA]<\/p><\/div>16 de enero de 2020 | Puerto Pr\u00edncipe, Hait\u00ed | Libna Stevens\/DIA<\/p>\n<p>L\u00edderes y miembros de la Iglesia Adventista del S\u00e9ptimo D\u00eda en Hait\u00ed se reunieron en los terrenos de su instituci\u00f3n m\u00e1s prestigiosa, el Hospital Adventista de Hait\u00ed, para celebrar la vida y la bondad de Dios al cumplir el d\u00e9cimo aniversario del devastador terremoto que se cobr\u00f3 la vida de m\u00e1s de doscientas mil personas en Puerto Pr\u00edncipe, Hait\u00ed, el 12 de enero de 2010.<\/p>\n<p>Directivos de la Universidad de Loma Linda, Adventist Health International, cirujanos, personal m\u00e9dico, y miembros de la comunidad se reunieron para una ceremonia especial el 12 de enero de 2020, para recordar el impacto del hospital y su asistencia a los muchos heridos en los d\u00edas, semanas, meses y a\u00f1os que siguieron a la cat\u00e1strofe, adem\u00e1s de compartir los nuevos planes de expansi\u00f3n que buscan continuar brindando servicios de salud de primera calidad a la comunidad y a la naci\u00f3n.<\/p>\n<p>\u201cEn estos diez a\u00f1os, Hait\u00ed ha experimentado una cosa tras otra, y los que han sufrido mucho han crecido a trav\u00e9s de los desaf\u00edos\u201d, dijo el pastor Pierre Caporal, presidente de la Iglesia Adventista en Hait\u00ed y vice presidente de la junta del hospital. \u201cComo iglesia, podemos alabar a Dios por su gracia y, espec\u00edficamente, por el servicio de calidad que ha brindado el hospital al pueblo de Hait\u00ed, gracias al compromiso de la Universidad de Loma Linda, Adventist Health International, misioneros, personal del hospital y muchos otros que se han asociado para fortalecer esta instituci\u00f3n de salud a lo largo de los a\u00f1os\u201d.<\/p>\n<p><div id=\"attachment_54658\" style=\"width: 815px\" class=\"wp-caption aligncenter\"><img decoding=\"async\" aria-describedby=\"caption-attachment-54658\" class=\" wp-image-54656\" src=\"https:\/\/recursing-golick.147-182-135-0.plesk.page\/wp-content\/uploads\/2020\/01\/pierre-caporal-hah-10-earthquake.jpg\" alt=\"\" width=\"805\" height=\"565\" srcset=\"https:\/\/interamerica.org\/wp-content\/uploads\/2020\/01\/pierre-caporal-hah-10-earthquake.jpg 1000w, https:\/\/interamerica.org\/wp-content\/uploads\/2020\/01\/pierre-caporal-hah-10-earthquake-300x211.jpg 300w, https:\/\/interamerica.org\/wp-content\/uploads\/2020\/01\/pierre-caporal-hah-10-earthquake-768x539.jpg 768w\" sizes=\"(max-width: 805px) 100vw, 805px\" \/><p id=\"caption-attachment-54658\" class=\"wp-caption-text\">El pastor Pierre Caporal, presidente de la Iglesia Adventista en Hait\u00ed, alaba a Dios por su gracia y bendiciones despu\u00e9s del terremoto del 12 de enero de 2010. [Fotograf\u00eda: Libna Stevens\/DIA]<\/p><\/div><strong>Participaci\u00f3n de la Universidad de Loma Linda<\/strong><\/p>\n<p>El rector de la Universidad de Loma Linda, el doctor Richard Hart, que fue testigo del nacimiento del hospital hace m\u00e1s de 35 a\u00f1os, ha sido fundamental a la hora de apoyar a la instituci\u00f3n, que es parte de la red de Adventist Health International de instituciones adventistas de salud. Hart dijo que a pesar de los altibajos financieros, jam\u00e1s hubo un momento para renunciar a la instituci\u00f3n.<\/p>\n<p>\u201cHait\u00ed siempre ha tenido un lugar especial en mi coraz\u00f3n\u201d, dijo Hart. \u201cOcupa un lugar especial para la Universidad de Loma Linda, y tiene un lugar muy especial para Adventist Health International. Aunque es triste recordar [lo que pas\u00f3 hace diez a\u00f1os], tambi\u00e9n queremos mirar hacia el futuro, por lo que se est\u00e1n instaurando planes para continuar fortaleciendo el hospital, para enviar personal aqu\u00ed, mejorar los equipos y remodelar el edificio\u201d.<\/p>\n<p>Las mejoras m\u00e1s recientes al hospital en estos \u00faltimos tres a\u00f1os incluye nuevas y modernas salas de operaciones, un laboratorio cl\u00ednico, y la remodelaci\u00f3n del departamento de emergencias, como as\u00ed tambi\u00e9n una unidad pedi\u00e1trica mejorada que est\u00e1 casi completa, dijo el doctor Hart.<\/p>\n<p>El hospital adventista ha actualizado sus servicios de terapia f\u00edsica durante los \u00faltimos quince meses, ha estado llevando a cabo cada vez m\u00e1s cientos de cirug\u00edas ortop\u00e9dicas por a\u00f1o desde 2010, formalizar\u00e1 planes para un programa de residencia con los cirujanos ortop\u00e9dicos de la Universidad de Loma Linda y un programa de residencias en Hait\u00ed, y volver\u00e1 a abrir sus servicios ortesis y prot\u00e9sicos en agosto de 2020.<\/p>\n<p><div id=\"attachment_54670\" style=\"width: 812px\" class=\"wp-caption aligncenter\"><img decoding=\"async\" aria-describedby=\"caption-attachment-54670\" class=\" wp-image-54668\" src=\"https:\/\/recursing-golick.147-182-135-0.plesk.page\/wp-content\/uploads\/2020\/01\/hart-honore-hah-10-earthquake.jpg\" alt=\"\" width=\"802\" height=\"523\" srcset=\"https:\/\/interamerica.org\/wp-content\/uploads\/2020\/01\/hart-honore-hah-10-earthquake.jpg 1000w, https:\/\/interamerica.org\/wp-content\/uploads\/2020\/01\/hart-honore-hah-10-earthquake-300x196.jpg 300w, https:\/\/interamerica.org\/wp-content\/uploads\/2020\/01\/hart-honore-hah-10-earthquake-768x501.jpg 768w\" sizes=\"(max-width: 802px) 100vw, 802px\" \/><p id=\"caption-attachment-54670\" class=\"wp-caption-text\">El doctor Richard Hart (derecha), rector de la Universidad de Loma Linda, habla durante la ceremonia, de los planes futuros de hacer que el Hospital Adventista de Hait\u00ed sea su segundo campus internacional. [Fotograf\u00eda: Libna Stevens\/DIA]<\/p><\/div><strong>Mejoras al hospital y planes de expansi\u00f3n<\/strong><\/p>\n<p>\u201cTenemos un objetivo para este hospital en Hait\u00ed, que es transformarlo en un verdadero hospital escuela. Nuestro objetivo es trabajar con la universidad [adventista], trabajar con el gobierno de Hait\u00ed, y trabajar con otras instituciones adventistas\u201d, dijo el doctor Hart.<\/p>\n<p>El plan, que ya ha sido aprobado por la junta de salud de la Universidad de Loma Linda, procura designar al Hospital Adventista de Hait\u00ed como campus global de Loma Linda. Se convertir\u00eda as\u00ed en el segundo campus global internacional despu\u00e9s del hospital adventista en Malaui, dijo Hart.<\/p>\n<p>Los planes de expansi\u00f3n inmediata incluyen una nueva \u00e1rea com\u00fan que contar\u00e1 con 24 camas adicionales. Se espera que la secci\u00f3n est\u00e9 terminada a comienzos de 2021, dijo Jere Chrispens, gerente general del Hospital Adventista de Hait\u00ed. Chrispens tambi\u00e9n explic\u00f3 los planes de construir m\u00e1s viviendas para el personal m\u00e9dicos y otros voluntarios que cumplen funciones en el hospital, para que se alojen a corto o largo plazo, en esfuerzos coordinados con la Universidad de Loma Linda y Adventist Health International. Los apartamentos existentes en el campus para los voluntarios actuales ya han sido remodelados, y tambi\u00e9n me mejorado el aspecto de todo el hospital y sus terrenos, a\u00f1adi\u00f3.<\/p>\n<p>Harry Jean, representante de la municipalidad de Carrefour, quien se vio beneficiado de varias cirug\u00edas ortop\u00e9dicas en el Hospital Adventista de Hait\u00ed junto con varios miembros de su familia, celebr\u00f3 la obra de la instituci\u00f3n adventista, su clara misi\u00f3n, y cu\u00e1n fundamental fue despu\u00e9s del terremoto. \u201cUstedes hacen tanto por la comunidad; sigan brindando un servicio de calidad para el pa\u00eds. Jam\u00e1s dejen de hacerlo\u201d, dijo Jean.<\/p>\n<p><div id=\"attachment_54646\" style=\"width: 811px\" class=\"wp-caption aligncenter\"><img loading=\"lazy\" decoding=\"async\" aria-describedby=\"caption-attachment-54646\" class=\" wp-image-54644\" src=\"https:\/\/recursing-golick.147-182-135-0.plesk.page\/wp-content\/uploads\/2020\/01\/hah-entrance-10-earthquake.jpg\" alt=\"\" width=\"801\" height=\"534\" srcset=\"https:\/\/interamerica.org\/wp-content\/uploads\/2020\/01\/hah-entrance-10-earthquake.jpg 1000w, https:\/\/interamerica.org\/wp-content\/uploads\/2020\/01\/hah-entrance-10-earthquake-300x200.jpg 300w, https:\/\/interamerica.org\/wp-content\/uploads\/2020\/01\/hah-entrance-10-earthquake-768x512.jpg 768w\" sizes=\"(max-width: 801px) 100vw, 801px\" \/><p id=\"caption-attachment-54646\" class=\"wp-caption-text\">El Hospital Adventista de Hait\u00ed, ubicado en Diquini, Carrefour, en Puerto Pr\u00edncipe, Hait\u00ed, es actualmente una instituci\u00f3n de 52 camas y pronto tendr\u00e1 una secci\u00f3n con otras 24 camas para otros pacientes que buscan sus servicios de salud. [Fotograf\u00eda: Libna Stevens\/DIA]<\/p><\/div>Hart expres\u00f3 un aprecio especial por la sociedad con AdventHealth de Florida, por su dedicaci\u00f3n a ayudar a fortalecer el programa en el Hospital Adventista de Hait\u00ed.<\/p>\n<p>Para el doctor Scott Nelson, jefe de cirug\u00eda del Hospital Adventista de Hait\u00ed y profesor asociado de la Universidad de Loma Linda y quien ha estado viviendo intermitentemente en Hait\u00ed desde el terremoto y tambi\u00e9n llevado a cabo miles de cirug\u00edas durante los \u00faltimos diez a\u00f1os como parte del personal del Hospital Adventista de Hait\u00ed, la experiencia en esa instituci\u00f3n ha sido transformadora.<\/p>\n<p>El doctor Nelson, que es cirujano traumat\u00f3logo ortop\u00e9dico, fue uno de los primeros en llegar a Hait\u00ed, menos de 48 horas despu\u00e9s de la cat\u00e1strofe. \u201cPlaneaba estar durante un breve per\u00edodo de tiempo, pero pronto qued\u00f3 claro que necesitaba quedarme por m\u00e1s tiempo\u201d, expres\u00f3 el doctor Nelson en franc\u00e9s durante la ceremonia especial. \u201cViv\u00ed aqu\u00ed en el hospital durante los siguientes seis meses, y he continuado desde entonces con mi pasi\u00f3n por la misi\u00f3n de este hospital y las necesidades de Hait\u00ed\u201d.<\/p>\n<p>\u201cA partir de esa tragedia surgi\u00f3 la oportunidad de renovar la misi\u00f3n del Hospital Adventista de Hait\u00ed de servir a los necesitados\u201d, dijo Nelson. \u201cEn un comienzo, era a las miles de v\u00edctimas de esa tr\u00e1gico d\u00eda hace ya diez a\u00f1os. Ahora continuamos incrementando esa misi\u00f3n y sirviendo a los que no cuentan con los medios para acceder a los servicios de salud\u201d.<\/p>\n<p><div id=\"attachment_54661\" style=\"width: 810px\" class=\"wp-caption aligncenter\"><img loading=\"lazy\" decoding=\"async\" aria-describedby=\"caption-attachment-54661\" class=\"size-full wp-image-54659\" src=\"https:\/\/recursing-golick.147-182-135-0.plesk.page\/wp-content\/uploads\/2020\/01\/scott-nelson-hah-10-earthquake.jpg\" alt=\"\" width=\"800\" height=\"560\" srcset=\"https:\/\/interamerica.org\/wp-content\/uploads\/2020\/01\/scott-nelson-hah-10-earthquake.jpg 800w, https:\/\/interamerica.org\/wp-content\/uploads\/2020\/01\/scott-nelson-hah-10-earthquake-300x210.jpg 300w, https:\/\/interamerica.org\/wp-content\/uploads\/2020\/01\/scott-nelson-hah-10-earthquake-768x538.jpg 768w\" sizes=\"(max-width: 800px) 100vw, 800px\" \/><p id=\"caption-attachment-54661\" class=\"wp-caption-text\">El doctor Scott Nelson, director de cirug\u00eda del Hospital Adventista de Hait\u00ed, cuenta sobre su experiencia cuando lleg\u00f3 a la instituci\u00f3n 48 horas despu\u00e9s de la cat\u00e1strofe y durante los siguientes diez a\u00f1os. [Fotograf\u00eda: Libna Stevens\/IAD]<\/p><\/div><strong>El Hospital Adventista de Hait\u00ed brinda servicios de calidad<\/strong><\/p>\n<p>El doctor Nelson dijo que la tragedia le brinda la oportunidad de mejorar la calidad de los servicios en el Hospital Adventista de Hait\u00ed.<br \/>\n\u201cTenemos la capacidad de ofrecer servicios que nunca antes fueron posibles en Hait\u00ed. Algunos de esos servicios son raros aun en los centros m\u00e1s avanzados de Norteam\u00e9rica. Nuestro trabajo aqu\u00ed se ha hecho posible debido a la compasi\u00f3n del personal local del hospital, generosos donantes, voluntarios y, lo que es m\u00e1s importante, gracias al poderoso Dios que nos ha bendecido cada d\u00eda\u201d.<\/p>\n<p>El Hospital Adventista de Hait\u00ed es considerado el mejor hospital de emergencias en el \u00e1rea metropolitana, seg\u00fan el Ministerio de Salud de Hait\u00ed, dijo Franck Geneus, jefe de personal m\u00e9dico del Hospital Adventista de Hait\u00ed. \u201cEl hospital no es el que m\u00e1s capacidad tiene pero se encuentra al frente de las cirug\u00edas traumatol\u00f3gicas y ortop\u00e9dicas y, cuando otras salas de emergencias rechazan pacientes, los env\u00edan a nuestra sala de emergencias\u201d, explic\u00f3. Geneus, que ha estado al frente del personal m\u00e9dico durante m\u00e1s de ocho a\u00f1os, dijo que durante los diez a\u00f1os que pasaron desde el terremoto, el hospital ha tratado a m\u00e1s de 150 mil pacientes.<\/p>\n<p><strong>Los servicios de fisioterapia siguen creciendo <\/strong><\/p>\n<p>Irma Henry, que se gradu\u00f3 del programa de fisioterapia de la Universidad de Loma Linda y comenz\u00f3 a trabajar en el Hospital Adventista de Hait\u00ed hace casi dos a\u00f1os, dijo que el n\u00famero de pacientes que reciben fisioterapia ya sea con internaci\u00f3n o no ha estado creciendo marcadamente. Seg\u00fan Henry, en 2017, se vieron unos 3417 pacientes de fisioterapia; en 2018, se trataron a unos 4000 pacientes, y en 2019, unos 4,805.<\/p>\n<p><div id=\"attachment_54655\" style=\"width: 811px\" class=\"wp-caption aligncenter\"><img loading=\"lazy\" decoding=\"async\" aria-describedby=\"caption-attachment-54655\" class=\" wp-image-54653\" src=\"https:\/\/recursing-golick.147-182-135-0.plesk.page\/wp-content\/uploads\/2020\/01\/irma-henry-hah-10-earthquake.jpg\" alt=\"\" width=\"801\" height=\"492\" srcset=\"https:\/\/interamerica.org\/wp-content\/uploads\/2020\/01\/irma-henry-hah-10-earthquake.jpg 1000w, https:\/\/interamerica.org\/wp-content\/uploads\/2020\/01\/irma-henry-hah-10-earthquake-300x184.jpg 300w, https:\/\/interamerica.org\/wp-content\/uploads\/2020\/01\/irma-henry-hah-10-earthquake-768x472.jpg 768w\" sizes=\"(max-width: 801px) 100vw, 801px\" \/><p id=\"caption-attachment-54655\" class=\"wp-caption-text\">Irma Henry, que se gradu\u00f3 del programa de fisioterapia de la Universidad de Loma Linda, junto al centro de fisioterapia que ofreci\u00f3 tratamientos a m\u00e1s de 4000 pacientes durante 2019. [Fotograf\u00eda: Libna Stevens\/DIA]<\/p><\/div><strong>Momento de silencio<\/strong><\/p>\n<p>\u201cLa mayor\u00eda de los pacientes llegan como resultado de accidentes cerebrovasculares, accidentes de motocicleta, o son transe\u00fantes atropellados, con fracturas y correcciones a deformidades\u201d, dijo Henry, que supervisa otras cinco personas en el departamento de fisioterapia. Henry dijo que no hay dos d\u00edas iguales, y que ha tenido que aprender a ser flexible y a adaptarse a lo que los pacientes podr\u00edan necesitar para llegar al consultorio. \u201cMuchos luchan incluso para llegar aqu\u00ed a sus tratamientos semanales, y algunos necesitan descuentos por los servicios que les permitan continuar la terapia\u201d.<\/p>\n<p>Ha sido una experiencia que le ha ense\u00f1ado muchas lecciones, mayormente en su vida de oraci\u00f3n, al buscar ser un mejor veh\u00edculo de esperanza y atenci\u00f3n para todos los pacientes. El apoyo y el trabajo en equipo de su personal y del resto del personal m\u00e9dico en el Hospital Adventista de Hait\u00ed ha marcado una diferencia en su vida profesional y crecimiento espiritual, expres\u00f3.<\/p>\n<p>Despu\u00e9s de que observ\u00f3 un momento de silencio por todas las v\u00edctimas del terremoto, Fritz Bissereth, director de ADRA Hait\u00ed, cont\u00f3 sobre las m\u00e1s de cuatro mil toneladas de alimentos que fueron distribuidas en los meses y a\u00f1os despu\u00e9s del terremoto. Asimismo, se construyeron m\u00e1s de seiscientos refugios para las familias en Carrefour, y se llevaron a cabo numerosos proyectos que ayudaron a suplir las necesidades b\u00e1sicas de decenas de comunidades, mientras las personas desplazadas procuraban reconstruir sus vidas.<\/p>\n<p><strong>Adventist Health Services Interam\u00e9rica<\/strong><\/p>\n<p>El doctor Elie Honore, presidente de Adventist Health Services Inter-America (AHSIA) y quien supervise 14 hospitales y 24 cl\u00ednicas en el territorio, dijo que el crecimiento del Hospital Adventista de Hait\u00ed ha llevado a la instituci\u00f3n a grandes alturas, y que es considerada como una de las mejores proveedoras de servicios de cirug\u00eda ortop\u00e9dica en Hait\u00ed. \u201cEl Hospital Adventista de Hait\u00ed cuenta con servicios de laboratorio de primera l\u00ednea, un excelente departamento de emergencias, y un excepcional departamento de cirug\u00eda que, creo yo, califica para la Comisi\u00f3n Conjunta de Acreditaci\u00f3n Internacional en los pr\u00f3ximos dos o tres a\u00f1os\u201d, dijo Honore.<\/p>\n<p><div id=\"attachment_54652\" style=\"width: 812px\" class=\"wp-caption aligncenter\"><img loading=\"lazy\" decoding=\"async\" aria-describedby=\"caption-attachment-54652\" class=\" wp-image-54650\" src=\"https:\/\/recursing-golick.147-182-135-0.plesk.page\/wp-content\/uploads\/2020\/01\/hah-plaque-10years-earthquake.jpg\" alt=\"\" width=\"802\" height=\"501\" srcset=\"https:\/\/interamerica.org\/wp-content\/uploads\/2020\/01\/hah-plaque-10years-earthquake.jpg 1000w, https:\/\/interamerica.org\/wp-content\/uploads\/2020\/01\/hah-plaque-10years-earthquake-300x188.jpg 300w, https:\/\/interamerica.org\/wp-content\/uploads\/2020\/01\/hah-plaque-10years-earthquake-768x480.jpg 768w\" sizes=\"(max-width: 802px) 100vw, 802px\" \/><p id=\"caption-attachment-54652\" class=\"wp-caption-text\">Jere Chrispens, gerente general del Hospital Adventista de Hait\u00ed, sostiene una placa especial entregada por Adventist Health International, por los destacados servicios de salud que ha brindado la instituci\u00f3n en los \u00faltimos diez a\u00f1os. Junto a Chrispens se encuentra, de izquierda a derecho, el doctor Elie Honore, presidente del Hospital Adventista de Hait\u00ed; el doctor Richard Hart, rector de la Universidad de Loma Linda, el doctor Scott Nelson, director de cirug\u00eda en el Hospital Adventista de Hait\u00ed y Franck Geneus, director del personal m\u00e9dico en la instituci\u00f3n. [Fotograf\u00eda: Libna Stevens\/DIA]<\/p><\/div>Honore agradeci\u00f3 a la Universidad de Loma Linda, a Adventist Health International y a sus muchos socios por el continuado apoyo a lo largo de las casi cuatro d\u00e9cadas en que el Hospital Adventista de Hait\u00ed ha estado brindando servicios de salud en Carrefour. \u201cNuestra sociedad con Adventist Health International ha sido muy exitosa desde sus comienzos en 2006\u201d, dijo Honore. \u201cAdventist Health International ha contribuido con los salarios de la mayor\u00eda del personal, recaudado una significativa cantidad de dinero para equipos y suministros por varios millones de d\u00f3lares, y desde entonces ha estado involucrada con el Hospital Adventista de Hait\u00ed a ese nivel\u201d.<\/p>\n<p>Durante los \u00faltimos diez a\u00f1os, el doctor Honore explic\u00f3 que Adventist Health International ha brindado un apoyo continuado a la gesti\u00f3n de la instituci\u00f3n, gracias a personal de la Universidad de Loma Linda, misioneros m\u00e9dicos diferidos, gesti\u00f3n de las instalaciones, mantenimiento y otro personal t\u00e9cnico, todos los cuales han estado recibiendo un estipendio de Adventist Health International\u201d.\u00a0 Asimismo, en 2010, Florida Hospital fue otro contribuyente activo que adopt\u00f3 al Hospital en su programa Footprint Partnership, que hoy incluye a toda la corporaci\u00f3n AdventHealth. La organizaci\u00f3n tambi\u00e9n ha sido fundamental a la hora de actualizar el departamento de Diagn\u00f3stico por Im\u00e1genes del Hospital Adventista de Hait\u00ed.<\/p>\n<p><strong>Bendiciones inmensurables para el Hospital Adventista de Hait\u00ed <\/strong><\/p>\n<p>\u201cEl apoyo y las bendiciones han llegado m\u00e1s all\u00e1 de mis expectativas\u201d, dijo Honore, que cumpli\u00f3 un importante papel para la creaci\u00f3n del Hospital Adventista de Hait\u00ed en 1979. A comienzos de la d\u00e9cada de 1980, Honore se convirti\u00f3 en administrador y m\u00e9dico en el Hospital Adventista de Hait\u00ed, y ha cumplido un papel fundamental a la hora de guiar, dirigir y supervisar el hospital en medio de los altibajos financieros, un liderazgo pobre y crisis de gesti\u00f3n a lo largo de los a\u00f1os.<\/p>\n<p><div id=\"attachment_54649\" style=\"width: 802px\" class=\"wp-caption aligncenter\"><img loading=\"lazy\" decoding=\"async\" aria-describedby=\"caption-attachment-54649\" class=\" wp-image-54647\" src=\"https:\/\/recursing-golick.147-182-135-0.plesk.page\/wp-content\/uploads\/2020\/01\/hah-lawn-10-years-earthquake.jpg\" alt=\"\" width=\"792\" height=\"528\" srcset=\"https:\/\/interamerica.org\/wp-content\/uploads\/2020\/01\/hah-lawn-10-years-earthquake.jpg 799w, https:\/\/interamerica.org\/wp-content\/uploads\/2020\/01\/hah-lawn-10-years-earthquake-300x200.jpg 300w, https:\/\/interamerica.org\/wp-content\/uploads\/2020\/01\/hah-lawn-10-years-earthquake-768x512.jpg 768w\" sizes=\"(max-width: 792px) 100vw, 792px\" \/><p id=\"caption-attachment-54649\" class=\"wp-caption-text\">Decenas de personas se reunieron en los jardines del Hospital Adventista de Hait\u00ed el 12 de enero de 2020, donde se atendi\u00f3 a miles de personas horas despu\u00e9s del terremoto que azot\u00f3 el pa\u00eds hace diez a\u00f1os. [Fotograf\u00eda: Libna Stevens\/DIA]<\/p><\/div>\u201cVemos que de la tragedia lleg\u00f3 el \u00e9xito, y del dolor el dar gloria a Dios\u201d, dijo el doctor Hart. \u201cAguardamos con ansias esta relaci\u00f3n continuada con la instituci\u00f3n en el futuro\u201d.<\/p>\n<p>Durante la ceremonia especial, el doctor Hart entreg\u00f3 una placa conmemorativa a los directivos del Hospital Adventista de Hait\u00ed en nombre de Adventist Health International. La placa dice \u201cAdventist Health International, celebraci\u00f3n de la vida y acci\u00f3n de gracias, por todo lo que el Se\u00f1or ha hecho por el Hospital Adventista de Hait\u00ed y su iglesia durante los \u00faltimos diez a\u00f1os. \u2018Grande es Jehov\u00e1 y digno de suprema alabanza, su grandeza es insondable\u2019 Salmos 145:3\u201d.<\/p>\n<p>El Hospital Adventista de Hait\u00ed cuenta con 52 camas y un personal de 180 personas, tres salas de cirug\u00eda y un laboratorio. Ofrece servicios de ortopedia, medicina interna y externa, fisioterapia y urolog\u00eda, como as\u00ed tambi\u00e9n pediatr\u00eda, ginecolog\u00eda y obstetricia, educaci\u00f3n para la salud, pasant\u00edas de enfermer\u00eda y medicina, capacitaci\u00f3n m\u00e9dica continua y muchos servicios m\u00e1s.<\/p>\n<p>Traducci\u00f3n de Marcos Paseggi<\/p>\n","protected":false},"excerpt":{"rendered":"<p>16 de enero de 2020 | Puerto Pr\u00edncipe, Hait\u00ed | Libna Stevens\/DIA L\u00edderes y miembros de la Iglesia Adventista del S\u00e9ptimo D\u00eda en Hait\u00ed se reunieron en los terrenos de&#8230;<\/p>\n","protected":false},"author":3,"featured_media":54643,"comment_status":"open","ping_status":"closed","sticky":false,"template":"","format":"standard","meta":{"_acf_changed":false,"footnotes":""},"categories":[17,15],"tags":[],"class_list":["post-54696","post","type-post","status-publish","format-standard","has-post-thumbnail","hentry","category-desde-el-campo","category-rss-espanol"],"acf":[],"yoast_head":"<!-- This site is optimized with the Yoast SEO plugin v27.3 - https:\/\/yoast.com\/product\/yoast-seo-wordpress\/ -->\n<title>En Hait\u00ed, Hospital adventista celebra bendiciones e impacto comunitario diez a\u00f1os despu\u00e9s de terremoto - Iglesia Adventista del S\u00e9ptimo D\u00eda - Divisi\u00f3n Interamericana<\/title>\n<meta name=\"robots\" content=\"index, follow, max-snippet:-1, max-image-preview:large, max-video-preview:-1\" \/>\n<link rel=\"canonical\" href=\"https:\/\/interamerica.org\/es\/2020\/01\/en-haiti-hospital-adventista-celebra-bendiciones-e-impacto-comunitario-diez-anos-despues-de-terremoto\/\" \/>\n<meta property=\"og:locale\" content=\"es_ES\" \/>\n<meta property=\"og:type\" content=\"article\" \/>\n<meta property=\"og:title\" content=\"En Hait\u00ed, Hospital adventista celebra bendiciones e impacto comunitario diez a\u00f1os despu\u00e9s de terremoto - Iglesia Adventista del S\u00e9ptimo D\u00eda - Divisi\u00f3n Interamericana\" \/>\n<meta property=\"og:description\" content=\"16 de enero de 2020 | Puerto Pr\u00edncipe, Hait\u00ed | Libna Stevens\/DIA L\u00edderes y miembros de la Iglesia Adventista del S\u00e9ptimo D\u00eda en Hait\u00ed se reunieron en los terrenos de...\" \/>\n<meta property=\"og:url\" content=\"https:\/\/interamerica.org\/es\/2020\/01\/en-haiti-hospital-adventista-celebra-bendiciones-e-impacto-comunitario-diez-anos-despues-de-terremoto\/\" \/>\n<meta property=\"og:site_name\" content=\"Iglesia Adventista del S\u00e9ptimo D\u00eda - Divisi\u00f3n Interamericana\" \/>\n<meta property=\"article:published_time\" content=\"2020-01-17T04:00:20+00:00\" \/>\n<meta property=\"article:modified_time\" content=\"2020-02-06T17:51:29+00:00\" \/>\n<meta property=\"og:image\" content=\"https:\/\/interamerica.org\/wp-content\/uploads\/2020\/01\/hah-choir-10-earthquake.jpg\" \/>\n\t<meta property=\"og:image:width\" content=\"1000\" \/>\n\t<meta property=\"og:image:height\" content=\"667\" \/>\n\t<meta property=\"og:image:type\" content=\"image\/jpeg\" \/>\n<meta name=\"author\" content=\"libna\" \/>\n<meta name=\"twitter:card\" content=\"summary_large_image\" \/>\n<meta name=\"twitter:label1\" content=\"Escrito por\" \/>\n\t<meta name=\"twitter:data1\" content=\"libna\" \/>\n\t<meta name=\"twitter:label2\" content=\"Tiempo de lectura\" \/>\n\t<meta name=\"twitter:data2\" content=\"14 minutos\" \/>\n<script type=\"application\/ld+json\" class=\"yoast-schema-graph\">{\"@context\":\"https:\\\/\\\/schema.org\",\"@graph\":[{\"@type\":\"Article\",\"@id\":\"https:\\\/\\\/interamerica.org\\\/es\\\/2020\\\/01\\\/en-haiti-hospital-adventista-celebra-bendiciones-e-impacto-comunitario-diez-anos-despues-de-terremoto\\\/#article\",\"isPartOf\":{\"@id\":\"https:\\\/\\\/interamerica.org\\\/es\\\/2020\\\/01\\\/en-haiti-hospital-adventista-celebra-bendiciones-e-impacto-comunitario-diez-anos-despues-de-terremoto\\\/\"},\"author\":{\"name\":\"libna\",\"@id\":\"https:\\\/\\\/interamerica.org\\\/es\\\/#\\\/schema\\\/person\\\/29998f2bc2d8bd0d38662909289b54f1\"},\"headline\":\"En Hait\u00ed, Hospital adventista celebra bendiciones e impacto comunitario diez a\u00f1os despu\u00e9s de terremoto\",\"datePublished\":\"2020-01-17T04:00:20+00:00\",\"dateModified\":\"2020-02-06T17:51:29+00:00\",\"mainEntityOfPage\":{\"@id\":\"https:\\\/\\\/interamerica.org\\\/es\\\/2020\\\/01\\\/en-haiti-hospital-adventista-celebra-bendiciones-e-impacto-comunitario-diez-anos-despues-de-terremoto\\\/\"},\"wordCount\":2754,\"commentCount\":0,\"image\":{\"@id\":\"https:\\\/\\\/interamerica.org\\\/es\\\/2020\\\/01\\\/en-haiti-hospital-adventista-celebra-bendiciones-e-impacto-comunitario-diez-anos-despues-de-terremoto\\\/#primaryimage\"},\"thumbnailUrl\":\"https:\\\/\\\/interamerica.org\\\/wp-content\\\/uploads\\\/2020\\\/01\\\/hah-choir-10-earthquake.jpg\",\"articleSection\":[\"Desde el campo\",\"RSS Espa\u00f1ol\"],\"inLanguage\":\"es\",\"potentialAction\":[{\"@type\":\"CommentAction\",\"name\":\"Comment\",\"target\":[\"https:\\\/\\\/interamerica.org\\\/es\\\/2020\\\/01\\\/en-haiti-hospital-adventista-celebra-bendiciones-e-impacto-comunitario-diez-anos-despues-de-terremoto\\\/#respond\"]}]},{\"@type\":\"WebPage\",\"@id\":\"https:\\\/\\\/interamerica.org\\\/es\\\/2020\\\/01\\\/en-haiti-hospital-adventista-celebra-bendiciones-e-impacto-comunitario-diez-anos-despues-de-terremoto\\\/\",\"url\":\"https:\\\/\\\/interamerica.org\\\/es\\\/2020\\\/01\\\/en-haiti-hospital-adventista-celebra-bendiciones-e-impacto-comunitario-diez-anos-despues-de-terremoto\\\/\",\"name\":\"En Hait\u00ed, Hospital adventista celebra bendiciones e impacto comunitario diez a\u00f1os despu\u00e9s de terremoto - Iglesia Adventista del S\u00e9ptimo D\u00eda - Divisi\u00f3n Interamericana\",\"isPartOf\":{\"@id\":\"https:\\\/\\\/interamerica.org\\\/es\\\/#website\"},\"primaryImageOfPage\":{\"@id\":\"https:\\\/\\\/interamerica.org\\\/es\\\/2020\\\/01\\\/en-haiti-hospital-adventista-celebra-bendiciones-e-impacto-comunitario-diez-anos-despues-de-terremoto\\\/#primaryimage\"},\"image\":{\"@id\":\"https:\\\/\\\/interamerica.org\\\/es\\\/2020\\\/01\\\/en-haiti-hospital-adventista-celebra-bendiciones-e-impacto-comunitario-diez-anos-despues-de-terremoto\\\/#primaryimage\"},\"thumbnailUrl\":\"https:\\\/\\\/interamerica.org\\\/wp-content\\\/uploads\\\/2020\\\/01\\\/hah-choir-10-earthquake.jpg\",\"datePublished\":\"2020-01-17T04:00:20+00:00\",\"dateModified\":\"2020-02-06T17:51:29+00:00\",\"author\":{\"@id\":\"https:\\\/\\\/interamerica.org\\\/es\\\/#\\\/schema\\\/person\\\/29998f2bc2d8bd0d38662909289b54f1\"},\"breadcrumb\":{\"@id\":\"https:\\\/\\\/interamerica.org\\\/es\\\/2020\\\/01\\\/en-haiti-hospital-adventista-celebra-bendiciones-e-impacto-comunitario-diez-anos-despues-de-terremoto\\\/#breadcrumb\"},\"inLanguage\":\"es\",\"potentialAction\":[{\"@type\":\"ReadAction\",\"target\":[\"https:\\\/\\\/interamerica.org\\\/es\\\/2020\\\/01\\\/en-haiti-hospital-adventista-celebra-bendiciones-e-impacto-comunitario-diez-anos-despues-de-terremoto\\\/\"]}]},{\"@type\":\"ImageObject\",\"inLanguage\":\"es\",\"@id\":\"https:\\\/\\\/interamerica.org\\\/es\\\/2020\\\/01\\\/en-haiti-hospital-adventista-celebra-bendiciones-e-impacto-comunitario-diez-anos-despues-de-terremoto\\\/#primaryimage\",\"url\":\"https:\\\/\\\/interamerica.org\\\/wp-content\\\/uploads\\\/2020\\\/01\\\/hah-choir-10-earthquake.jpg\",\"contentUrl\":\"https:\\\/\\\/interamerica.org\\\/wp-content\\\/uploads\\\/2020\\\/01\\\/hah-choir-10-earthquake.jpg\",\"width\":1000,\"height\":667,\"caption\":\"[Fotograf\u00eda: Libna Stevens\\\/DIA]\"},{\"@type\":\"BreadcrumbList\",\"@id\":\"https:\\\/\\\/interamerica.org\\\/es\\\/2020\\\/01\\\/en-haiti-hospital-adventista-celebra-bendiciones-e-impacto-comunitario-diez-anos-despues-de-terremoto\\\/#breadcrumb\",\"itemListElement\":[{\"@type\":\"ListItem\",\"position\":1,\"name\":\"Home\",\"item\":\"https:\\\/\\\/interamerica.org\\\/es\\\/\"},{\"@type\":\"ListItem\",\"position\":2,\"name\":\"En Hait\u00ed, Hospital adventista celebra bendiciones e impacto comunitario diez a\u00f1os despu\u00e9s de terremoto\"}]},{\"@type\":\"WebSite\",\"@id\":\"https:\\\/\\\/interamerica.org\\\/es\\\/#website\",\"url\":\"https:\\\/\\\/interamerica.org\\\/es\\\/\",\"name\":\"Iglesia Adventista del S\u00e9ptimo D\u00eda - Divisi\u00f3n Interamericana\",\"description\":\"\",\"potentialAction\":[{\"@type\":\"SearchAction\",\"target\":{\"@type\":\"EntryPoint\",\"urlTemplate\":\"https:\\\/\\\/interamerica.org\\\/es\\\/?s={search_term_string}\"},\"query-input\":{\"@type\":\"PropertyValueSpecification\",\"valueRequired\":true,\"valueName\":\"search_term_string\"}}],\"inLanguage\":\"es\"},{\"@type\":\"Person\",\"@id\":\"https:\\\/\\\/interamerica.org\\\/es\\\/#\\\/schema\\\/person\\\/29998f2bc2d8bd0d38662909289b54f1\",\"name\":\"libna\",\"image\":{\"@type\":\"ImageObject\",\"inLanguage\":\"es\",\"@id\":\"https:\\\/\\\/secure.gravatar.com\\\/avatar\\\/7c5bd30ae4b47a9ba3c856590957fd1d96dc588bf3ac05719d247e126840331f?s=96&d=mm&r=g\",\"url\":\"https:\\\/\\\/secure.gravatar.com\\\/avatar\\\/7c5bd30ae4b47a9ba3c856590957fd1d96dc588bf3ac05719d247e126840331f?s=96&d=mm&r=g\",\"contentUrl\":\"https:\\\/\\\/secure.gravatar.com\\\/avatar\\\/7c5bd30ae4b47a9ba3c856590957fd1d96dc588bf3ac05719d247e126840331f?s=96&d=mm&r=g\",\"caption\":\"libna\"}}]}<\/script>\n<!-- \/ Yoast SEO plugin. -->","yoast_head_json":{"title":"En Hait\u00ed, Hospital adventista celebra bendiciones e impacto comunitario diez a\u00f1os despu\u00e9s de terremoto - Iglesia Adventista del S\u00e9ptimo D\u00eda - Divisi\u00f3n Interamericana","robots":{"index":"index","follow":"follow","max-snippet":"max-snippet:-1","max-image-preview":"max-image-preview:large","max-video-preview":"max-video-preview:-1"},"canonical":"https:\/\/interamerica.org\/es\/2020\/01\/en-haiti-hospital-adventista-celebra-bendiciones-e-impacto-comunitario-diez-anos-despues-de-terremoto\/","og_locale":"es_ES","og_type":"article","og_title":"En Hait\u00ed, Hospital adventista celebra bendiciones e impacto comunitario diez a\u00f1os despu\u00e9s de terremoto - Iglesia Adventista del S\u00e9ptimo D\u00eda - Divisi\u00f3n Interamericana","og_description":"16 de enero de 2020 | Puerto Pr\u00edncipe, Hait\u00ed | Libna Stevens\/DIA L\u00edderes y miembros de la Iglesia Adventista del S\u00e9ptimo D\u00eda en Hait\u00ed se reunieron en los terrenos de...","og_url":"https:\/\/interamerica.org\/es\/2020\/01\/en-haiti-hospital-adventista-celebra-bendiciones-e-impacto-comunitario-diez-anos-despues-de-terremoto\/","og_site_name":"Iglesia Adventista del S\u00e9ptimo D\u00eda - Divisi\u00f3n Interamericana","article_published_time":"2020-01-17T04:00:20+00:00","article_modified_time":"2020-02-06T17:51:29+00:00","og_image":[{"width":1000,"height":667,"url":"https:\/\/interamerica.org\/wp-content\/uploads\/2020\/01\/hah-choir-10-earthquake.jpg","type":"image\/jpeg"}],"author":"libna","twitter_card":"summary_large_image","twitter_misc":{"Escrito por":"libna","Tiempo de lectura":"14 minutos"},"schema":{"@context":"https:\/\/schema.org","@graph":[{"@type":"Article","@id":"https:\/\/interamerica.org\/es\/2020\/01\/en-haiti-hospital-adventista-celebra-bendiciones-e-impacto-comunitario-diez-anos-despues-de-terremoto\/#article","isPartOf":{"@id":"https:\/\/interamerica.org\/es\/2020\/01\/en-haiti-hospital-adventista-celebra-bendiciones-e-impacto-comunitario-diez-anos-despues-de-terremoto\/"},"author":{"name":"libna","@id":"https:\/\/interamerica.org\/es\/#\/schema\/person\/29998f2bc2d8bd0d38662909289b54f1"},"headline":"En Hait\u00ed, Hospital adventista celebra bendiciones e impacto comunitario diez a\u00f1os despu\u00e9s de terremoto","datePublished":"2020-01-17T04:00:20+00:00","dateModified":"2020-02-06T17:51:29+00:00","mainEntityOfPage":{"@id":"https:\/\/interamerica.org\/es\/2020\/01\/en-haiti-hospital-adventista-celebra-bendiciones-e-impacto-comunitario-diez-anos-despues-de-terremoto\/"},"wordCount":2754,"commentCount":0,"image":{"@id":"https:\/\/interamerica.org\/es\/2020\/01\/en-haiti-hospital-adventista-celebra-bendiciones-e-impacto-comunitario-diez-anos-despues-de-terremoto\/#primaryimage"},"thumbnailUrl":"https:\/\/interamerica.org\/wp-content\/uploads\/2020\/01\/hah-choir-10-earthquake.jpg","articleSection":["Desde el campo","RSS Espa\u00f1ol"],"inLanguage":"es","potentialAction":[{"@type":"CommentAction","name":"Comment","target":["https:\/\/interamerica.org\/es\/2020\/01\/en-haiti-hospital-adventista-celebra-bendiciones-e-impacto-comunitario-diez-anos-despues-de-terremoto\/#respond"]}]},{"@type":"WebPage","@id":"https:\/\/interamerica.org\/es\/2020\/01\/en-haiti-hospital-adventista-celebra-bendiciones-e-impacto-comunitario-diez-anos-despues-de-terremoto\/","url":"https:\/\/interamerica.org\/es\/2020\/01\/en-haiti-hospital-adventista-celebra-bendiciones-e-impacto-comunitario-diez-anos-despues-de-terremoto\/","name":"En Hait\u00ed, Hospital adventista celebra bendiciones e impacto comunitario diez a\u00f1os despu\u00e9s de terremoto - Iglesia Adventista del S\u00e9ptimo D\u00eda - Divisi\u00f3n Interamericana","isPartOf":{"@id":"https:\/\/interamerica.org\/es\/#website"},"primaryImageOfPage":{"@id":"https:\/\/interamerica.org\/es\/2020\/01\/en-haiti-hospital-adventista-celebra-bendiciones-e-impacto-comunitario-diez-anos-despues-de-terremoto\/#primaryimage"},"image":{"@id":"https:\/\/interamerica.org\/es\/2020\/01\/en-haiti-hospital-adventista-celebra-bendiciones-e-impacto-comunitario-diez-anos-despues-de-terremoto\/#primaryimage"},"thumbnailUrl":"https:\/\/interamerica.org\/wp-content\/uploads\/2020\/01\/hah-choir-10-earthquake.jpg","datePublished":"2020-01-17T04:00:20+00:00","dateModified":"2020-02-06T17:51:29+00:00","author":{"@id":"https:\/\/interamerica.org\/es\/#\/schema\/person\/29998f2bc2d8bd0d38662909289b54f1"},"breadcrumb":{"@id":"https:\/\/interamerica.org\/es\/2020\/01\/en-haiti-hospital-adventista-celebra-bendiciones-e-impacto-comunitario-diez-anos-despues-de-terremoto\/#breadcrumb"},"inLanguage":"es","potentialAction":[{"@type":"ReadAction","target":["https:\/\/interamerica.org\/es\/2020\/01\/en-haiti-hospital-adventista-celebra-bendiciones-e-impacto-comunitario-diez-anos-despues-de-terremoto\/"]}]},{"@type":"ImageObject","inLanguage":"es","@id":"https:\/\/interamerica.org\/es\/2020\/01\/en-haiti-hospital-adventista-celebra-bendiciones-e-impacto-comunitario-diez-anos-despues-de-terremoto\/#primaryimage","url":"https:\/\/interamerica.org\/wp-content\/uploads\/2020\/01\/hah-choir-10-earthquake.jpg","contentUrl":"https:\/\/interamerica.org\/wp-content\/uploads\/2020\/01\/hah-choir-10-earthquake.jpg","width":1000,"height":667,"caption":"[Fotograf\u00eda: Libna Stevens\/DIA]"},{"@type":"BreadcrumbList","@id":"https:\/\/interamerica.org\/es\/2020\/01\/en-haiti-hospital-adventista-celebra-bendiciones-e-impacto-comunitario-diez-anos-despues-de-terremoto\/#breadcrumb","itemListElement":[{"@type":"ListItem","position":1,"name":"Home","item":"https:\/\/interamerica.org\/es\/"},{"@type":"ListItem","position":2,"name":"En Hait\u00ed, Hospital adventista celebra bendiciones e impacto comunitario diez a\u00f1os despu\u00e9s de terremoto"}]},{"@type":"WebSite","@id":"https:\/\/interamerica.org\/es\/#website","url":"https:\/\/interamerica.org\/es\/","name":"Iglesia Adventista del S\u00e9ptimo D\u00eda - Divisi\u00f3n Interamericana","description":"","potentialAction":[{"@type":"SearchAction","target":{"@type":"EntryPoint","urlTemplate":"https:\/\/interamerica.org\/es\/?s={search_term_string}"},"query-input":{"@type":"PropertyValueSpecification","valueRequired":true,"valueName":"search_term_string"}}],"inLanguage":"es"},{"@type":"Person","@id":"https:\/\/interamerica.org\/es\/#\/schema\/person\/29998f2bc2d8bd0d38662909289b54f1","name":"libna","image":{"@type":"ImageObject","inLanguage":"es","@id":"https:\/\/secure.gravatar.com\/avatar\/7c5bd30ae4b47a9ba3c856590957fd1d96dc588bf3ac05719d247e126840331f?s=96&d=mm&r=g","url":"https:\/\/secure.gravatar.com\/avatar\/7c5bd30ae4b47a9ba3c856590957fd1d96dc588bf3ac05719d247e126840331f?s=96&d=mm&r=g","contentUrl":"https:\/\/secure.gravatar.com\/avatar\/7c5bd30ae4b47a9ba3c856590957fd1d96dc588bf3ac05719d247e126840331f?s=96&d=mm&r=g","caption":"libna"}}]}},"_links":{"self":[{"href":"https:\/\/interamerica.org\/es\/wp-json\/wp\/v2\/posts\/54696","targetHints":{"allow":["GET"]}}],"collection":[{"href":"https:\/\/interamerica.org\/es\/wp-json\/wp\/v2\/posts"}],"about":[{"href":"https:\/\/interamerica.org\/es\/wp-json\/wp\/v2\/types\/post"}],"author":[{"embeddable":true,"href":"https:\/\/interamerica.org\/es\/wp-json\/wp\/v2\/users\/3"}],"replies":[{"embeddable":true,"href":"https:\/\/interamerica.org\/es\/wp-json\/wp\/v2\/comments?post=54696"}],"version-history":[{"count":0,"href":"https:\/\/interamerica.org\/es\/wp-json\/wp\/v2\/posts\/54696\/revisions"}],"wp:featuredmedia":[{"embeddable":true,"href":"https:\/\/interamerica.org\/es\/wp-json\/wp\/v2\/media\/54643"}],"wp:attachment":[{"href":"https:\/\/interamerica.org\/es\/wp-json\/wp\/v2\/media?parent=54696"}],"wp:term":[{"taxonomy":"category","embeddable":true,"href":"https:\/\/interamerica.org\/es\/wp-json\/wp\/v2\/categories?post=54696"},{"taxonomy":"post_tag","embeddable":true,"href":"https:\/\/interamerica.org\/es\/wp-json\/wp\/v2\/tags?post=54696"}],"curies":[{"name":"wp","href":"https:\/\/api.w.org\/{rel}","templated":true}]}}