{"id":54867,"date":"2020-01-22T12:56:54","date_gmt":"2020-01-22T16:56:54","guid":{"rendered":"https:\/\/recursing-golick.147-182-135-0.plesk.page\/?p=54867"},"modified":"2020-02-06T13:51:05","modified_gmt":"2020-02-06T17:51:05","slug":"las-nueces-de-castilla-podrian-retrasar-el-deterioro-cognitivo-en-ancianos-en-riesgo-muestra-un-estudio","status":"publish","type":"post","link":"https:\/\/interamerica.org\/es\/2020\/01\/las-nueces-de-castilla-podrian-retrasar-el-deterioro-cognitivo-en-ancianos-en-riesgo-muestra-un-estudio\/","title":{"rendered":"Las nueces de castilla podr\u00edan retrasar el deterioro cognitivo en ancianos en riesgo, muestra un estudio"},"content":{"rendered":"<p>21 de enero de 2020 | Loma Linda, California, Estados Unidos | Ansel Oliver, Loma Linda University Health News<\/p>\n<p>El consumo de nueces de castilla puede ayudar a retrasar el deterioro de las funciones cognitivas en grupos considerados en riesgo dentro de la poblaci\u00f3n de edad avanzada, \u00a0de acuerdo con un estudio llevado a cabo por investigadores de California, Estados Unidos y Barcelona, Espa\u00f1a.<\/p>\n<p>El<a href=\"https:\/\/academic.oup.com\/ajcn\/advance-article\/doi\/10.1093\/ajcn\/nqz328\/5698105?guestAccessKey=2586acc0-45bf-4689-8c27-f88abc134df4\"> Walnuts and Healthy Aging Study<\/a> (Estudio sobre nueces de castilla y envejecimiento saludable), publicado este mes en <em>The American Journal of Clinical Nutrition<\/em> (La revista americana de nutrici\u00f3n cl\u00ednica), encontr\u00f3 que el consumo, en un periodo de dos a\u00f1os, de nuez de castilla por adultos ancianos saludables, ten\u00eda muy poco efecto sobre su funci\u00f3n cognitiva, pero que tuvo un gran efecto en adultos ancianos que hab\u00edan sido fumadores y ten\u00edan un puntaje m\u00e1s bajo que el est\u00e1ndar en pruebas neurosicol\u00f3gicas.<\/p>\n<p>El estudio examin\u00f3 un total de casi 640 ancianos que viven en forma independiente en Loma Linda, California, Estados Unidos y en Barcelona, Catalu\u00f1a, Espa\u00f1a. Durante dos a\u00f1os, el grupo en estudio consumi\u00f3 nueces en su dieta diaria, mientras que en el grupo de control se abstuvo de su consumo.<\/p>\n<p>Las nueces de castilla contienen \u00e1cidos grasos omega -3 y polifenoles, sobre los cuales ya se hab\u00eda encontrado anteriormente que pueden contrarrestar el estr\u00e9s oxidativo y la inflamaci\u00f3n, los cuales llevan al deterioro cognitivo.<\/p>\n<p>Joan Sabat\u00e9, profesor de nutrici\u00f3n y epidemiolog\u00eda de la Escuela de Salud P\u00fablica de la Universidad Loma Linda e investigador principal del referido estudio, dijo que esta era la m\u00e1s larga y controlada prueba que se haya jam\u00e1s llevado a cabo acerca de los efectos de las nueces en relaci\u00f3n con la funci\u00f3n cognitiva.<\/p>\n<p>\u201cAunque este fue un resultado de menor escala, puede llevar a mejores resultados si se lo conduce durante mayores periodos de tiempo\u201d, dijo el Dr. Sabat\u00e9. \u201cNuevas investigaciones ser\u00edan definitivamente justificables seg\u00fan nuestros hallazgos, especialmente en relaci\u00f3n con poblaciones en desventaja que podr\u00edan beneficiarse mucho al incorporar el consumo de nueces de castilla y otro tipo de nueces en su dieta\u201d.<\/p>\n<p>Sabat\u00e9 y su equipo de investigaci\u00f3n en la Universidad Loma Linda fueron los primeros en descubrir el efecto de disminuci\u00f3n de colesterol por consumo de nueces, espec\u00edficamente nueces de castilla. Esos hallazgos se publicaron primeramente en la <em>New England Journal of Medicine<\/em> \u00a0(Revista de Medicina de Nueva Inglaterra) en 1993. Subsecuentemente, hallazgos de parte de investigadores de la Universidad Loma Linda han ligado el consumo de nueces a una disminuci\u00f3n de riesgo de contraer enfermedades cardiovasculares.<\/p>\n<p>El estudio sobre nueces de castilla y envejecimiento saludable fue financiado por una subvenci\u00f3n por parte de la Comisi\u00f3n de Nuez de Castilla de California, la cual no tuvo ninguna incidencia en el dise\u00f1o, colecci\u00f3n de datos, an\u00e1lisis y redacci\u00f3n y sumisi\u00f3n del manuscrito.<\/p>\n<p><em>La <\/em><a href=\"https:\/\/news.llu.edu\/research\/walnuts-may-slow-cognitive-decline-risk-elderly\"><em>original story<\/em><\/a><em> (historia original) se public\u00f3 en el <\/em><a href=\"https:\/\/news.llu.edu\/\"><em>news site<\/em><\/a> (<em>sitio de noticias) de Loma Linda University Health<\/em><\/p>\n<p><em>Traducci\u00f3n \u2013 Gloria A Castrej\u00f3n<\/em><\/p>\n","protected":false},"excerpt":{"rendered":"<p>21 de enero de 2020 | Loma Linda, California, Estados Unidos | Ansel Oliver, Loma Linda University Health News El consumo de nueces de castilla puede ayudar a retrasar el&#8230;<\/p>\n","protected":false},"author":3,"featured_media":54824,"comment_status":"open","ping_status":"closed","sticky":false,"template":"","format":"standard","meta":{"_acf_changed":false,"footnotes":""},"categories":[14,15],"tags":[],"class_list":["post-54867","post","type-post","status-publish","format-standard","has-post-thumbnail","hentry","category-de-la-iglesia-mundial","category-rss-espanol"],"acf":[],"yoast_head":"<!-- This site is optimized with the Yoast SEO plugin v27.3 - https:\/\/yoast.com\/product\/yoast-seo-wordpress\/ -->\n<title>Las nueces de castilla podr\u00edan retrasar el deterioro cognitivo en ancianos en riesgo, muestra un estudio - Iglesia Adventista del S\u00e9ptimo D\u00eda - Divisi\u00f3n Interamericana<\/title>\n<meta name=\"robots\" content=\"index, follow, max-snippet:-1, max-image-preview:large, max-video-preview:-1\" \/>\n<link rel=\"canonical\" href=\"https:\/\/interamerica.org\/es\/2020\/01\/las-nueces-de-castilla-podrian-retrasar-el-deterioro-cognitivo-en-ancianos-en-riesgo-muestra-un-estudio\/\" \/>\n<meta property=\"og:locale\" content=\"es_ES\" \/>\n<meta property=\"og:type\" content=\"article\" \/>\n<meta property=\"og:title\" content=\"Las nueces de castilla podr\u00edan retrasar el deterioro cognitivo en ancianos en riesgo, muestra un estudio - Iglesia Adventista del S\u00e9ptimo D\u00eda - Divisi\u00f3n Interamericana\" \/>\n<meta property=\"og:description\" content=\"21 de enero de 2020 | Loma Linda, California, Estados Unidos | Ansel Oliver, Loma Linda University Health News El consumo de nueces de castilla puede ayudar a retrasar el...\" \/>\n<meta property=\"og:url\" content=\"https:\/\/interamerica.org\/es\/2020\/01\/las-nueces-de-castilla-podrian-retrasar-el-deterioro-cognitivo-en-ancianos-en-riesgo-muestra-un-estudio\/\" \/>\n<meta property=\"og:site_name\" content=\"Iglesia Adventista del S\u00e9ptimo D\u00eda - Divisi\u00f3n Interamericana\" \/>\n<meta property=\"article:published_time\" content=\"2020-01-22T16:56:54+00:00\" \/>\n<meta property=\"article:modified_time\" content=\"2020-02-06T17:51:05+00:00\" \/>\n<meta property=\"og:image\" content=\"https:\/\/interamerica.org\/wp-content\/uploads\/2020\/01\/walnuts-may-slow-cognitive-decline-in-at-risk-elderly-study-shows.jpg\" \/>\n\t<meta property=\"og:image:width\" content=\"1000\" \/>\n\t<meta property=\"og:image:height\" content=\"500\" \/>\n\t<meta property=\"og:image:type\" content=\"image\/jpeg\" \/>\n<meta name=\"author\" content=\"libna\" \/>\n<meta name=\"twitter:card\" content=\"summary_large_image\" \/>\n<meta name=\"twitter:label1\" content=\"Escrito por\" \/>\n\t<meta name=\"twitter:data1\" content=\"libna\" \/>\n\t<meta name=\"twitter:label2\" content=\"Tiempo de lectura\" \/>\n\t<meta name=\"twitter:data2\" content=\"3 minutos\" \/>\n<script type=\"application\/ld+json\" class=\"yoast-schema-graph\">{\"@context\":\"https:\\\/\\\/schema.org\",\"@graph\":[{\"@type\":\"Article\",\"@id\":\"https:\\\/\\\/interamerica.org\\\/es\\\/2020\\\/01\\\/las-nueces-de-castilla-podrian-retrasar-el-deterioro-cognitivo-en-ancianos-en-riesgo-muestra-un-estudio\\\/#article\",\"isPartOf\":{\"@id\":\"https:\\\/\\\/interamerica.org\\\/es\\\/2020\\\/01\\\/las-nueces-de-castilla-podrian-retrasar-el-deterioro-cognitivo-en-ancianos-en-riesgo-muestra-un-estudio\\\/\"},\"author\":{\"name\":\"libna\",\"@id\":\"https:\\\/\\\/interamerica.org\\\/es\\\/#\\\/schema\\\/person\\\/29998f2bc2d8bd0d38662909289b54f1\"},\"headline\":\"Las nueces de castilla podr\u00edan retrasar el deterioro cognitivo en ancianos en riesgo, muestra un estudio\",\"datePublished\":\"2020-01-22T16:56:54+00:00\",\"dateModified\":\"2020-02-06T17:51:05+00:00\",\"mainEntityOfPage\":{\"@id\":\"https:\\\/\\\/interamerica.org\\\/es\\\/2020\\\/01\\\/las-nueces-de-castilla-podrian-retrasar-el-deterioro-cognitivo-en-ancianos-en-riesgo-muestra-un-estudio\\\/\"},\"wordCount\":540,\"commentCount\":0,\"image\":{\"@id\":\"https:\\\/\\\/interamerica.org\\\/es\\\/2020\\\/01\\\/las-nueces-de-castilla-podrian-retrasar-el-deterioro-cognitivo-en-ancianos-en-riesgo-muestra-un-estudio\\\/#primaryimage\"},\"thumbnailUrl\":\"https:\\\/\\\/interamerica.org\\\/wp-content\\\/uploads\\\/2020\\\/01\\\/walnuts-may-slow-cognitive-decline-in-at-risk-elderly-study-shows.jpg\",\"articleSection\":[\"Desde la iglesia mundial\",\"RSS Espa\u00f1ol\"],\"inLanguage\":\"es\",\"potentialAction\":[{\"@type\":\"CommentAction\",\"name\":\"Comment\",\"target\":[\"https:\\\/\\\/interamerica.org\\\/es\\\/2020\\\/01\\\/las-nueces-de-castilla-podrian-retrasar-el-deterioro-cognitivo-en-ancianos-en-riesgo-muestra-un-estudio\\\/#respond\"]}]},{\"@type\":\"WebPage\",\"@id\":\"https:\\\/\\\/interamerica.org\\\/es\\\/2020\\\/01\\\/las-nueces-de-castilla-podrian-retrasar-el-deterioro-cognitivo-en-ancianos-en-riesgo-muestra-un-estudio\\\/\",\"url\":\"https:\\\/\\\/interamerica.org\\\/es\\\/2020\\\/01\\\/las-nueces-de-castilla-podrian-retrasar-el-deterioro-cognitivo-en-ancianos-en-riesgo-muestra-un-estudio\\\/\",\"name\":\"Las nueces de castilla podr\u00edan retrasar el deterioro cognitivo en ancianos en riesgo, muestra un estudio - Iglesia Adventista del S\u00e9ptimo D\u00eda - Divisi\u00f3n Interamericana\",\"isPartOf\":{\"@id\":\"https:\\\/\\\/interamerica.org\\\/es\\\/#website\"},\"primaryImageOfPage\":{\"@id\":\"https:\\\/\\\/interamerica.org\\\/es\\\/2020\\\/01\\\/las-nueces-de-castilla-podrian-retrasar-el-deterioro-cognitivo-en-ancianos-en-riesgo-muestra-un-estudio\\\/#primaryimage\"},\"image\":{\"@id\":\"https:\\\/\\\/interamerica.org\\\/es\\\/2020\\\/01\\\/las-nueces-de-castilla-podrian-retrasar-el-deterioro-cognitivo-en-ancianos-en-riesgo-muestra-un-estudio\\\/#primaryimage\"},\"thumbnailUrl\":\"https:\\\/\\\/interamerica.org\\\/wp-content\\\/uploads\\\/2020\\\/01\\\/walnuts-may-slow-cognitive-decline-in-at-risk-elderly-study-shows.jpg\",\"datePublished\":\"2020-01-22T16:56:54+00:00\",\"dateModified\":\"2020-02-06T17:51:05+00:00\",\"author\":{\"@id\":\"https:\\\/\\\/interamerica.org\\\/es\\\/#\\\/schema\\\/person\\\/29998f2bc2d8bd0d38662909289b54f1\"},\"breadcrumb\":{\"@id\":\"https:\\\/\\\/interamerica.org\\\/es\\\/2020\\\/01\\\/las-nueces-de-castilla-podrian-retrasar-el-deterioro-cognitivo-en-ancianos-en-riesgo-muestra-un-estudio\\\/#breadcrumb\"},\"inLanguage\":\"es\",\"potentialAction\":[{\"@type\":\"ReadAction\",\"target\":[\"https:\\\/\\\/interamerica.org\\\/es\\\/2020\\\/01\\\/las-nueces-de-castilla-podrian-retrasar-el-deterioro-cognitivo-en-ancianos-en-riesgo-muestra-un-estudio\\\/\"]}]},{\"@type\":\"ImageObject\",\"inLanguage\":\"es\",\"@id\":\"https:\\\/\\\/interamerica.org\\\/es\\\/2020\\\/01\\\/las-nueces-de-castilla-podrian-retrasar-el-deterioro-cognitivo-en-ancianos-en-riesgo-muestra-un-estudio\\\/#primaryimage\",\"url\":\"https:\\\/\\\/interamerica.org\\\/wp-content\\\/uploads\\\/2020\\\/01\\\/walnuts-may-slow-cognitive-decline-in-at-risk-elderly-study-shows.jpg\",\"contentUrl\":\"https:\\\/\\\/interamerica.org\\\/wp-content\\\/uploads\\\/2020\\\/01\\\/walnuts-may-slow-cognitive-decline-in-at-risk-elderly-study-shows.jpg\",\"width\":1000,\"height\":500,\"caption\":\"Imagen por Tom Hermans en Unsplash\"},{\"@type\":\"BreadcrumbList\",\"@id\":\"https:\\\/\\\/interamerica.org\\\/es\\\/2020\\\/01\\\/las-nueces-de-castilla-podrian-retrasar-el-deterioro-cognitivo-en-ancianos-en-riesgo-muestra-un-estudio\\\/#breadcrumb\",\"itemListElement\":[{\"@type\":\"ListItem\",\"position\":1,\"name\":\"Home\",\"item\":\"https:\\\/\\\/interamerica.org\\\/es\\\/\"},{\"@type\":\"ListItem\",\"position\":2,\"name\":\"Las nueces de castilla podr\u00edan retrasar el deterioro cognitivo en ancianos en riesgo, muestra un estudio\"}]},{\"@type\":\"WebSite\",\"@id\":\"https:\\\/\\\/interamerica.org\\\/es\\\/#website\",\"url\":\"https:\\\/\\\/interamerica.org\\\/es\\\/\",\"name\":\"Iglesia Adventista del S\u00e9ptimo D\u00eda - Divisi\u00f3n Interamericana\",\"description\":\"\",\"potentialAction\":[{\"@type\":\"SearchAction\",\"target\":{\"@type\":\"EntryPoint\",\"urlTemplate\":\"https:\\\/\\\/interamerica.org\\\/es\\\/?s={search_term_string}\"},\"query-input\":{\"@type\":\"PropertyValueSpecification\",\"valueRequired\":true,\"valueName\":\"search_term_string\"}}],\"inLanguage\":\"es\"},{\"@type\":\"Person\",\"@id\":\"https:\\\/\\\/interamerica.org\\\/es\\\/#\\\/schema\\\/person\\\/29998f2bc2d8bd0d38662909289b54f1\",\"name\":\"libna\",\"image\":{\"@type\":\"ImageObject\",\"inLanguage\":\"es\",\"@id\":\"https:\\\/\\\/secure.gravatar.com\\\/avatar\\\/7c5bd30ae4b47a9ba3c856590957fd1d96dc588bf3ac05719d247e126840331f?s=96&d=mm&r=g\",\"url\":\"https:\\\/\\\/secure.gravatar.com\\\/avatar\\\/7c5bd30ae4b47a9ba3c856590957fd1d96dc588bf3ac05719d247e126840331f?s=96&d=mm&r=g\",\"contentUrl\":\"https:\\\/\\\/secure.gravatar.com\\\/avatar\\\/7c5bd30ae4b47a9ba3c856590957fd1d96dc588bf3ac05719d247e126840331f?s=96&d=mm&r=g\",\"caption\":\"libna\"}}]}<\/script>\n<!-- \/ Yoast SEO plugin. -->","yoast_head_json":{"title":"Las nueces de castilla podr\u00edan retrasar el deterioro cognitivo en ancianos en riesgo, muestra un estudio - Iglesia Adventista del S\u00e9ptimo D\u00eda - Divisi\u00f3n Interamericana","robots":{"index":"index","follow":"follow","max-snippet":"max-snippet:-1","max-image-preview":"max-image-preview:large","max-video-preview":"max-video-preview:-1"},"canonical":"https:\/\/interamerica.org\/es\/2020\/01\/las-nueces-de-castilla-podrian-retrasar-el-deterioro-cognitivo-en-ancianos-en-riesgo-muestra-un-estudio\/","og_locale":"es_ES","og_type":"article","og_title":"Las nueces de castilla podr\u00edan retrasar el deterioro cognitivo en ancianos en riesgo, muestra un estudio - Iglesia Adventista del S\u00e9ptimo D\u00eda - Divisi\u00f3n Interamericana","og_description":"21 de enero de 2020 | Loma Linda, California, Estados Unidos | Ansel Oliver, Loma Linda University Health News El consumo de nueces de castilla puede ayudar a retrasar el...","og_url":"https:\/\/interamerica.org\/es\/2020\/01\/las-nueces-de-castilla-podrian-retrasar-el-deterioro-cognitivo-en-ancianos-en-riesgo-muestra-un-estudio\/","og_site_name":"Iglesia Adventista del S\u00e9ptimo D\u00eda - Divisi\u00f3n Interamericana","article_published_time":"2020-01-22T16:56:54+00:00","article_modified_time":"2020-02-06T17:51:05+00:00","og_image":[{"width":1000,"height":500,"url":"https:\/\/interamerica.org\/wp-content\/uploads\/2020\/01\/walnuts-may-slow-cognitive-decline-in-at-risk-elderly-study-shows.jpg","type":"image\/jpeg"}],"author":"libna","twitter_card":"summary_large_image","twitter_misc":{"Escrito por":"libna","Tiempo de lectura":"3 minutos"},"schema":{"@context":"https:\/\/schema.org","@graph":[{"@type":"Article","@id":"https:\/\/interamerica.org\/es\/2020\/01\/las-nueces-de-castilla-podrian-retrasar-el-deterioro-cognitivo-en-ancianos-en-riesgo-muestra-un-estudio\/#article","isPartOf":{"@id":"https:\/\/interamerica.org\/es\/2020\/01\/las-nueces-de-castilla-podrian-retrasar-el-deterioro-cognitivo-en-ancianos-en-riesgo-muestra-un-estudio\/"},"author":{"name":"libna","@id":"https:\/\/interamerica.org\/es\/#\/schema\/person\/29998f2bc2d8bd0d38662909289b54f1"},"headline":"Las nueces de castilla podr\u00edan retrasar el deterioro cognitivo en ancianos en riesgo, muestra un estudio","datePublished":"2020-01-22T16:56:54+00:00","dateModified":"2020-02-06T17:51:05+00:00","mainEntityOfPage":{"@id":"https:\/\/interamerica.org\/es\/2020\/01\/las-nueces-de-castilla-podrian-retrasar-el-deterioro-cognitivo-en-ancianos-en-riesgo-muestra-un-estudio\/"},"wordCount":540,"commentCount":0,"image":{"@id":"https:\/\/interamerica.org\/es\/2020\/01\/las-nueces-de-castilla-podrian-retrasar-el-deterioro-cognitivo-en-ancianos-en-riesgo-muestra-un-estudio\/#primaryimage"},"thumbnailUrl":"https:\/\/interamerica.org\/wp-content\/uploads\/2020\/01\/walnuts-may-slow-cognitive-decline-in-at-risk-elderly-study-shows.jpg","articleSection":["Desde la iglesia mundial","RSS Espa\u00f1ol"],"inLanguage":"es","potentialAction":[{"@type":"CommentAction","name":"Comment","target":["https:\/\/interamerica.org\/es\/2020\/01\/las-nueces-de-castilla-podrian-retrasar-el-deterioro-cognitivo-en-ancianos-en-riesgo-muestra-un-estudio\/#respond"]}]},{"@type":"WebPage","@id":"https:\/\/interamerica.org\/es\/2020\/01\/las-nueces-de-castilla-podrian-retrasar-el-deterioro-cognitivo-en-ancianos-en-riesgo-muestra-un-estudio\/","url":"https:\/\/interamerica.org\/es\/2020\/01\/las-nueces-de-castilla-podrian-retrasar-el-deterioro-cognitivo-en-ancianos-en-riesgo-muestra-un-estudio\/","name":"Las nueces de castilla podr\u00edan retrasar el deterioro cognitivo en ancianos en riesgo, muestra un estudio - Iglesia Adventista del S\u00e9ptimo D\u00eda - Divisi\u00f3n Interamericana","isPartOf":{"@id":"https:\/\/interamerica.org\/es\/#website"},"primaryImageOfPage":{"@id":"https:\/\/interamerica.org\/es\/2020\/01\/las-nueces-de-castilla-podrian-retrasar-el-deterioro-cognitivo-en-ancianos-en-riesgo-muestra-un-estudio\/#primaryimage"},"image":{"@id":"https:\/\/interamerica.org\/es\/2020\/01\/las-nueces-de-castilla-podrian-retrasar-el-deterioro-cognitivo-en-ancianos-en-riesgo-muestra-un-estudio\/#primaryimage"},"thumbnailUrl":"https:\/\/interamerica.org\/wp-content\/uploads\/2020\/01\/walnuts-may-slow-cognitive-decline-in-at-risk-elderly-study-shows.jpg","datePublished":"2020-01-22T16:56:54+00:00","dateModified":"2020-02-06T17:51:05+00:00","author":{"@id":"https:\/\/interamerica.org\/es\/#\/schema\/person\/29998f2bc2d8bd0d38662909289b54f1"},"breadcrumb":{"@id":"https:\/\/interamerica.org\/es\/2020\/01\/las-nueces-de-castilla-podrian-retrasar-el-deterioro-cognitivo-en-ancianos-en-riesgo-muestra-un-estudio\/#breadcrumb"},"inLanguage":"es","potentialAction":[{"@type":"ReadAction","target":["https:\/\/interamerica.org\/es\/2020\/01\/las-nueces-de-castilla-podrian-retrasar-el-deterioro-cognitivo-en-ancianos-en-riesgo-muestra-un-estudio\/"]}]},{"@type":"ImageObject","inLanguage":"es","@id":"https:\/\/interamerica.org\/es\/2020\/01\/las-nueces-de-castilla-podrian-retrasar-el-deterioro-cognitivo-en-ancianos-en-riesgo-muestra-un-estudio\/#primaryimage","url":"https:\/\/interamerica.org\/wp-content\/uploads\/2020\/01\/walnuts-may-slow-cognitive-decline-in-at-risk-elderly-study-shows.jpg","contentUrl":"https:\/\/interamerica.org\/wp-content\/uploads\/2020\/01\/walnuts-may-slow-cognitive-decline-in-at-risk-elderly-study-shows.jpg","width":1000,"height":500,"caption":"Imagen por Tom Hermans en Unsplash"},{"@type":"BreadcrumbList","@id":"https:\/\/interamerica.org\/es\/2020\/01\/las-nueces-de-castilla-podrian-retrasar-el-deterioro-cognitivo-en-ancianos-en-riesgo-muestra-un-estudio\/#breadcrumb","itemListElement":[{"@type":"ListItem","position":1,"name":"Home","item":"https:\/\/interamerica.org\/es\/"},{"@type":"ListItem","position":2,"name":"Las nueces de castilla podr\u00edan retrasar el deterioro cognitivo en ancianos en riesgo, muestra un estudio"}]},{"@type":"WebSite","@id":"https:\/\/interamerica.org\/es\/#website","url":"https:\/\/interamerica.org\/es\/","name":"Iglesia Adventista del S\u00e9ptimo D\u00eda - Divisi\u00f3n Interamericana","description":"","potentialAction":[{"@type":"SearchAction","target":{"@type":"EntryPoint","urlTemplate":"https:\/\/interamerica.org\/es\/?s={search_term_string}"},"query-input":{"@type":"PropertyValueSpecification","valueRequired":true,"valueName":"search_term_string"}}],"inLanguage":"es"},{"@type":"Person","@id":"https:\/\/interamerica.org\/es\/#\/schema\/person\/29998f2bc2d8bd0d38662909289b54f1","name":"libna","image":{"@type":"ImageObject","inLanguage":"es","@id":"https:\/\/secure.gravatar.com\/avatar\/7c5bd30ae4b47a9ba3c856590957fd1d96dc588bf3ac05719d247e126840331f?s=96&d=mm&r=g","url":"https:\/\/secure.gravatar.com\/avatar\/7c5bd30ae4b47a9ba3c856590957fd1d96dc588bf3ac05719d247e126840331f?s=96&d=mm&r=g","contentUrl":"https:\/\/secure.gravatar.com\/avatar\/7c5bd30ae4b47a9ba3c856590957fd1d96dc588bf3ac05719d247e126840331f?s=96&d=mm&r=g","caption":"libna"}}]}},"_links":{"self":[{"href":"https:\/\/interamerica.org\/es\/wp-json\/wp\/v2\/posts\/54867","targetHints":{"allow":["GET"]}}],"collection":[{"href":"https:\/\/interamerica.org\/es\/wp-json\/wp\/v2\/posts"}],"about":[{"href":"https:\/\/interamerica.org\/es\/wp-json\/wp\/v2\/types\/post"}],"author":[{"embeddable":true,"href":"https:\/\/interamerica.org\/es\/wp-json\/wp\/v2\/users\/3"}],"replies":[{"embeddable":true,"href":"https:\/\/interamerica.org\/es\/wp-json\/wp\/v2\/comments?post=54867"}],"version-history":[{"count":0,"href":"https:\/\/interamerica.org\/es\/wp-json\/wp\/v2\/posts\/54867\/revisions"}],"wp:featuredmedia":[{"embeddable":true,"href":"https:\/\/interamerica.org\/es\/wp-json\/wp\/v2\/media\/54824"}],"wp:attachment":[{"href":"https:\/\/interamerica.org\/es\/wp-json\/wp\/v2\/media?parent=54867"}],"wp:term":[{"taxonomy":"category","embeddable":true,"href":"https:\/\/interamerica.org\/es\/wp-json\/wp\/v2\/categories?post=54867"},{"taxonomy":"post_tag","embeddable":true,"href":"https:\/\/interamerica.org\/es\/wp-json\/wp\/v2\/tags?post=54867"}],"curies":[{"name":"wp","href":"https:\/\/api.w.org\/{rel}","templated":true}]}}