{"id":54869,"date":"2020-01-22T21:10:04","date_gmt":"2020-01-23T01:10:04","guid":{"rendered":"https:\/\/recursing-golick.147-182-135-0.plesk.page\/?p=54869"},"modified":"2020-02-06T13:50:49","modified_gmt":"2020-02-06T17:50:49","slug":"capacitacion-intercultural-en-linea-fortalece-la-llegada-a-mas-grupos-de-personas-en-interamerica","status":"publish","type":"post","link":"https:\/\/interamerica.org\/es\/2020\/01\/capacitacion-intercultural-en-linea-fortalece-la-llegada-a-mas-grupos-de-personas-en-interamerica\/","title":{"rendered":"Capacitaci\u00f3n intercultural en l\u00ednea fortalece la llegada a m\u00e1s grupos de personas en Interam\u00e9rica"},"content":{"rendered":"<p><div id=\"attachment_54862\" style=\"width: 814px\" class=\"wp-caption aligncenter\"><img fetchpriority=\"high\" decoding=\"async\" aria-describedby=\"caption-attachment-54862\" class=\" wp-image-54860\" src=\"https:\/\/recursing-golick.147-182-135-0.plesk.page\/wp-content\/uploads\/2020\/01\/samuel-telemaque-cct-2.jpg\" alt=\"\" width=\"804\" height=\"536\" srcset=\"https:\/\/interamerica.org\/wp-content\/uploads\/2020\/01\/samuel-telemaque-cct-2.jpg 1000w, https:\/\/interamerica.org\/wp-content\/uploads\/2020\/01\/samuel-telemaque-cct-2-300x200.jpg 300w, https:\/\/interamerica.org\/wp-content\/uploads\/2020\/01\/samuel-telemaque-cct-2-768x512.jpg 768w\" sizes=\"(max-width: 804px) 100vw, 804px\" \/><p id=\"caption-attachment-54862\" class=\"wp-caption-text\">El pastor Samuel Telemaque, director de Escuela Sab\u00e1tica a cargo de misiones interculturales en Interam\u00e9rica, habla durante una capacitaci\u00f3n en l\u00ednea que se enfoc\u00f3 en motivar a los pastores, l\u00edderes misioneros y miembros activos para que alcancen a grupos de personas espec\u00edficos en todo el territorio. El programa en l\u00ednea se llev\u00f3 a cabo el 11 de enero de 2020 desde Miami, Florida, Estados Unidos. [Fotograf\u00eda: Keila Trejo\/DIA]<\/p><\/div>21 de enero de 2020 | Miami, Florida, Estados Unidos | Libna Stevens\/DIA<\/p>\n<p>Los l\u00edderes adventistas de la Divisi\u00f3n Interamericana est\u00e1n experimentando un cambio en el evangelismo a lo largo y a lo ancho del territorio de r\u00e1pido crecimiento. No en los m\u00e9todos tradicionales de establecer iglesias dentro de un grupo de personas o cultura en particular, sino al establecer iglesias dentro de grupos de personas que cruzan las fronteras \u00e9tnicas, culturales y de creencias. Es un cambio que ha estado en curso ya por varios a\u00f1os, y uno que llev\u00f3 a una sesi\u00f3n especial de capacitaci\u00f3n intercultural en l\u00ednea, que se llev\u00f3 a cabo el 11 de enero de 2020.<\/p>\n<p>\u201cNuestro principal \u00e9nfasis es brindarles nuevos conocimientos, nuevas habilidades y nuevas actitudes hacia el establecimiento de nuevas iglesias entre los crecientes grupos \u00e9tnicos, las comunidades de inmigrantes, y otros grupos a lo largo y a lo ancho de Interam\u00e9rica\u201d, dijo el pastor Samuel Telemaque, director de Escuela Sab\u00e1tica a cargo de misiones interculturales en Interam\u00e9rica, y principal organizador del evento. \u201cEsto es una misi\u00f3n intercultural\u201d.<\/p>\n<p>En el comienzo del evento, Telemaque explic\u00f3 el proceso pr\u00e1ctico de establecer iglesias para pastores, l\u00edderes misioneros y miembros de iglesia activos, para que ellos puedan entender mejor la ense\u00f1anza b\u00edblica de alcanzar a personas de todas las naciones.<\/p>\n<p><div id=\"attachment_54841\" style=\"width: 811px\" class=\"wp-caption aligncenter\"><img decoding=\"async\" aria-describedby=\"caption-attachment-54841\" class=\" wp-image-54839\" src=\"https:\/\/recursing-golick.147-182-135-0.plesk.page\/wp-content\/uploads\/2020\/01\/jeff-scoggins.jpg\" alt=\"\" width=\"801\" height=\"534\" srcset=\"https:\/\/interamerica.org\/wp-content\/uploads\/2020\/01\/jeff-scoggins.jpg 1000w, https:\/\/interamerica.org\/wp-content\/uploads\/2020\/01\/jeff-scoggins-300x200.jpg 300w, https:\/\/interamerica.org\/wp-content\/uploads\/2020\/01\/jeff-scoggins-768x512.jpg 768w\" sizes=\"(max-width: 801px) 100vw, 801px\" \/><p id=\"caption-attachment-54841\" class=\"wp-caption-text\">El pastor Jeff Scoggins, director de Misi\u00f3n Global e iniciativas de planificaci\u00f3n estrat\u00e9gica de la Iglesia Adventista mundial. [Fotograf\u00eda: Keila Trejo\/DIA]<\/p><\/div>\u201cEl proceso de entrada comienza con oraci\u00f3n, pidiendo orientaci\u00f3n al Esp\u00edritu Santo, entonces evaluando las necesidades de la gente, aprendiendo sus valores e identificando a alguien dentro de esa comunidad que lleva a conocer mejor al grupo\u201d, dijo Telemaque. Entonces, el proceso que sigue es la socializaci\u00f3n con los residentes de la comunidad, dijo. Esto incluye hablar, escuchar y ayudar a otros con sus m\u00e1s acuciantes necesidades, dando charlas de salud, fortaleciendo a las familias, llevando a cabo actividades deportivas y otras actividades de inter\u00e9s para el grupo. \u201cEl proceso pasa entonces a la aceptaci\u00f3n, donde usted es aceptado por la comunidad porque ha llegado a ser su amigo\u201d.<\/p>\n<p>Despu\u00e9s de un per\u00edodo que podr\u00eda llevar de cuatro a seis meses o a\u00fan m\u00e1s, el proceso pasa a la ense\u00f1anza, la predicaci\u00f3n y la proclamaci\u00f3n de la Palabra de Dios, explic\u00f3 Telemaque. \u201cEs importante que les digan qui\u00e9n es Dios, qu\u00e9 ha hecho Dios por ellos, y su responsabilidad ahora hacia Cristo como resultado de su salvaci\u00f3n\u201d, dijo. Se forma entonces un grupo de creyentes y el discipulado contin\u00faa a medida que son incorporados a la vida de la iglesia. \u201cTenemos que contextualizar la Palabra de Dios\u201d.<\/p>\n<p>Las estrategias de misi\u00f3n intercultural en Interam\u00e9rica se han fortalecido, y los l\u00edderes han visto crecimiento en comunidades hispanas, chinas, musulmanas y mayas.<\/p>\n<p>\u201cEs el momento adecuado para brindar capacitaci\u00f3n adicional sobre estas cuestiones que hemos comenzado a tratar\u201d, dijo Telemaque. El idioma es una barrera clave, dijo. Tambi\u00e9n lo es la cultura.<\/p>\n<p><div id=\"attachment_54853\" style=\"width: 810px\" class=\"wp-caption aligncenter\"><img decoding=\"async\" aria-describedby=\"caption-attachment-54853\" class=\" wp-image-54851\" src=\"https:\/\/recursing-golick.147-182-135-0.plesk.page\/wp-content\/uploads\/2020\/01\/petras-bahadur-cross-cultural.jpg\" alt=\"\" width=\"800\" height=\"533\" srcset=\"https:\/\/interamerica.org\/wp-content\/uploads\/2020\/01\/petras-bahadur-cross-cultural.jpg 1000w, https:\/\/interamerica.org\/wp-content\/uploads\/2020\/01\/petras-bahadur-cross-cultural-300x200.jpg 300w, https:\/\/interamerica.org\/wp-content\/uploads\/2020\/01\/petras-bahadur-cross-cultural-768x512.jpg 768w\" sizes=\"(max-width: 800px) 100vw, 800px\" \/><p id=\"caption-attachment-54853\" class=\"wp-caption-text\">Petras Bahadur, director del Centro Global de Relaciones Adventista-Musulmanas de la Iglesia Adventista mundial. [Fotograf\u00eda: Keila Trejo\/DIA]<\/p><\/div>Uno de los principales desaf\u00edos para la misi\u00f3n es entender que existen diferencias de cosmovisi\u00f3n. \u201cVemos las cosas desde una perspectiva occidental: con un \u00e9nfasis en la culpa y la ley, el individualismo. Grupos como los chinos, los musulmanes y los hind\u00faes, sin embargo, ven las cosas con una perspectiva oriental: una visi\u00f3n lineal del mundo donde todo lleva hacia un objetivo definitivo\u201d, dijo Telemaque.<\/p>\n<p>El evento de cuatro horas incluy\u00f3 presentaciones que profundizaron en los diversos aspectos del establecimiento de iglesias, de c\u00f3mo alcanzar y ministrar a los refugiados y a las comunidades de inmigrantes, evaluar las necesidades de las familias musulmanas y dise\u00f1ar el ministerio adecuado para alcanzarlos, y de llegar a la cultura china y a la di\u00e1spora francesa.<\/p>\n<p>Hasta el momento, hay diez centros de influencia en operaci\u00f3n en Interam\u00e9rica. Asimismo, hay dos familias de misioneros chinos prestando servicios, una en Panam\u00e1 y otra en Honduras. Se espera que llegue una familia m\u00e1s de misioneros chinos a la Rep\u00fablica Dominicana el pr\u00f3ximo mes, y otra familia a Ciudad de M\u00e9xico en abril 2020.<\/p>\n<p>El evento de cuatro horas incluy\u00f3 presentaciones que profundizaron en los diversos aspectos del establecimiento de iglesias, de c\u00f3mo alcanzar y ministrar a los refugiados y a las comunidades de inmigrantes, evaluar las necesidades de las familias musulmanas y dise\u00f1ar el ministerio adecuado para alcanzarlos, y de llegar a la cultura china y a la di\u00e1spora francesa.<\/p>\n<p>Al mismo tiempo, los principales l\u00edderes mundiales de la Iglesia Adventista se refirieron a c\u00f3mo enviar pioneros de Misi\u00f3n Global a Interam\u00e9rica, c\u00f3mo llegar a ser misioneros de carrera, c\u00f3mo conectarse y ministrar a los grupos ind\u00edgenas, explorar oportunidades actuales de voluntariado, y c\u00f3mo solicitar fondos para financiar centros de influencia, entre otros.<\/p>\n<p><div id=\"attachment_54865\" style=\"width: 809px\" class=\"wp-caption aligncenter\"><img loading=\"lazy\" decoding=\"async\" aria-describedby=\"caption-attachment-54865\" class=\"size-full wp-image-54863\" src=\"https:\/\/recursing-golick.147-182-135-0.plesk.page\/wp-content\/uploads\/2020\/01\/edmund-cao-cct.jpg\" alt=\"\" width=\"799\" height=\"533\" srcset=\"https:\/\/interamerica.org\/wp-content\/uploads\/2020\/01\/edmund-cao-cct.jpg 799w, https:\/\/interamerica.org\/wp-content\/uploads\/2020\/01\/edmund-cao-cct-300x200.jpg 300w, https:\/\/interamerica.org\/wp-content\/uploads\/2020\/01\/edmund-cao-cct-768x512.jpg 768w\" sizes=\"(max-width: 799px) 100vw, 799px\" \/><p id=\"caption-attachment-54865\" class=\"wp-caption-text\">Edmund Cao, director de la Misi\u00f3n Global China en Hong Kong, habla durante el evento de cuatro horas de duraci\u00f3n el pasado 11 de enero de 2020. [Fotograf\u00eda: Keila Trejo\/DIA]<\/p><\/div>Seg\u00fan Telemaque, se estima que el n\u00famero de chinos en el territorio de la Divisi\u00f3n Interamericana incluye a m\u00e1s de 130 mil residentes en Panam\u00e1, la Rep\u00fablica Dominicana y Surinam. M\u00e1s de un mill\u00f3n de musulmanes viven en Trinidad y Tobago y Guyana. M\u00e1s de 300 mil hind\u00faes viven en Trinidad, Surinam y Guyana. Los grupos de refugiados e ind\u00edgenas suman miles de personas m\u00e1s.<\/p>\n<p>\u201cEn Interam\u00e9rica, estamos comprometidos con la tarea de establecer nuevas iglesias para Dios, y de expandir el reino de Dios entre diferentes grupos de personas en Interam\u00e9rica\u201d, dijo Telemaque. La Divisi\u00f3n Interamericana est\u00e1 al frente de iniciativas y proyectos interculturales en la Iglesia Adventista mundial, a\u00f1adi\u00f3.<\/p>\n<p>Entre los presentadores estuvieron Jeff Scoggins, director de Misi\u00f3n Global e iniciativas de planificaci\u00f3n estrat\u00e9gica de la Iglesia Adventista mundial; Petras Bahadur, director del Centro Global de Relaciones Adventista-Musulmanas de la Iglesia Adventista mundial; Terri Salee, coordinadora de Ministerios Adventistas a los Refugiados e Inmigrantes de la Divisi\u00f3n Norteamericana; Edmund Cao, director de la Misi\u00f3n Global China en Hong Kong; Esteban Ricardo Palacios, director de iniciativas ministeriales y director de campo en \u00c1frica de Adventist Frontier Missions; y de la Divisi\u00f3n Interamericana, Leornard Johnson, secretario ejecutivo; Max Laurent, secretario de campo que se ocupa de la di\u00e1spora francesa; Janelle Scantlebury, de Adventist Volunteers; y Kern Tobias, presidente de la Uni\u00f3n Caribe\u00f1a.<\/p>\n<p><div id=\"attachment_54850\" style=\"width: 810px\" class=\"wp-caption aligncenter\"><img loading=\"lazy\" decoding=\"async\" aria-describedby=\"caption-attachment-54850\" class=\" wp-image-54848\" src=\"https:\/\/recursing-golick.147-182-135-0.plesk.page\/wp-content\/uploads\/2020\/01\/maxlaurent-cross-cultural-t.jpg\" alt=\"\" width=\"800\" height=\"527\" srcset=\"https:\/\/interamerica.org\/wp-content\/uploads\/2020\/01\/maxlaurent-cross-cultural-t.jpg 1000w, https:\/\/interamerica.org\/wp-content\/uploads\/2020\/01\/maxlaurent-cross-cultural-t-300x198.jpg 300w, https:\/\/interamerica.org\/wp-content\/uploads\/2020\/01\/maxlaurent-cross-cultural-t-768x506.jpg 768w\" sizes=\"(max-width: 800px) 100vw, 800px\" \/><p id=\"caption-attachment-54850\" class=\"wp-caption-text\">El pastor Max Laurent (derecha), secretario de campo que se ocupa de la di\u00e1spora francesa, explica los diversos grupos de habla francesa que est\u00e1n presentes en el territorio. Suzanne Babshaw traduce al ingl\u00e9s. [Fotograf\u00eda: Keila Trejo\/DIA]<\/p><\/div>Para ver la sesi\u00f3n en l\u00ednea de Capacitaci\u00f3n Intercultural de Interam\u00e9rica, ingrese:<\/p>\n<p><a href=\"https:\/\/www.youtube.com\/watch?v=DOauvqMdwEo\">AQU\u00cd<\/a> para ingl\u00e9s<\/p>\n<p><a href=\"https:\/\/www.youtube.com\/watch?v=Wa2mcxG1aoA\">AQU\u00cd<\/a> para espa\u00f1ol (pronto se subir\u00e1 una transmisi\u00f3n en l\u00ednea actualizada)<\/p>\n<p><a href=\"https:\/\/www.youtube.com\/watch?v=NvtlZgQvuhI\">AQU\u00cd<\/a> para franc\u00e9s<\/p>\n<p>Para visitar nuestra galer\u00eda de fotograf\u00edas del evento en l\u00ednea, entre <a href=\"https:\/\/www.flickr.com\/photos\/interamerica\/albums\/72157712667581207\">AQU\u00cd<\/a><\/p>\n<p>Traducci\u00f3n de Marcos Paseggi<\/p>\n","protected":false},"excerpt":{"rendered":"<p>21 de enero de 2020 | Miami, Florida, Estados Unidos | Libna Stevens\/DIA Los l\u00edderes adventistas de la Divisi\u00f3n Interamericana est\u00e1n experimentando un cambio en el evangelismo a lo largo&#8230;<\/p>\n","protected":false},"author":3,"featured_media":54838,"comment_status":"open","ping_status":"closed","sticky":false,"template":"","format":"standard","meta":{"_acf_changed":false,"footnotes":""},"categories":[16,15],"tags":[],"class_list":["post-54869","post","type-post","status-publish","format-standard","has-post-thumbnail","hentry","category-desde-la-sede","category-rss-espanol"],"acf":[],"yoast_head":"<!-- This site is optimized with the Yoast SEO plugin v27.3 - https:\/\/yoast.com\/product\/yoast-seo-wordpress\/ -->\n<title>Capacitaci\u00f3n intercultural en l\u00ednea fortalece la llegada a m\u00e1s grupos de personas en Interam\u00e9rica - Iglesia Adventista del S\u00e9ptimo D\u00eda - Divisi\u00f3n Interamericana<\/title>\n<meta name=\"robots\" content=\"index, follow, max-snippet:-1, max-image-preview:large, max-video-preview:-1\" \/>\n<link rel=\"canonical\" href=\"https:\/\/interamerica.org\/es\/2020\/01\/capacitacion-intercultural-en-linea-fortalece-la-llegada-a-mas-grupos-de-personas-en-interamerica\/\" \/>\n<meta property=\"og:locale\" content=\"es_ES\" \/>\n<meta property=\"og:type\" content=\"article\" \/>\n<meta property=\"og:title\" content=\"Capacitaci\u00f3n intercultural en l\u00ednea fortalece la llegada a m\u00e1s grupos de personas en Interam\u00e9rica - Iglesia Adventista del S\u00e9ptimo D\u00eda - Divisi\u00f3n Interamericana\" \/>\n<meta property=\"og:description\" content=\"21 de enero de 2020 | Miami, Florida, Estados Unidos | Libna Stevens\/DIA Los l\u00edderes adventistas de la Divisi\u00f3n Interamericana est\u00e1n experimentando un cambio en el evangelismo a lo largo...\" \/>\n<meta property=\"og:url\" content=\"https:\/\/interamerica.org\/es\/2020\/01\/capacitacion-intercultural-en-linea-fortalece-la-llegada-a-mas-grupos-de-personas-en-interamerica\/\" \/>\n<meta property=\"og:site_name\" content=\"Iglesia Adventista del S\u00e9ptimo D\u00eda - Divisi\u00f3n Interamericana\" \/>\n<meta property=\"article:published_time\" content=\"2020-01-23T01:10:04+00:00\" \/>\n<meta property=\"article:modified_time\" content=\"2020-02-06T17:50:49+00:00\" \/>\n<meta property=\"og:image\" content=\"https:\/\/interamerica.org\/wp-content\/uploads\/2020\/01\/crossculture-1280.jpg\" \/>\n\t<meta property=\"og:image:width\" content=\"1280\" \/>\n\t<meta property=\"og:image:height\" content=\"800\" \/>\n\t<meta property=\"og:image:type\" content=\"image\/jpeg\" \/>\n<meta name=\"author\" content=\"libna\" \/>\n<meta name=\"twitter:card\" content=\"summary_large_image\" \/>\n<meta name=\"twitter:label1\" content=\"Escrito por\" \/>\n\t<meta name=\"twitter:data1\" content=\"libna\" \/>\n\t<meta name=\"twitter:label2\" content=\"Tiempo de lectura\" \/>\n\t<meta name=\"twitter:data2\" content=\"7 minutos\" \/>\n<script type=\"application\/ld+json\" class=\"yoast-schema-graph\">{\"@context\":\"https:\\\/\\\/schema.org\",\"@graph\":[{\"@type\":\"Article\",\"@id\":\"https:\\\/\\\/interamerica.org\\\/es\\\/2020\\\/01\\\/capacitacion-intercultural-en-linea-fortalece-la-llegada-a-mas-grupos-de-personas-en-interamerica\\\/#article\",\"isPartOf\":{\"@id\":\"https:\\\/\\\/interamerica.org\\\/es\\\/2020\\\/01\\\/capacitacion-intercultural-en-linea-fortalece-la-llegada-a-mas-grupos-de-personas-en-interamerica\\\/\"},\"author\":{\"name\":\"libna\",\"@id\":\"https:\\\/\\\/interamerica.org\\\/es\\\/#\\\/schema\\\/person\\\/29998f2bc2d8bd0d38662909289b54f1\"},\"headline\":\"Capacitaci\u00f3n intercultural en l\u00ednea fortalece la llegada a m\u00e1s grupos de personas en Interam\u00e9rica\",\"datePublished\":\"2020-01-23T01:10:04+00:00\",\"dateModified\":\"2020-02-06T17:50:49+00:00\",\"mainEntityOfPage\":{\"@id\":\"https:\\\/\\\/interamerica.org\\\/es\\\/2020\\\/01\\\/capacitacion-intercultural-en-linea-fortalece-la-llegada-a-mas-grupos-de-personas-en-interamerica\\\/\"},\"wordCount\":1359,\"commentCount\":0,\"image\":{\"@id\":\"https:\\\/\\\/interamerica.org\\\/es\\\/2020\\\/01\\\/capacitacion-intercultural-en-linea-fortalece-la-llegada-a-mas-grupos-de-personas-en-interamerica\\\/#primaryimage\"},\"thumbnailUrl\":\"https:\\\/\\\/interamerica.org\\\/wp-content\\\/uploads\\\/2020\\\/01\\\/crossculture-1280.jpg\",\"articleSection\":[\"Desde la sede\",\"RSS Espa\u00f1ol\"],\"inLanguage\":\"es\",\"potentialAction\":[{\"@type\":\"CommentAction\",\"name\":\"Comment\",\"target\":[\"https:\\\/\\\/interamerica.org\\\/es\\\/2020\\\/01\\\/capacitacion-intercultural-en-linea-fortalece-la-llegada-a-mas-grupos-de-personas-en-interamerica\\\/#respond\"]}]},{\"@type\":\"WebPage\",\"@id\":\"https:\\\/\\\/interamerica.org\\\/es\\\/2020\\\/01\\\/capacitacion-intercultural-en-linea-fortalece-la-llegada-a-mas-grupos-de-personas-en-interamerica\\\/\",\"url\":\"https:\\\/\\\/interamerica.org\\\/es\\\/2020\\\/01\\\/capacitacion-intercultural-en-linea-fortalece-la-llegada-a-mas-grupos-de-personas-en-interamerica\\\/\",\"name\":\"Capacitaci\u00f3n intercultural en l\u00ednea fortalece la llegada a m\u00e1s grupos de personas en Interam\u00e9rica - Iglesia Adventista del S\u00e9ptimo D\u00eda - Divisi\u00f3n Interamericana\",\"isPartOf\":{\"@id\":\"https:\\\/\\\/interamerica.org\\\/es\\\/#website\"},\"primaryImageOfPage\":{\"@id\":\"https:\\\/\\\/interamerica.org\\\/es\\\/2020\\\/01\\\/capacitacion-intercultural-en-linea-fortalece-la-llegada-a-mas-grupos-de-personas-en-interamerica\\\/#primaryimage\"},\"image\":{\"@id\":\"https:\\\/\\\/interamerica.org\\\/es\\\/2020\\\/01\\\/capacitacion-intercultural-en-linea-fortalece-la-llegada-a-mas-grupos-de-personas-en-interamerica\\\/#primaryimage\"},\"thumbnailUrl\":\"https:\\\/\\\/interamerica.org\\\/wp-content\\\/uploads\\\/2020\\\/01\\\/crossculture-1280.jpg\",\"datePublished\":\"2020-01-23T01:10:04+00:00\",\"dateModified\":\"2020-02-06T17:50:49+00:00\",\"author\":{\"@id\":\"https:\\\/\\\/interamerica.org\\\/es\\\/#\\\/schema\\\/person\\\/29998f2bc2d8bd0d38662909289b54f1\"},\"breadcrumb\":{\"@id\":\"https:\\\/\\\/interamerica.org\\\/es\\\/2020\\\/01\\\/capacitacion-intercultural-en-linea-fortalece-la-llegada-a-mas-grupos-de-personas-en-interamerica\\\/#breadcrumb\"},\"inLanguage\":\"es\",\"potentialAction\":[{\"@type\":\"ReadAction\",\"target\":[\"https:\\\/\\\/interamerica.org\\\/es\\\/2020\\\/01\\\/capacitacion-intercultural-en-linea-fortalece-la-llegada-a-mas-grupos-de-personas-en-interamerica\\\/\"]}]},{\"@type\":\"ImageObject\",\"inLanguage\":\"es\",\"@id\":\"https:\\\/\\\/interamerica.org\\\/es\\\/2020\\\/01\\\/capacitacion-intercultural-en-linea-fortalece-la-llegada-a-mas-grupos-de-personas-en-interamerica\\\/#primaryimage\",\"url\":\"https:\\\/\\\/interamerica.org\\\/wp-content\\\/uploads\\\/2020\\\/01\\\/crossculture-1280.jpg\",\"contentUrl\":\"https:\\\/\\\/interamerica.org\\\/wp-content\\\/uploads\\\/2020\\\/01\\\/crossculture-1280.jpg\",\"width\":1280,\"height\":800,\"caption\":\"[Fotograf\u00eda: Keila Trejo\\\/DIA]\"},{\"@type\":\"BreadcrumbList\",\"@id\":\"https:\\\/\\\/interamerica.org\\\/es\\\/2020\\\/01\\\/capacitacion-intercultural-en-linea-fortalece-la-llegada-a-mas-grupos-de-personas-en-interamerica\\\/#breadcrumb\",\"itemListElement\":[{\"@type\":\"ListItem\",\"position\":1,\"name\":\"Home\",\"item\":\"https:\\\/\\\/interamerica.org\\\/es\\\/\"},{\"@type\":\"ListItem\",\"position\":2,\"name\":\"Capacitaci\u00f3n intercultural en l\u00ednea fortalece la llegada a m\u00e1s grupos de personas en Interam\u00e9rica\"}]},{\"@type\":\"WebSite\",\"@id\":\"https:\\\/\\\/interamerica.org\\\/es\\\/#website\",\"url\":\"https:\\\/\\\/interamerica.org\\\/es\\\/\",\"name\":\"Iglesia Adventista del S\u00e9ptimo D\u00eda - Divisi\u00f3n Interamericana\",\"description\":\"\",\"potentialAction\":[{\"@type\":\"SearchAction\",\"target\":{\"@type\":\"EntryPoint\",\"urlTemplate\":\"https:\\\/\\\/interamerica.org\\\/es\\\/?s={search_term_string}\"},\"query-input\":{\"@type\":\"PropertyValueSpecification\",\"valueRequired\":true,\"valueName\":\"search_term_string\"}}],\"inLanguage\":\"es\"},{\"@type\":\"Person\",\"@id\":\"https:\\\/\\\/interamerica.org\\\/es\\\/#\\\/schema\\\/person\\\/29998f2bc2d8bd0d38662909289b54f1\",\"name\":\"libna\",\"image\":{\"@type\":\"ImageObject\",\"inLanguage\":\"es\",\"@id\":\"https:\\\/\\\/secure.gravatar.com\\\/avatar\\\/7c5bd30ae4b47a9ba3c856590957fd1d96dc588bf3ac05719d247e126840331f?s=96&d=mm&r=g\",\"url\":\"https:\\\/\\\/secure.gravatar.com\\\/avatar\\\/7c5bd30ae4b47a9ba3c856590957fd1d96dc588bf3ac05719d247e126840331f?s=96&d=mm&r=g\",\"contentUrl\":\"https:\\\/\\\/secure.gravatar.com\\\/avatar\\\/7c5bd30ae4b47a9ba3c856590957fd1d96dc588bf3ac05719d247e126840331f?s=96&d=mm&r=g\",\"caption\":\"libna\"}}]}<\/script>\n<!-- \/ Yoast SEO plugin. -->","yoast_head_json":{"title":"Capacitaci\u00f3n intercultural en l\u00ednea fortalece la llegada a m\u00e1s grupos de personas en Interam\u00e9rica - Iglesia Adventista del S\u00e9ptimo D\u00eda - Divisi\u00f3n Interamericana","robots":{"index":"index","follow":"follow","max-snippet":"max-snippet:-1","max-image-preview":"max-image-preview:large","max-video-preview":"max-video-preview:-1"},"canonical":"https:\/\/interamerica.org\/es\/2020\/01\/capacitacion-intercultural-en-linea-fortalece-la-llegada-a-mas-grupos-de-personas-en-interamerica\/","og_locale":"es_ES","og_type":"article","og_title":"Capacitaci\u00f3n intercultural en l\u00ednea fortalece la llegada a m\u00e1s grupos de personas en Interam\u00e9rica - Iglesia Adventista del S\u00e9ptimo D\u00eda - Divisi\u00f3n Interamericana","og_description":"21 de enero de 2020 | Miami, Florida, Estados Unidos | Libna Stevens\/DIA Los l\u00edderes adventistas de la Divisi\u00f3n Interamericana est\u00e1n experimentando un cambio en el evangelismo a lo largo...","og_url":"https:\/\/interamerica.org\/es\/2020\/01\/capacitacion-intercultural-en-linea-fortalece-la-llegada-a-mas-grupos-de-personas-en-interamerica\/","og_site_name":"Iglesia Adventista del S\u00e9ptimo D\u00eda - Divisi\u00f3n Interamericana","article_published_time":"2020-01-23T01:10:04+00:00","article_modified_time":"2020-02-06T17:50:49+00:00","og_image":[{"width":1280,"height":800,"url":"https:\/\/interamerica.org\/wp-content\/uploads\/2020\/01\/crossculture-1280.jpg","type":"image\/jpeg"}],"author":"libna","twitter_card":"summary_large_image","twitter_misc":{"Escrito por":"libna","Tiempo de lectura":"7 minutos"},"schema":{"@context":"https:\/\/schema.org","@graph":[{"@type":"Article","@id":"https:\/\/interamerica.org\/es\/2020\/01\/capacitacion-intercultural-en-linea-fortalece-la-llegada-a-mas-grupos-de-personas-en-interamerica\/#article","isPartOf":{"@id":"https:\/\/interamerica.org\/es\/2020\/01\/capacitacion-intercultural-en-linea-fortalece-la-llegada-a-mas-grupos-de-personas-en-interamerica\/"},"author":{"name":"libna","@id":"https:\/\/interamerica.org\/es\/#\/schema\/person\/29998f2bc2d8bd0d38662909289b54f1"},"headline":"Capacitaci\u00f3n intercultural en l\u00ednea fortalece la llegada a m\u00e1s grupos de personas en Interam\u00e9rica","datePublished":"2020-01-23T01:10:04+00:00","dateModified":"2020-02-06T17:50:49+00:00","mainEntityOfPage":{"@id":"https:\/\/interamerica.org\/es\/2020\/01\/capacitacion-intercultural-en-linea-fortalece-la-llegada-a-mas-grupos-de-personas-en-interamerica\/"},"wordCount":1359,"commentCount":0,"image":{"@id":"https:\/\/interamerica.org\/es\/2020\/01\/capacitacion-intercultural-en-linea-fortalece-la-llegada-a-mas-grupos-de-personas-en-interamerica\/#primaryimage"},"thumbnailUrl":"https:\/\/interamerica.org\/wp-content\/uploads\/2020\/01\/crossculture-1280.jpg","articleSection":["Desde la sede","RSS Espa\u00f1ol"],"inLanguage":"es","potentialAction":[{"@type":"CommentAction","name":"Comment","target":["https:\/\/interamerica.org\/es\/2020\/01\/capacitacion-intercultural-en-linea-fortalece-la-llegada-a-mas-grupos-de-personas-en-interamerica\/#respond"]}]},{"@type":"WebPage","@id":"https:\/\/interamerica.org\/es\/2020\/01\/capacitacion-intercultural-en-linea-fortalece-la-llegada-a-mas-grupos-de-personas-en-interamerica\/","url":"https:\/\/interamerica.org\/es\/2020\/01\/capacitacion-intercultural-en-linea-fortalece-la-llegada-a-mas-grupos-de-personas-en-interamerica\/","name":"Capacitaci\u00f3n intercultural en l\u00ednea fortalece la llegada a m\u00e1s grupos de personas en Interam\u00e9rica - Iglesia Adventista del S\u00e9ptimo D\u00eda - Divisi\u00f3n Interamericana","isPartOf":{"@id":"https:\/\/interamerica.org\/es\/#website"},"primaryImageOfPage":{"@id":"https:\/\/interamerica.org\/es\/2020\/01\/capacitacion-intercultural-en-linea-fortalece-la-llegada-a-mas-grupos-de-personas-en-interamerica\/#primaryimage"},"image":{"@id":"https:\/\/interamerica.org\/es\/2020\/01\/capacitacion-intercultural-en-linea-fortalece-la-llegada-a-mas-grupos-de-personas-en-interamerica\/#primaryimage"},"thumbnailUrl":"https:\/\/interamerica.org\/wp-content\/uploads\/2020\/01\/crossculture-1280.jpg","datePublished":"2020-01-23T01:10:04+00:00","dateModified":"2020-02-06T17:50:49+00:00","author":{"@id":"https:\/\/interamerica.org\/es\/#\/schema\/person\/29998f2bc2d8bd0d38662909289b54f1"},"breadcrumb":{"@id":"https:\/\/interamerica.org\/es\/2020\/01\/capacitacion-intercultural-en-linea-fortalece-la-llegada-a-mas-grupos-de-personas-en-interamerica\/#breadcrumb"},"inLanguage":"es","potentialAction":[{"@type":"ReadAction","target":["https:\/\/interamerica.org\/es\/2020\/01\/capacitacion-intercultural-en-linea-fortalece-la-llegada-a-mas-grupos-de-personas-en-interamerica\/"]}]},{"@type":"ImageObject","inLanguage":"es","@id":"https:\/\/interamerica.org\/es\/2020\/01\/capacitacion-intercultural-en-linea-fortalece-la-llegada-a-mas-grupos-de-personas-en-interamerica\/#primaryimage","url":"https:\/\/interamerica.org\/wp-content\/uploads\/2020\/01\/crossculture-1280.jpg","contentUrl":"https:\/\/interamerica.org\/wp-content\/uploads\/2020\/01\/crossculture-1280.jpg","width":1280,"height":800,"caption":"[Fotograf\u00eda: Keila Trejo\/DIA]"},{"@type":"BreadcrumbList","@id":"https:\/\/interamerica.org\/es\/2020\/01\/capacitacion-intercultural-en-linea-fortalece-la-llegada-a-mas-grupos-de-personas-en-interamerica\/#breadcrumb","itemListElement":[{"@type":"ListItem","position":1,"name":"Home","item":"https:\/\/interamerica.org\/es\/"},{"@type":"ListItem","position":2,"name":"Capacitaci\u00f3n intercultural en l\u00ednea fortalece la llegada a m\u00e1s grupos de personas en Interam\u00e9rica"}]},{"@type":"WebSite","@id":"https:\/\/interamerica.org\/es\/#website","url":"https:\/\/interamerica.org\/es\/","name":"Iglesia Adventista del S\u00e9ptimo D\u00eda - Divisi\u00f3n Interamericana","description":"","potentialAction":[{"@type":"SearchAction","target":{"@type":"EntryPoint","urlTemplate":"https:\/\/interamerica.org\/es\/?s={search_term_string}"},"query-input":{"@type":"PropertyValueSpecification","valueRequired":true,"valueName":"search_term_string"}}],"inLanguage":"es"},{"@type":"Person","@id":"https:\/\/interamerica.org\/es\/#\/schema\/person\/29998f2bc2d8bd0d38662909289b54f1","name":"libna","image":{"@type":"ImageObject","inLanguage":"es","@id":"https:\/\/secure.gravatar.com\/avatar\/7c5bd30ae4b47a9ba3c856590957fd1d96dc588bf3ac05719d247e126840331f?s=96&d=mm&r=g","url":"https:\/\/secure.gravatar.com\/avatar\/7c5bd30ae4b47a9ba3c856590957fd1d96dc588bf3ac05719d247e126840331f?s=96&d=mm&r=g","contentUrl":"https:\/\/secure.gravatar.com\/avatar\/7c5bd30ae4b47a9ba3c856590957fd1d96dc588bf3ac05719d247e126840331f?s=96&d=mm&r=g","caption":"libna"}}]}},"_links":{"self":[{"href":"https:\/\/interamerica.org\/es\/wp-json\/wp\/v2\/posts\/54869","targetHints":{"allow":["GET"]}}],"collection":[{"href":"https:\/\/interamerica.org\/es\/wp-json\/wp\/v2\/posts"}],"about":[{"href":"https:\/\/interamerica.org\/es\/wp-json\/wp\/v2\/types\/post"}],"author":[{"embeddable":true,"href":"https:\/\/interamerica.org\/es\/wp-json\/wp\/v2\/users\/3"}],"replies":[{"embeddable":true,"href":"https:\/\/interamerica.org\/es\/wp-json\/wp\/v2\/comments?post=54869"}],"version-history":[{"count":0,"href":"https:\/\/interamerica.org\/es\/wp-json\/wp\/v2\/posts\/54869\/revisions"}],"wp:featuredmedia":[{"embeddable":true,"href":"https:\/\/interamerica.org\/es\/wp-json\/wp\/v2\/media\/54838"}],"wp:attachment":[{"href":"https:\/\/interamerica.org\/es\/wp-json\/wp\/v2\/media?parent=54869"}],"wp:term":[{"taxonomy":"category","embeddable":true,"href":"https:\/\/interamerica.org\/es\/wp-json\/wp\/v2\/categories?post=54869"},{"taxonomy":"post_tag","embeddable":true,"href":"https:\/\/interamerica.org\/es\/wp-json\/wp\/v2\/tags?post=54869"}],"curies":[{"name":"wp","href":"https:\/\/api.w.org\/{rel}","templated":true}]}}