{"id":54963,"date":"2020-01-25T19:56:44","date_gmt":"2020-01-25T23:56:44","guid":{"rendered":"https:\/\/recursing-golick.147-182-135-0.plesk.page\/?p=54963"},"modified":"2020-02-06T13:49:24","modified_gmt":"2020-02-06T17:49:24","slug":"adra-esta-brindando-ayuda-continuada-despues-de-los-terremotos-de-puerto-rico","status":"publish","type":"post","link":"https:\/\/interamerica.org\/es\/2020\/01\/adra-esta-brindando-ayuda-continuada-despues-de-los-terremotos-de-puerto-rico\/","title":{"rendered":"ADRA est\u00e1 brindando ayuda continuada despu\u00e9s de los terremotos de Puerto Rico"},"content":{"rendered":"<p><div id=\"attachment_54937\" style=\"width: 815px\" class=\"wp-caption aligncenter\"><img fetchpriority=\"high\" decoding=\"async\" aria-describedby=\"caption-attachment-54937\" class=\" wp-image-54935\" src=\"https:\/\/recursing-golick.147-182-135-0.plesk.page\/wp-content\/uploads\/2020\/01\/adra-is-providing-ongoing-aid-after-puerto-rico-earthquakes1280-1024x640.jpg\" alt=\"\" width=\"805\" height=\"503\" srcset=\"https:\/\/interamerica.org\/wp-content\/uploads\/2020\/01\/adra-is-providing-ongoing-aid-after-puerto-rico-earthquakes1280-1024x640.jpg 1024w, https:\/\/interamerica.org\/wp-content\/uploads\/2020\/01\/adra-is-providing-ongoing-aid-after-puerto-rico-earthquakes1280-300x188.jpg 300w, https:\/\/interamerica.org\/wp-content\/uploads\/2020\/01\/adra-is-providing-ongoing-aid-after-puerto-rico-earthquakes1280-768x480.jpg 768w, https:\/\/interamerica.org\/wp-content\/uploads\/2020\/01\/adra-is-providing-ongoing-aid-after-puerto-rico-earthquakes1280.jpg 1280w\" sizes=\"(max-width: 805px) 100vw, 805px\" \/><p id=\"caption-attachment-54937\" class=\"wp-caption-text\">Jos\u00e9 Alberto Rodr\u00edguez (centro, de camisa negra), presidente de la Iglesia Adventista en Puerto Rico, habla con los obreros y voluntarios de ADRA que ayudan a los residentes afectados por el n\u00famero continuo de terremotos y r\u00e9plicas en la regi\u00f3n sudoeste de la isla. [Fotograf\u00eda: ADRA Puerto Rico]<\/p><\/div>24 de enero de 2020 | Silver Spring, Maryland, Estados Unidos | <span class=\"byline-news\">Agencia Adventista de Desarrollo y Recursos Asistenciales<\/span><\/p>\n<p><span class=\"cap\">La Agencia Adventista de Desarrollo y Recursos Asistenciales (ADRA), en sociedad con los l\u00edderes de la Iglesia Adventista del S\u00e9ptimo D\u00eda en Puerto Rico, ha estado coordinando esfuerzos asistenciales en Guayanilla, Sabana Grande, Yauco, Ponce, Guaypao, Bo Luna y Jagua despu\u00e9s de que una serie de terremotos azot\u00f3 la regi\u00f3n sudoeste de la isla a fines de 2019 y comienzos de 2020.<\/span><\/p>\n<p>Un sismo de 5,2 de magnitud fue el \u00faltimo que azot\u00f3 a Puerto Rico. El m\u00e1s grande y que m\u00e1s da\u00f1os produjo fue de una magnitud de 6,4, y se produjo el 7 de enero, causando da\u00f1os extensivos y cortes de energ\u00eda el\u00e9ctrica.<\/p>\n<p>Los voluntarios de ADRA y los l\u00edderes de la iglesia local pasaron pronto a la acci\u00f3n para proveer de alimentos a cientos de personas e instalar tiendas para los que perdieron sus hogares. Se ha informado que hay cientos de casas que fueron reconstruidas despu\u00e9s de la devastaci\u00f3n del hurac\u00e1n Irma y Mar\u00eda en 2017 fueron afectadas una vez m\u00e1s por los terremotos recientes.<\/p>\n<p><div id=\"attachment_54943\" style=\"width: 576px\" class=\"wp-caption aligncenter\"><img decoding=\"async\" aria-describedby=\"caption-attachment-54943\" class=\" wp-image-54941\" src=\"https:\/\/recursing-golick.147-182-135-0.plesk.page\/wp-content\/uploads\/2020\/01\/puerto-rico-tents.jpg\" alt=\"\" width=\"566\" height=\"755\" srcset=\"https:\/\/interamerica.org\/wp-content\/uploads\/2020\/01\/puerto-rico-tents.jpg 720w, https:\/\/interamerica.org\/wp-content\/uploads\/2020\/01\/puerto-rico-tents-225x300.jpg 225w\" sizes=\"(max-width: 566px) 100vw, 566px\" \/><p id=\"caption-attachment-54943\" class=\"wp-caption-text\">Obreros y voluntarios de la Agencia Adventista de Desarrollo y Recursos Asistenciales armaron tiendas para ayudar a brindar refugio a muchos puertorrique\u00f1os desplazados por la \u00faltima serie de terremotos en la regi\u00f3n sudoeste de la isla en diciembre de 2019 y enero de 2020. [Fotograf\u00eda: ADRA Puerto Rico]<\/p><\/div>\u201cNunca antes sentimos tantos terremotos semejantes en nuestros pueblos\u201d, dice David Sebastian, director de comunicaci\u00f3n de ADRA en Puerto Rico. \u201cLa gente no entra a sus casas por temor a que haya m\u00e1s temblores, y est\u00e1 durmiendo en sus autom\u00f3viles porque el piso no deja de temblar\u201d.<\/p>\n<p>Seg\u00fan la Investigaci\u00f3n Geol\u00f3gica de los Estados Unidos, m\u00e1s de 1200 sismos han sacudido la regi\u00f3n sur de la isla desde el 28 de diciembre. El \u00faltimo terremoto se produjo en las cercan\u00edas de Guanica, donde los sism\u00f3logos en el sur de Puerto Rico est\u00e1n tratando de hallar respuestas detr\u00e1s de los constantes e inusuales temblores.<\/p>\n<p>Los funcionarios del gobierno dicen que los sismos han causado da\u00f1os preliminares por 110 millones de d\u00f3lares a m\u00e1s de 500 hogares, y m\u00e1s de 4000 personas han buscado refugio.<\/p>\n<p>\u201cADRA ha establecido relaciones con United Airlines, Airlink, Latter-day Saints Charities, y Servicios Comunitarios Adventistas para ofrecer los art\u00edculos necesarios a los m\u00e1s afectados\u201d, dijo Sebastian.<\/p>\n<p><div id=\"attachment_54940\" style=\"width: 803px\" class=\"wp-caption aligncenter\"><img decoding=\"async\" aria-describedby=\"caption-attachment-54940\" class=\" wp-image-54938\" src=\"https:\/\/recursing-golick.147-182-135-0.plesk.page\/wp-content\/uploads\/2020\/01\/thumbnail-photo-2020-01-15-06-59-07.jpg\" alt=\"\" width=\"793\" height=\"595\" srcset=\"https:\/\/interamerica.org\/wp-content\/uploads\/2020\/01\/thumbnail-photo-2020-01-15-06-59-07.jpg 960w, https:\/\/interamerica.org\/wp-content\/uploads\/2020\/01\/thumbnail-photo-2020-01-15-06-59-07-300x225.jpg 300w, https:\/\/interamerica.org\/wp-content\/uploads\/2020\/01\/thumbnail-photo-2020-01-15-06-59-07-768x576.jpg 768w\" sizes=\"(max-width: 793px) 100vw, 793px\" \/><p id=\"caption-attachment-54940\" class=\"wp-caption-text\">Por medio de sociedades con otras organizaciones del gobierno y no gubernamentales, ADRA est\u00e1 ofreciendo platos de comida y otras ayudas a los puertorrique\u00f1os afectados por una serie de terremotos que sacudieron la isla en diciembre de 2019 y enero de 2020. [Fotograf\u00eda: ADRA Puerto Rico]<\/p><\/div>Por medio de este trabajo en sociedad, ADRA podr\u00e1 entregar doscientas tiendas y m\u00e1s de 1500 mantas a las comunidades que est\u00e1n atendiendo.<\/p>\n<p>\u201cEstamos llamando a todos para que nos ayuden, y este es el momento de hacerlo\u201d, dice Sebastian. \u201cPuede que no puedan estar en Puerto Rico para ayudar all\u00ed, pero su apoyo sigue siendo sumamente necesario\u201d.<\/p>\n<p>Traducci\u00f3n de Marcos Paseggi<\/p>\n","protected":false},"excerpt":{"rendered":"<p>24 de enero de 2020 | Silver Spring, Maryland, Estados Unidos | Agencia Adventista de Desarrollo y Recursos Asistenciales La Agencia Adventista de Desarrollo y Recursos Asistenciales (ADRA), en sociedad&#8230;<\/p>\n","protected":false},"author":3,"featured_media":54937,"comment_status":"open","ping_status":"closed","sticky":false,"template":"","format":"standard","meta":{"_acf_changed":false,"footnotes":""},"categories":[14,15],"tags":[],"class_list":["post-54963","post","type-post","status-publish","format-standard","has-post-thumbnail","hentry","category-de-la-iglesia-mundial","category-rss-espanol"],"acf":[],"yoast_head":"<!-- This site is optimized with the Yoast SEO plugin v27.3 - https:\/\/yoast.com\/product\/yoast-seo-wordpress\/ -->\n<title>ADRA est\u00e1 brindando ayuda continuada despu\u00e9s de los terremotos de Puerto Rico - Iglesia Adventista del S\u00e9ptimo D\u00eda - Divisi\u00f3n Interamericana<\/title>\n<meta name=\"robots\" content=\"index, follow, max-snippet:-1, max-image-preview:large, max-video-preview:-1\" \/>\n<link rel=\"canonical\" href=\"https:\/\/interamerica.org\/es\/2020\/01\/adra-esta-brindando-ayuda-continuada-despues-de-los-terremotos-de-puerto-rico\/\" \/>\n<meta property=\"og:locale\" content=\"es_ES\" \/>\n<meta property=\"og:type\" content=\"article\" \/>\n<meta property=\"og:title\" content=\"ADRA est\u00e1 brindando ayuda continuada despu\u00e9s de los terremotos de Puerto Rico - Iglesia Adventista del S\u00e9ptimo D\u00eda - Divisi\u00f3n Interamericana\" \/>\n<meta property=\"og:description\" content=\"24 de enero de 2020 | Silver Spring, Maryland, Estados Unidos | Agencia Adventista de Desarrollo y Recursos Asistenciales La Agencia Adventista de Desarrollo y Recursos Asistenciales (ADRA), en sociedad...\" \/>\n<meta property=\"og:url\" content=\"https:\/\/interamerica.org\/es\/2020\/01\/adra-esta-brindando-ayuda-continuada-despues-de-los-terremotos-de-puerto-rico\/\" \/>\n<meta property=\"og:site_name\" content=\"Iglesia Adventista del S\u00e9ptimo D\u00eda - Divisi\u00f3n Interamericana\" \/>\n<meta property=\"article:published_time\" content=\"2020-01-25T23:56:44+00:00\" \/>\n<meta property=\"article:modified_time\" content=\"2020-02-06T17:49:24+00:00\" \/>\n<meta property=\"og:image\" content=\"https:\/\/interamerica.org\/wp-content\/uploads\/2020\/01\/adra-is-providing-ongoing-aid-after-puerto-rico-earthquakes1280.jpg\" \/>\n\t<meta property=\"og:image:width\" content=\"1280\" \/>\n\t<meta property=\"og:image:height\" content=\"800\" \/>\n\t<meta property=\"og:image:type\" content=\"image\/jpeg\" \/>\n<meta name=\"author\" content=\"libna\" \/>\n<meta name=\"twitter:card\" content=\"summary_large_image\" \/>\n<meta name=\"twitter:label1\" content=\"Escrito por\" \/>\n\t<meta name=\"twitter:data1\" content=\"libna\" \/>\n\t<meta name=\"twitter:label2\" content=\"Tiempo de lectura\" \/>\n\t<meta name=\"twitter:data2\" content=\"3 minutos\" \/>\n<script type=\"application\/ld+json\" class=\"yoast-schema-graph\">{\"@context\":\"https:\\\/\\\/schema.org\",\"@graph\":[{\"@type\":\"Article\",\"@id\":\"https:\\\/\\\/interamerica.org\\\/es\\\/2020\\\/01\\\/adra-esta-brindando-ayuda-continuada-despues-de-los-terremotos-de-puerto-rico\\\/#article\",\"isPartOf\":{\"@id\":\"https:\\\/\\\/interamerica.org\\\/es\\\/2020\\\/01\\\/adra-esta-brindando-ayuda-continuada-despues-de-los-terremotos-de-puerto-rico\\\/\"},\"author\":{\"name\":\"libna\",\"@id\":\"https:\\\/\\\/interamerica.org\\\/es\\\/#\\\/schema\\\/person\\\/29998f2bc2d8bd0d38662909289b54f1\"},\"headline\":\"ADRA est\u00e1 brindando ayuda continuada despu\u00e9s de los terremotos de Puerto Rico\",\"datePublished\":\"2020-01-25T23:56:44+00:00\",\"dateModified\":\"2020-02-06T17:49:24+00:00\",\"mainEntityOfPage\":{\"@id\":\"https:\\\/\\\/interamerica.org\\\/es\\\/2020\\\/01\\\/adra-esta-brindando-ayuda-continuada-despues-de-los-terremotos-de-puerto-rico\\\/\"},\"wordCount\":614,\"commentCount\":0,\"image\":{\"@id\":\"https:\\\/\\\/interamerica.org\\\/es\\\/2020\\\/01\\\/adra-esta-brindando-ayuda-continuada-despues-de-los-terremotos-de-puerto-rico\\\/#primaryimage\"},\"thumbnailUrl\":\"https:\\\/\\\/interamerica.org\\\/wp-content\\\/uploads\\\/2020\\\/01\\\/adra-is-providing-ongoing-aid-after-puerto-rico-earthquakes1280.jpg\",\"articleSection\":[\"Desde la iglesia mundial\",\"RSS Espa\u00f1ol\"],\"inLanguage\":\"es\",\"potentialAction\":[{\"@type\":\"CommentAction\",\"name\":\"Comment\",\"target\":[\"https:\\\/\\\/interamerica.org\\\/es\\\/2020\\\/01\\\/adra-esta-brindando-ayuda-continuada-despues-de-los-terremotos-de-puerto-rico\\\/#respond\"]}]},{\"@type\":\"WebPage\",\"@id\":\"https:\\\/\\\/interamerica.org\\\/es\\\/2020\\\/01\\\/adra-esta-brindando-ayuda-continuada-despues-de-los-terremotos-de-puerto-rico\\\/\",\"url\":\"https:\\\/\\\/interamerica.org\\\/es\\\/2020\\\/01\\\/adra-esta-brindando-ayuda-continuada-despues-de-los-terremotos-de-puerto-rico\\\/\",\"name\":\"ADRA est\u00e1 brindando ayuda continuada despu\u00e9s de los terremotos de Puerto Rico - Iglesia Adventista del S\u00e9ptimo D\u00eda - Divisi\u00f3n Interamericana\",\"isPartOf\":{\"@id\":\"https:\\\/\\\/interamerica.org\\\/es\\\/#website\"},\"primaryImageOfPage\":{\"@id\":\"https:\\\/\\\/interamerica.org\\\/es\\\/2020\\\/01\\\/adra-esta-brindando-ayuda-continuada-despues-de-los-terremotos-de-puerto-rico\\\/#primaryimage\"},\"image\":{\"@id\":\"https:\\\/\\\/interamerica.org\\\/es\\\/2020\\\/01\\\/adra-esta-brindando-ayuda-continuada-despues-de-los-terremotos-de-puerto-rico\\\/#primaryimage\"},\"thumbnailUrl\":\"https:\\\/\\\/interamerica.org\\\/wp-content\\\/uploads\\\/2020\\\/01\\\/adra-is-providing-ongoing-aid-after-puerto-rico-earthquakes1280.jpg\",\"datePublished\":\"2020-01-25T23:56:44+00:00\",\"dateModified\":\"2020-02-06T17:49:24+00:00\",\"author\":{\"@id\":\"https:\\\/\\\/interamerica.org\\\/es\\\/#\\\/schema\\\/person\\\/29998f2bc2d8bd0d38662909289b54f1\"},\"breadcrumb\":{\"@id\":\"https:\\\/\\\/interamerica.org\\\/es\\\/2020\\\/01\\\/adra-esta-brindando-ayuda-continuada-despues-de-los-terremotos-de-puerto-rico\\\/#breadcrumb\"},\"inLanguage\":\"es\",\"potentialAction\":[{\"@type\":\"ReadAction\",\"target\":[\"https:\\\/\\\/interamerica.org\\\/es\\\/2020\\\/01\\\/adra-esta-brindando-ayuda-continuada-despues-de-los-terremotos-de-puerto-rico\\\/\"]}]},{\"@type\":\"ImageObject\",\"inLanguage\":\"es\",\"@id\":\"https:\\\/\\\/interamerica.org\\\/es\\\/2020\\\/01\\\/adra-esta-brindando-ayuda-continuada-despues-de-los-terremotos-de-puerto-rico\\\/#primaryimage\",\"url\":\"https:\\\/\\\/interamerica.org\\\/wp-content\\\/uploads\\\/2020\\\/01\\\/adra-is-providing-ongoing-aid-after-puerto-rico-earthquakes1280.jpg\",\"contentUrl\":\"https:\\\/\\\/interamerica.org\\\/wp-content\\\/uploads\\\/2020\\\/01\\\/adra-is-providing-ongoing-aid-after-puerto-rico-earthquakes1280.jpg\",\"width\":1280,\"height\":800,\"caption\":\"Jos\u00e9 Alberto Rodr\u00edguez (centro, de camisa negra), presidente de la Iglesia Adventista en Puerto Rico, habla con los obreros y voluntarios de ADRA que ayudan a los residentes afectados por el n\u00famero continuo de terremotos y r\u00e9plicas en la regi\u00f3n sudoeste de la isla. [Fotograf\u00eda: ADRA Puerto Rico]\"},{\"@type\":\"BreadcrumbList\",\"@id\":\"https:\\\/\\\/interamerica.org\\\/es\\\/2020\\\/01\\\/adra-esta-brindando-ayuda-continuada-despues-de-los-terremotos-de-puerto-rico\\\/#breadcrumb\",\"itemListElement\":[{\"@type\":\"ListItem\",\"position\":1,\"name\":\"Home\",\"item\":\"https:\\\/\\\/interamerica.org\\\/es\\\/\"},{\"@type\":\"ListItem\",\"position\":2,\"name\":\"ADRA est\u00e1 brindando ayuda continuada despu\u00e9s de los terremotos de Puerto Rico\"}]},{\"@type\":\"WebSite\",\"@id\":\"https:\\\/\\\/interamerica.org\\\/es\\\/#website\",\"url\":\"https:\\\/\\\/interamerica.org\\\/es\\\/\",\"name\":\"Iglesia Adventista del S\u00e9ptimo D\u00eda - Divisi\u00f3n Interamericana\",\"description\":\"\",\"potentialAction\":[{\"@type\":\"SearchAction\",\"target\":{\"@type\":\"EntryPoint\",\"urlTemplate\":\"https:\\\/\\\/interamerica.org\\\/es\\\/?s={search_term_string}\"},\"query-input\":{\"@type\":\"PropertyValueSpecification\",\"valueRequired\":true,\"valueName\":\"search_term_string\"}}],\"inLanguage\":\"es\"},{\"@type\":\"Person\",\"@id\":\"https:\\\/\\\/interamerica.org\\\/es\\\/#\\\/schema\\\/person\\\/29998f2bc2d8bd0d38662909289b54f1\",\"name\":\"libna\",\"image\":{\"@type\":\"ImageObject\",\"inLanguage\":\"es\",\"@id\":\"https:\\\/\\\/secure.gravatar.com\\\/avatar\\\/7c5bd30ae4b47a9ba3c856590957fd1d96dc588bf3ac05719d247e126840331f?s=96&d=mm&r=g\",\"url\":\"https:\\\/\\\/secure.gravatar.com\\\/avatar\\\/7c5bd30ae4b47a9ba3c856590957fd1d96dc588bf3ac05719d247e126840331f?s=96&d=mm&r=g\",\"contentUrl\":\"https:\\\/\\\/secure.gravatar.com\\\/avatar\\\/7c5bd30ae4b47a9ba3c856590957fd1d96dc588bf3ac05719d247e126840331f?s=96&d=mm&r=g\",\"caption\":\"libna\"}}]}<\/script>\n<!-- \/ Yoast SEO plugin. -->","yoast_head_json":{"title":"ADRA est\u00e1 brindando ayuda continuada despu\u00e9s de los terremotos de Puerto Rico - Iglesia Adventista del S\u00e9ptimo D\u00eda - Divisi\u00f3n Interamericana","robots":{"index":"index","follow":"follow","max-snippet":"max-snippet:-1","max-image-preview":"max-image-preview:large","max-video-preview":"max-video-preview:-1"},"canonical":"https:\/\/interamerica.org\/es\/2020\/01\/adra-esta-brindando-ayuda-continuada-despues-de-los-terremotos-de-puerto-rico\/","og_locale":"es_ES","og_type":"article","og_title":"ADRA est\u00e1 brindando ayuda continuada despu\u00e9s de los terremotos de Puerto Rico - Iglesia Adventista del S\u00e9ptimo D\u00eda - Divisi\u00f3n Interamericana","og_description":"24 de enero de 2020 | Silver Spring, Maryland, Estados Unidos | Agencia Adventista de Desarrollo y Recursos Asistenciales La Agencia Adventista de Desarrollo y Recursos Asistenciales (ADRA), en sociedad...","og_url":"https:\/\/interamerica.org\/es\/2020\/01\/adra-esta-brindando-ayuda-continuada-despues-de-los-terremotos-de-puerto-rico\/","og_site_name":"Iglesia Adventista del S\u00e9ptimo D\u00eda - Divisi\u00f3n Interamericana","article_published_time":"2020-01-25T23:56:44+00:00","article_modified_time":"2020-02-06T17:49:24+00:00","og_image":[{"width":1280,"height":800,"url":"https:\/\/interamerica.org\/wp-content\/uploads\/2020\/01\/adra-is-providing-ongoing-aid-after-puerto-rico-earthquakes1280.jpg","type":"image\/jpeg"}],"author":"libna","twitter_card":"summary_large_image","twitter_misc":{"Escrito por":"libna","Tiempo de lectura":"3 minutos"},"schema":{"@context":"https:\/\/schema.org","@graph":[{"@type":"Article","@id":"https:\/\/interamerica.org\/es\/2020\/01\/adra-esta-brindando-ayuda-continuada-despues-de-los-terremotos-de-puerto-rico\/#article","isPartOf":{"@id":"https:\/\/interamerica.org\/es\/2020\/01\/adra-esta-brindando-ayuda-continuada-despues-de-los-terremotos-de-puerto-rico\/"},"author":{"name":"libna","@id":"https:\/\/interamerica.org\/es\/#\/schema\/person\/29998f2bc2d8bd0d38662909289b54f1"},"headline":"ADRA est\u00e1 brindando ayuda continuada despu\u00e9s de los terremotos de Puerto Rico","datePublished":"2020-01-25T23:56:44+00:00","dateModified":"2020-02-06T17:49:24+00:00","mainEntityOfPage":{"@id":"https:\/\/interamerica.org\/es\/2020\/01\/adra-esta-brindando-ayuda-continuada-despues-de-los-terremotos-de-puerto-rico\/"},"wordCount":614,"commentCount":0,"image":{"@id":"https:\/\/interamerica.org\/es\/2020\/01\/adra-esta-brindando-ayuda-continuada-despues-de-los-terremotos-de-puerto-rico\/#primaryimage"},"thumbnailUrl":"https:\/\/interamerica.org\/wp-content\/uploads\/2020\/01\/adra-is-providing-ongoing-aid-after-puerto-rico-earthquakes1280.jpg","articleSection":["Desde la iglesia mundial","RSS Espa\u00f1ol"],"inLanguage":"es","potentialAction":[{"@type":"CommentAction","name":"Comment","target":["https:\/\/interamerica.org\/es\/2020\/01\/adra-esta-brindando-ayuda-continuada-despues-de-los-terremotos-de-puerto-rico\/#respond"]}]},{"@type":"WebPage","@id":"https:\/\/interamerica.org\/es\/2020\/01\/adra-esta-brindando-ayuda-continuada-despues-de-los-terremotos-de-puerto-rico\/","url":"https:\/\/interamerica.org\/es\/2020\/01\/adra-esta-brindando-ayuda-continuada-despues-de-los-terremotos-de-puerto-rico\/","name":"ADRA est\u00e1 brindando ayuda continuada despu\u00e9s de los terremotos de Puerto Rico - Iglesia Adventista del S\u00e9ptimo D\u00eda - Divisi\u00f3n Interamericana","isPartOf":{"@id":"https:\/\/interamerica.org\/es\/#website"},"primaryImageOfPage":{"@id":"https:\/\/interamerica.org\/es\/2020\/01\/adra-esta-brindando-ayuda-continuada-despues-de-los-terremotos-de-puerto-rico\/#primaryimage"},"image":{"@id":"https:\/\/interamerica.org\/es\/2020\/01\/adra-esta-brindando-ayuda-continuada-despues-de-los-terremotos-de-puerto-rico\/#primaryimage"},"thumbnailUrl":"https:\/\/interamerica.org\/wp-content\/uploads\/2020\/01\/adra-is-providing-ongoing-aid-after-puerto-rico-earthquakes1280.jpg","datePublished":"2020-01-25T23:56:44+00:00","dateModified":"2020-02-06T17:49:24+00:00","author":{"@id":"https:\/\/interamerica.org\/es\/#\/schema\/person\/29998f2bc2d8bd0d38662909289b54f1"},"breadcrumb":{"@id":"https:\/\/interamerica.org\/es\/2020\/01\/adra-esta-brindando-ayuda-continuada-despues-de-los-terremotos-de-puerto-rico\/#breadcrumb"},"inLanguage":"es","potentialAction":[{"@type":"ReadAction","target":["https:\/\/interamerica.org\/es\/2020\/01\/adra-esta-brindando-ayuda-continuada-despues-de-los-terremotos-de-puerto-rico\/"]}]},{"@type":"ImageObject","inLanguage":"es","@id":"https:\/\/interamerica.org\/es\/2020\/01\/adra-esta-brindando-ayuda-continuada-despues-de-los-terremotos-de-puerto-rico\/#primaryimage","url":"https:\/\/interamerica.org\/wp-content\/uploads\/2020\/01\/adra-is-providing-ongoing-aid-after-puerto-rico-earthquakes1280.jpg","contentUrl":"https:\/\/interamerica.org\/wp-content\/uploads\/2020\/01\/adra-is-providing-ongoing-aid-after-puerto-rico-earthquakes1280.jpg","width":1280,"height":800,"caption":"Jos\u00e9 Alberto Rodr\u00edguez (centro, de camisa negra), presidente de la Iglesia Adventista en Puerto Rico, habla con los obreros y voluntarios de ADRA que ayudan a los residentes afectados por el n\u00famero continuo de terremotos y r\u00e9plicas en la regi\u00f3n sudoeste de la isla. [Fotograf\u00eda: ADRA Puerto Rico]"},{"@type":"BreadcrumbList","@id":"https:\/\/interamerica.org\/es\/2020\/01\/adra-esta-brindando-ayuda-continuada-despues-de-los-terremotos-de-puerto-rico\/#breadcrumb","itemListElement":[{"@type":"ListItem","position":1,"name":"Home","item":"https:\/\/interamerica.org\/es\/"},{"@type":"ListItem","position":2,"name":"ADRA est\u00e1 brindando ayuda continuada despu\u00e9s de los terremotos de Puerto Rico"}]},{"@type":"WebSite","@id":"https:\/\/interamerica.org\/es\/#website","url":"https:\/\/interamerica.org\/es\/","name":"Iglesia Adventista del S\u00e9ptimo D\u00eda - Divisi\u00f3n Interamericana","description":"","potentialAction":[{"@type":"SearchAction","target":{"@type":"EntryPoint","urlTemplate":"https:\/\/interamerica.org\/es\/?s={search_term_string}"},"query-input":{"@type":"PropertyValueSpecification","valueRequired":true,"valueName":"search_term_string"}}],"inLanguage":"es"},{"@type":"Person","@id":"https:\/\/interamerica.org\/es\/#\/schema\/person\/29998f2bc2d8bd0d38662909289b54f1","name":"libna","image":{"@type":"ImageObject","inLanguage":"es","@id":"https:\/\/secure.gravatar.com\/avatar\/7c5bd30ae4b47a9ba3c856590957fd1d96dc588bf3ac05719d247e126840331f?s=96&d=mm&r=g","url":"https:\/\/secure.gravatar.com\/avatar\/7c5bd30ae4b47a9ba3c856590957fd1d96dc588bf3ac05719d247e126840331f?s=96&d=mm&r=g","contentUrl":"https:\/\/secure.gravatar.com\/avatar\/7c5bd30ae4b47a9ba3c856590957fd1d96dc588bf3ac05719d247e126840331f?s=96&d=mm&r=g","caption":"libna"}}]}},"_links":{"self":[{"href":"https:\/\/interamerica.org\/es\/wp-json\/wp\/v2\/posts\/54963","targetHints":{"allow":["GET"]}}],"collection":[{"href":"https:\/\/interamerica.org\/es\/wp-json\/wp\/v2\/posts"}],"about":[{"href":"https:\/\/interamerica.org\/es\/wp-json\/wp\/v2\/types\/post"}],"author":[{"embeddable":true,"href":"https:\/\/interamerica.org\/es\/wp-json\/wp\/v2\/users\/3"}],"replies":[{"embeddable":true,"href":"https:\/\/interamerica.org\/es\/wp-json\/wp\/v2\/comments?post=54963"}],"version-history":[{"count":0,"href":"https:\/\/interamerica.org\/es\/wp-json\/wp\/v2\/posts\/54963\/revisions"}],"wp:featuredmedia":[{"embeddable":true,"href":"https:\/\/interamerica.org\/es\/wp-json\/wp\/v2\/media\/54937"}],"wp:attachment":[{"href":"https:\/\/interamerica.org\/es\/wp-json\/wp\/v2\/media?parent=54963"}],"wp:term":[{"taxonomy":"category","embeddable":true,"href":"https:\/\/interamerica.org\/es\/wp-json\/wp\/v2\/categories?post=54963"},{"taxonomy":"post_tag","embeddable":true,"href":"https:\/\/interamerica.org\/es\/wp-json\/wp\/v2\/tags?post=54963"}],"curies":[{"name":"wp","href":"https:\/\/api.w.org\/{rel}","templated":true}]}}