{"id":55027,"date":"2020-01-29T15:55:10","date_gmt":"2020-01-29T19:55:10","guid":{"rendered":"https:\/\/recursing-golick.147-182-135-0.plesk.page\/?p=55027"},"modified":"2020-02-06T13:47:47","modified_gmt":"2020-02-06T17:47:47","slug":"lideres-adventistas-son-desafiados-a-mostrar-tolerancia-cero-por-la-violencia-domestica-y-el-abuso-sexual","status":"publish","type":"post","link":"https:\/\/interamerica.org\/es\/2020\/01\/lideres-adventistas-son-desafiados-a-mostrar-tolerancia-cero-por-la-violencia-domestica-y-el-abuso-sexual\/","title":{"rendered":"L\u00edderes adventistas son desafiados a mostrar tolerancia cero por la violencia dom\u00e9stica y el abuso sexual"},"content":{"rendered":"<p><div id=\"attachment_55012\" style=\"width: 810px\" class=\"wp-caption aligncenter\"><img fetchpriority=\"high\" decoding=\"async\" aria-describedby=\"caption-attachment-55012\" class=\" wp-image-55010\" src=\"https:\/\/recursing-golick.147-182-135-0.plesk.page\/wp-content\/uploads\/2020\/01\/torben-bergland-1-1280-1024x640.jpg\" alt=\"\" width=\"800\" height=\"500\" srcset=\"https:\/\/interamerica.org\/wp-content\/uploads\/2020\/01\/torben-bergland-1-1280-1024x640.jpg 1024w, https:\/\/interamerica.org\/wp-content\/uploads\/2020\/01\/torben-bergland-1-1280-300x188.jpg 300w, https:\/\/interamerica.org\/wp-content\/uploads\/2020\/01\/torben-bergland-1-1280-768x480.jpg 768w, https:\/\/interamerica.org\/wp-content\/uploads\/2020\/01\/torben-bergland-1-1280.jpg 1280w\" sizes=\"(max-width: 800px) 100vw, 800px\" \/><p id=\"caption-attachment-55012\" class=\"wp-caption-text\">El doctor Torben Bergland, director asociado de ministerios de salud de la Iglesia Adventista habla ante decenas de administradores y l\u00edderes de salud de la iglesia durante la Cumbre de Salud de Interam\u00e9rica en Punta Cana, Rep\u00fablica Dominicana, del 22-25 de enero de 2020. [Fotograf\u00eda: Libna Stevens\/DIA]<\/p><\/div>28 de enero de 2020 | Punta Cana, Rep\u00fablica Dominicana | Nigel Coke, Noticias de la DIA<\/p>\n<p>El doctor Torben Bergland, director asociado de ministerios de salud de la Iglesia Adventista, desafi\u00f3 a los administradores y l\u00edderes de salud de la iglesia a que refuercen la tolerancia cero hacia la violencia dom\u00e9stica y el abuso sexual en la iglesia, dado que esta es una importante amenaza a la salud y el bienestar mentales.<\/p>\n<p>\u201cLo que es perjudicial para la salud mental es la exposici\u00f3n a la violencia, la negligencia y el abuso, que est\u00e1 presente en todas partes\u201d, dijo el doctor Bergland. \u201cDentro de los hogares, lugares que deber\u00edan ser seguros, existe violencia, negligencia y abuso. Estas son cosas a las que como iglesia tenemos que prestar atenci\u00f3n. No es aceptable\u201d.<\/p>\n<p>\u201cComo iglesia, tenemos que mostrar tolerancia cero por la violencia dom\u00e9stica y el abuso sexual. Ese es uno de los desaf\u00edos y amenazas m\u00e1s grandes que tenemos para la salud, y esto se encuentra presente en todo el mundo; no hay lugar que est\u00e9 exento\u201d, expres\u00f3.<\/p>\n<p>Bergland hizo ese llamado durante una presentaci\u00f3n sobre depresi\u00f3n, en el tercer d\u00eda de la Cumbre de Salud organizada por la Divisi\u00f3n Interamericana en Punta Cana, Rep\u00fablica Dominicana, del 22 al 25 de enero. Entre los asistentes se encuentran administradores de la iglesia y directores de ministerios de salud de toda Interam\u00e9rica.<\/p>\n<p><div id=\"attachment_55018\" style=\"width: 810px\" class=\"wp-caption aligncenter\"><img decoding=\"async\" aria-describedby=\"caption-attachment-55018\" class=\" wp-image-55016\" src=\"https:\/\/recursing-golick.147-182-135-0.plesk.page\/wp-content\/uploads\/2020\/01\/torben-bergland-1024x640.jpg\" alt=\"\" width=\"800\" height=\"500\" srcset=\"https:\/\/interamerica.org\/wp-content\/uploads\/2020\/01\/torben-bergland-1024x640.jpg 1024w, https:\/\/interamerica.org\/wp-content\/uploads\/2020\/01\/torben-bergland-300x188.jpg 300w, https:\/\/interamerica.org\/wp-content\/uploads\/2020\/01\/torben-bergland-768x480.jpg 768w, https:\/\/interamerica.org\/wp-content\/uploads\/2020\/01\/torben-bergland.jpg 1280w\" sizes=\"(max-width: 800px) 100vw, 800px\" \/><p id=\"caption-attachment-55018\" class=\"wp-caption-text\">El doctor Bergland habla a los l\u00edderes de salud, durante una de sus presentaciones sobre depresi\u00f3n el pasado 23 de enero de 2020. [Fotograf\u00eda: Nigel Coke\/DIA]<\/p><\/div>La depresi\u00f3n puede afectar a cualquiera, aun a una persona que parece vivir en circunstancias relativamente ideales, explic\u00f3 el doctor Bergland. Y es dos veces m\u00e1s com\u00fan en las mujeres que en los hombres.<\/p>\n<p>Hay varios factores que pueden jugar un papel en la depresi\u00f3n:<\/p>\n<ul>\n<li>La bioqu\u00edmica: Diferencias en ciertos qu\u00edmicos en el cerebro pueden contribuir a s\u00edntomas de depresi\u00f3n.<\/li>\n<li>La gen\u00e9tica: La depresi\u00f3n puede estar presente en las familias. Por ejemplo, si un gemelo id\u00e9ntico sufre de depresi\u00f3n, el otro tiene un setenta por ciento de probabilidades de sufrir esa misma afecci\u00f3n en alg\u00fan momento de la vida.<\/li>\n<li>La personalidad: Las personas con baja autoestima, que se ven f\u00e1cilmente abrumados por el estr\u00e9s, o que se muestran por lo general pesimistas, parecen tener mayores probabilidades de sufrir de depresi\u00f3n.<\/li>\n<\/ul>\n<p>Factores ambientales: La exposici\u00f3n continua a la violencia, la negligencia, el abuso o la pobreza a veces puede hacer que las personas sean m\u00e1s vulnerables a la depresi\u00f3n.<\/p>\n<p>Dado que seg\u00fan la Organizaci\u00f3n Mundial de la Salud hay 264 millones de personas de todas las edades que se ven afectadas por la depresi\u00f3n, Bergland explic\u00f3 que \u201cla depresi\u00f3n es parte de ser humano. Es una respuesta com\u00fan al quebrantamiento de este mundo. Es una enfermedad que afecta la calidad de vida y la capacidad de funcionar. Las personas a veces piensan en la depresi\u00f3n como una tristeza extrema; sin embargo, la depresi\u00f3n es un estado complejo de la mente que a menudo est\u00e1 caracterizado por la desesperanza, el autodesprecio, el aislamiento, la ansiedad, la tristeza, la culpa, la verg\u00fcenza y el sentimiento de vac\u00edo\u201d.<\/p>\n<p>Los s\u00edntomas t\u00edpicos de la depresi\u00f3n incluyen:<\/p>\n<ul>\n<li>La p\u00e9rdida de inter\u00e9s o placer en pasatiempos y actividades<\/li>\n<li>Los sentimientos de desesperanza o pesimismo<\/li>\n<li>La irritabilidad<\/li>\n<li>Una energ\u00eda disminuida o fatiga<\/li>\n<li>Movimientos o palabras m\u00e1s lentos<\/li>\n<li>Sentimientos de inquietud o problemas para sentarse y quedarse quieto<\/li>\n<li>Dificultad para concentrarse, recordar o tomar decisiones<\/li>\n<li>Dificultad para dormir, despertarse demasiado temprano o seguir durmiendo de m\u00e1s<\/li>\n<li>Cambios en el apetito o en el peso corporal<\/li>\n<li>Dolores en el cuerpo, dolores de cabeza, calambres o problemas digestivos sin una clara causa f\u00edsica y que no se alivian con un tratamiento<\/li>\n<\/ul>\n<p>Seg\u00fan la Organizaci\u00f3n Mundial de la Salud, entre el 76 y el 85 por ciento de las personas de pa\u00edses de ingresos bajos y medios no reciben tratamiento alguno por su trastorno. Las barreras para una atenci\u00f3n efectiva incluyen una falta de recursos, una falta de proveedores de salud capacitados, el estigma social asociado con los trastornos mentales y una evaluaci\u00f3n inadecuada. En pa\u00edses de todos los niveles de ingresos, las personas deprimidas a menudo no reciben un diagn\u00f3stico apropiado, y otros que no tienen el trastorno demasiado a menudo se ven diagnosticados err\u00f3neamente y se les prescribe antidepresivos.<\/p>\n<p>Bergland cree que uno de los desaf\u00edos que ha afectado el tratamiento efectivo de la depresi\u00f3n es que dentro de las comunidades religiosas ha existido un escepticismo hacia la psicolog\u00eda.<\/p>\n<p>\u201cTradicionalmente en la historia de la psicolog\u00eda, ha existido cierto antagonismo entre la religi\u00f3n y la psicolog\u00eda y, debido a esto, muchos cristianos se han tornado resistentes y esc\u00e9pticos a la hora de buscar ayuda para sus problemas mentales\u201d, dijo Bergland.<\/p>\n<p><strong>Juicios espirituales<\/strong><\/p>\n<p>Asimismo, en el \u00e1mbito espiritual de las cosas, Bergland opin\u00f3 que hay cristianos que creen que las personas no pueden ser salvas si se suicidan.<\/p>\n<p>\u201cCreo que toda vez que alguien comete suicidio, Dios sabe cu\u00e1nto dolor hay en esa persona. Dios conoce la historia. Dios conoce y comprende la salud mental y las disfunciones de la mente mejor que cualquier psiquiatra. Creo que toda vez que una persona renuncia a la vida, eso le da dolor a Dios m\u00e1s que a cualquier otro. \u00c9l no est\u00e1 enojado con el individuo, sino que est\u00e1 enojado con el pecado. De manera que yo no tengo por qu\u00e9 juzgar qui\u00e9n se va a salvar y qui\u00e9n se va a perder. No creo que el suicidio sea un pecado imperdonable. Siempre tenemos que recordar que Dios es un Dios de compasi\u00f3n que ama a la raza humana, y creo que su coraz\u00f3n de manera especial acompa\u00f1a a los que sufren\u201d.<\/p>\n<p>\u201cHay tantas cosas que he aprendido sobre la depresi\u00f3n a partir de esta presentaci\u00f3n\u201d, dijo Carla S\u00e1nchez, de Belice. \u201cAhora s\u00e9 que puede afectar a todos nosotros y, por lo tanto, no necesitamos sentirnos avergonzados por ello\u201d, expres\u00f3. S\u00e1nchez entiende que a veces lo que m\u00e1s importan son las acciones y no las palabras a la hora de comprender cuando alguien est\u00e1 pasando por una depresi\u00f3n, a\u00f1adi\u00f3. \u201cTenemos que juzgar menos a las personas que est\u00e1n sufriendo de depresi\u00f3n\u201d.<\/p>\n<p>\u201cLa depresi\u00f3n puede ser tratada, pero el tratamiento no garantiza una recuperaci\u00f3n plena. Necesitamos mostrarnos m\u00e1s compasivos hacia las personas que sufren de depresi\u00f3n\u2026personas en nuestra iglesia y en la comunidad\u201d, a\u00f1adi\u00f3 Bergland.<\/p>\n<p>Traducci\u00f3n de Marcos Paseggi<\/p>\n","protected":false},"excerpt":{"rendered":"<p>28 de enero de 2020 | Punta Cana, Rep\u00fablica Dominicana | Nigel Coke, Noticias de la DIA El doctor Torben Bergland, director asociado de ministerios de salud de la Iglesia&#8230;<\/p>\n","protected":false},"author":3,"featured_media":55015,"comment_status":"open","ping_status":"closed","sticky":false,"template":"","format":"standard","meta":{"_acf_changed":false,"footnotes":""},"categories":[16,15],"tags":[],"class_list":["post-55027","post","type-post","status-publish","format-standard","has-post-thumbnail","hentry","category-desde-la-sede","category-rss-espanol"],"acf":[],"yoast_head":"<!-- This site is optimized with the Yoast SEO plugin v27.3 - https:\/\/yoast.com\/product\/yoast-seo-wordpress\/ -->\n<title>L\u00edderes adventistas son desafiados a mostrar tolerancia cero por la violencia dom\u00e9stica y el abuso sexual - Iglesia Adventista del S\u00e9ptimo D\u00eda - Divisi\u00f3n Interamericana<\/title>\n<meta name=\"robots\" content=\"index, follow, max-snippet:-1, max-image-preview:large, max-video-preview:-1\" \/>\n<link rel=\"canonical\" href=\"https:\/\/interamerica.org\/es\/2020\/01\/lideres-adventistas-son-desafiados-a-mostrar-tolerancia-cero-por-la-violencia-domestica-y-el-abuso-sexual\/\" \/>\n<meta property=\"og:locale\" content=\"es_ES\" \/>\n<meta property=\"og:type\" content=\"article\" \/>\n<meta property=\"og:title\" content=\"L\u00edderes adventistas son desafiados a mostrar tolerancia cero por la violencia dom\u00e9stica y el abuso sexual - Iglesia Adventista del S\u00e9ptimo D\u00eda - Divisi\u00f3n Interamericana\" \/>\n<meta property=\"og:description\" content=\"28 de enero de 2020 | Punta Cana, Rep\u00fablica Dominicana | Nigel Coke, Noticias de la DIA El doctor Torben Bergland, director asociado de ministerios de salud de la Iglesia...\" \/>\n<meta property=\"og:url\" content=\"https:\/\/interamerica.org\/es\/2020\/01\/lideres-adventistas-son-desafiados-a-mostrar-tolerancia-cero-por-la-violencia-domestica-y-el-abuso-sexual\/\" \/>\n<meta property=\"og:site_name\" content=\"Iglesia Adventista del S\u00e9ptimo D\u00eda - Divisi\u00f3n Interamericana\" \/>\n<meta property=\"article:published_time\" content=\"2020-01-29T19:55:10+00:00\" \/>\n<meta property=\"article:modified_time\" content=\"2020-02-06T17:47:47+00:00\" \/>\n<meta property=\"og:image\" content=\"https:\/\/interamerica.org\/wp-content\/uploads\/2020\/01\/torben-bergland-1.jpg\" \/>\n\t<meta property=\"og:image:width\" content=\"1000\" \/>\n\t<meta property=\"og:image:height\" content=\"682\" \/>\n\t<meta property=\"og:image:type\" content=\"image\/jpeg\" \/>\n<meta name=\"author\" content=\"libna\" \/>\n<meta name=\"twitter:card\" content=\"summary_large_image\" \/>\n<meta name=\"twitter:label1\" content=\"Escrito por\" \/>\n\t<meta name=\"twitter:data1\" content=\"libna\" \/>\n\t<meta name=\"twitter:label2\" content=\"Tiempo de lectura\" \/>\n\t<meta name=\"twitter:data2\" content=\"6 minutos\" \/>\n<script type=\"application\/ld+json\" class=\"yoast-schema-graph\">{\"@context\":\"https:\\\/\\\/schema.org\",\"@graph\":[{\"@type\":\"Article\",\"@id\":\"https:\\\/\\\/interamerica.org\\\/es\\\/2020\\\/01\\\/lideres-adventistas-son-desafiados-a-mostrar-tolerancia-cero-por-la-violencia-domestica-y-el-abuso-sexual\\\/#article\",\"isPartOf\":{\"@id\":\"https:\\\/\\\/interamerica.org\\\/es\\\/2020\\\/01\\\/lideres-adventistas-son-desafiados-a-mostrar-tolerancia-cero-por-la-violencia-domestica-y-el-abuso-sexual\\\/\"},\"author\":{\"name\":\"libna\",\"@id\":\"https:\\\/\\\/interamerica.org\\\/es\\\/#\\\/schema\\\/person\\\/29998f2bc2d8bd0d38662909289b54f1\"},\"headline\":\"L\u00edderes adventistas son desafiados a mostrar tolerancia cero por la violencia dom\u00e9stica y el abuso sexual\",\"datePublished\":\"2020-01-29T19:55:10+00:00\",\"dateModified\":\"2020-02-06T17:47:47+00:00\",\"mainEntityOfPage\":{\"@id\":\"https:\\\/\\\/interamerica.org\\\/es\\\/2020\\\/01\\\/lideres-adventistas-son-desafiados-a-mostrar-tolerancia-cero-por-la-violencia-domestica-y-el-abuso-sexual\\\/\"},\"wordCount\":1227,\"commentCount\":0,\"image\":{\"@id\":\"https:\\\/\\\/interamerica.org\\\/es\\\/2020\\\/01\\\/lideres-adventistas-son-desafiados-a-mostrar-tolerancia-cero-por-la-violencia-domestica-y-el-abuso-sexual\\\/#primaryimage\"},\"thumbnailUrl\":\"https:\\\/\\\/interamerica.org\\\/wp-content\\\/uploads\\\/2020\\\/01\\\/torben-bergland-1.jpg\",\"articleSection\":[\"Desde la sede\",\"RSS Espa\u00f1ol\"],\"inLanguage\":\"es\",\"potentialAction\":[{\"@type\":\"CommentAction\",\"name\":\"Comment\",\"target\":[\"https:\\\/\\\/interamerica.org\\\/es\\\/2020\\\/01\\\/lideres-adventistas-son-desafiados-a-mostrar-tolerancia-cero-por-la-violencia-domestica-y-el-abuso-sexual\\\/#respond\"]}]},{\"@type\":\"WebPage\",\"@id\":\"https:\\\/\\\/interamerica.org\\\/es\\\/2020\\\/01\\\/lideres-adventistas-son-desafiados-a-mostrar-tolerancia-cero-por-la-violencia-domestica-y-el-abuso-sexual\\\/\",\"url\":\"https:\\\/\\\/interamerica.org\\\/es\\\/2020\\\/01\\\/lideres-adventistas-son-desafiados-a-mostrar-tolerancia-cero-por-la-violencia-domestica-y-el-abuso-sexual\\\/\",\"name\":\"L\u00edderes adventistas son desafiados a mostrar tolerancia cero por la violencia dom\u00e9stica y el abuso sexual - Iglesia Adventista del S\u00e9ptimo D\u00eda - Divisi\u00f3n Interamericana\",\"isPartOf\":{\"@id\":\"https:\\\/\\\/interamerica.org\\\/es\\\/#website\"},\"primaryImageOfPage\":{\"@id\":\"https:\\\/\\\/interamerica.org\\\/es\\\/2020\\\/01\\\/lideres-adventistas-son-desafiados-a-mostrar-tolerancia-cero-por-la-violencia-domestica-y-el-abuso-sexual\\\/#primaryimage\"},\"image\":{\"@id\":\"https:\\\/\\\/interamerica.org\\\/es\\\/2020\\\/01\\\/lideres-adventistas-son-desafiados-a-mostrar-tolerancia-cero-por-la-violencia-domestica-y-el-abuso-sexual\\\/#primaryimage\"},\"thumbnailUrl\":\"https:\\\/\\\/interamerica.org\\\/wp-content\\\/uploads\\\/2020\\\/01\\\/torben-bergland-1.jpg\",\"datePublished\":\"2020-01-29T19:55:10+00:00\",\"dateModified\":\"2020-02-06T17:47:47+00:00\",\"author\":{\"@id\":\"https:\\\/\\\/interamerica.org\\\/es\\\/#\\\/schema\\\/person\\\/29998f2bc2d8bd0d38662909289b54f1\"},\"breadcrumb\":{\"@id\":\"https:\\\/\\\/interamerica.org\\\/es\\\/2020\\\/01\\\/lideres-adventistas-son-desafiados-a-mostrar-tolerancia-cero-por-la-violencia-domestica-y-el-abuso-sexual\\\/#breadcrumb\"},\"inLanguage\":\"es\",\"potentialAction\":[{\"@type\":\"ReadAction\",\"target\":[\"https:\\\/\\\/interamerica.org\\\/es\\\/2020\\\/01\\\/lideres-adventistas-son-desafiados-a-mostrar-tolerancia-cero-por-la-violencia-domestica-y-el-abuso-sexual\\\/\"]}]},{\"@type\":\"ImageObject\",\"inLanguage\":\"es\",\"@id\":\"https:\\\/\\\/interamerica.org\\\/es\\\/2020\\\/01\\\/lideres-adventistas-son-desafiados-a-mostrar-tolerancia-cero-por-la-violencia-domestica-y-el-abuso-sexual\\\/#primaryimage\",\"url\":\"https:\\\/\\\/interamerica.org\\\/wp-content\\\/uploads\\\/2020\\\/01\\\/torben-bergland-1.jpg\",\"contentUrl\":\"https:\\\/\\\/interamerica.org\\\/wp-content\\\/uploads\\\/2020\\\/01\\\/torben-bergland-1.jpg\",\"width\":1000,\"height\":682},{\"@type\":\"BreadcrumbList\",\"@id\":\"https:\\\/\\\/interamerica.org\\\/es\\\/2020\\\/01\\\/lideres-adventistas-son-desafiados-a-mostrar-tolerancia-cero-por-la-violencia-domestica-y-el-abuso-sexual\\\/#breadcrumb\",\"itemListElement\":[{\"@type\":\"ListItem\",\"position\":1,\"name\":\"Home\",\"item\":\"https:\\\/\\\/interamerica.org\\\/es\\\/\"},{\"@type\":\"ListItem\",\"position\":2,\"name\":\"L\u00edderes adventistas son desafiados a mostrar tolerancia cero por la violencia dom\u00e9stica y el abuso sexual\"}]},{\"@type\":\"WebSite\",\"@id\":\"https:\\\/\\\/interamerica.org\\\/es\\\/#website\",\"url\":\"https:\\\/\\\/interamerica.org\\\/es\\\/\",\"name\":\"Iglesia Adventista del S\u00e9ptimo D\u00eda - Divisi\u00f3n Interamericana\",\"description\":\"\",\"potentialAction\":[{\"@type\":\"SearchAction\",\"target\":{\"@type\":\"EntryPoint\",\"urlTemplate\":\"https:\\\/\\\/interamerica.org\\\/es\\\/?s={search_term_string}\"},\"query-input\":{\"@type\":\"PropertyValueSpecification\",\"valueRequired\":true,\"valueName\":\"search_term_string\"}}],\"inLanguage\":\"es\"},{\"@type\":\"Person\",\"@id\":\"https:\\\/\\\/interamerica.org\\\/es\\\/#\\\/schema\\\/person\\\/29998f2bc2d8bd0d38662909289b54f1\",\"name\":\"libna\",\"image\":{\"@type\":\"ImageObject\",\"inLanguage\":\"es\",\"@id\":\"https:\\\/\\\/secure.gravatar.com\\\/avatar\\\/7c5bd30ae4b47a9ba3c856590957fd1d96dc588bf3ac05719d247e126840331f?s=96&d=mm&r=g\",\"url\":\"https:\\\/\\\/secure.gravatar.com\\\/avatar\\\/7c5bd30ae4b47a9ba3c856590957fd1d96dc588bf3ac05719d247e126840331f?s=96&d=mm&r=g\",\"contentUrl\":\"https:\\\/\\\/secure.gravatar.com\\\/avatar\\\/7c5bd30ae4b47a9ba3c856590957fd1d96dc588bf3ac05719d247e126840331f?s=96&d=mm&r=g\",\"caption\":\"libna\"}}]}<\/script>\n<!-- \/ Yoast SEO plugin. -->","yoast_head_json":{"title":"L\u00edderes adventistas son desafiados a mostrar tolerancia cero por la violencia dom\u00e9stica y el abuso sexual - Iglesia Adventista del S\u00e9ptimo D\u00eda - Divisi\u00f3n Interamericana","robots":{"index":"index","follow":"follow","max-snippet":"max-snippet:-1","max-image-preview":"max-image-preview:large","max-video-preview":"max-video-preview:-1"},"canonical":"https:\/\/interamerica.org\/es\/2020\/01\/lideres-adventistas-son-desafiados-a-mostrar-tolerancia-cero-por-la-violencia-domestica-y-el-abuso-sexual\/","og_locale":"es_ES","og_type":"article","og_title":"L\u00edderes adventistas son desafiados a mostrar tolerancia cero por la violencia dom\u00e9stica y el abuso sexual - Iglesia Adventista del S\u00e9ptimo D\u00eda - Divisi\u00f3n Interamericana","og_description":"28 de enero de 2020 | Punta Cana, Rep\u00fablica Dominicana | Nigel Coke, Noticias de la DIA El doctor Torben Bergland, director asociado de ministerios de salud de la Iglesia...","og_url":"https:\/\/interamerica.org\/es\/2020\/01\/lideres-adventistas-son-desafiados-a-mostrar-tolerancia-cero-por-la-violencia-domestica-y-el-abuso-sexual\/","og_site_name":"Iglesia Adventista del S\u00e9ptimo D\u00eda - Divisi\u00f3n Interamericana","article_published_time":"2020-01-29T19:55:10+00:00","article_modified_time":"2020-02-06T17:47:47+00:00","og_image":[{"width":1000,"height":682,"url":"https:\/\/interamerica.org\/wp-content\/uploads\/2020\/01\/torben-bergland-1.jpg","type":"image\/jpeg"}],"author":"libna","twitter_card":"summary_large_image","twitter_misc":{"Escrito por":"libna","Tiempo de lectura":"6 minutos"},"schema":{"@context":"https:\/\/schema.org","@graph":[{"@type":"Article","@id":"https:\/\/interamerica.org\/es\/2020\/01\/lideres-adventistas-son-desafiados-a-mostrar-tolerancia-cero-por-la-violencia-domestica-y-el-abuso-sexual\/#article","isPartOf":{"@id":"https:\/\/interamerica.org\/es\/2020\/01\/lideres-adventistas-son-desafiados-a-mostrar-tolerancia-cero-por-la-violencia-domestica-y-el-abuso-sexual\/"},"author":{"name":"libna","@id":"https:\/\/interamerica.org\/es\/#\/schema\/person\/29998f2bc2d8bd0d38662909289b54f1"},"headline":"L\u00edderes adventistas son desafiados a mostrar tolerancia cero por la violencia dom\u00e9stica y el abuso sexual","datePublished":"2020-01-29T19:55:10+00:00","dateModified":"2020-02-06T17:47:47+00:00","mainEntityOfPage":{"@id":"https:\/\/interamerica.org\/es\/2020\/01\/lideres-adventistas-son-desafiados-a-mostrar-tolerancia-cero-por-la-violencia-domestica-y-el-abuso-sexual\/"},"wordCount":1227,"commentCount":0,"image":{"@id":"https:\/\/interamerica.org\/es\/2020\/01\/lideres-adventistas-son-desafiados-a-mostrar-tolerancia-cero-por-la-violencia-domestica-y-el-abuso-sexual\/#primaryimage"},"thumbnailUrl":"https:\/\/interamerica.org\/wp-content\/uploads\/2020\/01\/torben-bergland-1.jpg","articleSection":["Desde la sede","RSS Espa\u00f1ol"],"inLanguage":"es","potentialAction":[{"@type":"CommentAction","name":"Comment","target":["https:\/\/interamerica.org\/es\/2020\/01\/lideres-adventistas-son-desafiados-a-mostrar-tolerancia-cero-por-la-violencia-domestica-y-el-abuso-sexual\/#respond"]}]},{"@type":"WebPage","@id":"https:\/\/interamerica.org\/es\/2020\/01\/lideres-adventistas-son-desafiados-a-mostrar-tolerancia-cero-por-la-violencia-domestica-y-el-abuso-sexual\/","url":"https:\/\/interamerica.org\/es\/2020\/01\/lideres-adventistas-son-desafiados-a-mostrar-tolerancia-cero-por-la-violencia-domestica-y-el-abuso-sexual\/","name":"L\u00edderes adventistas son desafiados a mostrar tolerancia cero por la violencia dom\u00e9stica y el abuso sexual - Iglesia Adventista del S\u00e9ptimo D\u00eda - Divisi\u00f3n Interamericana","isPartOf":{"@id":"https:\/\/interamerica.org\/es\/#website"},"primaryImageOfPage":{"@id":"https:\/\/interamerica.org\/es\/2020\/01\/lideres-adventistas-son-desafiados-a-mostrar-tolerancia-cero-por-la-violencia-domestica-y-el-abuso-sexual\/#primaryimage"},"image":{"@id":"https:\/\/interamerica.org\/es\/2020\/01\/lideres-adventistas-son-desafiados-a-mostrar-tolerancia-cero-por-la-violencia-domestica-y-el-abuso-sexual\/#primaryimage"},"thumbnailUrl":"https:\/\/interamerica.org\/wp-content\/uploads\/2020\/01\/torben-bergland-1.jpg","datePublished":"2020-01-29T19:55:10+00:00","dateModified":"2020-02-06T17:47:47+00:00","author":{"@id":"https:\/\/interamerica.org\/es\/#\/schema\/person\/29998f2bc2d8bd0d38662909289b54f1"},"breadcrumb":{"@id":"https:\/\/interamerica.org\/es\/2020\/01\/lideres-adventistas-son-desafiados-a-mostrar-tolerancia-cero-por-la-violencia-domestica-y-el-abuso-sexual\/#breadcrumb"},"inLanguage":"es","potentialAction":[{"@type":"ReadAction","target":["https:\/\/interamerica.org\/es\/2020\/01\/lideres-adventistas-son-desafiados-a-mostrar-tolerancia-cero-por-la-violencia-domestica-y-el-abuso-sexual\/"]}]},{"@type":"ImageObject","inLanguage":"es","@id":"https:\/\/interamerica.org\/es\/2020\/01\/lideres-adventistas-son-desafiados-a-mostrar-tolerancia-cero-por-la-violencia-domestica-y-el-abuso-sexual\/#primaryimage","url":"https:\/\/interamerica.org\/wp-content\/uploads\/2020\/01\/torben-bergland-1.jpg","contentUrl":"https:\/\/interamerica.org\/wp-content\/uploads\/2020\/01\/torben-bergland-1.jpg","width":1000,"height":682},{"@type":"BreadcrumbList","@id":"https:\/\/interamerica.org\/es\/2020\/01\/lideres-adventistas-son-desafiados-a-mostrar-tolerancia-cero-por-la-violencia-domestica-y-el-abuso-sexual\/#breadcrumb","itemListElement":[{"@type":"ListItem","position":1,"name":"Home","item":"https:\/\/interamerica.org\/es\/"},{"@type":"ListItem","position":2,"name":"L\u00edderes adventistas son desafiados a mostrar tolerancia cero por la violencia dom\u00e9stica y el abuso sexual"}]},{"@type":"WebSite","@id":"https:\/\/interamerica.org\/es\/#website","url":"https:\/\/interamerica.org\/es\/","name":"Iglesia Adventista del S\u00e9ptimo D\u00eda - Divisi\u00f3n Interamericana","description":"","potentialAction":[{"@type":"SearchAction","target":{"@type":"EntryPoint","urlTemplate":"https:\/\/interamerica.org\/es\/?s={search_term_string}"},"query-input":{"@type":"PropertyValueSpecification","valueRequired":true,"valueName":"search_term_string"}}],"inLanguage":"es"},{"@type":"Person","@id":"https:\/\/interamerica.org\/es\/#\/schema\/person\/29998f2bc2d8bd0d38662909289b54f1","name":"libna","image":{"@type":"ImageObject","inLanguage":"es","@id":"https:\/\/secure.gravatar.com\/avatar\/7c5bd30ae4b47a9ba3c856590957fd1d96dc588bf3ac05719d247e126840331f?s=96&d=mm&r=g","url":"https:\/\/secure.gravatar.com\/avatar\/7c5bd30ae4b47a9ba3c856590957fd1d96dc588bf3ac05719d247e126840331f?s=96&d=mm&r=g","contentUrl":"https:\/\/secure.gravatar.com\/avatar\/7c5bd30ae4b47a9ba3c856590957fd1d96dc588bf3ac05719d247e126840331f?s=96&d=mm&r=g","caption":"libna"}}]}},"_links":{"self":[{"href":"https:\/\/interamerica.org\/es\/wp-json\/wp\/v2\/posts\/55027","targetHints":{"allow":["GET"]}}],"collection":[{"href":"https:\/\/interamerica.org\/es\/wp-json\/wp\/v2\/posts"}],"about":[{"href":"https:\/\/interamerica.org\/es\/wp-json\/wp\/v2\/types\/post"}],"author":[{"embeddable":true,"href":"https:\/\/interamerica.org\/es\/wp-json\/wp\/v2\/users\/3"}],"replies":[{"embeddable":true,"href":"https:\/\/interamerica.org\/es\/wp-json\/wp\/v2\/comments?post=55027"}],"version-history":[{"count":0,"href":"https:\/\/interamerica.org\/es\/wp-json\/wp\/v2\/posts\/55027\/revisions"}],"wp:featuredmedia":[{"embeddable":true,"href":"https:\/\/interamerica.org\/es\/wp-json\/wp\/v2\/media\/55015"}],"wp:attachment":[{"href":"https:\/\/interamerica.org\/es\/wp-json\/wp\/v2\/media?parent=55027"}],"wp:term":[{"taxonomy":"category","embeddable":true,"href":"https:\/\/interamerica.org\/es\/wp-json\/wp\/v2\/categories?post=55027"},{"taxonomy":"post_tag","embeddable":true,"href":"https:\/\/interamerica.org\/es\/wp-json\/wp\/v2\/tags?post=55027"}],"curies":[{"name":"wp","href":"https:\/\/api.w.org\/{rel}","templated":true}]}}