{"id":55179,"date":"2020-01-31T15:41:49","date_gmt":"2020-01-31T19:41:49","guid":{"rendered":"https:\/\/recursing-golick.147-182-135-0.plesk.page\/?p=55179"},"modified":"2020-02-06T13:45:48","modified_gmt":"2020-02-06T17:45:48","slug":"interamerica-llevara-a-cabo-primer-retiro-para-hijos-de-pastor-de-todo-el-territorio","status":"publish","type":"post","link":"https:\/\/interamerica.org\/es\/2020\/01\/interamerica-llevara-a-cabo-primer-retiro-para-hijos-de-pastor-de-todo-el-territorio\/","title":{"rendered":"Interam\u00e9rica llevar\u00e1 a cabo primer retiro para hijos de pastor de todo el territorio"},"content":{"rendered":"<p>31 de enero de 2020 | Miami, Florida, Estados Unidos | Libna Stevens\/DIA<\/p>\n<p>Un grupo selecto de hijos de pastores adventistas de toda la Divisi\u00f3n Interamericana se reunir\u00e1 para el primer Retiro de Hijos de Pastor entre el pr\u00f3ximo 8 y 9 de febrero de 2020, en Miami, Florida, Estados Unidos. Organizado por la Asociaci\u00f3n Ministerial de la Divisi\u00f3n Interamericana, el evento atraer\u00e1 a m\u00e1s de doscientos j\u00f3venes, acompa\u00f1ados por decenas de l\u00edderes de la iglesia, para dos d\u00edas completos de presentaciones, sociabilizaci\u00f3n y actividades, dijeron los organizadores.<\/p>\n<p>\u201cLos hijos de pastor son parte de la familia pastoral de la iglesia, y queremos honrarlos y darles la seguridad de su prop\u00f3sito y misi\u00f3n en este gran mundo y en la iglesia\u201d, dijo Cecilia Iglesias, directora de la Sociedad Internacional de Esposas de Ministros Adventistas (SIEMA) en Interam\u00e9rica y principal organizadora del retiro.<\/p>\n<p>Muchos de los j\u00f3venes que van desde los 12 a los 23 a\u00f1os, se destacan en liderazgo y evangelismo y se muestran activos en el servicio a la comunidad por medio de diversas actividades e iniciativas todas las semanas en sus iglesias locales, explic\u00f3 Iglesias.<\/p>\n<p>Bajo el lema \u201cHerederos de la promesa\u201d, el evento contar\u00e1 con charlas sobre liderazgo, salud, medios sociales, c\u00f3mo hacer frente a la cr\u00edtica y salud mental, entre otros.<\/p>\n<p>Para seguir el evento en l\u00ednea en espa\u00f1ol, ingl\u00e9s y franc\u00e9s el viernes, 7 de febrero, a las 18:40 a las 21:00 y s\u00e1bado 8 de febrero, de las 8:00 a las 12:00, y de las 14:00 a las 18:00, visite <a href=\"https:\/\/webcast.interamerica.org\/english\">webcast.interamerica.org<\/a><\/p>\n<p>Traducci\u00f3n de Marcos Paseggi<\/p>\n","protected":false},"excerpt":{"rendered":"<p>31 de enero de 2020 | Miami, Florida, Estados Unidos | Libna Stevens\/DIA Un grupo selecto de hijos de pastores adventistas de toda la Divisi\u00f3n Interamericana se reunir\u00e1 para el&#8230;<\/p>\n","protected":false},"author":3,"featured_media":55057,"comment_status":"open","ping_status":"closed","sticky":false,"template":"","format":"standard","meta":{"_acf_changed":false,"footnotes":""},"categories":[16,15],"tags":[],"class_list":["post-55179","post","type-post","status-publish","format-standard","has-post-thumbnail","hentry","category-desde-la-sede","category-rss-espanol"],"acf":[],"yoast_head":"<!-- This site is optimized with the Yoast SEO plugin v27.3 - https:\/\/yoast.com\/product\/yoast-seo-wordpress\/ -->\n<title>Interam\u00e9rica llevar\u00e1 a cabo primer retiro para hijos de pastor de todo el territorio - Iglesia Adventista del S\u00e9ptimo D\u00eda - Divisi\u00f3n Interamericana<\/title>\n<meta name=\"robots\" content=\"index, follow, max-snippet:-1, max-image-preview:large, max-video-preview:-1\" \/>\n<link rel=\"canonical\" href=\"https:\/\/interamerica.org\/es\/2020\/01\/interamerica-llevara-a-cabo-primer-retiro-para-hijos-de-pastor-de-todo-el-territorio\/\" \/>\n<meta property=\"og:locale\" content=\"es_ES\" \/>\n<meta property=\"og:type\" content=\"article\" \/>\n<meta property=\"og:title\" content=\"Interam\u00e9rica llevar\u00e1 a cabo primer retiro para hijos de pastor de todo el territorio - Iglesia Adventista del S\u00e9ptimo D\u00eda - Divisi\u00f3n Interamericana\" \/>\n<meta property=\"og:description\" content=\"31 de enero de 2020 | Miami, Florida, Estados Unidos | Libna Stevens\/DIA Un grupo selecto de hijos de pastores adventistas de toda la Divisi\u00f3n Interamericana se reunir\u00e1 para el...\" \/>\n<meta property=\"og:url\" content=\"https:\/\/interamerica.org\/es\/2020\/01\/interamerica-llevara-a-cabo-primer-retiro-para-hijos-de-pastor-de-todo-el-territorio\/\" \/>\n<meta property=\"og:site_name\" content=\"Iglesia Adventista del S\u00e9ptimo D\u00eda - Divisi\u00f3n Interamericana\" \/>\n<meta property=\"article:published_time\" content=\"2020-01-31T19:41:49+00:00\" \/>\n<meta property=\"article:modified_time\" content=\"2020-02-06T17:45:48+00:00\" \/>\n<meta property=\"og:image\" content=\"https:\/\/interamerica.org\/wp-content\/uploads\/2020\/01\/children-retreat.jpg\" \/>\n\t<meta property=\"og:image:width\" content=\"1280\" \/>\n\t<meta property=\"og:image:height\" content=\"800\" \/>\n\t<meta property=\"og:image:type\" content=\"image\/jpeg\" \/>\n<meta name=\"author\" content=\"libna\" \/>\n<meta name=\"twitter:card\" content=\"summary_large_image\" \/>\n<meta name=\"twitter:label1\" content=\"Escrito por\" \/>\n\t<meta name=\"twitter:data1\" content=\"libna\" \/>\n\t<meta name=\"twitter:label2\" content=\"Tiempo de lectura\" \/>\n\t<meta name=\"twitter:data2\" content=\"1 minuto\" \/>\n<script type=\"application\/ld+json\" class=\"yoast-schema-graph\">{\"@context\":\"https:\\\/\\\/schema.org\",\"@graph\":[{\"@type\":\"Article\",\"@id\":\"https:\\\/\\\/interamerica.org\\\/es\\\/2020\\\/01\\\/interamerica-llevara-a-cabo-primer-retiro-para-hijos-de-pastor-de-todo-el-territorio\\\/#article\",\"isPartOf\":{\"@id\":\"https:\\\/\\\/interamerica.org\\\/es\\\/2020\\\/01\\\/interamerica-llevara-a-cabo-primer-retiro-para-hijos-de-pastor-de-todo-el-territorio\\\/\"},\"author\":{\"name\":\"libna\",\"@id\":\"https:\\\/\\\/interamerica.org\\\/es\\\/#\\\/schema\\\/person\\\/29998f2bc2d8bd0d38662909289b54f1\"},\"headline\":\"Interam\u00e9rica llevar\u00e1 a cabo primer retiro para hijos de pastor de todo el territorio\",\"datePublished\":\"2020-01-31T19:41:49+00:00\",\"dateModified\":\"2020-02-06T17:45:48+00:00\",\"mainEntityOfPage\":{\"@id\":\"https:\\\/\\\/interamerica.org\\\/es\\\/2020\\\/01\\\/interamerica-llevara-a-cabo-primer-retiro-para-hijos-de-pastor-de-todo-el-territorio\\\/\"},\"wordCount\":285,\"commentCount\":0,\"image\":{\"@id\":\"https:\\\/\\\/interamerica.org\\\/es\\\/2020\\\/01\\\/interamerica-llevara-a-cabo-primer-retiro-para-hijos-de-pastor-de-todo-el-territorio\\\/#primaryimage\"},\"thumbnailUrl\":\"https:\\\/\\\/interamerica.org\\\/wp-content\\\/uploads\\\/2020\\\/01\\\/children-retreat.jpg\",\"articleSection\":[\"Desde la sede\",\"RSS Espa\u00f1ol\"],\"inLanguage\":\"es\",\"potentialAction\":[{\"@type\":\"CommentAction\",\"name\":\"Comment\",\"target\":[\"https:\\\/\\\/interamerica.org\\\/es\\\/2020\\\/01\\\/interamerica-llevara-a-cabo-primer-retiro-para-hijos-de-pastor-de-todo-el-territorio\\\/#respond\"]}]},{\"@type\":\"WebPage\",\"@id\":\"https:\\\/\\\/interamerica.org\\\/es\\\/2020\\\/01\\\/interamerica-llevara-a-cabo-primer-retiro-para-hijos-de-pastor-de-todo-el-territorio\\\/\",\"url\":\"https:\\\/\\\/interamerica.org\\\/es\\\/2020\\\/01\\\/interamerica-llevara-a-cabo-primer-retiro-para-hijos-de-pastor-de-todo-el-territorio\\\/\",\"name\":\"Interam\u00e9rica llevar\u00e1 a cabo primer retiro para hijos de pastor de todo el territorio - Iglesia Adventista del S\u00e9ptimo D\u00eda - Divisi\u00f3n Interamericana\",\"isPartOf\":{\"@id\":\"https:\\\/\\\/interamerica.org\\\/es\\\/#website\"},\"primaryImageOfPage\":{\"@id\":\"https:\\\/\\\/interamerica.org\\\/es\\\/2020\\\/01\\\/interamerica-llevara-a-cabo-primer-retiro-para-hijos-de-pastor-de-todo-el-territorio\\\/#primaryimage\"},\"image\":{\"@id\":\"https:\\\/\\\/interamerica.org\\\/es\\\/2020\\\/01\\\/interamerica-llevara-a-cabo-primer-retiro-para-hijos-de-pastor-de-todo-el-territorio\\\/#primaryimage\"},\"thumbnailUrl\":\"https:\\\/\\\/interamerica.org\\\/wp-content\\\/uploads\\\/2020\\\/01\\\/children-retreat.jpg\",\"datePublished\":\"2020-01-31T19:41:49+00:00\",\"dateModified\":\"2020-02-06T17:45:48+00:00\",\"author\":{\"@id\":\"https:\\\/\\\/interamerica.org\\\/es\\\/#\\\/schema\\\/person\\\/29998f2bc2d8bd0d38662909289b54f1\"},\"breadcrumb\":{\"@id\":\"https:\\\/\\\/interamerica.org\\\/es\\\/2020\\\/01\\\/interamerica-llevara-a-cabo-primer-retiro-para-hijos-de-pastor-de-todo-el-territorio\\\/#breadcrumb\"},\"inLanguage\":\"es\",\"potentialAction\":[{\"@type\":\"ReadAction\",\"target\":[\"https:\\\/\\\/interamerica.org\\\/es\\\/2020\\\/01\\\/interamerica-llevara-a-cabo-primer-retiro-para-hijos-de-pastor-de-todo-el-territorio\\\/\"]}]},{\"@type\":\"ImageObject\",\"inLanguage\":\"es\",\"@id\":\"https:\\\/\\\/interamerica.org\\\/es\\\/2020\\\/01\\\/interamerica-llevara-a-cabo-primer-retiro-para-hijos-de-pastor-de-todo-el-territorio\\\/#primaryimage\",\"url\":\"https:\\\/\\\/interamerica.org\\\/wp-content\\\/uploads\\\/2020\\\/01\\\/children-retreat.jpg\",\"contentUrl\":\"https:\\\/\\\/interamerica.org\\\/wp-content\\\/uploads\\\/2020\\\/01\\\/children-retreat.jpg\",\"width\":1280,\"height\":800},{\"@type\":\"BreadcrumbList\",\"@id\":\"https:\\\/\\\/interamerica.org\\\/es\\\/2020\\\/01\\\/interamerica-llevara-a-cabo-primer-retiro-para-hijos-de-pastor-de-todo-el-territorio\\\/#breadcrumb\",\"itemListElement\":[{\"@type\":\"ListItem\",\"position\":1,\"name\":\"Home\",\"item\":\"https:\\\/\\\/interamerica.org\\\/es\\\/\"},{\"@type\":\"ListItem\",\"position\":2,\"name\":\"Interam\u00e9rica llevar\u00e1 a cabo primer retiro para hijos de pastor de todo el territorio\"}]},{\"@type\":\"WebSite\",\"@id\":\"https:\\\/\\\/interamerica.org\\\/es\\\/#website\",\"url\":\"https:\\\/\\\/interamerica.org\\\/es\\\/\",\"name\":\"Iglesia Adventista del S\u00e9ptimo D\u00eda - Divisi\u00f3n Interamericana\",\"description\":\"\",\"potentialAction\":[{\"@type\":\"SearchAction\",\"target\":{\"@type\":\"EntryPoint\",\"urlTemplate\":\"https:\\\/\\\/interamerica.org\\\/es\\\/?s={search_term_string}\"},\"query-input\":{\"@type\":\"PropertyValueSpecification\",\"valueRequired\":true,\"valueName\":\"search_term_string\"}}],\"inLanguage\":\"es\"},{\"@type\":\"Person\",\"@id\":\"https:\\\/\\\/interamerica.org\\\/es\\\/#\\\/schema\\\/person\\\/29998f2bc2d8bd0d38662909289b54f1\",\"name\":\"libna\",\"image\":{\"@type\":\"ImageObject\",\"inLanguage\":\"es\",\"@id\":\"https:\\\/\\\/secure.gravatar.com\\\/avatar\\\/7c5bd30ae4b47a9ba3c856590957fd1d96dc588bf3ac05719d247e126840331f?s=96&d=mm&r=g\",\"url\":\"https:\\\/\\\/secure.gravatar.com\\\/avatar\\\/7c5bd30ae4b47a9ba3c856590957fd1d96dc588bf3ac05719d247e126840331f?s=96&d=mm&r=g\",\"contentUrl\":\"https:\\\/\\\/secure.gravatar.com\\\/avatar\\\/7c5bd30ae4b47a9ba3c856590957fd1d96dc588bf3ac05719d247e126840331f?s=96&d=mm&r=g\",\"caption\":\"libna\"}}]}<\/script>\n<!-- \/ Yoast SEO plugin. -->","yoast_head_json":{"title":"Interam\u00e9rica llevar\u00e1 a cabo primer retiro para hijos de pastor de todo el territorio - Iglesia Adventista del S\u00e9ptimo D\u00eda - Divisi\u00f3n Interamericana","robots":{"index":"index","follow":"follow","max-snippet":"max-snippet:-1","max-image-preview":"max-image-preview:large","max-video-preview":"max-video-preview:-1"},"canonical":"https:\/\/interamerica.org\/es\/2020\/01\/interamerica-llevara-a-cabo-primer-retiro-para-hijos-de-pastor-de-todo-el-territorio\/","og_locale":"es_ES","og_type":"article","og_title":"Interam\u00e9rica llevar\u00e1 a cabo primer retiro para hijos de pastor de todo el territorio - Iglesia Adventista del S\u00e9ptimo D\u00eda - Divisi\u00f3n Interamericana","og_description":"31 de enero de 2020 | Miami, Florida, Estados Unidos | Libna Stevens\/DIA Un grupo selecto de hijos de pastores adventistas de toda la Divisi\u00f3n Interamericana se reunir\u00e1 para el...","og_url":"https:\/\/interamerica.org\/es\/2020\/01\/interamerica-llevara-a-cabo-primer-retiro-para-hijos-de-pastor-de-todo-el-territorio\/","og_site_name":"Iglesia Adventista del S\u00e9ptimo D\u00eda - Divisi\u00f3n Interamericana","article_published_time":"2020-01-31T19:41:49+00:00","article_modified_time":"2020-02-06T17:45:48+00:00","og_image":[{"width":1280,"height":800,"url":"https:\/\/interamerica.org\/wp-content\/uploads\/2020\/01\/children-retreat.jpg","type":"image\/jpeg"}],"author":"libna","twitter_card":"summary_large_image","twitter_misc":{"Escrito por":"libna","Tiempo de lectura":"1 minuto"},"schema":{"@context":"https:\/\/schema.org","@graph":[{"@type":"Article","@id":"https:\/\/interamerica.org\/es\/2020\/01\/interamerica-llevara-a-cabo-primer-retiro-para-hijos-de-pastor-de-todo-el-territorio\/#article","isPartOf":{"@id":"https:\/\/interamerica.org\/es\/2020\/01\/interamerica-llevara-a-cabo-primer-retiro-para-hijos-de-pastor-de-todo-el-territorio\/"},"author":{"name":"libna","@id":"https:\/\/interamerica.org\/es\/#\/schema\/person\/29998f2bc2d8bd0d38662909289b54f1"},"headline":"Interam\u00e9rica llevar\u00e1 a cabo primer retiro para hijos de pastor de todo el territorio","datePublished":"2020-01-31T19:41:49+00:00","dateModified":"2020-02-06T17:45:48+00:00","mainEntityOfPage":{"@id":"https:\/\/interamerica.org\/es\/2020\/01\/interamerica-llevara-a-cabo-primer-retiro-para-hijos-de-pastor-de-todo-el-territorio\/"},"wordCount":285,"commentCount":0,"image":{"@id":"https:\/\/interamerica.org\/es\/2020\/01\/interamerica-llevara-a-cabo-primer-retiro-para-hijos-de-pastor-de-todo-el-territorio\/#primaryimage"},"thumbnailUrl":"https:\/\/interamerica.org\/wp-content\/uploads\/2020\/01\/children-retreat.jpg","articleSection":["Desde la sede","RSS Espa\u00f1ol"],"inLanguage":"es","potentialAction":[{"@type":"CommentAction","name":"Comment","target":["https:\/\/interamerica.org\/es\/2020\/01\/interamerica-llevara-a-cabo-primer-retiro-para-hijos-de-pastor-de-todo-el-territorio\/#respond"]}]},{"@type":"WebPage","@id":"https:\/\/interamerica.org\/es\/2020\/01\/interamerica-llevara-a-cabo-primer-retiro-para-hijos-de-pastor-de-todo-el-territorio\/","url":"https:\/\/interamerica.org\/es\/2020\/01\/interamerica-llevara-a-cabo-primer-retiro-para-hijos-de-pastor-de-todo-el-territorio\/","name":"Interam\u00e9rica llevar\u00e1 a cabo primer retiro para hijos de pastor de todo el territorio - Iglesia Adventista del S\u00e9ptimo D\u00eda - Divisi\u00f3n Interamericana","isPartOf":{"@id":"https:\/\/interamerica.org\/es\/#website"},"primaryImageOfPage":{"@id":"https:\/\/interamerica.org\/es\/2020\/01\/interamerica-llevara-a-cabo-primer-retiro-para-hijos-de-pastor-de-todo-el-territorio\/#primaryimage"},"image":{"@id":"https:\/\/interamerica.org\/es\/2020\/01\/interamerica-llevara-a-cabo-primer-retiro-para-hijos-de-pastor-de-todo-el-territorio\/#primaryimage"},"thumbnailUrl":"https:\/\/interamerica.org\/wp-content\/uploads\/2020\/01\/children-retreat.jpg","datePublished":"2020-01-31T19:41:49+00:00","dateModified":"2020-02-06T17:45:48+00:00","author":{"@id":"https:\/\/interamerica.org\/es\/#\/schema\/person\/29998f2bc2d8bd0d38662909289b54f1"},"breadcrumb":{"@id":"https:\/\/interamerica.org\/es\/2020\/01\/interamerica-llevara-a-cabo-primer-retiro-para-hijos-de-pastor-de-todo-el-territorio\/#breadcrumb"},"inLanguage":"es","potentialAction":[{"@type":"ReadAction","target":["https:\/\/interamerica.org\/es\/2020\/01\/interamerica-llevara-a-cabo-primer-retiro-para-hijos-de-pastor-de-todo-el-territorio\/"]}]},{"@type":"ImageObject","inLanguage":"es","@id":"https:\/\/interamerica.org\/es\/2020\/01\/interamerica-llevara-a-cabo-primer-retiro-para-hijos-de-pastor-de-todo-el-territorio\/#primaryimage","url":"https:\/\/interamerica.org\/wp-content\/uploads\/2020\/01\/children-retreat.jpg","contentUrl":"https:\/\/interamerica.org\/wp-content\/uploads\/2020\/01\/children-retreat.jpg","width":1280,"height":800},{"@type":"BreadcrumbList","@id":"https:\/\/interamerica.org\/es\/2020\/01\/interamerica-llevara-a-cabo-primer-retiro-para-hijos-de-pastor-de-todo-el-territorio\/#breadcrumb","itemListElement":[{"@type":"ListItem","position":1,"name":"Home","item":"https:\/\/interamerica.org\/es\/"},{"@type":"ListItem","position":2,"name":"Interam\u00e9rica llevar\u00e1 a cabo primer retiro para hijos de pastor de todo el territorio"}]},{"@type":"WebSite","@id":"https:\/\/interamerica.org\/es\/#website","url":"https:\/\/interamerica.org\/es\/","name":"Iglesia Adventista del S\u00e9ptimo D\u00eda - Divisi\u00f3n Interamericana","description":"","potentialAction":[{"@type":"SearchAction","target":{"@type":"EntryPoint","urlTemplate":"https:\/\/interamerica.org\/es\/?s={search_term_string}"},"query-input":{"@type":"PropertyValueSpecification","valueRequired":true,"valueName":"search_term_string"}}],"inLanguage":"es"},{"@type":"Person","@id":"https:\/\/interamerica.org\/es\/#\/schema\/person\/29998f2bc2d8bd0d38662909289b54f1","name":"libna","image":{"@type":"ImageObject","inLanguage":"es","@id":"https:\/\/secure.gravatar.com\/avatar\/7c5bd30ae4b47a9ba3c856590957fd1d96dc588bf3ac05719d247e126840331f?s=96&d=mm&r=g","url":"https:\/\/secure.gravatar.com\/avatar\/7c5bd30ae4b47a9ba3c856590957fd1d96dc588bf3ac05719d247e126840331f?s=96&d=mm&r=g","contentUrl":"https:\/\/secure.gravatar.com\/avatar\/7c5bd30ae4b47a9ba3c856590957fd1d96dc588bf3ac05719d247e126840331f?s=96&d=mm&r=g","caption":"libna"}}]}},"_links":{"self":[{"href":"https:\/\/interamerica.org\/es\/wp-json\/wp\/v2\/posts\/55179","targetHints":{"allow":["GET"]}}],"collection":[{"href":"https:\/\/interamerica.org\/es\/wp-json\/wp\/v2\/posts"}],"about":[{"href":"https:\/\/interamerica.org\/es\/wp-json\/wp\/v2\/types\/post"}],"author":[{"embeddable":true,"href":"https:\/\/interamerica.org\/es\/wp-json\/wp\/v2\/users\/3"}],"replies":[{"embeddable":true,"href":"https:\/\/interamerica.org\/es\/wp-json\/wp\/v2\/comments?post=55179"}],"version-history":[{"count":0,"href":"https:\/\/interamerica.org\/es\/wp-json\/wp\/v2\/posts\/55179\/revisions"}],"wp:featuredmedia":[{"embeddable":true,"href":"https:\/\/interamerica.org\/es\/wp-json\/wp\/v2\/media\/55057"}],"wp:attachment":[{"href":"https:\/\/interamerica.org\/es\/wp-json\/wp\/v2\/media?parent=55179"}],"wp:term":[{"taxonomy":"category","embeddable":true,"href":"https:\/\/interamerica.org\/es\/wp-json\/wp\/v2\/categories?post=55179"},{"taxonomy":"post_tag","embeddable":true,"href":"https:\/\/interamerica.org\/es\/wp-json\/wp\/v2\/tags?post=55179"}],"curies":[{"name":"wp","href":"https:\/\/api.w.org\/{rel}","templated":true}]}}