{"id":55240,"date":"2020-02-03T19:48:15","date_gmt":"2020-02-03T23:48:15","guid":{"rendered":"https:\/\/recursing-golick.147-182-135-0.plesk.page\/?p=55240"},"modified":"2020-02-06T15:15:52","modified_gmt":"2020-02-06T19:15:52","slug":"en-puerto-rico-iglesia-adventista-brinda-consuelo-y-esperanza-despues-de-los-terremotos","status":"publish","type":"post","link":"https:\/\/interamerica.org\/es\/2020\/02\/en-puerto-rico-iglesia-adventista-brinda-consuelo-y-esperanza-despues-de-los-terremotos\/","title":{"rendered":"En Puerto Rico, Iglesia Adventista brinda consuelo y esperanza despu\u00e9s de los terremotos"},"content":{"rendered":"<p><div id=\"attachment_55225\" style=\"width: 806px\" class=\"wp-caption aligncenter\"><img fetchpriority=\"high\" decoding=\"async\" aria-describedby=\"caption-attachment-55225\" class=\" wp-image-55223\" src=\"https:\/\/recursing-golick.147-182-135-0.plesk.page\/wp-content\/uploads\/2020\/02\/guayanilla-tents-prayer.jpg\" alt=\"\" width=\"796\" height=\"597\" srcset=\"https:\/\/interamerica.org\/wp-content\/uploads\/2020\/02\/guayanilla-tents-prayer.jpg 960w, https:\/\/interamerica.org\/wp-content\/uploads\/2020\/02\/guayanilla-tents-prayer-300x225.jpg 300w, https:\/\/interamerica.org\/wp-content\/uploads\/2020\/02\/guayanilla-tents-prayer-768x576.jpg 768w\" sizes=\"(max-width: 796px) 100vw, 796px\" \/><p id=\"caption-attachment-55225\" class=\"wp-caption-text\">Los l\u00edderes de la iglesia oran por muchas personas alojadas en una de las tiendas de refugio en Guayanilla, en el sur de Puerto Rico. Muchos miembros de iglesia han perdido sus hogares, y muchos de la comunidad sienten temor de estar bajo sus techos debido a una serie de r\u00e9plicas que han continuado desde que el terremoto de 6,4 de magnitud golpe\u00f3 la isla a comienzos del mes pasado. [Fotograf\u00eda: Cortes\u00eda de la Uni\u00f3n Puertorrique\u00f1a]<\/p><\/div>3 de febrero de 2020 | Miami, Florida, Estados Unidos | Libna Stevens\/DIA<\/p>\n<p>Semanas despu\u00e9s de que decenas de r\u00e9plicas han azotado a Puerto Rico desde el terremoto en diciembre, la Iglesia Adventista del S\u00e9ptimo D\u00eda est\u00e1 all\u00ed brindando esperanza a cientos de personas que est\u00e1n viviendo en tiendas y sinti\u00e9ndose inquietos ante la nueva normalidad: ser desplazados y sentir incertidumbre respecto de lo que es traer\u00e1 cada d\u00eda.<\/p>\n<p>\u201cEstamos enfrentando los mismos temblores diarios, a veces dos o tres veces por d\u00eda, y viendo incertidumbre en los rostros de muchas personas\u201d, dijo el pastor Jos\u00e9 Alberto Rodr\u00edguez, presidente de la Iglesia Adventista en Puerto Rico, durante una reciente conversaci\u00f3n telef\u00f3nica.<\/p>\n<p>Hay 55 familias de la iglesia que se han visto afectadas por los terremotos en la isla, inform\u00f3 Rodr\u00edguez. Quince perdieron sus casas en Guayanilla, Ponce, Pe\u00f1uelas, y algunos en la zona oriental de la isla. \u201cM\u00e1s de ocho mil personas est\u00e1n alojadas en refugios, lo que incluye a decenas de miembros adventistas\u201d, dijo. \u201cNuestros miembros en el norte, este y oeste de la isla est\u00e1n asistiendo a las familias de la iglesia m\u00e1s afectadas, mientras que la Agencia Adventista de Desarrollo y Recursos Asistenciales de Puerto Rico est\u00e1 ayudando a los que viven en las muchas comunidades\u201d.<\/p>\n<p><div id=\"attachment_55219\" style=\"width: 811px\" class=\"wp-caption aligncenter\"><img decoding=\"async\" aria-describedby=\"caption-attachment-55219\" class=\" wp-image-55217\" src=\"https:\/\/recursing-golick.147-182-135-0.plesk.page\/wp-content\/uploads\/2020\/02\/guayanilla-food-collections.jpg\" alt=\"\" width=\"801\" height=\"601\" srcset=\"https:\/\/interamerica.org\/wp-content\/uploads\/2020\/02\/guayanilla-food-collections.jpg 960w, https:\/\/interamerica.org\/wp-content\/uploads\/2020\/02\/guayanilla-food-collections-300x225.jpg 300w, https:\/\/interamerica.org\/wp-content\/uploads\/2020\/02\/guayanilla-food-collections-768x576.jpg 768w\" sizes=\"(max-width: 801px) 100vw, 801px\" \/><p id=\"caption-attachment-55219\" class=\"wp-caption-text\">Los miembros de iglesia clasifican los alimentos y art\u00edculos que ser\u00e1n distribuidos a otros miembros que est\u00e1n viviendo en tiendas en Gu\u00e1nica, Guayanilla y Pe\u00f1uelas, donde el epicentro de los sismos siguen haciendo temblar la regi\u00f3n y la isla. [Foto: Cortes\u00eda de la Uni\u00f3n Puertorrique\u00f1a]<\/p><\/div><a href=\"https:\/\/recursing-golick.147-182-135-0.plesk.page\/2020\/01\/adra-is-providing-ongoing-aid-after-puerto-rico-earthquakes\/\">ADRA Internacional y otras organizaciones no gubernamentales de Puerto Rico<\/a> lograron brindar y distribuir doscientas tiendas y 1500 mantas en las comunidades afectadas.<\/p>\n<p>Cada d\u00eda, los l\u00edderes de la iglesia viajan a Guayanilla en el sur, el epicentro del terremoto, y visitan a los miembros de la comunidad para evaluar sus necesidades y ofrecer aliento.<\/p>\n<p>\u201cCada d\u00eda se est\u00e1n brindando platos de comida, y la mayor\u00eda de las tiendas reciben los alimentos y comodidades b\u00e1sicas que son posibles en este momentos\u201d, dijo Rodr\u00edguez. Los cultos de la iglesia se siguen llevando a cabo en las tiendas todas las semanas, y los pastores y docentes de la Iglesia Adventista est\u00e1n ofreciendo consejer\u00eda y oraciones, mientras los puertorrique\u00f1os tratan de enfrentar las cicatrices que les dej\u00f3 el hurac\u00e1n Mar\u00eda, la inestabilidad econ\u00f3mica y pol\u00edtica, y el desplazamiento que han causado los temblores del terremoto.<\/p>\n<p><div id=\"attachment_55222\" style=\"width: 810px\" class=\"wp-caption aligncenter\"><img decoding=\"async\" aria-describedby=\"caption-attachment-55222\" class=\" wp-image-55220\" src=\"https:\/\/recursing-golick.147-182-135-0.plesk.page\/wp-content\/uploads\/2020\/02\/guayanilla-hotmeals.jpg\" alt=\"\" width=\"800\" height=\"600\" srcset=\"https:\/\/interamerica.org\/wp-content\/uploads\/2020\/02\/guayanilla-hotmeals.jpg 960w, https:\/\/interamerica.org\/wp-content\/uploads\/2020\/02\/guayanilla-hotmeals-300x225.jpg 300w, https:\/\/interamerica.org\/wp-content\/uploads\/2020\/02\/guayanilla-hotmeals-768x576.jpg 768w\" sizes=\"(max-width: 800px) 100vw, 800px\" \/><p id=\"caption-attachment-55222\" class=\"wp-caption-text\">Los miembros de iglesia ayudan a alimentar a cientos de personas en Guayanilla, Puerto Rico. [Fotograf\u00eda: Cortes\u00eda de la Uni\u00f3n Puertorrique\u00f1o]<\/p><\/div>Los miembros de iglesia est\u00e1n participando de la tarea de escribir cuatrocientas cartas de aliento y \u00e1nimo espiritual a cuatrocientas familias que est\u00e1n en los refugios y que sienten necesidad de esperanza en medio de este proceso, seg\u00fan Rodr\u00edguez.<\/p>\n<p>\u201cEstamos haciendo grandes esfuerzos de cuidar de los afectados de manera personal, brind\u00e1ndoles refugio, duchas, aparatos de cocina y apoyo psicol\u00f3gico\u201d, dijo Rodr\u00edguez.<\/p>\n<p>Las clases han recomenzado en diez de las trece escuelas primarias y secundarias adventistas de la isla. Tres iglesias no han podido ofrecer servicios en el sur, pero los cultos no han sido interrumpidos. La Universidad Adventista en Mayag\u00fcez reinici\u00f3 sus clases la semana pasada.<\/p>\n<p>Muchos de los miembros de iglesia han tenido que mudarse a otras ciudades y pueblos, muchos han dejado la isla, y muchos a\u00fan est\u00e1n buscando maneras de irse, explic\u00f3 Rodr\u00edguez. \u201cEs duro, \u00bfsaben? Uno ve sus rostros: Est\u00e1n cansados, est\u00e1n tristes y viven con temor e incertidumbre. A veces, un abrazo o una oraci\u00f3n no los lleva a sentirse mejor\u201d.<\/p>\n<p><div id=\"attachment_55228\" style=\"width: 811px\" class=\"wp-caption aligncenter\"><img loading=\"lazy\" decoding=\"async\" aria-describedby=\"caption-attachment-55228\" class=\" wp-image-55226\" src=\"https:\/\/recursing-golick.147-182-135-0.plesk.page\/wp-content\/uploads\/2020\/02\/guayanilla-tents1.jpg\" alt=\"\" width=\"801\" height=\"601\" srcset=\"https:\/\/interamerica.org\/wp-content\/uploads\/2020\/02\/guayanilla-tents1.jpg 960w, https:\/\/interamerica.org\/wp-content\/uploads\/2020\/02\/guayanilla-tents1-300x225.jpg 300w, https:\/\/interamerica.org\/wp-content\/uploads\/2020\/02\/guayanilla-tents1-768x576.jpg 768w\" sizes=\"(max-width: 801px) 100vw, 801px\" \/><p id=\"caption-attachment-55228\" class=\"wp-caption-text\">Las tiendas armadas en Gu\u00e1nica, donde hay familias que a\u00fan est\u00e1n viviendo en refugios en el sur de Puerto Rico. [Fotograf\u00eda: Cortes\u00eda de la Uni\u00f3n Puertorrique\u00f1a]<\/p><\/div>\u201cParece que fu\u00e9ramos expertos en huracanes aqu\u00ed; somos como meteor\u00f3logos para los huracanes, pero con este terremoto, estamos aprendiendo tanto porque jam\u00e1s hemos pasado por algo tan dif\u00edcil como esto\u201d, dijo Rodr\u00edguez. \u201cNo hay necesidad de alimentos o agua, como as\u00ed tampoco de los principales art\u00edculos, pero lo que m\u00e1s necesitamos son oraciones y la ayuda de profesionales, para asistir a los que han sido desplazados\u201d.<\/p>\n<p>Rodr\u00edguez dijo que ha estado en di\u00e1logo con el departamento de salud de la Divisi\u00f3n Interamericana para coordinar con el equipo de expertos en trauma psicol\u00f3gico de la Universidad de Loma Linda, para que brinde intervenciones individuales a los miembros de la iglesia y la comunidad en las pr\u00f3ximas semanas. Las fechas est\u00e1n siendo coordinadas para antes de fin del mes, dijo Rodr\u00edguez.<\/p>\n<p>\u201cNo s\u00e9 c\u00f3mo pero Dios est\u00e1 conservando el crecimiento de la iglesia aqu\u00ed\u201d, dijo el pastor Rodr\u00edguez. Con un \u00e9xodo tan grande de miembros durante los \u00faltimos cuatro a\u00f1os y m\u00e1s de cuatrocientos alumnos menos en las escuelas de la iglesia desde el hurac\u00e1n Mar\u00eda en 2017, \u201cde alguna manera a\u00fan estamos a flote\u201d, dijo. \u201cNo lo entiendo, pero Dios no nos ha abandonado; estamos superando la situaci\u00f3n, y veo que para siempre son sus misericordias\u201d.<\/p>\n<p><div id=\"attachment_55231\" style=\"width: 811px\" class=\"wp-caption aligncenter\"><img loading=\"lazy\" decoding=\"async\" aria-describedby=\"caption-attachment-55231\" class=\" wp-image-55229\" src=\"https:\/\/recursing-golick.147-182-135-0.plesk.page\/wp-content\/uploads\/2020\/02\/mayaguez-tent-worship.jpg\" alt=\"\" width=\"801\" height=\"601\" srcset=\"https:\/\/interamerica.org\/wp-content\/uploads\/2020\/02\/mayaguez-tent-worship.jpg 960w, https:\/\/interamerica.org\/wp-content\/uploads\/2020\/02\/mayaguez-tent-worship-300x225.jpg 300w, https:\/\/interamerica.org\/wp-content\/uploads\/2020\/02\/mayaguez-tent-worship-768x576.jpg 768w\" sizes=\"(max-width: 801px) 100vw, 801px\" \/><p id=\"caption-attachment-55231\" class=\"wp-caption-text\">Los miembros de iglesia se re\u00fanen bajo una estructura de tienda abierta para el culto, un s\u00e1bado por la ma\u00f1ana reciente en Mayag\u00fcez, Puerto Rico. En todas partes de la isla se han sentido terremotos y r\u00e9plicas diarias desde enero de 2020. [Fotograf\u00eda: Cortes\u00eda de la Uni\u00f3n Puertorrique\u00f1a]<\/p><\/div>Traducci\u00f3n de Marcos Paseggi<\/p>\n","protected":false},"excerpt":{"rendered":"<p>3 de febrero de 2020 | Miami, Florida, Estados Unidos | Libna Stevens\/DIA Semanas despu\u00e9s de que decenas de r\u00e9plicas han azotado a Puerto Rico desde el terremoto en diciembre,&#8230;<\/p>\n","protected":false},"author":3,"featured_media":55235,"comment_status":"open","ping_status":"closed","sticky":false,"template":"","format":"standard","meta":{"_acf_changed":false,"footnotes":""},"categories":[17,15],"tags":[],"class_list":["post-55240","post","type-post","status-publish","format-standard","has-post-thumbnail","hentry","category-desde-el-campo","category-rss-espanol"],"acf":[],"yoast_head":"<!-- This site is optimized with the Yoast SEO plugin v27.3 - https:\/\/yoast.com\/product\/yoast-seo-wordpress\/ -->\n<title>En Puerto Rico, Iglesia Adventista brinda consuelo y esperanza despu\u00e9s de los terremotos - Iglesia Adventista del S\u00e9ptimo D\u00eda - Divisi\u00f3n Interamericana<\/title>\n<meta name=\"robots\" content=\"index, follow, max-snippet:-1, max-image-preview:large, max-video-preview:-1\" \/>\n<link rel=\"canonical\" href=\"https:\/\/interamerica.org\/es\/2020\/02\/en-puerto-rico-iglesia-adventista-brinda-consuelo-y-esperanza-despues-de-los-terremotos\/\" \/>\n<meta property=\"og:locale\" content=\"es_ES\" \/>\n<meta property=\"og:type\" content=\"article\" \/>\n<meta property=\"og:title\" content=\"En Puerto Rico, Iglesia Adventista brinda consuelo y esperanza despu\u00e9s de los terremotos - Iglesia Adventista del S\u00e9ptimo D\u00eda - Divisi\u00f3n Interamericana\" \/>\n<meta property=\"og:description\" content=\"3 de febrero de 2020 | Miami, Florida, Estados Unidos | Libna Stevens\/DIA Semanas despu\u00e9s de que decenas de r\u00e9plicas han azotado a Puerto Rico desde el terremoto en diciembre,...\" \/>\n<meta property=\"og:url\" content=\"https:\/\/interamerica.org\/es\/2020\/02\/en-puerto-rico-iglesia-adventista-brinda-consuelo-y-esperanza-despues-de-los-terremotos\/\" \/>\n<meta property=\"og:site_name\" content=\"Iglesia Adventista del S\u00e9ptimo D\u00eda - Divisi\u00f3n Interamericana\" \/>\n<meta property=\"article:published_time\" content=\"2020-02-03T23:48:15+00:00\" \/>\n<meta property=\"article:modified_time\" content=\"2020-02-06T19:15:52+00:00\" \/>\n<meta property=\"og:image\" content=\"https:\/\/interamerica.org\/wp-content\/uploads\/2020\/02\/guayanilla-tents-prayer-1280.jpg\" \/>\n\t<meta property=\"og:image:width\" content=\"1280\" \/>\n\t<meta property=\"og:image:height\" content=\"800\" \/>\n\t<meta property=\"og:image:type\" content=\"image\/jpeg\" \/>\n<meta name=\"author\" content=\"libna\" \/>\n<meta name=\"twitter:card\" content=\"summary_large_image\" \/>\n<meta name=\"twitter:label1\" content=\"Escrito por\" \/>\n\t<meta name=\"twitter:data1\" content=\"libna\" \/>\n\t<meta name=\"twitter:label2\" content=\"Tiempo de lectura\" \/>\n\t<meta name=\"twitter:data2\" content=\"5 minutos\" \/>\n<script type=\"application\/ld+json\" class=\"yoast-schema-graph\">{\"@context\":\"https:\\\/\\\/schema.org\",\"@graph\":[{\"@type\":\"Article\",\"@id\":\"https:\\\/\\\/interamerica.org\\\/es\\\/2020\\\/02\\\/en-puerto-rico-iglesia-adventista-brinda-consuelo-y-esperanza-despues-de-los-terremotos\\\/#article\",\"isPartOf\":{\"@id\":\"https:\\\/\\\/interamerica.org\\\/es\\\/2020\\\/02\\\/en-puerto-rico-iglesia-adventista-brinda-consuelo-y-esperanza-despues-de-los-terremotos\\\/\"},\"author\":{\"name\":\"libna\",\"@id\":\"https:\\\/\\\/interamerica.org\\\/es\\\/#\\\/schema\\\/person\\\/29998f2bc2d8bd0d38662909289b54f1\"},\"headline\":\"En Puerto Rico, Iglesia Adventista brinda consuelo y esperanza despu\u00e9s de los terremotos\",\"datePublished\":\"2020-02-03T23:48:15+00:00\",\"dateModified\":\"2020-02-06T19:15:52+00:00\",\"mainEntityOfPage\":{\"@id\":\"https:\\\/\\\/interamerica.org\\\/es\\\/2020\\\/02\\\/en-puerto-rico-iglesia-adventista-brinda-consuelo-y-esperanza-despues-de-los-terremotos\\\/\"},\"wordCount\":1087,\"commentCount\":0,\"image\":{\"@id\":\"https:\\\/\\\/interamerica.org\\\/es\\\/2020\\\/02\\\/en-puerto-rico-iglesia-adventista-brinda-consuelo-y-esperanza-despues-de-los-terremotos\\\/#primaryimage\"},\"thumbnailUrl\":\"https:\\\/\\\/interamerica.org\\\/wp-content\\\/uploads\\\/2020\\\/02\\\/guayanilla-tents-prayer-1280.jpg\",\"articleSection\":[\"Desde el campo\",\"RSS Espa\u00f1ol\"],\"inLanguage\":\"es\",\"potentialAction\":[{\"@type\":\"CommentAction\",\"name\":\"Comment\",\"target\":[\"https:\\\/\\\/interamerica.org\\\/es\\\/2020\\\/02\\\/en-puerto-rico-iglesia-adventista-brinda-consuelo-y-esperanza-despues-de-los-terremotos\\\/#respond\"]}]},{\"@type\":\"WebPage\",\"@id\":\"https:\\\/\\\/interamerica.org\\\/es\\\/2020\\\/02\\\/en-puerto-rico-iglesia-adventista-brinda-consuelo-y-esperanza-despues-de-los-terremotos\\\/\",\"url\":\"https:\\\/\\\/interamerica.org\\\/es\\\/2020\\\/02\\\/en-puerto-rico-iglesia-adventista-brinda-consuelo-y-esperanza-despues-de-los-terremotos\\\/\",\"name\":\"En Puerto Rico, Iglesia Adventista brinda consuelo y esperanza despu\u00e9s de los terremotos - Iglesia Adventista del S\u00e9ptimo D\u00eda - Divisi\u00f3n Interamericana\",\"isPartOf\":{\"@id\":\"https:\\\/\\\/interamerica.org\\\/es\\\/#website\"},\"primaryImageOfPage\":{\"@id\":\"https:\\\/\\\/interamerica.org\\\/es\\\/2020\\\/02\\\/en-puerto-rico-iglesia-adventista-brinda-consuelo-y-esperanza-despues-de-los-terremotos\\\/#primaryimage\"},\"image\":{\"@id\":\"https:\\\/\\\/interamerica.org\\\/es\\\/2020\\\/02\\\/en-puerto-rico-iglesia-adventista-brinda-consuelo-y-esperanza-despues-de-los-terremotos\\\/#primaryimage\"},\"thumbnailUrl\":\"https:\\\/\\\/interamerica.org\\\/wp-content\\\/uploads\\\/2020\\\/02\\\/guayanilla-tents-prayer-1280.jpg\",\"datePublished\":\"2020-02-03T23:48:15+00:00\",\"dateModified\":\"2020-02-06T19:15:52+00:00\",\"author\":{\"@id\":\"https:\\\/\\\/interamerica.org\\\/es\\\/#\\\/schema\\\/person\\\/29998f2bc2d8bd0d38662909289b54f1\"},\"breadcrumb\":{\"@id\":\"https:\\\/\\\/interamerica.org\\\/es\\\/2020\\\/02\\\/en-puerto-rico-iglesia-adventista-brinda-consuelo-y-esperanza-despues-de-los-terremotos\\\/#breadcrumb\"},\"inLanguage\":\"es\",\"potentialAction\":[{\"@type\":\"ReadAction\",\"target\":[\"https:\\\/\\\/interamerica.org\\\/es\\\/2020\\\/02\\\/en-puerto-rico-iglesia-adventista-brinda-consuelo-y-esperanza-despues-de-los-terremotos\\\/\"]}]},{\"@type\":\"ImageObject\",\"inLanguage\":\"es\",\"@id\":\"https:\\\/\\\/interamerica.org\\\/es\\\/2020\\\/02\\\/en-puerto-rico-iglesia-adventista-brinda-consuelo-y-esperanza-despues-de-los-terremotos\\\/#primaryimage\",\"url\":\"https:\\\/\\\/interamerica.org\\\/wp-content\\\/uploads\\\/2020\\\/02\\\/guayanilla-tents-prayer-1280.jpg\",\"contentUrl\":\"https:\\\/\\\/interamerica.org\\\/wp-content\\\/uploads\\\/2020\\\/02\\\/guayanilla-tents-prayer-1280.jpg\",\"width\":1280,\"height\":800},{\"@type\":\"BreadcrumbList\",\"@id\":\"https:\\\/\\\/interamerica.org\\\/es\\\/2020\\\/02\\\/en-puerto-rico-iglesia-adventista-brinda-consuelo-y-esperanza-despues-de-los-terremotos\\\/#breadcrumb\",\"itemListElement\":[{\"@type\":\"ListItem\",\"position\":1,\"name\":\"Home\",\"item\":\"https:\\\/\\\/interamerica.org\\\/es\\\/\"},{\"@type\":\"ListItem\",\"position\":2,\"name\":\"En Puerto Rico, Iglesia Adventista brinda consuelo y esperanza despu\u00e9s de los terremotos\"}]},{\"@type\":\"WebSite\",\"@id\":\"https:\\\/\\\/interamerica.org\\\/es\\\/#website\",\"url\":\"https:\\\/\\\/interamerica.org\\\/es\\\/\",\"name\":\"Iglesia Adventista del S\u00e9ptimo D\u00eda - Divisi\u00f3n Interamericana\",\"description\":\"\",\"potentialAction\":[{\"@type\":\"SearchAction\",\"target\":{\"@type\":\"EntryPoint\",\"urlTemplate\":\"https:\\\/\\\/interamerica.org\\\/es\\\/?s={search_term_string}\"},\"query-input\":{\"@type\":\"PropertyValueSpecification\",\"valueRequired\":true,\"valueName\":\"search_term_string\"}}],\"inLanguage\":\"es\"},{\"@type\":\"Person\",\"@id\":\"https:\\\/\\\/interamerica.org\\\/es\\\/#\\\/schema\\\/person\\\/29998f2bc2d8bd0d38662909289b54f1\",\"name\":\"libna\",\"image\":{\"@type\":\"ImageObject\",\"inLanguage\":\"es\",\"@id\":\"https:\\\/\\\/secure.gravatar.com\\\/avatar\\\/7c5bd30ae4b47a9ba3c856590957fd1d96dc588bf3ac05719d247e126840331f?s=96&d=mm&r=g\",\"url\":\"https:\\\/\\\/secure.gravatar.com\\\/avatar\\\/7c5bd30ae4b47a9ba3c856590957fd1d96dc588bf3ac05719d247e126840331f?s=96&d=mm&r=g\",\"contentUrl\":\"https:\\\/\\\/secure.gravatar.com\\\/avatar\\\/7c5bd30ae4b47a9ba3c856590957fd1d96dc588bf3ac05719d247e126840331f?s=96&d=mm&r=g\",\"caption\":\"libna\"}}]}<\/script>\n<!-- \/ Yoast SEO plugin. -->","yoast_head_json":{"title":"En Puerto Rico, Iglesia Adventista brinda consuelo y esperanza despu\u00e9s de los terremotos - Iglesia Adventista del S\u00e9ptimo D\u00eda - Divisi\u00f3n Interamericana","robots":{"index":"index","follow":"follow","max-snippet":"max-snippet:-1","max-image-preview":"max-image-preview:large","max-video-preview":"max-video-preview:-1"},"canonical":"https:\/\/interamerica.org\/es\/2020\/02\/en-puerto-rico-iglesia-adventista-brinda-consuelo-y-esperanza-despues-de-los-terremotos\/","og_locale":"es_ES","og_type":"article","og_title":"En Puerto Rico, Iglesia Adventista brinda consuelo y esperanza despu\u00e9s de los terremotos - Iglesia Adventista del S\u00e9ptimo D\u00eda - Divisi\u00f3n Interamericana","og_description":"3 de febrero de 2020 | Miami, Florida, Estados Unidos | Libna Stevens\/DIA Semanas despu\u00e9s de que decenas de r\u00e9plicas han azotado a Puerto Rico desde el terremoto en diciembre,...","og_url":"https:\/\/interamerica.org\/es\/2020\/02\/en-puerto-rico-iglesia-adventista-brinda-consuelo-y-esperanza-despues-de-los-terremotos\/","og_site_name":"Iglesia Adventista del S\u00e9ptimo D\u00eda - Divisi\u00f3n Interamericana","article_published_time":"2020-02-03T23:48:15+00:00","article_modified_time":"2020-02-06T19:15:52+00:00","og_image":[{"width":1280,"height":800,"url":"https:\/\/interamerica.org\/wp-content\/uploads\/2020\/02\/guayanilla-tents-prayer-1280.jpg","type":"image\/jpeg"}],"author":"libna","twitter_card":"summary_large_image","twitter_misc":{"Escrito por":"libna","Tiempo de lectura":"5 minutos"},"schema":{"@context":"https:\/\/schema.org","@graph":[{"@type":"Article","@id":"https:\/\/interamerica.org\/es\/2020\/02\/en-puerto-rico-iglesia-adventista-brinda-consuelo-y-esperanza-despues-de-los-terremotos\/#article","isPartOf":{"@id":"https:\/\/interamerica.org\/es\/2020\/02\/en-puerto-rico-iglesia-adventista-brinda-consuelo-y-esperanza-despues-de-los-terremotos\/"},"author":{"name":"libna","@id":"https:\/\/interamerica.org\/es\/#\/schema\/person\/29998f2bc2d8bd0d38662909289b54f1"},"headline":"En Puerto Rico, Iglesia Adventista brinda consuelo y esperanza despu\u00e9s de los terremotos","datePublished":"2020-02-03T23:48:15+00:00","dateModified":"2020-02-06T19:15:52+00:00","mainEntityOfPage":{"@id":"https:\/\/interamerica.org\/es\/2020\/02\/en-puerto-rico-iglesia-adventista-brinda-consuelo-y-esperanza-despues-de-los-terremotos\/"},"wordCount":1087,"commentCount":0,"image":{"@id":"https:\/\/interamerica.org\/es\/2020\/02\/en-puerto-rico-iglesia-adventista-brinda-consuelo-y-esperanza-despues-de-los-terremotos\/#primaryimage"},"thumbnailUrl":"https:\/\/interamerica.org\/wp-content\/uploads\/2020\/02\/guayanilla-tents-prayer-1280.jpg","articleSection":["Desde el campo","RSS Espa\u00f1ol"],"inLanguage":"es","potentialAction":[{"@type":"CommentAction","name":"Comment","target":["https:\/\/interamerica.org\/es\/2020\/02\/en-puerto-rico-iglesia-adventista-brinda-consuelo-y-esperanza-despues-de-los-terremotos\/#respond"]}]},{"@type":"WebPage","@id":"https:\/\/interamerica.org\/es\/2020\/02\/en-puerto-rico-iglesia-adventista-brinda-consuelo-y-esperanza-despues-de-los-terremotos\/","url":"https:\/\/interamerica.org\/es\/2020\/02\/en-puerto-rico-iglesia-adventista-brinda-consuelo-y-esperanza-despues-de-los-terremotos\/","name":"En Puerto Rico, Iglesia Adventista brinda consuelo y esperanza despu\u00e9s de los terremotos - Iglesia Adventista del S\u00e9ptimo D\u00eda - Divisi\u00f3n Interamericana","isPartOf":{"@id":"https:\/\/interamerica.org\/es\/#website"},"primaryImageOfPage":{"@id":"https:\/\/interamerica.org\/es\/2020\/02\/en-puerto-rico-iglesia-adventista-brinda-consuelo-y-esperanza-despues-de-los-terremotos\/#primaryimage"},"image":{"@id":"https:\/\/interamerica.org\/es\/2020\/02\/en-puerto-rico-iglesia-adventista-brinda-consuelo-y-esperanza-despues-de-los-terremotos\/#primaryimage"},"thumbnailUrl":"https:\/\/interamerica.org\/wp-content\/uploads\/2020\/02\/guayanilla-tents-prayer-1280.jpg","datePublished":"2020-02-03T23:48:15+00:00","dateModified":"2020-02-06T19:15:52+00:00","author":{"@id":"https:\/\/interamerica.org\/es\/#\/schema\/person\/29998f2bc2d8bd0d38662909289b54f1"},"breadcrumb":{"@id":"https:\/\/interamerica.org\/es\/2020\/02\/en-puerto-rico-iglesia-adventista-brinda-consuelo-y-esperanza-despues-de-los-terremotos\/#breadcrumb"},"inLanguage":"es","potentialAction":[{"@type":"ReadAction","target":["https:\/\/interamerica.org\/es\/2020\/02\/en-puerto-rico-iglesia-adventista-brinda-consuelo-y-esperanza-despues-de-los-terremotos\/"]}]},{"@type":"ImageObject","inLanguage":"es","@id":"https:\/\/interamerica.org\/es\/2020\/02\/en-puerto-rico-iglesia-adventista-brinda-consuelo-y-esperanza-despues-de-los-terremotos\/#primaryimage","url":"https:\/\/interamerica.org\/wp-content\/uploads\/2020\/02\/guayanilla-tents-prayer-1280.jpg","contentUrl":"https:\/\/interamerica.org\/wp-content\/uploads\/2020\/02\/guayanilla-tents-prayer-1280.jpg","width":1280,"height":800},{"@type":"BreadcrumbList","@id":"https:\/\/interamerica.org\/es\/2020\/02\/en-puerto-rico-iglesia-adventista-brinda-consuelo-y-esperanza-despues-de-los-terremotos\/#breadcrumb","itemListElement":[{"@type":"ListItem","position":1,"name":"Home","item":"https:\/\/interamerica.org\/es\/"},{"@type":"ListItem","position":2,"name":"En Puerto Rico, Iglesia Adventista brinda consuelo y esperanza despu\u00e9s de los terremotos"}]},{"@type":"WebSite","@id":"https:\/\/interamerica.org\/es\/#website","url":"https:\/\/interamerica.org\/es\/","name":"Iglesia Adventista del S\u00e9ptimo D\u00eda - Divisi\u00f3n Interamericana","description":"","potentialAction":[{"@type":"SearchAction","target":{"@type":"EntryPoint","urlTemplate":"https:\/\/interamerica.org\/es\/?s={search_term_string}"},"query-input":{"@type":"PropertyValueSpecification","valueRequired":true,"valueName":"search_term_string"}}],"inLanguage":"es"},{"@type":"Person","@id":"https:\/\/interamerica.org\/es\/#\/schema\/person\/29998f2bc2d8bd0d38662909289b54f1","name":"libna","image":{"@type":"ImageObject","inLanguage":"es","@id":"https:\/\/secure.gravatar.com\/avatar\/7c5bd30ae4b47a9ba3c856590957fd1d96dc588bf3ac05719d247e126840331f?s=96&d=mm&r=g","url":"https:\/\/secure.gravatar.com\/avatar\/7c5bd30ae4b47a9ba3c856590957fd1d96dc588bf3ac05719d247e126840331f?s=96&d=mm&r=g","contentUrl":"https:\/\/secure.gravatar.com\/avatar\/7c5bd30ae4b47a9ba3c856590957fd1d96dc588bf3ac05719d247e126840331f?s=96&d=mm&r=g","caption":"libna"}}]}},"_links":{"self":[{"href":"https:\/\/interamerica.org\/es\/wp-json\/wp\/v2\/posts\/55240","targetHints":{"allow":["GET"]}}],"collection":[{"href":"https:\/\/interamerica.org\/es\/wp-json\/wp\/v2\/posts"}],"about":[{"href":"https:\/\/interamerica.org\/es\/wp-json\/wp\/v2\/types\/post"}],"author":[{"embeddable":true,"href":"https:\/\/interamerica.org\/es\/wp-json\/wp\/v2\/users\/3"}],"replies":[{"embeddable":true,"href":"https:\/\/interamerica.org\/es\/wp-json\/wp\/v2\/comments?post=55240"}],"version-history":[{"count":0,"href":"https:\/\/interamerica.org\/es\/wp-json\/wp\/v2\/posts\/55240\/revisions"}],"wp:featuredmedia":[{"embeddable":true,"href":"https:\/\/interamerica.org\/es\/wp-json\/wp\/v2\/media\/55235"}],"wp:attachment":[{"href":"https:\/\/interamerica.org\/es\/wp-json\/wp\/v2\/media?parent=55240"}],"wp:term":[{"taxonomy":"category","embeddable":true,"href":"https:\/\/interamerica.org\/es\/wp-json\/wp\/v2\/categories?post=55240"},{"taxonomy":"post_tag","embeddable":true,"href":"https:\/\/interamerica.org\/es\/wp-json\/wp\/v2\/tags?post=55240"}],"curies":[{"name":"wp","href":"https:\/\/api.w.org\/{rel}","templated":true}]}}