{"id":55279,"date":"2020-02-03T21:36:36","date_gmt":"2020-02-04T01:36:36","guid":{"rendered":"https:\/\/recursing-golick.147-182-135-0.plesk.page\/?p=55279"},"modified":"2020-02-06T16:23:52","modified_gmt":"2020-02-06T20:23:52","slug":"expansion-drastica-de-escuela-adventista-en-jordania","status":"publish","type":"post","link":"https:\/\/interamerica.org\/es\/2020\/02\/expansion-drastica-de-escuela-adventista-en-jordania\/","title":{"rendered":"Expansi\u00f3n dr\u00e1stica de escuela adventista en Jordania"},"content":{"rendered":"<p>3 de febrero de 2020 | Amm\u00e1n, Jordania | Andrew McChesney, Misi\u00f3n Adventista<\/p>\n<p>Una escuela adventista del s\u00e9ptimo d\u00eda que ha estado operando durante 78 a\u00f1os en el pa\u00eds de Jordania, en Oriente Medio, ha duplicado su tama\u00f1o, as\u00ed como su curr\u00edculo, que incluye ahora cursos de salud, idiomas y m\u00fasica, para la comunidad local, impartidas despu\u00e9s de horas de clase.<\/p>\n<p>Al hablar durante el corte de cinta de una ceremonia de inauguraci\u00f3n, el presidente de la Iglesia Adventista, Ted N. C. Wilson, compar\u00f3 a la Escuela Adventista Nacional con el sue\u00f1o del patriarca Jacob acerca de una escalera que llegaba desde la tierra al cielo. Hab\u00eda \u00e1ngeles que \u00a0ascend\u00edan y descend\u00edan por esa escalera en el sue\u00f1o que tuvo Jacob mientras dorm\u00eda a unos 100 kil\u00f3metros de la ubicaci\u00f3n de esta escuela en Amm\u00e1n, capital de Jordania.<\/p>\n<p>Dicho sue\u00f1o, registrado en la Biblia en G\u00e9nesis 28, \u00a0anim\u00f3 a Jacob con la convicci\u00f3n de que ten\u00eda una conexi\u00f3n directa con el cielo, dijo el presidente Wilson.<\/p>\n<p>&nbsp;<\/p>\n<p><div id=\"attachment_55265\" style=\"width: 810px\" class=\"wp-caption aligncenter\"><img fetchpriority=\"high\" decoding=\"async\" aria-describedby=\"caption-attachment-55265\" class=\" wp-image-55263\" src=\"https:\/\/recursing-golick.147-182-135-0.plesk.page\/wp-content\/uploads\/2020\/02\/jordan-school1.jpg\" alt=\"\" width=\"800\" height=\"600\" srcset=\"https:\/\/interamerica.org\/wp-content\/uploads\/2020\/02\/jordan-school1.jpg 1000w, https:\/\/interamerica.org\/wp-content\/uploads\/2020\/02\/jordan-school1-300x225.jpg 300w, https:\/\/interamerica.org\/wp-content\/uploads\/2020\/02\/jordan-school1-768x576.jpg 768w\" sizes=\"(max-width: 800px) 100vw, 800px\" \/><p id=\"caption-attachment-55265\" class=\"wp-caption-text\">Vista de la Escuela Adventista Nacional renovada y ampliada en Amm\u00e1n, Jordania. [Imagen: Andrew McChesney, Misi\u00f3n Adventista<\/p><\/div>\u00abLa Escuela Adventista Nacional puede ser como esa valiosa escalera, conectando a la gente con el Dios del cielo\u201d, les dijo el presidente Wilson a aproximadamente 150 dignatarios, miembros de iglesia y otras personas reunidas en la nueva sala de la escuela destinada a prop\u00f3sitos m\u00faltiples.<\/p>\n<p>\u201cIndependientemente de cu\u00e1l sea el marco religioso de donde usted proviene, me gustar\u00eda decirle con todo mi coraz\u00f3n que es importante que mantengamos una conexi\u00f3n con el Dios Todopoderoso\u201d, dijo. \u201cPienso que esta escuela adventista va a hacer exactamente eso\u201d.<\/p>\n<p>La Escuela Adventista Nacional, que abri\u00f3 sus puertas en 1942, cuenta actualmente con 105 estudiantes desde el primero al doceavo grado. Con dicha expansi\u00f3n, la escuela podr\u00e1 ahora contar con una doble inscripci\u00f3n y ofrecer varios programas despu\u00e9s de las horas de clase convencionales, incluyendo cursos sobre dejar de fumar, seminarios sobre estilo de vida saludable y otras iniciativas cuyo objetivo es mejorar la salud.<\/p>\n<p>\u201cLa salud es un don\u201d, dijo el presidente Wilson. \u201cTengan cuidado con lo que comen, con lo que beben, con lo que ven y con aquello en lo que participan. Cualquier cosa que hagan hace que ustedes sean lo que son y determina su futuro. Esta hermosa escuela va a ayudar a contribuir a una mejor salud de la comunidad a trav\u00e9s de las clases impartidas\u201d.<\/p>\n<p>&nbsp;<\/p>\n<p><div id=\"attachment_55268\" style=\"width: 810px\" class=\"wp-caption aligncenter\"><img decoding=\"async\" aria-describedby=\"caption-attachment-55268\" class=\" wp-image-55266\" src=\"https:\/\/recursing-golick.147-182-135-0.plesk.page\/wp-content\/uploads\/2020\/02\/jordan-school-2.jpg\" alt=\"\" width=\"800\" height=\"600\" srcset=\"https:\/\/interamerica.org\/wp-content\/uploads\/2020\/02\/jordan-school-2.jpg 1000w, https:\/\/interamerica.org\/wp-content\/uploads\/2020\/02\/jordan-school-2-300x225.jpg 300w, https:\/\/interamerica.org\/wp-content\/uploads\/2020\/02\/jordan-school-2-768x576.jpg 768w\" sizes=\"(max-width: 800px) 100vw, 800px\" \/><p id=\"caption-attachment-55268\" class=\"wp-caption-text\">El presidente de la Iglesia Adventista del S\u00e9ptimo D\u00eda, Ted N. C. Wilson (segundo de derecha a izquierda), habla a trav\u00e9s de un int\u00e9rprete en la ceremonia, en la nueva sala para prop\u00f3sitos m\u00faltiples, de la Escuela Adventista Nacional, en Amm\u00e1n, Jordania, el 29 de enero de 2020. [Imagen: Andrew McChesney, Misi\u00f3n Adventista]<\/p><\/div>Se ofrecer\u00e1n tambi\u00e9n clases de m\u00fasica y de ingl\u00e9s en esta escuela ubicada en Rainbow Street, una zona popular de restaurantes y centros comerciales cerca del centro de la ciudad de Amm\u00e1n.<\/p>\n<p>Al expandir el curr\u00edculo, la escuela procura ayudar a los ni\u00f1os y adultos en la comunidad \u201ca gozar de una mejor calidad de vida y a alcanzar algunos de sus objetivos de su vida\u201d, dijo Rick McEdward, presidente de la Iglesia Adventista de la Uni\u00f3n del Oriente Medio y Norte de \u00c1frica, cuyo territorio incluye a Jordania.<\/p>\n<p>\u201cEsperamos que al hacer esto, podamos representar la gloria de Dios en esta naci\u00f3n\u201d, dijo el presidente McEdward en una entrevista.<\/p>\n<p>La Iglesia Adventista del S\u00e9ptimo D\u00eda est\u00e1 reconocida en Jordania por decreto real, como una organizaci\u00f3n religiosa.<\/p>\n<p>Siguiendo la costumbre del Oriente Medio, el 29 de enero de 2020, la ceremonia de inauguraci\u00f3n se inici\u00f3 con saludos especiales dirigidos a varios dignatarios. Darron Boyd, director de la Iglesia \u00a0Adventista en la regi\u00f3n del Mediterr\u00e1neo Oriental, agradeci\u00f3 por nombre la presencia de cada uno de los invitados. Al terminar su saludo, le agradeci\u00f3 a Jes\u00fas por la escuela y por su plan de redenci\u00f3n.<\/p>\n<p>&nbsp;<\/p>\n<p><div id=\"attachment_55271\" style=\"width: 811px\" class=\"wp-caption aligncenter\"><img decoding=\"async\" aria-describedby=\"caption-attachment-55271\" class=\" wp-image-55269\" src=\"https:\/\/recursing-golick.147-182-135-0.plesk.page\/wp-content\/uploads\/2020\/02\/jordan-school-3.jpg\" alt=\"\" width=\"801\" height=\"601\" srcset=\"https:\/\/interamerica.org\/wp-content\/uploads\/2020\/02\/jordan-school-3.jpg 1000w, https:\/\/interamerica.org\/wp-content\/uploads\/2020\/02\/jordan-school-3-300x225.jpg 300w, https:\/\/interamerica.org\/wp-content\/uploads\/2020\/02\/jordan-school-3-768x576.jpg 768w\" sizes=\"(max-width: 801px) 100vw, 801px\" \/><p id=\"caption-attachment-55271\" class=\"wp-caption-text\">Un invitado especial, Hamdi Murad, coloca un turbante tradicional sobre la cabeza del presidente de la Iglesia Adventista, Ted N. C. Wilson, mientras que el arquitecto principal, Mazen W. Shaban (izquierda), quien present\u00f3 el regalo, sonr\u00ede en se\u00f1al de aprobaci\u00f3n, en la escuela Adventista Nacional en Amm\u00e1n, Jordania, el 29 de enero de 2020. [Andrew McChesney, Misi\u00f3n Adventista<\/p><\/div>\u201cTe agradecemos por haber pensado en nosotros desde hace tiempo y anhelamos con gran expectativa tu pronto retorno para llevarnos a vivir a un sitio mejor\u201d, dijo en su oraci\u00f3n.<\/p>\n<p>Despu\u00e9s de cortar la cinta o list\u00f3n, uno de los invitados especiales, Mazen W. Shaban, arquitecto principal del proyecto de construcci\u00f3n de la escuela, entreg\u00f3 al presidente Wilson una tradicional <em>abaya\u00a0<\/em>(t\u00fanica) y una <em>shmakh\u00a0<\/em>(pa\u00f1oleta o turbante) sujeta a la cabeza con una <em>egal <\/em>(banda o cintillo). El Pastor Wilson sonre\u00eda mientras el arquitecto Shaban y otro invitado especial, Hamdi Murad, colocaba la t\u00fanica sobre sus hombros y cubr\u00eda su cabeza con el turbante de intricado tejido rojo y blanco, lo cual constituy\u00f3 una emotiva expresi\u00f3n de la mejor hospitalidad jordana.<\/p>\n<p>El presidente McEdward, quien est\u00e1 muy bien familiarizado con la cultura del Oriente Medio, por haber crecido en Arabia Saudita, dijo que ese gesto de amistad le hab\u00eda tocado el coraz\u00f3n.<\/p>\n<p>\u201cCada uno de estos regalos era una forma de decirle: \u2018Eres un l\u00edder merecedor de honra entre nosotros aqu\u00ed en Jordania\u2019\u201d, dijo.<\/p>\n<p>La ceremonia en esta escuela se llev\u00f3 a cabo al iniciar el presidente Wilson y su esposa Nancy, un viaje de tres semanas a trav\u00e9s de cinco pa\u00edses, con el fin de alentar a los miembros de iglesia a ser fieles. El presidente Wilson ten\u00eda programado viajar luego al \u00c1frica Occidental, en donde adorar\u00e1 el s\u00e1bado en Ghana. Despu\u00e9s de eso ten\u00eda\u00a0 planes de asistir a la Cumbre Mundial de Liderazgo a celebrarse este a\u00f1o en Cape Town, Sud\u00e1frica. Su viaje concluir\u00e1 con visitas a Malaui y Angola.<\/p>\n<p>En Jordania, la renovaci\u00f3n y expansi\u00f3n de la escuela se llev\u00f3 a cabo con gran rapidez bajo la mirada vigilante de Peter Koolik, un constructor australiano a cargo de la supervisi\u00f3n de proyectos mundiales de construcci\u00f3n de iglesias a nombre de la Asociaci\u00f3n General.<\/p>\n<p>La renovaci\u00f3n tuvo lugar durante los meses de vacaci\u00f3n entre junio y agosto de 2019, y los dos nuevos pisos se a\u00f1adieron despu\u00e9s de eso, dijo el arquitecto Shaban, socio fundador y administrador general de Sha\u2019ban Architects and Engineers. El espacio disponible en el complejo educativo, que incluye una iglesia adventista y cuartos de hu\u00e9spedes, fue ampliado a 2,150 metros cuadrados, a partir de los 1,050 metros cuadrados previos, escribi\u00f3 en un correo electr\u00f3nico.<\/p>\n<p>En su discurso, el presidente Wilson habl\u00f3 entusiastamente acerca del futuro de la escuela.<\/p>\n<p>\u201cLa Escuela Adventista Nacional es tan vital\u201d, dijo. \u201cPor la gracia de Dios, y a trav\u00e9s de estas labores de remodelaci\u00f3n y expansi\u00f3n, los mejores d\u00edas para esta escuela est\u00e1n todav\u00eda por delante\u201d.<\/p>\n<p>Traducci\u00f3n- Gloria A Castrej\u00f3n<\/p>\n<p>&nbsp;<\/p>\n","protected":false},"excerpt":{"rendered":"<p>3 de febrero de 2020 | Amm\u00e1n, Jordania | Andrew McChesney, Misi\u00f3n Adventista Una escuela adventista del s\u00e9ptimo d\u00eda que ha estado operando durante 78 a\u00f1os en el pa\u00eds de&#8230;<\/p>\n","protected":false},"author":3,"featured_media":55277,"comment_status":"open","ping_status":"closed","sticky":false,"template":"","format":"standard","meta":{"_acf_changed":false,"footnotes":""},"categories":[14,15],"tags":[],"class_list":["post-55279","post","type-post","status-publish","format-standard","has-post-thumbnail","hentry","category-de-la-iglesia-mundial","category-rss-espanol"],"acf":[],"yoast_head":"<!-- This site is optimized with the Yoast SEO plugin v27.3 - https:\/\/yoast.com\/product\/yoast-seo-wordpress\/ -->\n<title>Expansi\u00f3n dr\u00e1stica de escuela adventista en Jordania - Iglesia Adventista del S\u00e9ptimo D\u00eda - Divisi\u00f3n Interamericana<\/title>\n<meta name=\"robots\" content=\"index, follow, max-snippet:-1, max-image-preview:large, max-video-preview:-1\" \/>\n<link rel=\"canonical\" href=\"https:\/\/interamerica.org\/es\/2020\/02\/expansion-drastica-de-escuela-adventista-en-jordania\/\" \/>\n<meta property=\"og:locale\" content=\"es_ES\" \/>\n<meta property=\"og:type\" content=\"article\" \/>\n<meta property=\"og:title\" content=\"Expansi\u00f3n dr\u00e1stica de escuela adventista en Jordania - Iglesia Adventista del S\u00e9ptimo D\u00eda - Divisi\u00f3n Interamericana\" \/>\n<meta property=\"og:description\" content=\"3 de febrero de 2020 | Amm\u00e1n, Jordania | Andrew McChesney, Misi\u00f3n Adventista Una escuela adventista del s\u00e9ptimo d\u00eda que ha estado operando durante 78 a\u00f1os en el pa\u00eds de...\" \/>\n<meta property=\"og:url\" content=\"https:\/\/interamerica.org\/es\/2020\/02\/expansion-drastica-de-escuela-adventista-en-jordania\/\" \/>\n<meta property=\"og:site_name\" content=\"Iglesia Adventista del S\u00e9ptimo D\u00eda - Divisi\u00f3n Interamericana\" \/>\n<meta property=\"article:published_time\" content=\"2020-02-04T01:36:36+00:00\" \/>\n<meta property=\"article:modified_time\" content=\"2020-02-06T20:23:52+00:00\" \/>\n<meta property=\"og:image\" content=\"https:\/\/interamerica.org\/wp-content\/uploads\/2020\/02\/adventist-school-expands-drastically-in-jordan1280.jpg\" \/>\n\t<meta property=\"og:image:width\" content=\"1280\" \/>\n\t<meta property=\"og:image:height\" content=\"800\" \/>\n\t<meta property=\"og:image:type\" content=\"image\/jpeg\" \/>\n<meta name=\"author\" content=\"libna\" \/>\n<meta name=\"twitter:card\" content=\"summary_large_image\" \/>\n<meta name=\"twitter:label1\" content=\"Escrito por\" \/>\n\t<meta name=\"twitter:data1\" content=\"libna\" \/>\n\t<meta name=\"twitter:label2\" content=\"Tiempo de lectura\" \/>\n\t<meta name=\"twitter:data2\" content=\"6 minutos\" \/>\n<script type=\"application\/ld+json\" class=\"yoast-schema-graph\">{\"@context\":\"https:\\\/\\\/schema.org\",\"@graph\":[{\"@type\":\"Article\",\"@id\":\"https:\\\/\\\/interamerica.org\\\/es\\\/2020\\\/02\\\/expansion-drastica-de-escuela-adventista-en-jordania\\\/#article\",\"isPartOf\":{\"@id\":\"https:\\\/\\\/interamerica.org\\\/es\\\/2020\\\/02\\\/expansion-drastica-de-escuela-adventista-en-jordania\\\/\"},\"author\":{\"name\":\"libna\",\"@id\":\"https:\\\/\\\/interamerica.org\\\/es\\\/#\\\/schema\\\/person\\\/29998f2bc2d8bd0d38662909289b54f1\"},\"headline\":\"Expansi\u00f3n dr\u00e1stica de escuela adventista en Jordania\",\"datePublished\":\"2020-02-04T01:36:36+00:00\",\"dateModified\":\"2020-02-06T20:23:52+00:00\",\"mainEntityOfPage\":{\"@id\":\"https:\\\/\\\/interamerica.org\\\/es\\\/2020\\\/02\\\/expansion-drastica-de-escuela-adventista-en-jordania\\\/\"},\"wordCount\":1259,\"commentCount\":0,\"image\":{\"@id\":\"https:\\\/\\\/interamerica.org\\\/es\\\/2020\\\/02\\\/expansion-drastica-de-escuela-adventista-en-jordania\\\/#primaryimage\"},\"thumbnailUrl\":\"https:\\\/\\\/interamerica.org\\\/wp-content\\\/uploads\\\/2020\\\/02\\\/adventist-school-expands-drastically-in-jordan1280.jpg\",\"articleSection\":[\"Desde la iglesia mundial\",\"RSS Espa\u00f1ol\"],\"inLanguage\":\"es\",\"potentialAction\":[{\"@type\":\"CommentAction\",\"name\":\"Comment\",\"target\":[\"https:\\\/\\\/interamerica.org\\\/es\\\/2020\\\/02\\\/expansion-drastica-de-escuela-adventista-en-jordania\\\/#respond\"]}]},{\"@type\":\"WebPage\",\"@id\":\"https:\\\/\\\/interamerica.org\\\/es\\\/2020\\\/02\\\/expansion-drastica-de-escuela-adventista-en-jordania\\\/\",\"url\":\"https:\\\/\\\/interamerica.org\\\/es\\\/2020\\\/02\\\/expansion-drastica-de-escuela-adventista-en-jordania\\\/\",\"name\":\"Expansi\u00f3n dr\u00e1stica de escuela adventista en Jordania - Iglesia Adventista del S\u00e9ptimo D\u00eda - Divisi\u00f3n Interamericana\",\"isPartOf\":{\"@id\":\"https:\\\/\\\/interamerica.org\\\/es\\\/#website\"},\"primaryImageOfPage\":{\"@id\":\"https:\\\/\\\/interamerica.org\\\/es\\\/2020\\\/02\\\/expansion-drastica-de-escuela-adventista-en-jordania\\\/#primaryimage\"},\"image\":{\"@id\":\"https:\\\/\\\/interamerica.org\\\/es\\\/2020\\\/02\\\/expansion-drastica-de-escuela-adventista-en-jordania\\\/#primaryimage\"},\"thumbnailUrl\":\"https:\\\/\\\/interamerica.org\\\/wp-content\\\/uploads\\\/2020\\\/02\\\/adventist-school-expands-drastically-in-jordan1280.jpg\",\"datePublished\":\"2020-02-04T01:36:36+00:00\",\"dateModified\":\"2020-02-06T20:23:52+00:00\",\"author\":{\"@id\":\"https:\\\/\\\/interamerica.org\\\/es\\\/#\\\/schema\\\/person\\\/29998f2bc2d8bd0d38662909289b54f1\"},\"breadcrumb\":{\"@id\":\"https:\\\/\\\/interamerica.org\\\/es\\\/2020\\\/02\\\/expansion-drastica-de-escuela-adventista-en-jordania\\\/#breadcrumb\"},\"inLanguage\":\"es\",\"potentialAction\":[{\"@type\":\"ReadAction\",\"target\":[\"https:\\\/\\\/interamerica.org\\\/es\\\/2020\\\/02\\\/expansion-drastica-de-escuela-adventista-en-jordania\\\/\"]}]},{\"@type\":\"ImageObject\",\"inLanguage\":\"es\",\"@id\":\"https:\\\/\\\/interamerica.org\\\/es\\\/2020\\\/02\\\/expansion-drastica-de-escuela-adventista-en-jordania\\\/#primaryimage\",\"url\":\"https:\\\/\\\/interamerica.org\\\/wp-content\\\/uploads\\\/2020\\\/02\\\/adventist-school-expands-drastically-in-jordan1280.jpg\",\"contentUrl\":\"https:\\\/\\\/interamerica.org\\\/wp-content\\\/uploads\\\/2020\\\/02\\\/adventist-school-expands-drastically-in-jordan1280.jpg\",\"width\":1280,\"height\":800},{\"@type\":\"BreadcrumbList\",\"@id\":\"https:\\\/\\\/interamerica.org\\\/es\\\/2020\\\/02\\\/expansion-drastica-de-escuela-adventista-en-jordania\\\/#breadcrumb\",\"itemListElement\":[{\"@type\":\"ListItem\",\"position\":1,\"name\":\"Home\",\"item\":\"https:\\\/\\\/interamerica.org\\\/es\\\/\"},{\"@type\":\"ListItem\",\"position\":2,\"name\":\"Expansi\u00f3n dr\u00e1stica de escuela adventista en Jordania\"}]},{\"@type\":\"WebSite\",\"@id\":\"https:\\\/\\\/interamerica.org\\\/es\\\/#website\",\"url\":\"https:\\\/\\\/interamerica.org\\\/es\\\/\",\"name\":\"Iglesia Adventista del S\u00e9ptimo D\u00eda - Divisi\u00f3n Interamericana\",\"description\":\"\",\"potentialAction\":[{\"@type\":\"SearchAction\",\"target\":{\"@type\":\"EntryPoint\",\"urlTemplate\":\"https:\\\/\\\/interamerica.org\\\/es\\\/?s={search_term_string}\"},\"query-input\":{\"@type\":\"PropertyValueSpecification\",\"valueRequired\":true,\"valueName\":\"search_term_string\"}}],\"inLanguage\":\"es\"},{\"@type\":\"Person\",\"@id\":\"https:\\\/\\\/interamerica.org\\\/es\\\/#\\\/schema\\\/person\\\/29998f2bc2d8bd0d38662909289b54f1\",\"name\":\"libna\",\"image\":{\"@type\":\"ImageObject\",\"inLanguage\":\"es\",\"@id\":\"https:\\\/\\\/secure.gravatar.com\\\/avatar\\\/7c5bd30ae4b47a9ba3c856590957fd1d96dc588bf3ac05719d247e126840331f?s=96&d=mm&r=g\",\"url\":\"https:\\\/\\\/secure.gravatar.com\\\/avatar\\\/7c5bd30ae4b47a9ba3c856590957fd1d96dc588bf3ac05719d247e126840331f?s=96&d=mm&r=g\",\"contentUrl\":\"https:\\\/\\\/secure.gravatar.com\\\/avatar\\\/7c5bd30ae4b47a9ba3c856590957fd1d96dc588bf3ac05719d247e126840331f?s=96&d=mm&r=g\",\"caption\":\"libna\"}}]}<\/script>\n<!-- \/ Yoast SEO plugin. -->","yoast_head_json":{"title":"Expansi\u00f3n dr\u00e1stica de escuela adventista en Jordania - Iglesia Adventista del S\u00e9ptimo D\u00eda - Divisi\u00f3n Interamericana","robots":{"index":"index","follow":"follow","max-snippet":"max-snippet:-1","max-image-preview":"max-image-preview:large","max-video-preview":"max-video-preview:-1"},"canonical":"https:\/\/interamerica.org\/es\/2020\/02\/expansion-drastica-de-escuela-adventista-en-jordania\/","og_locale":"es_ES","og_type":"article","og_title":"Expansi\u00f3n dr\u00e1stica de escuela adventista en Jordania - Iglesia Adventista del S\u00e9ptimo D\u00eda - Divisi\u00f3n Interamericana","og_description":"3 de febrero de 2020 | Amm\u00e1n, Jordania | Andrew McChesney, Misi\u00f3n Adventista Una escuela adventista del s\u00e9ptimo d\u00eda que ha estado operando durante 78 a\u00f1os en el pa\u00eds de...","og_url":"https:\/\/interamerica.org\/es\/2020\/02\/expansion-drastica-de-escuela-adventista-en-jordania\/","og_site_name":"Iglesia Adventista del S\u00e9ptimo D\u00eda - Divisi\u00f3n Interamericana","article_published_time":"2020-02-04T01:36:36+00:00","article_modified_time":"2020-02-06T20:23:52+00:00","og_image":[{"width":1280,"height":800,"url":"https:\/\/interamerica.org\/wp-content\/uploads\/2020\/02\/adventist-school-expands-drastically-in-jordan1280.jpg","type":"image\/jpeg"}],"author":"libna","twitter_card":"summary_large_image","twitter_misc":{"Escrito por":"libna","Tiempo de lectura":"6 minutos"},"schema":{"@context":"https:\/\/schema.org","@graph":[{"@type":"Article","@id":"https:\/\/interamerica.org\/es\/2020\/02\/expansion-drastica-de-escuela-adventista-en-jordania\/#article","isPartOf":{"@id":"https:\/\/interamerica.org\/es\/2020\/02\/expansion-drastica-de-escuela-adventista-en-jordania\/"},"author":{"name":"libna","@id":"https:\/\/interamerica.org\/es\/#\/schema\/person\/29998f2bc2d8bd0d38662909289b54f1"},"headline":"Expansi\u00f3n dr\u00e1stica de escuela adventista en Jordania","datePublished":"2020-02-04T01:36:36+00:00","dateModified":"2020-02-06T20:23:52+00:00","mainEntityOfPage":{"@id":"https:\/\/interamerica.org\/es\/2020\/02\/expansion-drastica-de-escuela-adventista-en-jordania\/"},"wordCount":1259,"commentCount":0,"image":{"@id":"https:\/\/interamerica.org\/es\/2020\/02\/expansion-drastica-de-escuela-adventista-en-jordania\/#primaryimage"},"thumbnailUrl":"https:\/\/interamerica.org\/wp-content\/uploads\/2020\/02\/adventist-school-expands-drastically-in-jordan1280.jpg","articleSection":["Desde la iglesia mundial","RSS Espa\u00f1ol"],"inLanguage":"es","potentialAction":[{"@type":"CommentAction","name":"Comment","target":["https:\/\/interamerica.org\/es\/2020\/02\/expansion-drastica-de-escuela-adventista-en-jordania\/#respond"]}]},{"@type":"WebPage","@id":"https:\/\/interamerica.org\/es\/2020\/02\/expansion-drastica-de-escuela-adventista-en-jordania\/","url":"https:\/\/interamerica.org\/es\/2020\/02\/expansion-drastica-de-escuela-adventista-en-jordania\/","name":"Expansi\u00f3n dr\u00e1stica de escuela adventista en Jordania - Iglesia Adventista del S\u00e9ptimo D\u00eda - Divisi\u00f3n Interamericana","isPartOf":{"@id":"https:\/\/interamerica.org\/es\/#website"},"primaryImageOfPage":{"@id":"https:\/\/interamerica.org\/es\/2020\/02\/expansion-drastica-de-escuela-adventista-en-jordania\/#primaryimage"},"image":{"@id":"https:\/\/interamerica.org\/es\/2020\/02\/expansion-drastica-de-escuela-adventista-en-jordania\/#primaryimage"},"thumbnailUrl":"https:\/\/interamerica.org\/wp-content\/uploads\/2020\/02\/adventist-school-expands-drastically-in-jordan1280.jpg","datePublished":"2020-02-04T01:36:36+00:00","dateModified":"2020-02-06T20:23:52+00:00","author":{"@id":"https:\/\/interamerica.org\/es\/#\/schema\/person\/29998f2bc2d8bd0d38662909289b54f1"},"breadcrumb":{"@id":"https:\/\/interamerica.org\/es\/2020\/02\/expansion-drastica-de-escuela-adventista-en-jordania\/#breadcrumb"},"inLanguage":"es","potentialAction":[{"@type":"ReadAction","target":["https:\/\/interamerica.org\/es\/2020\/02\/expansion-drastica-de-escuela-adventista-en-jordania\/"]}]},{"@type":"ImageObject","inLanguage":"es","@id":"https:\/\/interamerica.org\/es\/2020\/02\/expansion-drastica-de-escuela-adventista-en-jordania\/#primaryimage","url":"https:\/\/interamerica.org\/wp-content\/uploads\/2020\/02\/adventist-school-expands-drastically-in-jordan1280.jpg","contentUrl":"https:\/\/interamerica.org\/wp-content\/uploads\/2020\/02\/adventist-school-expands-drastically-in-jordan1280.jpg","width":1280,"height":800},{"@type":"BreadcrumbList","@id":"https:\/\/interamerica.org\/es\/2020\/02\/expansion-drastica-de-escuela-adventista-en-jordania\/#breadcrumb","itemListElement":[{"@type":"ListItem","position":1,"name":"Home","item":"https:\/\/interamerica.org\/es\/"},{"@type":"ListItem","position":2,"name":"Expansi\u00f3n dr\u00e1stica de escuela adventista en Jordania"}]},{"@type":"WebSite","@id":"https:\/\/interamerica.org\/es\/#website","url":"https:\/\/interamerica.org\/es\/","name":"Iglesia Adventista del S\u00e9ptimo D\u00eda - Divisi\u00f3n Interamericana","description":"","potentialAction":[{"@type":"SearchAction","target":{"@type":"EntryPoint","urlTemplate":"https:\/\/interamerica.org\/es\/?s={search_term_string}"},"query-input":{"@type":"PropertyValueSpecification","valueRequired":true,"valueName":"search_term_string"}}],"inLanguage":"es"},{"@type":"Person","@id":"https:\/\/interamerica.org\/es\/#\/schema\/person\/29998f2bc2d8bd0d38662909289b54f1","name":"libna","image":{"@type":"ImageObject","inLanguage":"es","@id":"https:\/\/secure.gravatar.com\/avatar\/7c5bd30ae4b47a9ba3c856590957fd1d96dc588bf3ac05719d247e126840331f?s=96&d=mm&r=g","url":"https:\/\/secure.gravatar.com\/avatar\/7c5bd30ae4b47a9ba3c856590957fd1d96dc588bf3ac05719d247e126840331f?s=96&d=mm&r=g","contentUrl":"https:\/\/secure.gravatar.com\/avatar\/7c5bd30ae4b47a9ba3c856590957fd1d96dc588bf3ac05719d247e126840331f?s=96&d=mm&r=g","caption":"libna"}}]}},"_links":{"self":[{"href":"https:\/\/interamerica.org\/es\/wp-json\/wp\/v2\/posts\/55279","targetHints":{"allow":["GET"]}}],"collection":[{"href":"https:\/\/interamerica.org\/es\/wp-json\/wp\/v2\/posts"}],"about":[{"href":"https:\/\/interamerica.org\/es\/wp-json\/wp\/v2\/types\/post"}],"author":[{"embeddable":true,"href":"https:\/\/interamerica.org\/es\/wp-json\/wp\/v2\/users\/3"}],"replies":[{"embeddable":true,"href":"https:\/\/interamerica.org\/es\/wp-json\/wp\/v2\/comments?post=55279"}],"version-history":[{"count":0,"href":"https:\/\/interamerica.org\/es\/wp-json\/wp\/v2\/posts\/55279\/revisions"}],"wp:featuredmedia":[{"embeddable":true,"href":"https:\/\/interamerica.org\/es\/wp-json\/wp\/v2\/media\/55277"}],"wp:attachment":[{"href":"https:\/\/interamerica.org\/es\/wp-json\/wp\/v2\/media?parent=55279"}],"wp:term":[{"taxonomy":"category","embeddable":true,"href":"https:\/\/interamerica.org\/es\/wp-json\/wp\/v2\/categories?post=55279"},{"taxonomy":"post_tag","embeddable":true,"href":"https:\/\/interamerica.org\/es\/wp-json\/wp\/v2\/tags?post=55279"}],"curies":[{"name":"wp","href":"https:\/\/api.w.org\/{rel}","templated":true}]}}