{"id":55393,"date":"2020-02-13T09:20:25","date_gmt":"2020-02-13T13:20:25","guid":{"rendered":"https:\/\/recursing-golick.147-182-135-0.plesk.page\/?p=55393"},"modified":"2020-02-18T11:49:21","modified_gmt":"2020-02-18T15:49:21","slug":"interamerica-presentara-la-mision-de-alcanzar-a-mas-ninos-y-mujeres-durante-evento-en-linea","status":"publish","type":"post","link":"https:\/\/interamerica.org\/es\/2020\/02\/interamerica-presentara-la-mision-de-alcanzar-a-mas-ninos-y-mujeres-durante-evento-en-linea\/","title":{"rendered":"Interam\u00e9rica presentar\u00e1 la misi\u00f3n de alcanzar a m\u00e1s ni\u00f1os y mujeres durante evento en l\u00ednea"},"content":{"rendered":"<p>13 de febrero de 2020 | Miami, Florida, Estados Unidos | Libna Stevens\/DIA<\/p>\n<p>Las l\u00edderes de ministerios del ni\u00f1o, el adolescente y las mujeres de la Iglesia Adventista del S\u00e9ptimo D\u00eda de toda Interam\u00e9rica se informar\u00e1n sobre las iniciativas y actividades que destacar\u00e1n el papel que juegan los ni\u00f1os y las mujeres en la misi\u00f3n de la iglesia, durante un evento en l\u00ednea planificado para el pr\u00f3ximo 18-20 de febrero de 2010. El programa en l\u00ednea de tres d\u00edas de duraci\u00f3n reunir\u00e1 a casi doscientas l\u00edderes que viajar\u00e1n hasta Miami, Florida, Estados Unidos.<\/p>\n<p>\u201cQueremos seguir empoderando a las l\u00edderes para que contin\u00faen involucrando a los ni\u00f1os, los adolescentes y las mujeres en m\u00e1s evangelismo para expandir el reino de Dios\u201d, dijo Dinorah Rivera, directora de ministerios del ni\u00f1o y el adolescente de la Iglesia Adventista en Interam\u00e9rica y principal organizadora del evento. El programa continuar\u00e1 la exitosa obra del evangelismo para mujeres del a\u00f1o pasado, la iniciativa \u201cLa mochila que habla\u201d para los ni\u00f1os, y el programa de la Escuela B\u00edblica de Vacaciones presentado para este a\u00f1o.<\/p>\n<p>\u201cMiles de mujeres fueron directamente responsables de ense\u00f1ar en las escuelas b\u00edblicas y ministrar a los ni\u00f1os y mujeres el a\u00f1o pasado, lo que result\u00f3 en miles de bautismos\u201d, dijo Rivera. \u201cNo queremos que ese impulso se detenga. Por ello, reafirmaremos iniciativas y actividades que permiten una mayor colaboraci\u00f3n y nuevas oportunidades que resulten de inspiraci\u00f3n y motivaci\u00f3n para alcanzar a m\u00e1s personas para Cristo\u201d.<\/p>\n<p>El evento tambi\u00e9n se enfocar\u00e1 en la funci\u00f3n y el servicio m\u00e1s grande que las l\u00edderes de los ministerios de la mujer pueden tener en la iglesia y la comunidad mediante una serie de seminarios y presentaciones.<\/p>\n<p>El taller en l\u00ednea permitir\u00e1 <span style=\"text-decoration: line-through;\">que<\/span> cientos de miles de l\u00edderes adicionales de las 23 mil iglesias y congregaciones locales vean de primera mano lo que se implementar\u00e1 este a\u00f1o.<\/p>\n<p>El programa completo de la Escuela B\u00edblica de Vacaciones de este a\u00f1o, titulado \u201cEscalando monta\u00f1as de la mano con Dios\u201d, ser\u00e1 lanzado con el prop\u00f3sito de ayudar a implementarlo mejor a lo largo y a lo ancho del territorio.<\/p>\n<p>Tambi\u00e9n se dar\u00e1 un \u00e9nfasis especial a mostrar c\u00f3mo atender mejor a los ni\u00f1os y adolescentes con necesidades especiales.<\/p>\n<p>El programa en l\u00ednea podr\u00e1 ser visto en ingl\u00e9s, espa\u00f1ol y franc\u00e9s <a href=\"https:\/\/youtube.com\/interamericaorg\">AQUI<\/a> seg\u00fan el siguiente detalle, en Hora de Miami:<\/p>\n<p>Martes 18 de febrero: 19:00-21:30<\/p>\n<p>Mi\u00e9rcoles 19 de febrero: 8:30-12:45; 14:00-17:00; 19:30 &#8211; 21:30<\/p>\n<p>Jueves 20 de febrero: 8:30-12:45; 14:00-17:00<\/p>\n<p>Traducci\u00f3n de Marcos Paseggi<\/p>\n","protected":false},"excerpt":{"rendered":"<p>13 de febrero de 2020 | Miami, Florida, Estados Unidos | Libna Stevens\/DIA Las l\u00edderes de ministerios del ni\u00f1o, el adolescente y las mujeres de la Iglesia Adventista del S\u00e9ptimo&#8230;<\/p>\n","protected":false},"author":3,"featured_media":55388,"comment_status":"open","ping_status":"closed","sticky":false,"template":"","format":"standard","meta":{"_acf_changed":false,"footnotes":""},"categories":[16,15],"tags":[],"class_list":["post-55393","post","type-post","status-publish","format-standard","has-post-thumbnail","hentry","category-desde-la-sede","category-rss-espanol"],"acf":[],"yoast_head":"<!-- This site is optimized with the Yoast SEO plugin v27.3 - https:\/\/yoast.com\/product\/yoast-seo-wordpress\/ -->\n<title>Interam\u00e9rica presentar\u00e1 la misi\u00f3n de alcanzar a m\u00e1s ni\u00f1os y mujeres durante evento en l\u00ednea - Iglesia Adventista del S\u00e9ptimo D\u00eda - Divisi\u00f3n Interamericana<\/title>\n<meta name=\"robots\" content=\"index, follow, max-snippet:-1, max-image-preview:large, max-video-preview:-1\" \/>\n<link rel=\"canonical\" href=\"https:\/\/interamerica.org\/es\/2020\/02\/interamerica-presentara-la-mision-de-alcanzar-a-mas-ninos-y-mujeres-durante-evento-en-linea\/\" \/>\n<meta property=\"og:locale\" content=\"es_ES\" \/>\n<meta property=\"og:type\" content=\"article\" \/>\n<meta property=\"og:title\" content=\"Interam\u00e9rica presentar\u00e1 la misi\u00f3n de alcanzar a m\u00e1s ni\u00f1os y mujeres durante evento en l\u00ednea - Iglesia Adventista del S\u00e9ptimo D\u00eda - Divisi\u00f3n Interamericana\" \/>\n<meta property=\"og:description\" content=\"13 de febrero de 2020 | Miami, Florida, Estados Unidos | Libna Stevens\/DIA Las l\u00edderes de ministerios del ni\u00f1o, el adolescente y las mujeres de la Iglesia Adventista del S\u00e9ptimo...\" \/>\n<meta property=\"og:url\" content=\"https:\/\/interamerica.org\/es\/2020\/02\/interamerica-presentara-la-mision-de-alcanzar-a-mas-ninos-y-mujeres-durante-evento-en-linea\/\" \/>\n<meta property=\"og:site_name\" content=\"Iglesia Adventista del S\u00e9ptimo D\u00eda - Divisi\u00f3n Interamericana\" \/>\n<meta property=\"article:published_time\" content=\"2020-02-13T13:20:25+00:00\" \/>\n<meta property=\"article:modified_time\" content=\"2020-02-18T15:49:21+00:00\" \/>\n<meta property=\"og:image\" content=\"https:\/\/interamerica.org\/wp-content\/uploads\/2020\/02\/women-training-images.jpg\" \/>\n\t<meta property=\"og:image:width\" content=\"1280\" \/>\n\t<meta property=\"og:image:height\" content=\"800\" \/>\n\t<meta property=\"og:image:type\" content=\"image\/jpeg\" \/>\n<meta name=\"author\" content=\"libna\" \/>\n<meta name=\"twitter:card\" content=\"summary_large_image\" \/>\n<meta name=\"twitter:label1\" content=\"Escrito por\" \/>\n\t<meta name=\"twitter:data1\" content=\"libna\" \/>\n\t<meta name=\"twitter:label2\" content=\"Tiempo de lectura\" \/>\n\t<meta name=\"twitter:data2\" content=\"2 minutos\" \/>\n<script type=\"application\/ld+json\" class=\"yoast-schema-graph\">{\"@context\":\"https:\\\/\\\/schema.org\",\"@graph\":[{\"@type\":\"Article\",\"@id\":\"https:\\\/\\\/interamerica.org\\\/es\\\/2020\\\/02\\\/interamerica-presentara-la-mision-de-alcanzar-a-mas-ninos-y-mujeres-durante-evento-en-linea\\\/#article\",\"isPartOf\":{\"@id\":\"https:\\\/\\\/interamerica.org\\\/es\\\/2020\\\/02\\\/interamerica-presentara-la-mision-de-alcanzar-a-mas-ninos-y-mujeres-durante-evento-en-linea\\\/\"},\"author\":{\"name\":\"libna\",\"@id\":\"https:\\\/\\\/interamerica.org\\\/es\\\/#\\\/schema\\\/person\\\/29998f2bc2d8bd0d38662909289b54f1\"},\"headline\":\"Interam\u00e9rica presentar\u00e1 la misi\u00f3n de alcanzar a m\u00e1s ni\u00f1os y mujeres durante evento en l\u00ednea\",\"datePublished\":\"2020-02-13T13:20:25+00:00\",\"dateModified\":\"2020-02-18T15:49:21+00:00\",\"mainEntityOfPage\":{\"@id\":\"https:\\\/\\\/interamerica.org\\\/es\\\/2020\\\/02\\\/interamerica-presentara-la-mision-de-alcanzar-a-mas-ninos-y-mujeres-durante-evento-en-linea\\\/\"},\"wordCount\":477,\"commentCount\":0,\"image\":{\"@id\":\"https:\\\/\\\/interamerica.org\\\/es\\\/2020\\\/02\\\/interamerica-presentara-la-mision-de-alcanzar-a-mas-ninos-y-mujeres-durante-evento-en-linea\\\/#primaryimage\"},\"thumbnailUrl\":\"https:\\\/\\\/interamerica.org\\\/wp-content\\\/uploads\\\/2020\\\/02\\\/women-training-images.jpg\",\"articleSection\":[\"Desde la sede\",\"RSS Espa\u00f1ol\"],\"inLanguage\":\"es\",\"potentialAction\":[{\"@type\":\"CommentAction\",\"name\":\"Comment\",\"target\":[\"https:\\\/\\\/interamerica.org\\\/es\\\/2020\\\/02\\\/interamerica-presentara-la-mision-de-alcanzar-a-mas-ninos-y-mujeres-durante-evento-en-linea\\\/#respond\"]}]},{\"@type\":\"WebPage\",\"@id\":\"https:\\\/\\\/interamerica.org\\\/es\\\/2020\\\/02\\\/interamerica-presentara-la-mision-de-alcanzar-a-mas-ninos-y-mujeres-durante-evento-en-linea\\\/\",\"url\":\"https:\\\/\\\/interamerica.org\\\/es\\\/2020\\\/02\\\/interamerica-presentara-la-mision-de-alcanzar-a-mas-ninos-y-mujeres-durante-evento-en-linea\\\/\",\"name\":\"Interam\u00e9rica presentar\u00e1 la misi\u00f3n de alcanzar a m\u00e1s ni\u00f1os y mujeres durante evento en l\u00ednea - Iglesia Adventista del S\u00e9ptimo D\u00eda - Divisi\u00f3n Interamericana\",\"isPartOf\":{\"@id\":\"https:\\\/\\\/interamerica.org\\\/es\\\/#website\"},\"primaryImageOfPage\":{\"@id\":\"https:\\\/\\\/interamerica.org\\\/es\\\/2020\\\/02\\\/interamerica-presentara-la-mision-de-alcanzar-a-mas-ninos-y-mujeres-durante-evento-en-linea\\\/#primaryimage\"},\"image\":{\"@id\":\"https:\\\/\\\/interamerica.org\\\/es\\\/2020\\\/02\\\/interamerica-presentara-la-mision-de-alcanzar-a-mas-ninos-y-mujeres-durante-evento-en-linea\\\/#primaryimage\"},\"thumbnailUrl\":\"https:\\\/\\\/interamerica.org\\\/wp-content\\\/uploads\\\/2020\\\/02\\\/women-training-images.jpg\",\"datePublished\":\"2020-02-13T13:20:25+00:00\",\"dateModified\":\"2020-02-18T15:49:21+00:00\",\"author\":{\"@id\":\"https:\\\/\\\/interamerica.org\\\/es\\\/#\\\/schema\\\/person\\\/29998f2bc2d8bd0d38662909289b54f1\"},\"breadcrumb\":{\"@id\":\"https:\\\/\\\/interamerica.org\\\/es\\\/2020\\\/02\\\/interamerica-presentara-la-mision-de-alcanzar-a-mas-ninos-y-mujeres-durante-evento-en-linea\\\/#breadcrumb\"},\"inLanguage\":\"es\",\"potentialAction\":[{\"@type\":\"ReadAction\",\"target\":[\"https:\\\/\\\/interamerica.org\\\/es\\\/2020\\\/02\\\/interamerica-presentara-la-mision-de-alcanzar-a-mas-ninos-y-mujeres-durante-evento-en-linea\\\/\"]}]},{\"@type\":\"ImageObject\",\"inLanguage\":\"es\",\"@id\":\"https:\\\/\\\/interamerica.org\\\/es\\\/2020\\\/02\\\/interamerica-presentara-la-mision-de-alcanzar-a-mas-ninos-y-mujeres-durante-evento-en-linea\\\/#primaryimage\",\"url\":\"https:\\\/\\\/interamerica.org\\\/wp-content\\\/uploads\\\/2020\\\/02\\\/women-training-images.jpg\",\"contentUrl\":\"https:\\\/\\\/interamerica.org\\\/wp-content\\\/uploads\\\/2020\\\/02\\\/women-training-images.jpg\",\"width\":1280,\"height\":800},{\"@type\":\"BreadcrumbList\",\"@id\":\"https:\\\/\\\/interamerica.org\\\/es\\\/2020\\\/02\\\/interamerica-presentara-la-mision-de-alcanzar-a-mas-ninos-y-mujeres-durante-evento-en-linea\\\/#breadcrumb\",\"itemListElement\":[{\"@type\":\"ListItem\",\"position\":1,\"name\":\"Home\",\"item\":\"https:\\\/\\\/interamerica.org\\\/es\\\/\"},{\"@type\":\"ListItem\",\"position\":2,\"name\":\"Interam\u00e9rica presentar\u00e1 la misi\u00f3n de alcanzar a m\u00e1s ni\u00f1os y mujeres durante evento en l\u00ednea\"}]},{\"@type\":\"WebSite\",\"@id\":\"https:\\\/\\\/interamerica.org\\\/es\\\/#website\",\"url\":\"https:\\\/\\\/interamerica.org\\\/es\\\/\",\"name\":\"Iglesia Adventista del S\u00e9ptimo D\u00eda - Divisi\u00f3n Interamericana\",\"description\":\"\",\"potentialAction\":[{\"@type\":\"SearchAction\",\"target\":{\"@type\":\"EntryPoint\",\"urlTemplate\":\"https:\\\/\\\/interamerica.org\\\/es\\\/?s={search_term_string}\"},\"query-input\":{\"@type\":\"PropertyValueSpecification\",\"valueRequired\":true,\"valueName\":\"search_term_string\"}}],\"inLanguage\":\"es\"},{\"@type\":\"Person\",\"@id\":\"https:\\\/\\\/interamerica.org\\\/es\\\/#\\\/schema\\\/person\\\/29998f2bc2d8bd0d38662909289b54f1\",\"name\":\"libna\",\"image\":{\"@type\":\"ImageObject\",\"inLanguage\":\"es\",\"@id\":\"https:\\\/\\\/secure.gravatar.com\\\/avatar\\\/7c5bd30ae4b47a9ba3c856590957fd1d96dc588bf3ac05719d247e126840331f?s=96&d=mm&r=g\",\"url\":\"https:\\\/\\\/secure.gravatar.com\\\/avatar\\\/7c5bd30ae4b47a9ba3c856590957fd1d96dc588bf3ac05719d247e126840331f?s=96&d=mm&r=g\",\"contentUrl\":\"https:\\\/\\\/secure.gravatar.com\\\/avatar\\\/7c5bd30ae4b47a9ba3c856590957fd1d96dc588bf3ac05719d247e126840331f?s=96&d=mm&r=g\",\"caption\":\"libna\"}}]}<\/script>\n<!-- \/ Yoast SEO plugin. -->","yoast_head_json":{"title":"Interam\u00e9rica presentar\u00e1 la misi\u00f3n de alcanzar a m\u00e1s ni\u00f1os y mujeres durante evento en l\u00ednea - Iglesia Adventista del S\u00e9ptimo D\u00eda - Divisi\u00f3n Interamericana","robots":{"index":"index","follow":"follow","max-snippet":"max-snippet:-1","max-image-preview":"max-image-preview:large","max-video-preview":"max-video-preview:-1"},"canonical":"https:\/\/interamerica.org\/es\/2020\/02\/interamerica-presentara-la-mision-de-alcanzar-a-mas-ninos-y-mujeres-durante-evento-en-linea\/","og_locale":"es_ES","og_type":"article","og_title":"Interam\u00e9rica presentar\u00e1 la misi\u00f3n de alcanzar a m\u00e1s ni\u00f1os y mujeres durante evento en l\u00ednea - Iglesia Adventista del S\u00e9ptimo D\u00eda - Divisi\u00f3n Interamericana","og_description":"13 de febrero de 2020 | Miami, Florida, Estados Unidos | Libna Stevens\/DIA Las l\u00edderes de ministerios del ni\u00f1o, el adolescente y las mujeres de la Iglesia Adventista del S\u00e9ptimo...","og_url":"https:\/\/interamerica.org\/es\/2020\/02\/interamerica-presentara-la-mision-de-alcanzar-a-mas-ninos-y-mujeres-durante-evento-en-linea\/","og_site_name":"Iglesia Adventista del S\u00e9ptimo D\u00eda - Divisi\u00f3n Interamericana","article_published_time":"2020-02-13T13:20:25+00:00","article_modified_time":"2020-02-18T15:49:21+00:00","og_image":[{"width":1280,"height":800,"url":"https:\/\/interamerica.org\/wp-content\/uploads\/2020\/02\/women-training-images.jpg","type":"image\/jpeg"}],"author":"libna","twitter_card":"summary_large_image","twitter_misc":{"Escrito por":"libna","Tiempo de lectura":"2 minutos"},"schema":{"@context":"https:\/\/schema.org","@graph":[{"@type":"Article","@id":"https:\/\/interamerica.org\/es\/2020\/02\/interamerica-presentara-la-mision-de-alcanzar-a-mas-ninos-y-mujeres-durante-evento-en-linea\/#article","isPartOf":{"@id":"https:\/\/interamerica.org\/es\/2020\/02\/interamerica-presentara-la-mision-de-alcanzar-a-mas-ninos-y-mujeres-durante-evento-en-linea\/"},"author":{"name":"libna","@id":"https:\/\/interamerica.org\/es\/#\/schema\/person\/29998f2bc2d8bd0d38662909289b54f1"},"headline":"Interam\u00e9rica presentar\u00e1 la misi\u00f3n de alcanzar a m\u00e1s ni\u00f1os y mujeres durante evento en l\u00ednea","datePublished":"2020-02-13T13:20:25+00:00","dateModified":"2020-02-18T15:49:21+00:00","mainEntityOfPage":{"@id":"https:\/\/interamerica.org\/es\/2020\/02\/interamerica-presentara-la-mision-de-alcanzar-a-mas-ninos-y-mujeres-durante-evento-en-linea\/"},"wordCount":477,"commentCount":0,"image":{"@id":"https:\/\/interamerica.org\/es\/2020\/02\/interamerica-presentara-la-mision-de-alcanzar-a-mas-ninos-y-mujeres-durante-evento-en-linea\/#primaryimage"},"thumbnailUrl":"https:\/\/interamerica.org\/wp-content\/uploads\/2020\/02\/women-training-images.jpg","articleSection":["Desde la sede","RSS Espa\u00f1ol"],"inLanguage":"es","potentialAction":[{"@type":"CommentAction","name":"Comment","target":["https:\/\/interamerica.org\/es\/2020\/02\/interamerica-presentara-la-mision-de-alcanzar-a-mas-ninos-y-mujeres-durante-evento-en-linea\/#respond"]}]},{"@type":"WebPage","@id":"https:\/\/interamerica.org\/es\/2020\/02\/interamerica-presentara-la-mision-de-alcanzar-a-mas-ninos-y-mujeres-durante-evento-en-linea\/","url":"https:\/\/interamerica.org\/es\/2020\/02\/interamerica-presentara-la-mision-de-alcanzar-a-mas-ninos-y-mujeres-durante-evento-en-linea\/","name":"Interam\u00e9rica presentar\u00e1 la misi\u00f3n de alcanzar a m\u00e1s ni\u00f1os y mujeres durante evento en l\u00ednea - Iglesia Adventista del S\u00e9ptimo D\u00eda - Divisi\u00f3n Interamericana","isPartOf":{"@id":"https:\/\/interamerica.org\/es\/#website"},"primaryImageOfPage":{"@id":"https:\/\/interamerica.org\/es\/2020\/02\/interamerica-presentara-la-mision-de-alcanzar-a-mas-ninos-y-mujeres-durante-evento-en-linea\/#primaryimage"},"image":{"@id":"https:\/\/interamerica.org\/es\/2020\/02\/interamerica-presentara-la-mision-de-alcanzar-a-mas-ninos-y-mujeres-durante-evento-en-linea\/#primaryimage"},"thumbnailUrl":"https:\/\/interamerica.org\/wp-content\/uploads\/2020\/02\/women-training-images.jpg","datePublished":"2020-02-13T13:20:25+00:00","dateModified":"2020-02-18T15:49:21+00:00","author":{"@id":"https:\/\/interamerica.org\/es\/#\/schema\/person\/29998f2bc2d8bd0d38662909289b54f1"},"breadcrumb":{"@id":"https:\/\/interamerica.org\/es\/2020\/02\/interamerica-presentara-la-mision-de-alcanzar-a-mas-ninos-y-mujeres-durante-evento-en-linea\/#breadcrumb"},"inLanguage":"es","potentialAction":[{"@type":"ReadAction","target":["https:\/\/interamerica.org\/es\/2020\/02\/interamerica-presentara-la-mision-de-alcanzar-a-mas-ninos-y-mujeres-durante-evento-en-linea\/"]}]},{"@type":"ImageObject","inLanguage":"es","@id":"https:\/\/interamerica.org\/es\/2020\/02\/interamerica-presentara-la-mision-de-alcanzar-a-mas-ninos-y-mujeres-durante-evento-en-linea\/#primaryimage","url":"https:\/\/interamerica.org\/wp-content\/uploads\/2020\/02\/women-training-images.jpg","contentUrl":"https:\/\/interamerica.org\/wp-content\/uploads\/2020\/02\/women-training-images.jpg","width":1280,"height":800},{"@type":"BreadcrumbList","@id":"https:\/\/interamerica.org\/es\/2020\/02\/interamerica-presentara-la-mision-de-alcanzar-a-mas-ninos-y-mujeres-durante-evento-en-linea\/#breadcrumb","itemListElement":[{"@type":"ListItem","position":1,"name":"Home","item":"https:\/\/interamerica.org\/es\/"},{"@type":"ListItem","position":2,"name":"Interam\u00e9rica presentar\u00e1 la misi\u00f3n de alcanzar a m\u00e1s ni\u00f1os y mujeres durante evento en l\u00ednea"}]},{"@type":"WebSite","@id":"https:\/\/interamerica.org\/es\/#website","url":"https:\/\/interamerica.org\/es\/","name":"Iglesia Adventista del S\u00e9ptimo D\u00eda - Divisi\u00f3n Interamericana","description":"","potentialAction":[{"@type":"SearchAction","target":{"@type":"EntryPoint","urlTemplate":"https:\/\/interamerica.org\/es\/?s={search_term_string}"},"query-input":{"@type":"PropertyValueSpecification","valueRequired":true,"valueName":"search_term_string"}}],"inLanguage":"es"},{"@type":"Person","@id":"https:\/\/interamerica.org\/es\/#\/schema\/person\/29998f2bc2d8bd0d38662909289b54f1","name":"libna","image":{"@type":"ImageObject","inLanguage":"es","@id":"https:\/\/secure.gravatar.com\/avatar\/7c5bd30ae4b47a9ba3c856590957fd1d96dc588bf3ac05719d247e126840331f?s=96&d=mm&r=g","url":"https:\/\/secure.gravatar.com\/avatar\/7c5bd30ae4b47a9ba3c856590957fd1d96dc588bf3ac05719d247e126840331f?s=96&d=mm&r=g","contentUrl":"https:\/\/secure.gravatar.com\/avatar\/7c5bd30ae4b47a9ba3c856590957fd1d96dc588bf3ac05719d247e126840331f?s=96&d=mm&r=g","caption":"libna"}}]}},"_links":{"self":[{"href":"https:\/\/interamerica.org\/es\/wp-json\/wp\/v2\/posts\/55393","targetHints":{"allow":["GET"]}}],"collection":[{"href":"https:\/\/interamerica.org\/es\/wp-json\/wp\/v2\/posts"}],"about":[{"href":"https:\/\/interamerica.org\/es\/wp-json\/wp\/v2\/types\/post"}],"author":[{"embeddable":true,"href":"https:\/\/interamerica.org\/es\/wp-json\/wp\/v2\/users\/3"}],"replies":[{"embeddable":true,"href":"https:\/\/interamerica.org\/es\/wp-json\/wp\/v2\/comments?post=55393"}],"version-history":[{"count":0,"href":"https:\/\/interamerica.org\/es\/wp-json\/wp\/v2\/posts\/55393\/revisions"}],"wp:featuredmedia":[{"embeddable":true,"href":"https:\/\/interamerica.org\/es\/wp-json\/wp\/v2\/media\/55388"}],"wp:attachment":[{"href":"https:\/\/interamerica.org\/es\/wp-json\/wp\/v2\/media?parent=55393"}],"wp:term":[{"taxonomy":"category","embeddable":true,"href":"https:\/\/interamerica.org\/es\/wp-json\/wp\/v2\/categories?post=55393"},{"taxonomy":"post_tag","embeddable":true,"href":"https:\/\/interamerica.org\/es\/wp-json\/wp\/v2\/tags?post=55393"}],"curies":[{"name":"wp","href":"https:\/\/api.w.org\/{rel}","templated":true}]}}