{"id":55496,"date":"2020-02-14T13:16:19","date_gmt":"2020-02-14T17:16:19","guid":{"rendered":"https:\/\/recursing-golick.147-182-135-0.plesk.page\/?p=55496"},"modified":"2020-02-14T18:36:39","modified_gmt":"2020-02-14T22:36:39","slug":"en-puerto-rico-escuelas-adventistas-ofrecen-inscripcion-gratuita-despues-de-los-terremotos","status":"publish","type":"post","link":"https:\/\/interamerica.org\/es\/2020\/02\/en-puerto-rico-escuelas-adventistas-ofrecen-inscripcion-gratuita-despues-de-los-terremotos\/","title":{"rendered":"En Puerto Rico, escuelas adventistas ofrecen inscripci\u00f3n gratuita despu\u00e9s de los terremotos"},"content":{"rendered":"<p><div id=\"attachment_55490\" style=\"width: 810px\" class=\"wp-caption aligncenter\"><img fetchpriority=\"high\" decoding=\"async\" aria-describedby=\"caption-attachment-55490\" class=\" wp-image-55488\" src=\"https:\/\/recursing-golick.147-182-135-0.plesk.page\/wp-content\/uploads\/2020\/02\/academia-regional-adventista-del-este-riogrande-1280-1024x640.jpg\" alt=\"\" width=\"800\" height=\"500\" srcset=\"https:\/\/interamerica.org\/wp-content\/uploads\/2020\/02\/academia-regional-adventista-del-este-riogrande-1280-1024x640.jpg 1024w, https:\/\/interamerica.org\/wp-content\/uploads\/2020\/02\/academia-regional-adventista-del-este-riogrande-1280-300x188.jpg 300w, https:\/\/interamerica.org\/wp-content\/uploads\/2020\/02\/academia-regional-adventista-del-este-riogrande-1280-768x480.jpg 768w, https:\/\/interamerica.org\/wp-content\/uploads\/2020\/02\/academia-regional-adventista-del-este-riogrande-1280.jpg 1280w\" sizes=\"(max-width: 800px) 100vw, 800px\" \/><p id=\"caption-attachment-55490\" class=\"wp-caption-text\">El campus de la Academia Regional Adventista del Este en R\u00edo Grande, Puerto Rico, es una de las dos instituciones educativas de la regi\u00f3n que est\u00e1n ofreciendo inscripci\u00f3n gratuita despu\u00e9s de los terremotos que han azotado diariamente la isla durante m\u00e1s de un mes. [Fotograf\u00eda: Uni\u00f3n Puertorrique\u00f1a]<\/p><\/div>14 de febrero de 2020 | Miami, Florida, Estados Unidos | Libna Stevens, Divisi\u00f3n Interamericana<\/p>\n<p>Despu\u00e9s de una serie de terremotos, que han forzado el cierre de m\u00e1s de ochocientas escuelas p\u00fablicas, la Iglesia Adventista de Puerto Rico est\u00e1 ofreciendo inscripciones gratuitas en las escuelas que opera la denominaci\u00f3n en la isla.<\/p>\n<p>\u201cNo estamos seguros cu\u00e1ndo abrir\u00e1n otra vez las escuelas en la isla, y entendemos que es importante que los estudiantes completen su a\u00f1o escolar, de manera que nos sentimos m\u00e1s que felices de ofrecer inscripci\u00f3n gratuita en nuestras escuelas primarias y secundarias que tengan espacio disponible en sus salones de clase\u201d, dijo el pastor Jos\u00e9 A. Rodr\u00edguez, presidente de la Iglesia Adventista en Puerto Rico.<\/p>\n<p>\u201cNuestra misi\u00f3n como iglesia es servir, y no queremos que los ni\u00f1os se pierdan el a\u00f1o escolar m\u00e1s de lo que ya lo han hecho\u201d, dijo Rodr\u00edguez. \u201cTenemos algunos escuelas que ya han llenado esos espacios vac\u00edos y est\u00e1n descubriendo que hay una larga lista de espera\u201d.<\/p>\n<p><div id=\"attachment_55487\" style=\"width: 811px\" class=\"wp-caption aligncenter\"><img decoding=\"async\" aria-describedby=\"caption-attachment-55487\" class=\" wp-image-55485\" src=\"https:\/\/recursing-golick.147-182-135-0.plesk.page\/wp-content\/uploads\/2020\/02\/academia-adventista-metropolitana-sanjuan.jpg\" alt=\"\" width=\"801\" height=\"601\" srcset=\"https:\/\/interamerica.org\/wp-content\/uploads\/2020\/02\/academia-adventista-metropolitana-sanjuan.jpg 960w, https:\/\/interamerica.org\/wp-content\/uploads\/2020\/02\/academia-adventista-metropolitana-sanjuan-300x225.jpg 300w, https:\/\/interamerica.org\/wp-content\/uploads\/2020\/02\/academia-adventista-metropolitana-sanjuan-768x576.jpg 768w\" sizes=\"(max-width: 801px) 100vw, 801px\" \/><p id=\"caption-attachment-55487\" class=\"wp-caption-text\">La Academia Adventista Metropolitana en San Juan, Puerto Rico, ya llen\u00f3 m\u00e1s de cien lugares con nuevos estudiantes gracias a una iniciativa de la Iglesia Adventista en Puerto Rico que busca ayudar a que los estudiantes completen el a\u00f1o escolar en mayo. [Fotograf\u00eda: Uni\u00f3n Puertorrique\u00f1a]<\/p><\/div>El anuncio fue transmitido la semana pasada a trav\u00e9s del canal de televisi\u00f3n nacional y los medios impresos.<\/p>\n<p>Las escuelas de la regi\u00f3n este del pa\u00eds est\u00e1n ofreciendo aranceles o colegiatura gratuitos, inscripci\u00f3n, uniformes y art\u00edculos escolares a m\u00e1s de 130 estudiantes que ya se han registrado. En la regi\u00f3n occidental, varias escuelas est\u00e1n ofreciendo aranceles gratuitos y un diez por ciento de descuento por el resto del a\u00f1o escolar (hasta mayo).<\/p>\n<p>Algunas de las escuelas que fueron destruidas parcialmente o da\u00f1adas est\u00e1n terminando el a\u00f1o escolar en tiendas temporarias construidas especialmente para los pr\u00f3ximos cuatro meses, dijo Rodr\u00edguez. \u201cNuestras escuelas han estado realizando simulacros en caso de terremoto o de que surja cualquier otra emergencia, por cuestiones de seguridad\u201d, dijo.<\/p>\n<p><div id=\"attachment_55493\" style=\"width: 810px\" class=\"wp-caption aligncenter\"><img decoding=\"async\" aria-describedby=\"caption-attachment-55493\" class=\" wp-image-55491\" src=\"https:\/\/recursing-golick.147-182-135-0.plesk.page\/wp-content\/uploads\/2020\/02\/academia-regional-adventista-del-suroeste-05.jpg\" alt=\"\" width=\"800\" height=\"600\" srcset=\"https:\/\/interamerica.org\/wp-content\/uploads\/2020\/02\/academia-regional-adventista-del-suroeste-05.jpg 960w, https:\/\/interamerica.org\/wp-content\/uploads\/2020\/02\/academia-regional-adventista-del-suroeste-05-300x225.jpg 300w, https:\/\/interamerica.org\/wp-content\/uploads\/2020\/02\/academia-regional-adventista-del-suroeste-05-768x576.jpg 768w\" sizes=\"(max-width: 800px) 100vw, 800px\" \/><p id=\"caption-attachment-55493\" class=\"wp-caption-text\">Los docentes y los miembros de iglesia armaron salones de clase temporarios el mes pasado en el campus de la Academia Adventista del Suroeste en Sabana Grande, para que reinicien las clases. La academia se ubica cerca de donde fue el epicentro de los terremotos que comenzaron hace m\u00e1s de un mes. [Fotograf\u00eda: Uni\u00f3n Puertorrique\u00f1a]<\/p><\/div>Poco despu\u00e9s de que el Hurac\u00e1n Mar\u00eda devast\u00f3 la isla en 2017, las instalaciones de las escuelas adventistas sufrieron algunos da\u00f1os y las clases tuvieron que ser interrumpidas. Como resultado, m\u00e1s de cuatrocientos estudiantes decidieron irse, seg\u00fan Rodr\u00edguez. \u201cEso ha abierto las puertas para que la iglesia dedique m\u00e1s recursos y ofrezca inscripciones gratuitas o con descuentos hasta mayo\u201d, explic\u00f3.<\/p>\n<p>\u201cTodos est\u00e1n estresados y ansiosos por esta situaci\u00f3n de terremotos, en especial los m\u00e1s j\u00f3venes, de manera que estamos brindando servicios psicol\u00f3gicos extras y tomando medidas de seguridad para que los estudiantes alivien ese estr\u00e9s en el que viven constantemente\u201d, dijo Rodr\u00edguez.<\/p>\n<p>Traducci\u00f3n de Marcos Paseggi<\/p>\n","protected":false},"excerpt":{"rendered":"<p>14 de febrero de 2020 | Miami, Florida, Estados Unidos | Libna Stevens, Divisi\u00f3n Interamericana Despu\u00e9s de una serie de terremotos, que han forzado el cierre de m\u00e1s de ochocientas&#8230;<\/p>\n","protected":false},"author":3,"featured_media":55484,"comment_status":"open","ping_status":"closed","sticky":false,"template":"","format":"standard","meta":{"_acf_changed":false,"footnotes":""},"categories":[17,15],"tags":[],"class_list":["post-55496","post","type-post","status-publish","format-standard","has-post-thumbnail","hentry","category-desde-el-campo","category-rss-espanol"],"acf":[],"yoast_head":"<!-- This site is optimized with the Yoast SEO plugin v27.3 - https:\/\/yoast.com\/product\/yoast-seo-wordpress\/ -->\n<title>En Puerto Rico, escuelas adventistas ofrecen inscripci\u00f3n gratuita despu\u00e9s de los terremotos - Iglesia Adventista del S\u00e9ptimo D\u00eda - Divisi\u00f3n Interamericana<\/title>\n<meta name=\"robots\" content=\"index, follow, max-snippet:-1, max-image-preview:large, max-video-preview:-1\" \/>\n<link rel=\"canonical\" href=\"https:\/\/interamerica.org\/es\/2020\/02\/en-puerto-rico-escuelas-adventistas-ofrecen-inscripcion-gratuita-despues-de-los-terremotos\/\" \/>\n<meta property=\"og:locale\" content=\"es_ES\" \/>\n<meta property=\"og:type\" content=\"article\" \/>\n<meta property=\"og:title\" content=\"En Puerto Rico, escuelas adventistas ofrecen inscripci\u00f3n gratuita despu\u00e9s de los terremotos - Iglesia Adventista del S\u00e9ptimo D\u00eda - Divisi\u00f3n Interamericana\" \/>\n<meta property=\"og:description\" content=\"14 de febrero de 2020 | Miami, Florida, Estados Unidos | Libna Stevens, Divisi\u00f3n Interamericana Despu\u00e9s de una serie de terremotos, que han forzado el cierre de m\u00e1s de ochocientas...\" \/>\n<meta property=\"og:url\" content=\"https:\/\/interamerica.org\/es\/2020\/02\/en-puerto-rico-escuelas-adventistas-ofrecen-inscripcion-gratuita-despues-de-los-terremotos\/\" \/>\n<meta property=\"og:site_name\" content=\"Iglesia Adventista del S\u00e9ptimo D\u00eda - Divisi\u00f3n Interamericana\" \/>\n<meta property=\"article:published_time\" content=\"2020-02-14T17:16:19+00:00\" \/>\n<meta property=\"article:modified_time\" content=\"2020-02-14T22:36:39+00:00\" \/>\n<meta property=\"og:image\" content=\"https:\/\/interamerica.org\/wp-content\/uploads\/2020\/02\/academia-regional-adventista-del-este-riogrande.jpg\" \/>\n\t<meta property=\"og:image:width\" content=\"980\" \/>\n\t<meta property=\"og:image:height\" content=\"630\" \/>\n\t<meta property=\"og:image:type\" content=\"image\/jpeg\" \/>\n<meta name=\"author\" content=\"libna\" \/>\n<meta name=\"twitter:card\" content=\"summary_large_image\" \/>\n<meta name=\"twitter:label1\" content=\"Escrito por\" \/>\n\t<meta name=\"twitter:data1\" content=\"libna\" \/>\n\t<meta name=\"twitter:label2\" content=\"Tiempo de lectura\" \/>\n\t<meta name=\"twitter:data2\" content=\"3 minutos\" \/>\n<script type=\"application\/ld+json\" class=\"yoast-schema-graph\">{\"@context\":\"https:\\\/\\\/schema.org\",\"@graph\":[{\"@type\":\"Article\",\"@id\":\"https:\\\/\\\/interamerica.org\\\/es\\\/2020\\\/02\\\/en-puerto-rico-escuelas-adventistas-ofrecen-inscripcion-gratuita-despues-de-los-terremotos\\\/#article\",\"isPartOf\":{\"@id\":\"https:\\\/\\\/interamerica.org\\\/es\\\/2020\\\/02\\\/en-puerto-rico-escuelas-adventistas-ofrecen-inscripcion-gratuita-despues-de-los-terremotos\\\/\"},\"author\":{\"name\":\"libna\",\"@id\":\"https:\\\/\\\/interamerica.org\\\/es\\\/#\\\/schema\\\/person\\\/29998f2bc2d8bd0d38662909289b54f1\"},\"headline\":\"En Puerto Rico, escuelas adventistas ofrecen inscripci\u00f3n gratuita despu\u00e9s de los terremotos\",\"datePublished\":\"2020-02-14T17:16:19+00:00\",\"dateModified\":\"2020-02-14T22:36:39+00:00\",\"mainEntityOfPage\":{\"@id\":\"https:\\\/\\\/interamerica.org\\\/es\\\/2020\\\/02\\\/en-puerto-rico-escuelas-adventistas-ofrecen-inscripcion-gratuita-despues-de-los-terremotos\\\/\"},\"wordCount\":635,\"commentCount\":0,\"image\":{\"@id\":\"https:\\\/\\\/interamerica.org\\\/es\\\/2020\\\/02\\\/en-puerto-rico-escuelas-adventistas-ofrecen-inscripcion-gratuita-despues-de-los-terremotos\\\/#primaryimage\"},\"thumbnailUrl\":\"https:\\\/\\\/interamerica.org\\\/wp-content\\\/uploads\\\/2020\\\/02\\\/academia-regional-adventista-del-este-riogrande.jpg\",\"articleSection\":[\"Desde el campo\",\"RSS Espa\u00f1ol\"],\"inLanguage\":\"es\",\"potentialAction\":[{\"@type\":\"CommentAction\",\"name\":\"Comment\",\"target\":[\"https:\\\/\\\/interamerica.org\\\/es\\\/2020\\\/02\\\/en-puerto-rico-escuelas-adventistas-ofrecen-inscripcion-gratuita-despues-de-los-terremotos\\\/#respond\"]}]},{\"@type\":\"WebPage\",\"@id\":\"https:\\\/\\\/interamerica.org\\\/es\\\/2020\\\/02\\\/en-puerto-rico-escuelas-adventistas-ofrecen-inscripcion-gratuita-despues-de-los-terremotos\\\/\",\"url\":\"https:\\\/\\\/interamerica.org\\\/es\\\/2020\\\/02\\\/en-puerto-rico-escuelas-adventistas-ofrecen-inscripcion-gratuita-despues-de-los-terremotos\\\/\",\"name\":\"En Puerto Rico, escuelas adventistas ofrecen inscripci\u00f3n gratuita despu\u00e9s de los terremotos - Iglesia Adventista del S\u00e9ptimo D\u00eda - Divisi\u00f3n Interamericana\",\"isPartOf\":{\"@id\":\"https:\\\/\\\/interamerica.org\\\/es\\\/#website\"},\"primaryImageOfPage\":{\"@id\":\"https:\\\/\\\/interamerica.org\\\/es\\\/2020\\\/02\\\/en-puerto-rico-escuelas-adventistas-ofrecen-inscripcion-gratuita-despues-de-los-terremotos\\\/#primaryimage\"},\"image\":{\"@id\":\"https:\\\/\\\/interamerica.org\\\/es\\\/2020\\\/02\\\/en-puerto-rico-escuelas-adventistas-ofrecen-inscripcion-gratuita-despues-de-los-terremotos\\\/#primaryimage\"},\"thumbnailUrl\":\"https:\\\/\\\/interamerica.org\\\/wp-content\\\/uploads\\\/2020\\\/02\\\/academia-regional-adventista-del-este-riogrande.jpg\",\"datePublished\":\"2020-02-14T17:16:19+00:00\",\"dateModified\":\"2020-02-14T22:36:39+00:00\",\"author\":{\"@id\":\"https:\\\/\\\/interamerica.org\\\/es\\\/#\\\/schema\\\/person\\\/29998f2bc2d8bd0d38662909289b54f1\"},\"breadcrumb\":{\"@id\":\"https:\\\/\\\/interamerica.org\\\/es\\\/2020\\\/02\\\/en-puerto-rico-escuelas-adventistas-ofrecen-inscripcion-gratuita-despues-de-los-terremotos\\\/#breadcrumb\"},\"inLanguage\":\"es\",\"potentialAction\":[{\"@type\":\"ReadAction\",\"target\":[\"https:\\\/\\\/interamerica.org\\\/es\\\/2020\\\/02\\\/en-puerto-rico-escuelas-adventistas-ofrecen-inscripcion-gratuita-despues-de-los-terremotos\\\/\"]}]},{\"@type\":\"ImageObject\",\"inLanguage\":\"es\",\"@id\":\"https:\\\/\\\/interamerica.org\\\/es\\\/2020\\\/02\\\/en-puerto-rico-escuelas-adventistas-ofrecen-inscripcion-gratuita-despues-de-los-terremotos\\\/#primaryimage\",\"url\":\"https:\\\/\\\/interamerica.org\\\/wp-content\\\/uploads\\\/2020\\\/02\\\/academia-regional-adventista-del-este-riogrande.jpg\",\"contentUrl\":\"https:\\\/\\\/interamerica.org\\\/wp-content\\\/uploads\\\/2020\\\/02\\\/academia-regional-adventista-del-este-riogrande.jpg\",\"width\":980,\"height\":630},{\"@type\":\"BreadcrumbList\",\"@id\":\"https:\\\/\\\/interamerica.org\\\/es\\\/2020\\\/02\\\/en-puerto-rico-escuelas-adventistas-ofrecen-inscripcion-gratuita-despues-de-los-terremotos\\\/#breadcrumb\",\"itemListElement\":[{\"@type\":\"ListItem\",\"position\":1,\"name\":\"Home\",\"item\":\"https:\\\/\\\/interamerica.org\\\/es\\\/\"},{\"@type\":\"ListItem\",\"position\":2,\"name\":\"En Puerto Rico, escuelas adventistas ofrecen inscripci\u00f3n gratuita despu\u00e9s de los terremotos\"}]},{\"@type\":\"WebSite\",\"@id\":\"https:\\\/\\\/interamerica.org\\\/es\\\/#website\",\"url\":\"https:\\\/\\\/interamerica.org\\\/es\\\/\",\"name\":\"Iglesia Adventista del S\u00e9ptimo D\u00eda - Divisi\u00f3n Interamericana\",\"description\":\"\",\"potentialAction\":[{\"@type\":\"SearchAction\",\"target\":{\"@type\":\"EntryPoint\",\"urlTemplate\":\"https:\\\/\\\/interamerica.org\\\/es\\\/?s={search_term_string}\"},\"query-input\":{\"@type\":\"PropertyValueSpecification\",\"valueRequired\":true,\"valueName\":\"search_term_string\"}}],\"inLanguage\":\"es\"},{\"@type\":\"Person\",\"@id\":\"https:\\\/\\\/interamerica.org\\\/es\\\/#\\\/schema\\\/person\\\/29998f2bc2d8bd0d38662909289b54f1\",\"name\":\"libna\",\"image\":{\"@type\":\"ImageObject\",\"inLanguage\":\"es\",\"@id\":\"https:\\\/\\\/secure.gravatar.com\\\/avatar\\\/7c5bd30ae4b47a9ba3c856590957fd1d96dc588bf3ac05719d247e126840331f?s=96&d=mm&r=g\",\"url\":\"https:\\\/\\\/secure.gravatar.com\\\/avatar\\\/7c5bd30ae4b47a9ba3c856590957fd1d96dc588bf3ac05719d247e126840331f?s=96&d=mm&r=g\",\"contentUrl\":\"https:\\\/\\\/secure.gravatar.com\\\/avatar\\\/7c5bd30ae4b47a9ba3c856590957fd1d96dc588bf3ac05719d247e126840331f?s=96&d=mm&r=g\",\"caption\":\"libna\"}}]}<\/script>\n<!-- \/ Yoast SEO plugin. -->","yoast_head_json":{"title":"En Puerto Rico, escuelas adventistas ofrecen inscripci\u00f3n gratuita despu\u00e9s de los terremotos - Iglesia Adventista del S\u00e9ptimo D\u00eda - Divisi\u00f3n Interamericana","robots":{"index":"index","follow":"follow","max-snippet":"max-snippet:-1","max-image-preview":"max-image-preview:large","max-video-preview":"max-video-preview:-1"},"canonical":"https:\/\/interamerica.org\/es\/2020\/02\/en-puerto-rico-escuelas-adventistas-ofrecen-inscripcion-gratuita-despues-de-los-terremotos\/","og_locale":"es_ES","og_type":"article","og_title":"En Puerto Rico, escuelas adventistas ofrecen inscripci\u00f3n gratuita despu\u00e9s de los terremotos - Iglesia Adventista del S\u00e9ptimo D\u00eda - Divisi\u00f3n Interamericana","og_description":"14 de febrero de 2020 | Miami, Florida, Estados Unidos | Libna Stevens, Divisi\u00f3n Interamericana Despu\u00e9s de una serie de terremotos, que han forzado el cierre de m\u00e1s de ochocientas...","og_url":"https:\/\/interamerica.org\/es\/2020\/02\/en-puerto-rico-escuelas-adventistas-ofrecen-inscripcion-gratuita-despues-de-los-terremotos\/","og_site_name":"Iglesia Adventista del S\u00e9ptimo D\u00eda - Divisi\u00f3n Interamericana","article_published_time":"2020-02-14T17:16:19+00:00","article_modified_time":"2020-02-14T22:36:39+00:00","og_image":[{"width":980,"height":630,"url":"https:\/\/interamerica.org\/wp-content\/uploads\/2020\/02\/academia-regional-adventista-del-este-riogrande.jpg","type":"image\/jpeg"}],"author":"libna","twitter_card":"summary_large_image","twitter_misc":{"Escrito por":"libna","Tiempo de lectura":"3 minutos"},"schema":{"@context":"https:\/\/schema.org","@graph":[{"@type":"Article","@id":"https:\/\/interamerica.org\/es\/2020\/02\/en-puerto-rico-escuelas-adventistas-ofrecen-inscripcion-gratuita-despues-de-los-terremotos\/#article","isPartOf":{"@id":"https:\/\/interamerica.org\/es\/2020\/02\/en-puerto-rico-escuelas-adventistas-ofrecen-inscripcion-gratuita-despues-de-los-terremotos\/"},"author":{"name":"libna","@id":"https:\/\/interamerica.org\/es\/#\/schema\/person\/29998f2bc2d8bd0d38662909289b54f1"},"headline":"En Puerto Rico, escuelas adventistas ofrecen inscripci\u00f3n gratuita despu\u00e9s de los terremotos","datePublished":"2020-02-14T17:16:19+00:00","dateModified":"2020-02-14T22:36:39+00:00","mainEntityOfPage":{"@id":"https:\/\/interamerica.org\/es\/2020\/02\/en-puerto-rico-escuelas-adventistas-ofrecen-inscripcion-gratuita-despues-de-los-terremotos\/"},"wordCount":635,"commentCount":0,"image":{"@id":"https:\/\/interamerica.org\/es\/2020\/02\/en-puerto-rico-escuelas-adventistas-ofrecen-inscripcion-gratuita-despues-de-los-terremotos\/#primaryimage"},"thumbnailUrl":"https:\/\/interamerica.org\/wp-content\/uploads\/2020\/02\/academia-regional-adventista-del-este-riogrande.jpg","articleSection":["Desde el campo","RSS Espa\u00f1ol"],"inLanguage":"es","potentialAction":[{"@type":"CommentAction","name":"Comment","target":["https:\/\/interamerica.org\/es\/2020\/02\/en-puerto-rico-escuelas-adventistas-ofrecen-inscripcion-gratuita-despues-de-los-terremotos\/#respond"]}]},{"@type":"WebPage","@id":"https:\/\/interamerica.org\/es\/2020\/02\/en-puerto-rico-escuelas-adventistas-ofrecen-inscripcion-gratuita-despues-de-los-terremotos\/","url":"https:\/\/interamerica.org\/es\/2020\/02\/en-puerto-rico-escuelas-adventistas-ofrecen-inscripcion-gratuita-despues-de-los-terremotos\/","name":"En Puerto Rico, escuelas adventistas ofrecen inscripci\u00f3n gratuita despu\u00e9s de los terremotos - Iglesia Adventista del S\u00e9ptimo D\u00eda - Divisi\u00f3n Interamericana","isPartOf":{"@id":"https:\/\/interamerica.org\/es\/#website"},"primaryImageOfPage":{"@id":"https:\/\/interamerica.org\/es\/2020\/02\/en-puerto-rico-escuelas-adventistas-ofrecen-inscripcion-gratuita-despues-de-los-terremotos\/#primaryimage"},"image":{"@id":"https:\/\/interamerica.org\/es\/2020\/02\/en-puerto-rico-escuelas-adventistas-ofrecen-inscripcion-gratuita-despues-de-los-terremotos\/#primaryimage"},"thumbnailUrl":"https:\/\/interamerica.org\/wp-content\/uploads\/2020\/02\/academia-regional-adventista-del-este-riogrande.jpg","datePublished":"2020-02-14T17:16:19+00:00","dateModified":"2020-02-14T22:36:39+00:00","author":{"@id":"https:\/\/interamerica.org\/es\/#\/schema\/person\/29998f2bc2d8bd0d38662909289b54f1"},"breadcrumb":{"@id":"https:\/\/interamerica.org\/es\/2020\/02\/en-puerto-rico-escuelas-adventistas-ofrecen-inscripcion-gratuita-despues-de-los-terremotos\/#breadcrumb"},"inLanguage":"es","potentialAction":[{"@type":"ReadAction","target":["https:\/\/interamerica.org\/es\/2020\/02\/en-puerto-rico-escuelas-adventistas-ofrecen-inscripcion-gratuita-despues-de-los-terremotos\/"]}]},{"@type":"ImageObject","inLanguage":"es","@id":"https:\/\/interamerica.org\/es\/2020\/02\/en-puerto-rico-escuelas-adventistas-ofrecen-inscripcion-gratuita-despues-de-los-terremotos\/#primaryimage","url":"https:\/\/interamerica.org\/wp-content\/uploads\/2020\/02\/academia-regional-adventista-del-este-riogrande.jpg","contentUrl":"https:\/\/interamerica.org\/wp-content\/uploads\/2020\/02\/academia-regional-adventista-del-este-riogrande.jpg","width":980,"height":630},{"@type":"BreadcrumbList","@id":"https:\/\/interamerica.org\/es\/2020\/02\/en-puerto-rico-escuelas-adventistas-ofrecen-inscripcion-gratuita-despues-de-los-terremotos\/#breadcrumb","itemListElement":[{"@type":"ListItem","position":1,"name":"Home","item":"https:\/\/interamerica.org\/es\/"},{"@type":"ListItem","position":2,"name":"En Puerto Rico, escuelas adventistas ofrecen inscripci\u00f3n gratuita despu\u00e9s de los terremotos"}]},{"@type":"WebSite","@id":"https:\/\/interamerica.org\/es\/#website","url":"https:\/\/interamerica.org\/es\/","name":"Iglesia Adventista del S\u00e9ptimo D\u00eda - Divisi\u00f3n Interamericana","description":"","potentialAction":[{"@type":"SearchAction","target":{"@type":"EntryPoint","urlTemplate":"https:\/\/interamerica.org\/es\/?s={search_term_string}"},"query-input":{"@type":"PropertyValueSpecification","valueRequired":true,"valueName":"search_term_string"}}],"inLanguage":"es"},{"@type":"Person","@id":"https:\/\/interamerica.org\/es\/#\/schema\/person\/29998f2bc2d8bd0d38662909289b54f1","name":"libna","image":{"@type":"ImageObject","inLanguage":"es","@id":"https:\/\/secure.gravatar.com\/avatar\/7c5bd30ae4b47a9ba3c856590957fd1d96dc588bf3ac05719d247e126840331f?s=96&d=mm&r=g","url":"https:\/\/secure.gravatar.com\/avatar\/7c5bd30ae4b47a9ba3c856590957fd1d96dc588bf3ac05719d247e126840331f?s=96&d=mm&r=g","contentUrl":"https:\/\/secure.gravatar.com\/avatar\/7c5bd30ae4b47a9ba3c856590957fd1d96dc588bf3ac05719d247e126840331f?s=96&d=mm&r=g","caption":"libna"}}]}},"_links":{"self":[{"href":"https:\/\/interamerica.org\/es\/wp-json\/wp\/v2\/posts\/55496","targetHints":{"allow":["GET"]}}],"collection":[{"href":"https:\/\/interamerica.org\/es\/wp-json\/wp\/v2\/posts"}],"about":[{"href":"https:\/\/interamerica.org\/es\/wp-json\/wp\/v2\/types\/post"}],"author":[{"embeddable":true,"href":"https:\/\/interamerica.org\/es\/wp-json\/wp\/v2\/users\/3"}],"replies":[{"embeddable":true,"href":"https:\/\/interamerica.org\/es\/wp-json\/wp\/v2\/comments?post=55496"}],"version-history":[{"count":0,"href":"https:\/\/interamerica.org\/es\/wp-json\/wp\/v2\/posts\/55496\/revisions"}],"wp:featuredmedia":[{"embeddable":true,"href":"https:\/\/interamerica.org\/es\/wp-json\/wp\/v2\/media\/55484"}],"wp:attachment":[{"href":"https:\/\/interamerica.org\/es\/wp-json\/wp\/v2\/media?parent=55496"}],"wp:term":[{"taxonomy":"category","embeddable":true,"href":"https:\/\/interamerica.org\/es\/wp-json\/wp\/v2\/categories?post=55496"},{"taxonomy":"post_tag","embeddable":true,"href":"https:\/\/interamerica.org\/es\/wp-json\/wp\/v2\/tags?post=55496"}],"curies":[{"name":"wp","href":"https:\/\/api.w.org\/{rel}","templated":true}]}}