{"id":55738,"date":"2020-02-25T22:53:38","date_gmt":"2020-02-26T02:53:38","guid":{"rendered":"https:\/\/recursing-golick.147-182-135-0.plesk.page\/?p=55738"},"modified":"2020-02-25T23:22:53","modified_gmt":"2020-02-26T03:22:53","slug":"medicos-residentes-obtienen-experiencia-practica-durante-viaje-misionero-a-la-republica-dominicana","status":"publish","type":"post","link":"https:\/\/interamerica.org\/es\/2020\/02\/medicos-residentes-obtienen-experiencia-practica-durante-viaje-misionero-a-la-republica-dominicana\/","title":{"rendered":"M\u00e9dicos residentes obtienen experiencia pr\u00e1ctica durante viaje misionero a la Rep\u00fablica Dominicana"},"content":{"rendered":"<div id=\"attachment_55718\" style=\"width: 808px\" class=\"wp-caption aligncenter\"><img fetchpriority=\"high\" decoding=\"async\" aria-describedby=\"caption-attachment-55718\" class=\" wp-image-55716\" src=\"https:\/\/recursing-golick.147-182-135-0.plesk.page\/wp-content\/uploads\/2020\/02\/medical-residents-get-hands-on-experience-in-the-dominican-republic.jpg\" alt=\"\" width=\"798\" height=\"399\" srcset=\"https:\/\/interamerica.org\/wp-content\/uploads\/2020\/02\/medical-residents-get-hands-on-experience-in-the-dominican-republic.jpg 1000w, https:\/\/interamerica.org\/wp-content\/uploads\/2020\/02\/medical-residents-get-hands-on-experience-in-the-dominican-republic-300x150.jpg 300w, https:\/\/interamerica.org\/wp-content\/uploads\/2020\/02\/medical-residents-get-hands-on-experience-in-the-dominican-republic-768x384.jpg 768w\" sizes=\"(max-width: 798px) 100vw, 798px\" \/><p id=\"caption-attachment-55718\" class=\"wp-caption-text\">El grupo de voluntarios de AdventHealth Misi\u00f3n Global, en su viaje a la Rep\u00fablica Dominicana, del 10 al 18 de febrero de 2020, don\u00f3 camisetas impresas con las palabras amor, gozo y paz; tres indicadores espirituales clave mencionados en <em>G\u00e1latas 5:22-23.<\/em><\/p><\/div>\n<p>25 de febrero de 2020 | Altamonte Springs, Florida, Estados Unidos | Ingrid Hern\u00e1ndez, AdventHealth News<\/p>\n<p>Un equipo de voluntarios de AdventHealth Misi\u00f3n Global, viajaron a la Rep\u00fablica Dominicana el mes pasado para proveer servicios de atenci\u00f3n m\u00e9dica a aproximadamente 2,000 pacientes. Formaban parte del grupo m\u00e9dicos graduados, actualmente en dos programas de residencia m\u00e9dica: Residentes de medicina familiar, procedentes de AdventHealth Winter Park y residentes de medicina familiar con especialidad en osteopat\u00eda, de AdventHealth Este de Orlando.<\/p>\n<p>\u201cLa medicina familiar es una especialidad con una amplia esfera pr\u00e1ctica; pero m\u00e1s importante a\u00fan, es una especialidad que se puede adaptar a las necesidades de las comunidades\u201d, dijo el Dr. Alexander Fishberg, MD, director asociado del programa de Residencia M\u00e9dica Familiar, en \u00a0AdventHealth Winter Park.\u00a0\u201cM\u00e1s que muchas otras especialidades, la medicina familiar presta sus servicios en comunidades rurales y con acceso limitado a servicios m\u00e9dicos. Los viajes misioneros son importantes en sus propios m\u00e9ritos, pero tambi\u00e9n nos permiten mostrar que, si \u00a0\u00a0somos personas atentas a las necesidades, podemos hacer una diferencia en cualquier parte\u201d.<\/p>\n<p>Los viajes misioneros no son un requisito dentro del programa de residencia m\u00e9dica familiar en \u00a0AdventHealth, pero son algo que de todas maneras se procura llevar a cabo.<\/p>\n<p>&nbsp;<\/p>\n<p><div id=\"attachment_55730\" style=\"width: 811px\" class=\"wp-caption aligncenter\"><img decoding=\"async\" aria-describedby=\"caption-attachment-55730\" class=\" wp-image-55728\" src=\"https:\/\/recursing-golick.147-182-135-0.plesk.page\/wp-content\/uploads\/2020\/02\/advent-health-dr-2-1.jpg\" alt=\"\" width=\"801\" height=\"601\" srcset=\"https:\/\/interamerica.org\/wp-content\/uploads\/2020\/02\/advent-health-dr-2-1.jpg 1024w, https:\/\/interamerica.org\/wp-content\/uploads\/2020\/02\/advent-health-dr-2-1-300x225.jpg 300w, https:\/\/interamerica.org\/wp-content\/uploads\/2020\/02\/advent-health-dr-2-1-768x576.jpg 768w\" sizes=\"(max-width: 801px) 100vw, 801px\" \/><p id=\"caption-attachment-55730\" class=\"wp-caption-text\">Aby, parte del equipo m\u00e9dico, sonr\u00ede mientras carga a dos peque\u00f1as ni\u00f1as dentro de una iglesia adventista del s\u00e9ptimo d\u00eda en la Rep\u00fablica Dominicana durante el viaje misionero AdventHealth Misi\u00f3n Global para proveer atenci\u00f3n m\u00e9dica primaria a los pobladores, en febrero de 2020. [Imagen: AdventHealth News]<\/p><\/div>\u201cEstos viajes misioneros son poderosos en la creaci\u00f3n de la nueva generaci\u00f3n de m\u00e9dicos con una mentalidad misionera\u201d, dijo Shelby Houmann, especialista en comunicaci\u00f3n y coordinadora del evento de AdventHealth Misi\u00f3n Global. \u201cEso es algo no muy f\u00e1cil de ense\u00f1ar\u201d.<\/p>\n<p>M\u00e1s de un total de 20 voluntarios participaron en el viaje misionero del 10 al 18 de febrero de 2020. El grupo inclu\u00eda ocho m\u00e9dicos de medicina familiar, cuatro en capacitaci\u00f3n y cuatro de ellos m\u00e9dicos calificados, adem\u00e1s de enfermeras, farmac\u00f3logos, directores de proyectos y otros dirigentes. El equipo prest\u00f3 servicio voluntario en la comunidad, dentro y fuera de la ciudad capital de Santo Domingo, incluyendo el poblado de Saman\u00e1, situado en el lado noreste del pa\u00eds.<\/p>\n<p>Joshua Smit, MD y Bianca Stewart, MD, ambos en segundo a\u00f1o de residencia en medicina familiar, se enteraron del viaje misionero a trav\u00e9s del Dr. Fishberg. Pasaron su tiempo en la Rep\u00fablica Dominicana evaluando, atendiendo pacientes y ofreciendo tratamiento m\u00e9dico o sugerencias para procurar atenci\u00f3n m\u00e9dica adicional dentro de la infraestructura local. La Dra. Stewart dijo que apreci\u00f3 la oportunidad de trabajar con un grupo diverso de voluntarios con trasfondos cl\u00ednicos y no cl\u00ednicos. Por su parte, el Dr. Smit dijo que le gust\u00f3 haberse conectado de nuevo con la raz\u00f3n misma por la que estudi\u00f3 medicina.<\/p>\n<p>&nbsp;<\/p>\n<p><div id=\"attachment_55724\" style=\"width: 810px\" class=\"wp-caption aligncenter\"><img decoding=\"async\" aria-describedby=\"caption-attachment-55724\" class=\" wp-image-55722\" src=\"https:\/\/recursing-golick.147-182-135-0.plesk.page\/wp-content\/uploads\/2020\/02\/adventhealth-dr-3-1.jpg\" alt=\"\" width=\"800\" height=\"600\" srcset=\"https:\/\/interamerica.org\/wp-content\/uploads\/2020\/02\/adventhealth-dr-3-1.jpg 900w, https:\/\/interamerica.org\/wp-content\/uploads\/2020\/02\/adventhealth-dr-3-1-300x225.jpg 300w, https:\/\/interamerica.org\/wp-content\/uploads\/2020\/02\/adventhealth-dr-3-1-768x576.jpg 768w\" sizes=\"(max-width: 800px) 100vw, 800px\" \/><p id=\"caption-attachment-55724\" class=\"wp-caption-text\">A una paciente en la Rep\u00fablica Dominicana se le toma la presi\u00f3n como parte de los servicios primarios de salud provistos en el viaje misionero patrocinado por AdventHealth Misi\u00f3n Global en febrero de 2020. [Imagen: AdventHealth News]<\/p><\/div>\u201cAl tratar de cubrir nuestro per\u00edodo de residencia m\u00e9dica, algunos de nosotros podemos desarrollar una visi\u00f3n estrecha y olvidar la raz\u00f3n por la que, en primer lugar, seguimos la carrera de medicina\u201d, dijo. \u201cLos viajes misioneros nos permiten retroceder un poco, prestar servicio a los dem\u00e1s y llegar a conocer otra diferente cultura. Nos ayudan a crecer y, al mismo tiempo, divertirnos tambi\u00e9n un poco\u201d.<\/p>\n<p>Este es el primer viaje misionero a la Rep\u00fablica Dominicana, siendo que se convirti\u00f3 en la presencia oficial en este lugar de AdventHealth Misi\u00f3n Global. Sin embargo, la relaci\u00f3n entre AdventHealth, que opera 50 hospitales en todo el territorio de los Estados Unidos y, el Centro M\u00e9dico Vista del Jard\u00edn, en Santo Domingo, se inici\u00f3 hace ya varios a\u00f1os, con varios miembros del equipo procedentes de varias instalaciones de AdventHealth organizando viajes m\u00e9dicos misioneros a este pa\u00eds del Caribe. Al continuar con esos viajes, la relaci\u00f3n por seguro seguir\u00e1 fortaleci\u00e9ndose.<\/p>\n<p>\u201cDurante este viaje misionero, tuve la oportunidad de conocer al director ejecutivo, director financiero, jefe de personal, jefe de obstetricia, jefe de servicios de emergencia y aun el arquitecto que dise\u00f1\u00f3 estas instalaciones\u201d, dijo el Dr. Fishberg. \u201cNuestras reuniones fueron amables y constructivas. Me qued\u00f3 la esperanza de regresar a la Rep\u00fablica Dominicana en un cercano futuro\u201d.<\/p>\n<p>&nbsp;<\/p>\n<p><div id=\"attachment_55727\" style=\"width: 809px\" class=\"wp-caption aligncenter\"><img loading=\"lazy\" decoding=\"async\" aria-describedby=\"caption-attachment-55727\" class=\" wp-image-55725\" src=\"https:\/\/recursing-golick.147-182-135-0.plesk.page\/wp-content\/uploads\/2020\/02\/adventhealth-dr-4-1.jpg\" alt=\"\" width=\"799\" height=\"475\" srcset=\"https:\/\/interamerica.org\/wp-content\/uploads\/2020\/02\/adventhealth-dr-4-1.jpg 961w, https:\/\/interamerica.org\/wp-content\/uploads\/2020\/02\/adventhealth-dr-4-1-300x178.jpg 300w, https:\/\/interamerica.org\/wp-content\/uploads\/2020\/02\/adventhealth-dr-4-1-768x456.jpg 768w\" sizes=\"(max-width: 799px) 100vw, 799px\" \/><p id=\"caption-attachment-55727\" class=\"wp-caption-text\">M\u00e9dicos residentes y miembros del equipo AdventHealth se asocian con el personal del Centro M\u00e9dico Vista del Jard\u00edn, un hospital de 53 camas, en Santo Domingo, Rep\u00fablica Dominican, en un reciente viaje de Misi\u00f3n Global [Imagen: AdventHealth News]<\/p><\/div>Traducci\u00f3n &#8211; Gloria A. Castrej\u00f3n<\/p>\n","protected":false},"excerpt":{"rendered":"<p>25 de febrero de 2020 | Altamonte Springs, Florida, Estados Unidos | Ingrid Hern\u00e1ndez, AdventHealth News Un equipo de voluntarios de AdventHealth Misi\u00f3n Global, viajaron a la Rep\u00fablica Dominicana el&#8230;<\/p>\n","protected":false},"author":3,"featured_media":55721,"comment_status":"open","ping_status":"closed","sticky":false,"template":"","format":"standard","meta":{"_acf_changed":false,"footnotes":""},"categories":[14,15],"tags":[],"class_list":["post-55738","post","type-post","status-publish","format-standard","has-post-thumbnail","hentry","category-de-la-iglesia-mundial","category-rss-espanol"],"acf":[],"yoast_head":"<!-- This site is optimized with the Yoast SEO plugin v27.3 - https:\/\/yoast.com\/product\/yoast-seo-wordpress\/ -->\n<title>M\u00e9dicos residentes obtienen experiencia pr\u00e1ctica durante viaje misionero a la Rep\u00fablica Dominicana - Iglesia Adventista del S\u00e9ptimo D\u00eda - Divisi\u00f3n Interamericana<\/title>\n<meta name=\"robots\" content=\"index, follow, max-snippet:-1, max-image-preview:large, max-video-preview:-1\" \/>\n<link rel=\"canonical\" href=\"https:\/\/interamerica.org\/es\/2020\/02\/medicos-residentes-obtienen-experiencia-practica-durante-viaje-misionero-a-la-republica-dominicana\/\" \/>\n<meta property=\"og:locale\" content=\"es_ES\" \/>\n<meta property=\"og:type\" content=\"article\" \/>\n<meta property=\"og:title\" content=\"M\u00e9dicos residentes obtienen experiencia pr\u00e1ctica durante viaje misionero a la Rep\u00fablica Dominicana - Iglesia Adventista del S\u00e9ptimo D\u00eda - Divisi\u00f3n Interamericana\" \/>\n<meta property=\"og:description\" content=\"25 de febrero de 2020 | Altamonte Springs, Florida, Estados Unidos | Ingrid Hern\u00e1ndez, AdventHealth News Un equipo de voluntarios de AdventHealth Misi\u00f3n Global, viajaron a la Rep\u00fablica Dominicana el...\" \/>\n<meta property=\"og:url\" content=\"https:\/\/interamerica.org\/es\/2020\/02\/medicos-residentes-obtienen-experiencia-practica-durante-viaje-misionero-a-la-republica-dominicana\/\" \/>\n<meta property=\"og:site_name\" content=\"Iglesia Adventista del S\u00e9ptimo D\u00eda - Divisi\u00f3n Interamericana\" \/>\n<meta property=\"article:published_time\" content=\"2020-02-26T02:53:38+00:00\" \/>\n<meta property=\"article:modified_time\" content=\"2020-02-26T03:22:53+00:00\" \/>\n<meta property=\"og:image\" content=\"https:\/\/interamerica.org\/wp-content\/uploads\/2020\/02\/medical-residents-get-hands-on-experience-in-the-dominican-republic-1280.jpg\" \/>\n\t<meta property=\"og:image:width\" content=\"1280\" \/>\n\t<meta property=\"og:image:height\" content=\"800\" \/>\n\t<meta property=\"og:image:type\" content=\"image\/jpeg\" \/>\n<meta name=\"author\" content=\"libna\" \/>\n<meta name=\"twitter:card\" content=\"summary_large_image\" \/>\n<meta name=\"twitter:label1\" content=\"Escrito por\" \/>\n\t<meta name=\"twitter:data1\" content=\"libna\" \/>\n\t<meta name=\"twitter:label2\" content=\"Tiempo de lectura\" \/>\n\t<meta name=\"twitter:data2\" content=\"4 minutos\" \/>\n<script type=\"application\/ld+json\" class=\"yoast-schema-graph\">{\"@context\":\"https:\\\/\\\/schema.org\",\"@graph\":[{\"@type\":\"Article\",\"@id\":\"https:\\\/\\\/interamerica.org\\\/es\\\/2020\\\/02\\\/medicos-residentes-obtienen-experiencia-practica-durante-viaje-misionero-a-la-republica-dominicana\\\/#article\",\"isPartOf\":{\"@id\":\"https:\\\/\\\/interamerica.org\\\/es\\\/2020\\\/02\\\/medicos-residentes-obtienen-experiencia-practica-durante-viaje-misionero-a-la-republica-dominicana\\\/\"},\"author\":{\"name\":\"libna\",\"@id\":\"https:\\\/\\\/interamerica.org\\\/es\\\/#\\\/schema\\\/person\\\/29998f2bc2d8bd0d38662909289b54f1\"},\"headline\":\"M\u00e9dicos residentes obtienen experiencia pr\u00e1ctica durante viaje misionero a la Rep\u00fablica Dominicana\",\"datePublished\":\"2020-02-26T02:53:38+00:00\",\"dateModified\":\"2020-02-26T03:22:53+00:00\",\"mainEntityOfPage\":{\"@id\":\"https:\\\/\\\/interamerica.org\\\/es\\\/2020\\\/02\\\/medicos-residentes-obtienen-experiencia-practica-durante-viaje-misionero-a-la-republica-dominicana\\\/\"},\"wordCount\":906,\"commentCount\":0,\"image\":{\"@id\":\"https:\\\/\\\/interamerica.org\\\/es\\\/2020\\\/02\\\/medicos-residentes-obtienen-experiencia-practica-durante-viaje-misionero-a-la-republica-dominicana\\\/#primaryimage\"},\"thumbnailUrl\":\"https:\\\/\\\/interamerica.org\\\/wp-content\\\/uploads\\\/2020\\\/02\\\/medical-residents-get-hands-on-experience-in-the-dominican-republic-1280.jpg\",\"articleSection\":[\"Desde la iglesia mundial\",\"RSS Espa\u00f1ol\"],\"inLanguage\":\"es\",\"potentialAction\":[{\"@type\":\"CommentAction\",\"name\":\"Comment\",\"target\":[\"https:\\\/\\\/interamerica.org\\\/es\\\/2020\\\/02\\\/medicos-residentes-obtienen-experiencia-practica-durante-viaje-misionero-a-la-republica-dominicana\\\/#respond\"]}]},{\"@type\":\"WebPage\",\"@id\":\"https:\\\/\\\/interamerica.org\\\/es\\\/2020\\\/02\\\/medicos-residentes-obtienen-experiencia-practica-durante-viaje-misionero-a-la-republica-dominicana\\\/\",\"url\":\"https:\\\/\\\/interamerica.org\\\/es\\\/2020\\\/02\\\/medicos-residentes-obtienen-experiencia-practica-durante-viaje-misionero-a-la-republica-dominicana\\\/\",\"name\":\"M\u00e9dicos residentes obtienen experiencia pr\u00e1ctica durante viaje misionero a la Rep\u00fablica Dominicana - Iglesia Adventista del S\u00e9ptimo D\u00eda - Divisi\u00f3n Interamericana\",\"isPartOf\":{\"@id\":\"https:\\\/\\\/interamerica.org\\\/es\\\/#website\"},\"primaryImageOfPage\":{\"@id\":\"https:\\\/\\\/interamerica.org\\\/es\\\/2020\\\/02\\\/medicos-residentes-obtienen-experiencia-practica-durante-viaje-misionero-a-la-republica-dominicana\\\/#primaryimage\"},\"image\":{\"@id\":\"https:\\\/\\\/interamerica.org\\\/es\\\/2020\\\/02\\\/medicos-residentes-obtienen-experiencia-practica-durante-viaje-misionero-a-la-republica-dominicana\\\/#primaryimage\"},\"thumbnailUrl\":\"https:\\\/\\\/interamerica.org\\\/wp-content\\\/uploads\\\/2020\\\/02\\\/medical-residents-get-hands-on-experience-in-the-dominican-republic-1280.jpg\",\"datePublished\":\"2020-02-26T02:53:38+00:00\",\"dateModified\":\"2020-02-26T03:22:53+00:00\",\"author\":{\"@id\":\"https:\\\/\\\/interamerica.org\\\/es\\\/#\\\/schema\\\/person\\\/29998f2bc2d8bd0d38662909289b54f1\"},\"breadcrumb\":{\"@id\":\"https:\\\/\\\/interamerica.org\\\/es\\\/2020\\\/02\\\/medicos-residentes-obtienen-experiencia-practica-durante-viaje-misionero-a-la-republica-dominicana\\\/#breadcrumb\"},\"inLanguage\":\"es\",\"potentialAction\":[{\"@type\":\"ReadAction\",\"target\":[\"https:\\\/\\\/interamerica.org\\\/es\\\/2020\\\/02\\\/medicos-residentes-obtienen-experiencia-practica-durante-viaje-misionero-a-la-republica-dominicana\\\/\"]}]},{\"@type\":\"ImageObject\",\"inLanguage\":\"es\",\"@id\":\"https:\\\/\\\/interamerica.org\\\/es\\\/2020\\\/02\\\/medicos-residentes-obtienen-experiencia-practica-durante-viaje-misionero-a-la-republica-dominicana\\\/#primaryimage\",\"url\":\"https:\\\/\\\/interamerica.org\\\/wp-content\\\/uploads\\\/2020\\\/02\\\/medical-residents-get-hands-on-experience-in-the-dominican-republic-1280.jpg\",\"contentUrl\":\"https:\\\/\\\/interamerica.org\\\/wp-content\\\/uploads\\\/2020\\\/02\\\/medical-residents-get-hands-on-experience-in-the-dominican-republic-1280.jpg\",\"width\":1280,\"height\":800},{\"@type\":\"BreadcrumbList\",\"@id\":\"https:\\\/\\\/interamerica.org\\\/es\\\/2020\\\/02\\\/medicos-residentes-obtienen-experiencia-practica-durante-viaje-misionero-a-la-republica-dominicana\\\/#breadcrumb\",\"itemListElement\":[{\"@type\":\"ListItem\",\"position\":1,\"name\":\"Home\",\"item\":\"https:\\\/\\\/interamerica.org\\\/es\\\/\"},{\"@type\":\"ListItem\",\"position\":2,\"name\":\"M\u00e9dicos residentes obtienen experiencia pr\u00e1ctica durante viaje misionero a la Rep\u00fablica Dominicana\"}]},{\"@type\":\"WebSite\",\"@id\":\"https:\\\/\\\/interamerica.org\\\/es\\\/#website\",\"url\":\"https:\\\/\\\/interamerica.org\\\/es\\\/\",\"name\":\"Iglesia Adventista del S\u00e9ptimo D\u00eda - Divisi\u00f3n Interamericana\",\"description\":\"\",\"potentialAction\":[{\"@type\":\"SearchAction\",\"target\":{\"@type\":\"EntryPoint\",\"urlTemplate\":\"https:\\\/\\\/interamerica.org\\\/es\\\/?s={search_term_string}\"},\"query-input\":{\"@type\":\"PropertyValueSpecification\",\"valueRequired\":true,\"valueName\":\"search_term_string\"}}],\"inLanguage\":\"es\"},{\"@type\":\"Person\",\"@id\":\"https:\\\/\\\/interamerica.org\\\/es\\\/#\\\/schema\\\/person\\\/29998f2bc2d8bd0d38662909289b54f1\",\"name\":\"libna\",\"image\":{\"@type\":\"ImageObject\",\"inLanguage\":\"es\",\"@id\":\"https:\\\/\\\/secure.gravatar.com\\\/avatar\\\/7c5bd30ae4b47a9ba3c856590957fd1d96dc588bf3ac05719d247e126840331f?s=96&d=mm&r=g\",\"url\":\"https:\\\/\\\/secure.gravatar.com\\\/avatar\\\/7c5bd30ae4b47a9ba3c856590957fd1d96dc588bf3ac05719d247e126840331f?s=96&d=mm&r=g\",\"contentUrl\":\"https:\\\/\\\/secure.gravatar.com\\\/avatar\\\/7c5bd30ae4b47a9ba3c856590957fd1d96dc588bf3ac05719d247e126840331f?s=96&d=mm&r=g\",\"caption\":\"libna\"}}]}<\/script>\n<!-- \/ Yoast SEO plugin. -->","yoast_head_json":{"title":"M\u00e9dicos residentes obtienen experiencia pr\u00e1ctica durante viaje misionero a la Rep\u00fablica Dominicana - Iglesia Adventista del S\u00e9ptimo D\u00eda - Divisi\u00f3n Interamericana","robots":{"index":"index","follow":"follow","max-snippet":"max-snippet:-1","max-image-preview":"max-image-preview:large","max-video-preview":"max-video-preview:-1"},"canonical":"https:\/\/interamerica.org\/es\/2020\/02\/medicos-residentes-obtienen-experiencia-practica-durante-viaje-misionero-a-la-republica-dominicana\/","og_locale":"es_ES","og_type":"article","og_title":"M\u00e9dicos residentes obtienen experiencia pr\u00e1ctica durante viaje misionero a la Rep\u00fablica Dominicana - Iglesia Adventista del S\u00e9ptimo D\u00eda - Divisi\u00f3n Interamericana","og_description":"25 de febrero de 2020 | Altamonte Springs, Florida, Estados Unidos | Ingrid Hern\u00e1ndez, AdventHealth News Un equipo de voluntarios de AdventHealth Misi\u00f3n Global, viajaron a la Rep\u00fablica Dominicana el...","og_url":"https:\/\/interamerica.org\/es\/2020\/02\/medicos-residentes-obtienen-experiencia-practica-durante-viaje-misionero-a-la-republica-dominicana\/","og_site_name":"Iglesia Adventista del S\u00e9ptimo D\u00eda - Divisi\u00f3n Interamericana","article_published_time":"2020-02-26T02:53:38+00:00","article_modified_time":"2020-02-26T03:22:53+00:00","og_image":[{"width":1280,"height":800,"url":"https:\/\/interamerica.org\/wp-content\/uploads\/2020\/02\/medical-residents-get-hands-on-experience-in-the-dominican-republic-1280.jpg","type":"image\/jpeg"}],"author":"libna","twitter_card":"summary_large_image","twitter_misc":{"Escrito por":"libna","Tiempo de lectura":"4 minutos"},"schema":{"@context":"https:\/\/schema.org","@graph":[{"@type":"Article","@id":"https:\/\/interamerica.org\/es\/2020\/02\/medicos-residentes-obtienen-experiencia-practica-durante-viaje-misionero-a-la-republica-dominicana\/#article","isPartOf":{"@id":"https:\/\/interamerica.org\/es\/2020\/02\/medicos-residentes-obtienen-experiencia-practica-durante-viaje-misionero-a-la-republica-dominicana\/"},"author":{"name":"libna","@id":"https:\/\/interamerica.org\/es\/#\/schema\/person\/29998f2bc2d8bd0d38662909289b54f1"},"headline":"M\u00e9dicos residentes obtienen experiencia pr\u00e1ctica durante viaje misionero a la Rep\u00fablica Dominicana","datePublished":"2020-02-26T02:53:38+00:00","dateModified":"2020-02-26T03:22:53+00:00","mainEntityOfPage":{"@id":"https:\/\/interamerica.org\/es\/2020\/02\/medicos-residentes-obtienen-experiencia-practica-durante-viaje-misionero-a-la-republica-dominicana\/"},"wordCount":906,"commentCount":0,"image":{"@id":"https:\/\/interamerica.org\/es\/2020\/02\/medicos-residentes-obtienen-experiencia-practica-durante-viaje-misionero-a-la-republica-dominicana\/#primaryimage"},"thumbnailUrl":"https:\/\/interamerica.org\/wp-content\/uploads\/2020\/02\/medical-residents-get-hands-on-experience-in-the-dominican-republic-1280.jpg","articleSection":["Desde la iglesia mundial","RSS Espa\u00f1ol"],"inLanguage":"es","potentialAction":[{"@type":"CommentAction","name":"Comment","target":["https:\/\/interamerica.org\/es\/2020\/02\/medicos-residentes-obtienen-experiencia-practica-durante-viaje-misionero-a-la-republica-dominicana\/#respond"]}]},{"@type":"WebPage","@id":"https:\/\/interamerica.org\/es\/2020\/02\/medicos-residentes-obtienen-experiencia-practica-durante-viaje-misionero-a-la-republica-dominicana\/","url":"https:\/\/interamerica.org\/es\/2020\/02\/medicos-residentes-obtienen-experiencia-practica-durante-viaje-misionero-a-la-republica-dominicana\/","name":"M\u00e9dicos residentes obtienen experiencia pr\u00e1ctica durante viaje misionero a la Rep\u00fablica Dominicana - Iglesia Adventista del S\u00e9ptimo D\u00eda - Divisi\u00f3n Interamericana","isPartOf":{"@id":"https:\/\/interamerica.org\/es\/#website"},"primaryImageOfPage":{"@id":"https:\/\/interamerica.org\/es\/2020\/02\/medicos-residentes-obtienen-experiencia-practica-durante-viaje-misionero-a-la-republica-dominicana\/#primaryimage"},"image":{"@id":"https:\/\/interamerica.org\/es\/2020\/02\/medicos-residentes-obtienen-experiencia-practica-durante-viaje-misionero-a-la-republica-dominicana\/#primaryimage"},"thumbnailUrl":"https:\/\/interamerica.org\/wp-content\/uploads\/2020\/02\/medical-residents-get-hands-on-experience-in-the-dominican-republic-1280.jpg","datePublished":"2020-02-26T02:53:38+00:00","dateModified":"2020-02-26T03:22:53+00:00","author":{"@id":"https:\/\/interamerica.org\/es\/#\/schema\/person\/29998f2bc2d8bd0d38662909289b54f1"},"breadcrumb":{"@id":"https:\/\/interamerica.org\/es\/2020\/02\/medicos-residentes-obtienen-experiencia-practica-durante-viaje-misionero-a-la-republica-dominicana\/#breadcrumb"},"inLanguage":"es","potentialAction":[{"@type":"ReadAction","target":["https:\/\/interamerica.org\/es\/2020\/02\/medicos-residentes-obtienen-experiencia-practica-durante-viaje-misionero-a-la-republica-dominicana\/"]}]},{"@type":"ImageObject","inLanguage":"es","@id":"https:\/\/interamerica.org\/es\/2020\/02\/medicos-residentes-obtienen-experiencia-practica-durante-viaje-misionero-a-la-republica-dominicana\/#primaryimage","url":"https:\/\/interamerica.org\/wp-content\/uploads\/2020\/02\/medical-residents-get-hands-on-experience-in-the-dominican-republic-1280.jpg","contentUrl":"https:\/\/interamerica.org\/wp-content\/uploads\/2020\/02\/medical-residents-get-hands-on-experience-in-the-dominican-republic-1280.jpg","width":1280,"height":800},{"@type":"BreadcrumbList","@id":"https:\/\/interamerica.org\/es\/2020\/02\/medicos-residentes-obtienen-experiencia-practica-durante-viaje-misionero-a-la-republica-dominicana\/#breadcrumb","itemListElement":[{"@type":"ListItem","position":1,"name":"Home","item":"https:\/\/interamerica.org\/es\/"},{"@type":"ListItem","position":2,"name":"M\u00e9dicos residentes obtienen experiencia pr\u00e1ctica durante viaje misionero a la Rep\u00fablica Dominicana"}]},{"@type":"WebSite","@id":"https:\/\/interamerica.org\/es\/#website","url":"https:\/\/interamerica.org\/es\/","name":"Iglesia Adventista del S\u00e9ptimo D\u00eda - Divisi\u00f3n Interamericana","description":"","potentialAction":[{"@type":"SearchAction","target":{"@type":"EntryPoint","urlTemplate":"https:\/\/interamerica.org\/es\/?s={search_term_string}"},"query-input":{"@type":"PropertyValueSpecification","valueRequired":true,"valueName":"search_term_string"}}],"inLanguage":"es"},{"@type":"Person","@id":"https:\/\/interamerica.org\/es\/#\/schema\/person\/29998f2bc2d8bd0d38662909289b54f1","name":"libna","image":{"@type":"ImageObject","inLanguage":"es","@id":"https:\/\/secure.gravatar.com\/avatar\/7c5bd30ae4b47a9ba3c856590957fd1d96dc588bf3ac05719d247e126840331f?s=96&d=mm&r=g","url":"https:\/\/secure.gravatar.com\/avatar\/7c5bd30ae4b47a9ba3c856590957fd1d96dc588bf3ac05719d247e126840331f?s=96&d=mm&r=g","contentUrl":"https:\/\/secure.gravatar.com\/avatar\/7c5bd30ae4b47a9ba3c856590957fd1d96dc588bf3ac05719d247e126840331f?s=96&d=mm&r=g","caption":"libna"}}]}},"_links":{"self":[{"href":"https:\/\/interamerica.org\/es\/wp-json\/wp\/v2\/posts\/55738","targetHints":{"allow":["GET"]}}],"collection":[{"href":"https:\/\/interamerica.org\/es\/wp-json\/wp\/v2\/posts"}],"about":[{"href":"https:\/\/interamerica.org\/es\/wp-json\/wp\/v2\/types\/post"}],"author":[{"embeddable":true,"href":"https:\/\/interamerica.org\/es\/wp-json\/wp\/v2\/users\/3"}],"replies":[{"embeddable":true,"href":"https:\/\/interamerica.org\/es\/wp-json\/wp\/v2\/comments?post=55738"}],"version-history":[{"count":0,"href":"https:\/\/interamerica.org\/es\/wp-json\/wp\/v2\/posts\/55738\/revisions"}],"wp:featuredmedia":[{"embeddable":true,"href":"https:\/\/interamerica.org\/es\/wp-json\/wp\/v2\/media\/55721"}],"wp:attachment":[{"href":"https:\/\/interamerica.org\/es\/wp-json\/wp\/v2\/media?parent=55738"}],"wp:term":[{"taxonomy":"category","embeddable":true,"href":"https:\/\/interamerica.org\/es\/wp-json\/wp\/v2\/categories?post=55738"},{"taxonomy":"post_tag","embeddable":true,"href":"https:\/\/interamerica.org\/es\/wp-json\/wp\/v2\/tags?post=55738"}],"curies":[{"name":"wp","href":"https:\/\/api.w.org\/{rel}","templated":true}]}}