{"id":55973,"date":"2020-03-04T15:58:32","date_gmt":"2020-03-04T19:58:32","guid":{"rendered":"https:\/\/recursing-golick.147-182-135-0.plesk.page\/?p=55973"},"modified":"2020-03-14T00:37:50","modified_gmt":"2020-03-14T04:37:50","slug":"primera-iglesia-adventista-establecida-en-mexico-celebra-su-120-aniversario","status":"publish","type":"post","link":"https:\/\/interamerica.org\/es\/2020\/03\/primera-iglesia-adventista-establecida-en-mexico-celebra-su-120-aniversario\/","title":{"rendered":"Primera iglesia adventista establecida en M\u00e9xico, celebra su 120\u00b0 aniversario"},"content":{"rendered":"<p><div id=\"attachment_55959\" style=\"width: 810px\" class=\"wp-caption aligncenter\"><img fetchpriority=\"high\" decoding=\"async\" aria-describedby=\"caption-attachment-55959\" class=\" wp-image-55957\" src=\"https:\/\/recursing-golick.147-182-135-0.plesk.page\/wp-content\/uploads\/2020\/03\/cemu-tacubaya-members.jpg\" alt=\"\" width=\"800\" height=\"500\" srcset=\"https:\/\/interamerica.org\/wp-content\/uploads\/2020\/03\/cemu-tacubaya-members.jpg 1000w, https:\/\/interamerica.org\/wp-content\/uploads\/2020\/03\/cemu-tacubaya-members-300x188.jpg 300w, https:\/\/interamerica.org\/wp-content\/uploads\/2020\/03\/cemu-tacubaya-members-768x480.jpg 768w\" sizes=\"(max-width: 800px) 100vw, 800px\" \/><p id=\"caption-attachment-55959\" class=\"wp-caption-text\">Miembros adventistas del s\u00e9ptimo d\u00eda en la Iglesia Adventista de Tacubaya, en Ciudad de M\u00e9xico, posan para una fotograf\u00eda despu\u00e9s del programa de celebraci\u00f3n del 120\u00b0 aniversario de la iglesia, el 14 de diciembre de 2019. Esta iglesia fue la primera iglesia adventista organizada y establecida en M\u00e9xico, en 1899. [Imagen: Claudia D\u00edaz]<\/p><\/div>4 de marzo de 2020 | Ciudad de M\u00e9xico, M\u00e9xico | Fabiola Quinto y Personal de Noticias DIA<\/p>\n<p>Dirigentes y miembros de la Iglesia Adventista del S\u00e9ptimo D\u00eda Tacubaya, en Ciudad de M\u00e9xico, M\u00e9xico, celebraron recientemente el 120\u00b0 aniversario del establecimiento de la iglesia en ese lugar. La celebraci\u00f3n reuni\u00f3 a ex dirigentes, dirigentes actuales y miembros, para rememorar\u00a0 y reconocer las bendiciones de Dios y el desarrollo del mensaje adventista en toda la naci\u00f3n.<\/p>\n<p>La iglesia en Tacubaya fue la primera iglesia adventista del s\u00e9ptimo d\u00eda establecida en M\u00e9xico. Fue en 1891, que un misionero italiano lleg\u00f3 a Ciudad de M\u00e9xico para distribuir 2,500 ejemplares del libro <em>El conflicto de los siglos<\/em>, escrito por Elena G. White, cofundadora de la Iglesia Adventista del S\u00e9ptimo D\u00eda. M\u00e1s tarde, George Washington Cavines, juntamente con otros misioneros, establecieron en 1899 la primera iglesia adventista situada en el suburbio de Escand\u00f3n, seg\u00fan se informa en el libro <em>100 A\u00f1os del Adventismo en M\u00e9xico<\/em>, escrito por el pastor adventista Velino Salazar.<\/p>\n<p>Actualmente existen 254 iglesias y m\u00e1s de 88,000 miembros de iglesia solamente en Ciudad de M\u00e9xico y la zona metropolitana.<\/p>\n<p><div id=\"attachment_55962\" style=\"width: 812px\" class=\"wp-caption aligncenter\"><img decoding=\"async\" aria-describedby=\"caption-attachment-55962\" class=\" wp-image-55960\" src=\"https:\/\/recursing-golick.147-182-135-0.plesk.page\/wp-content\/uploads\/2020\/03\/cemu-tacubaya-church.jpg\" alt=\"\" width=\"802\" height=\"535\" srcset=\"https:\/\/interamerica.org\/wp-content\/uploads\/2020\/03\/cemu-tacubaya-church.jpg 1000w, https:\/\/interamerica.org\/wp-content\/uploads\/2020\/03\/cemu-tacubaya-church-300x200.jpg 300w, https:\/\/interamerica.org\/wp-content\/uploads\/2020\/03\/cemu-tacubaya-church-768x512.jpg 768w\" sizes=\"(max-width: 802px) 100vw, 802px\" \/><p id=\"caption-attachment-55962\" class=\"wp-caption-text\">Miembros de iglesia toman parte en la celebraci\u00f3n del 120\u00b0 aniversario de la Iglesia Adventista de Tacubaya, en Ciudad de M\u00e9xico, M\u00e9xico. [Imagen: Claudia D\u00edaz]<\/p><\/div>La iglesia en toda la naci\u00f3n mexicana consta actualmente de cinco regiones principales y opera m\u00e1s de 4,691 iglesias con un total de m\u00e1s de 781,000 miembros.<\/p>\n<p>\u201cDesde la primera iglesia establecida, la casa publicadora, la primera escuela, que m\u00e1s tarde se traslad\u00f3 a Montemorelos, Nuevo Le\u00f3n y m\u00e1s tarde el sanatorio\u201d, hemos visto el gran avance de la obra en M\u00e9xico\u201d, dijo el Pastor David Javier, presidente de la casa publicadora adventista GEMA Editores y miembro de la Iglesia Adventista de Tacubaya.<\/p>\n<p>El programa de celebraci\u00f3n incluy\u00f3 testimonios de parte de miembros y anteriores pastores encargados de la iglesia de Tacubaya.<\/p>\n<p><div id=\"attachment_55953\" style=\"width: 811px\" class=\"wp-caption aligncenter\"><img decoding=\"async\" aria-describedby=\"caption-attachment-55953\" class=\" wp-image-55951\" src=\"https:\/\/recursing-golick.147-182-135-0.plesk.page\/wp-content\/uploads\/2020\/03\/cemu-tacubaya-plaque-unveiling.jpg\" alt=\"\" width=\"801\" height=\"534\" srcset=\"https:\/\/interamerica.org\/wp-content\/uploads\/2020\/03\/cemu-tacubaya-plaque-unveiling.jpg 1000w, https:\/\/interamerica.org\/wp-content\/uploads\/2020\/03\/cemu-tacubaya-plaque-unveiling-300x200.jpg 300w, https:\/\/interamerica.org\/wp-content\/uploads\/2020\/03\/cemu-tacubaya-plaque-unveiling-768x512.jpg 768w\" sizes=\"(max-width: 801px) 100vw, 801px\" \/><p id=\"caption-attachment-55953\" class=\"wp-caption-text\">El Pastor C\u00e9sar Hern\u00e1ndez, presidente de la Asociaci\u00f3n Azteca, de la Uni\u00f3n Mexicana Central, devela la nueva placa conmemorativa de la celebraci\u00f3n del 120\u00b0 aniversario, en la entrada del edificio. A su lado, el Pastor David Javier, presidente de GEMA Editores. [Imagen: Claudia D\u00edaz]<\/p><\/div>\u201cRecuerdo muy bien el antiguo edificio de la iglesia\u201d, dijo No\u00e9 Luna, un anciano miembro de iglesia. En 1960 se reconstruy\u00f3 el edificio para acomodar a 400 personas, reemplazando la mucho m\u00e1s peque\u00f1a estructura original. \u201cYo era un ni\u00f1o cuando se decidi\u00f3 que el edificio deb\u00eda ser mucho m\u00e1s grande, as\u00ed que fue derribado el original y se construy\u00f3 uno nuevo con mayor capacidad\u201d, dijo.<\/p>\n<p>El Pastor \u00c1ngel Ram\u00edrez, quien fue pastor de la Iglesia Adventista en Tacubaya en la d\u00e9cada de 1970, record\u00f3 cuando 100 nuevos miembros fueron bautizados en un solo d\u00eda. Habl\u00f3 tambi\u00e9n acerca del tiempo cuando se instalaron nuevos bancos de iglesia y de la construcci\u00f3n del sanatorio adventista al lado de la iglesia. \u201cHan pasado 48 a\u00f1os desde que fui pastor de esta iglesia\u201d, dijo. \u201cHemos crecido como iglesia y hemos apoyado a la escuela adventista Ignacio Altamirano, as\u00ed como al sanatorio\u201d.<\/p>\n<p>El programa incluy\u00f3 tambi\u00e9n muchas videograbaciones con mensajes enviados por dirigentes de la iglesia y pastores que estuvieron a cargo de esta iglesia, los cuales alentaron a los miembros actuales a continuar en la fe y a traer a muchos otros m\u00e1s a los pies de Jes\u00fas.<\/p>\n<p><div id=\"attachment_55968\" style=\"width: 804px\" class=\"wp-caption aligncenter\"><img loading=\"lazy\" decoding=\"async\" aria-describedby=\"caption-attachment-55968\" class=\"wp-image-55966\" src=\"https:\/\/recursing-golick.147-182-135-0.plesk.page\/wp-content\/uploads\/2020\/03\/cemu-tacubaya-angel-ramirez.jpg\" alt=\"\" width=\"794\" height=\"529\" srcset=\"https:\/\/interamerica.org\/wp-content\/uploads\/2020\/03\/cemu-tacubaya-angel-ramirez.jpg 1000w, https:\/\/interamerica.org\/wp-content\/uploads\/2020\/03\/cemu-tacubaya-angel-ramirez-300x200.jpg 300w, https:\/\/interamerica.org\/wp-content\/uploads\/2020\/03\/cemu-tacubaya-angel-ramirez-768x512.jpg 768w\" sizes=\"(max-width: 794px) 100vw, 794px\" \/><p id=\"caption-attachment-55968\" class=\"wp-caption-text\">El Pastor \u00c1ngel Ram\u00edrez, quien fue pastor de la iglesia de 1975 a 1979, dirige la palabra durante la celebraci\u00f3n. [Imagen: Claudia D\u00edaz]<\/p><\/div>El Pastor Abner De Los Santos, quien funge como vicepresidente de la iglesia adventista mundial y que fue miembro de la iglesia de Tacubaya, envi\u00f3 sus saludos y motiv\u00f3 a los miembros a continuar llevando el evangelio a las personas en la comunidad.<\/p>\n<p>El Pastor C\u00e9sar Hern\u00e1ndez, presidente de la Asociaci\u00f3n Azteca, que supervisa la obra en partes de la Ciudad de M\u00e9xico, felicit\u00f3 a los antiguos y actuales miembros de esta iglesia por su ardua labor al ser elementos clave en la expansi\u00f3n de la labor de la iglesia en M\u00e9xico; y motiv\u00f3 a los presentes en el programa de celebraci\u00f3n a permanecer fuertes y fieles, llevando a otros la esperanza del evangelio a dondequiera que vayan.<\/p>\n<p>Durante la ceremonia especial se devel\u00f3 una placa conmemorativa situada en la entrada del edificio de la Iglesia Adventista de Tacubaya,<\/p>\n<p><div id=\"attachment_55963\" style=\"width: 811px\" class=\"wp-caption aligncenter\"><img loading=\"lazy\" decoding=\"async\" aria-describedby=\"caption-attachment-55963\" class=\"wp-image-55963\" src=\"https:\/\/recursing-golick.147-182-135-0.plesk.page\/wp-content\/uploads\/2020\/03\/cemu-tacubaya-cakes.jpg\" alt=\"\" width=\"801\" height=\"534\" srcset=\"https:\/\/interamerica.org\/wp-content\/uploads\/2020\/03\/cemu-tacubaya-cakes.jpg 1000w, https:\/\/interamerica.org\/wp-content\/uploads\/2020\/03\/cemu-tacubaya-cakes-300x200.jpg 300w, https:\/\/interamerica.org\/wp-content\/uploads\/2020\/03\/cemu-tacubaya-cakes-768x512.jpg 768w\" sizes=\"(max-width: 801px) 100vw, 801px\" \/><p id=\"caption-attachment-55963\" class=\"wp-caption-text\">Dirigentes de la iglesia sostienen\u00a0 pasteles \u00a0(cakes) conmemorativos del 120\u00b0 Aniversario de la Iglesia Adventista de Tacubaya, durante las actividades de celebraci\u00f3n. [Imagen: Claudia D\u00edaz]<\/p><\/div>Traducci\u00f3n \u2013 Gloria A. Castrej\u00f3n<\/p>\n","protected":false},"excerpt":{"rendered":"<p>4 de marzo de 2020 | Ciudad de M\u00e9xico, M\u00e9xico | Fabiola Quinto y Personal de Noticias DIA Dirigentes y miembros de la Iglesia Adventista del S\u00e9ptimo D\u00eda Tacubaya, en&#8230;<\/p>\n","protected":false},"author":3,"featured_media":55965,"comment_status":"open","ping_status":"closed","sticky":false,"template":"","format":"standard","meta":{"_acf_changed":false,"footnotes":""},"categories":[17,15],"tags":[],"class_list":["post-55973","post","type-post","status-publish","format-standard","has-post-thumbnail","hentry","category-desde-el-campo","category-rss-espanol"],"acf":[],"yoast_head":"<!-- This site is optimized with the Yoast SEO plugin v27.3 - https:\/\/yoast.com\/product\/yoast-seo-wordpress\/ -->\n<title>Primera iglesia adventista establecida en M\u00e9xico, celebra su 120\u00b0 aniversario - Iglesia Adventista del S\u00e9ptimo D\u00eda - Divisi\u00f3n Interamericana<\/title>\n<meta name=\"robots\" content=\"index, follow, max-snippet:-1, max-image-preview:large, max-video-preview:-1\" \/>\n<link rel=\"canonical\" href=\"https:\/\/interamerica.org\/es\/2020\/03\/primera-iglesia-adventista-establecida-en-mexico-celebra-su-120-aniversario\/\" \/>\n<meta property=\"og:locale\" content=\"es_ES\" \/>\n<meta property=\"og:type\" content=\"article\" \/>\n<meta property=\"og:title\" content=\"Primera iglesia adventista establecida en M\u00e9xico, celebra su 120\u00b0 aniversario - Iglesia Adventista del S\u00e9ptimo D\u00eda - Divisi\u00f3n Interamericana\" \/>\n<meta property=\"og:description\" content=\"4 de marzo de 2020 | Ciudad de M\u00e9xico, M\u00e9xico | Fabiola Quinto y Personal de Noticias DIA Dirigentes y miembros de la Iglesia Adventista del S\u00e9ptimo D\u00eda Tacubaya, en...\" \/>\n<meta property=\"og:url\" content=\"https:\/\/interamerica.org\/es\/2020\/03\/primera-iglesia-adventista-establecida-en-mexico-celebra-su-120-aniversario\/\" \/>\n<meta property=\"og:site_name\" content=\"Iglesia Adventista del S\u00e9ptimo D\u00eda - Divisi\u00f3n Interamericana\" \/>\n<meta property=\"article:published_time\" content=\"2020-03-04T19:58:32+00:00\" \/>\n<meta property=\"article:modified_time\" content=\"2020-03-14T04:37:50+00:00\" \/>\n<meta property=\"og:image\" content=\"https:\/\/interamerica.org\/wp-content\/uploads\/2020\/03\/cemu-tacubaya-cakes.jpg\" \/>\n\t<meta property=\"og:image:width\" content=\"1000\" \/>\n\t<meta property=\"og:image:height\" content=\"667\" \/>\n\t<meta property=\"og:image:type\" content=\"image\/jpeg\" \/>\n<meta name=\"author\" content=\"libna\" \/>\n<meta name=\"twitter:card\" content=\"summary_large_image\" \/>\n<meta name=\"twitter:label1\" content=\"Escrito por\" \/>\n\t<meta name=\"twitter:data1\" content=\"libna\" \/>\n\t<meta name=\"twitter:label2\" content=\"Tiempo de lectura\" \/>\n\t<meta name=\"twitter:data2\" content=\"4 minutos\" \/>\n<script type=\"application\/ld+json\" class=\"yoast-schema-graph\">{\"@context\":\"https:\\\/\\\/schema.org\",\"@graph\":[{\"@type\":\"Article\",\"@id\":\"https:\\\/\\\/interamerica.org\\\/es\\\/2020\\\/03\\\/primera-iglesia-adventista-establecida-en-mexico-celebra-su-120-aniversario\\\/#article\",\"isPartOf\":{\"@id\":\"https:\\\/\\\/interamerica.org\\\/es\\\/2020\\\/03\\\/primera-iglesia-adventista-establecida-en-mexico-celebra-su-120-aniversario\\\/\"},\"author\":{\"name\":\"libna\",\"@id\":\"https:\\\/\\\/interamerica.org\\\/es\\\/#\\\/schema\\\/person\\\/29998f2bc2d8bd0d38662909289b54f1\"},\"headline\":\"Primera iglesia adventista establecida en M\u00e9xico, celebra su 120\u00b0 aniversario\",\"datePublished\":\"2020-03-04T19:58:32+00:00\",\"dateModified\":\"2020-03-14T04:37:50+00:00\",\"mainEntityOfPage\":{\"@id\":\"https:\\\/\\\/interamerica.org\\\/es\\\/2020\\\/03\\\/primera-iglesia-adventista-establecida-en-mexico-celebra-su-120-aniversario\\\/\"},\"wordCount\":889,\"commentCount\":0,\"image\":{\"@id\":\"https:\\\/\\\/interamerica.org\\\/es\\\/2020\\\/03\\\/primera-iglesia-adventista-establecida-en-mexico-celebra-su-120-aniversario\\\/#primaryimage\"},\"thumbnailUrl\":\"https:\\\/\\\/interamerica.org\\\/wp-content\\\/uploads\\\/2020\\\/03\\\/cemu-tacubaya-cakes.jpg\",\"articleSection\":[\"Desde el campo\",\"RSS Espa\u00f1ol\"],\"inLanguage\":\"es\",\"potentialAction\":[{\"@type\":\"CommentAction\",\"name\":\"Comment\",\"target\":[\"https:\\\/\\\/interamerica.org\\\/es\\\/2020\\\/03\\\/primera-iglesia-adventista-establecida-en-mexico-celebra-su-120-aniversario\\\/#respond\"]}]},{\"@type\":\"WebPage\",\"@id\":\"https:\\\/\\\/interamerica.org\\\/es\\\/2020\\\/03\\\/primera-iglesia-adventista-establecida-en-mexico-celebra-su-120-aniversario\\\/\",\"url\":\"https:\\\/\\\/interamerica.org\\\/es\\\/2020\\\/03\\\/primera-iglesia-adventista-establecida-en-mexico-celebra-su-120-aniversario\\\/\",\"name\":\"Primera iglesia adventista establecida en M\u00e9xico, celebra su 120\u00b0 aniversario - Iglesia Adventista del S\u00e9ptimo D\u00eda - Divisi\u00f3n Interamericana\",\"isPartOf\":{\"@id\":\"https:\\\/\\\/interamerica.org\\\/es\\\/#website\"},\"primaryImageOfPage\":{\"@id\":\"https:\\\/\\\/interamerica.org\\\/es\\\/2020\\\/03\\\/primera-iglesia-adventista-establecida-en-mexico-celebra-su-120-aniversario\\\/#primaryimage\"},\"image\":{\"@id\":\"https:\\\/\\\/interamerica.org\\\/es\\\/2020\\\/03\\\/primera-iglesia-adventista-establecida-en-mexico-celebra-su-120-aniversario\\\/#primaryimage\"},\"thumbnailUrl\":\"https:\\\/\\\/interamerica.org\\\/wp-content\\\/uploads\\\/2020\\\/03\\\/cemu-tacubaya-cakes.jpg\",\"datePublished\":\"2020-03-04T19:58:32+00:00\",\"dateModified\":\"2020-03-14T04:37:50+00:00\",\"author\":{\"@id\":\"https:\\\/\\\/interamerica.org\\\/es\\\/#\\\/schema\\\/person\\\/29998f2bc2d8bd0d38662909289b54f1\"},\"breadcrumb\":{\"@id\":\"https:\\\/\\\/interamerica.org\\\/es\\\/2020\\\/03\\\/primera-iglesia-adventista-establecida-en-mexico-celebra-su-120-aniversario\\\/#breadcrumb\"},\"inLanguage\":\"es\",\"potentialAction\":[{\"@type\":\"ReadAction\",\"target\":[\"https:\\\/\\\/interamerica.org\\\/es\\\/2020\\\/03\\\/primera-iglesia-adventista-establecida-en-mexico-celebra-su-120-aniversario\\\/\"]}]},{\"@type\":\"ImageObject\",\"inLanguage\":\"es\",\"@id\":\"https:\\\/\\\/interamerica.org\\\/es\\\/2020\\\/03\\\/primera-iglesia-adventista-establecida-en-mexico-celebra-su-120-aniversario\\\/#primaryimage\",\"url\":\"https:\\\/\\\/interamerica.org\\\/wp-content\\\/uploads\\\/2020\\\/03\\\/cemu-tacubaya-cakes.jpg\",\"contentUrl\":\"https:\\\/\\\/interamerica.org\\\/wp-content\\\/uploads\\\/2020\\\/03\\\/cemu-tacubaya-cakes.jpg\",\"width\":1000,\"height\":667,\"caption\":\"[Imagen: Claudia Diaz]\"},{\"@type\":\"BreadcrumbList\",\"@id\":\"https:\\\/\\\/interamerica.org\\\/es\\\/2020\\\/03\\\/primera-iglesia-adventista-establecida-en-mexico-celebra-su-120-aniversario\\\/#breadcrumb\",\"itemListElement\":[{\"@type\":\"ListItem\",\"position\":1,\"name\":\"Home\",\"item\":\"https:\\\/\\\/interamerica.org\\\/es\\\/\"},{\"@type\":\"ListItem\",\"position\":2,\"name\":\"Primera iglesia adventista establecida en M\u00e9xico, celebra su 120\u00b0 aniversario\"}]},{\"@type\":\"WebSite\",\"@id\":\"https:\\\/\\\/interamerica.org\\\/es\\\/#website\",\"url\":\"https:\\\/\\\/interamerica.org\\\/es\\\/\",\"name\":\"Iglesia Adventista del S\u00e9ptimo D\u00eda - Divisi\u00f3n Interamericana\",\"description\":\"\",\"potentialAction\":[{\"@type\":\"SearchAction\",\"target\":{\"@type\":\"EntryPoint\",\"urlTemplate\":\"https:\\\/\\\/interamerica.org\\\/es\\\/?s={search_term_string}\"},\"query-input\":{\"@type\":\"PropertyValueSpecification\",\"valueRequired\":true,\"valueName\":\"search_term_string\"}}],\"inLanguage\":\"es\"},{\"@type\":\"Person\",\"@id\":\"https:\\\/\\\/interamerica.org\\\/es\\\/#\\\/schema\\\/person\\\/29998f2bc2d8bd0d38662909289b54f1\",\"name\":\"libna\",\"image\":{\"@type\":\"ImageObject\",\"inLanguage\":\"es\",\"@id\":\"https:\\\/\\\/secure.gravatar.com\\\/avatar\\\/7c5bd30ae4b47a9ba3c856590957fd1d96dc588bf3ac05719d247e126840331f?s=96&d=mm&r=g\",\"url\":\"https:\\\/\\\/secure.gravatar.com\\\/avatar\\\/7c5bd30ae4b47a9ba3c856590957fd1d96dc588bf3ac05719d247e126840331f?s=96&d=mm&r=g\",\"contentUrl\":\"https:\\\/\\\/secure.gravatar.com\\\/avatar\\\/7c5bd30ae4b47a9ba3c856590957fd1d96dc588bf3ac05719d247e126840331f?s=96&d=mm&r=g\",\"caption\":\"libna\"}}]}<\/script>\n<!-- \/ Yoast SEO plugin. -->","yoast_head_json":{"title":"Primera iglesia adventista establecida en M\u00e9xico, celebra su 120\u00b0 aniversario - Iglesia Adventista del S\u00e9ptimo D\u00eda - Divisi\u00f3n Interamericana","robots":{"index":"index","follow":"follow","max-snippet":"max-snippet:-1","max-image-preview":"max-image-preview:large","max-video-preview":"max-video-preview:-1"},"canonical":"https:\/\/interamerica.org\/es\/2020\/03\/primera-iglesia-adventista-establecida-en-mexico-celebra-su-120-aniversario\/","og_locale":"es_ES","og_type":"article","og_title":"Primera iglesia adventista establecida en M\u00e9xico, celebra su 120\u00b0 aniversario - Iglesia Adventista del S\u00e9ptimo D\u00eda - Divisi\u00f3n Interamericana","og_description":"4 de marzo de 2020 | Ciudad de M\u00e9xico, M\u00e9xico | Fabiola Quinto y Personal de Noticias DIA Dirigentes y miembros de la Iglesia Adventista del S\u00e9ptimo D\u00eda Tacubaya, en...","og_url":"https:\/\/interamerica.org\/es\/2020\/03\/primera-iglesia-adventista-establecida-en-mexico-celebra-su-120-aniversario\/","og_site_name":"Iglesia Adventista del S\u00e9ptimo D\u00eda - Divisi\u00f3n Interamericana","article_published_time":"2020-03-04T19:58:32+00:00","article_modified_time":"2020-03-14T04:37:50+00:00","og_image":[{"width":1000,"height":667,"url":"https:\/\/interamerica.org\/wp-content\/uploads\/2020\/03\/cemu-tacubaya-cakes.jpg","type":"image\/jpeg"}],"author":"libna","twitter_card":"summary_large_image","twitter_misc":{"Escrito por":"libna","Tiempo de lectura":"4 minutos"},"schema":{"@context":"https:\/\/schema.org","@graph":[{"@type":"Article","@id":"https:\/\/interamerica.org\/es\/2020\/03\/primera-iglesia-adventista-establecida-en-mexico-celebra-su-120-aniversario\/#article","isPartOf":{"@id":"https:\/\/interamerica.org\/es\/2020\/03\/primera-iglesia-adventista-establecida-en-mexico-celebra-su-120-aniversario\/"},"author":{"name":"libna","@id":"https:\/\/interamerica.org\/es\/#\/schema\/person\/29998f2bc2d8bd0d38662909289b54f1"},"headline":"Primera iglesia adventista establecida en M\u00e9xico, celebra su 120\u00b0 aniversario","datePublished":"2020-03-04T19:58:32+00:00","dateModified":"2020-03-14T04:37:50+00:00","mainEntityOfPage":{"@id":"https:\/\/interamerica.org\/es\/2020\/03\/primera-iglesia-adventista-establecida-en-mexico-celebra-su-120-aniversario\/"},"wordCount":889,"commentCount":0,"image":{"@id":"https:\/\/interamerica.org\/es\/2020\/03\/primera-iglesia-adventista-establecida-en-mexico-celebra-su-120-aniversario\/#primaryimage"},"thumbnailUrl":"https:\/\/interamerica.org\/wp-content\/uploads\/2020\/03\/cemu-tacubaya-cakes.jpg","articleSection":["Desde el campo","RSS Espa\u00f1ol"],"inLanguage":"es","potentialAction":[{"@type":"CommentAction","name":"Comment","target":["https:\/\/interamerica.org\/es\/2020\/03\/primera-iglesia-adventista-establecida-en-mexico-celebra-su-120-aniversario\/#respond"]}]},{"@type":"WebPage","@id":"https:\/\/interamerica.org\/es\/2020\/03\/primera-iglesia-adventista-establecida-en-mexico-celebra-su-120-aniversario\/","url":"https:\/\/interamerica.org\/es\/2020\/03\/primera-iglesia-adventista-establecida-en-mexico-celebra-su-120-aniversario\/","name":"Primera iglesia adventista establecida en M\u00e9xico, celebra su 120\u00b0 aniversario - Iglesia Adventista del S\u00e9ptimo D\u00eda - Divisi\u00f3n Interamericana","isPartOf":{"@id":"https:\/\/interamerica.org\/es\/#website"},"primaryImageOfPage":{"@id":"https:\/\/interamerica.org\/es\/2020\/03\/primera-iglesia-adventista-establecida-en-mexico-celebra-su-120-aniversario\/#primaryimage"},"image":{"@id":"https:\/\/interamerica.org\/es\/2020\/03\/primera-iglesia-adventista-establecida-en-mexico-celebra-su-120-aniversario\/#primaryimage"},"thumbnailUrl":"https:\/\/interamerica.org\/wp-content\/uploads\/2020\/03\/cemu-tacubaya-cakes.jpg","datePublished":"2020-03-04T19:58:32+00:00","dateModified":"2020-03-14T04:37:50+00:00","author":{"@id":"https:\/\/interamerica.org\/es\/#\/schema\/person\/29998f2bc2d8bd0d38662909289b54f1"},"breadcrumb":{"@id":"https:\/\/interamerica.org\/es\/2020\/03\/primera-iglesia-adventista-establecida-en-mexico-celebra-su-120-aniversario\/#breadcrumb"},"inLanguage":"es","potentialAction":[{"@type":"ReadAction","target":["https:\/\/interamerica.org\/es\/2020\/03\/primera-iglesia-adventista-establecida-en-mexico-celebra-su-120-aniversario\/"]}]},{"@type":"ImageObject","inLanguage":"es","@id":"https:\/\/interamerica.org\/es\/2020\/03\/primera-iglesia-adventista-establecida-en-mexico-celebra-su-120-aniversario\/#primaryimage","url":"https:\/\/interamerica.org\/wp-content\/uploads\/2020\/03\/cemu-tacubaya-cakes.jpg","contentUrl":"https:\/\/interamerica.org\/wp-content\/uploads\/2020\/03\/cemu-tacubaya-cakes.jpg","width":1000,"height":667,"caption":"[Imagen: Claudia Diaz]"},{"@type":"BreadcrumbList","@id":"https:\/\/interamerica.org\/es\/2020\/03\/primera-iglesia-adventista-establecida-en-mexico-celebra-su-120-aniversario\/#breadcrumb","itemListElement":[{"@type":"ListItem","position":1,"name":"Home","item":"https:\/\/interamerica.org\/es\/"},{"@type":"ListItem","position":2,"name":"Primera iglesia adventista establecida en M\u00e9xico, celebra su 120\u00b0 aniversario"}]},{"@type":"WebSite","@id":"https:\/\/interamerica.org\/es\/#website","url":"https:\/\/interamerica.org\/es\/","name":"Iglesia Adventista del S\u00e9ptimo D\u00eda - Divisi\u00f3n Interamericana","description":"","potentialAction":[{"@type":"SearchAction","target":{"@type":"EntryPoint","urlTemplate":"https:\/\/interamerica.org\/es\/?s={search_term_string}"},"query-input":{"@type":"PropertyValueSpecification","valueRequired":true,"valueName":"search_term_string"}}],"inLanguage":"es"},{"@type":"Person","@id":"https:\/\/interamerica.org\/es\/#\/schema\/person\/29998f2bc2d8bd0d38662909289b54f1","name":"libna","image":{"@type":"ImageObject","inLanguage":"es","@id":"https:\/\/secure.gravatar.com\/avatar\/7c5bd30ae4b47a9ba3c856590957fd1d96dc588bf3ac05719d247e126840331f?s=96&d=mm&r=g","url":"https:\/\/secure.gravatar.com\/avatar\/7c5bd30ae4b47a9ba3c856590957fd1d96dc588bf3ac05719d247e126840331f?s=96&d=mm&r=g","contentUrl":"https:\/\/secure.gravatar.com\/avatar\/7c5bd30ae4b47a9ba3c856590957fd1d96dc588bf3ac05719d247e126840331f?s=96&d=mm&r=g","caption":"libna"}}]}},"_links":{"self":[{"href":"https:\/\/interamerica.org\/es\/wp-json\/wp\/v2\/posts\/55973","targetHints":{"allow":["GET"]}}],"collection":[{"href":"https:\/\/interamerica.org\/es\/wp-json\/wp\/v2\/posts"}],"about":[{"href":"https:\/\/interamerica.org\/es\/wp-json\/wp\/v2\/types\/post"}],"author":[{"embeddable":true,"href":"https:\/\/interamerica.org\/es\/wp-json\/wp\/v2\/users\/3"}],"replies":[{"embeddable":true,"href":"https:\/\/interamerica.org\/es\/wp-json\/wp\/v2\/comments?post=55973"}],"version-history":[{"count":0,"href":"https:\/\/interamerica.org\/es\/wp-json\/wp\/v2\/posts\/55973\/revisions"}],"wp:featuredmedia":[{"embeddable":true,"href":"https:\/\/interamerica.org\/es\/wp-json\/wp\/v2\/media\/55965"}],"wp:attachment":[{"href":"https:\/\/interamerica.org\/es\/wp-json\/wp\/v2\/media?parent=55973"}],"wp:term":[{"taxonomy":"category","embeddable":true,"href":"https:\/\/interamerica.org\/es\/wp-json\/wp\/v2\/categories?post=55973"},{"taxonomy":"post_tag","embeddable":true,"href":"https:\/\/interamerica.org\/es\/wp-json\/wp\/v2\/tags?post=55973"}],"curies":[{"name":"wp","href":"https:\/\/api.w.org\/{rel}","templated":true}]}}