{"id":55986,"date":"2020-03-06T08:53:50","date_gmt":"2020-03-06T12:53:50","guid":{"rendered":"https:\/\/recursing-golick.147-182-135-0.plesk.page\/?p=55986"},"modified":"2020-03-23T11:35:20","modified_gmt":"2020-03-23T15:35:20","slug":"interamerica-lanzara-su-serie-en-linea-hablemos-de-el","status":"publish","type":"post","link":"https:\/\/interamerica.org\/es\/2020\/03\/interamerica-lanzara-su-serie-en-linea-hablemos-de-el\/","title":{"rendered":"Interam\u00e9rica lanzar\u00e1 su serie en l\u00ednea \u2018Let&#8217;s Talk About Him\u2019"},"content":{"rendered":"<p>5 de marzo de 2020 | Miami, Florida, Estados Unidos | Libna Stevens, Noticias de la Divisi\u00f3n Interamericana<\/p>\n<p>Una serie de evangelismo en l\u00ednea denominada <em>Let&#8217;s Talk About Him (Hablemos de \u00e9l)<\/em> ser\u00e1 lanzada como iniciativa de medios digitales que expandir\u00e1 qui\u00e9n es Jes\u00fas, su poder y su plan para la humanidad. La charla de cinco minutos, que comenzar\u00e1 del 13 al 20 de marzo de 2020, busca motivar a los miembros adventistas de toda la Divisi\u00f3n Interamericana para que profundicen en saber qui\u00e9n es Jes\u00fas y en compartirlo con su familia, amigos y no creyentes a trav\u00e9s de cualquiera y cada una de las plataformas de medios sociales.<\/p>\n<p>\u201cEsta iniciativa busca celebrar el gozo que produce hablar de Cristo, establecer conexiones con los que no creen, los exmiembros, con amigos y conocidos, para participar de este di\u00e1logo sobre Jes\u00fas y el amor, la salvaci\u00f3n y la sanaci\u00f3n que \u00e9l nos brinda a todos\u201d, dijo el pastor Balvin Braham, asistente del presidente de la Divisi\u00f3n Interamericana en el \u00e1rea de evangelismo. \u201cQueremos que todos participen: los ni\u00f1os, los jovencitos, los j\u00f3venes, sus amigos y todos los que est\u00e1n en sus c\u00edrculos\u201d, expres\u00f3.<\/p>\n<p>La serie diaria de cinco minutos es parte de un trabajo en colaboraci\u00f3n entre los departamentos de evangelismo j\u00f3venes, ministerios personales y comunicaci\u00f3n, en sociedad con Hope Channel Inter-America, dijeron los organizadores. La serie presenta a j\u00f3venes de Jamaica, M\u00e9xico y Martinica, y podr\u00e1 ser escuchada en ingl\u00e9s, espa\u00f1ol y franc\u00e9s.<\/p>\n<p>La serie puede ser vista cada d\u00eda a las 19:00, Hora de Miami, ingresando a <a href=\"http:\/\/oracion.interamerica.org\/\">ltah.org<\/a> El sitio web tambi\u00e9n contar\u00e1 con un n\u00famero de lecciones de estudios b\u00edblicos que pueden ser completadas mediante la gesti\u00f3n en l\u00ednea de la Universidad Herbert Fletcher de Interam\u00e9rica.<\/p>\n<p>\u201cQueremos brindar recursos adicionales para un estudio de lecciones b\u00edblicas en profundidad, todas disponibles con solo apretar una tecla\u201d, dijo Braham. Es una oportunidad de testificar a otros dedicando simplemente unos pocos segundos para realizar un seguimiento a las personas contactadas con el enlace de la serie, explic\u00f3. \u201cEste es un hermoso programa para crear curiosidad sobre qui\u00e9n es \u2018\u00e9l\u2019, qu\u00e9 es lo que tiene \u00e9l y todas las preguntas que acompa\u00f1an al proceso de conocerlo\u201d.<\/p>\n<p>Sea parte de la iniciativa ingresando a <a href=\"http:\/\/ltah.org\/\">ltah.org<\/a><\/p>\n<p>Use la etiqueta: #LetsTalkAboutHim<\/p>\n<p>S\u00edganos en <a href=\"https:\/\/recursing-golick.147-182-135-0.plesk.page\/\">interamerica.org<\/a><\/p>\n<p><strong>Twitter: <\/strong><\/p>\n<p>@AdventistIAD en ingl\u00e9s<\/p>\n<p>@AdventistasDIA en espa\u00f1ol<\/p>\n<p><strong>Facebook:<\/strong><\/p>\n<p>En ingl\u00e9s, <a href=\"https:\/\/www.facebook.com\/interamerica.org\/\">AQU\u00cd<\/a><\/p>\n<p>En espa\u00f1ol, <a href=\"https:\/\/www.facebook.com\/divisioninteramericana\/\">AQU\u00cd<\/a><\/p>\n<p>En franc\u00e9s, <a href=\"https:\/\/www.facebook.com\/adventistes\/\">AQU\u00cd<\/a><\/p>\n<p>&nbsp;<\/p>\n<p>Traducci\u00f3n de Marcos Paseggi<\/p>\n","protected":false},"excerpt":{"rendered":"<p>5 de marzo de 2020 | Miami, Florida, Estados Unidos | Libna Stevens, Noticias de la Divisi\u00f3n Interamericana Una serie de evangelismo en l\u00ednea denominada Let&#8217;s Talk About Him (Hablemos&#8230;<\/p>\n","protected":false},"author":3,"featured_media":55634,"comment_status":"open","ping_status":"closed","sticky":false,"template":"","format":"standard","meta":{"_acf_changed":false,"footnotes":""},"categories":[16,15],"tags":[],"class_list":["post-55986","post","type-post","status-publish","format-standard","has-post-thumbnail","hentry","category-desde-la-sede","category-rss-espanol"],"acf":[],"yoast_head":"<!-- This site is optimized with the Yoast SEO plugin v27.3 - https:\/\/yoast.com\/product\/yoast-seo-wordpress\/ -->\n<title>Interam\u00e9rica lanzar\u00e1 su serie en l\u00ednea \u2018Let&#039;s Talk About Him\u2019 - Iglesia Adventista del S\u00e9ptimo D\u00eda - Divisi\u00f3n Interamericana<\/title>\n<meta name=\"robots\" content=\"index, follow, max-snippet:-1, max-image-preview:large, max-video-preview:-1\" \/>\n<link rel=\"canonical\" href=\"https:\/\/interamerica.org\/es\/2020\/03\/interamerica-lanzara-su-serie-en-linea-hablemos-de-el\/\" \/>\n<meta property=\"og:locale\" content=\"es_ES\" \/>\n<meta property=\"og:type\" content=\"article\" \/>\n<meta property=\"og:title\" content=\"Interam\u00e9rica lanzar\u00e1 su serie en l\u00ednea \u2018Let&#039;s Talk About Him\u2019 - Iglesia Adventista del S\u00e9ptimo D\u00eda - Divisi\u00f3n Interamericana\" \/>\n<meta property=\"og:description\" content=\"5 de marzo de 2020 | Miami, Florida, Estados Unidos | Libna Stevens, Noticias de la Divisi\u00f3n Interamericana Una serie de evangelismo en l\u00ednea denominada Let&#8217;s Talk About Him (Hablemos...\" \/>\n<meta property=\"og:url\" content=\"https:\/\/interamerica.org\/es\/2020\/03\/interamerica-lanzara-su-serie-en-linea-hablemos-de-el\/\" \/>\n<meta property=\"og:site_name\" content=\"Iglesia Adventista del S\u00e9ptimo D\u00eda - Divisi\u00f3n Interamericana\" \/>\n<meta property=\"article:published_time\" content=\"2020-03-06T12:53:50+00:00\" \/>\n<meta property=\"article:modified_time\" content=\"2020-03-23T15:35:20+00:00\" \/>\n<meta property=\"og:image\" content=\"https:\/\/interamerica.org\/wp-content\/uploads\/2020\/01\/ltah-website.jpg\" \/>\n\t<meta property=\"og:image:width\" content=\"1280\" \/>\n\t<meta property=\"og:image:height\" content=\"800\" \/>\n\t<meta property=\"og:image:type\" content=\"image\/jpeg\" \/>\n<meta name=\"author\" content=\"libna\" \/>\n<meta name=\"twitter:card\" content=\"summary_large_image\" \/>\n<meta name=\"twitter:label1\" content=\"Escrito por\" \/>\n\t<meta name=\"twitter:data1\" content=\"libna\" \/>\n\t<meta name=\"twitter:label2\" content=\"Tiempo de lectura\" \/>\n\t<meta name=\"twitter:data2\" content=\"2 minutos\" \/>\n<script type=\"application\/ld+json\" class=\"yoast-schema-graph\">{\"@context\":\"https:\\\/\\\/schema.org\",\"@graph\":[{\"@type\":\"Article\",\"@id\":\"https:\\\/\\\/interamerica.org\\\/es\\\/2020\\\/03\\\/interamerica-lanzara-su-serie-en-linea-hablemos-de-el\\\/#article\",\"isPartOf\":{\"@id\":\"https:\\\/\\\/interamerica.org\\\/es\\\/2020\\\/03\\\/interamerica-lanzara-su-serie-en-linea-hablemos-de-el\\\/\"},\"author\":{\"name\":\"libna\",\"@id\":\"https:\\\/\\\/interamerica.org\\\/es\\\/#\\\/schema\\\/person\\\/29998f2bc2d8bd0d38662909289b54f1\"},\"headline\":\"Interam\u00e9rica lanzar\u00e1 su serie en l\u00ednea \u2018Let&#8217;s Talk About Him\u2019\",\"datePublished\":\"2020-03-06T12:53:50+00:00\",\"dateModified\":\"2020-03-23T15:35:20+00:00\",\"mainEntityOfPage\":{\"@id\":\"https:\\\/\\\/interamerica.org\\\/es\\\/2020\\\/03\\\/interamerica-lanzara-su-serie-en-linea-hablemos-de-el\\\/\"},\"wordCount\":452,\"commentCount\":0,\"image\":{\"@id\":\"https:\\\/\\\/interamerica.org\\\/es\\\/2020\\\/03\\\/interamerica-lanzara-su-serie-en-linea-hablemos-de-el\\\/#primaryimage\"},\"thumbnailUrl\":\"https:\\\/\\\/interamerica.org\\\/wp-content\\\/uploads\\\/2020\\\/01\\\/ltah-website.jpg\",\"articleSection\":[\"Desde la sede\",\"RSS Espa\u00f1ol\"],\"inLanguage\":\"es\",\"potentialAction\":[{\"@type\":\"CommentAction\",\"name\":\"Comment\",\"target\":[\"https:\\\/\\\/interamerica.org\\\/es\\\/2020\\\/03\\\/interamerica-lanzara-su-serie-en-linea-hablemos-de-el\\\/#respond\"]}]},{\"@type\":\"WebPage\",\"@id\":\"https:\\\/\\\/interamerica.org\\\/es\\\/2020\\\/03\\\/interamerica-lanzara-su-serie-en-linea-hablemos-de-el\\\/\",\"url\":\"https:\\\/\\\/interamerica.org\\\/es\\\/2020\\\/03\\\/interamerica-lanzara-su-serie-en-linea-hablemos-de-el\\\/\",\"name\":\"Interam\u00e9rica lanzar\u00e1 su serie en l\u00ednea \u2018Let's Talk About Him\u2019 - Iglesia Adventista del S\u00e9ptimo D\u00eda - Divisi\u00f3n Interamericana\",\"isPartOf\":{\"@id\":\"https:\\\/\\\/interamerica.org\\\/es\\\/#website\"},\"primaryImageOfPage\":{\"@id\":\"https:\\\/\\\/interamerica.org\\\/es\\\/2020\\\/03\\\/interamerica-lanzara-su-serie-en-linea-hablemos-de-el\\\/#primaryimage\"},\"image\":{\"@id\":\"https:\\\/\\\/interamerica.org\\\/es\\\/2020\\\/03\\\/interamerica-lanzara-su-serie-en-linea-hablemos-de-el\\\/#primaryimage\"},\"thumbnailUrl\":\"https:\\\/\\\/interamerica.org\\\/wp-content\\\/uploads\\\/2020\\\/01\\\/ltah-website.jpg\",\"datePublished\":\"2020-03-06T12:53:50+00:00\",\"dateModified\":\"2020-03-23T15:35:20+00:00\",\"author\":{\"@id\":\"https:\\\/\\\/interamerica.org\\\/es\\\/#\\\/schema\\\/person\\\/29998f2bc2d8bd0d38662909289b54f1\"},\"breadcrumb\":{\"@id\":\"https:\\\/\\\/interamerica.org\\\/es\\\/2020\\\/03\\\/interamerica-lanzara-su-serie-en-linea-hablemos-de-el\\\/#breadcrumb\"},\"inLanguage\":\"es\",\"potentialAction\":[{\"@type\":\"ReadAction\",\"target\":[\"https:\\\/\\\/interamerica.org\\\/es\\\/2020\\\/03\\\/interamerica-lanzara-su-serie-en-linea-hablemos-de-el\\\/\"]}]},{\"@type\":\"ImageObject\",\"inLanguage\":\"es\",\"@id\":\"https:\\\/\\\/interamerica.org\\\/es\\\/2020\\\/03\\\/interamerica-lanzara-su-serie-en-linea-hablemos-de-el\\\/#primaryimage\",\"url\":\"https:\\\/\\\/interamerica.org\\\/wp-content\\\/uploads\\\/2020\\\/01\\\/ltah-website.jpg\",\"contentUrl\":\"https:\\\/\\\/interamerica.org\\\/wp-content\\\/uploads\\\/2020\\\/01\\\/ltah-website.jpg\",\"width\":1280,\"height\":800},{\"@type\":\"BreadcrumbList\",\"@id\":\"https:\\\/\\\/interamerica.org\\\/es\\\/2020\\\/03\\\/interamerica-lanzara-su-serie-en-linea-hablemos-de-el\\\/#breadcrumb\",\"itemListElement\":[{\"@type\":\"ListItem\",\"position\":1,\"name\":\"Home\",\"item\":\"https:\\\/\\\/interamerica.org\\\/es\\\/\"},{\"@type\":\"ListItem\",\"position\":2,\"name\":\"Interam\u00e9rica lanzar\u00e1 su serie en l\u00ednea \u2018Let&#8217;s Talk About Him\u2019\"}]},{\"@type\":\"WebSite\",\"@id\":\"https:\\\/\\\/interamerica.org\\\/es\\\/#website\",\"url\":\"https:\\\/\\\/interamerica.org\\\/es\\\/\",\"name\":\"Iglesia Adventista del S\u00e9ptimo D\u00eda - Divisi\u00f3n Interamericana\",\"description\":\"\",\"potentialAction\":[{\"@type\":\"SearchAction\",\"target\":{\"@type\":\"EntryPoint\",\"urlTemplate\":\"https:\\\/\\\/interamerica.org\\\/es\\\/?s={search_term_string}\"},\"query-input\":{\"@type\":\"PropertyValueSpecification\",\"valueRequired\":true,\"valueName\":\"search_term_string\"}}],\"inLanguage\":\"es\"},{\"@type\":\"Person\",\"@id\":\"https:\\\/\\\/interamerica.org\\\/es\\\/#\\\/schema\\\/person\\\/29998f2bc2d8bd0d38662909289b54f1\",\"name\":\"libna\",\"image\":{\"@type\":\"ImageObject\",\"inLanguage\":\"es\",\"@id\":\"https:\\\/\\\/secure.gravatar.com\\\/avatar\\\/7c5bd30ae4b47a9ba3c856590957fd1d96dc588bf3ac05719d247e126840331f?s=96&d=mm&r=g\",\"url\":\"https:\\\/\\\/secure.gravatar.com\\\/avatar\\\/7c5bd30ae4b47a9ba3c856590957fd1d96dc588bf3ac05719d247e126840331f?s=96&d=mm&r=g\",\"contentUrl\":\"https:\\\/\\\/secure.gravatar.com\\\/avatar\\\/7c5bd30ae4b47a9ba3c856590957fd1d96dc588bf3ac05719d247e126840331f?s=96&d=mm&r=g\",\"caption\":\"libna\"}}]}<\/script>\n<!-- \/ Yoast SEO plugin. -->","yoast_head_json":{"title":"Interam\u00e9rica lanzar\u00e1 su serie en l\u00ednea \u2018Let's Talk About Him\u2019 - Iglesia Adventista del S\u00e9ptimo D\u00eda - Divisi\u00f3n Interamericana","robots":{"index":"index","follow":"follow","max-snippet":"max-snippet:-1","max-image-preview":"max-image-preview:large","max-video-preview":"max-video-preview:-1"},"canonical":"https:\/\/interamerica.org\/es\/2020\/03\/interamerica-lanzara-su-serie-en-linea-hablemos-de-el\/","og_locale":"es_ES","og_type":"article","og_title":"Interam\u00e9rica lanzar\u00e1 su serie en l\u00ednea \u2018Let's Talk About Him\u2019 - Iglesia Adventista del S\u00e9ptimo D\u00eda - Divisi\u00f3n Interamericana","og_description":"5 de marzo de 2020 | Miami, Florida, Estados Unidos | Libna Stevens, Noticias de la Divisi\u00f3n Interamericana Una serie de evangelismo en l\u00ednea denominada Let&#8217;s Talk About Him (Hablemos...","og_url":"https:\/\/interamerica.org\/es\/2020\/03\/interamerica-lanzara-su-serie-en-linea-hablemos-de-el\/","og_site_name":"Iglesia Adventista del S\u00e9ptimo D\u00eda - Divisi\u00f3n Interamericana","article_published_time":"2020-03-06T12:53:50+00:00","article_modified_time":"2020-03-23T15:35:20+00:00","og_image":[{"width":1280,"height":800,"url":"https:\/\/interamerica.org\/wp-content\/uploads\/2020\/01\/ltah-website.jpg","type":"image\/jpeg"}],"author":"libna","twitter_card":"summary_large_image","twitter_misc":{"Escrito por":"libna","Tiempo de lectura":"2 minutos"},"schema":{"@context":"https:\/\/schema.org","@graph":[{"@type":"Article","@id":"https:\/\/interamerica.org\/es\/2020\/03\/interamerica-lanzara-su-serie-en-linea-hablemos-de-el\/#article","isPartOf":{"@id":"https:\/\/interamerica.org\/es\/2020\/03\/interamerica-lanzara-su-serie-en-linea-hablemos-de-el\/"},"author":{"name":"libna","@id":"https:\/\/interamerica.org\/es\/#\/schema\/person\/29998f2bc2d8bd0d38662909289b54f1"},"headline":"Interam\u00e9rica lanzar\u00e1 su serie en l\u00ednea \u2018Let&#8217;s Talk About Him\u2019","datePublished":"2020-03-06T12:53:50+00:00","dateModified":"2020-03-23T15:35:20+00:00","mainEntityOfPage":{"@id":"https:\/\/interamerica.org\/es\/2020\/03\/interamerica-lanzara-su-serie-en-linea-hablemos-de-el\/"},"wordCount":452,"commentCount":0,"image":{"@id":"https:\/\/interamerica.org\/es\/2020\/03\/interamerica-lanzara-su-serie-en-linea-hablemos-de-el\/#primaryimage"},"thumbnailUrl":"https:\/\/interamerica.org\/wp-content\/uploads\/2020\/01\/ltah-website.jpg","articleSection":["Desde la sede","RSS Espa\u00f1ol"],"inLanguage":"es","potentialAction":[{"@type":"CommentAction","name":"Comment","target":["https:\/\/interamerica.org\/es\/2020\/03\/interamerica-lanzara-su-serie-en-linea-hablemos-de-el\/#respond"]}]},{"@type":"WebPage","@id":"https:\/\/interamerica.org\/es\/2020\/03\/interamerica-lanzara-su-serie-en-linea-hablemos-de-el\/","url":"https:\/\/interamerica.org\/es\/2020\/03\/interamerica-lanzara-su-serie-en-linea-hablemos-de-el\/","name":"Interam\u00e9rica lanzar\u00e1 su serie en l\u00ednea \u2018Let's Talk About Him\u2019 - Iglesia Adventista del S\u00e9ptimo D\u00eda - Divisi\u00f3n Interamericana","isPartOf":{"@id":"https:\/\/interamerica.org\/es\/#website"},"primaryImageOfPage":{"@id":"https:\/\/interamerica.org\/es\/2020\/03\/interamerica-lanzara-su-serie-en-linea-hablemos-de-el\/#primaryimage"},"image":{"@id":"https:\/\/interamerica.org\/es\/2020\/03\/interamerica-lanzara-su-serie-en-linea-hablemos-de-el\/#primaryimage"},"thumbnailUrl":"https:\/\/interamerica.org\/wp-content\/uploads\/2020\/01\/ltah-website.jpg","datePublished":"2020-03-06T12:53:50+00:00","dateModified":"2020-03-23T15:35:20+00:00","author":{"@id":"https:\/\/interamerica.org\/es\/#\/schema\/person\/29998f2bc2d8bd0d38662909289b54f1"},"breadcrumb":{"@id":"https:\/\/interamerica.org\/es\/2020\/03\/interamerica-lanzara-su-serie-en-linea-hablemos-de-el\/#breadcrumb"},"inLanguage":"es","potentialAction":[{"@type":"ReadAction","target":["https:\/\/interamerica.org\/es\/2020\/03\/interamerica-lanzara-su-serie-en-linea-hablemos-de-el\/"]}]},{"@type":"ImageObject","inLanguage":"es","@id":"https:\/\/interamerica.org\/es\/2020\/03\/interamerica-lanzara-su-serie-en-linea-hablemos-de-el\/#primaryimage","url":"https:\/\/interamerica.org\/wp-content\/uploads\/2020\/01\/ltah-website.jpg","contentUrl":"https:\/\/interamerica.org\/wp-content\/uploads\/2020\/01\/ltah-website.jpg","width":1280,"height":800},{"@type":"BreadcrumbList","@id":"https:\/\/interamerica.org\/es\/2020\/03\/interamerica-lanzara-su-serie-en-linea-hablemos-de-el\/#breadcrumb","itemListElement":[{"@type":"ListItem","position":1,"name":"Home","item":"https:\/\/interamerica.org\/es\/"},{"@type":"ListItem","position":2,"name":"Interam\u00e9rica lanzar\u00e1 su serie en l\u00ednea \u2018Let&#8217;s Talk About Him\u2019"}]},{"@type":"WebSite","@id":"https:\/\/interamerica.org\/es\/#website","url":"https:\/\/interamerica.org\/es\/","name":"Iglesia Adventista del S\u00e9ptimo D\u00eda - Divisi\u00f3n Interamericana","description":"","potentialAction":[{"@type":"SearchAction","target":{"@type":"EntryPoint","urlTemplate":"https:\/\/interamerica.org\/es\/?s={search_term_string}"},"query-input":{"@type":"PropertyValueSpecification","valueRequired":true,"valueName":"search_term_string"}}],"inLanguage":"es"},{"@type":"Person","@id":"https:\/\/interamerica.org\/es\/#\/schema\/person\/29998f2bc2d8bd0d38662909289b54f1","name":"libna","image":{"@type":"ImageObject","inLanguage":"es","@id":"https:\/\/secure.gravatar.com\/avatar\/7c5bd30ae4b47a9ba3c856590957fd1d96dc588bf3ac05719d247e126840331f?s=96&d=mm&r=g","url":"https:\/\/secure.gravatar.com\/avatar\/7c5bd30ae4b47a9ba3c856590957fd1d96dc588bf3ac05719d247e126840331f?s=96&d=mm&r=g","contentUrl":"https:\/\/secure.gravatar.com\/avatar\/7c5bd30ae4b47a9ba3c856590957fd1d96dc588bf3ac05719d247e126840331f?s=96&d=mm&r=g","caption":"libna"}}]}},"_links":{"self":[{"href":"https:\/\/interamerica.org\/es\/wp-json\/wp\/v2\/posts\/55986","targetHints":{"allow":["GET"]}}],"collection":[{"href":"https:\/\/interamerica.org\/es\/wp-json\/wp\/v2\/posts"}],"about":[{"href":"https:\/\/interamerica.org\/es\/wp-json\/wp\/v2\/types\/post"}],"author":[{"embeddable":true,"href":"https:\/\/interamerica.org\/es\/wp-json\/wp\/v2\/users\/3"}],"replies":[{"embeddable":true,"href":"https:\/\/interamerica.org\/es\/wp-json\/wp\/v2\/comments?post=55986"}],"version-history":[{"count":0,"href":"https:\/\/interamerica.org\/es\/wp-json\/wp\/v2\/posts\/55986\/revisions"}],"wp:featuredmedia":[{"embeddable":true,"href":"https:\/\/interamerica.org\/es\/wp-json\/wp\/v2\/media\/55634"}],"wp:attachment":[{"href":"https:\/\/interamerica.org\/es\/wp-json\/wp\/v2\/media?parent=55986"}],"wp:term":[{"taxonomy":"category","embeddable":true,"href":"https:\/\/interamerica.org\/es\/wp-json\/wp\/v2\/categories?post=55986"},{"taxonomy":"post_tag","embeddable":true,"href":"https:\/\/interamerica.org\/es\/wp-json\/wp\/v2\/tags?post=55986"}],"curies":[{"name":"wp","href":"https:\/\/api.w.org\/{rel}","templated":true}]}}