{"id":56000,"date":"2020-03-04T09:46:08","date_gmt":"2020-03-04T13:46:08","guid":{"rendered":"https:\/\/recursing-golick.147-182-135-0.plesk.page\/?p=56000"},"modified":"2020-03-06T09:21:11","modified_gmt":"2020-03-06T13:21:11","slug":"liderazgo-de-jovenes-en-el-reino-unido-motivado-a-la-creatividad-e-innovacion","status":"publish","type":"post","link":"https:\/\/interamerica.org\/es\/2020\/03\/liderazgo-de-jovenes-en-el-reino-unido-motivado-a-la-creatividad-e-innovacion\/","title":{"rendered":"Liderazgo de J\u00f3venes en el Reino Unido motivado a la creatividad e innovaci\u00f3n"},"content":{"rendered":"<p><div id=\"attachment_55931\" style=\"width: 810px\" class=\"wp-caption aligncenter\"><img fetchpriority=\"high\" decoding=\"async\" aria-describedby=\"caption-attachment-55931\" class=\"wp-image-55931\" src=\"https:\/\/recursing-golick.147-182-135-0.plesk.page\/wp-content\/uploads\/2020\/03\/youth-leadership-in-england-prompted-to-creativity-innovation.jpg\" alt=\"\" width=\"800\" height=\"400\" srcset=\"https:\/\/interamerica.org\/wp-content\/uploads\/2020\/03\/youth-leadership-in-england-prompted-to-creativity-innovation.jpg 1000w, https:\/\/interamerica.org\/wp-content\/uploads\/2020\/03\/youth-leadership-in-england-prompted-to-creativity-innovation-300x150.jpg 300w, https:\/\/interamerica.org\/wp-content\/uploads\/2020\/03\/youth-leadership-in-england-prompted-to-creativity-innovation-768x384.jpg 768w\" sizes=\"(max-width: 800px) 100vw, 800px\" \/><p id=\"caption-attachment-55931\" class=\"wp-caption-text\">Anthony Fuller, director de ministerios juvenil de la Asociaci\u00f3n del Sur de Inglaterra South England Conference (SEC) youth ministries director, en el Conferencia de Liderazgo Juvenil 2020 en Londres. [Imagen: Aaron Fenton-Hewitt]<\/p><\/div>3 de marzo de 2020 | Londres, Reino Unido | Ministerio de J\u00f3venes de la Asociaci\u00f3n del Sur de Inglaterra y <em>Adventist Review<\/em><\/p>\n<p>En una \u00e9poca en que con frecuencia pareciera una lucha frustrante el encontrar y alentar el liderazgo juvenil en el nivel de iglesia local, la Conferencia de Liderazgo Juvenil (YLC, por sus siglas en ingl\u00e9s) de la Asociaci\u00f3n del Sur de Inglaterra (SEC) estimul\u00f3 a m\u00e1s de 90 dirigentes hacia el desarrollo innovador. En relaci\u00f3n al evento celebrado del 24 al 26 de enero de 2020 en \u00a0East Grinstead, Londres, los adjetivos \u201c\u00e9pico\u201d, \u00a0\u201creanimador\u201d y \u201cjustamente lo que necesit\u00e1bamos\u201d, fueron algunas de las frases usadas por los dirigentes de j\u00f3venes para describir esta iniciativa.<\/p>\n<p>Bajo el tema de la conferencia, \u201cReconstruyendo el Muro\u201d, los l\u00edderes de toda la regi\u00f3n de la Conferencia Sur de Inglaterra enfocaron su atenci\u00f3n en crear un di\u00e1logo en torno a las realidades del ministerio de j\u00f3venes (JA), incluyendo \u00a0la extinci\u00f3n del liderazgo juvenil en las iglesias locales, al mismo tiempo que desafiaban el <em>statu quo<\/em> con innovaciones motivadas por el Esp\u00edritu.<\/p>\n<p>La Conferencia YLC alcanz\u00f3 exitosamente los objetivos de lograr que los concurrentes se dieran cuenta de la necesidad de cambio e innovaci\u00f3n a fin de crear una plataforma desde la cual discutir, con expertos sobre el tema, las mejores pr\u00e1cticas JA a seguir; y de asegurarse de que haya entrenamiento relevante y recursos especializados que produzcan soluciones reales y nuevos l\u00edderes.<\/p>\n<p>Asistieron a dicha conferencia como invitados y oradores especiales, Naomi Burgess, instructora de desarrollo y liderazgo de Team Great Britain; Laurent Grosvenor, pastor principal de la Iglesia Adventista Alpha, en los Estados Unidos; Fabian Thorpe, director y empresario de negocios; Jennie Hall, asistente para Entrenamiento en Liderazgo Juvenil; y Tihomir Lazi\u0107, director de ministerios en planteles educativos p\u00fablicos, de la Divisi\u00f3n Transeuropea. Asistieron tambi\u00e9n al evento, el director de ministerio juvenil de la Uni\u00f3n Asociaci\u00f3n Brit\u00e1nica (BUC, por sus siglas en ingl\u00e9s, \u00a0Dejan Stojkovi\u0107 y pastores locales.<\/p>\n<div class=\"box-full\"><div style=\"width: 810px\" class=\"wp-caption aligncenter\"><img decoding=\"async\" src=\"https:\/\/www.adventistreview.org\/assets\/public\/news\/2020-03\/YLC_london.jpg\" alt=\"Attendees smile during presentations at the South England Conference (SEC) Youth Leadership Conference 2020 held in London. The event drew more than 60 youth leaders January 24-26, 2020. [Photo: Aaron Fenton-Hewitt]\" width=\"800\" height=\"533\" \/><p class=\"wp-caption-text\">Asistentes sonr\u00eden durante las presentaciones en la Conferencia de Liderazgo Juvenil de la Asociaci\u00f3n Sur de Inglaterra 2020, en Londres. El evento reuni\u00f3 a m\u00e1s de 60 dirigentes de j\u00f3venes, del 24 al 26 de enero de 2020. [Imagen: Aaron Fenton-Hewitt]<\/p><\/div><\/div>\n<p>Los talleres de trabajo ofrecidos durante el fin de semana incluyeron la introducci\u00f3n del entrenamiento de j\u00f3venes por especialistas para el programa de \u201cEntrenamiento en Liderazgo Juvenil\u201d, organizado por el Departamento de J\u00f3venes de la Asociaci\u00f3n General de los Adventistas del S\u00e9ptimo D\u00eda. Se trataron tambi\u00e9n algunos temas de discusi\u00f3n, tales como los relativos a valores y resoluci\u00f3n de conflictos; juventud adventista y planificaci\u00f3n estrat\u00e9gica; el liderazgo de j\u00f3venes y el Esp\u00edritu Santo, as\u00ed como tambi\u00e9n el tema de j\u00f3venes e innovaci\u00f3n.<\/p>\n<p>\u201cCada presentaci\u00f3n fue relevante e hizo reflexionar a los presentes, lo cual permiti\u00f3 que los j\u00f3venes y los dirigentes pudieran adaptar la informaci\u00f3n a sus respectivas regiones, iglesias y vida individual\u201d, dijeron los organizadores. \u201cLos dirigentes de j\u00f3venes que asistieron aprovecharon la oportunidad para establecer contacto e intercambiar sus experiencias exitosas y compartir con otros sus desaf\u00edos de liderazgo.<\/p>\n<p>En una de las sesiones interactivas llamada \u201cEl desaf\u00edo de los dirigentes de j\u00f3venes\u201d, se invit\u00f3 al total de los participantes a dividirse en cuatro grupos, a cada uno de los cuales se le dio como tarea proponer un proyecto juvenil desde una perspectiva de negocios, con presupuestos de \u00a3100 (aproximadamente US$ 127), \u00a31,000 (aproximadamente US$ 1,275) y \u00a31,000,000 (aproximadamente US$ 1,275,000). Fueron extraordinarias la creatividad y las ideas propuestas. Una de esas ideas fue establecer un huerto o parcela de productos agr\u00edcolas y una tienda de salud \u00a0administrada por empresarios j\u00f3venes que estar\u00edan cultivando y vendiendo alimentos sanos.<\/p>\n<p>Uno de los principales problemas que los dirigentes enfatizaron durante la actividad grupal fue que los dirigentes de j\u00f3venes y otras personas clave interesadas en el ministerio juvenil no est\u00e1n lo suficientemente conscientes de las din\u00e1micas y procesos procedentes de los niveles superiores de liderazgo, lo cual lleva a la marginalizaci\u00f3n y exclusi\u00f3n. Hay, por lo tanto, una gran necesidad de que los l\u00edderes en los niveles de divisi\u00f3n, uni\u00f3n, y asociaci\u00f3n est\u00e9n m\u00e1s conscientes de lo anterior y traten de trabajar m\u00e1s en conjunto, dijeron muchos al respecto.<\/p>\n<p>Cathy Boldeau, quien represent\u00f3 a la agencia ADRA y a Ministerios Urbanos, promovi\u00f3 prometedores proyectos comunitarios. Por otra parte, el director JA de la Asociaci\u00f3n Sur de Inglaterra, Anthony Fuller, dijo que lo animaba mucho el hecho de que docenas de dirigentes de j\u00f3venes se hab\u00edan comprometido con el programa de Entrenamiento en Liderazgo Juvenil. El director Fuller, en la clausura de la conferencia, hizo \u00e9nfasis en los planes para el ministerio de j\u00f3venes en esa Asociaci\u00f3n.<\/p>\n<p>\u201cNuestro objetivo es colaborar m\u00e1s con los dirigentes de j\u00f3venes y con la juventud en las iglesias locales, al entregarnos a la tarea de mejorar la calidad \u00a0y profesionalizaci\u00f3n del trabajo con los j\u00f3venes\u201d, dijo.<\/p>\n<p><em>La <\/em><a href=\"https:\/\/ted.adventist.org\/news\/1637-at-risk-youth-leadership-saved-at-south-england-leadership-conference\"><em>original version<\/em><\/a><em> (versi\u00f3n original) de esta noticia se public\u00f3 en el <\/em><a href=\"https:\/\/ted.adventist.org\/news\/\"><em>news site<\/em><\/a> <em>(sitio de noticias) de la Divisi\u00f3n Transeuropea.<\/em><\/p>\n<p>Traducci\u00f3n \u2013 Gloria A. Castrej\u00f3n<\/p>\n","protected":false},"excerpt":{"rendered":"<p>3 de marzo de 2020 | Londres, Reino Unido | Ministerio de J\u00f3venes de la Asociaci\u00f3n del Sur de Inglaterra y Adventist Review En una \u00e9poca en que con frecuencia&#8230;<\/p>\n","protected":false},"author":3,"featured_media":55933,"comment_status":"open","ping_status":"closed","sticky":false,"template":"","format":"standard","meta":{"_acf_changed":false,"footnotes":""},"categories":[14,15],"tags":[],"class_list":["post-56000","post","type-post","status-publish","format-standard","has-post-thumbnail","hentry","category-de-la-iglesia-mundial","category-rss-espanol"],"acf":[],"yoast_head":"<!-- This site is optimized with the Yoast SEO plugin v27.3 - https:\/\/yoast.com\/product\/yoast-seo-wordpress\/ -->\n<title>Liderazgo de J\u00f3venes en el Reino Unido motivado a la creatividad e innovaci\u00f3n - Iglesia Adventista del S\u00e9ptimo D\u00eda - Divisi\u00f3n Interamericana<\/title>\n<meta name=\"robots\" content=\"index, follow, max-snippet:-1, max-image-preview:large, max-video-preview:-1\" \/>\n<link rel=\"canonical\" href=\"https:\/\/interamerica.org\/es\/2020\/03\/liderazgo-de-jovenes-en-el-reino-unido-motivado-a-la-creatividad-e-innovacion\/\" \/>\n<meta property=\"og:locale\" content=\"es_ES\" \/>\n<meta property=\"og:type\" content=\"article\" \/>\n<meta property=\"og:title\" content=\"Liderazgo de J\u00f3venes en el Reino Unido motivado a la creatividad e innovaci\u00f3n - Iglesia Adventista del S\u00e9ptimo D\u00eda - Divisi\u00f3n Interamericana\" \/>\n<meta property=\"og:description\" content=\"3 de marzo de 2020 | Londres, Reino Unido | Ministerio de J\u00f3venes de la Asociaci\u00f3n del Sur de Inglaterra y Adventist Review En una \u00e9poca en que con frecuencia...\" \/>\n<meta property=\"og:url\" content=\"https:\/\/interamerica.org\/es\/2020\/03\/liderazgo-de-jovenes-en-el-reino-unido-motivado-a-la-creatividad-e-innovacion\/\" \/>\n<meta property=\"og:site_name\" content=\"Iglesia Adventista del S\u00e9ptimo D\u00eda - Divisi\u00f3n Interamericana\" \/>\n<meta property=\"article:published_time\" content=\"2020-03-04T13:46:08+00:00\" \/>\n<meta property=\"article:modified_time\" content=\"2020-03-06T13:21:11+00:00\" \/>\n<meta property=\"og:image\" content=\"https:\/\/interamerica.org\/wp-content\/uploads\/2020\/03\/youth-leadership-in-england-prompted-to-creativity-innovation.jpg\" \/>\n\t<meta property=\"og:image:width\" content=\"1000\" \/>\n\t<meta property=\"og:image:height\" content=\"500\" \/>\n\t<meta property=\"og:image:type\" content=\"image\/jpeg\" \/>\n<meta name=\"author\" content=\"libna\" \/>\n<meta name=\"twitter:card\" content=\"summary_large_image\" \/>\n<meta name=\"twitter:label1\" content=\"Escrito por\" \/>\n\t<meta name=\"twitter:data1\" content=\"libna\" \/>\n\t<meta name=\"twitter:label2\" content=\"Tiempo de lectura\" \/>\n\t<meta name=\"twitter:data2\" content=\"5 minutos\" \/>\n<script type=\"application\/ld+json\" class=\"yoast-schema-graph\">{\"@context\":\"https:\\\/\\\/schema.org\",\"@graph\":[{\"@type\":\"Article\",\"@id\":\"https:\\\/\\\/interamerica.org\\\/es\\\/2020\\\/03\\\/liderazgo-de-jovenes-en-el-reino-unido-motivado-a-la-creatividad-e-innovacion\\\/#article\",\"isPartOf\":{\"@id\":\"https:\\\/\\\/interamerica.org\\\/es\\\/2020\\\/03\\\/liderazgo-de-jovenes-en-el-reino-unido-motivado-a-la-creatividad-e-innovacion\\\/\"},\"author\":{\"name\":\"libna\",\"@id\":\"https:\\\/\\\/interamerica.org\\\/es\\\/#\\\/schema\\\/person\\\/29998f2bc2d8bd0d38662909289b54f1\"},\"headline\":\"Liderazgo de J\u00f3venes en el Reino Unido motivado a la creatividad e innovaci\u00f3n\",\"datePublished\":\"2020-03-04T13:46:08+00:00\",\"dateModified\":\"2020-03-06T13:21:11+00:00\",\"mainEntityOfPage\":{\"@id\":\"https:\\\/\\\/interamerica.org\\\/es\\\/2020\\\/03\\\/liderazgo-de-jovenes-en-el-reino-unido-motivado-a-la-creatividad-e-innovacion\\\/\"},\"wordCount\":955,\"commentCount\":0,\"image\":{\"@id\":\"https:\\\/\\\/interamerica.org\\\/es\\\/2020\\\/03\\\/liderazgo-de-jovenes-en-el-reino-unido-motivado-a-la-creatividad-e-innovacion\\\/#primaryimage\"},\"thumbnailUrl\":\"https:\\\/\\\/interamerica.org\\\/wp-content\\\/uploads\\\/2020\\\/03\\\/youth-leadership-in-england-prompted-to-creativity-innovation.jpg\",\"articleSection\":[\"Desde la iglesia mundial\",\"RSS Espa\u00f1ol\"],\"inLanguage\":\"es\",\"potentialAction\":[{\"@type\":\"CommentAction\",\"name\":\"Comment\",\"target\":[\"https:\\\/\\\/interamerica.org\\\/es\\\/2020\\\/03\\\/liderazgo-de-jovenes-en-el-reino-unido-motivado-a-la-creatividad-e-innovacion\\\/#respond\"]}]},{\"@type\":\"WebPage\",\"@id\":\"https:\\\/\\\/interamerica.org\\\/es\\\/2020\\\/03\\\/liderazgo-de-jovenes-en-el-reino-unido-motivado-a-la-creatividad-e-innovacion\\\/\",\"url\":\"https:\\\/\\\/interamerica.org\\\/es\\\/2020\\\/03\\\/liderazgo-de-jovenes-en-el-reino-unido-motivado-a-la-creatividad-e-innovacion\\\/\",\"name\":\"Liderazgo de J\u00f3venes en el Reino Unido motivado a la creatividad e innovaci\u00f3n - Iglesia Adventista del S\u00e9ptimo D\u00eda - Divisi\u00f3n Interamericana\",\"isPartOf\":{\"@id\":\"https:\\\/\\\/interamerica.org\\\/es\\\/#website\"},\"primaryImageOfPage\":{\"@id\":\"https:\\\/\\\/interamerica.org\\\/es\\\/2020\\\/03\\\/liderazgo-de-jovenes-en-el-reino-unido-motivado-a-la-creatividad-e-innovacion\\\/#primaryimage\"},\"image\":{\"@id\":\"https:\\\/\\\/interamerica.org\\\/es\\\/2020\\\/03\\\/liderazgo-de-jovenes-en-el-reino-unido-motivado-a-la-creatividad-e-innovacion\\\/#primaryimage\"},\"thumbnailUrl\":\"https:\\\/\\\/interamerica.org\\\/wp-content\\\/uploads\\\/2020\\\/03\\\/youth-leadership-in-england-prompted-to-creativity-innovation.jpg\",\"datePublished\":\"2020-03-04T13:46:08+00:00\",\"dateModified\":\"2020-03-06T13:21:11+00:00\",\"author\":{\"@id\":\"https:\\\/\\\/interamerica.org\\\/es\\\/#\\\/schema\\\/person\\\/29998f2bc2d8bd0d38662909289b54f1\"},\"breadcrumb\":{\"@id\":\"https:\\\/\\\/interamerica.org\\\/es\\\/2020\\\/03\\\/liderazgo-de-jovenes-en-el-reino-unido-motivado-a-la-creatividad-e-innovacion\\\/#breadcrumb\"},\"inLanguage\":\"es\",\"potentialAction\":[{\"@type\":\"ReadAction\",\"target\":[\"https:\\\/\\\/interamerica.org\\\/es\\\/2020\\\/03\\\/liderazgo-de-jovenes-en-el-reino-unido-motivado-a-la-creatividad-e-innovacion\\\/\"]}]},{\"@type\":\"ImageObject\",\"inLanguage\":\"es\",\"@id\":\"https:\\\/\\\/interamerica.org\\\/es\\\/2020\\\/03\\\/liderazgo-de-jovenes-en-el-reino-unido-motivado-a-la-creatividad-e-innovacion\\\/#primaryimage\",\"url\":\"https:\\\/\\\/interamerica.org\\\/wp-content\\\/uploads\\\/2020\\\/03\\\/youth-leadership-in-england-prompted-to-creativity-innovation.jpg\",\"contentUrl\":\"https:\\\/\\\/interamerica.org\\\/wp-content\\\/uploads\\\/2020\\\/03\\\/youth-leadership-in-england-prompted-to-creativity-innovation.jpg\",\"width\":1000,\"height\":500,\"caption\":\"Anthony Fuller, South England Conference (SEC) youth ministries director, leads a discussion during the SEC Youth Leadership Conference 2020 in London. [Photo: Aaron Fenton-Hewitt]\"},{\"@type\":\"BreadcrumbList\",\"@id\":\"https:\\\/\\\/interamerica.org\\\/es\\\/2020\\\/03\\\/liderazgo-de-jovenes-en-el-reino-unido-motivado-a-la-creatividad-e-innovacion\\\/#breadcrumb\",\"itemListElement\":[{\"@type\":\"ListItem\",\"position\":1,\"name\":\"Home\",\"item\":\"https:\\\/\\\/interamerica.org\\\/es\\\/\"},{\"@type\":\"ListItem\",\"position\":2,\"name\":\"Liderazgo de J\u00f3venes en el Reino Unido motivado a la creatividad e innovaci\u00f3n\"}]},{\"@type\":\"WebSite\",\"@id\":\"https:\\\/\\\/interamerica.org\\\/es\\\/#website\",\"url\":\"https:\\\/\\\/interamerica.org\\\/es\\\/\",\"name\":\"Iglesia Adventista del S\u00e9ptimo D\u00eda - Divisi\u00f3n Interamericana\",\"description\":\"\",\"potentialAction\":[{\"@type\":\"SearchAction\",\"target\":{\"@type\":\"EntryPoint\",\"urlTemplate\":\"https:\\\/\\\/interamerica.org\\\/es\\\/?s={search_term_string}\"},\"query-input\":{\"@type\":\"PropertyValueSpecification\",\"valueRequired\":true,\"valueName\":\"search_term_string\"}}],\"inLanguage\":\"es\"},{\"@type\":\"Person\",\"@id\":\"https:\\\/\\\/interamerica.org\\\/es\\\/#\\\/schema\\\/person\\\/29998f2bc2d8bd0d38662909289b54f1\",\"name\":\"libna\",\"image\":{\"@type\":\"ImageObject\",\"inLanguage\":\"es\",\"@id\":\"https:\\\/\\\/secure.gravatar.com\\\/avatar\\\/7c5bd30ae4b47a9ba3c856590957fd1d96dc588bf3ac05719d247e126840331f?s=96&d=mm&r=g\",\"url\":\"https:\\\/\\\/secure.gravatar.com\\\/avatar\\\/7c5bd30ae4b47a9ba3c856590957fd1d96dc588bf3ac05719d247e126840331f?s=96&d=mm&r=g\",\"contentUrl\":\"https:\\\/\\\/secure.gravatar.com\\\/avatar\\\/7c5bd30ae4b47a9ba3c856590957fd1d96dc588bf3ac05719d247e126840331f?s=96&d=mm&r=g\",\"caption\":\"libna\"}}]}<\/script>\n<!-- \/ Yoast SEO plugin. -->","yoast_head_json":{"title":"Liderazgo de J\u00f3venes en el Reino Unido motivado a la creatividad e innovaci\u00f3n - Iglesia Adventista del S\u00e9ptimo D\u00eda - Divisi\u00f3n Interamericana","robots":{"index":"index","follow":"follow","max-snippet":"max-snippet:-1","max-image-preview":"max-image-preview:large","max-video-preview":"max-video-preview:-1"},"canonical":"https:\/\/interamerica.org\/es\/2020\/03\/liderazgo-de-jovenes-en-el-reino-unido-motivado-a-la-creatividad-e-innovacion\/","og_locale":"es_ES","og_type":"article","og_title":"Liderazgo de J\u00f3venes en el Reino Unido motivado a la creatividad e innovaci\u00f3n - Iglesia Adventista del S\u00e9ptimo D\u00eda - Divisi\u00f3n Interamericana","og_description":"3 de marzo de 2020 | Londres, Reino Unido | Ministerio de J\u00f3venes de la Asociaci\u00f3n del Sur de Inglaterra y Adventist Review En una \u00e9poca en que con frecuencia...","og_url":"https:\/\/interamerica.org\/es\/2020\/03\/liderazgo-de-jovenes-en-el-reino-unido-motivado-a-la-creatividad-e-innovacion\/","og_site_name":"Iglesia Adventista del S\u00e9ptimo D\u00eda - Divisi\u00f3n Interamericana","article_published_time":"2020-03-04T13:46:08+00:00","article_modified_time":"2020-03-06T13:21:11+00:00","og_image":[{"width":1000,"height":500,"url":"https:\/\/interamerica.org\/wp-content\/uploads\/2020\/03\/youth-leadership-in-england-prompted-to-creativity-innovation.jpg","type":"image\/jpeg"}],"author":"libna","twitter_card":"summary_large_image","twitter_misc":{"Escrito por":"libna","Tiempo de lectura":"5 minutos"},"schema":{"@context":"https:\/\/schema.org","@graph":[{"@type":"Article","@id":"https:\/\/interamerica.org\/es\/2020\/03\/liderazgo-de-jovenes-en-el-reino-unido-motivado-a-la-creatividad-e-innovacion\/#article","isPartOf":{"@id":"https:\/\/interamerica.org\/es\/2020\/03\/liderazgo-de-jovenes-en-el-reino-unido-motivado-a-la-creatividad-e-innovacion\/"},"author":{"name":"libna","@id":"https:\/\/interamerica.org\/es\/#\/schema\/person\/29998f2bc2d8bd0d38662909289b54f1"},"headline":"Liderazgo de J\u00f3venes en el Reino Unido motivado a la creatividad e innovaci\u00f3n","datePublished":"2020-03-04T13:46:08+00:00","dateModified":"2020-03-06T13:21:11+00:00","mainEntityOfPage":{"@id":"https:\/\/interamerica.org\/es\/2020\/03\/liderazgo-de-jovenes-en-el-reino-unido-motivado-a-la-creatividad-e-innovacion\/"},"wordCount":955,"commentCount":0,"image":{"@id":"https:\/\/interamerica.org\/es\/2020\/03\/liderazgo-de-jovenes-en-el-reino-unido-motivado-a-la-creatividad-e-innovacion\/#primaryimage"},"thumbnailUrl":"https:\/\/interamerica.org\/wp-content\/uploads\/2020\/03\/youth-leadership-in-england-prompted-to-creativity-innovation.jpg","articleSection":["Desde la iglesia mundial","RSS Espa\u00f1ol"],"inLanguage":"es","potentialAction":[{"@type":"CommentAction","name":"Comment","target":["https:\/\/interamerica.org\/es\/2020\/03\/liderazgo-de-jovenes-en-el-reino-unido-motivado-a-la-creatividad-e-innovacion\/#respond"]}]},{"@type":"WebPage","@id":"https:\/\/interamerica.org\/es\/2020\/03\/liderazgo-de-jovenes-en-el-reino-unido-motivado-a-la-creatividad-e-innovacion\/","url":"https:\/\/interamerica.org\/es\/2020\/03\/liderazgo-de-jovenes-en-el-reino-unido-motivado-a-la-creatividad-e-innovacion\/","name":"Liderazgo de J\u00f3venes en el Reino Unido motivado a la creatividad e innovaci\u00f3n - Iglesia Adventista del S\u00e9ptimo D\u00eda - Divisi\u00f3n Interamericana","isPartOf":{"@id":"https:\/\/interamerica.org\/es\/#website"},"primaryImageOfPage":{"@id":"https:\/\/interamerica.org\/es\/2020\/03\/liderazgo-de-jovenes-en-el-reino-unido-motivado-a-la-creatividad-e-innovacion\/#primaryimage"},"image":{"@id":"https:\/\/interamerica.org\/es\/2020\/03\/liderazgo-de-jovenes-en-el-reino-unido-motivado-a-la-creatividad-e-innovacion\/#primaryimage"},"thumbnailUrl":"https:\/\/interamerica.org\/wp-content\/uploads\/2020\/03\/youth-leadership-in-england-prompted-to-creativity-innovation.jpg","datePublished":"2020-03-04T13:46:08+00:00","dateModified":"2020-03-06T13:21:11+00:00","author":{"@id":"https:\/\/interamerica.org\/es\/#\/schema\/person\/29998f2bc2d8bd0d38662909289b54f1"},"breadcrumb":{"@id":"https:\/\/interamerica.org\/es\/2020\/03\/liderazgo-de-jovenes-en-el-reino-unido-motivado-a-la-creatividad-e-innovacion\/#breadcrumb"},"inLanguage":"es","potentialAction":[{"@type":"ReadAction","target":["https:\/\/interamerica.org\/es\/2020\/03\/liderazgo-de-jovenes-en-el-reino-unido-motivado-a-la-creatividad-e-innovacion\/"]}]},{"@type":"ImageObject","inLanguage":"es","@id":"https:\/\/interamerica.org\/es\/2020\/03\/liderazgo-de-jovenes-en-el-reino-unido-motivado-a-la-creatividad-e-innovacion\/#primaryimage","url":"https:\/\/interamerica.org\/wp-content\/uploads\/2020\/03\/youth-leadership-in-england-prompted-to-creativity-innovation.jpg","contentUrl":"https:\/\/interamerica.org\/wp-content\/uploads\/2020\/03\/youth-leadership-in-england-prompted-to-creativity-innovation.jpg","width":1000,"height":500,"caption":"Anthony Fuller, South England Conference (SEC) youth ministries director, leads a discussion during the SEC Youth Leadership Conference 2020 in London. [Photo: Aaron Fenton-Hewitt]"},{"@type":"BreadcrumbList","@id":"https:\/\/interamerica.org\/es\/2020\/03\/liderazgo-de-jovenes-en-el-reino-unido-motivado-a-la-creatividad-e-innovacion\/#breadcrumb","itemListElement":[{"@type":"ListItem","position":1,"name":"Home","item":"https:\/\/interamerica.org\/es\/"},{"@type":"ListItem","position":2,"name":"Liderazgo de J\u00f3venes en el Reino Unido motivado a la creatividad e innovaci\u00f3n"}]},{"@type":"WebSite","@id":"https:\/\/interamerica.org\/es\/#website","url":"https:\/\/interamerica.org\/es\/","name":"Iglesia Adventista del S\u00e9ptimo D\u00eda - Divisi\u00f3n Interamericana","description":"","potentialAction":[{"@type":"SearchAction","target":{"@type":"EntryPoint","urlTemplate":"https:\/\/interamerica.org\/es\/?s={search_term_string}"},"query-input":{"@type":"PropertyValueSpecification","valueRequired":true,"valueName":"search_term_string"}}],"inLanguage":"es"},{"@type":"Person","@id":"https:\/\/interamerica.org\/es\/#\/schema\/person\/29998f2bc2d8bd0d38662909289b54f1","name":"libna","image":{"@type":"ImageObject","inLanguage":"es","@id":"https:\/\/secure.gravatar.com\/avatar\/7c5bd30ae4b47a9ba3c856590957fd1d96dc588bf3ac05719d247e126840331f?s=96&d=mm&r=g","url":"https:\/\/secure.gravatar.com\/avatar\/7c5bd30ae4b47a9ba3c856590957fd1d96dc588bf3ac05719d247e126840331f?s=96&d=mm&r=g","contentUrl":"https:\/\/secure.gravatar.com\/avatar\/7c5bd30ae4b47a9ba3c856590957fd1d96dc588bf3ac05719d247e126840331f?s=96&d=mm&r=g","caption":"libna"}}]}},"_links":{"self":[{"href":"https:\/\/interamerica.org\/es\/wp-json\/wp\/v2\/posts\/56000","targetHints":{"allow":["GET"]}}],"collection":[{"href":"https:\/\/interamerica.org\/es\/wp-json\/wp\/v2\/posts"}],"about":[{"href":"https:\/\/interamerica.org\/es\/wp-json\/wp\/v2\/types\/post"}],"author":[{"embeddable":true,"href":"https:\/\/interamerica.org\/es\/wp-json\/wp\/v2\/users\/3"}],"replies":[{"embeddable":true,"href":"https:\/\/interamerica.org\/es\/wp-json\/wp\/v2\/comments?post=56000"}],"version-history":[{"count":0,"href":"https:\/\/interamerica.org\/es\/wp-json\/wp\/v2\/posts\/56000\/revisions"}],"wp:featuredmedia":[{"embeddable":true,"href":"https:\/\/interamerica.org\/es\/wp-json\/wp\/v2\/media\/55933"}],"wp:attachment":[{"href":"https:\/\/interamerica.org\/es\/wp-json\/wp\/v2\/media?parent=56000"}],"wp:term":[{"taxonomy":"category","embeddable":true,"href":"https:\/\/interamerica.org\/es\/wp-json\/wp\/v2\/categories?post=56000"},{"taxonomy":"post_tag","embeddable":true,"href":"https:\/\/interamerica.org\/es\/wp-json\/wp\/v2\/tags?post=56000"}],"curies":[{"name":"wp","href":"https:\/\/api.w.org\/{rel}","templated":true}]}}