{"id":56032,"date":"2020-03-06T13:42:41","date_gmt":"2020-03-06T17:42:41","guid":{"rendered":"https:\/\/recursing-golick.147-182-135-0.plesk.page\/?p=56032"},"modified":"2020-03-06T17:50:38","modified_gmt":"2020-03-06T21:50:38","slug":"iglesia-adventista-en-honduras-inaugura-nuevo-centro-comunitario-chino","status":"publish","type":"post","link":"https:\/\/interamerica.org\/es\/2020\/03\/iglesia-adventista-en-honduras-inaugura-nuevo-centro-comunitario-chino\/","title":{"rendered":"Iglesia Adventista en Honduras inaugura nuevo Centro Comunitario Chino"},"content":{"rendered":"<p>6 de marzo de 2020 | Tegucigalpa, Honduras | Libna Stevens, Noticias de la Divisi\u00f3n Interamericana<\/p>\n<p>La Iglesia Adventista del S\u00e9ptimo D\u00eda de Honduras inaugur\u00f3 su primer centro comunitario para la comunidad china en Tegucigalpa esta semana. El nuevo centro brindar\u00e1 servicios a las miles de familias chinas de Honduras. Al evento inaugural asistieron los l\u00edderes de la Embajada de China.<\/p>\n<p>\u201cEste es un sue\u00f1o hecho realidad\u201d, dijo Ad\u00e1n Ramos, presidente de la Iglesia Adventista en Honduras. \u201cHemos estado trabajando durante m\u00e1s de un a\u00f1o para establecer este centro para servir a la comunidad china local\u201d.<\/p>\n<p>La intenci\u00f3n del centro brinda una oportunidad para que la iglesia aprenda m\u00e1s sobre la cultura china y ofrece servicios como clases de mandar\u00edn para la generaci\u00f3n m\u00e1s joven, para que se reconecten con su cultura, clases de espa\u00f1ol estilo de vida sana y clases de cocina, brinda asesoramiento legal y sirve como centro de recreaci\u00f3n, entre otras cosas, dijeron los l\u00edderes de la iglesia.<\/p>\n<p><div id=\"attachment_56020\" style=\"width: 812px\" class=\"wp-caption aligncenter\"><img fetchpriority=\"high\" decoding=\"async\" aria-describedby=\"caption-attachment-56020\" class=\" wp-image-56018\" src=\"https:\/\/recursing-golick.147-182-135-0.plesk.page\/wp-content\/uploads\/2020\/03\/honu-center-of-influence-ingrid-hsing.jpg\" alt=\"\" width=\"802\" height=\"535\" srcset=\"https:\/\/interamerica.org\/wp-content\/uploads\/2020\/03\/honu-center-of-influence-ingrid-hsing.jpg 1000w, https:\/\/interamerica.org\/wp-content\/uploads\/2020\/03\/honu-center-of-influence-ingrid-hsing-300x200.jpg 300w, https:\/\/interamerica.org\/wp-content\/uploads\/2020\/03\/honu-center-of-influence-ingrid-hsing-768x512.jpg 768w\" sizes=\"(max-width: 802px) 100vw, 802px\" \/><p id=\"caption-attachment-56020\" class=\"wp-caption-text\">La embajadora de la Embajada de la Rep\u00fablica de China (Taiw\u00e1n) en Honduras Ingrid Hsing (al frente a la derecha) entona el himno nacional de la China junto a varios colegas y miembros de la audiencia, durante la apertura del nuevo centro comunitario para la comunidad china, el 3 de marzo de 2020 en Tegucigalpa, Honduras. [Fotograf\u00eda: Uni\u00f3n Hondure\u00f1a\/DIA]<\/p><\/div>Ingrid Hsing, embajadora de la Rep\u00fablica de China (Taiw\u00e1n) en Honduras agradeci\u00f3 a la iglesia por su iniciativa de conectar y apoyar a la poblaci\u00f3n china que suma m\u00e1s de siete mil personas en el pa\u00eds.<\/p>\n<p>\u201cQuiz\u00e1 cada uno de nosotros tiene sus propias creencias religiosas, pero lo m\u00e1s importante es aceptar que hay un Dios que nos est\u00e1 ayudando y guiando por el camino correcto\u201d, dijo Hsing. \u201cJuntos podemos hacer el bien por la comunidad\u201d. La embajadora Hsing asegur\u00f3 a los l\u00edderes de la iglesia y sus colegas que la embajada apoyar\u00eda el centro comunitario y sus proyectos.<\/p>\n<p>El pastor Elie Henry, presidente de la Divisi\u00f3n Interamericana, habl\u00f3 durante la ceremonia y anim\u00f3 a los l\u00edderes para que den la bienvenida y sigan sirviendo a los migrantes y grupos de personas de Honduras, y los muchos m\u00e1s que pueblan todo el territorio de la Divisi\u00f3n Interamericana.<\/p>\n<p>\u201cEste centro representa una oportunidad que tenemos como iglesia de reafirmar nuestra fe en acciones, de que todos los que lleguen hasta aqu\u00ed sean amados, aceptados y cuidados, y que puedan integrarse bien a la vida aqu\u00ed en Honduras\u201d, dijo el pastor Henry.<\/p>\n<p><div id=\"attachment_56023\" style=\"width: 811px\" class=\"wp-caption aligncenter\"><img decoding=\"async\" aria-describedby=\"caption-attachment-56023\" class=\" wp-image-56021\" src=\"https:\/\/recursing-golick.147-182-135-0.plesk.page\/wp-content\/uploads\/2020\/03\/elie-henry-honu-center-of-influence.jpg\" alt=\"\" width=\"801\" height=\"534\" srcset=\"https:\/\/interamerica.org\/wp-content\/uploads\/2020\/03\/elie-henry-honu-center-of-influence.jpg 1000w, https:\/\/interamerica.org\/wp-content\/uploads\/2020\/03\/elie-henry-honu-center-of-influence-300x200.jpg 300w, https:\/\/interamerica.org\/wp-content\/uploads\/2020\/03\/elie-henry-honu-center-of-influence-768x512.jpg 768w\" sizes=\"(max-width: 801px) 100vw, 801px\" \/><p id=\"caption-attachment-56023\" class=\"wp-caption-text\">El pastor Elie Henry, presidente de la Divisi\u00f3n Interamericana, anima a los congregados para que se aseguren de que el centro muestre el amor, la aceptaci\u00f3n y el cuidado as\u00ed como Jes\u00fas nos lo mostr\u00f3 en su Palabra. [Fotograf\u00eda: Uni\u00f3n Hondure\u00f1a\/DIA]<\/p><\/div>\u201cAs\u00ed como Jes\u00fas mostr\u00f3 su amor por la humanidad, as\u00ed tambi\u00e9n \u00e9l nos invita a servir para mostrar que el amor fluye a trav\u00e9s de este nuevo centro\u201d.<\/p>\n<p>El nuevo centro comunitario se convierte as\u00ed en el tercer centro de influencia para la comunidad china en Interam\u00e9rica, dijo el pastor Samuel Telemaque, director de Misi\u00f3n Adventista de la Iglesia Adventista en Interam\u00e9rica. La iglesia en la Rep\u00fablica Dominicana ha estado administrando un centro durante m\u00e1s de tres a\u00f1os, y en Panam\u00e1 hay otro que ha estado funcionando por seis meses.<\/p>\n<p>\u201cNos deleita brindar a los j\u00f3venes el aprendizaje del idioma y charlas de salud en el Centro Chino de Aprendizaje m\u00e1s grande de Interam\u00e9rica\u201d, dijo Telemaque.<\/p>\n<p>Telemaque explic\u00f3 que muchos integrantes de la primera generaci\u00f3n de migrantes chinos en lugares como la Rep\u00fablica Dominicana, Panam\u00e1 y muchos otros pa\u00edses, han trabajado largas horas para proveer para sus crecientes familias y sus hijos.<\/p>\n<p><div id=\"attachment_56008\" style=\"width: 811px\" class=\"wp-caption aligncenter\"><img decoding=\"async\" aria-describedby=\"caption-attachment-56008\" class=\" wp-image-56006\" src=\"https:\/\/recursing-golick.147-182-135-0.plesk.page\/wp-content\/uploads\/2020\/03\/samuel-telemaque-honu-center-of-influence.jpg\" alt=\"\" width=\"801\" height=\"534\" srcset=\"https:\/\/interamerica.org\/wp-content\/uploads\/2020\/03\/samuel-telemaque-honu-center-of-influence.jpg 1000w, https:\/\/interamerica.org\/wp-content\/uploads\/2020\/03\/samuel-telemaque-honu-center-of-influence-300x200.jpg 300w, https:\/\/interamerica.org\/wp-content\/uploads\/2020\/03\/samuel-telemaque-honu-center-of-influence-768x512.jpg 768w\" sizes=\"(max-width: 801px) 100vw, 801px\" \/><p id=\"caption-attachment-56008\" class=\"wp-caption-text\">El pastor Samuel Telemaque (izquierda) director de Misi\u00f3n Adventista de la Iglesia Adventista en Interam\u00e9rica, presenta al pastor Hsiang-Po Chang y su esposa Mei Yu Lai (derecha) como l\u00edderes de la China en el nuevo centro comunitario. [Fotograf\u00eda: Uni\u00f3n Hondure\u00f1a\/DIA]<\/p><\/div>Esto ha brindado la oportunidad de que la iglesia se involucre y ayude a estas comunidades chinas en el aprendizaje del idioma para preservar su cultura, explic\u00f3.<\/p>\n<p>El centro ser\u00e1 liderado por el pastor Hsiang-Po Chang y su esposa Mei Yu Lai, que llegaron a Honduras en noviembre y estar\u00e1n a cargo de las clases de mandar\u00edn, entre otras cosas.<\/p>\n<p>El Centro Comunitario Chino es operado y administrado en coordinaci\u00f3n con la Iglesia Adventista mundial, la Divisi\u00f3n Interamericana, la Uni\u00f3n Hondure\u00f1a y dos de sus asociaciones locales.<\/p>\n<p>El centro est\u00e1 ubicado en Tegucigalpa, en el edificio de oficinas que es propiedad de la Agencia Adventista de Desarrollo y Recursos Asistenciales en Honduras. El sal\u00f3n grande ha sido establecido exclusivamente para el nuevo centro comunitario.<\/p>\n<p><div id=\"attachment_56011\" style=\"width: 811px\" class=\"wp-caption aligncenter\"><img loading=\"lazy\" decoding=\"async\" aria-describedby=\"caption-attachment-56011\" class=\" wp-image-56009\" src=\"https:\/\/recursing-golick.147-182-135-0.plesk.page\/wp-content\/uploads\/2020\/03\/honu-group-center-of-influence.jpg\" alt=\"\" width=\"801\" height=\"534\" srcset=\"https:\/\/interamerica.org\/wp-content\/uploads\/2020\/03\/honu-group-center-of-influence.jpg 1000w, https:\/\/interamerica.org\/wp-content\/uploads\/2020\/03\/honu-group-center-of-influence-300x200.jpg 300w, https:\/\/interamerica.org\/wp-content\/uploads\/2020\/03\/honu-group-center-of-influence-768x512.jpg 768w\" sizes=\"(max-width: 801px) 100vw, 801px\" \/><p id=\"caption-attachment-56011\" class=\"wp-caption-text\">Fotograf\u00eda grupal de los l\u00edderes de la iglesia y los l\u00edderes de la comunidad china, despu\u00e9s del evento inaugural del nuevo centro comunitario en Tegucigalpa, Honduras el 3 de marzo de 2020. [Fotograf\u00eda: Uni\u00f3n Hondure\u00f1a\/DIA]<\/p><\/div>La Iglesia Adventista del S\u00e9ptimo D\u00eda en Honduras cuenta con m\u00e1s de 96 mil miembros que se re\u00fanen en 698 iglesias y congregaciones. La iglesia tambi\u00e9n opera un hospital, adem\u00e1s de 25 escuelas primarias y secundarias.<\/p>\n<p><em>Ad\u00e1n Ramos colabor\u00f3 con este informe.<\/em><\/p>\n<p>Traducci\u00f3n de Marcos Paseggi<\/p>\n","protected":false},"excerpt":{"rendered":"<p>6 de marzo de 2020 | Tegucigalpa, Honduras | Libna Stevens, Noticias de la Divisi\u00f3n Interamericana La Iglesia Adventista del S\u00e9ptimo D\u00eda de Honduras inaugur\u00f3 su primer centro comunitario para&#8230;<\/p>\n","protected":false},"author":3,"featured_media":56014,"comment_status":"open","ping_status":"closed","sticky":false,"template":"","format":"standard","meta":{"_acf_changed":false,"footnotes":""},"categories":[17,15],"tags":[],"class_list":["post-56032","post","type-post","status-publish","format-standard","has-post-thumbnail","hentry","category-desde-el-campo","category-rss-espanol"],"acf":[],"yoast_head":"<!-- This site is optimized with the Yoast SEO plugin v27.3 - https:\/\/yoast.com\/product\/yoast-seo-wordpress\/ -->\n<title>Iglesia Adventista en Honduras inaugura nuevo Centro Comunitario Chino - Iglesia Adventista del S\u00e9ptimo D\u00eda - Divisi\u00f3n Interamericana<\/title>\n<meta name=\"robots\" content=\"index, follow, max-snippet:-1, max-image-preview:large, max-video-preview:-1\" \/>\n<link rel=\"canonical\" href=\"https:\/\/interamerica.org\/es\/2020\/03\/iglesia-adventista-en-honduras-inaugura-nuevo-centro-comunitario-chino\/\" \/>\n<meta property=\"og:locale\" content=\"es_ES\" \/>\n<meta property=\"og:type\" content=\"article\" \/>\n<meta property=\"og:title\" content=\"Iglesia Adventista en Honduras inaugura nuevo Centro Comunitario Chino - Iglesia Adventista del S\u00e9ptimo D\u00eda - Divisi\u00f3n Interamericana\" \/>\n<meta property=\"og:description\" content=\"6 de marzo de 2020 | Tegucigalpa, Honduras | Libna Stevens, Noticias de la Divisi\u00f3n Interamericana La Iglesia Adventista del S\u00e9ptimo D\u00eda de Honduras inaugur\u00f3 su primer centro comunitario para...\" \/>\n<meta property=\"og:url\" content=\"https:\/\/interamerica.org\/es\/2020\/03\/iglesia-adventista-en-honduras-inaugura-nuevo-centro-comunitario-chino\/\" \/>\n<meta property=\"og:site_name\" content=\"Iglesia Adventista del S\u00e9ptimo D\u00eda - Divisi\u00f3n Interamericana\" \/>\n<meta property=\"article:published_time\" content=\"2020-03-06T17:42:41+00:00\" \/>\n<meta property=\"article:modified_time\" content=\"2020-03-06T21:50:38+00:00\" \/>\n<meta property=\"og:image\" content=\"https:\/\/interamerica.org\/wp-content\/uploads\/2020\/03\/honu-center-of-influence-outside.jpg\" \/>\n\t<meta property=\"og:image:width\" content=\"1280\" \/>\n\t<meta property=\"og:image:height\" content=\"800\" \/>\n\t<meta property=\"og:image:type\" content=\"image\/jpeg\" \/>\n<meta name=\"author\" content=\"libna\" \/>\n<meta name=\"twitter:card\" content=\"summary_large_image\" \/>\n<meta name=\"twitter:label1\" content=\"Escrito por\" \/>\n\t<meta name=\"twitter:data1\" content=\"libna\" \/>\n\t<meta name=\"twitter:label2\" content=\"Tiempo de lectura\" \/>\n\t<meta name=\"twitter:data2\" content=\"5 minutos\" \/>\n<script type=\"application\/ld+json\" class=\"yoast-schema-graph\">{\"@context\":\"https:\\\/\\\/schema.org\",\"@graph\":[{\"@type\":\"Article\",\"@id\":\"https:\\\/\\\/interamerica.org\\\/es\\\/2020\\\/03\\\/iglesia-adventista-en-honduras-inaugura-nuevo-centro-comunitario-chino\\\/#article\",\"isPartOf\":{\"@id\":\"https:\\\/\\\/interamerica.org\\\/es\\\/2020\\\/03\\\/iglesia-adventista-en-honduras-inaugura-nuevo-centro-comunitario-chino\\\/\"},\"author\":{\"name\":\"libna\",\"@id\":\"https:\\\/\\\/interamerica.org\\\/es\\\/#\\\/schema\\\/person\\\/29998f2bc2d8bd0d38662909289b54f1\"},\"headline\":\"Iglesia Adventista en Honduras inaugura nuevo Centro Comunitario Chino\",\"datePublished\":\"2020-03-06T17:42:41+00:00\",\"dateModified\":\"2020-03-06T21:50:38+00:00\",\"mainEntityOfPage\":{\"@id\":\"https:\\\/\\\/interamerica.org\\\/es\\\/2020\\\/03\\\/iglesia-adventista-en-honduras-inaugura-nuevo-centro-comunitario-chino\\\/\"},\"wordCount\":960,\"commentCount\":0,\"image\":{\"@id\":\"https:\\\/\\\/interamerica.org\\\/es\\\/2020\\\/03\\\/iglesia-adventista-en-honduras-inaugura-nuevo-centro-comunitario-chino\\\/#primaryimage\"},\"thumbnailUrl\":\"https:\\\/\\\/interamerica.org\\\/wp-content\\\/uploads\\\/2020\\\/03\\\/honu-center-of-influence-outside.jpg\",\"articleSection\":[\"Desde el campo\",\"RSS Espa\u00f1ol\"],\"inLanguage\":\"es\",\"potentialAction\":[{\"@type\":\"CommentAction\",\"name\":\"Comment\",\"target\":[\"https:\\\/\\\/interamerica.org\\\/es\\\/2020\\\/03\\\/iglesia-adventista-en-honduras-inaugura-nuevo-centro-comunitario-chino\\\/#respond\"]}]},{\"@type\":\"WebPage\",\"@id\":\"https:\\\/\\\/interamerica.org\\\/es\\\/2020\\\/03\\\/iglesia-adventista-en-honduras-inaugura-nuevo-centro-comunitario-chino\\\/\",\"url\":\"https:\\\/\\\/interamerica.org\\\/es\\\/2020\\\/03\\\/iglesia-adventista-en-honduras-inaugura-nuevo-centro-comunitario-chino\\\/\",\"name\":\"Iglesia Adventista en Honduras inaugura nuevo Centro Comunitario Chino - Iglesia Adventista del S\u00e9ptimo D\u00eda - Divisi\u00f3n Interamericana\",\"isPartOf\":{\"@id\":\"https:\\\/\\\/interamerica.org\\\/es\\\/#website\"},\"primaryImageOfPage\":{\"@id\":\"https:\\\/\\\/interamerica.org\\\/es\\\/2020\\\/03\\\/iglesia-adventista-en-honduras-inaugura-nuevo-centro-comunitario-chino\\\/#primaryimage\"},\"image\":{\"@id\":\"https:\\\/\\\/interamerica.org\\\/es\\\/2020\\\/03\\\/iglesia-adventista-en-honduras-inaugura-nuevo-centro-comunitario-chino\\\/#primaryimage\"},\"thumbnailUrl\":\"https:\\\/\\\/interamerica.org\\\/wp-content\\\/uploads\\\/2020\\\/03\\\/honu-center-of-influence-outside.jpg\",\"datePublished\":\"2020-03-06T17:42:41+00:00\",\"dateModified\":\"2020-03-06T21:50:38+00:00\",\"author\":{\"@id\":\"https:\\\/\\\/interamerica.org\\\/es\\\/#\\\/schema\\\/person\\\/29998f2bc2d8bd0d38662909289b54f1\"},\"breadcrumb\":{\"@id\":\"https:\\\/\\\/interamerica.org\\\/es\\\/2020\\\/03\\\/iglesia-adventista-en-honduras-inaugura-nuevo-centro-comunitario-chino\\\/#breadcrumb\"},\"inLanguage\":\"es\",\"potentialAction\":[{\"@type\":\"ReadAction\",\"target\":[\"https:\\\/\\\/interamerica.org\\\/es\\\/2020\\\/03\\\/iglesia-adventista-en-honduras-inaugura-nuevo-centro-comunitario-chino\\\/\"]}]},{\"@type\":\"ImageObject\",\"inLanguage\":\"es\",\"@id\":\"https:\\\/\\\/interamerica.org\\\/es\\\/2020\\\/03\\\/iglesia-adventista-en-honduras-inaugura-nuevo-centro-comunitario-chino\\\/#primaryimage\",\"url\":\"https:\\\/\\\/interamerica.org\\\/wp-content\\\/uploads\\\/2020\\\/03\\\/honu-center-of-influence-outside.jpg\",\"contentUrl\":\"https:\\\/\\\/interamerica.org\\\/wp-content\\\/uploads\\\/2020\\\/03\\\/honu-center-of-influence-outside.jpg\",\"width\":1280,\"height\":800},{\"@type\":\"BreadcrumbList\",\"@id\":\"https:\\\/\\\/interamerica.org\\\/es\\\/2020\\\/03\\\/iglesia-adventista-en-honduras-inaugura-nuevo-centro-comunitario-chino\\\/#breadcrumb\",\"itemListElement\":[{\"@type\":\"ListItem\",\"position\":1,\"name\":\"Home\",\"item\":\"https:\\\/\\\/interamerica.org\\\/es\\\/\"},{\"@type\":\"ListItem\",\"position\":2,\"name\":\"Iglesia Adventista en Honduras inaugura nuevo Centro Comunitario Chino\"}]},{\"@type\":\"WebSite\",\"@id\":\"https:\\\/\\\/interamerica.org\\\/es\\\/#website\",\"url\":\"https:\\\/\\\/interamerica.org\\\/es\\\/\",\"name\":\"Iglesia Adventista del S\u00e9ptimo D\u00eda - Divisi\u00f3n Interamericana\",\"description\":\"\",\"potentialAction\":[{\"@type\":\"SearchAction\",\"target\":{\"@type\":\"EntryPoint\",\"urlTemplate\":\"https:\\\/\\\/interamerica.org\\\/es\\\/?s={search_term_string}\"},\"query-input\":{\"@type\":\"PropertyValueSpecification\",\"valueRequired\":true,\"valueName\":\"search_term_string\"}}],\"inLanguage\":\"es\"},{\"@type\":\"Person\",\"@id\":\"https:\\\/\\\/interamerica.org\\\/es\\\/#\\\/schema\\\/person\\\/29998f2bc2d8bd0d38662909289b54f1\",\"name\":\"libna\",\"image\":{\"@type\":\"ImageObject\",\"inLanguage\":\"es\",\"@id\":\"https:\\\/\\\/secure.gravatar.com\\\/avatar\\\/7c5bd30ae4b47a9ba3c856590957fd1d96dc588bf3ac05719d247e126840331f?s=96&d=mm&r=g\",\"url\":\"https:\\\/\\\/secure.gravatar.com\\\/avatar\\\/7c5bd30ae4b47a9ba3c856590957fd1d96dc588bf3ac05719d247e126840331f?s=96&d=mm&r=g\",\"contentUrl\":\"https:\\\/\\\/secure.gravatar.com\\\/avatar\\\/7c5bd30ae4b47a9ba3c856590957fd1d96dc588bf3ac05719d247e126840331f?s=96&d=mm&r=g\",\"caption\":\"libna\"}}]}<\/script>\n<!-- \/ Yoast SEO plugin. -->","yoast_head_json":{"title":"Iglesia Adventista en Honduras inaugura nuevo Centro Comunitario Chino - Iglesia Adventista del S\u00e9ptimo D\u00eda - Divisi\u00f3n Interamericana","robots":{"index":"index","follow":"follow","max-snippet":"max-snippet:-1","max-image-preview":"max-image-preview:large","max-video-preview":"max-video-preview:-1"},"canonical":"https:\/\/interamerica.org\/es\/2020\/03\/iglesia-adventista-en-honduras-inaugura-nuevo-centro-comunitario-chino\/","og_locale":"es_ES","og_type":"article","og_title":"Iglesia Adventista en Honduras inaugura nuevo Centro Comunitario Chino - Iglesia Adventista del S\u00e9ptimo D\u00eda - Divisi\u00f3n Interamericana","og_description":"6 de marzo de 2020 | Tegucigalpa, Honduras | Libna Stevens, Noticias de la Divisi\u00f3n Interamericana La Iglesia Adventista del S\u00e9ptimo D\u00eda de Honduras inaugur\u00f3 su primer centro comunitario para...","og_url":"https:\/\/interamerica.org\/es\/2020\/03\/iglesia-adventista-en-honduras-inaugura-nuevo-centro-comunitario-chino\/","og_site_name":"Iglesia Adventista del S\u00e9ptimo D\u00eda - Divisi\u00f3n Interamericana","article_published_time":"2020-03-06T17:42:41+00:00","article_modified_time":"2020-03-06T21:50:38+00:00","og_image":[{"width":1280,"height":800,"url":"https:\/\/interamerica.org\/wp-content\/uploads\/2020\/03\/honu-center-of-influence-outside.jpg","type":"image\/jpeg"}],"author":"libna","twitter_card":"summary_large_image","twitter_misc":{"Escrito por":"libna","Tiempo de lectura":"5 minutos"},"schema":{"@context":"https:\/\/schema.org","@graph":[{"@type":"Article","@id":"https:\/\/interamerica.org\/es\/2020\/03\/iglesia-adventista-en-honduras-inaugura-nuevo-centro-comunitario-chino\/#article","isPartOf":{"@id":"https:\/\/interamerica.org\/es\/2020\/03\/iglesia-adventista-en-honduras-inaugura-nuevo-centro-comunitario-chino\/"},"author":{"name":"libna","@id":"https:\/\/interamerica.org\/es\/#\/schema\/person\/29998f2bc2d8bd0d38662909289b54f1"},"headline":"Iglesia Adventista en Honduras inaugura nuevo Centro Comunitario Chino","datePublished":"2020-03-06T17:42:41+00:00","dateModified":"2020-03-06T21:50:38+00:00","mainEntityOfPage":{"@id":"https:\/\/interamerica.org\/es\/2020\/03\/iglesia-adventista-en-honduras-inaugura-nuevo-centro-comunitario-chino\/"},"wordCount":960,"commentCount":0,"image":{"@id":"https:\/\/interamerica.org\/es\/2020\/03\/iglesia-adventista-en-honduras-inaugura-nuevo-centro-comunitario-chino\/#primaryimage"},"thumbnailUrl":"https:\/\/interamerica.org\/wp-content\/uploads\/2020\/03\/honu-center-of-influence-outside.jpg","articleSection":["Desde el campo","RSS Espa\u00f1ol"],"inLanguage":"es","potentialAction":[{"@type":"CommentAction","name":"Comment","target":["https:\/\/interamerica.org\/es\/2020\/03\/iglesia-adventista-en-honduras-inaugura-nuevo-centro-comunitario-chino\/#respond"]}]},{"@type":"WebPage","@id":"https:\/\/interamerica.org\/es\/2020\/03\/iglesia-adventista-en-honduras-inaugura-nuevo-centro-comunitario-chino\/","url":"https:\/\/interamerica.org\/es\/2020\/03\/iglesia-adventista-en-honduras-inaugura-nuevo-centro-comunitario-chino\/","name":"Iglesia Adventista en Honduras inaugura nuevo Centro Comunitario Chino - Iglesia Adventista del S\u00e9ptimo D\u00eda - Divisi\u00f3n Interamericana","isPartOf":{"@id":"https:\/\/interamerica.org\/es\/#website"},"primaryImageOfPage":{"@id":"https:\/\/interamerica.org\/es\/2020\/03\/iglesia-adventista-en-honduras-inaugura-nuevo-centro-comunitario-chino\/#primaryimage"},"image":{"@id":"https:\/\/interamerica.org\/es\/2020\/03\/iglesia-adventista-en-honduras-inaugura-nuevo-centro-comunitario-chino\/#primaryimage"},"thumbnailUrl":"https:\/\/interamerica.org\/wp-content\/uploads\/2020\/03\/honu-center-of-influence-outside.jpg","datePublished":"2020-03-06T17:42:41+00:00","dateModified":"2020-03-06T21:50:38+00:00","author":{"@id":"https:\/\/interamerica.org\/es\/#\/schema\/person\/29998f2bc2d8bd0d38662909289b54f1"},"breadcrumb":{"@id":"https:\/\/interamerica.org\/es\/2020\/03\/iglesia-adventista-en-honduras-inaugura-nuevo-centro-comunitario-chino\/#breadcrumb"},"inLanguage":"es","potentialAction":[{"@type":"ReadAction","target":["https:\/\/interamerica.org\/es\/2020\/03\/iglesia-adventista-en-honduras-inaugura-nuevo-centro-comunitario-chino\/"]}]},{"@type":"ImageObject","inLanguage":"es","@id":"https:\/\/interamerica.org\/es\/2020\/03\/iglesia-adventista-en-honduras-inaugura-nuevo-centro-comunitario-chino\/#primaryimage","url":"https:\/\/interamerica.org\/wp-content\/uploads\/2020\/03\/honu-center-of-influence-outside.jpg","contentUrl":"https:\/\/interamerica.org\/wp-content\/uploads\/2020\/03\/honu-center-of-influence-outside.jpg","width":1280,"height":800},{"@type":"BreadcrumbList","@id":"https:\/\/interamerica.org\/es\/2020\/03\/iglesia-adventista-en-honduras-inaugura-nuevo-centro-comunitario-chino\/#breadcrumb","itemListElement":[{"@type":"ListItem","position":1,"name":"Home","item":"https:\/\/interamerica.org\/es\/"},{"@type":"ListItem","position":2,"name":"Iglesia Adventista en Honduras inaugura nuevo Centro Comunitario Chino"}]},{"@type":"WebSite","@id":"https:\/\/interamerica.org\/es\/#website","url":"https:\/\/interamerica.org\/es\/","name":"Iglesia Adventista del S\u00e9ptimo D\u00eda - Divisi\u00f3n Interamericana","description":"","potentialAction":[{"@type":"SearchAction","target":{"@type":"EntryPoint","urlTemplate":"https:\/\/interamerica.org\/es\/?s={search_term_string}"},"query-input":{"@type":"PropertyValueSpecification","valueRequired":true,"valueName":"search_term_string"}}],"inLanguage":"es"},{"@type":"Person","@id":"https:\/\/interamerica.org\/es\/#\/schema\/person\/29998f2bc2d8bd0d38662909289b54f1","name":"libna","image":{"@type":"ImageObject","inLanguage":"es","@id":"https:\/\/secure.gravatar.com\/avatar\/7c5bd30ae4b47a9ba3c856590957fd1d96dc588bf3ac05719d247e126840331f?s=96&d=mm&r=g","url":"https:\/\/secure.gravatar.com\/avatar\/7c5bd30ae4b47a9ba3c856590957fd1d96dc588bf3ac05719d247e126840331f?s=96&d=mm&r=g","contentUrl":"https:\/\/secure.gravatar.com\/avatar\/7c5bd30ae4b47a9ba3c856590957fd1d96dc588bf3ac05719d247e126840331f?s=96&d=mm&r=g","caption":"libna"}}]}},"_links":{"self":[{"href":"https:\/\/interamerica.org\/es\/wp-json\/wp\/v2\/posts\/56032","targetHints":{"allow":["GET"]}}],"collection":[{"href":"https:\/\/interamerica.org\/es\/wp-json\/wp\/v2\/posts"}],"about":[{"href":"https:\/\/interamerica.org\/es\/wp-json\/wp\/v2\/types\/post"}],"author":[{"embeddable":true,"href":"https:\/\/interamerica.org\/es\/wp-json\/wp\/v2\/users\/3"}],"replies":[{"embeddable":true,"href":"https:\/\/interamerica.org\/es\/wp-json\/wp\/v2\/comments?post=56032"}],"version-history":[{"count":0,"href":"https:\/\/interamerica.org\/es\/wp-json\/wp\/v2\/posts\/56032\/revisions"}],"wp:featuredmedia":[{"embeddable":true,"href":"https:\/\/interamerica.org\/es\/wp-json\/wp\/v2\/media\/56014"}],"wp:attachment":[{"href":"https:\/\/interamerica.org\/es\/wp-json\/wp\/v2\/media?parent=56032"}],"wp:term":[{"taxonomy":"category","embeddable":true,"href":"https:\/\/interamerica.org\/es\/wp-json\/wp\/v2\/categories?post=56032"},{"taxonomy":"post_tag","embeddable":true,"href":"https:\/\/interamerica.org\/es\/wp-json\/wp\/v2\/tags?post=56032"}],"curies":[{"name":"wp","href":"https:\/\/api.w.org\/{rel}","templated":true}]}}