{"id":56087,"date":"2020-03-08T21:44:42","date_gmt":"2020-03-09T01:44:42","guid":{"rendered":"https:\/\/recursing-golick.147-182-135-0.plesk.page\/?p=56087"},"modified":"2020-03-11T22:30:25","modified_gmt":"2020-03-12T02:30:25","slug":"el-dia-en-que-llovio-piedra-y-ceniza","status":"publish","type":"post","link":"https:\/\/interamerica.org\/es\/2020\/03\/el-dia-en-que-llovio-piedra-y-ceniza\/","title":{"rendered":"El d\u00eda en que llovi\u00f3 piedra y ceniza"},"content":{"rendered":"<p>7 de marzo de 2020 | Manila, Filipinas | ADRA Canada News<\/p>\n<p>Situado a solamente 50 kil\u00f3metros al sur de Manila, la ciudad capital de Filipinas, el volc\u00e1n Taal es el segundo m\u00e1s activo en ese pa\u00eds.<\/p>\n<p>El domingo 12 de enero de 2020, el volc\u00e1n Taal comenz\u00f3 de pronto a hacer erupci\u00f3n. Los sism\u00f3logos en Filipinas dijeron que la velocidad con que escal\u00f3 la actividad volc\u00e1nica de dicho volc\u00e1n, los tom\u00f3 por sorpresa.<\/p>\n<p>Durante toda la noche llovieron cenizas sobre las provincias aleda\u00f1as, lo cual trajo como resultado caminos resbalosos y sucios parabrisas, los que a su vez produjeron m\u00faltiples accidentes. En los d\u00edas siguientes fueron evacuadas de sus casas las personas que viv\u00edan a un radio de 14 kil\u00f3metros de distancia del cr\u00e1ter del volc\u00e1n,<\/p>\n<p>Nadelia laboraba como trabajadora dom\u00e9stica en una casa cercana al volc\u00e1n cuando este comenz\u00f3 a hacer erupci\u00f3n. Alrededor de las 3:00 p.m., sus empleadores le dijeron que las autoridades hab\u00edan anunciado el aumento del nivel de amenaza y que era tiempo de que se pusiera en contacto con su familia y de hacer arreglos para salir de la zona de peligro.<\/p>\n<p><span class=\"byline-news\">Nadelia le llam\u00f3 por tel\u00e9fono a su esposo y le dijo que reuniera a los hijos, que empacar por lo menos unas dos mudas de ropa por cada uno de ellos y que asegurara bien la casa antes de recogerla a ella en su trabajo, de manera que pudieran evacuar la zona de peligro.\u00a0 <\/span><\/p>\n<p><div id=\"attachment_56059\" style=\"width: 810px\" class=\"wp-caption aligncenter\"><img fetchpriority=\"high\" decoding=\"async\" aria-describedby=\"caption-attachment-56059\" class=\" wp-image-56057\" src=\"https:\/\/recursing-golick.147-182-135-0.plesk.page\/wp-content\/uploads\/2020\/03\/distribution01-600x400-1.jpg\" alt=\"\" width=\"800\" height=\"533\" srcset=\"https:\/\/interamerica.org\/wp-content\/uploads\/2020\/03\/distribution01-600x400-1.jpg 600w, https:\/\/interamerica.org\/wp-content\/uploads\/2020\/03\/distribution01-600x400-1-300x200.jpg 300w\" sizes=\"(max-width: 800px) 100vw, 800px\" \/><p id=\"caption-attachment-56059\" class=\"wp-caption-text\">Personas forzadas a salir de sus casas por la erupci\u00f3n del volc\u00e1n, se sienten agradecidas por la ayuda proporcionada por ADRA. [Imagen: ADRA Canada]<\/p><\/div>Eran las 5:00 p.m. cuando su esposo y sus hijos llegaron en su \u201ctriciclo\u201d (un t\u00edpico veh\u00edculo usado en Filipinas en el que se adosa un carrito a un lado o a la parte trasera de una motocicleta). La familia se qued\u00f3 atrapada en un embotellamiento vehicular con otros carros y triciclos que trataban desesperadamente de evacuar la zona. Llov\u00edan sobre ellos piedras y lodo procedentes del volc\u00e1n. Alrededor de las 6:30 p.m., se anunci\u00f3 por la radio que se hab\u00eda llegado al nivel 4 de amenaza, por lo cual decidieron salir de la carretera y buscar un refugio. Afortunadamente, un amigo de la familia viv\u00eda cerca de ah\u00ed.<\/p>\n<p>\u201cNo pude dormir en toda esa noche. Las cenizas y piedras del volc\u00e1n golpeaban el techo y el suelo no dejaba de temblar. Durante toda la noche yo solamente oraba porque el techo se mantuviera en su lugar y que no nos pasara nada. No hab\u00eda suministro de energ\u00eda el\u00e9ctrica y no pudimos ver nada durante toda la noche. Solamente pudimos ver la extensi\u00f3n total del da\u00f1o causado hasta la ma\u00f1ana siguiente en que sali\u00f3 el sol. \u00a1Todo estaba cubierto de lodo y cenizas! La carretera, los \u00e1rboles, las casas, las plantas \u2014todo absolutamente.<\/p>\n<p>\u201cTratamos de hacer lo mejor que pudimos para limpiar la zona alrededor de la casa. Despu\u00e9s de pasadas algunas horas, desenterramos nuestro triciclo, nos dispusimos a salir y nos encaminamos a tratar de encontrar un centro de evacuaci\u00f3n. El amigo que nos hab\u00eda alojado durante la noche se uni\u00f3 a nosotros.<\/p>\n<p>\u201cNo hab\u00edamos avanzado mucho cuando nos encontramos con el personal militar que nos indic\u00f3 que nos dirigi\u00e9ramos hacia la ciudad de Tanauan, a unos 15 kil\u00f3metros de donde nos encontr\u00e1bamos. En ese lugar estar\u00edamos seguros, fuera de la zona de peligro y podr\u00edamos buscar refugio en un centro de evacuaci\u00f3n hasta que el nivel de alerta descendiera lo suficiente. Nos llev\u00f3 varias horas llegar hasta ese sitio a trav\u00e9s de todo el lodo y los escombros en la carretera, pero finalmente pusimos llegar al Old City Hall en Tanauan. \u00a1Nos sent\u00edamos extremadamente agradecidos de poder haber llegado a este refugio sin haber sufrido ning\u00fan percance o p\u00e9rdida de la vida!\u201d<\/p>\n<p><div id=\"attachment_56062\" style=\"width: 810px\" class=\"wp-caption aligncenter\"><img decoding=\"async\" aria-describedby=\"caption-attachment-56062\" class=\" wp-image-56060\" src=\"https:\/\/recursing-golick.147-182-135-0.plesk.page\/wp-content\/uploads\/2020\/03\/emergency-response-volunteers-600x450-1.jpg\" alt=\"\" width=\"800\" height=\"417\" srcset=\"https:\/\/interamerica.org\/wp-content\/uploads\/2020\/03\/emergency-response-volunteers-600x450-1.jpg 568w, https:\/\/interamerica.org\/wp-content\/uploads\/2020\/03\/emergency-response-volunteers-600x450-1-300x156.jpg 300w\" sizes=\"(max-width: 800px) 100vw, 800px\" \/><p id=\"caption-attachment-56062\" class=\"wp-caption-text\">Personal ADRA en Filipinas y voluntarios de respuesta en caso de emergencia, de la comunidad adventista local, se re\u00fanen para una fotograf\u00eda de grupo al asistir a personas forzadas a salir de sus casas por causa de la erupci\u00f3n del volc\u00e1n Taal. [Imagen: ADRA Canada]<\/p><\/div>Las oficinas de la Agencia Adventista de Desarrollo y Recursos Asistenciales (ADRA) en Filipinas, est\u00e1n situadas cerca del volc\u00e1n, pero a 14 kil\u00f3metros fuera de la zona de evacuaci\u00f3n. El personal de ADRA trabaj\u00f3 en conjunto con la Misi\u00f3n Adventista Cavite, la Asociaci\u00f3n Luzon \u00a0Central-Sur Adventista del S\u00e9ptimo D\u00eda y varias agencias gubernamentales, en la planificaci\u00f3n de su respuesta a este incidente.<\/p>\n<p>Durante las siguientes semanas, la agencia ADRA provey\u00f3 cama y equipamiento para dormir a \u00a01,192 de las familias que se alojaron en los centros de evacuaci\u00f3n, as\u00ed como ayuda monetaria de \u00a01,500 a 2,250 pesos (aproximadamente entre US$ 29.50 a $43.25) a las familias afectadas, a fin de que pudieran suplir sus necesidades inmediatas. Adicionalmente se distribuyeron miles de m\u00e1scaras entre las personas de esa zona.<\/p>\n<p>El apoyo al fondo de ayuda en caso de emergencia de ADRA, le permite a esta agencia ayudar r\u00e1pidamente a familias como la de Nadelia durante tiempos de crisis.<\/p>\n<p><em>La <\/em><a href=\"https:\/\/www.adra.ca\/when-it-rains-ash-and-stones\/\"><em>original version<\/em><\/a><em> (versi\u00f3n original) de esta noticia se public\u00f3 en el <\/em><a href=\"https:\/\/www.adra.ca\/our-stories\/news-and-stories\/\"><em>news site<\/em><\/a> <em>(sitio de noticias) de ADRA Canad\u00e1.<\/em><\/p>\n<p>Traducci\u00f3n \u2013 Gloria A. Castrej\u00f3n<\/p>\n","protected":false},"excerpt":{"rendered":"<p>7 de marzo de 2020 | Manila, Filipinas | ADRA Canada News Situado a solamente 50 kil\u00f3metros al sur de Manila, la ciudad capital de Filipinas, el volc\u00e1n Taal es&#8230;<\/p>\n","protected":false},"author":3,"featured_media":56065,"comment_status":"open","ping_status":"closed","sticky":false,"template":"","format":"standard","meta":{"_acf_changed":false,"footnotes":""},"categories":[14,15],"tags":[],"class_list":["post-56087","post","type-post","status-publish","format-standard","has-post-thumbnail","hentry","category-de-la-iglesia-mundial","category-rss-espanol"],"acf":[],"yoast_head":"<!-- This site is optimized with the Yoast SEO plugin v27.3 - https:\/\/yoast.com\/product\/yoast-seo-wordpress\/ -->\n<title>El d\u00eda en que llovi\u00f3 piedra y ceniza - Iglesia Adventista del S\u00e9ptimo D\u00eda - Divisi\u00f3n Interamericana<\/title>\n<meta name=\"robots\" content=\"index, follow, max-snippet:-1, max-image-preview:large, max-video-preview:-1\" \/>\n<link rel=\"canonical\" href=\"https:\/\/interamerica.org\/es\/2020\/03\/el-dia-en-que-llovio-piedra-y-ceniza\/\" \/>\n<meta property=\"og:locale\" content=\"es_ES\" \/>\n<meta property=\"og:type\" content=\"article\" \/>\n<meta property=\"og:title\" content=\"El d\u00eda en que llovi\u00f3 piedra y ceniza - Iglesia Adventista del S\u00e9ptimo D\u00eda - Divisi\u00f3n Interamericana\" \/>\n<meta property=\"og:description\" content=\"7 de marzo de 2020 | Manila, Filipinas | ADRA Canada News Situado a solamente 50 kil\u00f3metros al sur de Manila, la ciudad capital de Filipinas, el volc\u00e1n Taal es...\" \/>\n<meta property=\"og:url\" content=\"https:\/\/interamerica.org\/es\/2020\/03\/el-dia-en-que-llovio-piedra-y-ceniza\/\" \/>\n<meta property=\"og:site_name\" content=\"Iglesia Adventista del S\u00e9ptimo D\u00eda - Divisi\u00f3n Interamericana\" \/>\n<meta property=\"article:published_time\" content=\"2020-03-09T01:44:42+00:00\" \/>\n<meta property=\"article:modified_time\" content=\"2020-03-12T02:30:25+00:00\" \/>\n<meta property=\"og:image\" content=\"https:\/\/interamerica.org\/wp-content\/uploads\/2020\/03\/the-day-it-rained-ash-and-stones-1280.jpg\" \/>\n\t<meta property=\"og:image:width\" content=\"1280\" \/>\n\t<meta property=\"og:image:height\" content=\"800\" \/>\n\t<meta property=\"og:image:type\" content=\"image\/jpeg\" \/>\n<meta name=\"author\" content=\"libna\" \/>\n<meta name=\"twitter:card\" content=\"summary_large_image\" \/>\n<meta name=\"twitter:label1\" content=\"Escrito por\" \/>\n\t<meta name=\"twitter:data1\" content=\"libna\" \/>\n\t<meta name=\"twitter:label2\" content=\"Tiempo de lectura\" \/>\n\t<meta name=\"twitter:data2\" content=\"5 minutos\" \/>\n<script type=\"application\/ld+json\" class=\"yoast-schema-graph\">{\"@context\":\"https:\\\/\\\/schema.org\",\"@graph\":[{\"@type\":\"Article\",\"@id\":\"https:\\\/\\\/interamerica.org\\\/es\\\/2020\\\/03\\\/el-dia-en-que-llovio-piedra-y-ceniza\\\/#article\",\"isPartOf\":{\"@id\":\"https:\\\/\\\/interamerica.org\\\/es\\\/2020\\\/03\\\/el-dia-en-que-llovio-piedra-y-ceniza\\\/\"},\"author\":{\"name\":\"libna\",\"@id\":\"https:\\\/\\\/interamerica.org\\\/es\\\/#\\\/schema\\\/person\\\/29998f2bc2d8bd0d38662909289b54f1\"},\"headline\":\"El d\u00eda en que llovi\u00f3 piedra y ceniza\",\"datePublished\":\"2020-03-09T01:44:42+00:00\",\"dateModified\":\"2020-03-12T02:30:25+00:00\",\"mainEntityOfPage\":{\"@id\":\"https:\\\/\\\/interamerica.org\\\/es\\\/2020\\\/03\\\/el-dia-en-que-llovio-piedra-y-ceniza\\\/\"},\"wordCount\":932,\"commentCount\":0,\"image\":{\"@id\":\"https:\\\/\\\/interamerica.org\\\/es\\\/2020\\\/03\\\/el-dia-en-que-llovio-piedra-y-ceniza\\\/#primaryimage\"},\"thumbnailUrl\":\"https:\\\/\\\/interamerica.org\\\/wp-content\\\/uploads\\\/2020\\\/03\\\/the-day-it-rained-ash-and-stones-1280.jpg\",\"articleSection\":[\"Desde la iglesia mundial\",\"RSS Espa\u00f1ol\"],\"inLanguage\":\"es\",\"potentialAction\":[{\"@type\":\"CommentAction\",\"name\":\"Comment\",\"target\":[\"https:\\\/\\\/interamerica.org\\\/es\\\/2020\\\/03\\\/el-dia-en-que-llovio-piedra-y-ceniza\\\/#respond\"]}]},{\"@type\":\"WebPage\",\"@id\":\"https:\\\/\\\/interamerica.org\\\/es\\\/2020\\\/03\\\/el-dia-en-que-llovio-piedra-y-ceniza\\\/\",\"url\":\"https:\\\/\\\/interamerica.org\\\/es\\\/2020\\\/03\\\/el-dia-en-que-llovio-piedra-y-ceniza\\\/\",\"name\":\"El d\u00eda en que llovi\u00f3 piedra y ceniza - Iglesia Adventista del S\u00e9ptimo D\u00eda - Divisi\u00f3n Interamericana\",\"isPartOf\":{\"@id\":\"https:\\\/\\\/interamerica.org\\\/es\\\/#website\"},\"primaryImageOfPage\":{\"@id\":\"https:\\\/\\\/interamerica.org\\\/es\\\/2020\\\/03\\\/el-dia-en-que-llovio-piedra-y-ceniza\\\/#primaryimage\"},\"image\":{\"@id\":\"https:\\\/\\\/interamerica.org\\\/es\\\/2020\\\/03\\\/el-dia-en-que-llovio-piedra-y-ceniza\\\/#primaryimage\"},\"thumbnailUrl\":\"https:\\\/\\\/interamerica.org\\\/wp-content\\\/uploads\\\/2020\\\/03\\\/the-day-it-rained-ash-and-stones-1280.jpg\",\"datePublished\":\"2020-03-09T01:44:42+00:00\",\"dateModified\":\"2020-03-12T02:30:25+00:00\",\"author\":{\"@id\":\"https:\\\/\\\/interamerica.org\\\/es\\\/#\\\/schema\\\/person\\\/29998f2bc2d8bd0d38662909289b54f1\"},\"breadcrumb\":{\"@id\":\"https:\\\/\\\/interamerica.org\\\/es\\\/2020\\\/03\\\/el-dia-en-que-llovio-piedra-y-ceniza\\\/#breadcrumb\"},\"inLanguage\":\"es\",\"potentialAction\":[{\"@type\":\"ReadAction\",\"target\":[\"https:\\\/\\\/interamerica.org\\\/es\\\/2020\\\/03\\\/el-dia-en-que-llovio-piedra-y-ceniza\\\/\"]}]},{\"@type\":\"ImageObject\",\"inLanguage\":\"es\",\"@id\":\"https:\\\/\\\/interamerica.org\\\/es\\\/2020\\\/03\\\/el-dia-en-que-llovio-piedra-y-ceniza\\\/#primaryimage\",\"url\":\"https:\\\/\\\/interamerica.org\\\/wp-content\\\/uploads\\\/2020\\\/03\\\/the-day-it-rained-ash-and-stones-1280.jpg\",\"contentUrl\":\"https:\\\/\\\/interamerica.org\\\/wp-content\\\/uploads\\\/2020\\\/03\\\/the-day-it-rained-ash-and-stones-1280.jpg\",\"width\":1280,\"height\":800},{\"@type\":\"BreadcrumbList\",\"@id\":\"https:\\\/\\\/interamerica.org\\\/es\\\/2020\\\/03\\\/el-dia-en-que-llovio-piedra-y-ceniza\\\/#breadcrumb\",\"itemListElement\":[{\"@type\":\"ListItem\",\"position\":1,\"name\":\"Home\",\"item\":\"https:\\\/\\\/interamerica.org\\\/es\\\/\"},{\"@type\":\"ListItem\",\"position\":2,\"name\":\"El d\u00eda en que llovi\u00f3 piedra y ceniza\"}]},{\"@type\":\"WebSite\",\"@id\":\"https:\\\/\\\/interamerica.org\\\/es\\\/#website\",\"url\":\"https:\\\/\\\/interamerica.org\\\/es\\\/\",\"name\":\"Iglesia Adventista del S\u00e9ptimo D\u00eda - Divisi\u00f3n Interamericana\",\"description\":\"\",\"potentialAction\":[{\"@type\":\"SearchAction\",\"target\":{\"@type\":\"EntryPoint\",\"urlTemplate\":\"https:\\\/\\\/interamerica.org\\\/es\\\/?s={search_term_string}\"},\"query-input\":{\"@type\":\"PropertyValueSpecification\",\"valueRequired\":true,\"valueName\":\"search_term_string\"}}],\"inLanguage\":\"es\"},{\"@type\":\"Person\",\"@id\":\"https:\\\/\\\/interamerica.org\\\/es\\\/#\\\/schema\\\/person\\\/29998f2bc2d8bd0d38662909289b54f1\",\"name\":\"libna\",\"image\":{\"@type\":\"ImageObject\",\"inLanguage\":\"es\",\"@id\":\"https:\\\/\\\/secure.gravatar.com\\\/avatar\\\/7c5bd30ae4b47a9ba3c856590957fd1d96dc588bf3ac05719d247e126840331f?s=96&d=mm&r=g\",\"url\":\"https:\\\/\\\/secure.gravatar.com\\\/avatar\\\/7c5bd30ae4b47a9ba3c856590957fd1d96dc588bf3ac05719d247e126840331f?s=96&d=mm&r=g\",\"contentUrl\":\"https:\\\/\\\/secure.gravatar.com\\\/avatar\\\/7c5bd30ae4b47a9ba3c856590957fd1d96dc588bf3ac05719d247e126840331f?s=96&d=mm&r=g\",\"caption\":\"libna\"}}]}<\/script>\n<!-- \/ Yoast SEO plugin. -->","yoast_head_json":{"title":"El d\u00eda en que llovi\u00f3 piedra y ceniza - Iglesia Adventista del S\u00e9ptimo D\u00eda - Divisi\u00f3n Interamericana","robots":{"index":"index","follow":"follow","max-snippet":"max-snippet:-1","max-image-preview":"max-image-preview:large","max-video-preview":"max-video-preview:-1"},"canonical":"https:\/\/interamerica.org\/es\/2020\/03\/el-dia-en-que-llovio-piedra-y-ceniza\/","og_locale":"es_ES","og_type":"article","og_title":"El d\u00eda en que llovi\u00f3 piedra y ceniza - Iglesia Adventista del S\u00e9ptimo D\u00eda - Divisi\u00f3n Interamericana","og_description":"7 de marzo de 2020 | Manila, Filipinas | ADRA Canada News Situado a solamente 50 kil\u00f3metros al sur de Manila, la ciudad capital de Filipinas, el volc\u00e1n Taal es...","og_url":"https:\/\/interamerica.org\/es\/2020\/03\/el-dia-en-que-llovio-piedra-y-ceniza\/","og_site_name":"Iglesia Adventista del S\u00e9ptimo D\u00eda - Divisi\u00f3n Interamericana","article_published_time":"2020-03-09T01:44:42+00:00","article_modified_time":"2020-03-12T02:30:25+00:00","og_image":[{"width":1280,"height":800,"url":"https:\/\/interamerica.org\/wp-content\/uploads\/2020\/03\/the-day-it-rained-ash-and-stones-1280.jpg","type":"image\/jpeg"}],"author":"libna","twitter_card":"summary_large_image","twitter_misc":{"Escrito por":"libna","Tiempo de lectura":"5 minutos"},"schema":{"@context":"https:\/\/schema.org","@graph":[{"@type":"Article","@id":"https:\/\/interamerica.org\/es\/2020\/03\/el-dia-en-que-llovio-piedra-y-ceniza\/#article","isPartOf":{"@id":"https:\/\/interamerica.org\/es\/2020\/03\/el-dia-en-que-llovio-piedra-y-ceniza\/"},"author":{"name":"libna","@id":"https:\/\/interamerica.org\/es\/#\/schema\/person\/29998f2bc2d8bd0d38662909289b54f1"},"headline":"El d\u00eda en que llovi\u00f3 piedra y ceniza","datePublished":"2020-03-09T01:44:42+00:00","dateModified":"2020-03-12T02:30:25+00:00","mainEntityOfPage":{"@id":"https:\/\/interamerica.org\/es\/2020\/03\/el-dia-en-que-llovio-piedra-y-ceniza\/"},"wordCount":932,"commentCount":0,"image":{"@id":"https:\/\/interamerica.org\/es\/2020\/03\/el-dia-en-que-llovio-piedra-y-ceniza\/#primaryimage"},"thumbnailUrl":"https:\/\/interamerica.org\/wp-content\/uploads\/2020\/03\/the-day-it-rained-ash-and-stones-1280.jpg","articleSection":["Desde la iglesia mundial","RSS Espa\u00f1ol"],"inLanguage":"es","potentialAction":[{"@type":"CommentAction","name":"Comment","target":["https:\/\/interamerica.org\/es\/2020\/03\/el-dia-en-que-llovio-piedra-y-ceniza\/#respond"]}]},{"@type":"WebPage","@id":"https:\/\/interamerica.org\/es\/2020\/03\/el-dia-en-que-llovio-piedra-y-ceniza\/","url":"https:\/\/interamerica.org\/es\/2020\/03\/el-dia-en-que-llovio-piedra-y-ceniza\/","name":"El d\u00eda en que llovi\u00f3 piedra y ceniza - Iglesia Adventista del S\u00e9ptimo D\u00eda - Divisi\u00f3n Interamericana","isPartOf":{"@id":"https:\/\/interamerica.org\/es\/#website"},"primaryImageOfPage":{"@id":"https:\/\/interamerica.org\/es\/2020\/03\/el-dia-en-que-llovio-piedra-y-ceniza\/#primaryimage"},"image":{"@id":"https:\/\/interamerica.org\/es\/2020\/03\/el-dia-en-que-llovio-piedra-y-ceniza\/#primaryimage"},"thumbnailUrl":"https:\/\/interamerica.org\/wp-content\/uploads\/2020\/03\/the-day-it-rained-ash-and-stones-1280.jpg","datePublished":"2020-03-09T01:44:42+00:00","dateModified":"2020-03-12T02:30:25+00:00","author":{"@id":"https:\/\/interamerica.org\/es\/#\/schema\/person\/29998f2bc2d8bd0d38662909289b54f1"},"breadcrumb":{"@id":"https:\/\/interamerica.org\/es\/2020\/03\/el-dia-en-que-llovio-piedra-y-ceniza\/#breadcrumb"},"inLanguage":"es","potentialAction":[{"@type":"ReadAction","target":["https:\/\/interamerica.org\/es\/2020\/03\/el-dia-en-que-llovio-piedra-y-ceniza\/"]}]},{"@type":"ImageObject","inLanguage":"es","@id":"https:\/\/interamerica.org\/es\/2020\/03\/el-dia-en-que-llovio-piedra-y-ceniza\/#primaryimage","url":"https:\/\/interamerica.org\/wp-content\/uploads\/2020\/03\/the-day-it-rained-ash-and-stones-1280.jpg","contentUrl":"https:\/\/interamerica.org\/wp-content\/uploads\/2020\/03\/the-day-it-rained-ash-and-stones-1280.jpg","width":1280,"height":800},{"@type":"BreadcrumbList","@id":"https:\/\/interamerica.org\/es\/2020\/03\/el-dia-en-que-llovio-piedra-y-ceniza\/#breadcrumb","itemListElement":[{"@type":"ListItem","position":1,"name":"Home","item":"https:\/\/interamerica.org\/es\/"},{"@type":"ListItem","position":2,"name":"El d\u00eda en que llovi\u00f3 piedra y ceniza"}]},{"@type":"WebSite","@id":"https:\/\/interamerica.org\/es\/#website","url":"https:\/\/interamerica.org\/es\/","name":"Iglesia Adventista del S\u00e9ptimo D\u00eda - Divisi\u00f3n Interamericana","description":"","potentialAction":[{"@type":"SearchAction","target":{"@type":"EntryPoint","urlTemplate":"https:\/\/interamerica.org\/es\/?s={search_term_string}"},"query-input":{"@type":"PropertyValueSpecification","valueRequired":true,"valueName":"search_term_string"}}],"inLanguage":"es"},{"@type":"Person","@id":"https:\/\/interamerica.org\/es\/#\/schema\/person\/29998f2bc2d8bd0d38662909289b54f1","name":"libna","image":{"@type":"ImageObject","inLanguage":"es","@id":"https:\/\/secure.gravatar.com\/avatar\/7c5bd30ae4b47a9ba3c856590957fd1d96dc588bf3ac05719d247e126840331f?s=96&d=mm&r=g","url":"https:\/\/secure.gravatar.com\/avatar\/7c5bd30ae4b47a9ba3c856590957fd1d96dc588bf3ac05719d247e126840331f?s=96&d=mm&r=g","contentUrl":"https:\/\/secure.gravatar.com\/avatar\/7c5bd30ae4b47a9ba3c856590957fd1d96dc588bf3ac05719d247e126840331f?s=96&d=mm&r=g","caption":"libna"}}]}},"_links":{"self":[{"href":"https:\/\/interamerica.org\/es\/wp-json\/wp\/v2\/posts\/56087","targetHints":{"allow":["GET"]}}],"collection":[{"href":"https:\/\/interamerica.org\/es\/wp-json\/wp\/v2\/posts"}],"about":[{"href":"https:\/\/interamerica.org\/es\/wp-json\/wp\/v2\/types\/post"}],"author":[{"embeddable":true,"href":"https:\/\/interamerica.org\/es\/wp-json\/wp\/v2\/users\/3"}],"replies":[{"embeddable":true,"href":"https:\/\/interamerica.org\/es\/wp-json\/wp\/v2\/comments?post=56087"}],"version-history":[{"count":0,"href":"https:\/\/interamerica.org\/es\/wp-json\/wp\/v2\/posts\/56087\/revisions"}],"wp:featuredmedia":[{"embeddable":true,"href":"https:\/\/interamerica.org\/es\/wp-json\/wp\/v2\/media\/56065"}],"wp:attachment":[{"href":"https:\/\/interamerica.org\/es\/wp-json\/wp\/v2\/media?parent=56087"}],"wp:term":[{"taxonomy":"category","embeddable":true,"href":"https:\/\/interamerica.org\/es\/wp-json\/wp\/v2\/categories?post=56087"},{"taxonomy":"post_tag","embeddable":true,"href":"https:\/\/interamerica.org\/es\/wp-json\/wp\/v2\/tags?post=56087"}],"curies":[{"name":"wp","href":"https:\/\/api.w.org\/{rel}","templated":true}]}}