{"id":56099,"date":"2020-03-10T22:19:42","date_gmt":"2020-03-11T02:19:42","guid":{"rendered":"https:\/\/recursing-golick.147-182-135-0.plesk.page\/?p=56099"},"modified":"2020-03-11T09:27:24","modified_gmt":"2020-03-11T13:27:24","slug":"propuesta-aceptada-por-el-manual-oxford-sobre-el-adventismo-del-septimo-dia","status":"publish","type":"post","link":"https:\/\/interamerica.org\/es\/2020\/03\/propuesta-aceptada-por-el-manual-oxford-sobre-el-adventismo-del-septimo-dia\/","title":{"rendered":"Propuesta aceptada por el \u2018Manual Oxford sobre el Adventismo del S\u00e9ptimo D\u00eda&#8217;"},"content":{"rendered":"<p>10 de marzo de 2020 | Por Gillian Panigot, Andrews University; y Timothy Kosaka, Southwestern Adventist University<\/p>\n<p>Hace m\u00e1s de dos a\u00f1os se formul\u00f3 un proyecto en el que se cubrir\u00eda el tema del adventismo del s\u00e9ptimo d\u00eda en la serie Oxford Handbooks (Manuales Oxford). Recientemente, Oxford University Press (OUP), acept\u00f3 una propuesta para este proyecto. El proyecto ser\u00e1 dirigido por personal de la facultad de varias instituciones, con la participaci\u00f3n principal de dos universidades adventistas en los Estados Unidos, \u00a0la Universidad Andrews \u00a0y la Universidad Adventista del Suroeste (Southwestern Adventist University).<\/p>\n<p>El libro completo contendr\u00e1 aproximadamente unos 40 cap\u00edtulos redactados por reconocidos eruditos, tanto adventistas del s\u00e9ptimo d\u00eda, como no adventistas, que cuentan con un buen historial demostrable de publicaciones arbitradas (sometidas al arbitraje de pares). Los cap\u00edtulos estar\u00e1n organizados en siete secciones generales que tratar\u00e1n sobre varios t\u00f3picos, incluyendo la historia del adventismo, la teolog\u00eda y organizaci\u00f3n adventistas y su enfoque hacia la cultura, la \u00e9tica y la pol\u00edtica. Cada cap\u00edtulo proveer\u00e1 res\u00famenes acad\u00e9micos e hist\u00f3ricos de los t\u00f3picos, as\u00ed como acotaciones o notas a pie de p\u00e1gina y una secci\u00f3n de \u201clecturas adicionales sugerentes\u201d.<\/p>\n<p>\u201cCreemos que este es un proyecto acad\u00e9mico significativo para la Iglesia Adventista del S\u00e9ptimo D\u00eda\u201d, dijo Michael W. Campbell, profesor de religi\u00f3n de la Southwestern Adventist University y miembro del equipo editorial. \u201cEsta ser\u00e1 la primera obra de referencia autorizada en un solo volumen, relacionada con la iglesia y publicada por una importante editorial acad\u00e9mica. Como tal, esta obra va a aparecer en las bibliotecas acad\u00e9micas en todo el mundo. Se va a constituir en el punto de partida de acad\u00e9micos, estudiantes y otros que tal vez no est\u00e9n familiarizados con el adventismo, para conocer acerca de la Iglesia Adventista\u201d.<\/p>\n<p>Denis Kaiser, profesor asistente de historia de la iglesia en el Seminario Teol\u00f3gico Adventista de la Universidad Andrews y miembro tambi\u00e9n del equipo editorial, dijo: \u201cEn la pasada d\u00e9cada, los adventistas del s\u00e9ptimo d\u00eda aparecieron frecuentemente en las noticias. Tales apariciones en los medios de comunicaci\u00f3n enfatizan ciertos aspectos del adventismo, pero no pueden suplir la necesidad de una obra bien redondeada, exhaustiva, cabal y perspicaz sobre la comunidad adventista. Nos emociona saber que la Oxford University Press vea como valioso este proyecto y nos alegra todav\u00eda m\u00e1s el hecho de que podr\u00edamos ganar para el proyecto a 40 autores de todo el mundo. Al escribir desde una variedad de perspectivas, los autores podr\u00e1n ciertamente ofrecer un enriquecedor caleidoscopio de la historia, creencias, convicciones, actividades y culturas dentro del adventismo del s\u00e9ptimo d\u00eda\u201d.<\/p>\n<p>Otros miembros adicionales del equipo editorial son Christie Chui-Shan Chow, de la facultad del \u00a0City Seminary de Nueva York y misionera educacional en China; Nicholas P. Miller, profesor de historia de la iglesia en el Seminario Teol\u00f3gico Adventista de la Universidad Andrews y David F. Holland, profesor de historia de la iglesia de Nueva Inglaterra, en la Universidad de Harvard.<\/p>\n<p>\u201cEl \u2018Manual Oxford sobre el Adventismo del S\u00e9ptimo D\u00eda\u2019 provee una oportunidad \u00fanica para establecer una obra de referencia bien autorizada sobre la Iglesia Adventista del S\u00e9ptimo D\u00eda, que est\u00e1 dirigida al p\u00fablico en general\u201d, dijo Ella Simmons, vicepresidenta general de la Asociaci\u00f3n General de los Adventistas del S\u00e9ptimo D\u00eda. \u201cEn a\u00f1os recientes, los eruditos adventistas han hecho contribuciones significativas en el ramo de la literatura religiosa, que crean una base de conocimiento amplio y bien equilibrado acerca de la diversa comunidad adventista mundial\u201d.<\/p>\n<p>Se proyecta que los cap\u00edtulos queden terminados para el verano del 2020 y que pueda someterse el manuscrito final a la Oxford University Press para el verano de 2021.<\/p>\n<p>Traducci\u00f3n \u2013 Gloria A Castrej\u00f3n<\/p>\n<p><span class=\"byline-news\">\u00a0\u00a0\u00a0\u00a0\u00a0 <\/span><\/p>\n","protected":false},"excerpt":{"rendered":"<p>10 de marzo de 2020 | Por Gillian Panigot, Andrews University; y Timothy Kosaka, Southwestern Adventist University Hace m\u00e1s de dos a\u00f1os se formul\u00f3 un proyecto en el que se&#8230;<\/p>\n","protected":false},"author":3,"featured_media":56071,"comment_status":"open","ping_status":"closed","sticky":false,"template":"","format":"standard","meta":{"_acf_changed":false,"footnotes":""},"categories":[14,15],"tags":[],"class_list":["post-56099","post","type-post","status-publish","format-standard","has-post-thumbnail","hentry","category-de-la-iglesia-mundial","category-rss-espanol"],"acf":[],"yoast_head":"<!-- This site is optimized with the Yoast SEO plugin v27.3 - https:\/\/yoast.com\/product\/yoast-seo-wordpress\/ -->\n<title>Propuesta aceptada por el \u2018Manual Oxford sobre el Adventismo del S\u00e9ptimo D\u00eda&#039; - Iglesia Adventista del S\u00e9ptimo D\u00eda - Divisi\u00f3n Interamericana<\/title>\n<meta name=\"robots\" content=\"index, follow, max-snippet:-1, max-image-preview:large, max-video-preview:-1\" \/>\n<link rel=\"canonical\" href=\"https:\/\/interamerica.org\/es\/2020\/03\/propuesta-aceptada-por-el-manual-oxford-sobre-el-adventismo-del-septimo-dia\/\" \/>\n<meta property=\"og:locale\" content=\"es_ES\" \/>\n<meta property=\"og:type\" content=\"article\" \/>\n<meta property=\"og:title\" content=\"Propuesta aceptada por el \u2018Manual Oxford sobre el Adventismo del S\u00e9ptimo D\u00eda&#039; - Iglesia Adventista del S\u00e9ptimo D\u00eda - Divisi\u00f3n Interamericana\" \/>\n<meta property=\"og:description\" content=\"10 de marzo de 2020 | Por Gillian Panigot, Andrews University; y Timothy Kosaka, Southwestern Adventist University Hace m\u00e1s de dos a\u00f1os se formul\u00f3 un proyecto en el que se...\" \/>\n<meta property=\"og:url\" content=\"https:\/\/interamerica.org\/es\/2020\/03\/propuesta-aceptada-por-el-manual-oxford-sobre-el-adventismo-del-septimo-dia\/\" \/>\n<meta property=\"og:site_name\" content=\"Iglesia Adventista del S\u00e9ptimo D\u00eda - Divisi\u00f3n Interamericana\" \/>\n<meta property=\"article:published_time\" content=\"2020-03-11T02:19:42+00:00\" \/>\n<meta property=\"article:modified_time\" content=\"2020-03-11T13:27:24+00:00\" \/>\n<meta property=\"og:image\" content=\"https:\/\/interamerica.org\/wp-content\/uploads\/2020\/03\/proposal-accepted-for-oxford-handbook-of-seventh-day-adventism1280.jpg\" \/>\n\t<meta property=\"og:image:width\" content=\"1280\" \/>\n\t<meta property=\"og:image:height\" content=\"800\" \/>\n\t<meta property=\"og:image:type\" content=\"image\/jpeg\" \/>\n<meta name=\"author\" content=\"libna\" \/>\n<meta name=\"twitter:card\" content=\"summary_large_image\" \/>\n<meta name=\"twitter:label1\" content=\"Escrito por\" \/>\n\t<meta name=\"twitter:data1\" content=\"libna\" \/>\n\t<meta name=\"twitter:label2\" content=\"Tiempo de lectura\" \/>\n\t<meta name=\"twitter:data2\" content=\"3 minutos\" \/>\n<script type=\"application\/ld+json\" class=\"yoast-schema-graph\">{\"@context\":\"https:\\\/\\\/schema.org\",\"@graph\":[{\"@type\":\"Article\",\"@id\":\"https:\\\/\\\/interamerica.org\\\/es\\\/2020\\\/03\\\/propuesta-aceptada-por-el-manual-oxford-sobre-el-adventismo-del-septimo-dia\\\/#article\",\"isPartOf\":{\"@id\":\"https:\\\/\\\/interamerica.org\\\/es\\\/2020\\\/03\\\/propuesta-aceptada-por-el-manual-oxford-sobre-el-adventismo-del-septimo-dia\\\/\"},\"author\":{\"name\":\"libna\",\"@id\":\"https:\\\/\\\/interamerica.org\\\/es\\\/#\\\/schema\\\/person\\\/29998f2bc2d8bd0d38662909289b54f1\"},\"headline\":\"Propuesta aceptada por el \u2018Manual Oxford sobre el Adventismo del S\u00e9ptimo D\u00eda&#8217;\",\"datePublished\":\"2020-03-11T02:19:42+00:00\",\"dateModified\":\"2020-03-11T13:27:24+00:00\",\"mainEntityOfPage\":{\"@id\":\"https:\\\/\\\/interamerica.org\\\/es\\\/2020\\\/03\\\/propuesta-aceptada-por-el-manual-oxford-sobre-el-adventismo-del-septimo-dia\\\/\"},\"wordCount\":660,\"commentCount\":0,\"image\":{\"@id\":\"https:\\\/\\\/interamerica.org\\\/es\\\/2020\\\/03\\\/propuesta-aceptada-por-el-manual-oxford-sobre-el-adventismo-del-septimo-dia\\\/#primaryimage\"},\"thumbnailUrl\":\"https:\\\/\\\/interamerica.org\\\/wp-content\\\/uploads\\\/2020\\\/03\\\/proposal-accepted-for-oxford-handbook-of-seventh-day-adventism1280.jpg\",\"articleSection\":[\"Desde la iglesia mundial\",\"RSS Espa\u00f1ol\"],\"inLanguage\":\"es\",\"potentialAction\":[{\"@type\":\"CommentAction\",\"name\":\"Comment\",\"target\":[\"https:\\\/\\\/interamerica.org\\\/es\\\/2020\\\/03\\\/propuesta-aceptada-por-el-manual-oxford-sobre-el-adventismo-del-septimo-dia\\\/#respond\"]}]},{\"@type\":\"WebPage\",\"@id\":\"https:\\\/\\\/interamerica.org\\\/es\\\/2020\\\/03\\\/propuesta-aceptada-por-el-manual-oxford-sobre-el-adventismo-del-septimo-dia\\\/\",\"url\":\"https:\\\/\\\/interamerica.org\\\/es\\\/2020\\\/03\\\/propuesta-aceptada-por-el-manual-oxford-sobre-el-adventismo-del-septimo-dia\\\/\",\"name\":\"Propuesta aceptada por el \u2018Manual Oxford sobre el Adventismo del S\u00e9ptimo D\u00eda' - Iglesia Adventista del S\u00e9ptimo D\u00eda - Divisi\u00f3n Interamericana\",\"isPartOf\":{\"@id\":\"https:\\\/\\\/interamerica.org\\\/es\\\/#website\"},\"primaryImageOfPage\":{\"@id\":\"https:\\\/\\\/interamerica.org\\\/es\\\/2020\\\/03\\\/propuesta-aceptada-por-el-manual-oxford-sobre-el-adventismo-del-septimo-dia\\\/#primaryimage\"},\"image\":{\"@id\":\"https:\\\/\\\/interamerica.org\\\/es\\\/2020\\\/03\\\/propuesta-aceptada-por-el-manual-oxford-sobre-el-adventismo-del-septimo-dia\\\/#primaryimage\"},\"thumbnailUrl\":\"https:\\\/\\\/interamerica.org\\\/wp-content\\\/uploads\\\/2020\\\/03\\\/proposal-accepted-for-oxford-handbook-of-seventh-day-adventism1280.jpg\",\"datePublished\":\"2020-03-11T02:19:42+00:00\",\"dateModified\":\"2020-03-11T13:27:24+00:00\",\"author\":{\"@id\":\"https:\\\/\\\/interamerica.org\\\/es\\\/#\\\/schema\\\/person\\\/29998f2bc2d8bd0d38662909289b54f1\"},\"breadcrumb\":{\"@id\":\"https:\\\/\\\/interamerica.org\\\/es\\\/2020\\\/03\\\/propuesta-aceptada-por-el-manual-oxford-sobre-el-adventismo-del-septimo-dia\\\/#breadcrumb\"},\"inLanguage\":\"es\",\"potentialAction\":[{\"@type\":\"ReadAction\",\"target\":[\"https:\\\/\\\/interamerica.org\\\/es\\\/2020\\\/03\\\/propuesta-aceptada-por-el-manual-oxford-sobre-el-adventismo-del-septimo-dia\\\/\"]}]},{\"@type\":\"ImageObject\",\"inLanguage\":\"es\",\"@id\":\"https:\\\/\\\/interamerica.org\\\/es\\\/2020\\\/03\\\/propuesta-aceptada-por-el-manual-oxford-sobre-el-adventismo-del-septimo-dia\\\/#primaryimage\",\"url\":\"https:\\\/\\\/interamerica.org\\\/wp-content\\\/uploads\\\/2020\\\/03\\\/proposal-accepted-for-oxford-handbook-of-seventh-day-adventism1280.jpg\",\"contentUrl\":\"https:\\\/\\\/interamerica.org\\\/wp-content\\\/uploads\\\/2020\\\/03\\\/proposal-accepted-for-oxford-handbook-of-seventh-day-adventism1280.jpg\",\"width\":1280,\"height\":800,\"caption\":\"Imagen por Lalaine Macababbad en Unsplash\"},{\"@type\":\"BreadcrumbList\",\"@id\":\"https:\\\/\\\/interamerica.org\\\/es\\\/2020\\\/03\\\/propuesta-aceptada-por-el-manual-oxford-sobre-el-adventismo-del-septimo-dia\\\/#breadcrumb\",\"itemListElement\":[{\"@type\":\"ListItem\",\"position\":1,\"name\":\"Home\",\"item\":\"https:\\\/\\\/interamerica.org\\\/es\\\/\"},{\"@type\":\"ListItem\",\"position\":2,\"name\":\"Propuesta aceptada por el \u2018Manual Oxford sobre el Adventismo del S\u00e9ptimo D\u00eda&#8217;\"}]},{\"@type\":\"WebSite\",\"@id\":\"https:\\\/\\\/interamerica.org\\\/es\\\/#website\",\"url\":\"https:\\\/\\\/interamerica.org\\\/es\\\/\",\"name\":\"Iglesia Adventista del S\u00e9ptimo D\u00eda - Divisi\u00f3n Interamericana\",\"description\":\"\",\"potentialAction\":[{\"@type\":\"SearchAction\",\"target\":{\"@type\":\"EntryPoint\",\"urlTemplate\":\"https:\\\/\\\/interamerica.org\\\/es\\\/?s={search_term_string}\"},\"query-input\":{\"@type\":\"PropertyValueSpecification\",\"valueRequired\":true,\"valueName\":\"search_term_string\"}}],\"inLanguage\":\"es\"},{\"@type\":\"Person\",\"@id\":\"https:\\\/\\\/interamerica.org\\\/es\\\/#\\\/schema\\\/person\\\/29998f2bc2d8bd0d38662909289b54f1\",\"name\":\"libna\",\"image\":{\"@type\":\"ImageObject\",\"inLanguage\":\"es\",\"@id\":\"https:\\\/\\\/secure.gravatar.com\\\/avatar\\\/7c5bd30ae4b47a9ba3c856590957fd1d96dc588bf3ac05719d247e126840331f?s=96&d=mm&r=g\",\"url\":\"https:\\\/\\\/secure.gravatar.com\\\/avatar\\\/7c5bd30ae4b47a9ba3c856590957fd1d96dc588bf3ac05719d247e126840331f?s=96&d=mm&r=g\",\"contentUrl\":\"https:\\\/\\\/secure.gravatar.com\\\/avatar\\\/7c5bd30ae4b47a9ba3c856590957fd1d96dc588bf3ac05719d247e126840331f?s=96&d=mm&r=g\",\"caption\":\"libna\"}}]}<\/script>\n<!-- \/ Yoast SEO plugin. -->","yoast_head_json":{"title":"Propuesta aceptada por el \u2018Manual Oxford sobre el Adventismo del S\u00e9ptimo D\u00eda' - Iglesia Adventista del S\u00e9ptimo D\u00eda - Divisi\u00f3n Interamericana","robots":{"index":"index","follow":"follow","max-snippet":"max-snippet:-1","max-image-preview":"max-image-preview:large","max-video-preview":"max-video-preview:-1"},"canonical":"https:\/\/interamerica.org\/es\/2020\/03\/propuesta-aceptada-por-el-manual-oxford-sobre-el-adventismo-del-septimo-dia\/","og_locale":"es_ES","og_type":"article","og_title":"Propuesta aceptada por el \u2018Manual Oxford sobre el Adventismo del S\u00e9ptimo D\u00eda' - Iglesia Adventista del S\u00e9ptimo D\u00eda - Divisi\u00f3n Interamericana","og_description":"10 de marzo de 2020 | Por Gillian Panigot, Andrews University; y Timothy Kosaka, Southwestern Adventist University Hace m\u00e1s de dos a\u00f1os se formul\u00f3 un proyecto en el que se...","og_url":"https:\/\/interamerica.org\/es\/2020\/03\/propuesta-aceptada-por-el-manual-oxford-sobre-el-adventismo-del-septimo-dia\/","og_site_name":"Iglesia Adventista del S\u00e9ptimo D\u00eda - Divisi\u00f3n Interamericana","article_published_time":"2020-03-11T02:19:42+00:00","article_modified_time":"2020-03-11T13:27:24+00:00","og_image":[{"width":1280,"height":800,"url":"https:\/\/interamerica.org\/wp-content\/uploads\/2020\/03\/proposal-accepted-for-oxford-handbook-of-seventh-day-adventism1280.jpg","type":"image\/jpeg"}],"author":"libna","twitter_card":"summary_large_image","twitter_misc":{"Escrito por":"libna","Tiempo de lectura":"3 minutos"},"schema":{"@context":"https:\/\/schema.org","@graph":[{"@type":"Article","@id":"https:\/\/interamerica.org\/es\/2020\/03\/propuesta-aceptada-por-el-manual-oxford-sobre-el-adventismo-del-septimo-dia\/#article","isPartOf":{"@id":"https:\/\/interamerica.org\/es\/2020\/03\/propuesta-aceptada-por-el-manual-oxford-sobre-el-adventismo-del-septimo-dia\/"},"author":{"name":"libna","@id":"https:\/\/interamerica.org\/es\/#\/schema\/person\/29998f2bc2d8bd0d38662909289b54f1"},"headline":"Propuesta aceptada por el \u2018Manual Oxford sobre el Adventismo del S\u00e9ptimo D\u00eda&#8217;","datePublished":"2020-03-11T02:19:42+00:00","dateModified":"2020-03-11T13:27:24+00:00","mainEntityOfPage":{"@id":"https:\/\/interamerica.org\/es\/2020\/03\/propuesta-aceptada-por-el-manual-oxford-sobre-el-adventismo-del-septimo-dia\/"},"wordCount":660,"commentCount":0,"image":{"@id":"https:\/\/interamerica.org\/es\/2020\/03\/propuesta-aceptada-por-el-manual-oxford-sobre-el-adventismo-del-septimo-dia\/#primaryimage"},"thumbnailUrl":"https:\/\/interamerica.org\/wp-content\/uploads\/2020\/03\/proposal-accepted-for-oxford-handbook-of-seventh-day-adventism1280.jpg","articleSection":["Desde la iglesia mundial","RSS Espa\u00f1ol"],"inLanguage":"es","potentialAction":[{"@type":"CommentAction","name":"Comment","target":["https:\/\/interamerica.org\/es\/2020\/03\/propuesta-aceptada-por-el-manual-oxford-sobre-el-adventismo-del-septimo-dia\/#respond"]}]},{"@type":"WebPage","@id":"https:\/\/interamerica.org\/es\/2020\/03\/propuesta-aceptada-por-el-manual-oxford-sobre-el-adventismo-del-septimo-dia\/","url":"https:\/\/interamerica.org\/es\/2020\/03\/propuesta-aceptada-por-el-manual-oxford-sobre-el-adventismo-del-septimo-dia\/","name":"Propuesta aceptada por el \u2018Manual Oxford sobre el Adventismo del S\u00e9ptimo D\u00eda' - Iglesia Adventista del S\u00e9ptimo D\u00eda - Divisi\u00f3n Interamericana","isPartOf":{"@id":"https:\/\/interamerica.org\/es\/#website"},"primaryImageOfPage":{"@id":"https:\/\/interamerica.org\/es\/2020\/03\/propuesta-aceptada-por-el-manual-oxford-sobre-el-adventismo-del-septimo-dia\/#primaryimage"},"image":{"@id":"https:\/\/interamerica.org\/es\/2020\/03\/propuesta-aceptada-por-el-manual-oxford-sobre-el-adventismo-del-septimo-dia\/#primaryimage"},"thumbnailUrl":"https:\/\/interamerica.org\/wp-content\/uploads\/2020\/03\/proposal-accepted-for-oxford-handbook-of-seventh-day-adventism1280.jpg","datePublished":"2020-03-11T02:19:42+00:00","dateModified":"2020-03-11T13:27:24+00:00","author":{"@id":"https:\/\/interamerica.org\/es\/#\/schema\/person\/29998f2bc2d8bd0d38662909289b54f1"},"breadcrumb":{"@id":"https:\/\/interamerica.org\/es\/2020\/03\/propuesta-aceptada-por-el-manual-oxford-sobre-el-adventismo-del-septimo-dia\/#breadcrumb"},"inLanguage":"es","potentialAction":[{"@type":"ReadAction","target":["https:\/\/interamerica.org\/es\/2020\/03\/propuesta-aceptada-por-el-manual-oxford-sobre-el-adventismo-del-septimo-dia\/"]}]},{"@type":"ImageObject","inLanguage":"es","@id":"https:\/\/interamerica.org\/es\/2020\/03\/propuesta-aceptada-por-el-manual-oxford-sobre-el-adventismo-del-septimo-dia\/#primaryimage","url":"https:\/\/interamerica.org\/wp-content\/uploads\/2020\/03\/proposal-accepted-for-oxford-handbook-of-seventh-day-adventism1280.jpg","contentUrl":"https:\/\/interamerica.org\/wp-content\/uploads\/2020\/03\/proposal-accepted-for-oxford-handbook-of-seventh-day-adventism1280.jpg","width":1280,"height":800,"caption":"Imagen por Lalaine Macababbad en Unsplash"},{"@type":"BreadcrumbList","@id":"https:\/\/interamerica.org\/es\/2020\/03\/propuesta-aceptada-por-el-manual-oxford-sobre-el-adventismo-del-septimo-dia\/#breadcrumb","itemListElement":[{"@type":"ListItem","position":1,"name":"Home","item":"https:\/\/interamerica.org\/es\/"},{"@type":"ListItem","position":2,"name":"Propuesta aceptada por el \u2018Manual Oxford sobre el Adventismo del S\u00e9ptimo D\u00eda&#8217;"}]},{"@type":"WebSite","@id":"https:\/\/interamerica.org\/es\/#website","url":"https:\/\/interamerica.org\/es\/","name":"Iglesia Adventista del S\u00e9ptimo D\u00eda - Divisi\u00f3n Interamericana","description":"","potentialAction":[{"@type":"SearchAction","target":{"@type":"EntryPoint","urlTemplate":"https:\/\/interamerica.org\/es\/?s={search_term_string}"},"query-input":{"@type":"PropertyValueSpecification","valueRequired":true,"valueName":"search_term_string"}}],"inLanguage":"es"},{"@type":"Person","@id":"https:\/\/interamerica.org\/es\/#\/schema\/person\/29998f2bc2d8bd0d38662909289b54f1","name":"libna","image":{"@type":"ImageObject","inLanguage":"es","@id":"https:\/\/secure.gravatar.com\/avatar\/7c5bd30ae4b47a9ba3c856590957fd1d96dc588bf3ac05719d247e126840331f?s=96&d=mm&r=g","url":"https:\/\/secure.gravatar.com\/avatar\/7c5bd30ae4b47a9ba3c856590957fd1d96dc588bf3ac05719d247e126840331f?s=96&d=mm&r=g","contentUrl":"https:\/\/secure.gravatar.com\/avatar\/7c5bd30ae4b47a9ba3c856590957fd1d96dc588bf3ac05719d247e126840331f?s=96&d=mm&r=g","caption":"libna"}}]}},"_links":{"self":[{"href":"https:\/\/interamerica.org\/es\/wp-json\/wp\/v2\/posts\/56099","targetHints":{"allow":["GET"]}}],"collection":[{"href":"https:\/\/interamerica.org\/es\/wp-json\/wp\/v2\/posts"}],"about":[{"href":"https:\/\/interamerica.org\/es\/wp-json\/wp\/v2\/types\/post"}],"author":[{"embeddable":true,"href":"https:\/\/interamerica.org\/es\/wp-json\/wp\/v2\/users\/3"}],"replies":[{"embeddable":true,"href":"https:\/\/interamerica.org\/es\/wp-json\/wp\/v2\/comments?post=56099"}],"version-history":[{"count":0,"href":"https:\/\/interamerica.org\/es\/wp-json\/wp\/v2\/posts\/56099\/revisions"}],"wp:featuredmedia":[{"embeddable":true,"href":"https:\/\/interamerica.org\/es\/wp-json\/wp\/v2\/media\/56071"}],"wp:attachment":[{"href":"https:\/\/interamerica.org\/es\/wp-json\/wp\/v2\/media?parent=56099"}],"wp:term":[{"taxonomy":"category","embeddable":true,"href":"https:\/\/interamerica.org\/es\/wp-json\/wp\/v2\/categories?post=56099"},{"taxonomy":"post_tag","embeddable":true,"href":"https:\/\/interamerica.org\/es\/wp-json\/wp\/v2\/tags?post=56099"}],"curies":[{"name":"wp","href":"https:\/\/api.w.org\/{rel}","templated":true}]}}