{"id":56278,"date":"2020-03-16T21:40:06","date_gmt":"2020-03-17T01:40:06","guid":{"rendered":"https:\/\/recursing-golick.147-182-135-0.plesk.page\/?p=56278"},"modified":"2020-03-17T08:37:45","modified_gmt":"2020-03-17T12:37:45","slug":"principales-lideres-de-interamerica-suspenden-viajes-cancelan-principales-eventos-y-sus-empleados-comienzan-a-trabajar-a-distancia","status":"publish","type":"post","link":"https:\/\/interamerica.org\/es\/2020\/03\/principales-lideres-de-interamerica-suspenden-viajes-cancelan-principales-eventos-y-sus-empleados-comienzan-a-trabajar-a-distancia\/","title":{"rendered":"Principales l\u00edderes de Interam\u00e9rica suspenden viajes, cancelan principales eventos y sus empleados comienzan a trabajar a distancia"},"content":{"rendered":"<p>16 de marzo de 2020 | Miami, Florida, Estados Unidos | Libna Stevens, Noticias de la Divisi\u00f3n Interamericana<\/p>\n<p>En momentos en que la sombra de la pandemia del coronavirus (CODVID-19) se cierne sobre el mundo, los principales l\u00edderes del territorio de la Divisi\u00f3n Interamericana de la Iglesia Adventista del S\u00e9ptimo D\u00eda anunciaron en el d\u00eda de hoy la cancelaci\u00f3n de los pr\u00f3ximos eventos de importancia, la prohibici\u00f3n de todos los viajes durante los siguientes treinta d\u00edas, y revelaron operaciones de seguimiento de la iglesia para los pr\u00f3ximos d\u00edas y semanas.<\/p>\n<p>\u201cLa seguridad es de suma importancia para la iglesia de Interam\u00e9rica como as\u00ed tambi\u00e9n para la iglesia mundial durante esta situaci\u00f3n\u201d, dijo el pastor Elie Henry, presidente de la Iglesia Adventista en Interam\u00e9rica. Al presentar un informe a los l\u00edderes de la divisi\u00f3n, el pastor Henry dijo que probablemente se produzcan muchos ajustes a medida que se desarrolle la situaci\u00f3n.<\/p>\n<p>Una cosa est\u00e1 clara, expres\u00f3 Henry: \u201cQueremos seguir todos los reglamentos y recomendaciones del gobierno respecto de esta pandemia, ya sea a nivel federal o local\u201d, expres\u00f3. Esa declaraci\u00f3n va dirigida a todos los l\u00edderes que supervisan a la iglesia en las 24 regiones principales de Interam\u00e9rica, explic\u00f3 el presidente. \u201cSi el gobierno local toma una decisi\u00f3n, tenemos que seguirla. Si se les ordena que est\u00e9n en cuarentena durante dos semanas, entonces hay que obedecer\u201d.<\/p>\n<p><div id=\"attachment_56258\" style=\"width: 815px\" class=\"wp-caption aligncenter\"><img fetchpriority=\"high\" decoding=\"async\" aria-describedby=\"caption-attachment-56258\" class=\" wp-image-56259\" src=\"https:\/\/recursing-golick.147-182-135-0.plesk.page\/wp-content\/uploads\/2020\/03\/iad-administrators-videoconf-mar16-2020.jpg\" alt=\"\" width=\"805\" height=\"503\" srcset=\"https:\/\/interamerica.org\/wp-content\/uploads\/2020\/03\/iad-administrators-videoconf-mar16-2020.jpg 1000w, https:\/\/interamerica.org\/wp-content\/uploads\/2020\/03\/iad-administrators-videoconf-mar16-2020-300x188.jpg 300w, https:\/\/interamerica.org\/wp-content\/uploads\/2020\/03\/iad-administrators-videoconf-mar16-2020-768x480.jpg 768w\" sizes=\"(max-width: 805px) 100vw, 805px\" \/><p id=\"caption-attachment-56258\" class=\"wp-caption-text\">Administradores de la Divisi\u00f3n Interamericana hablan a los administradores de la uni\u00f3n el 16 de marzo de 2020, durante una reuni\u00f3n especial por video conferencia para actualizar sobre eventos cancelados, procedimientos de las operaciones y pr\u00f3ximas reuniones administrativas de la iglesia en mayo pr\u00f3ximo. [Fotograf\u00eda: Abel M\u00e1rquez\/DIA]<\/p><\/div>El pastor Henry record\u00f3 a los l\u00edderes que contin\u00faen lav\u00e1ndose las manos y guarden una higiene apropiada, y que mantengan la distancia social recomendada. \u201cSeguimos monitoreando toda informaci\u00f3n que comparta la Organizaci\u00f3n Mundial de la Salud, los gobiernos y la Asociaci\u00f3n General\u201d.<\/p>\n<p><strong>Suspensi\u00f3n de los viajes<\/strong><\/p>\n<p>Todos los viajes han sido suspendidos por los pr\u00f3ximos treinta d\u00edas, dijo. Eso se aplica a todo el personal que viaja.<\/p>\n<p>La mayor\u00eda de las uniones han reportado que los grandes eventos planificados de la iglesia han sido cancelados, y que la obra de evangelizaci\u00f3n contin\u00faa llev\u00e1ndose a cabo por medio de grupos peque\u00f1os y reuniones m\u00e1s reducidas, dijo.<\/p>\n<p><strong>Trabajo a distnacia<\/strong><\/p>\n<p>Los l\u00edderes y el personal continuar\u00e1n trabajando a distancia desde sus hogares, dado que las oficinas de la Divisi\u00f3n Interamericana estar\u00e1n cerradas hasta el 30 de marzo, dijo el pastor Henry. \u201cNo es que hemos dejado de funcionar. Pero nuestro trabajo ser\u00e1 llevado a cabo fuera de las oficinas\u201d, expres\u00f3.<\/p>\n<p>\u201cEste es el momento en que somos llamados a ser m\u00e1s creativos en nuestra manera de llevar adelante el trabajo, por lo que es una oportunidad de que apliquemos las tecnolog\u00edas disponibles en servicio de la misi\u00f3n\u201d, dijo el pastor Henry.<\/p>\n<p><div id=\"attachment_56264\" style=\"width: 806px\" class=\"wp-caption aligncenter\"><img decoding=\"async\" aria-describedby=\"caption-attachment-56264\" class=\" wp-image-56265\" src=\"https:\/\/recursing-golick.147-182-135-0.plesk.page\/wp-content\/uploads\/2020\/03\/elie-henry-videoconf-mar16-2020.jpg\" alt=\"\" width=\"796\" height=\"598\" srcset=\"https:\/\/interamerica.org\/wp-content\/uploads\/2020\/03\/elie-henry-videoconf-mar16-2020.jpg 950w, https:\/\/interamerica.org\/wp-content\/uploads\/2020\/03\/elie-henry-videoconf-mar16-2020-300x225.jpg 300w, https:\/\/interamerica.org\/wp-content\/uploads\/2020\/03\/elie-henry-videoconf-mar16-2020-768x576.jpg 768w\" sizes=\"(max-width: 796px) 100vw, 796px\" \/><p id=\"caption-attachment-56264\" class=\"wp-caption-text\">El pastor Elie Henry, presidente de la Divisi\u00f3n Interamericana (izquierda), es acompa\u00f1ado por sus colegas administradores en Miami, durante reuniones por videoconferencia en el d\u00eda de hoy con los 24 administradores de las uniones. [Fotograf\u00eda: Abel M\u00e1rquez\/DIA]<\/p><\/div><strong>Cancelaci\u00f3n de eventos<\/strong><\/p>\n<p>Las reuniones mitad de a\u00f1o de la Junta Directiva de Interam\u00e9rica y las reuniones previas, planificadas para el 4-7 de mayo, ser\u00e1n llevadas a cabo a trav\u00e9s del sistema de videoconferencias establecido en las 24 uniones del territorio, anunci\u00f3 el pastor Henry.<\/p>\n<p>Los eventos pr\u00f3ximos de la Divisi\u00f3n Interamericana que han sido cancelados incluyen:<\/p>\n<p>&#8211; 21 de marzo: Programa del D\u00eda Mundial de la Juventud, desde Medell\u00edn, Colombia<\/p>\n<p>&#8211; 4 de abril: Impacto de Evangelizaci\u00f3n \u201cSe\u00f1or, transf\u00f3rmame\u201d en Costa Rica<\/p>\n<p>&#8211; 3 de mayo: Competici\u00f3n quinquenal Conexi\u00f3n B\u00edblica en Miami<\/p>\n<p><strong>Instituciones educativas<\/strong><\/p>\n<p>El pastor Gamaliel Fl\u00f3rez, director de educaci\u00f3n de la Iglesia Adventista en Interam\u00e9rica, report\u00f3 que muchas de las universidades adventistas del territorio han cerrado por razones de seguridad bajo la recomendaci\u00f3n del gobierno de sus pa\u00edses.<\/p>\n<p>La Universidad de Montemorelos, una instituci\u00f3n m\u00e9dica operada por la Iglesia Adventista bajo la supervisi\u00f3n directa de la Divisi\u00f3n Interamericana, se ha mostrado proactiva a la hora de compartir medidas de precauci\u00f3n, y ha puesto a disposici\u00f3n recursos para ayudar durante la situaci\u00f3n del coronavirus, dijo Fl\u00f3rez. Otros est\u00e1n pasando a seguir con algunas de sus clases a trav\u00e9s del sistema de educaci\u00f3n en l\u00ednea.<\/p>\n<p>Seg\u00fan Fl\u00f3rez, muchos directores de educaci\u00f3n de las uniones han reportado el cierre de las instituciones educativas durante las pr\u00f3ximas dos a cuatro semanas, o en forma indefinida.<\/p>\n<p>\u201cNos sentimos felices de reportar que nuestro sistema educativo ha tomado las medidas apropiadas respecto de esta situaci\u00f3n, y que continuar\u00e1 haciendo los ajustes necesarios para el a\u00f1o escolar\u201d, dijo Fl\u00f3rez.<\/p>\n<p><strong>Instituciones hospitalarias<\/strong><\/p>\n<p>\u201cLos hospitales adventistas de Interam\u00e9rica tienen implementados procedimientos para casos de cat\u00e1strofes y emergencias\u201d, dijo el doctor Elie Honore, presidente de Servicios Adventistas de Salud de Interam\u00e9rica. Aunque muchos hospitales a\u00fan no poseen las pruebas para determinar si una persona sufre de coronavirus, el personal m\u00e9dico est\u00e1 recomendando que todo el que sufra s\u00edntomas similares a la gripe o cualquier otro s\u00edntoma sospechosos tome las medidas apropiadas\u201d, explic\u00f3 Honor\u00e9.<\/p>\n<p>\u201cTodos los administradores de nuestros hospitales contin\u00faan siguiendo las recomendaciones de los gobiernos, y siguen compartiendo informaci\u00f3n sobre medidas preventivas para que las personas se abstengan de seguir esparciendo el virus\u201d, dijo Honore.<\/p>\n<p>Los administradores de la Divisi\u00f3n Interamericana tambi\u00e9n se reunieron con todos los administradores de las uniones por medio de videoconferencias para actualizar a los l\u00edderes sobre decisiones relacionadas con el Congreso de la Asociaci\u00f3n General de la Iglesia Adventista mundial planificado para este verano, repasar medidas de precauci\u00f3n en el campo y los planes para reunirse en l\u00ednea en las pr\u00f3ximas reuniones anuales de mitad de a\u00f1o planificadas para mayo.<\/p>\n<p><strong>Continuaci\u00f3n de la obra de Dios<\/strong><\/p>\n<p>A medida que pasen los d\u00edas y las semanas, habr\u00e1 m\u00e1s actualizaciones disponibles para mantener informados a los l\u00edderes y miembros de la iglesia\u201d, dijo el pastor Henry. \u201cLa noticia puede ser estresante, pero no nos deprimamos por lo que est\u00e1 sucediendo en el mundo\u201d, dijo. \u201cSomos un pueblo que cree en la profec\u00eda, y necesitamos levantar nuestra vista porque Jes\u00fas viene pronto. Tenemos la esperanza de seguir adelante con la obra de Dios\u201d.<\/p>\n<p>El pastor Henry agradeci\u00f3 a los l\u00edderes de las uniones y las instituciones por mostrarse proactivos y tomar acciones de prevenci\u00f3n en estos momentos.<\/p>\n<p>\u201cPedimos que contin\u00faen con los esfuerzos unidos de proteger al pueblo de Dios y ser ejemplos en la comunidad. Por sobre todas las cosas, no nos olvidemos de compartir esperanza, ahora que es m\u00e1s necesaria que nunca\u201d.<\/p>\n<p>\u201cTenemos la confianza de que Dios seguir\u00e1 guiando a su iglesia y que continuaremos avanzando, confiando en que Cristo est\u00e1 con nosotros, fortaleci\u00e9ndonos con su mano derecha\u201d, dijo Henry.<\/p>\n<p><strong>Recursos:<\/strong><\/p>\n<p>Adventist Risk Management\u2019s webpage link: <a href=\"https:\/\/adventistrisk.org\/en- Enlace a la p\u00e1gina web de Adventist Risk Management: &lt;a href=\" target=\"_blank\" rel=\"noopener noreferrer\">https:\/\/adventistrisk.org\/en-us\/safety-resources\/solutions-newsletter\/2020\/march\/information-regarding-coronavirus-covid19-naden<\/a><\/p>\n<p>Art\u00edculo del doctor Peter Landless, director de Ministerios de Salud de la Asociaci\u00f3n General: <a href=\"http:\/\/healthministries.com\/articles\/homepage\/coronavirus-update\" target=\"_blank\" rel=\"noopener noreferrer\">http:\/\/healthministries.com\/articles\/homepage\/coronavirus-update<\/a><\/p>\n<p>Enlace al COVID-19 de la Organizaci\u00f3n Mundial de la Salud:<a href=\"https:\/\/www.who.int\/emergencies\/diseases\/novel-coronavirus-2019\" target=\"_blank\" rel=\"noopener noreferrer\">https:\/\/www.who.int\/emergencies\/diseases\/novel-coronavirus-2019<\/a><\/p>\n<p>Traducci\u00f3n de Marcos Paseggi<\/p>\n","protected":false},"excerpt":{"rendered":"<p>16 de marzo de 2020 | Miami, Florida, Estados Unidos | Libna Stevens, Noticias de la Divisi\u00f3n Interamericana En momentos en que la sombra de la pandemia del coronavirus (CODVID-19)&#8230;<\/p>\n","protected":false},"author":3,"featured_media":56272,"comment_status":"open","ping_status":"closed","sticky":false,"template":"","format":"standard","meta":{"_acf_changed":false,"footnotes":""},"categories":[16,15],"tags":[],"class_list":["post-56278","post","type-post","status-publish","format-standard","has-post-thumbnail","hentry","category-desde-la-sede","category-rss-espanol"],"acf":[],"yoast_head":"<!-- This site is optimized with the Yoast SEO plugin v27.3 - https:\/\/yoast.com\/product\/yoast-seo-wordpress\/ -->\n<title>Principales l\u00edderes de Interam\u00e9rica suspenden viajes, cancelan principales eventos y sus empleados comienzan a trabajar a distancia - Iglesia Adventista del S\u00e9ptimo D\u00eda - Divisi\u00f3n Interamericana<\/title>\n<meta name=\"robots\" content=\"index, follow, max-snippet:-1, max-image-preview:large, max-video-preview:-1\" \/>\n<link rel=\"canonical\" href=\"https:\/\/interamerica.org\/es\/2020\/03\/principales-lideres-de-interamerica-suspenden-viajes-cancelan-principales-eventos-y-sus-empleados-comienzan-a-trabajar-a-distancia\/\" \/>\n<meta property=\"og:locale\" content=\"es_ES\" \/>\n<meta property=\"og:type\" content=\"article\" \/>\n<meta property=\"og:title\" content=\"Principales l\u00edderes de Interam\u00e9rica suspenden viajes, cancelan principales eventos y sus empleados comienzan a trabajar a distancia - Iglesia Adventista del S\u00e9ptimo D\u00eda - Divisi\u00f3n Interamericana\" \/>\n<meta property=\"og:description\" content=\"16 de marzo de 2020 | Miami, Florida, Estados Unidos | Libna Stevens, Noticias de la Divisi\u00f3n Interamericana En momentos en que la sombra de la pandemia del coronavirus (CODVID-19)...\" \/>\n<meta property=\"og:url\" content=\"https:\/\/interamerica.org\/es\/2020\/03\/principales-lideres-de-interamerica-suspenden-viajes-cancelan-principales-eventos-y-sus-empleados-comienzan-a-trabajar-a-distancia\/\" \/>\n<meta property=\"og:site_name\" content=\"Iglesia Adventista del S\u00e9ptimo D\u00eda - Divisi\u00f3n Interamericana\" \/>\n<meta property=\"article:published_time\" content=\"2020-03-17T01:40:06+00:00\" \/>\n<meta property=\"article:modified_time\" content=\"2020-03-17T12:37:45+00:00\" \/>\n<meta property=\"og:image\" content=\"https:\/\/interamerica.org\/wp-content\/uploads\/2020\/03\/iad-sign-2.jpg\" \/>\n\t<meta property=\"og:image:width\" content=\"1000\" \/>\n\t<meta property=\"og:image:height\" content=\"667\" \/>\n\t<meta property=\"og:image:type\" content=\"image\/jpeg\" \/>\n<meta name=\"author\" content=\"libna\" \/>\n<meta name=\"twitter:card\" content=\"summary_large_image\" \/>\n<meta name=\"twitter:label1\" content=\"Escrito por\" \/>\n\t<meta name=\"twitter:data1\" content=\"libna\" \/>\n\t<meta name=\"twitter:label2\" content=\"Tiempo de lectura\" \/>\n\t<meta name=\"twitter:data2\" content=\"6 minutos\" \/>\n<script type=\"application\/ld+json\" class=\"yoast-schema-graph\">{\"@context\":\"https:\\\/\\\/schema.org\",\"@graph\":[{\"@type\":\"Article\",\"@id\":\"https:\\\/\\\/interamerica.org\\\/es\\\/2020\\\/03\\\/principales-lideres-de-interamerica-suspenden-viajes-cancelan-principales-eventos-y-sus-empleados-comienzan-a-trabajar-a-distancia\\\/#article\",\"isPartOf\":{\"@id\":\"https:\\\/\\\/interamerica.org\\\/es\\\/2020\\\/03\\\/principales-lideres-de-interamerica-suspenden-viajes-cancelan-principales-eventos-y-sus-empleados-comienzan-a-trabajar-a-distancia\\\/\"},\"author\":{\"name\":\"libna\",\"@id\":\"https:\\\/\\\/interamerica.org\\\/es\\\/#\\\/schema\\\/person\\\/29998f2bc2d8bd0d38662909289b54f1\"},\"headline\":\"Principales l\u00edderes de Interam\u00e9rica suspenden viajes, cancelan principales eventos y sus empleados comienzan a trabajar a distancia\",\"datePublished\":\"2020-03-17T01:40:06+00:00\",\"dateModified\":\"2020-03-17T12:37:45+00:00\",\"mainEntityOfPage\":{\"@id\":\"https:\\\/\\\/interamerica.org\\\/es\\\/2020\\\/03\\\/principales-lideres-de-interamerica-suspenden-viajes-cancelan-principales-eventos-y-sus-empleados-comienzan-a-trabajar-a-distancia\\\/\"},\"wordCount\":1315,\"commentCount\":0,\"image\":{\"@id\":\"https:\\\/\\\/interamerica.org\\\/es\\\/2020\\\/03\\\/principales-lideres-de-interamerica-suspenden-viajes-cancelan-principales-eventos-y-sus-empleados-comienzan-a-trabajar-a-distancia\\\/#primaryimage\"},\"thumbnailUrl\":\"https:\\\/\\\/interamerica.org\\\/wp-content\\\/uploads\\\/2020\\\/03\\\/iad-sign-2.jpg\",\"articleSection\":[\"Desde la sede\",\"RSS Espa\u00f1ol\"],\"inLanguage\":\"es\",\"potentialAction\":[{\"@type\":\"CommentAction\",\"name\":\"Comment\",\"target\":[\"https:\\\/\\\/interamerica.org\\\/es\\\/2020\\\/03\\\/principales-lideres-de-interamerica-suspenden-viajes-cancelan-principales-eventos-y-sus-empleados-comienzan-a-trabajar-a-distancia\\\/#respond\"]}]},{\"@type\":\"WebPage\",\"@id\":\"https:\\\/\\\/interamerica.org\\\/es\\\/2020\\\/03\\\/principales-lideres-de-interamerica-suspenden-viajes-cancelan-principales-eventos-y-sus-empleados-comienzan-a-trabajar-a-distancia\\\/\",\"url\":\"https:\\\/\\\/interamerica.org\\\/es\\\/2020\\\/03\\\/principales-lideres-de-interamerica-suspenden-viajes-cancelan-principales-eventos-y-sus-empleados-comienzan-a-trabajar-a-distancia\\\/\",\"name\":\"Principales l\u00edderes de Interam\u00e9rica suspenden viajes, cancelan principales eventos y sus empleados comienzan a trabajar a distancia - Iglesia Adventista del S\u00e9ptimo D\u00eda - Divisi\u00f3n Interamericana\",\"isPartOf\":{\"@id\":\"https:\\\/\\\/interamerica.org\\\/es\\\/#website\"},\"primaryImageOfPage\":{\"@id\":\"https:\\\/\\\/interamerica.org\\\/es\\\/2020\\\/03\\\/principales-lideres-de-interamerica-suspenden-viajes-cancelan-principales-eventos-y-sus-empleados-comienzan-a-trabajar-a-distancia\\\/#primaryimage\"},\"image\":{\"@id\":\"https:\\\/\\\/interamerica.org\\\/es\\\/2020\\\/03\\\/principales-lideres-de-interamerica-suspenden-viajes-cancelan-principales-eventos-y-sus-empleados-comienzan-a-trabajar-a-distancia\\\/#primaryimage\"},\"thumbnailUrl\":\"https:\\\/\\\/interamerica.org\\\/wp-content\\\/uploads\\\/2020\\\/03\\\/iad-sign-2.jpg\",\"datePublished\":\"2020-03-17T01:40:06+00:00\",\"dateModified\":\"2020-03-17T12:37:45+00:00\",\"author\":{\"@id\":\"https:\\\/\\\/interamerica.org\\\/es\\\/#\\\/schema\\\/person\\\/29998f2bc2d8bd0d38662909289b54f1\"},\"breadcrumb\":{\"@id\":\"https:\\\/\\\/interamerica.org\\\/es\\\/2020\\\/03\\\/principales-lideres-de-interamerica-suspenden-viajes-cancelan-principales-eventos-y-sus-empleados-comienzan-a-trabajar-a-distancia\\\/#breadcrumb\"},\"inLanguage\":\"es\",\"potentialAction\":[{\"@type\":\"ReadAction\",\"target\":[\"https:\\\/\\\/interamerica.org\\\/es\\\/2020\\\/03\\\/principales-lideres-de-interamerica-suspenden-viajes-cancelan-principales-eventos-y-sus-empleados-comienzan-a-trabajar-a-distancia\\\/\"]}]},{\"@type\":\"ImageObject\",\"inLanguage\":\"es\",\"@id\":\"https:\\\/\\\/interamerica.org\\\/es\\\/2020\\\/03\\\/principales-lideres-de-interamerica-suspenden-viajes-cancelan-principales-eventos-y-sus-empleados-comienzan-a-trabajar-a-distancia\\\/#primaryimage\",\"url\":\"https:\\\/\\\/interamerica.org\\\/wp-content\\\/uploads\\\/2020\\\/03\\\/iad-sign-2.jpg\",\"contentUrl\":\"https:\\\/\\\/interamerica.org\\\/wp-content\\\/uploads\\\/2020\\\/03\\\/iad-sign-2.jpg\",\"width\":1000,\"height\":667},{\"@type\":\"BreadcrumbList\",\"@id\":\"https:\\\/\\\/interamerica.org\\\/es\\\/2020\\\/03\\\/principales-lideres-de-interamerica-suspenden-viajes-cancelan-principales-eventos-y-sus-empleados-comienzan-a-trabajar-a-distancia\\\/#breadcrumb\",\"itemListElement\":[{\"@type\":\"ListItem\",\"position\":1,\"name\":\"Home\",\"item\":\"https:\\\/\\\/interamerica.org\\\/es\\\/\"},{\"@type\":\"ListItem\",\"position\":2,\"name\":\"Principales l\u00edderes de Interam\u00e9rica suspenden viajes, cancelan principales eventos y sus empleados comienzan a trabajar a distancia\"}]},{\"@type\":\"WebSite\",\"@id\":\"https:\\\/\\\/interamerica.org\\\/es\\\/#website\",\"url\":\"https:\\\/\\\/interamerica.org\\\/es\\\/\",\"name\":\"Iglesia Adventista del S\u00e9ptimo D\u00eda - Divisi\u00f3n Interamericana\",\"description\":\"\",\"potentialAction\":[{\"@type\":\"SearchAction\",\"target\":{\"@type\":\"EntryPoint\",\"urlTemplate\":\"https:\\\/\\\/interamerica.org\\\/es\\\/?s={search_term_string}\"},\"query-input\":{\"@type\":\"PropertyValueSpecification\",\"valueRequired\":true,\"valueName\":\"search_term_string\"}}],\"inLanguage\":\"es\"},{\"@type\":\"Person\",\"@id\":\"https:\\\/\\\/interamerica.org\\\/es\\\/#\\\/schema\\\/person\\\/29998f2bc2d8bd0d38662909289b54f1\",\"name\":\"libna\",\"image\":{\"@type\":\"ImageObject\",\"inLanguage\":\"es\",\"@id\":\"https:\\\/\\\/secure.gravatar.com\\\/avatar\\\/7c5bd30ae4b47a9ba3c856590957fd1d96dc588bf3ac05719d247e126840331f?s=96&d=mm&r=g\",\"url\":\"https:\\\/\\\/secure.gravatar.com\\\/avatar\\\/7c5bd30ae4b47a9ba3c856590957fd1d96dc588bf3ac05719d247e126840331f?s=96&d=mm&r=g\",\"contentUrl\":\"https:\\\/\\\/secure.gravatar.com\\\/avatar\\\/7c5bd30ae4b47a9ba3c856590957fd1d96dc588bf3ac05719d247e126840331f?s=96&d=mm&r=g\",\"caption\":\"libna\"}}]}<\/script>\n<!-- \/ Yoast SEO plugin. -->","yoast_head_json":{"title":"Principales l\u00edderes de Interam\u00e9rica suspenden viajes, cancelan principales eventos y sus empleados comienzan a trabajar a distancia - Iglesia Adventista del S\u00e9ptimo D\u00eda - Divisi\u00f3n Interamericana","robots":{"index":"index","follow":"follow","max-snippet":"max-snippet:-1","max-image-preview":"max-image-preview:large","max-video-preview":"max-video-preview:-1"},"canonical":"https:\/\/interamerica.org\/es\/2020\/03\/principales-lideres-de-interamerica-suspenden-viajes-cancelan-principales-eventos-y-sus-empleados-comienzan-a-trabajar-a-distancia\/","og_locale":"es_ES","og_type":"article","og_title":"Principales l\u00edderes de Interam\u00e9rica suspenden viajes, cancelan principales eventos y sus empleados comienzan a trabajar a distancia - Iglesia Adventista del S\u00e9ptimo D\u00eda - Divisi\u00f3n Interamericana","og_description":"16 de marzo de 2020 | Miami, Florida, Estados Unidos | Libna Stevens, Noticias de la Divisi\u00f3n Interamericana En momentos en que la sombra de la pandemia del coronavirus (CODVID-19)...","og_url":"https:\/\/interamerica.org\/es\/2020\/03\/principales-lideres-de-interamerica-suspenden-viajes-cancelan-principales-eventos-y-sus-empleados-comienzan-a-trabajar-a-distancia\/","og_site_name":"Iglesia Adventista del S\u00e9ptimo D\u00eda - Divisi\u00f3n Interamericana","article_published_time":"2020-03-17T01:40:06+00:00","article_modified_time":"2020-03-17T12:37:45+00:00","og_image":[{"width":1000,"height":667,"url":"https:\/\/interamerica.org\/wp-content\/uploads\/2020\/03\/iad-sign-2.jpg","type":"image\/jpeg"}],"author":"libna","twitter_card":"summary_large_image","twitter_misc":{"Escrito por":"libna","Tiempo de lectura":"6 minutos"},"schema":{"@context":"https:\/\/schema.org","@graph":[{"@type":"Article","@id":"https:\/\/interamerica.org\/es\/2020\/03\/principales-lideres-de-interamerica-suspenden-viajes-cancelan-principales-eventos-y-sus-empleados-comienzan-a-trabajar-a-distancia\/#article","isPartOf":{"@id":"https:\/\/interamerica.org\/es\/2020\/03\/principales-lideres-de-interamerica-suspenden-viajes-cancelan-principales-eventos-y-sus-empleados-comienzan-a-trabajar-a-distancia\/"},"author":{"name":"libna","@id":"https:\/\/interamerica.org\/es\/#\/schema\/person\/29998f2bc2d8bd0d38662909289b54f1"},"headline":"Principales l\u00edderes de Interam\u00e9rica suspenden viajes, cancelan principales eventos y sus empleados comienzan a trabajar a distancia","datePublished":"2020-03-17T01:40:06+00:00","dateModified":"2020-03-17T12:37:45+00:00","mainEntityOfPage":{"@id":"https:\/\/interamerica.org\/es\/2020\/03\/principales-lideres-de-interamerica-suspenden-viajes-cancelan-principales-eventos-y-sus-empleados-comienzan-a-trabajar-a-distancia\/"},"wordCount":1315,"commentCount":0,"image":{"@id":"https:\/\/interamerica.org\/es\/2020\/03\/principales-lideres-de-interamerica-suspenden-viajes-cancelan-principales-eventos-y-sus-empleados-comienzan-a-trabajar-a-distancia\/#primaryimage"},"thumbnailUrl":"https:\/\/interamerica.org\/wp-content\/uploads\/2020\/03\/iad-sign-2.jpg","articleSection":["Desde la sede","RSS Espa\u00f1ol"],"inLanguage":"es","potentialAction":[{"@type":"CommentAction","name":"Comment","target":["https:\/\/interamerica.org\/es\/2020\/03\/principales-lideres-de-interamerica-suspenden-viajes-cancelan-principales-eventos-y-sus-empleados-comienzan-a-trabajar-a-distancia\/#respond"]}]},{"@type":"WebPage","@id":"https:\/\/interamerica.org\/es\/2020\/03\/principales-lideres-de-interamerica-suspenden-viajes-cancelan-principales-eventos-y-sus-empleados-comienzan-a-trabajar-a-distancia\/","url":"https:\/\/interamerica.org\/es\/2020\/03\/principales-lideres-de-interamerica-suspenden-viajes-cancelan-principales-eventos-y-sus-empleados-comienzan-a-trabajar-a-distancia\/","name":"Principales l\u00edderes de Interam\u00e9rica suspenden viajes, cancelan principales eventos y sus empleados comienzan a trabajar a distancia - Iglesia Adventista del S\u00e9ptimo D\u00eda - Divisi\u00f3n Interamericana","isPartOf":{"@id":"https:\/\/interamerica.org\/es\/#website"},"primaryImageOfPage":{"@id":"https:\/\/interamerica.org\/es\/2020\/03\/principales-lideres-de-interamerica-suspenden-viajes-cancelan-principales-eventos-y-sus-empleados-comienzan-a-trabajar-a-distancia\/#primaryimage"},"image":{"@id":"https:\/\/interamerica.org\/es\/2020\/03\/principales-lideres-de-interamerica-suspenden-viajes-cancelan-principales-eventos-y-sus-empleados-comienzan-a-trabajar-a-distancia\/#primaryimage"},"thumbnailUrl":"https:\/\/interamerica.org\/wp-content\/uploads\/2020\/03\/iad-sign-2.jpg","datePublished":"2020-03-17T01:40:06+00:00","dateModified":"2020-03-17T12:37:45+00:00","author":{"@id":"https:\/\/interamerica.org\/es\/#\/schema\/person\/29998f2bc2d8bd0d38662909289b54f1"},"breadcrumb":{"@id":"https:\/\/interamerica.org\/es\/2020\/03\/principales-lideres-de-interamerica-suspenden-viajes-cancelan-principales-eventos-y-sus-empleados-comienzan-a-trabajar-a-distancia\/#breadcrumb"},"inLanguage":"es","potentialAction":[{"@type":"ReadAction","target":["https:\/\/interamerica.org\/es\/2020\/03\/principales-lideres-de-interamerica-suspenden-viajes-cancelan-principales-eventos-y-sus-empleados-comienzan-a-trabajar-a-distancia\/"]}]},{"@type":"ImageObject","inLanguage":"es","@id":"https:\/\/interamerica.org\/es\/2020\/03\/principales-lideres-de-interamerica-suspenden-viajes-cancelan-principales-eventos-y-sus-empleados-comienzan-a-trabajar-a-distancia\/#primaryimage","url":"https:\/\/interamerica.org\/wp-content\/uploads\/2020\/03\/iad-sign-2.jpg","contentUrl":"https:\/\/interamerica.org\/wp-content\/uploads\/2020\/03\/iad-sign-2.jpg","width":1000,"height":667},{"@type":"BreadcrumbList","@id":"https:\/\/interamerica.org\/es\/2020\/03\/principales-lideres-de-interamerica-suspenden-viajes-cancelan-principales-eventos-y-sus-empleados-comienzan-a-trabajar-a-distancia\/#breadcrumb","itemListElement":[{"@type":"ListItem","position":1,"name":"Home","item":"https:\/\/interamerica.org\/es\/"},{"@type":"ListItem","position":2,"name":"Principales l\u00edderes de Interam\u00e9rica suspenden viajes, cancelan principales eventos y sus empleados comienzan a trabajar a distancia"}]},{"@type":"WebSite","@id":"https:\/\/interamerica.org\/es\/#website","url":"https:\/\/interamerica.org\/es\/","name":"Iglesia Adventista del S\u00e9ptimo D\u00eda - Divisi\u00f3n Interamericana","description":"","potentialAction":[{"@type":"SearchAction","target":{"@type":"EntryPoint","urlTemplate":"https:\/\/interamerica.org\/es\/?s={search_term_string}"},"query-input":{"@type":"PropertyValueSpecification","valueRequired":true,"valueName":"search_term_string"}}],"inLanguage":"es"},{"@type":"Person","@id":"https:\/\/interamerica.org\/es\/#\/schema\/person\/29998f2bc2d8bd0d38662909289b54f1","name":"libna","image":{"@type":"ImageObject","inLanguage":"es","@id":"https:\/\/secure.gravatar.com\/avatar\/7c5bd30ae4b47a9ba3c856590957fd1d96dc588bf3ac05719d247e126840331f?s=96&d=mm&r=g","url":"https:\/\/secure.gravatar.com\/avatar\/7c5bd30ae4b47a9ba3c856590957fd1d96dc588bf3ac05719d247e126840331f?s=96&d=mm&r=g","contentUrl":"https:\/\/secure.gravatar.com\/avatar\/7c5bd30ae4b47a9ba3c856590957fd1d96dc588bf3ac05719d247e126840331f?s=96&d=mm&r=g","caption":"libna"}}]}},"_links":{"self":[{"href":"https:\/\/interamerica.org\/es\/wp-json\/wp\/v2\/posts\/56278","targetHints":{"allow":["GET"]}}],"collection":[{"href":"https:\/\/interamerica.org\/es\/wp-json\/wp\/v2\/posts"}],"about":[{"href":"https:\/\/interamerica.org\/es\/wp-json\/wp\/v2\/types\/post"}],"author":[{"embeddable":true,"href":"https:\/\/interamerica.org\/es\/wp-json\/wp\/v2\/users\/3"}],"replies":[{"embeddable":true,"href":"https:\/\/interamerica.org\/es\/wp-json\/wp\/v2\/comments?post=56278"}],"version-history":[{"count":0,"href":"https:\/\/interamerica.org\/es\/wp-json\/wp\/v2\/posts\/56278\/revisions"}],"wp:featuredmedia":[{"embeddable":true,"href":"https:\/\/interamerica.org\/es\/wp-json\/wp\/v2\/media\/56272"}],"wp:attachment":[{"href":"https:\/\/interamerica.org\/es\/wp-json\/wp\/v2\/media?parent=56278"}],"wp:term":[{"taxonomy":"category","embeddable":true,"href":"https:\/\/interamerica.org\/es\/wp-json\/wp\/v2\/categories?post=56278"},{"taxonomy":"post_tag","embeddable":true,"href":"https:\/\/interamerica.org\/es\/wp-json\/wp\/v2\/tags?post=56278"}],"curies":[{"name":"wp","href":"https:\/\/api.w.org\/{rel}","templated":true}]}}