{"id":56496,"date":"2020-03-22T16:07:14","date_gmt":"2020-03-22T20:07:14","guid":{"rendered":"https:\/\/recursing-golick.147-182-135-0.plesk.page\/?p=56496"},"modified":"2020-03-23T13:06:28","modified_gmt":"2020-03-23T17:06:28","slug":"fuimos-para-ensenar-pero-ellos-nos-ensenaron-a-nosotros","status":"publish","type":"post","link":"https:\/\/interamerica.org\/es\/2020\/03\/fuimos-para-ensenar-pero-ellos-nos-ensenaron-a-nosotros\/","title":{"rendered":"\u2018Fuimos para ense\u00f1ar, pero ellos nos ense\u00f1aron a nosotros\u2019"},"content":{"rendered":"<p><div id=\"attachment_56468\" style=\"width: 810px\" class=\"wp-caption aligncenter\"><img fetchpriority=\"high\" decoding=\"async\" aria-describedby=\"caption-attachment-56468\" class=\" wp-image-56466\" src=\"https:\/\/recursing-golick.147-182-135-0.plesk.page\/wp-content\/uploads\/2020\/03\/belize4.jpg\" alt=\"\" width=\"800\" height=\"533\" srcset=\"https:\/\/interamerica.org\/wp-content\/uploads\/2020\/03\/belize4.jpg 1000w, https:\/\/interamerica.org\/wp-content\/uploads\/2020\/03\/belize4-300x200.jpg 300w, https:\/\/interamerica.org\/wp-content\/uploads\/2020\/03\/belize4-768x511.jpg 768w\" sizes=\"(max-width: 800px) 100vw, 800px\" \/><p id=\"caption-attachment-56468\" class=\"wp-caption-text\">La clase y los l\u00edderes de la Escuela B\u00edblica de Vacaciones posan juntos para una fotograf\u00eda. [Fotograf\u00eda: Est\u00e1 escrito]<\/p><\/div>22 de marzo de 2020 | Por Ellen Hostetler, Escrito est\u00e1<\/p>\n<p>A fines de febrero de 2020, 27 estudiantes y docentes del Colegio Cristiano Jefferson de Jefferson, Texas, Estados Unidos, viajaron hasta Belice como parte de su primer viaje misionero de \u2018Escrito est\u00e1\u2019. No sab\u00edan qu\u00e9 esperar, pero estaba entusiasmados. Desde los alumnos de noveno al duodecimo a\u00f1o, el grupo mostr\u00f3 que estaba listo para trabajar. Y trabajaron duro. Belice es un peque\u00f1o y exuberante pa\u00eds de Centroam\u00e9rica encerrado entre M\u00e9xico, Guatemala y el Mar del Caribe. En febrero, el clima es hermoso: es c\u00e1lido de d\u00eda y fresco de noche. Los estudiantes fueron recibidos con los brazos abiertos y pronto aprendieron a disfrutar de la comida local: porotos frijoles y arroz. Los estudiantes se establecieron durante dos semanas en el Hospital Adventista La Loma Luz y salieron a hacerse de amigos para Cristo. A varios de los estudiantes se les asign\u00f3 que construyeran casas en el hospital, un proyecto que ha visto un progreso gradual en los \u00faltimos tres a\u00f1os. En tan solo unos d\u00edas, hicieron progresos r\u00e9cord. Un l\u00edder estudiante l\u00edder que tambi\u00e9n sabe de mec\u00e1nica repar\u00f3 varios veh\u00edculos locales, comparti\u00f3 algunos de los secretos del negocio, y dej\u00f3 algunas de sus herramientas para que se pudieran hacer m\u00e1s reparaciones.<\/p>\n<p>Pila Telefoni, el director de la residencia estudiantil de varones del colegio y l\u00edder del viaje, sab\u00eda que ese viaje ser\u00eda diferente. Por primera vez, los estudiantes iban a predicar algunas de las tres reuniones de evangelizaci\u00f3n que estaban llev\u00e1ndose a cabo por las noches. Unidos por el coro del equipo misionero y equipados con las diapositivas y notas de medios de Escrito est\u00e1, los estudiantes se prepararon para compartir lo que cre\u00edan, tanto en ingl\u00e9s como en espa\u00f1ol.<\/p>\n<p><div id=\"attachment_56471\" style=\"width: 810px\" class=\"wp-caption aligncenter\"><img decoding=\"async\" aria-describedby=\"caption-attachment-56471\" class=\"wp-image-56469\" src=\"https:\/\/recursing-golick.147-182-135-0.plesk.page\/wp-content\/uploads\/2020\/03\/belize2.jpg\" alt=\"\" width=\"800\" height=\"533\" srcset=\"https:\/\/interamerica.org\/wp-content\/uploads\/2020\/03\/belize2.jpg 1000w, https:\/\/interamerica.org\/wp-content\/uploads\/2020\/03\/belize2-300x200.jpg 300w, https:\/\/interamerica.org\/wp-content\/uploads\/2020\/03\/belize2-768x511.jpg 768w\" sizes=\"(max-width: 800px) 100vw, 800px\" \/><p id=\"caption-attachment-56471\" class=\"wp-caption-text\">Los l\u00edderes de la misi\u00f3n ense\u00f1an a los estudiantes locales en la Escuela B\u00edblica de Vacaciones. [Fotograf\u00eda: Escrito est\u00e1]<\/p><\/div>Una reuni\u00f3n tuvo lugar en una tienda del otro lado de una calle donde hay un parque de la ciudad lleno de j\u00f3venes, m\u00fasica a todo volumen y alcohol. Una noche, mientras los estudiantes predicaban, un hombre se acerc\u00f3 a Pila y le pregunt\u00f3 por Daniel cap\u00edtulo 11. Pila pod\u00eda oler el alcohol de su aliento, mientras el hombre le contaba que hab\u00eda sido bautizado 45 a\u00f1os antes. Pila lo vio a la siguiente noche, mientras escuchaba desde debajo de un \u00e1rbol del otro lado de la calle. Or\u00f3 para que la esperanza fuera plantada una vez m\u00e1s en el coraz\u00f3n del hombre.<\/p>\n<p>Durante el d\u00eda, el coro de estudiantes ofreci\u00f3 un programa de la Escuela B\u00edblica de Vacaciones en una escuela primaria cercana. Los maestros se tomaron un necesario receso mientras el equipo misionero de Est\u00e1 escrito entonaba c\u00e1nticos, jugaba juegos, contaba historias y se hac\u00eda de amigos. Nat\u00e1n fue notado por Erian, uno de los peque\u00f1os estudiantes de la escuela primaria. Erian, que tiene solo 7 a\u00f1os, proviene de un hogar quebrantado. Cuando las cosas no iban bien en su hogar, su madre le empacaba una bolsa y lo mandaba a la calle hasta que la polic\u00eda lo buscara.<\/p>\n<p>Nat\u00e1n y Erian pronto se volvieron inseparables. Al fin de las semanas en Belice, el equipo planific\u00f3 una salida a andar en c\u00e1maras inflables en algunas cuevas y practicar la tirolesa. Nat\u00e1n no pod\u00eda dejar atr\u00e1s a Erian. Cuando Nat\u00e1n se dirigi\u00f3 al aeropuerto al d\u00eda siguiente, Erian se aferr\u00f3 fuertemente a \u00e9l. No quer\u00eda que su nuevo amigo se fuera.<\/p>\n<p><div id=\"attachment_56474\" style=\"width: 807px\" class=\"wp-caption aligncenter\"><img decoding=\"async\" aria-describedby=\"caption-attachment-56474\" class=\" wp-image-56472\" src=\"https:\/\/recursing-golick.147-182-135-0.plesk.page\/wp-content\/uploads\/2020\/03\/belize5.jpg\" alt=\"\" width=\"797\" height=\"533\" srcset=\"https:\/\/interamerica.org\/wp-content\/uploads\/2020\/03\/belize5.jpg 640w, https:\/\/interamerica.org\/wp-content\/uploads\/2020\/03\/belize5-300x201.jpg 300w\" sizes=\"(max-width: 797px) 100vw, 797px\" \/><p id=\"caption-attachment-56474\" class=\"wp-caption-text\">Los estudiantes construyen casas para los m\u00e9dicos del hospital [Fotograf\u00eda: Est\u00e1 escrito]<\/p><\/div>Cuando el equipo se estaba yendo, los estudiantes renunciaron a comprar recuerdos del viaje. Por el contrario, usaron el dinero para comprar regalos para sus nuevos amigos en Belice, como por ejemplo crayones y papeles de colores. Nat\u00e1n dijo que quer\u00eda ahorrar y pagar los 45 d\u00f3lares al a\u00f1o que cuesta mantener a Erian en la escuela cristiana.<\/p>\n<p>De regreso en sus hogares, los estudiantes del colegio preguntaron a Pila si pod\u00edan cruzar la calle y pasar tiempo con los ni\u00f1os de la escuela primaria del lugar. Se dieron cuenta de que un poco de atenci\u00f3n y una sonrisa pod\u00edan marcar una gran diferencia en la vida de un ni\u00f1o.<\/p>\n<p>\u201cDefinidamente haremos otro viaje misionero con Escrito est\u00e1\u201d, prometi\u00f3 Pila. \u201cTodo sali\u00f3 tan bien. Fue una bendici\u00f3n estar en ese viaje. Les ped\u00ed a los estudiantes que levantaran la mano si hab\u00edan disfrutado del viaje. Todos levantaron la mano, y me dijeron: \u2018Fuimos para ense\u00f1ar, pero ellos nos ense\u00f1aron a nosotros. No solo disfrutamos del viaje; \u00a1tambi\u00e9n fuimos bendecidos!\u2019\u201d<\/p>\n<p><div id=\"attachment_56480\" style=\"width: 818px\" class=\"wp-caption aligncenter\"><img loading=\"lazy\" decoding=\"async\" aria-describedby=\"caption-attachment-56480\" class=\" wp-image-56478\" src=\"https:\/\/recursing-golick.147-182-135-0.plesk.page\/wp-content\/uploads\/2020\/03\/belize1.jpg\" alt=\"\" width=\"808\" height=\"536\" srcset=\"https:\/\/interamerica.org\/wp-content\/uploads\/2020\/03\/belize1.jpg 1000w, https:\/\/interamerica.org\/wp-content\/uploads\/2020\/03\/belize1-300x199.jpg 300w, https:\/\/interamerica.org\/wp-content\/uploads\/2020\/03\/belize1-768x509.jpg 768w\" sizes=\"(max-width: 808px) 100vw, 808px\" \/><p id=\"caption-attachment-56480\" class=\"wp-caption-text\">Nat\u00e1n (izquierda) y Erian se volvieron muy buenos amigos. [Fotograf\u00eda: Est\u00e1 escrito]<\/p><\/div><em>La versi\u00f3n original de esta historia fue publicada en <\/em><a href=\"https:\/\/blog.itiswritten.com\/\" target=\"_blank\" rel=\"noopener noreferrer\"><em>el sitio blog de noticias<\/em><\/a><em>de Escrito est\u00e1.<\/em><\/p>\n<p>Traducci\u00f3n de Marcos Paseggi<\/p>\n","protected":false},"excerpt":{"rendered":"<p>22 de marzo de 2020 | Por Ellen Hostetler, Escrito est\u00e1 A fines de febrero de 2020, 27 estudiantes y docentes del Colegio Cristiano Jefferson de Jefferson, Texas, Estados Unidos,&#8230;<\/p>\n","protected":false},"author":3,"featured_media":56468,"comment_status":"open","ping_status":"closed","sticky":false,"template":"","format":"standard","meta":{"_acf_changed":false,"footnotes":""},"categories":[14,15],"tags":[],"class_list":["post-56496","post","type-post","status-publish","format-standard","has-post-thumbnail","hentry","category-de-la-iglesia-mundial","category-rss-espanol"],"acf":[],"yoast_head":"<!-- This site is optimized with the Yoast SEO plugin v27.3 - https:\/\/yoast.com\/product\/yoast-seo-wordpress\/ -->\n<title>\u2018Fuimos para ense\u00f1ar, pero ellos nos ense\u00f1aron a nosotros\u2019 - Iglesia Adventista del S\u00e9ptimo D\u00eda - Divisi\u00f3n Interamericana<\/title>\n<meta name=\"robots\" content=\"index, follow, max-snippet:-1, max-image-preview:large, max-video-preview:-1\" \/>\n<link rel=\"canonical\" href=\"https:\/\/interamerica.org\/es\/2020\/03\/fuimos-para-ensenar-pero-ellos-nos-ensenaron-a-nosotros\/\" \/>\n<meta property=\"og:locale\" content=\"es_ES\" \/>\n<meta property=\"og:type\" content=\"article\" \/>\n<meta property=\"og:title\" content=\"\u2018Fuimos para ense\u00f1ar, pero ellos nos ense\u00f1aron a nosotros\u2019 - Iglesia Adventista del S\u00e9ptimo D\u00eda - Divisi\u00f3n Interamericana\" \/>\n<meta property=\"og:description\" content=\"22 de marzo de 2020 | Por Ellen Hostetler, Escrito est\u00e1 A fines de febrero de 2020, 27 estudiantes y docentes del Colegio Cristiano Jefferson de Jefferson, Texas, Estados Unidos,...\" \/>\n<meta property=\"og:url\" content=\"https:\/\/interamerica.org\/es\/2020\/03\/fuimos-para-ensenar-pero-ellos-nos-ensenaron-a-nosotros\/\" \/>\n<meta property=\"og:site_name\" content=\"Iglesia Adventista del S\u00e9ptimo D\u00eda - Divisi\u00f3n Interamericana\" \/>\n<meta property=\"article:published_time\" content=\"2020-03-22T20:07:14+00:00\" \/>\n<meta property=\"article:modified_time\" content=\"2020-03-23T17:06:28+00:00\" \/>\n<meta property=\"og:image\" content=\"https:\/\/interamerica.org\/wp-content\/uploads\/2020\/03\/belize4.jpg\" \/>\n\t<meta property=\"og:image:width\" content=\"1000\" \/>\n\t<meta property=\"og:image:height\" content=\"666\" \/>\n\t<meta property=\"og:image:type\" content=\"image\/jpeg\" \/>\n<meta name=\"author\" content=\"libna\" \/>\n<meta name=\"twitter:card\" content=\"summary_large_image\" \/>\n<meta name=\"twitter:label1\" content=\"Escrito por\" \/>\n\t<meta name=\"twitter:data1\" content=\"libna\" \/>\n\t<meta name=\"twitter:label2\" content=\"Tiempo de lectura\" \/>\n\t<meta name=\"twitter:data2\" content=\"5 minutos\" \/>\n<script type=\"application\/ld+json\" class=\"yoast-schema-graph\">{\"@context\":\"https:\\\/\\\/schema.org\",\"@graph\":[{\"@type\":\"Article\",\"@id\":\"https:\\\/\\\/interamerica.org\\\/es\\\/2020\\\/03\\\/fuimos-para-ensenar-pero-ellos-nos-ensenaron-a-nosotros\\\/#article\",\"isPartOf\":{\"@id\":\"https:\\\/\\\/interamerica.org\\\/es\\\/2020\\\/03\\\/fuimos-para-ensenar-pero-ellos-nos-ensenaron-a-nosotros\\\/\"},\"author\":{\"name\":\"libna\",\"@id\":\"https:\\\/\\\/interamerica.org\\\/es\\\/#\\\/schema\\\/person\\\/29998f2bc2d8bd0d38662909289b54f1\"},\"headline\":\"\u2018Fuimos para ense\u00f1ar, pero ellos nos ense\u00f1aron a nosotros\u2019\",\"datePublished\":\"2020-03-22T20:07:14+00:00\",\"dateModified\":\"2020-03-23T17:06:28+00:00\",\"mainEntityOfPage\":{\"@id\":\"https:\\\/\\\/interamerica.org\\\/es\\\/2020\\\/03\\\/fuimos-para-ensenar-pero-ellos-nos-ensenaron-a-nosotros\\\/\"},\"wordCount\":914,\"commentCount\":0,\"image\":{\"@id\":\"https:\\\/\\\/interamerica.org\\\/es\\\/2020\\\/03\\\/fuimos-para-ensenar-pero-ellos-nos-ensenaron-a-nosotros\\\/#primaryimage\"},\"thumbnailUrl\":\"https:\\\/\\\/interamerica.org\\\/wp-content\\\/uploads\\\/2020\\\/03\\\/belize4.jpg\",\"articleSection\":[\"Desde la iglesia mundial\",\"RSS Espa\u00f1ol\"],\"inLanguage\":\"es\",\"potentialAction\":[{\"@type\":\"CommentAction\",\"name\":\"Comment\",\"target\":[\"https:\\\/\\\/interamerica.org\\\/es\\\/2020\\\/03\\\/fuimos-para-ensenar-pero-ellos-nos-ensenaron-a-nosotros\\\/#respond\"]}]},{\"@type\":\"WebPage\",\"@id\":\"https:\\\/\\\/interamerica.org\\\/es\\\/2020\\\/03\\\/fuimos-para-ensenar-pero-ellos-nos-ensenaron-a-nosotros\\\/\",\"url\":\"https:\\\/\\\/interamerica.org\\\/es\\\/2020\\\/03\\\/fuimos-para-ensenar-pero-ellos-nos-ensenaron-a-nosotros\\\/\",\"name\":\"\u2018Fuimos para ense\u00f1ar, pero ellos nos ense\u00f1aron a nosotros\u2019 - Iglesia Adventista del S\u00e9ptimo D\u00eda - Divisi\u00f3n Interamericana\",\"isPartOf\":{\"@id\":\"https:\\\/\\\/interamerica.org\\\/es\\\/#website\"},\"primaryImageOfPage\":{\"@id\":\"https:\\\/\\\/interamerica.org\\\/es\\\/2020\\\/03\\\/fuimos-para-ensenar-pero-ellos-nos-ensenaron-a-nosotros\\\/#primaryimage\"},\"image\":{\"@id\":\"https:\\\/\\\/interamerica.org\\\/es\\\/2020\\\/03\\\/fuimos-para-ensenar-pero-ellos-nos-ensenaron-a-nosotros\\\/#primaryimage\"},\"thumbnailUrl\":\"https:\\\/\\\/interamerica.org\\\/wp-content\\\/uploads\\\/2020\\\/03\\\/belize4.jpg\",\"datePublished\":\"2020-03-22T20:07:14+00:00\",\"dateModified\":\"2020-03-23T17:06:28+00:00\",\"author\":{\"@id\":\"https:\\\/\\\/interamerica.org\\\/es\\\/#\\\/schema\\\/person\\\/29998f2bc2d8bd0d38662909289b54f1\"},\"breadcrumb\":{\"@id\":\"https:\\\/\\\/interamerica.org\\\/es\\\/2020\\\/03\\\/fuimos-para-ensenar-pero-ellos-nos-ensenaron-a-nosotros\\\/#breadcrumb\"},\"inLanguage\":\"es\",\"potentialAction\":[{\"@type\":\"ReadAction\",\"target\":[\"https:\\\/\\\/interamerica.org\\\/es\\\/2020\\\/03\\\/fuimos-para-ensenar-pero-ellos-nos-ensenaron-a-nosotros\\\/\"]}]},{\"@type\":\"ImageObject\",\"inLanguage\":\"es\",\"@id\":\"https:\\\/\\\/interamerica.org\\\/es\\\/2020\\\/03\\\/fuimos-para-ensenar-pero-ellos-nos-ensenaron-a-nosotros\\\/#primaryimage\",\"url\":\"https:\\\/\\\/interamerica.org\\\/wp-content\\\/uploads\\\/2020\\\/03\\\/belize4.jpg\",\"contentUrl\":\"https:\\\/\\\/interamerica.org\\\/wp-content\\\/uploads\\\/2020\\\/03\\\/belize4.jpg\",\"width\":1000,\"height\":666,\"caption\":\"La clase y los l\u00edderes de la Escuela B\u00edblica de Vacaciones posan juntos para una fotograf\u00eda. [Fotograf\u00eda: Est\u00e1 escrito]\"},{\"@type\":\"BreadcrumbList\",\"@id\":\"https:\\\/\\\/interamerica.org\\\/es\\\/2020\\\/03\\\/fuimos-para-ensenar-pero-ellos-nos-ensenaron-a-nosotros\\\/#breadcrumb\",\"itemListElement\":[{\"@type\":\"ListItem\",\"position\":1,\"name\":\"Home\",\"item\":\"https:\\\/\\\/interamerica.org\\\/es\\\/\"},{\"@type\":\"ListItem\",\"position\":2,\"name\":\"\u2018Fuimos para ense\u00f1ar, pero ellos nos ense\u00f1aron a nosotros\u2019\"}]},{\"@type\":\"WebSite\",\"@id\":\"https:\\\/\\\/interamerica.org\\\/es\\\/#website\",\"url\":\"https:\\\/\\\/interamerica.org\\\/es\\\/\",\"name\":\"Iglesia Adventista del S\u00e9ptimo D\u00eda - Divisi\u00f3n Interamericana\",\"description\":\"\",\"potentialAction\":[{\"@type\":\"SearchAction\",\"target\":{\"@type\":\"EntryPoint\",\"urlTemplate\":\"https:\\\/\\\/interamerica.org\\\/es\\\/?s={search_term_string}\"},\"query-input\":{\"@type\":\"PropertyValueSpecification\",\"valueRequired\":true,\"valueName\":\"search_term_string\"}}],\"inLanguage\":\"es\"},{\"@type\":\"Person\",\"@id\":\"https:\\\/\\\/interamerica.org\\\/es\\\/#\\\/schema\\\/person\\\/29998f2bc2d8bd0d38662909289b54f1\",\"name\":\"libna\",\"image\":{\"@type\":\"ImageObject\",\"inLanguage\":\"es\",\"@id\":\"https:\\\/\\\/secure.gravatar.com\\\/avatar\\\/7c5bd30ae4b47a9ba3c856590957fd1d96dc588bf3ac05719d247e126840331f?s=96&d=mm&r=g\",\"url\":\"https:\\\/\\\/secure.gravatar.com\\\/avatar\\\/7c5bd30ae4b47a9ba3c856590957fd1d96dc588bf3ac05719d247e126840331f?s=96&d=mm&r=g\",\"contentUrl\":\"https:\\\/\\\/secure.gravatar.com\\\/avatar\\\/7c5bd30ae4b47a9ba3c856590957fd1d96dc588bf3ac05719d247e126840331f?s=96&d=mm&r=g\",\"caption\":\"libna\"}}]}<\/script>\n<!-- \/ Yoast SEO plugin. -->","yoast_head_json":{"title":"\u2018Fuimos para ense\u00f1ar, pero ellos nos ense\u00f1aron a nosotros\u2019 - Iglesia Adventista del S\u00e9ptimo D\u00eda - Divisi\u00f3n Interamericana","robots":{"index":"index","follow":"follow","max-snippet":"max-snippet:-1","max-image-preview":"max-image-preview:large","max-video-preview":"max-video-preview:-1"},"canonical":"https:\/\/interamerica.org\/es\/2020\/03\/fuimos-para-ensenar-pero-ellos-nos-ensenaron-a-nosotros\/","og_locale":"es_ES","og_type":"article","og_title":"\u2018Fuimos para ense\u00f1ar, pero ellos nos ense\u00f1aron a nosotros\u2019 - Iglesia Adventista del S\u00e9ptimo D\u00eda - Divisi\u00f3n Interamericana","og_description":"22 de marzo de 2020 | Por Ellen Hostetler, Escrito est\u00e1 A fines de febrero de 2020, 27 estudiantes y docentes del Colegio Cristiano Jefferson de Jefferson, Texas, Estados Unidos,...","og_url":"https:\/\/interamerica.org\/es\/2020\/03\/fuimos-para-ensenar-pero-ellos-nos-ensenaron-a-nosotros\/","og_site_name":"Iglesia Adventista del S\u00e9ptimo D\u00eda - Divisi\u00f3n Interamericana","article_published_time":"2020-03-22T20:07:14+00:00","article_modified_time":"2020-03-23T17:06:28+00:00","og_image":[{"width":1000,"height":666,"url":"https:\/\/interamerica.org\/wp-content\/uploads\/2020\/03\/belize4.jpg","type":"image\/jpeg"}],"author":"libna","twitter_card":"summary_large_image","twitter_misc":{"Escrito por":"libna","Tiempo de lectura":"5 minutos"},"schema":{"@context":"https:\/\/schema.org","@graph":[{"@type":"Article","@id":"https:\/\/interamerica.org\/es\/2020\/03\/fuimos-para-ensenar-pero-ellos-nos-ensenaron-a-nosotros\/#article","isPartOf":{"@id":"https:\/\/interamerica.org\/es\/2020\/03\/fuimos-para-ensenar-pero-ellos-nos-ensenaron-a-nosotros\/"},"author":{"name":"libna","@id":"https:\/\/interamerica.org\/es\/#\/schema\/person\/29998f2bc2d8bd0d38662909289b54f1"},"headline":"\u2018Fuimos para ense\u00f1ar, pero ellos nos ense\u00f1aron a nosotros\u2019","datePublished":"2020-03-22T20:07:14+00:00","dateModified":"2020-03-23T17:06:28+00:00","mainEntityOfPage":{"@id":"https:\/\/interamerica.org\/es\/2020\/03\/fuimos-para-ensenar-pero-ellos-nos-ensenaron-a-nosotros\/"},"wordCount":914,"commentCount":0,"image":{"@id":"https:\/\/interamerica.org\/es\/2020\/03\/fuimos-para-ensenar-pero-ellos-nos-ensenaron-a-nosotros\/#primaryimage"},"thumbnailUrl":"https:\/\/interamerica.org\/wp-content\/uploads\/2020\/03\/belize4.jpg","articleSection":["Desde la iglesia mundial","RSS Espa\u00f1ol"],"inLanguage":"es","potentialAction":[{"@type":"CommentAction","name":"Comment","target":["https:\/\/interamerica.org\/es\/2020\/03\/fuimos-para-ensenar-pero-ellos-nos-ensenaron-a-nosotros\/#respond"]}]},{"@type":"WebPage","@id":"https:\/\/interamerica.org\/es\/2020\/03\/fuimos-para-ensenar-pero-ellos-nos-ensenaron-a-nosotros\/","url":"https:\/\/interamerica.org\/es\/2020\/03\/fuimos-para-ensenar-pero-ellos-nos-ensenaron-a-nosotros\/","name":"\u2018Fuimos para ense\u00f1ar, pero ellos nos ense\u00f1aron a nosotros\u2019 - Iglesia Adventista del S\u00e9ptimo D\u00eda - Divisi\u00f3n Interamericana","isPartOf":{"@id":"https:\/\/interamerica.org\/es\/#website"},"primaryImageOfPage":{"@id":"https:\/\/interamerica.org\/es\/2020\/03\/fuimos-para-ensenar-pero-ellos-nos-ensenaron-a-nosotros\/#primaryimage"},"image":{"@id":"https:\/\/interamerica.org\/es\/2020\/03\/fuimos-para-ensenar-pero-ellos-nos-ensenaron-a-nosotros\/#primaryimage"},"thumbnailUrl":"https:\/\/interamerica.org\/wp-content\/uploads\/2020\/03\/belize4.jpg","datePublished":"2020-03-22T20:07:14+00:00","dateModified":"2020-03-23T17:06:28+00:00","author":{"@id":"https:\/\/interamerica.org\/es\/#\/schema\/person\/29998f2bc2d8bd0d38662909289b54f1"},"breadcrumb":{"@id":"https:\/\/interamerica.org\/es\/2020\/03\/fuimos-para-ensenar-pero-ellos-nos-ensenaron-a-nosotros\/#breadcrumb"},"inLanguage":"es","potentialAction":[{"@type":"ReadAction","target":["https:\/\/interamerica.org\/es\/2020\/03\/fuimos-para-ensenar-pero-ellos-nos-ensenaron-a-nosotros\/"]}]},{"@type":"ImageObject","inLanguage":"es","@id":"https:\/\/interamerica.org\/es\/2020\/03\/fuimos-para-ensenar-pero-ellos-nos-ensenaron-a-nosotros\/#primaryimage","url":"https:\/\/interamerica.org\/wp-content\/uploads\/2020\/03\/belize4.jpg","contentUrl":"https:\/\/interamerica.org\/wp-content\/uploads\/2020\/03\/belize4.jpg","width":1000,"height":666,"caption":"La clase y los l\u00edderes de la Escuela B\u00edblica de Vacaciones posan juntos para una fotograf\u00eda. [Fotograf\u00eda: Est\u00e1 escrito]"},{"@type":"BreadcrumbList","@id":"https:\/\/interamerica.org\/es\/2020\/03\/fuimos-para-ensenar-pero-ellos-nos-ensenaron-a-nosotros\/#breadcrumb","itemListElement":[{"@type":"ListItem","position":1,"name":"Home","item":"https:\/\/interamerica.org\/es\/"},{"@type":"ListItem","position":2,"name":"\u2018Fuimos para ense\u00f1ar, pero ellos nos ense\u00f1aron a nosotros\u2019"}]},{"@type":"WebSite","@id":"https:\/\/interamerica.org\/es\/#website","url":"https:\/\/interamerica.org\/es\/","name":"Iglesia Adventista del S\u00e9ptimo D\u00eda - Divisi\u00f3n Interamericana","description":"","potentialAction":[{"@type":"SearchAction","target":{"@type":"EntryPoint","urlTemplate":"https:\/\/interamerica.org\/es\/?s={search_term_string}"},"query-input":{"@type":"PropertyValueSpecification","valueRequired":true,"valueName":"search_term_string"}}],"inLanguage":"es"},{"@type":"Person","@id":"https:\/\/interamerica.org\/es\/#\/schema\/person\/29998f2bc2d8bd0d38662909289b54f1","name":"libna","image":{"@type":"ImageObject","inLanguage":"es","@id":"https:\/\/secure.gravatar.com\/avatar\/7c5bd30ae4b47a9ba3c856590957fd1d96dc588bf3ac05719d247e126840331f?s=96&d=mm&r=g","url":"https:\/\/secure.gravatar.com\/avatar\/7c5bd30ae4b47a9ba3c856590957fd1d96dc588bf3ac05719d247e126840331f?s=96&d=mm&r=g","contentUrl":"https:\/\/secure.gravatar.com\/avatar\/7c5bd30ae4b47a9ba3c856590957fd1d96dc588bf3ac05719d247e126840331f?s=96&d=mm&r=g","caption":"libna"}}]}},"_links":{"self":[{"href":"https:\/\/interamerica.org\/es\/wp-json\/wp\/v2\/posts\/56496","targetHints":{"allow":["GET"]}}],"collection":[{"href":"https:\/\/interamerica.org\/es\/wp-json\/wp\/v2\/posts"}],"about":[{"href":"https:\/\/interamerica.org\/es\/wp-json\/wp\/v2\/types\/post"}],"author":[{"embeddable":true,"href":"https:\/\/interamerica.org\/es\/wp-json\/wp\/v2\/users\/3"}],"replies":[{"embeddable":true,"href":"https:\/\/interamerica.org\/es\/wp-json\/wp\/v2\/comments?post=56496"}],"version-history":[{"count":0,"href":"https:\/\/interamerica.org\/es\/wp-json\/wp\/v2\/posts\/56496\/revisions"}],"wp:featuredmedia":[{"embeddable":true,"href":"https:\/\/interamerica.org\/es\/wp-json\/wp\/v2\/media\/56468"}],"wp:attachment":[{"href":"https:\/\/interamerica.org\/es\/wp-json\/wp\/v2\/media?parent=56496"}],"wp:term":[{"taxonomy":"category","embeddable":true,"href":"https:\/\/interamerica.org\/es\/wp-json\/wp\/v2\/categories?post=56496"},{"taxonomy":"post_tag","embeddable":true,"href":"https:\/\/interamerica.org\/es\/wp-json\/wp\/v2\/tags?post=56496"}],"curies":[{"name":"wp","href":"https:\/\/api.w.org\/{rel}","templated":true}]}}