{"id":56573,"date":"2020-03-23T13:37:38","date_gmt":"2020-03-23T17:37:38","guid":{"rendered":"https:\/\/recursing-golick.147-182-135-0.plesk.page\/?p=56573"},"modified":"2020-03-24T09:35:05","modified_gmt":"2020-03-24T13:35:05","slug":"terremoto-en-zagreb-danos-en-propiedades-de-la-iglesia-miembros-bien","status":"publish","type":"post","link":"https:\/\/interamerica.org\/es\/2020\/03\/terremoto-en-zagreb-danos-en-propiedades-de-la-iglesia-miembros-bien\/","title":{"rendered":"Terremoto en Zagreb: Da\u00f1os en propiedades de la iglesia, miembros bien"},"content":{"rendered":"<div class=\"article__meta\">\n<p>22 de marzo de 2020 \u00a0|\u00a0 Zagreb, Croacia \u00a0|\u00a0 Advent Press Zagreb\/APN, Neven Kla\u010dmer\/tedNEWS<\/p>\n<p>&nbsp;<\/p>\n<p>Un terremoto de magnitud 5.3, seguido por una serie de r\u00e9plicas, sacudi\u00f3 a Zagreb, la capital de Croacia, el domingo 22 de marzo, justamente despu\u00e9s de las 6:00 a.m. El epicentro se encontraba a solamente 9.6 km del centro de la ciudad. Es el terremoto m\u00e1s grande que haya sufrido el pa\u00eds en 140 a\u00f1os.<\/p>\n<p>Este terremoto se hizo presente en un tiempo de movimiento restringido debido al coronavirus, incluyendo el cierre del sistema de tranv\u00eda y autobuses.<\/p>\n<p>Temiendo por su vida, la gente sali\u00f3 r\u00e1pidamente a las calles. Hubo cierto n\u00famero de lesionados, incluyendo el caso de una adolescente que se encuentra en estado cr\u00edtico por causa del colapso de un techo. La gente huy\u00f3 a las calles en donde las r\u00e9plicas han continuado durante el d\u00eda.<\/p>\n<p>El alcalde de Zagreb, Milan Bandic, inst\u00f3 a la gente a regresar a sus hogares debido a la amenaza del virus, mientras que el Ministro del Interior, Davor Bozinovic, les dijo a los que permanec\u00edan afuera: \u201cMantengan su distancia. No se junten unos con otros. Estamos enfrentando dos serias crisis, el terremoto y la epidemia\u201d.<\/p>\n<p>Lo peor ocurri\u00f3 en el centro hist\u00f3rico, en donde muchos de los edificios fueron construidos hace m\u00e1s de un siglo. Se est\u00e1n inspeccionando y evaluando los da\u00f1os, en tanto se efect\u00faa el rescate de personas lastimadas o vulnerables. La ca\u00edda de mosaicos, mortero y ladrillos han da\u00f1ado muchos carros. Los pacientes han sido evacuados de los edificios viejos de hospitales, incluyendo hospitales de maternidad, con madres que sacan a la calle sus beb\u00e9s reci\u00e9n nacidos.<\/p>\n<p>No hay informes actualizados de da\u00f1os sufridos por miembros de la Iglesia Adventista del S\u00e9ptimo D\u00eda. La mayor\u00eda de ellos se han puesto en contacto con sus pastores e iglesias a trav\u00e9s de las redes sociales y han informado que est\u00e1n bien.<\/p>\n<p>Las oficinas de la Asociaci\u00f3n de Croacia, la iglesia central y varios apartamentos pastorales, est\u00e1n colocados juntos en el antiguo centro de la ciudad. Han sufrido da\u00f1os y actualmente se est\u00e1 llevando a cabo una inspecci\u00f3n detallada.<\/p>\n<p>La Asociaci\u00f3n de Croacia no ha proporcionado todav\u00eda un informe oficial de los da\u00f1os sufridos en los hogares\u00a0 de los miembros, aunque los medios sociales muestran fotograf\u00edas que indican ciertos da\u00f1os.<\/p>\n<p>La Iglesia Adventista en Croacia est\u00e1 invitando a todos los miembros a dirigirse a Dios en oraci\u00f3n en favor de toda la gente, especialmente por aquellos que quedaron lastimados por efecto del terremoto o est\u00e1n infectados del coronavirus.<\/p>\n<p>Para m\u00e1s informaci\u00f3n sobre la vida y obra de la Iglesia Adventista del S\u00e9ptimo D\u00eda en las circunstancias creadas por el terremoto y la crisis del coronavirus, visita el\u00a0<a href=\"http:\/\/www.adventisti.hr\/\">official website<\/a>\u00a0(sitio web oficial y la <a href=\"https:\/\/www.facebook.com\/KACRHHK\">Facebook page<\/a> (p\u00e1gina Facebook) de la Iglesia Adventista del S\u00e9ptimo D\u00eda en Croacia.<\/p>\n<p>Traducci\u00f3n \u2013 Gloria A Castrej\u00f3n<\/p>\n<\/div>\n","protected":false},"excerpt":{"rendered":"<p>22 de marzo de 2020 \u00a0|\u00a0 Zagreb, Croacia \u00a0|\u00a0 Advent Press Zagreb\/APN, Neven Kla\u010dmer\/tedNEWS &nbsp; Un terremoto de magnitud 5.3, seguido por una serie de r\u00e9plicas, sacudi\u00f3 a Zagreb, la&#8230;<\/p>\n","protected":false},"author":3,"featured_media":56532,"comment_status":"open","ping_status":"closed","sticky":false,"template":"","format":"standard","meta":{"_acf_changed":false,"footnotes":""},"categories":[14,15],"tags":[],"class_list":["post-56573","post","type-post","status-publish","format-standard","has-post-thumbnail","hentry","category-de-la-iglesia-mundial","category-rss-espanol"],"acf":[],"yoast_head":"<!-- This site is optimized with the Yoast SEO plugin v27.3 - https:\/\/yoast.com\/product\/yoast-seo-wordpress\/ -->\n<title>Terremoto en Zagreb: Da\u00f1os en propiedades de la iglesia, miembros bien - Iglesia Adventista del S\u00e9ptimo D\u00eda - Divisi\u00f3n Interamericana<\/title>\n<meta name=\"robots\" content=\"index, follow, max-snippet:-1, max-image-preview:large, max-video-preview:-1\" \/>\n<link rel=\"canonical\" href=\"https:\/\/interamerica.org\/es\/2020\/03\/terremoto-en-zagreb-danos-en-propiedades-de-la-iglesia-miembros-bien\/\" \/>\n<meta property=\"og:locale\" content=\"es_ES\" \/>\n<meta property=\"og:type\" content=\"article\" \/>\n<meta property=\"og:title\" content=\"Terremoto en Zagreb: Da\u00f1os en propiedades de la iglesia, miembros bien - Iglesia Adventista del S\u00e9ptimo D\u00eda - Divisi\u00f3n Interamericana\" \/>\n<meta property=\"og:description\" content=\"22 de marzo de 2020 \u00a0|\u00a0 Zagreb, Croacia \u00a0|\u00a0 Advent Press Zagreb\/APN, Neven Kla\u010dmer\/tedNEWS &nbsp; Un terremoto de magnitud 5.3, seguido por una serie de r\u00e9plicas, sacudi\u00f3 a Zagreb, la...\" \/>\n<meta property=\"og:url\" content=\"https:\/\/interamerica.org\/es\/2020\/03\/terremoto-en-zagreb-danos-en-propiedades-de-la-iglesia-miembros-bien\/\" \/>\n<meta property=\"og:site_name\" content=\"Iglesia Adventista del S\u00e9ptimo D\u00eda - Divisi\u00f3n Interamericana\" \/>\n<meta property=\"article:published_time\" content=\"2020-03-23T17:37:38+00:00\" \/>\n<meta property=\"article:modified_time\" content=\"2020-03-24T13:35:05+00:00\" \/>\n<meta property=\"og:image\" content=\"https:\/\/interamerica.org\/wp-content\/uploads\/2020\/03\/earthquake-andrew-buchanan-egyrw3hqbya-unsplash-1280.jpg\" \/>\n\t<meta property=\"og:image:width\" content=\"1000\" \/>\n\t<meta property=\"og:image:height\" content=\"667\" \/>\n\t<meta property=\"og:image:type\" content=\"image\/jpeg\" \/>\n<meta name=\"author\" content=\"libna\" \/>\n<meta name=\"twitter:card\" content=\"summary_large_image\" \/>\n<meta name=\"twitter:label1\" content=\"Escrito por\" \/>\n\t<meta name=\"twitter:data1\" content=\"libna\" \/>\n\t<meta name=\"twitter:label2\" content=\"Tiempo de lectura\" \/>\n\t<meta name=\"twitter:data2\" content=\"3 minutos\" \/>\n<script type=\"application\/ld+json\" class=\"yoast-schema-graph\">{\"@context\":\"https:\\\/\\\/schema.org\",\"@graph\":[{\"@type\":\"Article\",\"@id\":\"https:\\\/\\\/interamerica.org\\\/es\\\/2020\\\/03\\\/terremoto-en-zagreb-danos-en-propiedades-de-la-iglesia-miembros-bien\\\/#article\",\"isPartOf\":{\"@id\":\"https:\\\/\\\/interamerica.org\\\/es\\\/2020\\\/03\\\/terremoto-en-zagreb-danos-en-propiedades-de-la-iglesia-miembros-bien\\\/\"},\"author\":{\"name\":\"libna\",\"@id\":\"https:\\\/\\\/interamerica.org\\\/es\\\/#\\\/schema\\\/person\\\/29998f2bc2d8bd0d38662909289b54f1\"},\"headline\":\"Terremoto en Zagreb: Da\u00f1os en propiedades de la iglesia, miembros bien\",\"datePublished\":\"2020-03-23T17:37:38+00:00\",\"dateModified\":\"2020-03-24T13:35:05+00:00\",\"mainEntityOfPage\":{\"@id\":\"https:\\\/\\\/interamerica.org\\\/es\\\/2020\\\/03\\\/terremoto-en-zagreb-danos-en-propiedades-de-la-iglesia-miembros-bien\\\/\"},\"wordCount\":528,\"commentCount\":0,\"image\":{\"@id\":\"https:\\\/\\\/interamerica.org\\\/es\\\/2020\\\/03\\\/terremoto-en-zagreb-danos-en-propiedades-de-la-iglesia-miembros-bien\\\/#primaryimage\"},\"thumbnailUrl\":\"https:\\\/\\\/interamerica.org\\\/wp-content\\\/uploads\\\/2020\\\/03\\\/earthquake-andrew-buchanan-egyrw3hqbya-unsplash-1280.jpg\",\"articleSection\":[\"Desde la iglesia mundial\",\"RSS Espa\u00f1ol\"],\"inLanguage\":\"es\",\"potentialAction\":[{\"@type\":\"CommentAction\",\"name\":\"Comment\",\"target\":[\"https:\\\/\\\/interamerica.org\\\/es\\\/2020\\\/03\\\/terremoto-en-zagreb-danos-en-propiedades-de-la-iglesia-miembros-bien\\\/#respond\"]}]},{\"@type\":\"WebPage\",\"@id\":\"https:\\\/\\\/interamerica.org\\\/es\\\/2020\\\/03\\\/terremoto-en-zagreb-danos-en-propiedades-de-la-iglesia-miembros-bien\\\/\",\"url\":\"https:\\\/\\\/interamerica.org\\\/es\\\/2020\\\/03\\\/terremoto-en-zagreb-danos-en-propiedades-de-la-iglesia-miembros-bien\\\/\",\"name\":\"Terremoto en Zagreb: Da\u00f1os en propiedades de la iglesia, miembros bien - Iglesia Adventista del S\u00e9ptimo D\u00eda - Divisi\u00f3n Interamericana\",\"isPartOf\":{\"@id\":\"https:\\\/\\\/interamerica.org\\\/es\\\/#website\"},\"primaryImageOfPage\":{\"@id\":\"https:\\\/\\\/interamerica.org\\\/es\\\/2020\\\/03\\\/terremoto-en-zagreb-danos-en-propiedades-de-la-iglesia-miembros-bien\\\/#primaryimage\"},\"image\":{\"@id\":\"https:\\\/\\\/interamerica.org\\\/es\\\/2020\\\/03\\\/terremoto-en-zagreb-danos-en-propiedades-de-la-iglesia-miembros-bien\\\/#primaryimage\"},\"thumbnailUrl\":\"https:\\\/\\\/interamerica.org\\\/wp-content\\\/uploads\\\/2020\\\/03\\\/earthquake-andrew-buchanan-egyrw3hqbya-unsplash-1280.jpg\",\"datePublished\":\"2020-03-23T17:37:38+00:00\",\"dateModified\":\"2020-03-24T13:35:05+00:00\",\"author\":{\"@id\":\"https:\\\/\\\/interamerica.org\\\/es\\\/#\\\/schema\\\/person\\\/29998f2bc2d8bd0d38662909289b54f1\"},\"breadcrumb\":{\"@id\":\"https:\\\/\\\/interamerica.org\\\/es\\\/2020\\\/03\\\/terremoto-en-zagreb-danos-en-propiedades-de-la-iglesia-miembros-bien\\\/#breadcrumb\"},\"inLanguage\":\"es\",\"potentialAction\":[{\"@type\":\"ReadAction\",\"target\":[\"https:\\\/\\\/interamerica.org\\\/es\\\/2020\\\/03\\\/terremoto-en-zagreb-danos-en-propiedades-de-la-iglesia-miembros-bien\\\/\"]}]},{\"@type\":\"ImageObject\",\"inLanguage\":\"es\",\"@id\":\"https:\\\/\\\/interamerica.org\\\/es\\\/2020\\\/03\\\/terremoto-en-zagreb-danos-en-propiedades-de-la-iglesia-miembros-bien\\\/#primaryimage\",\"url\":\"https:\\\/\\\/interamerica.org\\\/wp-content\\\/uploads\\\/2020\\\/03\\\/earthquake-andrew-buchanan-egyrw3hqbya-unsplash-1280.jpg\",\"contentUrl\":\"https:\\\/\\\/interamerica.org\\\/wp-content\\\/uploads\\\/2020\\\/03\\\/earthquake-andrew-buchanan-egyrw3hqbya-unsplash-1280.jpg\",\"width\":1000,\"height\":667},{\"@type\":\"BreadcrumbList\",\"@id\":\"https:\\\/\\\/interamerica.org\\\/es\\\/2020\\\/03\\\/terremoto-en-zagreb-danos-en-propiedades-de-la-iglesia-miembros-bien\\\/#breadcrumb\",\"itemListElement\":[{\"@type\":\"ListItem\",\"position\":1,\"name\":\"Home\",\"item\":\"https:\\\/\\\/interamerica.org\\\/es\\\/\"},{\"@type\":\"ListItem\",\"position\":2,\"name\":\"Terremoto en Zagreb: Da\u00f1os en propiedades de la iglesia, miembros bien\"}]},{\"@type\":\"WebSite\",\"@id\":\"https:\\\/\\\/interamerica.org\\\/es\\\/#website\",\"url\":\"https:\\\/\\\/interamerica.org\\\/es\\\/\",\"name\":\"Iglesia Adventista del S\u00e9ptimo D\u00eda - Divisi\u00f3n Interamericana\",\"description\":\"\",\"potentialAction\":[{\"@type\":\"SearchAction\",\"target\":{\"@type\":\"EntryPoint\",\"urlTemplate\":\"https:\\\/\\\/interamerica.org\\\/es\\\/?s={search_term_string}\"},\"query-input\":{\"@type\":\"PropertyValueSpecification\",\"valueRequired\":true,\"valueName\":\"search_term_string\"}}],\"inLanguage\":\"es\"},{\"@type\":\"Person\",\"@id\":\"https:\\\/\\\/interamerica.org\\\/es\\\/#\\\/schema\\\/person\\\/29998f2bc2d8bd0d38662909289b54f1\",\"name\":\"libna\",\"image\":{\"@type\":\"ImageObject\",\"inLanguage\":\"es\",\"@id\":\"https:\\\/\\\/secure.gravatar.com\\\/avatar\\\/7c5bd30ae4b47a9ba3c856590957fd1d96dc588bf3ac05719d247e126840331f?s=96&d=mm&r=g\",\"url\":\"https:\\\/\\\/secure.gravatar.com\\\/avatar\\\/7c5bd30ae4b47a9ba3c856590957fd1d96dc588bf3ac05719d247e126840331f?s=96&d=mm&r=g\",\"contentUrl\":\"https:\\\/\\\/secure.gravatar.com\\\/avatar\\\/7c5bd30ae4b47a9ba3c856590957fd1d96dc588bf3ac05719d247e126840331f?s=96&d=mm&r=g\",\"caption\":\"libna\"}}]}<\/script>\n<!-- \/ Yoast SEO plugin. -->","yoast_head_json":{"title":"Terremoto en Zagreb: Da\u00f1os en propiedades de la iglesia, miembros bien - Iglesia Adventista del S\u00e9ptimo D\u00eda - Divisi\u00f3n Interamericana","robots":{"index":"index","follow":"follow","max-snippet":"max-snippet:-1","max-image-preview":"max-image-preview:large","max-video-preview":"max-video-preview:-1"},"canonical":"https:\/\/interamerica.org\/es\/2020\/03\/terremoto-en-zagreb-danos-en-propiedades-de-la-iglesia-miembros-bien\/","og_locale":"es_ES","og_type":"article","og_title":"Terremoto en Zagreb: Da\u00f1os en propiedades de la iglesia, miembros bien - Iglesia Adventista del S\u00e9ptimo D\u00eda - Divisi\u00f3n Interamericana","og_description":"22 de marzo de 2020 \u00a0|\u00a0 Zagreb, Croacia \u00a0|\u00a0 Advent Press Zagreb\/APN, Neven Kla\u010dmer\/tedNEWS &nbsp; Un terremoto de magnitud 5.3, seguido por una serie de r\u00e9plicas, sacudi\u00f3 a Zagreb, la...","og_url":"https:\/\/interamerica.org\/es\/2020\/03\/terremoto-en-zagreb-danos-en-propiedades-de-la-iglesia-miembros-bien\/","og_site_name":"Iglesia Adventista del S\u00e9ptimo D\u00eda - Divisi\u00f3n Interamericana","article_published_time":"2020-03-23T17:37:38+00:00","article_modified_time":"2020-03-24T13:35:05+00:00","og_image":[{"width":1000,"height":667,"url":"https:\/\/interamerica.org\/wp-content\/uploads\/2020\/03\/earthquake-andrew-buchanan-egyrw3hqbya-unsplash-1280.jpg","type":"image\/jpeg"}],"author":"libna","twitter_card":"summary_large_image","twitter_misc":{"Escrito por":"libna","Tiempo de lectura":"3 minutos"},"schema":{"@context":"https:\/\/schema.org","@graph":[{"@type":"Article","@id":"https:\/\/interamerica.org\/es\/2020\/03\/terremoto-en-zagreb-danos-en-propiedades-de-la-iglesia-miembros-bien\/#article","isPartOf":{"@id":"https:\/\/interamerica.org\/es\/2020\/03\/terremoto-en-zagreb-danos-en-propiedades-de-la-iglesia-miembros-bien\/"},"author":{"name":"libna","@id":"https:\/\/interamerica.org\/es\/#\/schema\/person\/29998f2bc2d8bd0d38662909289b54f1"},"headline":"Terremoto en Zagreb: Da\u00f1os en propiedades de la iglesia, miembros bien","datePublished":"2020-03-23T17:37:38+00:00","dateModified":"2020-03-24T13:35:05+00:00","mainEntityOfPage":{"@id":"https:\/\/interamerica.org\/es\/2020\/03\/terremoto-en-zagreb-danos-en-propiedades-de-la-iglesia-miembros-bien\/"},"wordCount":528,"commentCount":0,"image":{"@id":"https:\/\/interamerica.org\/es\/2020\/03\/terremoto-en-zagreb-danos-en-propiedades-de-la-iglesia-miembros-bien\/#primaryimage"},"thumbnailUrl":"https:\/\/interamerica.org\/wp-content\/uploads\/2020\/03\/earthquake-andrew-buchanan-egyrw3hqbya-unsplash-1280.jpg","articleSection":["Desde la iglesia mundial","RSS Espa\u00f1ol"],"inLanguage":"es","potentialAction":[{"@type":"CommentAction","name":"Comment","target":["https:\/\/interamerica.org\/es\/2020\/03\/terremoto-en-zagreb-danos-en-propiedades-de-la-iglesia-miembros-bien\/#respond"]}]},{"@type":"WebPage","@id":"https:\/\/interamerica.org\/es\/2020\/03\/terremoto-en-zagreb-danos-en-propiedades-de-la-iglesia-miembros-bien\/","url":"https:\/\/interamerica.org\/es\/2020\/03\/terremoto-en-zagreb-danos-en-propiedades-de-la-iglesia-miembros-bien\/","name":"Terremoto en Zagreb: Da\u00f1os en propiedades de la iglesia, miembros bien - Iglesia Adventista del S\u00e9ptimo D\u00eda - Divisi\u00f3n Interamericana","isPartOf":{"@id":"https:\/\/interamerica.org\/es\/#website"},"primaryImageOfPage":{"@id":"https:\/\/interamerica.org\/es\/2020\/03\/terremoto-en-zagreb-danos-en-propiedades-de-la-iglesia-miembros-bien\/#primaryimage"},"image":{"@id":"https:\/\/interamerica.org\/es\/2020\/03\/terremoto-en-zagreb-danos-en-propiedades-de-la-iglesia-miembros-bien\/#primaryimage"},"thumbnailUrl":"https:\/\/interamerica.org\/wp-content\/uploads\/2020\/03\/earthquake-andrew-buchanan-egyrw3hqbya-unsplash-1280.jpg","datePublished":"2020-03-23T17:37:38+00:00","dateModified":"2020-03-24T13:35:05+00:00","author":{"@id":"https:\/\/interamerica.org\/es\/#\/schema\/person\/29998f2bc2d8bd0d38662909289b54f1"},"breadcrumb":{"@id":"https:\/\/interamerica.org\/es\/2020\/03\/terremoto-en-zagreb-danos-en-propiedades-de-la-iglesia-miembros-bien\/#breadcrumb"},"inLanguage":"es","potentialAction":[{"@type":"ReadAction","target":["https:\/\/interamerica.org\/es\/2020\/03\/terremoto-en-zagreb-danos-en-propiedades-de-la-iglesia-miembros-bien\/"]}]},{"@type":"ImageObject","inLanguage":"es","@id":"https:\/\/interamerica.org\/es\/2020\/03\/terremoto-en-zagreb-danos-en-propiedades-de-la-iglesia-miembros-bien\/#primaryimage","url":"https:\/\/interamerica.org\/wp-content\/uploads\/2020\/03\/earthquake-andrew-buchanan-egyrw3hqbya-unsplash-1280.jpg","contentUrl":"https:\/\/interamerica.org\/wp-content\/uploads\/2020\/03\/earthquake-andrew-buchanan-egyrw3hqbya-unsplash-1280.jpg","width":1000,"height":667},{"@type":"BreadcrumbList","@id":"https:\/\/interamerica.org\/es\/2020\/03\/terremoto-en-zagreb-danos-en-propiedades-de-la-iglesia-miembros-bien\/#breadcrumb","itemListElement":[{"@type":"ListItem","position":1,"name":"Home","item":"https:\/\/interamerica.org\/es\/"},{"@type":"ListItem","position":2,"name":"Terremoto en Zagreb: Da\u00f1os en propiedades de la iglesia, miembros bien"}]},{"@type":"WebSite","@id":"https:\/\/interamerica.org\/es\/#website","url":"https:\/\/interamerica.org\/es\/","name":"Iglesia Adventista del S\u00e9ptimo D\u00eda - Divisi\u00f3n Interamericana","description":"","potentialAction":[{"@type":"SearchAction","target":{"@type":"EntryPoint","urlTemplate":"https:\/\/interamerica.org\/es\/?s={search_term_string}"},"query-input":{"@type":"PropertyValueSpecification","valueRequired":true,"valueName":"search_term_string"}}],"inLanguage":"es"},{"@type":"Person","@id":"https:\/\/interamerica.org\/es\/#\/schema\/person\/29998f2bc2d8bd0d38662909289b54f1","name":"libna","image":{"@type":"ImageObject","inLanguage":"es","@id":"https:\/\/secure.gravatar.com\/avatar\/7c5bd30ae4b47a9ba3c856590957fd1d96dc588bf3ac05719d247e126840331f?s=96&d=mm&r=g","url":"https:\/\/secure.gravatar.com\/avatar\/7c5bd30ae4b47a9ba3c856590957fd1d96dc588bf3ac05719d247e126840331f?s=96&d=mm&r=g","contentUrl":"https:\/\/secure.gravatar.com\/avatar\/7c5bd30ae4b47a9ba3c856590957fd1d96dc588bf3ac05719d247e126840331f?s=96&d=mm&r=g","caption":"libna"}}]}},"_links":{"self":[{"href":"https:\/\/interamerica.org\/es\/wp-json\/wp\/v2\/posts\/56573","targetHints":{"allow":["GET"]}}],"collection":[{"href":"https:\/\/interamerica.org\/es\/wp-json\/wp\/v2\/posts"}],"about":[{"href":"https:\/\/interamerica.org\/es\/wp-json\/wp\/v2\/types\/post"}],"author":[{"embeddable":true,"href":"https:\/\/interamerica.org\/es\/wp-json\/wp\/v2\/users\/3"}],"replies":[{"embeddable":true,"href":"https:\/\/interamerica.org\/es\/wp-json\/wp\/v2\/comments?post=56573"}],"version-history":[{"count":0,"href":"https:\/\/interamerica.org\/es\/wp-json\/wp\/v2\/posts\/56573\/revisions"}],"wp:featuredmedia":[{"embeddable":true,"href":"https:\/\/interamerica.org\/es\/wp-json\/wp\/v2\/media\/56532"}],"wp:attachment":[{"href":"https:\/\/interamerica.org\/es\/wp-json\/wp\/v2\/media?parent=56573"}],"wp:term":[{"taxonomy":"category","embeddable":true,"href":"https:\/\/interamerica.org\/es\/wp-json\/wp\/v2\/categories?post=56573"},{"taxonomy":"post_tag","embeddable":true,"href":"https:\/\/interamerica.org\/es\/wp-json\/wp\/v2\/tags?post=56573"}],"curies":[{"name":"wp","href":"https:\/\/api.w.org\/{rel}","templated":true}]}}