{"id":56598,"date":"2020-03-24T10:13:01","date_gmt":"2020-03-24T14:13:01","guid":{"rendered":"https:\/\/recursing-golick.147-182-135-0.plesk.page\/?p=56598"},"modified":"2020-03-24T17:01:29","modified_gmt":"2020-03-24T21:01:29","slug":"se-confirman-casos-de-coronavirus-en-la-universidad-andrews","status":"publish","type":"post","link":"https:\/\/interamerica.org\/es\/2020\/03\/se-confirman-casos-de-coronavirus-en-la-universidad-andrews\/","title":{"rendered":"Se confirman casos de coronavirus en la Universidad Andrews"},"content":{"rendered":"<p><span class=\"byline-news\">23 de marzo de 2020 | Berrien Springs, M\u00edchigan, Estados Unidos |Por: Andrea Luxton, Universidad Andrews, y <\/span><em><span class=\"byline-news\">Adventist Review<\/span><\/em><\/p>\n<p><span class=\"cap\"><em>A continuaci\u00f3n compartimos una carta que la rectora de la Universidad Andrews, Andrea Luxton, dirigi\u00f3 el s\u00e1bado 21 de marzo de 2020 al personal docente, no docente, a los estudiantes y residentes de esa instituci\u00f3n educativa ubicada en Berrien Springs, M\u00edchigan, Estados Unidos.\u2014Editores de Adventist Review<\/em><\/span><\/p>\n<p>Apreciados amigos:<\/p>\n<p>A manera de seguimiento de la investigaci\u00f3n y las pruebas que llev\u00f3 a cabo el Departamento de Salud del Condado de Berrien esta semana en relaci\u00f3n con la pandemia del COVID-19, fuimos notificados en el d\u00eda de hoy que dos integrantes de la comunidad de la Universidad Andrews han resultado en un diagn\u00f3stico positivo del virus del COVID-19.<\/p>\n<p>Esos dos individuos ya se hab\u00edan aislado con anterioridad, y est\u00e1n recibiendo atenci\u00f3n m\u00e9dica en sus hogares.<\/p>\n<p>Esta tarde, el Departamento de Salud del Condado de Berrien y Spectrum Health Lakeland dieron a conocer un comunicado de prensa relacionado con estos diagn\u00f3sticos, lo que incluye los siguientes detalles:<\/p>\n<p>El Departamento de Salud del Condado de Berrien ha identificado los dos primeros casos positivos de la Enfermedad de Coronavirus 2019 (COVID-19) en el Condado de Berrien.<\/p>\n<p>Las personas positivas son ambas mujeres adultas menores de sesenta a\u00f1os; ambas han estado en aislamiento en sus casas durante varios d\u00edas, y ambas se encuentran en buen estado. Esas dos personas tuvieron un contacto cercano con la cantante Sandi Patty cuando ella brind\u00f3 un concierto en la Universidad Andrews en Berrien Springs el 8 de marzo de 2020. Desde el concierto, Sandi Patty anunci\u00f3 que su examen de COVID-19 hab\u00eda dado resultados positivos el 17 de marzo de 2020.<\/p>\n<p>El Departamento de Salud del Condado de Berrien y la Universidad Andrews se est\u00e1n comunicando directamente con las personas que han estado en contacto cercano con los individuos que han dado positivo. A todos los contactos de los individuos que mostraron resultados positivos de COVID-19 se les pedir\u00e1 que guarden una cuarentena y ser\u00e1n evaluados en busca de s\u00edntomas adem\u00e1s de ser monitoreados en forma apropiada. El Departamento de Salud del Condado de Berrien tambi\u00e9n est\u00e1 aconsejando a todos los que asistieron al concierto del de marzo de Sandi Patty y tuvieron un contacto cercano con ella que entren en cuarentena y est\u00e9n atentos a s\u00edntomas de COVID-19, lo que incluye fiebre, tos y falta de aliento hasta este 22 de marzo. Se pide a cualquier individuo que experiment\u00f3 o a\u00fan est\u00e9 experimentando s\u00edntomas que llame a la l\u00ednea especial del Departamento de Salud del Condado de Berrien, al 1-800-815-5485.<\/p>\n<p>Puede leer todo el comunicado de prensa <a href=\"http:\/\/bchdmi.org\/DocumentCenter\/View\/11042\/News-Release---First-Case-of-COVID-19-in-Berrien-County?bidId=\" target=\"_blank\" rel=\"noopener noreferrer\">aqu\u00ed<\/a>. Note por favor que, de conformidad con las pautas de privacidad de la ley HIPAA, la Universidad Andrews no har\u00e1 p\u00fablicos los nombres o detalles personales de estos individuos.<\/p>\n<p>En un esfuerzo por reducir el riesgo de exposici\u00f3n, la administraci\u00f3n de la Universidad Andrews sigue dando pasos para garantizar que la familia del campus pueda hacer su parte para reducir el riesgo de infecci\u00f3n y minimizar la diseminaci\u00f3n de la enfermedad. Esos pasos incluyen animar a los empleados para que trabajen desde sus hogares, cerrar la mayor\u00eda de los edificios al acceso p\u00fablico y modificar el servicio alimentario seg\u00fan las pautas de Bon Appetit. Seguiremos brindando actualizaciones para toda la comunidad de Andrews.<\/p>\n<p>La Universidad Andrews tambi\u00e9n continuar\u00e1 trabajando para apoyar plenamente a los miembros de nuestra comunidad de la Universidad Andrews que han recibido este diagn\u00f3stico.<\/p>\n<p>A su vez, tambi\u00e9n trabajaremos directamente con el Departamento de Salud del Condado de Berrien y con Spectrum Health Lakeland para entender de qu\u00e9 manera esos diagn\u00f3sticos afectar\u00e1n las operaciones continuadas de nuestra instituci\u00f3n en el futuro inmediato. Los cambios y las pautas adicionales respecto de las operaciones de la instituci\u00f3n seguir\u00e1 proviniendo y estar\u00e1n basadas en el Departamento de Salud del Condado de Berrien y las pautas estatales y nacionales.<\/p>\n<p>Para concluir, ofrecemos oraciones continuadas por nuestros dos colegas y por los que est\u00e1n directamente afectados por las noticias del d\u00eda de hoy. Invitamos a que oren tambi\u00e9n por la comunidad de la Universidad Andrews, el pa\u00eds y el mundo.<\/p>\n<p>Oramos para que Dios nos d\u00e9 respuestas y paz, en especial en medio de estos momentos de grandes desaf\u00edos.<\/p>\n<p>Atentamente,<\/p>\n<p>Andrea Luxton<br \/>\n<em>Rectora<\/em><\/p>\n<p><em>La<\/em><a href=\"https:\/\/www.andrews.edu\/agenda\/55768\" target=\"_blank\" rel=\"noopener noreferrer\"><em>versi\u00f3n original<\/em><\/a><em> de este comunicado de prensa fue publicado por <\/em><a href=\"https:\/\/www.andrews.edu\/agenda\/\" target=\"_blank\" rel=\"noopener noreferrer\"><em>el sitio de noticias de la Universidad Andrews<\/em><\/a><em>.<\/em><\/p>\n<p>Traducci\u00f3n de Marcos Paseggi<\/p>\n","protected":false},"excerpt":{"rendered":"<p>23 de marzo de 2020 | Berrien Springs, M\u00edchigan, Estados Unidos |Por: Andrea Luxton, Universidad Andrews, y Adventist Review A continuaci\u00f3n compartimos una carta que la rectora de la Universidad&#8230;<\/p>\n","protected":false},"author":3,"featured_media":56587,"comment_status":"open","ping_status":"closed","sticky":false,"template":"","format":"standard","meta":{"_acf_changed":false,"footnotes":""},"categories":[14,15],"tags":[],"class_list":["post-56598","post","type-post","status-publish","format-standard","has-post-thumbnail","hentry","category-de-la-iglesia-mundial","category-rss-espanol"],"acf":[],"yoast_head":"<!-- This site is optimized with the Yoast SEO plugin v27.3 - https:\/\/yoast.com\/product\/yoast-seo-wordpress\/ -->\n<title>Se confirman casos de coronavirus en la Universidad Andrews - Iglesia Adventista del S\u00e9ptimo D\u00eda - Divisi\u00f3n Interamericana<\/title>\n<meta name=\"robots\" content=\"index, follow, max-snippet:-1, max-image-preview:large, max-video-preview:-1\" \/>\n<link rel=\"canonical\" href=\"https:\/\/interamerica.org\/es\/2020\/03\/se-confirman-casos-de-coronavirus-en-la-universidad-andrews\/\" \/>\n<meta property=\"og:locale\" content=\"es_ES\" \/>\n<meta property=\"og:type\" content=\"article\" \/>\n<meta property=\"og:title\" content=\"Se confirman casos de coronavirus en la Universidad Andrews - Iglesia Adventista del S\u00e9ptimo D\u00eda - Divisi\u00f3n Interamericana\" \/>\n<meta property=\"og:description\" content=\"23 de marzo de 2020 | Berrien Springs, M\u00edchigan, Estados Unidos |Por: Andrea Luxton, Universidad Andrews, y Adventist Review A continuaci\u00f3n compartimos una carta que la rectora de la Universidad...\" \/>\n<meta property=\"og:url\" content=\"https:\/\/interamerica.org\/es\/2020\/03\/se-confirman-casos-de-coronavirus-en-la-universidad-andrews\/\" \/>\n<meta property=\"og:site_name\" content=\"Iglesia Adventista del S\u00e9ptimo D\u00eda - Divisi\u00f3n Interamericana\" \/>\n<meta property=\"article:published_time\" content=\"2020-03-24T14:13:01+00:00\" \/>\n<meta property=\"article:modified_time\" content=\"2020-03-24T21:01:29+00:00\" \/>\n<meta property=\"og:image\" content=\"https:\/\/interamerica.org\/wp-content\/uploads\/2020\/03\/coronavirus-cases-confirmed-at-andrews-university1280.jpg\" \/>\n\t<meta property=\"og:image:width\" content=\"1280\" \/>\n\t<meta property=\"og:image:height\" content=\"800\" \/>\n\t<meta property=\"og:image:type\" content=\"image\/jpeg\" \/>\n<meta name=\"author\" content=\"libna\" \/>\n<meta name=\"twitter:card\" content=\"summary_large_image\" \/>\n<meta name=\"twitter:label1\" content=\"Escrito por\" \/>\n\t<meta name=\"twitter:data1\" content=\"libna\" \/>\n\t<meta name=\"twitter:label2\" content=\"Tiempo de lectura\" \/>\n\t<meta name=\"twitter:data2\" content=\"4 minutos\" \/>\n<script type=\"application\/ld+json\" class=\"yoast-schema-graph\">{\"@context\":\"https:\\\/\\\/schema.org\",\"@graph\":[{\"@type\":\"Article\",\"@id\":\"https:\\\/\\\/interamerica.org\\\/es\\\/2020\\\/03\\\/se-confirman-casos-de-coronavirus-en-la-universidad-andrews\\\/#article\",\"isPartOf\":{\"@id\":\"https:\\\/\\\/interamerica.org\\\/es\\\/2020\\\/03\\\/se-confirman-casos-de-coronavirus-en-la-universidad-andrews\\\/\"},\"author\":{\"name\":\"libna\",\"@id\":\"https:\\\/\\\/interamerica.org\\\/es\\\/#\\\/schema\\\/person\\\/29998f2bc2d8bd0d38662909289b54f1\"},\"headline\":\"Se confirman casos de coronavirus en la Universidad Andrews\",\"datePublished\":\"2020-03-24T14:13:01+00:00\",\"dateModified\":\"2020-03-24T21:01:29+00:00\",\"mainEntityOfPage\":{\"@id\":\"https:\\\/\\\/interamerica.org\\\/es\\\/2020\\\/03\\\/se-confirman-casos-de-coronavirus-en-la-universidad-andrews\\\/\"},\"wordCount\":783,\"commentCount\":0,\"image\":{\"@id\":\"https:\\\/\\\/interamerica.org\\\/es\\\/2020\\\/03\\\/se-confirman-casos-de-coronavirus-en-la-universidad-andrews\\\/#primaryimage\"},\"thumbnailUrl\":\"https:\\\/\\\/interamerica.org\\\/wp-content\\\/uploads\\\/2020\\\/03\\\/coronavirus-cases-confirmed-at-andrews-university1280.jpg\",\"articleSection\":[\"Desde la iglesia mundial\",\"RSS Espa\u00f1ol\"],\"inLanguage\":\"es\",\"potentialAction\":[{\"@type\":\"CommentAction\",\"name\":\"Comment\",\"target\":[\"https:\\\/\\\/interamerica.org\\\/es\\\/2020\\\/03\\\/se-confirman-casos-de-coronavirus-en-la-universidad-andrews\\\/#respond\"]}]},{\"@type\":\"WebPage\",\"@id\":\"https:\\\/\\\/interamerica.org\\\/es\\\/2020\\\/03\\\/se-confirman-casos-de-coronavirus-en-la-universidad-andrews\\\/\",\"url\":\"https:\\\/\\\/interamerica.org\\\/es\\\/2020\\\/03\\\/se-confirman-casos-de-coronavirus-en-la-universidad-andrews\\\/\",\"name\":\"Se confirman casos de coronavirus en la Universidad Andrews - Iglesia Adventista del S\u00e9ptimo D\u00eda - Divisi\u00f3n Interamericana\",\"isPartOf\":{\"@id\":\"https:\\\/\\\/interamerica.org\\\/es\\\/#website\"},\"primaryImageOfPage\":{\"@id\":\"https:\\\/\\\/interamerica.org\\\/es\\\/2020\\\/03\\\/se-confirman-casos-de-coronavirus-en-la-universidad-andrews\\\/#primaryimage\"},\"image\":{\"@id\":\"https:\\\/\\\/interamerica.org\\\/es\\\/2020\\\/03\\\/se-confirman-casos-de-coronavirus-en-la-universidad-andrews\\\/#primaryimage\"},\"thumbnailUrl\":\"https:\\\/\\\/interamerica.org\\\/wp-content\\\/uploads\\\/2020\\\/03\\\/coronavirus-cases-confirmed-at-andrews-university1280.jpg\",\"datePublished\":\"2020-03-24T14:13:01+00:00\",\"dateModified\":\"2020-03-24T21:01:29+00:00\",\"author\":{\"@id\":\"https:\\\/\\\/interamerica.org\\\/es\\\/#\\\/schema\\\/person\\\/29998f2bc2d8bd0d38662909289b54f1\"},\"breadcrumb\":{\"@id\":\"https:\\\/\\\/interamerica.org\\\/es\\\/2020\\\/03\\\/se-confirman-casos-de-coronavirus-en-la-universidad-andrews\\\/#breadcrumb\"},\"inLanguage\":\"es\",\"potentialAction\":[{\"@type\":\"ReadAction\",\"target\":[\"https:\\\/\\\/interamerica.org\\\/es\\\/2020\\\/03\\\/se-confirman-casos-de-coronavirus-en-la-universidad-andrews\\\/\"]}]},{\"@type\":\"ImageObject\",\"inLanguage\":\"es\",\"@id\":\"https:\\\/\\\/interamerica.org\\\/es\\\/2020\\\/03\\\/se-confirman-casos-de-coronavirus-en-la-universidad-andrews\\\/#primaryimage\",\"url\":\"https:\\\/\\\/interamerica.org\\\/wp-content\\\/uploads\\\/2020\\\/03\\\/coronavirus-cases-confirmed-at-andrews-university1280.jpg\",\"contentUrl\":\"https:\\\/\\\/interamerica.org\\\/wp-content\\\/uploads\\\/2020\\\/03\\\/coronavirus-cases-confirmed-at-andrews-university1280.jpg\",\"width\":1280,\"height\":800,\"caption\":\"[Fotograf\u00eda: Sitio web de la Universidad Andrews]\"},{\"@type\":\"BreadcrumbList\",\"@id\":\"https:\\\/\\\/interamerica.org\\\/es\\\/2020\\\/03\\\/se-confirman-casos-de-coronavirus-en-la-universidad-andrews\\\/#breadcrumb\",\"itemListElement\":[{\"@type\":\"ListItem\",\"position\":1,\"name\":\"Home\",\"item\":\"https:\\\/\\\/interamerica.org\\\/es\\\/\"},{\"@type\":\"ListItem\",\"position\":2,\"name\":\"Se confirman casos de coronavirus en la Universidad Andrews\"}]},{\"@type\":\"WebSite\",\"@id\":\"https:\\\/\\\/interamerica.org\\\/es\\\/#website\",\"url\":\"https:\\\/\\\/interamerica.org\\\/es\\\/\",\"name\":\"Iglesia Adventista del S\u00e9ptimo D\u00eda - Divisi\u00f3n Interamericana\",\"description\":\"\",\"potentialAction\":[{\"@type\":\"SearchAction\",\"target\":{\"@type\":\"EntryPoint\",\"urlTemplate\":\"https:\\\/\\\/interamerica.org\\\/es\\\/?s={search_term_string}\"},\"query-input\":{\"@type\":\"PropertyValueSpecification\",\"valueRequired\":true,\"valueName\":\"search_term_string\"}}],\"inLanguage\":\"es\"},{\"@type\":\"Person\",\"@id\":\"https:\\\/\\\/interamerica.org\\\/es\\\/#\\\/schema\\\/person\\\/29998f2bc2d8bd0d38662909289b54f1\",\"name\":\"libna\",\"image\":{\"@type\":\"ImageObject\",\"inLanguage\":\"es\",\"@id\":\"https:\\\/\\\/secure.gravatar.com\\\/avatar\\\/7c5bd30ae4b47a9ba3c856590957fd1d96dc588bf3ac05719d247e126840331f?s=96&d=mm&r=g\",\"url\":\"https:\\\/\\\/secure.gravatar.com\\\/avatar\\\/7c5bd30ae4b47a9ba3c856590957fd1d96dc588bf3ac05719d247e126840331f?s=96&d=mm&r=g\",\"contentUrl\":\"https:\\\/\\\/secure.gravatar.com\\\/avatar\\\/7c5bd30ae4b47a9ba3c856590957fd1d96dc588bf3ac05719d247e126840331f?s=96&d=mm&r=g\",\"caption\":\"libna\"}}]}<\/script>\n<!-- \/ Yoast SEO plugin. -->","yoast_head_json":{"title":"Se confirman casos de coronavirus en la Universidad Andrews - Iglesia Adventista del S\u00e9ptimo D\u00eda - Divisi\u00f3n Interamericana","robots":{"index":"index","follow":"follow","max-snippet":"max-snippet:-1","max-image-preview":"max-image-preview:large","max-video-preview":"max-video-preview:-1"},"canonical":"https:\/\/interamerica.org\/es\/2020\/03\/se-confirman-casos-de-coronavirus-en-la-universidad-andrews\/","og_locale":"es_ES","og_type":"article","og_title":"Se confirman casos de coronavirus en la Universidad Andrews - Iglesia Adventista del S\u00e9ptimo D\u00eda - Divisi\u00f3n Interamericana","og_description":"23 de marzo de 2020 | Berrien Springs, M\u00edchigan, Estados Unidos |Por: Andrea Luxton, Universidad Andrews, y Adventist Review A continuaci\u00f3n compartimos una carta que la rectora de la Universidad...","og_url":"https:\/\/interamerica.org\/es\/2020\/03\/se-confirman-casos-de-coronavirus-en-la-universidad-andrews\/","og_site_name":"Iglesia Adventista del S\u00e9ptimo D\u00eda - Divisi\u00f3n Interamericana","article_published_time":"2020-03-24T14:13:01+00:00","article_modified_time":"2020-03-24T21:01:29+00:00","og_image":[{"width":1280,"height":800,"url":"https:\/\/interamerica.org\/wp-content\/uploads\/2020\/03\/coronavirus-cases-confirmed-at-andrews-university1280.jpg","type":"image\/jpeg"}],"author":"libna","twitter_card":"summary_large_image","twitter_misc":{"Escrito por":"libna","Tiempo de lectura":"4 minutos"},"schema":{"@context":"https:\/\/schema.org","@graph":[{"@type":"Article","@id":"https:\/\/interamerica.org\/es\/2020\/03\/se-confirman-casos-de-coronavirus-en-la-universidad-andrews\/#article","isPartOf":{"@id":"https:\/\/interamerica.org\/es\/2020\/03\/se-confirman-casos-de-coronavirus-en-la-universidad-andrews\/"},"author":{"name":"libna","@id":"https:\/\/interamerica.org\/es\/#\/schema\/person\/29998f2bc2d8bd0d38662909289b54f1"},"headline":"Se confirman casos de coronavirus en la Universidad Andrews","datePublished":"2020-03-24T14:13:01+00:00","dateModified":"2020-03-24T21:01:29+00:00","mainEntityOfPage":{"@id":"https:\/\/interamerica.org\/es\/2020\/03\/se-confirman-casos-de-coronavirus-en-la-universidad-andrews\/"},"wordCount":783,"commentCount":0,"image":{"@id":"https:\/\/interamerica.org\/es\/2020\/03\/se-confirman-casos-de-coronavirus-en-la-universidad-andrews\/#primaryimage"},"thumbnailUrl":"https:\/\/interamerica.org\/wp-content\/uploads\/2020\/03\/coronavirus-cases-confirmed-at-andrews-university1280.jpg","articleSection":["Desde la iglesia mundial","RSS Espa\u00f1ol"],"inLanguage":"es","potentialAction":[{"@type":"CommentAction","name":"Comment","target":["https:\/\/interamerica.org\/es\/2020\/03\/se-confirman-casos-de-coronavirus-en-la-universidad-andrews\/#respond"]}]},{"@type":"WebPage","@id":"https:\/\/interamerica.org\/es\/2020\/03\/se-confirman-casos-de-coronavirus-en-la-universidad-andrews\/","url":"https:\/\/interamerica.org\/es\/2020\/03\/se-confirman-casos-de-coronavirus-en-la-universidad-andrews\/","name":"Se confirman casos de coronavirus en la Universidad Andrews - Iglesia Adventista del S\u00e9ptimo D\u00eda - Divisi\u00f3n Interamericana","isPartOf":{"@id":"https:\/\/interamerica.org\/es\/#website"},"primaryImageOfPage":{"@id":"https:\/\/interamerica.org\/es\/2020\/03\/se-confirman-casos-de-coronavirus-en-la-universidad-andrews\/#primaryimage"},"image":{"@id":"https:\/\/interamerica.org\/es\/2020\/03\/se-confirman-casos-de-coronavirus-en-la-universidad-andrews\/#primaryimage"},"thumbnailUrl":"https:\/\/interamerica.org\/wp-content\/uploads\/2020\/03\/coronavirus-cases-confirmed-at-andrews-university1280.jpg","datePublished":"2020-03-24T14:13:01+00:00","dateModified":"2020-03-24T21:01:29+00:00","author":{"@id":"https:\/\/interamerica.org\/es\/#\/schema\/person\/29998f2bc2d8bd0d38662909289b54f1"},"breadcrumb":{"@id":"https:\/\/interamerica.org\/es\/2020\/03\/se-confirman-casos-de-coronavirus-en-la-universidad-andrews\/#breadcrumb"},"inLanguage":"es","potentialAction":[{"@type":"ReadAction","target":["https:\/\/interamerica.org\/es\/2020\/03\/se-confirman-casos-de-coronavirus-en-la-universidad-andrews\/"]}]},{"@type":"ImageObject","inLanguage":"es","@id":"https:\/\/interamerica.org\/es\/2020\/03\/se-confirman-casos-de-coronavirus-en-la-universidad-andrews\/#primaryimage","url":"https:\/\/interamerica.org\/wp-content\/uploads\/2020\/03\/coronavirus-cases-confirmed-at-andrews-university1280.jpg","contentUrl":"https:\/\/interamerica.org\/wp-content\/uploads\/2020\/03\/coronavirus-cases-confirmed-at-andrews-university1280.jpg","width":1280,"height":800,"caption":"[Fotograf\u00eda: Sitio web de la Universidad Andrews]"},{"@type":"BreadcrumbList","@id":"https:\/\/interamerica.org\/es\/2020\/03\/se-confirman-casos-de-coronavirus-en-la-universidad-andrews\/#breadcrumb","itemListElement":[{"@type":"ListItem","position":1,"name":"Home","item":"https:\/\/interamerica.org\/es\/"},{"@type":"ListItem","position":2,"name":"Se confirman casos de coronavirus en la Universidad Andrews"}]},{"@type":"WebSite","@id":"https:\/\/interamerica.org\/es\/#website","url":"https:\/\/interamerica.org\/es\/","name":"Iglesia Adventista del S\u00e9ptimo D\u00eda - Divisi\u00f3n Interamericana","description":"","potentialAction":[{"@type":"SearchAction","target":{"@type":"EntryPoint","urlTemplate":"https:\/\/interamerica.org\/es\/?s={search_term_string}"},"query-input":{"@type":"PropertyValueSpecification","valueRequired":true,"valueName":"search_term_string"}}],"inLanguage":"es"},{"@type":"Person","@id":"https:\/\/interamerica.org\/es\/#\/schema\/person\/29998f2bc2d8bd0d38662909289b54f1","name":"libna","image":{"@type":"ImageObject","inLanguage":"es","@id":"https:\/\/secure.gravatar.com\/avatar\/7c5bd30ae4b47a9ba3c856590957fd1d96dc588bf3ac05719d247e126840331f?s=96&d=mm&r=g","url":"https:\/\/secure.gravatar.com\/avatar\/7c5bd30ae4b47a9ba3c856590957fd1d96dc588bf3ac05719d247e126840331f?s=96&d=mm&r=g","contentUrl":"https:\/\/secure.gravatar.com\/avatar\/7c5bd30ae4b47a9ba3c856590957fd1d96dc588bf3ac05719d247e126840331f?s=96&d=mm&r=g","caption":"libna"}}]}},"_links":{"self":[{"href":"https:\/\/interamerica.org\/es\/wp-json\/wp\/v2\/posts\/56598","targetHints":{"allow":["GET"]}}],"collection":[{"href":"https:\/\/interamerica.org\/es\/wp-json\/wp\/v2\/posts"}],"about":[{"href":"https:\/\/interamerica.org\/es\/wp-json\/wp\/v2\/types\/post"}],"author":[{"embeddable":true,"href":"https:\/\/interamerica.org\/es\/wp-json\/wp\/v2\/users\/3"}],"replies":[{"embeddable":true,"href":"https:\/\/interamerica.org\/es\/wp-json\/wp\/v2\/comments?post=56598"}],"version-history":[{"count":0,"href":"https:\/\/interamerica.org\/es\/wp-json\/wp\/v2\/posts\/56598\/revisions"}],"wp:featuredmedia":[{"embeddable":true,"href":"https:\/\/interamerica.org\/es\/wp-json\/wp\/v2\/media\/56587"}],"wp:attachment":[{"href":"https:\/\/interamerica.org\/es\/wp-json\/wp\/v2\/media?parent=56598"}],"wp:term":[{"taxonomy":"category","embeddable":true,"href":"https:\/\/interamerica.org\/es\/wp-json\/wp\/v2\/categories?post=56598"},{"taxonomy":"post_tag","embeddable":true,"href":"https:\/\/interamerica.org\/es\/wp-json\/wp\/v2\/tags?post=56598"}],"curies":[{"name":"wp","href":"https:\/\/api.w.org\/{rel}","templated":true}]}}