{"id":56599,"date":"2020-03-24T12:14:17","date_gmt":"2020-03-24T16:14:17","guid":{"rendered":"https:\/\/recursing-golick.147-182-135-0.plesk.page\/?p=56599"},"modified":"2020-03-24T17:56:26","modified_gmt":"2020-03-24T21:56:26","slug":"al-menos-3-adventistas-fallecidos-53-infectados-con-covid-19-en-espana","status":"publish","type":"post","link":"https:\/\/interamerica.org\/es\/2020\/03\/al-menos-3-adventistas-fallecidos-53-infectados-con-covid-19-en-espana\/","title":{"rendered":"Al menos 3 adventistas fallecidos, 53 infectados con COVID-19 en Espa\u00f1a"},"content":{"rendered":"<p>23 de marzo de 2020 | Silver Spring, Maryland, Estados Unidos | Por: Marcos Paseggi, <em>Adventist Review<\/em><\/p>\n<p>Para el 23 de marzo de 2020, al menos tres miembros adventistas del s\u00e9ptimo d\u00eda han fallecido y 53 est\u00e1n luchando contra el COVID-19 en Espa\u00f1a, de acuerdo con lo comunicado por los dirigentes regionales de la iglesia a trav\u00e9s de un e-mail enviado a <em>Adventist Review<\/em>.<\/p>\n<p>\u201cLa situaci\u00f3n es aciaga para varios de nuestros miembros contagiados, incluyendo a los j\u00f3venes\u201d, escribi\u00f3 Samuel Gil Soldevilla, director de comunicaci\u00f3n de la Asociaci\u00f3n de Uni\u00f3n de Iglesias Adventistas de Espa\u00f1a.<\/p>\n<p>Gil Soldevilla dio a conocer tambi\u00e9n que docenas de adventistas profesionales de la salud est\u00e1n actualmente cubriendo largos turnos o jornadas de servicio en instituciones al cuidado de la salud en todo el pa\u00eds. Dijo que los dirigentes est\u00e1n orando por todas las personas afectadas e invita a los miembros y dirigentes de la iglesia en todo el mundo, a hacer lo mismo.<\/p>\n<p>\u201cOramos por aquellos que est\u00e1n enfermos, por sus familiares, por los trabajadores en instituciones de salud, por los dirigentes de nuestro pa\u00eds y por la sociedad en general\u201d, escribi\u00f3 el director Gil Soldevilla.<\/p>\n<p>Explic\u00f3 tambi\u00e9n que tanto los pastores como los miembros de la iglesia en todo Espa\u00f1a est\u00e1n en el proceso de adaptarse a un estado de alarma y a las medidas de confinaci\u00f3n establecidas por el gobierno nacional. Se est\u00e1n esforzando tambi\u00e9n por mantenerse en contacto con las iglesias locales y sus miembros a trav\u00e9s de esta dura experiencia.<\/p>\n<p>\u201cEstamos usando al m\u00e1ximo nuestra creatividad para mantener conectadas a las iglesias a pesar de este aprieto\u201d, escribi\u00f3 el director Gil Soldevilla.<\/p>\n<p>Confirm\u00f3 el director Gil Soldevilla que todas las iglesias locales en Espa\u00f1a han cerrado sus puertas y cancelado sus servicios regulares desde el 13 de marzo, siguiendo las recomendaciones gubernamentales. \u201cEs tambi\u00e9n un asunto de responsabilidad cristiana\u201d, explic\u00f3.<\/p>\n<p>En una videograbaci\u00f3n dada a conocer el 21 de marzo, Oscar L\u00f3pez, presidente de la Iglesia Adventista en Espa\u00f1a, reconoci\u00f3 que la situaci\u00f3n en todo el pa\u00eds estaba empeorando, especialmente en la ciudad capital de Madrid.<\/p>\n<p>\u201cDeseo pedir a la iglesia que se mantenga orando\u201d, dijo, al informar acerca de un total de 35 miembros adventistas contagiados de Covid-19. \u201cTenemos que orar por nuestros hermanos y hermanas que est\u00e1n luchando contra el virus en sus hogares o en instituciones de salud\u201d, dijo.<\/p>\n<p>El presidente L\u00f3pez pidi\u00f3 a cada uno que ore porque el Se\u00f1or proteja y vele sobre las familias afectadas por el mortal virus. Pidi\u00f3 tambi\u00e9n a los miembros de iglesia que oraran por los trabajadores que prestan servicios de salud.<\/p>\n<p>\u201cDebemos orar porque Dios pueda guiar las manos de los profesionales de la salud que est\u00e1n a cargo de ofrecer su cuidado a aquellos que se encuentran en tan desafiante situaci\u00f3n\u201d.<\/p>\n<p>Hizo tambi\u00e9n un llamado para conectarse con otros a trav\u00e9s del tel\u00e9fono o los medios sociales, para orar juntos.<\/p>\n<p>\u201cVamos a unirnos con otros en oraci\u00f3n en esta terrible experiencia que est\u00e1 afectando no solamente a Espa\u00f1a, sino al mundo entero\u201d, dijo.<\/p>\n<p>El presidente L\u00f3pez record\u00f3 tambi\u00e9n a muchos miembros adventistas que est\u00e1n sufriendo p\u00e9rdidas financieras o han perdido sus trabajos. Pidi\u00f3 a los miembros que extiendan su mano de auxilio tanto como les sea posible.<\/p>\n<p>\u201cEn momentos como este, nuestra solidaridad, nuestra asistencia y el amor fraternal que sentimos unos por otros, ayudar\u00e1 ciertamente a las familias que est\u00e1n atravesando por momentos desafiantes\u201d, dijo.<\/p>\n<p>Traducci\u00f3n \u2013 Gloria A, Castrej\u00f3n<\/p>\n<p>&nbsp;<\/p>\n<p>&nbsp;<\/p>\n<p><span class=\"byline-news\">\u00a0\u00a0\u00a0\u00a0 <\/span><\/p>\n","protected":false},"excerpt":{"rendered":"<p>23 de marzo de 2020 | Silver Spring, Maryland, Estados Unidos | Por: Marcos Paseggi, Adventist Review Para el 23 de marzo de 2020, al menos tres miembros adventistas del&#8230;<\/p>\n","protected":false},"author":3,"featured_media":56593,"comment_status":"open","ping_status":"closed","sticky":false,"template":"","format":"standard","meta":{"_acf_changed":false,"footnotes":""},"categories":[14,15],"tags":[],"class_list":["post-56599","post","type-post","status-publish","format-standard","has-post-thumbnail","hentry","category-de-la-iglesia-mundial","category-rss-espanol"],"acf":[],"yoast_head":"<!-- This site is optimized with the Yoast SEO plugin v27.3 - https:\/\/yoast.com\/product\/yoast-seo-wordpress\/ -->\n<title>Al menos 3 adventistas fallecidos, 53 infectados con COVID-19 en Espa\u00f1a - Iglesia Adventista del S\u00e9ptimo D\u00eda - Divisi\u00f3n Interamericana<\/title>\n<meta name=\"robots\" content=\"index, follow, max-snippet:-1, max-image-preview:large, max-video-preview:-1\" \/>\n<link rel=\"canonical\" href=\"https:\/\/interamerica.org\/es\/2020\/03\/al-menos-3-adventistas-fallecidos-53-infectados-con-covid-19-en-espana\/\" \/>\n<meta property=\"og:locale\" content=\"es_ES\" \/>\n<meta property=\"og:type\" content=\"article\" \/>\n<meta property=\"og:title\" content=\"Al menos 3 adventistas fallecidos, 53 infectados con COVID-19 en Espa\u00f1a - Iglesia Adventista del S\u00e9ptimo D\u00eda - Divisi\u00f3n Interamericana\" \/>\n<meta property=\"og:description\" content=\"23 de marzo de 2020 | Silver Spring, Maryland, Estados Unidos | Por: Marcos Paseggi, Adventist Review Para el 23 de marzo de 2020, al menos tres miembros adventistas del...\" \/>\n<meta property=\"og:url\" content=\"https:\/\/interamerica.org\/es\/2020\/03\/al-menos-3-adventistas-fallecidos-53-infectados-con-covid-19-en-espana\/\" \/>\n<meta property=\"og:site_name\" content=\"Iglesia Adventista del S\u00e9ptimo D\u00eda - Divisi\u00f3n Interamericana\" \/>\n<meta property=\"article:published_time\" content=\"2020-03-24T16:14:17+00:00\" \/>\n<meta property=\"article:modified_time\" content=\"2020-03-24T21:56:26+00:00\" \/>\n<meta property=\"og:image\" content=\"https:\/\/interamerica.org\/wp-content\/uploads\/2020\/03\/spain-international-2681322-1280.jpg\" \/>\n\t<meta property=\"og:image:width\" content=\"1280\" \/>\n\t<meta property=\"og:image:height\" content=\"960\" \/>\n\t<meta property=\"og:image:type\" content=\"image\/jpeg\" \/>\n<meta name=\"author\" content=\"libna\" \/>\n<meta name=\"twitter:card\" content=\"summary_large_image\" \/>\n<meta name=\"twitter:label1\" content=\"Escrito por\" \/>\n\t<meta name=\"twitter:data1\" content=\"libna\" \/>\n\t<meta name=\"twitter:label2\" content=\"Tiempo de lectura\" \/>\n\t<meta name=\"twitter:data2\" content=\"3 minutos\" \/>\n<script type=\"application\/ld+json\" class=\"yoast-schema-graph\">{\"@context\":\"https:\\\/\\\/schema.org\",\"@graph\":[{\"@type\":\"Article\",\"@id\":\"https:\\\/\\\/interamerica.org\\\/es\\\/2020\\\/03\\\/al-menos-3-adventistas-fallecidos-53-infectados-con-covid-19-en-espana\\\/#article\",\"isPartOf\":{\"@id\":\"https:\\\/\\\/interamerica.org\\\/es\\\/2020\\\/03\\\/al-menos-3-adventistas-fallecidos-53-infectados-con-covid-19-en-espana\\\/\"},\"author\":{\"name\":\"libna\",\"@id\":\"https:\\\/\\\/interamerica.org\\\/es\\\/#\\\/schema\\\/person\\\/29998f2bc2d8bd0d38662909289b54f1\"},\"headline\":\"Al menos 3 adventistas fallecidos, 53 infectados con COVID-19 en Espa\u00f1a\",\"datePublished\":\"2020-03-24T16:14:17+00:00\",\"dateModified\":\"2020-03-24T21:56:26+00:00\",\"mainEntityOfPage\":{\"@id\":\"https:\\\/\\\/interamerica.org\\\/es\\\/2020\\\/03\\\/al-menos-3-adventistas-fallecidos-53-infectados-con-covid-19-en-espana\\\/\"},\"wordCount\":623,\"commentCount\":0,\"image\":{\"@id\":\"https:\\\/\\\/interamerica.org\\\/es\\\/2020\\\/03\\\/al-menos-3-adventistas-fallecidos-53-infectados-con-covid-19-en-espana\\\/#primaryimage\"},\"thumbnailUrl\":\"https:\\\/\\\/interamerica.org\\\/wp-content\\\/uploads\\\/2020\\\/03\\\/spain-international-2681322-1280.jpg\",\"articleSection\":[\"Desde la iglesia mundial\",\"RSS Espa\u00f1ol\"],\"inLanguage\":\"es\",\"potentialAction\":[{\"@type\":\"CommentAction\",\"name\":\"Comment\",\"target\":[\"https:\\\/\\\/interamerica.org\\\/es\\\/2020\\\/03\\\/al-menos-3-adventistas-fallecidos-53-infectados-con-covid-19-en-espana\\\/#respond\"]}]},{\"@type\":\"WebPage\",\"@id\":\"https:\\\/\\\/interamerica.org\\\/es\\\/2020\\\/03\\\/al-menos-3-adventistas-fallecidos-53-infectados-con-covid-19-en-espana\\\/\",\"url\":\"https:\\\/\\\/interamerica.org\\\/es\\\/2020\\\/03\\\/al-menos-3-adventistas-fallecidos-53-infectados-con-covid-19-en-espana\\\/\",\"name\":\"Al menos 3 adventistas fallecidos, 53 infectados con COVID-19 en Espa\u00f1a - Iglesia Adventista del S\u00e9ptimo D\u00eda - Divisi\u00f3n Interamericana\",\"isPartOf\":{\"@id\":\"https:\\\/\\\/interamerica.org\\\/es\\\/#website\"},\"primaryImageOfPage\":{\"@id\":\"https:\\\/\\\/interamerica.org\\\/es\\\/2020\\\/03\\\/al-menos-3-adventistas-fallecidos-53-infectados-con-covid-19-en-espana\\\/#primaryimage\"},\"image\":{\"@id\":\"https:\\\/\\\/interamerica.org\\\/es\\\/2020\\\/03\\\/al-menos-3-adventistas-fallecidos-53-infectados-con-covid-19-en-espana\\\/#primaryimage\"},\"thumbnailUrl\":\"https:\\\/\\\/interamerica.org\\\/wp-content\\\/uploads\\\/2020\\\/03\\\/spain-international-2681322-1280.jpg\",\"datePublished\":\"2020-03-24T16:14:17+00:00\",\"dateModified\":\"2020-03-24T21:56:26+00:00\",\"author\":{\"@id\":\"https:\\\/\\\/interamerica.org\\\/es\\\/#\\\/schema\\\/person\\\/29998f2bc2d8bd0d38662909289b54f1\"},\"breadcrumb\":{\"@id\":\"https:\\\/\\\/interamerica.org\\\/es\\\/2020\\\/03\\\/al-menos-3-adventistas-fallecidos-53-infectados-con-covid-19-en-espana\\\/#breadcrumb\"},\"inLanguage\":\"es\",\"potentialAction\":[{\"@type\":\"ReadAction\",\"target\":[\"https:\\\/\\\/interamerica.org\\\/es\\\/2020\\\/03\\\/al-menos-3-adventistas-fallecidos-53-infectados-con-covid-19-en-espana\\\/\"]}]},{\"@type\":\"ImageObject\",\"inLanguage\":\"es\",\"@id\":\"https:\\\/\\\/interamerica.org\\\/es\\\/2020\\\/03\\\/al-menos-3-adventistas-fallecidos-53-infectados-con-covid-19-en-espana\\\/#primaryimage\",\"url\":\"https:\\\/\\\/interamerica.org\\\/wp-content\\\/uploads\\\/2020\\\/03\\\/spain-international-2681322-1280.jpg\",\"contentUrl\":\"https:\\\/\\\/interamerica.org\\\/wp-content\\\/uploads\\\/2020\\\/03\\\/spain-international-2681322-1280.jpg\",\"width\":1280,\"height\":960},{\"@type\":\"BreadcrumbList\",\"@id\":\"https:\\\/\\\/interamerica.org\\\/es\\\/2020\\\/03\\\/al-menos-3-adventistas-fallecidos-53-infectados-con-covid-19-en-espana\\\/#breadcrumb\",\"itemListElement\":[{\"@type\":\"ListItem\",\"position\":1,\"name\":\"Home\",\"item\":\"https:\\\/\\\/interamerica.org\\\/es\\\/\"},{\"@type\":\"ListItem\",\"position\":2,\"name\":\"Al menos 3 adventistas fallecidos, 53 infectados con COVID-19 en Espa\u00f1a\"}]},{\"@type\":\"WebSite\",\"@id\":\"https:\\\/\\\/interamerica.org\\\/es\\\/#website\",\"url\":\"https:\\\/\\\/interamerica.org\\\/es\\\/\",\"name\":\"Iglesia Adventista del S\u00e9ptimo D\u00eda - Divisi\u00f3n Interamericana\",\"description\":\"\",\"potentialAction\":[{\"@type\":\"SearchAction\",\"target\":{\"@type\":\"EntryPoint\",\"urlTemplate\":\"https:\\\/\\\/interamerica.org\\\/es\\\/?s={search_term_string}\"},\"query-input\":{\"@type\":\"PropertyValueSpecification\",\"valueRequired\":true,\"valueName\":\"search_term_string\"}}],\"inLanguage\":\"es\"},{\"@type\":\"Person\",\"@id\":\"https:\\\/\\\/interamerica.org\\\/es\\\/#\\\/schema\\\/person\\\/29998f2bc2d8bd0d38662909289b54f1\",\"name\":\"libna\",\"image\":{\"@type\":\"ImageObject\",\"inLanguage\":\"es\",\"@id\":\"https:\\\/\\\/secure.gravatar.com\\\/avatar\\\/7c5bd30ae4b47a9ba3c856590957fd1d96dc588bf3ac05719d247e126840331f?s=96&d=mm&r=g\",\"url\":\"https:\\\/\\\/secure.gravatar.com\\\/avatar\\\/7c5bd30ae4b47a9ba3c856590957fd1d96dc588bf3ac05719d247e126840331f?s=96&d=mm&r=g\",\"contentUrl\":\"https:\\\/\\\/secure.gravatar.com\\\/avatar\\\/7c5bd30ae4b47a9ba3c856590957fd1d96dc588bf3ac05719d247e126840331f?s=96&d=mm&r=g\",\"caption\":\"libna\"}}]}<\/script>\n<!-- \/ Yoast SEO plugin. -->","yoast_head_json":{"title":"Al menos 3 adventistas fallecidos, 53 infectados con COVID-19 en Espa\u00f1a - Iglesia Adventista del S\u00e9ptimo D\u00eda - Divisi\u00f3n Interamericana","robots":{"index":"index","follow":"follow","max-snippet":"max-snippet:-1","max-image-preview":"max-image-preview:large","max-video-preview":"max-video-preview:-1"},"canonical":"https:\/\/interamerica.org\/es\/2020\/03\/al-menos-3-adventistas-fallecidos-53-infectados-con-covid-19-en-espana\/","og_locale":"es_ES","og_type":"article","og_title":"Al menos 3 adventistas fallecidos, 53 infectados con COVID-19 en Espa\u00f1a - Iglesia Adventista del S\u00e9ptimo D\u00eda - Divisi\u00f3n Interamericana","og_description":"23 de marzo de 2020 | Silver Spring, Maryland, Estados Unidos | Por: Marcos Paseggi, Adventist Review Para el 23 de marzo de 2020, al menos tres miembros adventistas del...","og_url":"https:\/\/interamerica.org\/es\/2020\/03\/al-menos-3-adventistas-fallecidos-53-infectados-con-covid-19-en-espana\/","og_site_name":"Iglesia Adventista del S\u00e9ptimo D\u00eda - Divisi\u00f3n Interamericana","article_published_time":"2020-03-24T16:14:17+00:00","article_modified_time":"2020-03-24T21:56:26+00:00","og_image":[{"width":1280,"height":960,"url":"https:\/\/interamerica.org\/wp-content\/uploads\/2020\/03\/spain-international-2681322-1280.jpg","type":"image\/jpeg"}],"author":"libna","twitter_card":"summary_large_image","twitter_misc":{"Escrito por":"libna","Tiempo de lectura":"3 minutos"},"schema":{"@context":"https:\/\/schema.org","@graph":[{"@type":"Article","@id":"https:\/\/interamerica.org\/es\/2020\/03\/al-menos-3-adventistas-fallecidos-53-infectados-con-covid-19-en-espana\/#article","isPartOf":{"@id":"https:\/\/interamerica.org\/es\/2020\/03\/al-menos-3-adventistas-fallecidos-53-infectados-con-covid-19-en-espana\/"},"author":{"name":"libna","@id":"https:\/\/interamerica.org\/es\/#\/schema\/person\/29998f2bc2d8bd0d38662909289b54f1"},"headline":"Al menos 3 adventistas fallecidos, 53 infectados con COVID-19 en Espa\u00f1a","datePublished":"2020-03-24T16:14:17+00:00","dateModified":"2020-03-24T21:56:26+00:00","mainEntityOfPage":{"@id":"https:\/\/interamerica.org\/es\/2020\/03\/al-menos-3-adventistas-fallecidos-53-infectados-con-covid-19-en-espana\/"},"wordCount":623,"commentCount":0,"image":{"@id":"https:\/\/interamerica.org\/es\/2020\/03\/al-menos-3-adventistas-fallecidos-53-infectados-con-covid-19-en-espana\/#primaryimage"},"thumbnailUrl":"https:\/\/interamerica.org\/wp-content\/uploads\/2020\/03\/spain-international-2681322-1280.jpg","articleSection":["Desde la iglesia mundial","RSS Espa\u00f1ol"],"inLanguage":"es","potentialAction":[{"@type":"CommentAction","name":"Comment","target":["https:\/\/interamerica.org\/es\/2020\/03\/al-menos-3-adventistas-fallecidos-53-infectados-con-covid-19-en-espana\/#respond"]}]},{"@type":"WebPage","@id":"https:\/\/interamerica.org\/es\/2020\/03\/al-menos-3-adventistas-fallecidos-53-infectados-con-covid-19-en-espana\/","url":"https:\/\/interamerica.org\/es\/2020\/03\/al-menos-3-adventistas-fallecidos-53-infectados-con-covid-19-en-espana\/","name":"Al menos 3 adventistas fallecidos, 53 infectados con COVID-19 en Espa\u00f1a - Iglesia Adventista del S\u00e9ptimo D\u00eda - Divisi\u00f3n Interamericana","isPartOf":{"@id":"https:\/\/interamerica.org\/es\/#website"},"primaryImageOfPage":{"@id":"https:\/\/interamerica.org\/es\/2020\/03\/al-menos-3-adventistas-fallecidos-53-infectados-con-covid-19-en-espana\/#primaryimage"},"image":{"@id":"https:\/\/interamerica.org\/es\/2020\/03\/al-menos-3-adventistas-fallecidos-53-infectados-con-covid-19-en-espana\/#primaryimage"},"thumbnailUrl":"https:\/\/interamerica.org\/wp-content\/uploads\/2020\/03\/spain-international-2681322-1280.jpg","datePublished":"2020-03-24T16:14:17+00:00","dateModified":"2020-03-24T21:56:26+00:00","author":{"@id":"https:\/\/interamerica.org\/es\/#\/schema\/person\/29998f2bc2d8bd0d38662909289b54f1"},"breadcrumb":{"@id":"https:\/\/interamerica.org\/es\/2020\/03\/al-menos-3-adventistas-fallecidos-53-infectados-con-covid-19-en-espana\/#breadcrumb"},"inLanguage":"es","potentialAction":[{"@type":"ReadAction","target":["https:\/\/interamerica.org\/es\/2020\/03\/al-menos-3-adventistas-fallecidos-53-infectados-con-covid-19-en-espana\/"]}]},{"@type":"ImageObject","inLanguage":"es","@id":"https:\/\/interamerica.org\/es\/2020\/03\/al-menos-3-adventistas-fallecidos-53-infectados-con-covid-19-en-espana\/#primaryimage","url":"https:\/\/interamerica.org\/wp-content\/uploads\/2020\/03\/spain-international-2681322-1280.jpg","contentUrl":"https:\/\/interamerica.org\/wp-content\/uploads\/2020\/03\/spain-international-2681322-1280.jpg","width":1280,"height":960},{"@type":"BreadcrumbList","@id":"https:\/\/interamerica.org\/es\/2020\/03\/al-menos-3-adventistas-fallecidos-53-infectados-con-covid-19-en-espana\/#breadcrumb","itemListElement":[{"@type":"ListItem","position":1,"name":"Home","item":"https:\/\/interamerica.org\/es\/"},{"@type":"ListItem","position":2,"name":"Al menos 3 adventistas fallecidos, 53 infectados con COVID-19 en Espa\u00f1a"}]},{"@type":"WebSite","@id":"https:\/\/interamerica.org\/es\/#website","url":"https:\/\/interamerica.org\/es\/","name":"Iglesia Adventista del S\u00e9ptimo D\u00eda - Divisi\u00f3n Interamericana","description":"","potentialAction":[{"@type":"SearchAction","target":{"@type":"EntryPoint","urlTemplate":"https:\/\/interamerica.org\/es\/?s={search_term_string}"},"query-input":{"@type":"PropertyValueSpecification","valueRequired":true,"valueName":"search_term_string"}}],"inLanguage":"es"},{"@type":"Person","@id":"https:\/\/interamerica.org\/es\/#\/schema\/person\/29998f2bc2d8bd0d38662909289b54f1","name":"libna","image":{"@type":"ImageObject","inLanguage":"es","@id":"https:\/\/secure.gravatar.com\/avatar\/7c5bd30ae4b47a9ba3c856590957fd1d96dc588bf3ac05719d247e126840331f?s=96&d=mm&r=g","url":"https:\/\/secure.gravatar.com\/avatar\/7c5bd30ae4b47a9ba3c856590957fd1d96dc588bf3ac05719d247e126840331f?s=96&d=mm&r=g","contentUrl":"https:\/\/secure.gravatar.com\/avatar\/7c5bd30ae4b47a9ba3c856590957fd1d96dc588bf3ac05719d247e126840331f?s=96&d=mm&r=g","caption":"libna"}}]}},"_links":{"self":[{"href":"https:\/\/interamerica.org\/es\/wp-json\/wp\/v2\/posts\/56599","targetHints":{"allow":["GET"]}}],"collection":[{"href":"https:\/\/interamerica.org\/es\/wp-json\/wp\/v2\/posts"}],"about":[{"href":"https:\/\/interamerica.org\/es\/wp-json\/wp\/v2\/types\/post"}],"author":[{"embeddable":true,"href":"https:\/\/interamerica.org\/es\/wp-json\/wp\/v2\/users\/3"}],"replies":[{"embeddable":true,"href":"https:\/\/interamerica.org\/es\/wp-json\/wp\/v2\/comments?post=56599"}],"version-history":[{"count":0,"href":"https:\/\/interamerica.org\/es\/wp-json\/wp\/v2\/posts\/56599\/revisions"}],"wp:featuredmedia":[{"embeddable":true,"href":"https:\/\/interamerica.org\/es\/wp-json\/wp\/v2\/media\/56593"}],"wp:attachment":[{"href":"https:\/\/interamerica.org\/es\/wp-json\/wp\/v2\/media?parent=56599"}],"wp:term":[{"taxonomy":"category","embeddable":true,"href":"https:\/\/interamerica.org\/es\/wp-json\/wp\/v2\/categories?post=56599"},{"taxonomy":"post_tag","embeddable":true,"href":"https:\/\/interamerica.org\/es\/wp-json\/wp\/v2\/tags?post=56599"}],"curies":[{"name":"wp","href":"https:\/\/api.w.org\/{rel}","templated":true}]}}