{"id":56672,"date":"2020-03-25T14:15:52","date_gmt":"2020-03-25T18:15:52","guid":{"rendered":"https:\/\/recursing-golick.147-182-135-0.plesk.page\/?p=56672"},"modified":"2020-03-25T20:18:12","modified_gmt":"2020-03-26T00:18:12","slug":"adventistas-en-la-region-mexicana-del-norte-celebran-la-iniciativa-para-ninos-quiero-crecer-sano","status":"publish","type":"post","link":"https:\/\/interamerica.org\/es\/2020\/03\/adventistas-en-la-region-mexicana-del-norte-celebran-la-iniciativa-para-ninos-quiero-crecer-sano\/","title":{"rendered":"Adventistas en la regi\u00f3n Mexicana del Norte celebran la iniciativa para ni\u00f1os \u2018Quiero crecer sano\u2019"},"content":{"rendered":"<p><div id=\"attachment_56613\" style=\"width: 810px\" class=\"wp-caption aligncenter\"><img fetchpriority=\"high\" decoding=\"async\" aria-describedby=\"caption-attachment-56613\" class=\" wp-image-56611\" src=\"https:\/\/recursing-golick.147-182-135-0.plesk.page\/wp-content\/uploads\/2020\/03\/baja-cali-children-qcs-mar2020-1024x686.jpg\" alt=\"\" width=\"800\" height=\"536\" srcset=\"https:\/\/interamerica.org\/wp-content\/uploads\/2020\/03\/baja-cali-children-qcs-mar2020-1024x686.jpg 1024w, https:\/\/interamerica.org\/wp-content\/uploads\/2020\/03\/baja-cali-children-qcs-mar2020-300x201.jpg 300w, https:\/\/interamerica.org\/wp-content\/uploads\/2020\/03\/baja-cali-children-qcs-mar2020-768x514.jpg 768w, https:\/\/interamerica.org\/wp-content\/uploads\/2020\/03\/baja-cali-children-qcs-mar2020-1536x1028.jpg 1536w, https:\/\/interamerica.org\/wp-content\/uploads\/2020\/03\/baja-cali-children-qcs-mar2020.jpg 1912w\" sizes=\"(max-width: 800px) 100vw, 800px\" \/><p id=\"caption-attachment-56613\" class=\"wp-caption-text\">Los ni\u00f1os participan de actividades de aprendizaje durante la feria de salud <em>Jugando Yo Aprendo<\/em> como parte de la iniciativa de salud de la Iglesia Adventista en Interam\u00e9rica denominada <em>Quiero vivir sano <\/em> que se llev\u00f3 a cabo en las instituciones educativas adventistas de la regi\u00f3n Mexicana del Norte. El evento reuni\u00f3 a m\u00e1s de seis mil ni\u00f1os en edad escolar, docentes y padres para celebrar en Baja California, M\u00e9xico, 7 de marzo de 2020. [Fotograf\u00eda: Asociaci\u00f3n de Baja California]<\/p><\/div>24 de marzo de 2020 | Tijuana, Baja California, M\u00e9xico | Libna Stevens, Noticias de la Divisi\u00f3n Interamericana<\/p>\n<p>M\u00e1s de seis mil adventistas de la regi\u00f3n Mexicana del Norte se dieron cita hace poco en Tijuana, Baja California, M\u00e9xico, para celebrar el \u00e9xito de la iniciativa <em>Quiero vivir sano<\/em> de la Iglesia Adventista y su impacto entre los ni\u00f1os y adultos de la regi\u00f3n.<\/p>\n<p>El evento atrajo a m\u00e1s de tres mil ni\u00f1os y adolescentes en edad escolar, quienes participaron de un culto de adoraci\u00f3n especial y una feria de salud en el Centro de Convenciones Rosario de Baja California, el 7 de marzo de 2020. El evento destac\u00f3 los ocho remedios naturales \u2014aire, descanso, agua, ejercicio, temperancia, nutrici\u00f3n, luz solar y confianza en Dios\u2014 que promueve la iniciativa de salud en su programa dise\u00f1ado para las escuelas y denominado <em>Quiero vivir sano<\/em>.<\/p>\n<p><div id=\"attachment_56628\" style=\"width: 809px\" class=\"wp-caption aligncenter\"><img decoding=\"async\" aria-describedby=\"caption-attachment-56628\" class=\" wp-image-56626\" src=\"https:\/\/recursing-golick.147-182-135-0.plesk.page\/wp-content\/uploads\/2020\/03\/baja-cali-qcs-leaders-mar2020-1024x646.jpg\" alt=\"\" width=\"799\" height=\"504\" srcset=\"https:\/\/interamerica.org\/wp-content\/uploads\/2020\/03\/baja-cali-qcs-leaders-mar2020-1024x646.jpg 1024w, https:\/\/interamerica.org\/wp-content\/uploads\/2020\/03\/baja-cali-qcs-leaders-mar2020-300x189.jpg 300w, https:\/\/interamerica.org\/wp-content\/uploads\/2020\/03\/baja-cali-qcs-leaders-mar2020-768x484.jpg 768w, https:\/\/interamerica.org\/wp-content\/uploads\/2020\/03\/baja-cali-qcs-leaders-mar2020-1536x969.jpg 1536w, https:\/\/interamerica.org\/wp-content\/uploads\/2020\/03\/baja-cali-qcs-leaders-mar2020.jpg 2029w\" sizes=\"(max-width: 799px) 100vw, 799px\" \/><p id=\"caption-attachment-56628\" class=\"wp-caption-text\">De izquierda a derecha: El doctor Roel Cea, director de ministerios de salud de la Iglesia Adventista en la regi\u00f3n Mexicana del Norte, Belkis Archbold, directora de ministerios de salud de Interam\u00e9rica, Norma Villegas, directora de educaci\u00f3n en la regi\u00f3n Mexicana del Norte y Faye Patterson, directora asociada de educaci\u00f3n en Interam\u00e9rica. Sus esfuerzos conjuntos han llevado a que la iniciativa de salud involucre a miles de estudiantes de las escuelas adventistas y a ni\u00f1os de iglesias locales de M\u00e9xico e Interam\u00e9rica. [Fotograf\u00eda: Asociaci\u00f3n de Baja California]<\/p><\/div><strong>Iniciativa de salud en las escuelas<\/strong><\/p>\n<p>\u201cEste es un momento hist\u00f3rico ver este primer evento de salud denominado programa \u2018Quiero crecer sano\u201d, dijo el doctor Roel Cea, director de ministerios de salud de la Iglesia Adventista en la regi\u00f3n Mexicana del Norte. El programa del d\u00eda busc\u00f3 reafirmar en los ni\u00f1os y adolescentes la necesidad de desarrollar s\u00f3lidos h\u00e1bitos y valores de salud, como parte de una estrategia m\u00e1s abarcadora para una generaci\u00f3n fiel y orientada a la misi\u00f3n, dijo Cea. \u201cQueremos ayudar a los ni\u00f1os, adolescents y j\u00f3venes de nuestra iglesia, para que desarrollen su cuerpo, mente y alma y lleguen a ser una generaci\u00f3n sana\u201d, a\u00f1adi\u00f3. Los j\u00f3venes participaron en lo que ha llegado a denominarse la feria \u2018<em>Jugando yo aprendo<\/em>\u2019.<\/p>\n<p>El programa <em>Quiero vivir sano<\/em> se ha diseminado a 37 escuelas adventistas de la Uni\u00f3n Mexicana del Norte, inform\u00f3 Cea. Veintis\u00e9is de esas escuelas han sido validadas por el gobierno como instituciones certificadas en la promoci\u00f3n de la salud. Cea dijo que la primera escuela en ser validada como una escuela saludable bajo el programa <em>Quiero vivir sano<\/em> fue la Escuela Adventista Francisco Madero de Ensenada en Baja California.<\/p>\n<p>El d\u00eda no solo se celebr\u00f3 en Baja California sino tambi\u00e9n en las iglesias de la regi\u00f3n Mexicana del Norte, informaron los l\u00edderes de la iglesia.<\/p>\n<p><div id=\"attachment_56647\" style=\"width: 810px\" class=\"wp-caption aligncenter\"><img decoding=\"async\" aria-describedby=\"caption-attachment-56647\" class=\" wp-image-56645\" src=\"https:\/\/recursing-golick.147-182-135-0.plesk.page\/wp-content\/uploads\/2020\/03\/baja-cali-ensenada-adentist-church-song-1-1024x686.jpg\" alt=\"\" width=\"800\" height=\"536\" srcset=\"https:\/\/interamerica.org\/wp-content\/uploads\/2020\/03\/baja-cali-ensenada-adentist-church-song-1-1024x686.jpg 1024w, https:\/\/interamerica.org\/wp-content\/uploads\/2020\/03\/baja-cali-ensenada-adentist-church-song-1-300x201.jpg 300w, https:\/\/interamerica.org\/wp-content\/uploads\/2020\/03\/baja-cali-ensenada-adentist-church-song-1-768x514.jpg 768w, https:\/\/interamerica.org\/wp-content\/uploads\/2020\/03\/baja-cali-ensenada-adentist-church-song-1-1536x1028.jpg 1536w, https:\/\/interamerica.org\/wp-content\/uploads\/2020\/03\/baja-cali-ensenada-adentist-church-song-1.jpg 1679w\" sizes=\"(max-width: 800px) 100vw, 800px\" \/><p id=\"caption-attachment-56647\" class=\"wp-caption-text\">Ni\u00f1os de la iglesia adventista Ensenada 14 en Baja California, M\u00e9xico, cantan juntos durante el culto de adoraci\u00f3n del s\u00e1bado por la ma\u00f1ana, en el Centro de Convenciones Rosario de Baja California en Tijuana, Baja California, M\u00e9xico, el 7 de marzo de 2020. [Fotograf\u00eda: Asociaci\u00f3n de Baja California]<\/p><\/div><strong>Una feria interactiva de salud<\/strong><\/p>\n<p>Los estudiantes ni\u00f1os y adolescentes que asisten a la feria de salud visitaron ocho estaciones diferentes que destacaron los ocho remedios naturales en la iniciativa donde lograron participar de numerosas actividades y juegos como parte del evento. Se dedicaron a aprender de la naturaleza, las leyes de salud y aprender a comprender mejor los ocho regalos especiales que Dios ha provisto para la salud y el bienestar.<\/p>\n<p>Belkis Archbold, directora de ministerios de salud de la Iglesia Adventista de Interam\u00e9rica, se sinti\u00f3 sumamente feliz de ver los esfuerzos de los l\u00edderes y miembros para el crecimiento de la iniciativa <em>Quiero vivir sano<\/em>.<\/p>\n<p>\u201cEste es un sue\u00f1o hecho realidad, y siento el gran apoyo de esta uni\u00f3n y de la iglesia de Baja California, que ha tomado muy en serio la importancia de criar una generaci\u00f3n saludable, dijo Archbold. \u201cLos ni\u00f1os est\u00e1n ansiosos de aprender, y qu\u00e9 mejor momento que ahora, cuando los buenos h\u00e1bitos y valores pueden arraigarse en sus mentes en desarrollo, para ayudarlos a que lleguen a ser m\u00e1s sanos, m\u00e1s fieles y una generaci\u00f3n orientada a la misi\u00f3n.<\/p>\n<p><div id=\"attachment_56640\" style=\"width: 810px\" class=\"wp-caption aligncenter\"><img loading=\"lazy\" decoding=\"async\" aria-describedby=\"caption-attachment-56640\" class=\" wp-image-56638\" src=\"https:\/\/recursing-golick.147-182-135-0.plesk.page\/wp-content\/uploads\/2020\/03\/belkis-archbold-baja-cali-mar2020-1-1024x777.jpg\" alt=\"\" width=\"800\" height=\"607\" srcset=\"https:\/\/interamerica.org\/wp-content\/uploads\/2020\/03\/belkis-archbold-baja-cali-mar2020-1-1024x777.jpg 1024w, https:\/\/interamerica.org\/wp-content\/uploads\/2020\/03\/belkis-archbold-baja-cali-mar2020-1-300x228.jpg 300w, https:\/\/interamerica.org\/wp-content\/uploads\/2020\/03\/belkis-archbold-baja-cali-mar2020-1-768x583.jpg 768w, https:\/\/interamerica.org\/wp-content\/uploads\/2020\/03\/belkis-archbold-baja-cali-mar2020-1-1536x1165.jpg 1536w, https:\/\/interamerica.org\/wp-content\/uploads\/2020\/03\/belkis-archbold-baja-cali-mar2020-1.jpg 1782w\" sizes=\"(max-width: 800px) 100vw, 800px\" \/><p id=\"caption-attachment-56640\" class=\"wp-caption-text\">Belkis Archbold, directora de ministerios de salud de la Iglesia Adventista en Interam\u00e9rica, felicita a los l\u00edderes de la iglesia por su compromiso para contribuir al crecimiento de la iniciativa <em>Quiero crecer sano<\/em> en todas las escuelas e iglesias de la regi\u00f3n Mexicana del Norte. El pastor Arturo King (izquierda), presidente de la Iglesia Adventista en la regi\u00f3n Mexicana del Norte, el pastor Elie Henry (segundo desde la izquierda), presidente de la Iglesia Adventista en Interam\u00e9rica, y Jos\u00e9 Santos Casta\u00f1eda (derecha), director de asuntos religiosos en Baja California, observan. [Fotograf\u00eda: Asociaci\u00f3n de Baja California]<\/p><\/div><strong>Iniciativa para los ni\u00f1os<\/strong><\/p>\n<p>Archbold explic\u00f3 que la iniciativa <em>Quiero vivir sano<\/em> comenz\u00f3 como un programa para los ni\u00f1os en 2009. Poco despu\u00e9s, los padres se interesaron en aprender m\u00e1s sobre el programa y comenzaron a hacer preguntas, por lo que el \u00e9nfasis de la iniciativa se volvi\u00f3 hacia los adultos. Para 2013, la iniciativa se volvi\u00f3 un programa oficial para la poblaci\u00f3n adulta, y ya no tanto enfocado en los ni\u00f1os.<\/p>\n<p>\u201cFue entonces que decidieron crear un programa que estuviera dise\u00f1ado espec\u00edficamente para los ni\u00f1os y adolescentes\u201d, dijo. Fue aceptado inmediatamente como exposici\u00f3n de salud o una feria de salud \u2018<em>Jugando yo aprendo<\/em>\u2019\u201d, que permitiera que los ni\u00f1os aprendan m\u00e1s de la naturaleza, de c\u00f3mo Dios cre\u00f3 los ocho remedios o regalos, y tambi\u00e9n incluy\u00f3 algunos animales con caracter\u00edsticas especiales que van junto con esos remedios.<\/p>\n<p>Archbold recibi\u00f3 un reconocimiento de parte de los principales l\u00edderes de la regi\u00f3n Mexicana del Norte por su inspiraci\u00f3n, motivaci\u00f3n y creaci\u00f3n del programa <em>Quiero vivir sano<\/em>, que se encuentra dentro de la iniciativa <em>Quiero vivir sano<\/em> de Interam\u00e9rica.<\/p>\n<p><div id=\"attachment_56643\" style=\"width: 809px\" class=\"wp-caption aligncenter\"><img loading=\"lazy\" decoding=\"async\" aria-describedby=\"caption-attachment-56643\" class=\" wp-image-56641\" src=\"https:\/\/recursing-golick.147-182-135-0.plesk.page\/wp-content\/uploads\/2020\/03\/elie-henry-baja-california-mar2020-1-1024x686.jpg\" alt=\"\" width=\"799\" height=\"535\" srcset=\"https:\/\/interamerica.org\/wp-content\/uploads\/2020\/03\/elie-henry-baja-california-mar2020-1-1024x686.jpg 1024w, https:\/\/interamerica.org\/wp-content\/uploads\/2020\/03\/elie-henry-baja-california-mar2020-1-300x201.jpg 300w, https:\/\/interamerica.org\/wp-content\/uploads\/2020\/03\/elie-henry-baja-california-mar2020-1-768x515.jpg 768w, https:\/\/interamerica.org\/wp-content\/uploads\/2020\/03\/elie-henry-baja-california-mar2020-1-1536x1029.jpg 1536w, https:\/\/interamerica.org\/wp-content\/uploads\/2020\/03\/elie-henry-baja-california-mar2020-1.jpg 1625w\" sizes=\"(max-width: 799px) 100vw, 799px\" \/><p id=\"caption-attachment-56643\" class=\"wp-caption-text\">El pastor Elie Henry, presidente de la Divisi\u00f3n Interamericana, predica a los m\u00e1s de seis adventistas, durante el culto de adoraci\u00f3n del s\u00e1bado por la ma\u00f1ana. [Fotograf\u00eda: Asociaci\u00f3n de Baja California]<\/p><\/div><strong>Esfuerzos exitosos en la regi\u00f3n Mexicana del Norte<\/strong><\/p>\n<p>El pastor Elie Henry, presidente de la Divisi\u00f3n Interamericana, felicit\u00f3 a los l\u00edderes de la iglesia, los docentes y los estudiantes de Baja California y la regi\u00f3n Mexicana del Norte por su trabajo decidido en la promoci\u00f3n y afirmaci\u00f3n de un estilo de vida saludable en decenas de instituciones educativas y cientos de comunidades.<\/p>\n<p>\u201cLos valores que est\u00e1n promoviendo ahora es lo que hoy necesitamos\u201d, dijo el pastor Henry. \u201cNecesitamos tener hombres y mujeres con s\u00f3lidas vidas f\u00edsicas, mentales y espirituales que puedan seguir reafirmando que esta iniciativa [de salud] necesita comenzar con los ni\u00f1os peque\u00f1os y los j\u00f3venes que est\u00e1n en el hogar, en la escuela y en diversas partes de la sociedad\u201d.<\/p>\n<p>El pastor Henry anim\u00f3 a los l\u00edderes y docentes a que contin\u00faen dedicando tiempo en todas las iglesias para \u201creafirmar que Dios tiene una manera ideal de que vivamos como sus hijos, no solo en un estilo de vida saludable sino a\u00fan m\u00e1s, capacitando a los ni\u00f1os para que tengan confianza y fe en Dios a lo largo de la vida\u201d, dijo.<\/p>\n<p><div id=\"attachment_56651\" style=\"width: 810px\" class=\"wp-caption aligncenter\"><img loading=\"lazy\" decoding=\"async\" aria-describedby=\"caption-attachment-56651\" class=\" wp-image-56649\" src=\"https:\/\/recursing-golick.147-182-135-0.plesk.page\/wp-content\/uploads\/2020\/03\/baja-cali-qcs-kids-animal-mar2020-1-1024x685.jpg\" alt=\"\" width=\"800\" height=\"535\" srcset=\"https:\/\/interamerica.org\/wp-content\/uploads\/2020\/03\/baja-cali-qcs-kids-animal-mar2020-1-1024x685.jpg 1024w, https:\/\/interamerica.org\/wp-content\/uploads\/2020\/03\/baja-cali-qcs-kids-animal-mar2020-1-300x201.jpg 300w, https:\/\/interamerica.org\/wp-content\/uploads\/2020\/03\/baja-cali-qcs-kids-animal-mar2020-1-768x514.jpg 768w, https:\/\/interamerica.org\/wp-content\/uploads\/2020\/03\/baja-cali-qcs-kids-animal-mar2020-1-1536x1028.jpg 1536w, https:\/\/interamerica.org\/wp-content\/uploads\/2020\/03\/baja-cali-qcs-kids-animal-mar2020-1.jpg 1677w\" sizes=\"(max-width: 800px) 100vw, 800px\" \/><p id=\"caption-attachment-56651\" class=\"wp-caption-text\">Los ni\u00f1os participan de una estaci\u00f3n de aprendizaje, durante la feria de salud organizada el s\u00e1bado por la tarde. [Fotograf\u00eda: Asociaci\u00f3n de Baja California]<\/p><\/div><strong>Actividades del programa de salud <\/strong><\/p>\n<p>La iniciativa <em>Quiero vivir sano<\/em> cuenta con cuatro planes de actividades que pueden usarse en las escuelas, las iglesias, como Escuelas B\u00edblicas de Vacaciones y en el hogar:<\/p>\n<ul>\n<li>El desaf\u00edo de cinco d\u00edas consiste en actividades diarias que ense\u00f1an h\u00e1bitos y valores saludables de bienestar, introduciendo los ocho superamigos saludables que ayudan a que el cuerpo crezca sano.<\/li>\n<li><em>Jugando yo aprendo<\/em> es un programa de feria de salud para ni\u00f1os mediante el cual pueden aprender sobre los beneficios de cada uno de los superamigos saludables con juegos y actividades, y aprender de ciertos animales.<\/li>\n<li>El programa educativo <em>Quiero vivir sano<\/em>, que incluye un plan curricular para que las instituciones educativas incluyan un momento para aprender sobre cada uno de los \u00f3rganos y sistemas del cuerpo humano y la manera en que contribuyen los ocho superamigos saludables (o remedios naturales).<\/li>\n<li>Educaci\u00f3n para la salud por medio de canciones para cantar juntos sobre los Ocho Superamigos Saludables, con acciones que explican los h\u00e1bitos y valores saludables para los ni\u00f1os y adolescentes.<\/li>\n<\/ul>\n<p>El programa <em>Quiero crecer sano<\/em> ha sido promovido en todas las iglesias y comunidades adventistas del territorio de la Divisi\u00f3n Interamericana.<\/p>\n<p><div id=\"attachment_56625\" style=\"width: 810px\" class=\"wp-caption aligncenter\"><img loading=\"lazy\" decoding=\"async\" aria-describedby=\"caption-attachment-56625\" class=\" wp-image-56623\" src=\"https:\/\/recursing-golick.147-182-135-0.plesk.page\/wp-content\/uploads\/2020\/03\/baja-cali-qcs-kids-mar2020-1024x686.jpg\" alt=\"\" width=\"800\" height=\"536\" srcset=\"https:\/\/interamerica.org\/wp-content\/uploads\/2020\/03\/baja-cali-qcs-kids-mar2020-1024x686.jpg 1024w, https:\/\/interamerica.org\/wp-content\/uploads\/2020\/03\/baja-cali-qcs-kids-mar2020-300x201.jpg 300w, https:\/\/interamerica.org\/wp-content\/uploads\/2020\/03\/baja-cali-qcs-kids-mar2020-768x514.jpg 768w, https:\/\/interamerica.org\/wp-content\/uploads\/2020\/03\/baja-cali-qcs-kids-mar2020-1536x1028.jpg 1536w, https:\/\/interamerica.org\/wp-content\/uploads\/2020\/03\/baja-cali-qcs-kids-mar2020.jpg 1912w\" sizes=\"(max-width: 800px) 100vw, 800px\" \/><p id=\"caption-attachment-56625\" class=\"wp-caption-text\">Los ni\u00f1os participan durante una actividad especial durante la tarde del programa <em>Jugando yo aprendo <\/em>. [Fotograf\u00eda: Asociaci\u00f3n de Baja California]<\/p><\/div>Para saber m\u00e1s sobre la iniciativa <em>Quiero vivir sano<\/em>, sus recursos y actividades, visite <a href=\"https:\/\/quierovivirsano.org\/\">quierovivirsano.org<\/a><\/p>\n<p>Traducci\u00f3n de Marcos Paseggi<\/p>\n","protected":false},"excerpt":{"rendered":"<p>24 de marzo de 2020 | Tijuana, Baja California, M\u00e9xico | Libna Stevens, Noticias de la Divisi\u00f3n Interamericana M\u00e1s de seis mil adventistas de la regi\u00f3n Mexicana del Norte se&#8230;<\/p>\n","protected":false},"author":3,"featured_media":56656,"comment_status":"open","ping_status":"closed","sticky":false,"template":"","format":"standard","meta":{"_acf_changed":false,"footnotes":""},"categories":[17,15],"tags":[],"class_list":["post-56672","post","type-post","status-publish","format-standard","has-post-thumbnail","hentry","category-desde-el-campo","category-rss-espanol"],"acf":[],"yoast_head":"<!-- This site is optimized with the Yoast SEO plugin v27.3 - https:\/\/yoast.com\/product\/yoast-seo-wordpress\/ -->\n<title>Adventistas en la regi\u00f3n Mexicana del Norte celebran la iniciativa para ni\u00f1os \u2018Quiero crecer sano\u2019 - Iglesia Adventista del S\u00e9ptimo D\u00eda - Divisi\u00f3n Interamericana<\/title>\n<meta name=\"robots\" content=\"index, follow, max-snippet:-1, max-image-preview:large, max-video-preview:-1\" \/>\n<link rel=\"canonical\" href=\"https:\/\/interamerica.org\/es\/2020\/03\/adventistas-en-la-region-mexicana-del-norte-celebran-la-iniciativa-para-ninos-quiero-crecer-sano\/\" \/>\n<meta property=\"og:locale\" content=\"es_ES\" \/>\n<meta property=\"og:type\" content=\"article\" \/>\n<meta property=\"og:title\" content=\"Adventistas en la regi\u00f3n Mexicana del Norte celebran la iniciativa para ni\u00f1os \u2018Quiero crecer sano\u2019 - Iglesia Adventista del S\u00e9ptimo D\u00eda - Divisi\u00f3n Interamericana\" \/>\n<meta property=\"og:description\" content=\"24 de marzo de 2020 | Tijuana, Baja California, M\u00e9xico | Libna Stevens, Noticias de la Divisi\u00f3n Interamericana M\u00e1s de seis mil adventistas de la regi\u00f3n Mexicana del Norte se...\" \/>\n<meta property=\"og:url\" content=\"https:\/\/interamerica.org\/es\/2020\/03\/adventistas-en-la-region-mexicana-del-norte-celebran-la-iniciativa-para-ninos-quiero-crecer-sano\/\" \/>\n<meta property=\"og:site_name\" content=\"Iglesia Adventista del S\u00e9ptimo D\u00eda - Divisi\u00f3n Interamericana\" \/>\n<meta property=\"article:published_time\" content=\"2020-03-25T18:15:52+00:00\" \/>\n<meta property=\"article:modified_time\" content=\"2020-03-26T00:18:12+00:00\" \/>\n<meta property=\"og:image\" content=\"https:\/\/interamerica.org\/wp-content\/uploads\/2020\/03\/baja-cali-children-qcs-mar2020-1280.jpg\" \/>\n\t<meta property=\"og:image:width\" content=\"1280\" \/>\n\t<meta property=\"og:image:height\" content=\"800\" \/>\n\t<meta property=\"og:image:type\" content=\"image\/jpeg\" \/>\n<meta name=\"author\" content=\"libna\" \/>\n<meta name=\"twitter:card\" content=\"summary_large_image\" \/>\n<meta name=\"twitter:label1\" content=\"Escrito por\" \/>\n\t<meta name=\"twitter:data1\" content=\"libna\" \/>\n\t<meta name=\"twitter:label2\" content=\"Tiempo de lectura\" \/>\n\t<meta name=\"twitter:data2\" content=\"8 minutos\" \/>\n<script type=\"application\/ld+json\" class=\"yoast-schema-graph\">{\"@context\":\"https:\\\/\\\/schema.org\",\"@graph\":[{\"@type\":\"Article\",\"@id\":\"https:\\\/\\\/interamerica.org\\\/es\\\/2020\\\/03\\\/adventistas-en-la-region-mexicana-del-norte-celebran-la-iniciativa-para-ninos-quiero-crecer-sano\\\/#article\",\"isPartOf\":{\"@id\":\"https:\\\/\\\/interamerica.org\\\/es\\\/2020\\\/03\\\/adventistas-en-la-region-mexicana-del-norte-celebran-la-iniciativa-para-ninos-quiero-crecer-sano\\\/\"},\"author\":{\"name\":\"libna\",\"@id\":\"https:\\\/\\\/interamerica.org\\\/es\\\/#\\\/schema\\\/person\\\/29998f2bc2d8bd0d38662909289b54f1\"},\"headline\":\"Adventistas en la regi\u00f3n Mexicana del Norte celebran la iniciativa para ni\u00f1os \u2018Quiero crecer sano\u2019\",\"datePublished\":\"2020-03-25T18:15:52+00:00\",\"dateModified\":\"2020-03-26T00:18:12+00:00\",\"mainEntityOfPage\":{\"@id\":\"https:\\\/\\\/interamerica.org\\\/es\\\/2020\\\/03\\\/adventistas-en-la-region-mexicana-del-norte-celebran-la-iniciativa-para-ninos-quiero-crecer-sano\\\/\"},\"wordCount\":1704,\"commentCount\":0,\"image\":{\"@id\":\"https:\\\/\\\/interamerica.org\\\/es\\\/2020\\\/03\\\/adventistas-en-la-region-mexicana-del-norte-celebran-la-iniciativa-para-ninos-quiero-crecer-sano\\\/#primaryimage\"},\"thumbnailUrl\":\"https:\\\/\\\/interamerica.org\\\/wp-content\\\/uploads\\\/2020\\\/03\\\/baja-cali-children-qcs-mar2020-1280.jpg\",\"articleSection\":[\"Desde el campo\",\"RSS Espa\u00f1ol\"],\"inLanguage\":\"es\",\"potentialAction\":[{\"@type\":\"CommentAction\",\"name\":\"Comment\",\"target\":[\"https:\\\/\\\/interamerica.org\\\/es\\\/2020\\\/03\\\/adventistas-en-la-region-mexicana-del-norte-celebran-la-iniciativa-para-ninos-quiero-crecer-sano\\\/#respond\"]}]},{\"@type\":\"WebPage\",\"@id\":\"https:\\\/\\\/interamerica.org\\\/es\\\/2020\\\/03\\\/adventistas-en-la-region-mexicana-del-norte-celebran-la-iniciativa-para-ninos-quiero-crecer-sano\\\/\",\"url\":\"https:\\\/\\\/interamerica.org\\\/es\\\/2020\\\/03\\\/adventistas-en-la-region-mexicana-del-norte-celebran-la-iniciativa-para-ninos-quiero-crecer-sano\\\/\",\"name\":\"Adventistas en la regi\u00f3n Mexicana del Norte celebran la iniciativa para ni\u00f1os \u2018Quiero crecer sano\u2019 - Iglesia Adventista del S\u00e9ptimo D\u00eda - Divisi\u00f3n Interamericana\",\"isPartOf\":{\"@id\":\"https:\\\/\\\/interamerica.org\\\/es\\\/#website\"},\"primaryImageOfPage\":{\"@id\":\"https:\\\/\\\/interamerica.org\\\/es\\\/2020\\\/03\\\/adventistas-en-la-region-mexicana-del-norte-celebran-la-iniciativa-para-ninos-quiero-crecer-sano\\\/#primaryimage\"},\"image\":{\"@id\":\"https:\\\/\\\/interamerica.org\\\/es\\\/2020\\\/03\\\/adventistas-en-la-region-mexicana-del-norte-celebran-la-iniciativa-para-ninos-quiero-crecer-sano\\\/#primaryimage\"},\"thumbnailUrl\":\"https:\\\/\\\/interamerica.org\\\/wp-content\\\/uploads\\\/2020\\\/03\\\/baja-cali-children-qcs-mar2020-1280.jpg\",\"datePublished\":\"2020-03-25T18:15:52+00:00\",\"dateModified\":\"2020-03-26T00:18:12+00:00\",\"author\":{\"@id\":\"https:\\\/\\\/interamerica.org\\\/es\\\/#\\\/schema\\\/person\\\/29998f2bc2d8bd0d38662909289b54f1\"},\"breadcrumb\":{\"@id\":\"https:\\\/\\\/interamerica.org\\\/es\\\/2020\\\/03\\\/adventistas-en-la-region-mexicana-del-norte-celebran-la-iniciativa-para-ninos-quiero-crecer-sano\\\/#breadcrumb\"},\"inLanguage\":\"es\",\"potentialAction\":[{\"@type\":\"ReadAction\",\"target\":[\"https:\\\/\\\/interamerica.org\\\/es\\\/2020\\\/03\\\/adventistas-en-la-region-mexicana-del-norte-celebran-la-iniciativa-para-ninos-quiero-crecer-sano\\\/\"]}]},{\"@type\":\"ImageObject\",\"inLanguage\":\"es\",\"@id\":\"https:\\\/\\\/interamerica.org\\\/es\\\/2020\\\/03\\\/adventistas-en-la-region-mexicana-del-norte-celebran-la-iniciativa-para-ninos-quiero-crecer-sano\\\/#primaryimage\",\"url\":\"https:\\\/\\\/interamerica.org\\\/wp-content\\\/uploads\\\/2020\\\/03\\\/baja-cali-children-qcs-mar2020-1280.jpg\",\"contentUrl\":\"https:\\\/\\\/interamerica.org\\\/wp-content\\\/uploads\\\/2020\\\/03\\\/baja-cali-children-qcs-mar2020-1280.jpg\",\"width\":1280,\"height\":800},{\"@type\":\"BreadcrumbList\",\"@id\":\"https:\\\/\\\/interamerica.org\\\/es\\\/2020\\\/03\\\/adventistas-en-la-region-mexicana-del-norte-celebran-la-iniciativa-para-ninos-quiero-crecer-sano\\\/#breadcrumb\",\"itemListElement\":[{\"@type\":\"ListItem\",\"position\":1,\"name\":\"Home\",\"item\":\"https:\\\/\\\/interamerica.org\\\/es\\\/\"},{\"@type\":\"ListItem\",\"position\":2,\"name\":\"Adventistas en la regi\u00f3n Mexicana del Norte celebran la iniciativa para ni\u00f1os \u2018Quiero crecer sano\u2019\"}]},{\"@type\":\"WebSite\",\"@id\":\"https:\\\/\\\/interamerica.org\\\/es\\\/#website\",\"url\":\"https:\\\/\\\/interamerica.org\\\/es\\\/\",\"name\":\"Iglesia Adventista del S\u00e9ptimo D\u00eda - Divisi\u00f3n Interamericana\",\"description\":\"\",\"potentialAction\":[{\"@type\":\"SearchAction\",\"target\":{\"@type\":\"EntryPoint\",\"urlTemplate\":\"https:\\\/\\\/interamerica.org\\\/es\\\/?s={search_term_string}\"},\"query-input\":{\"@type\":\"PropertyValueSpecification\",\"valueRequired\":true,\"valueName\":\"search_term_string\"}}],\"inLanguage\":\"es\"},{\"@type\":\"Person\",\"@id\":\"https:\\\/\\\/interamerica.org\\\/es\\\/#\\\/schema\\\/person\\\/29998f2bc2d8bd0d38662909289b54f1\",\"name\":\"libna\",\"image\":{\"@type\":\"ImageObject\",\"inLanguage\":\"es\",\"@id\":\"https:\\\/\\\/secure.gravatar.com\\\/avatar\\\/7c5bd30ae4b47a9ba3c856590957fd1d96dc588bf3ac05719d247e126840331f?s=96&d=mm&r=g\",\"url\":\"https:\\\/\\\/secure.gravatar.com\\\/avatar\\\/7c5bd30ae4b47a9ba3c856590957fd1d96dc588bf3ac05719d247e126840331f?s=96&d=mm&r=g\",\"contentUrl\":\"https:\\\/\\\/secure.gravatar.com\\\/avatar\\\/7c5bd30ae4b47a9ba3c856590957fd1d96dc588bf3ac05719d247e126840331f?s=96&d=mm&r=g\",\"caption\":\"libna\"}}]}<\/script>\n<!-- \/ Yoast SEO plugin. -->","yoast_head_json":{"title":"Adventistas en la regi\u00f3n Mexicana del Norte celebran la iniciativa para ni\u00f1os \u2018Quiero crecer sano\u2019 - Iglesia Adventista del S\u00e9ptimo D\u00eda - Divisi\u00f3n Interamericana","robots":{"index":"index","follow":"follow","max-snippet":"max-snippet:-1","max-image-preview":"max-image-preview:large","max-video-preview":"max-video-preview:-1"},"canonical":"https:\/\/interamerica.org\/es\/2020\/03\/adventistas-en-la-region-mexicana-del-norte-celebran-la-iniciativa-para-ninos-quiero-crecer-sano\/","og_locale":"es_ES","og_type":"article","og_title":"Adventistas en la regi\u00f3n Mexicana del Norte celebran la iniciativa para ni\u00f1os \u2018Quiero crecer sano\u2019 - Iglesia Adventista del S\u00e9ptimo D\u00eda - Divisi\u00f3n Interamericana","og_description":"24 de marzo de 2020 | Tijuana, Baja California, M\u00e9xico | Libna Stevens, Noticias de la Divisi\u00f3n Interamericana M\u00e1s de seis mil adventistas de la regi\u00f3n Mexicana del Norte se...","og_url":"https:\/\/interamerica.org\/es\/2020\/03\/adventistas-en-la-region-mexicana-del-norte-celebran-la-iniciativa-para-ninos-quiero-crecer-sano\/","og_site_name":"Iglesia Adventista del S\u00e9ptimo D\u00eda - Divisi\u00f3n Interamericana","article_published_time":"2020-03-25T18:15:52+00:00","article_modified_time":"2020-03-26T00:18:12+00:00","og_image":[{"width":1280,"height":800,"url":"https:\/\/interamerica.org\/wp-content\/uploads\/2020\/03\/baja-cali-children-qcs-mar2020-1280.jpg","type":"image\/jpeg"}],"author":"libna","twitter_card":"summary_large_image","twitter_misc":{"Escrito por":"libna","Tiempo de lectura":"8 minutos"},"schema":{"@context":"https:\/\/schema.org","@graph":[{"@type":"Article","@id":"https:\/\/interamerica.org\/es\/2020\/03\/adventistas-en-la-region-mexicana-del-norte-celebran-la-iniciativa-para-ninos-quiero-crecer-sano\/#article","isPartOf":{"@id":"https:\/\/interamerica.org\/es\/2020\/03\/adventistas-en-la-region-mexicana-del-norte-celebran-la-iniciativa-para-ninos-quiero-crecer-sano\/"},"author":{"name":"libna","@id":"https:\/\/interamerica.org\/es\/#\/schema\/person\/29998f2bc2d8bd0d38662909289b54f1"},"headline":"Adventistas en la regi\u00f3n Mexicana del Norte celebran la iniciativa para ni\u00f1os \u2018Quiero crecer sano\u2019","datePublished":"2020-03-25T18:15:52+00:00","dateModified":"2020-03-26T00:18:12+00:00","mainEntityOfPage":{"@id":"https:\/\/interamerica.org\/es\/2020\/03\/adventistas-en-la-region-mexicana-del-norte-celebran-la-iniciativa-para-ninos-quiero-crecer-sano\/"},"wordCount":1704,"commentCount":0,"image":{"@id":"https:\/\/interamerica.org\/es\/2020\/03\/adventistas-en-la-region-mexicana-del-norte-celebran-la-iniciativa-para-ninos-quiero-crecer-sano\/#primaryimage"},"thumbnailUrl":"https:\/\/interamerica.org\/wp-content\/uploads\/2020\/03\/baja-cali-children-qcs-mar2020-1280.jpg","articleSection":["Desde el campo","RSS Espa\u00f1ol"],"inLanguage":"es","potentialAction":[{"@type":"CommentAction","name":"Comment","target":["https:\/\/interamerica.org\/es\/2020\/03\/adventistas-en-la-region-mexicana-del-norte-celebran-la-iniciativa-para-ninos-quiero-crecer-sano\/#respond"]}]},{"@type":"WebPage","@id":"https:\/\/interamerica.org\/es\/2020\/03\/adventistas-en-la-region-mexicana-del-norte-celebran-la-iniciativa-para-ninos-quiero-crecer-sano\/","url":"https:\/\/interamerica.org\/es\/2020\/03\/adventistas-en-la-region-mexicana-del-norte-celebran-la-iniciativa-para-ninos-quiero-crecer-sano\/","name":"Adventistas en la regi\u00f3n Mexicana del Norte celebran la iniciativa para ni\u00f1os \u2018Quiero crecer sano\u2019 - Iglesia Adventista del S\u00e9ptimo D\u00eda - Divisi\u00f3n Interamericana","isPartOf":{"@id":"https:\/\/interamerica.org\/es\/#website"},"primaryImageOfPage":{"@id":"https:\/\/interamerica.org\/es\/2020\/03\/adventistas-en-la-region-mexicana-del-norte-celebran-la-iniciativa-para-ninos-quiero-crecer-sano\/#primaryimage"},"image":{"@id":"https:\/\/interamerica.org\/es\/2020\/03\/adventistas-en-la-region-mexicana-del-norte-celebran-la-iniciativa-para-ninos-quiero-crecer-sano\/#primaryimage"},"thumbnailUrl":"https:\/\/interamerica.org\/wp-content\/uploads\/2020\/03\/baja-cali-children-qcs-mar2020-1280.jpg","datePublished":"2020-03-25T18:15:52+00:00","dateModified":"2020-03-26T00:18:12+00:00","author":{"@id":"https:\/\/interamerica.org\/es\/#\/schema\/person\/29998f2bc2d8bd0d38662909289b54f1"},"breadcrumb":{"@id":"https:\/\/interamerica.org\/es\/2020\/03\/adventistas-en-la-region-mexicana-del-norte-celebran-la-iniciativa-para-ninos-quiero-crecer-sano\/#breadcrumb"},"inLanguage":"es","potentialAction":[{"@type":"ReadAction","target":["https:\/\/interamerica.org\/es\/2020\/03\/adventistas-en-la-region-mexicana-del-norte-celebran-la-iniciativa-para-ninos-quiero-crecer-sano\/"]}]},{"@type":"ImageObject","inLanguage":"es","@id":"https:\/\/interamerica.org\/es\/2020\/03\/adventistas-en-la-region-mexicana-del-norte-celebran-la-iniciativa-para-ninos-quiero-crecer-sano\/#primaryimage","url":"https:\/\/interamerica.org\/wp-content\/uploads\/2020\/03\/baja-cali-children-qcs-mar2020-1280.jpg","contentUrl":"https:\/\/interamerica.org\/wp-content\/uploads\/2020\/03\/baja-cali-children-qcs-mar2020-1280.jpg","width":1280,"height":800},{"@type":"BreadcrumbList","@id":"https:\/\/interamerica.org\/es\/2020\/03\/adventistas-en-la-region-mexicana-del-norte-celebran-la-iniciativa-para-ninos-quiero-crecer-sano\/#breadcrumb","itemListElement":[{"@type":"ListItem","position":1,"name":"Home","item":"https:\/\/interamerica.org\/es\/"},{"@type":"ListItem","position":2,"name":"Adventistas en la regi\u00f3n Mexicana del Norte celebran la iniciativa para ni\u00f1os \u2018Quiero crecer sano\u2019"}]},{"@type":"WebSite","@id":"https:\/\/interamerica.org\/es\/#website","url":"https:\/\/interamerica.org\/es\/","name":"Iglesia Adventista del S\u00e9ptimo D\u00eda - Divisi\u00f3n Interamericana","description":"","potentialAction":[{"@type":"SearchAction","target":{"@type":"EntryPoint","urlTemplate":"https:\/\/interamerica.org\/es\/?s={search_term_string}"},"query-input":{"@type":"PropertyValueSpecification","valueRequired":true,"valueName":"search_term_string"}}],"inLanguage":"es"},{"@type":"Person","@id":"https:\/\/interamerica.org\/es\/#\/schema\/person\/29998f2bc2d8bd0d38662909289b54f1","name":"libna","image":{"@type":"ImageObject","inLanguage":"es","@id":"https:\/\/secure.gravatar.com\/avatar\/7c5bd30ae4b47a9ba3c856590957fd1d96dc588bf3ac05719d247e126840331f?s=96&d=mm&r=g","url":"https:\/\/secure.gravatar.com\/avatar\/7c5bd30ae4b47a9ba3c856590957fd1d96dc588bf3ac05719d247e126840331f?s=96&d=mm&r=g","contentUrl":"https:\/\/secure.gravatar.com\/avatar\/7c5bd30ae4b47a9ba3c856590957fd1d96dc588bf3ac05719d247e126840331f?s=96&d=mm&r=g","caption":"libna"}}]}},"_links":{"self":[{"href":"https:\/\/interamerica.org\/es\/wp-json\/wp\/v2\/posts\/56672","targetHints":{"allow":["GET"]}}],"collection":[{"href":"https:\/\/interamerica.org\/es\/wp-json\/wp\/v2\/posts"}],"about":[{"href":"https:\/\/interamerica.org\/es\/wp-json\/wp\/v2\/types\/post"}],"author":[{"embeddable":true,"href":"https:\/\/interamerica.org\/es\/wp-json\/wp\/v2\/users\/3"}],"replies":[{"embeddable":true,"href":"https:\/\/interamerica.org\/es\/wp-json\/wp\/v2\/comments?post=56672"}],"version-history":[{"count":0,"href":"https:\/\/interamerica.org\/es\/wp-json\/wp\/v2\/posts\/56672\/revisions"}],"wp:featuredmedia":[{"embeddable":true,"href":"https:\/\/interamerica.org\/es\/wp-json\/wp\/v2\/media\/56656"}],"wp:attachment":[{"href":"https:\/\/interamerica.org\/es\/wp-json\/wp\/v2\/media?parent=56672"}],"wp:term":[{"taxonomy":"category","embeddable":true,"href":"https:\/\/interamerica.org\/es\/wp-json\/wp\/v2\/categories?post=56672"},{"taxonomy":"post_tag","embeddable":true,"href":"https:\/\/interamerica.org\/es\/wp-json\/wp\/v2\/tags?post=56672"}],"curies":[{"name":"wp","href":"https:\/\/api.w.org\/{rel}","templated":true}]}}