{"id":56735,"date":"2020-03-26T08:00:59","date_gmt":"2020-03-26T12:00:59","guid":{"rendered":"https:\/\/recursing-golick.147-182-135-0.plesk.page\/?p=56735"},"modified":"2020-03-27T11:30:38","modified_gmt":"2020-03-27T15:30:38","slug":"iglesia-adventista-iniciara-100-dias-de-oracion-el-27-de-marzo","status":"publish","type":"post","link":"https:\/\/interamerica.org\/es\/2020\/03\/iglesia-adventista-iniciara-100-dias-de-oracion-el-27-de-marzo\/","title":{"rendered":"Iglesia Adventista iniciar\u00e1 100 D\u00edas de Oraci\u00f3n el 27 de marzo"},"content":{"rendered":"<p>25 de marzo de 2020 | Miami, Florida, Estados Unidos | Noticias de la Divisi\u00f3n Interamericana<\/p>\n<p>La Iglesia Adventista del S\u00e9ptimo D\u00eda est\u00e1 haciendo un llamado en todo el mundo a sus miembros para que se sumen a los 100 D\u00edas de Oraci\u00f3n que comenzar\u00e1n el 27 de marzo y se extender\u00e1n hasta el 4 de julio de 2020. La iniciativa de oraci\u00f3n iniciada por la Comisi\u00f3n de Reavivamiento y Reforma de la Asociaci\u00f3n General, ten\u00eda el prop\u00f3sito original de enfocarse en orar por el Congreso de la Asociaci\u00f3n General en junio pr\u00f3ximo. Sin embargo, dado que el congreso ha sido pospuesto para el a\u00f1o pr\u00f3ximo, el \u00e9nfasis ahora ha pasado a orar para que la presencia y el poder del Esp\u00edritu Santo sea derramado en la iglesia, para capacitar a los miembros para la misi\u00f3n durante estos tiempo de crisis por la pandemia.<\/p>\n<p>En momentos en que rige el distanciamiento social en el mundo actual, la iglesia tiene que avanzar junta, unida en la oraci\u00f3n, para buscar la fuerza y el poder de Dios, dijeron los l\u00edderes de la Iglesia Adventista mundial.<\/p>\n<p>\u201cSeguiremos orando para que el Esp\u00edritu Santo se derrame sobre nuestra vida, nuestra iglesia y nuestros l\u00edderes\u201d, dijo el pastor Ted N.C. Wilson, presidente de la Iglesia Adventista mundial en una carta. \u201cAsimismo, tambi\u00e9n estaremos orando por todas las personas infectadas con el COVID-19 o que tienen seres queridos que est\u00e1n sufriendo. Estaremos orando por los que est\u00e1n luchando con el aislamiento, por sabidur\u00eda por nuestros l\u00edderes de gobierno, y por el progreso de la misi\u00f3n de nuestra iglesia en estos momentos de grandes desaf\u00edos\u201d. (Para leer la carta, ingrese <a href=\"http:\/\/www.revivalandreformation.org\/100days\/translators\">AQU\u00cd<\/a>)<\/p>\n<p>Las oraciones durante los 100 D\u00edas de Oraci\u00f3n incluye clamar:<\/p>\n<ul>\n<li>Por pedidos espec\u00edficos en relaci\u00f3n con los efectos de la epidemia del COVID-19 en nuestra iglesia y la misi\u00f3n<\/li>\n<li>Por una consagraci\u00f3n personal m\u00e1s profunda y un reavivamiento para la misi\u00f3n<\/li>\n<li>Para que las iglesias locales experimenten un mayor derramamiento del Esp\u00edritu Santo<\/li>\n<li>Para enviar un pedido de oraci\u00f3n relacionado con las necesidades de nuestra iglesia local o asociaci\u00f3n, <a href=\"http:\/\/www.revivalandreformation.org\/100days\/prayer-request\">ingrese aqu\u00ed<\/a>.<\/li>\n<\/ul>\n<p>Para registrarse en la iniciativa 100 D\u00edas de Oraci\u00f3n y para descargar recursos, visite <a href=\"http:\/\/www.revivalandreformation.org\/100days\"><strong>www.revivalandreformation.org\/100days<\/strong><\/a><\/p>\n<p>Traducci\u00f3n de Marcos Paseggi<\/p>\n","protected":false},"excerpt":{"rendered":"<p>25 de marzo de 2020 | Miami, Florida, Estados Unidos | Noticias de la Divisi\u00f3n Interamericana La Iglesia Adventista del S\u00e9ptimo D\u00eda est\u00e1 haciendo un llamado en todo el mundo&#8230;<\/p>\n","protected":false},"author":3,"featured_media":56825,"comment_status":"open","ping_status":"closed","sticky":false,"template":"","format":"standard","meta":{"_acf_changed":false,"footnotes":""},"categories":[14,15],"tags":[],"class_list":["post-56735","post","type-post","status-publish","format-standard","has-post-thumbnail","hentry","category-de-la-iglesia-mundial","category-rss-espanol"],"acf":[],"yoast_head":"<!-- This site is optimized with the Yoast SEO plugin v27.3 - https:\/\/yoast.com\/product\/yoast-seo-wordpress\/ -->\n<title>Iglesia Adventista iniciar\u00e1 100 D\u00edas de Oraci\u00f3n el 27 de marzo - Iglesia Adventista del S\u00e9ptimo D\u00eda - Divisi\u00f3n Interamericana<\/title>\n<meta name=\"robots\" content=\"index, follow, max-snippet:-1, max-image-preview:large, max-video-preview:-1\" \/>\n<link rel=\"canonical\" href=\"https:\/\/interamerica.org\/es\/2020\/03\/iglesia-adventista-iniciara-100-dias-de-oracion-el-27-de-marzo\/\" \/>\n<meta property=\"og:locale\" content=\"es_ES\" \/>\n<meta property=\"og:type\" content=\"article\" \/>\n<meta property=\"og:title\" content=\"Iglesia Adventista iniciar\u00e1 100 D\u00edas de Oraci\u00f3n el 27 de marzo - Iglesia Adventista del S\u00e9ptimo D\u00eda - Divisi\u00f3n Interamericana\" \/>\n<meta property=\"og:description\" content=\"25 de marzo de 2020 | Miami, Florida, Estados Unidos | Noticias de la Divisi\u00f3n Interamericana La Iglesia Adventista del S\u00e9ptimo D\u00eda est\u00e1 haciendo un llamado en todo el mundo...\" \/>\n<meta property=\"og:url\" content=\"https:\/\/interamerica.org\/es\/2020\/03\/iglesia-adventista-iniciara-100-dias-de-oracion-el-27-de-marzo\/\" \/>\n<meta property=\"og:site_name\" content=\"Iglesia Adventista del S\u00e9ptimo D\u00eda - Divisi\u00f3n Interamericana\" \/>\n<meta property=\"article:published_time\" content=\"2020-03-26T12:00:59+00:00\" \/>\n<meta property=\"article:modified_time\" content=\"2020-03-27T15:30:38+00:00\" \/>\n<meta property=\"og:image\" content=\"https:\/\/interamerica.org\/wp-content\/uploads\/2020\/03\/100-dias-de-oracion-1280.jpg\" \/>\n\t<meta property=\"og:image:width\" content=\"1280\" \/>\n\t<meta property=\"og:image:height\" content=\"800\" \/>\n\t<meta property=\"og:image:type\" content=\"image\/jpeg\" \/>\n<meta name=\"author\" content=\"libna\" \/>\n<meta name=\"twitter:card\" content=\"summary_large_image\" \/>\n<meta name=\"twitter:label1\" content=\"Escrito por\" \/>\n\t<meta name=\"twitter:data1\" content=\"libna\" \/>\n\t<meta name=\"twitter:label2\" content=\"Tiempo de lectura\" \/>\n\t<meta name=\"twitter:data2\" content=\"2 minutos\" \/>\n<script type=\"application\/ld+json\" class=\"yoast-schema-graph\">{\"@context\":\"https:\\\/\\\/schema.org\",\"@graph\":[{\"@type\":\"Article\",\"@id\":\"https:\\\/\\\/interamerica.org\\\/es\\\/2020\\\/03\\\/iglesia-adventista-iniciara-100-dias-de-oracion-el-27-de-marzo\\\/#article\",\"isPartOf\":{\"@id\":\"https:\\\/\\\/interamerica.org\\\/es\\\/2020\\\/03\\\/iglesia-adventista-iniciara-100-dias-de-oracion-el-27-de-marzo\\\/\"},\"author\":{\"name\":\"libna\",\"@id\":\"https:\\\/\\\/interamerica.org\\\/es\\\/#\\\/schema\\\/person\\\/29998f2bc2d8bd0d38662909289b54f1\"},\"headline\":\"Iglesia Adventista iniciar\u00e1 100 D\u00edas de Oraci\u00f3n el 27 de marzo\",\"datePublished\":\"2020-03-26T12:00:59+00:00\",\"dateModified\":\"2020-03-27T15:30:38+00:00\",\"mainEntityOfPage\":{\"@id\":\"https:\\\/\\\/interamerica.org\\\/es\\\/2020\\\/03\\\/iglesia-adventista-iniciara-100-dias-de-oracion-el-27-de-marzo\\\/\"},\"wordCount\":412,\"commentCount\":0,\"image\":{\"@id\":\"https:\\\/\\\/interamerica.org\\\/es\\\/2020\\\/03\\\/iglesia-adventista-iniciara-100-dias-de-oracion-el-27-de-marzo\\\/#primaryimage\"},\"thumbnailUrl\":\"https:\\\/\\\/interamerica.org\\\/wp-content\\\/uploads\\\/2020\\\/03\\\/100-dias-de-oracion-1280.jpg\",\"articleSection\":[\"Desde la iglesia mundial\",\"RSS Espa\u00f1ol\"],\"inLanguage\":\"es\",\"potentialAction\":[{\"@type\":\"CommentAction\",\"name\":\"Comment\",\"target\":[\"https:\\\/\\\/interamerica.org\\\/es\\\/2020\\\/03\\\/iglesia-adventista-iniciara-100-dias-de-oracion-el-27-de-marzo\\\/#respond\"]}]},{\"@type\":\"WebPage\",\"@id\":\"https:\\\/\\\/interamerica.org\\\/es\\\/2020\\\/03\\\/iglesia-adventista-iniciara-100-dias-de-oracion-el-27-de-marzo\\\/\",\"url\":\"https:\\\/\\\/interamerica.org\\\/es\\\/2020\\\/03\\\/iglesia-adventista-iniciara-100-dias-de-oracion-el-27-de-marzo\\\/\",\"name\":\"Iglesia Adventista iniciar\u00e1 100 D\u00edas de Oraci\u00f3n el 27 de marzo - Iglesia Adventista del S\u00e9ptimo D\u00eda - Divisi\u00f3n Interamericana\",\"isPartOf\":{\"@id\":\"https:\\\/\\\/interamerica.org\\\/es\\\/#website\"},\"primaryImageOfPage\":{\"@id\":\"https:\\\/\\\/interamerica.org\\\/es\\\/2020\\\/03\\\/iglesia-adventista-iniciara-100-dias-de-oracion-el-27-de-marzo\\\/#primaryimage\"},\"image\":{\"@id\":\"https:\\\/\\\/interamerica.org\\\/es\\\/2020\\\/03\\\/iglesia-adventista-iniciara-100-dias-de-oracion-el-27-de-marzo\\\/#primaryimage\"},\"thumbnailUrl\":\"https:\\\/\\\/interamerica.org\\\/wp-content\\\/uploads\\\/2020\\\/03\\\/100-dias-de-oracion-1280.jpg\",\"datePublished\":\"2020-03-26T12:00:59+00:00\",\"dateModified\":\"2020-03-27T15:30:38+00:00\",\"author\":{\"@id\":\"https:\\\/\\\/interamerica.org\\\/es\\\/#\\\/schema\\\/person\\\/29998f2bc2d8bd0d38662909289b54f1\"},\"breadcrumb\":{\"@id\":\"https:\\\/\\\/interamerica.org\\\/es\\\/2020\\\/03\\\/iglesia-adventista-iniciara-100-dias-de-oracion-el-27-de-marzo\\\/#breadcrumb\"},\"inLanguage\":\"es\",\"potentialAction\":[{\"@type\":\"ReadAction\",\"target\":[\"https:\\\/\\\/interamerica.org\\\/es\\\/2020\\\/03\\\/iglesia-adventista-iniciara-100-dias-de-oracion-el-27-de-marzo\\\/\"]}]},{\"@type\":\"ImageObject\",\"inLanguage\":\"es\",\"@id\":\"https:\\\/\\\/interamerica.org\\\/es\\\/2020\\\/03\\\/iglesia-adventista-iniciara-100-dias-de-oracion-el-27-de-marzo\\\/#primaryimage\",\"url\":\"https:\\\/\\\/interamerica.org\\\/wp-content\\\/uploads\\\/2020\\\/03\\\/100-dias-de-oracion-1280.jpg\",\"contentUrl\":\"https:\\\/\\\/interamerica.org\\\/wp-content\\\/uploads\\\/2020\\\/03\\\/100-dias-de-oracion-1280.jpg\",\"width\":1280,\"height\":800},{\"@type\":\"BreadcrumbList\",\"@id\":\"https:\\\/\\\/interamerica.org\\\/es\\\/2020\\\/03\\\/iglesia-adventista-iniciara-100-dias-de-oracion-el-27-de-marzo\\\/#breadcrumb\",\"itemListElement\":[{\"@type\":\"ListItem\",\"position\":1,\"name\":\"Home\",\"item\":\"https:\\\/\\\/interamerica.org\\\/es\\\/\"},{\"@type\":\"ListItem\",\"position\":2,\"name\":\"Iglesia Adventista iniciar\u00e1 100 D\u00edas de Oraci\u00f3n el 27 de marzo\"}]},{\"@type\":\"WebSite\",\"@id\":\"https:\\\/\\\/interamerica.org\\\/es\\\/#website\",\"url\":\"https:\\\/\\\/interamerica.org\\\/es\\\/\",\"name\":\"Iglesia Adventista del S\u00e9ptimo D\u00eda - Divisi\u00f3n Interamericana\",\"description\":\"\",\"potentialAction\":[{\"@type\":\"SearchAction\",\"target\":{\"@type\":\"EntryPoint\",\"urlTemplate\":\"https:\\\/\\\/interamerica.org\\\/es\\\/?s={search_term_string}\"},\"query-input\":{\"@type\":\"PropertyValueSpecification\",\"valueRequired\":true,\"valueName\":\"search_term_string\"}}],\"inLanguage\":\"es\"},{\"@type\":\"Person\",\"@id\":\"https:\\\/\\\/interamerica.org\\\/es\\\/#\\\/schema\\\/person\\\/29998f2bc2d8bd0d38662909289b54f1\",\"name\":\"libna\",\"image\":{\"@type\":\"ImageObject\",\"inLanguage\":\"es\",\"@id\":\"https:\\\/\\\/secure.gravatar.com\\\/avatar\\\/7c5bd30ae4b47a9ba3c856590957fd1d96dc588bf3ac05719d247e126840331f?s=96&d=mm&r=g\",\"url\":\"https:\\\/\\\/secure.gravatar.com\\\/avatar\\\/7c5bd30ae4b47a9ba3c856590957fd1d96dc588bf3ac05719d247e126840331f?s=96&d=mm&r=g\",\"contentUrl\":\"https:\\\/\\\/secure.gravatar.com\\\/avatar\\\/7c5bd30ae4b47a9ba3c856590957fd1d96dc588bf3ac05719d247e126840331f?s=96&d=mm&r=g\",\"caption\":\"libna\"}}]}<\/script>\n<!-- \/ Yoast SEO plugin. -->","yoast_head_json":{"title":"Iglesia Adventista iniciar\u00e1 100 D\u00edas de Oraci\u00f3n el 27 de marzo - Iglesia Adventista del S\u00e9ptimo D\u00eda - Divisi\u00f3n Interamericana","robots":{"index":"index","follow":"follow","max-snippet":"max-snippet:-1","max-image-preview":"max-image-preview:large","max-video-preview":"max-video-preview:-1"},"canonical":"https:\/\/interamerica.org\/es\/2020\/03\/iglesia-adventista-iniciara-100-dias-de-oracion-el-27-de-marzo\/","og_locale":"es_ES","og_type":"article","og_title":"Iglesia Adventista iniciar\u00e1 100 D\u00edas de Oraci\u00f3n el 27 de marzo - Iglesia Adventista del S\u00e9ptimo D\u00eda - Divisi\u00f3n Interamericana","og_description":"25 de marzo de 2020 | Miami, Florida, Estados Unidos | Noticias de la Divisi\u00f3n Interamericana La Iglesia Adventista del S\u00e9ptimo D\u00eda est\u00e1 haciendo un llamado en todo el mundo...","og_url":"https:\/\/interamerica.org\/es\/2020\/03\/iglesia-adventista-iniciara-100-dias-de-oracion-el-27-de-marzo\/","og_site_name":"Iglesia Adventista del S\u00e9ptimo D\u00eda - Divisi\u00f3n Interamericana","article_published_time":"2020-03-26T12:00:59+00:00","article_modified_time":"2020-03-27T15:30:38+00:00","og_image":[{"width":1280,"height":800,"url":"https:\/\/interamerica.org\/wp-content\/uploads\/2020\/03\/100-dias-de-oracion-1280.jpg","type":"image\/jpeg"}],"author":"libna","twitter_card":"summary_large_image","twitter_misc":{"Escrito por":"libna","Tiempo de lectura":"2 minutos"},"schema":{"@context":"https:\/\/schema.org","@graph":[{"@type":"Article","@id":"https:\/\/interamerica.org\/es\/2020\/03\/iglesia-adventista-iniciara-100-dias-de-oracion-el-27-de-marzo\/#article","isPartOf":{"@id":"https:\/\/interamerica.org\/es\/2020\/03\/iglesia-adventista-iniciara-100-dias-de-oracion-el-27-de-marzo\/"},"author":{"name":"libna","@id":"https:\/\/interamerica.org\/es\/#\/schema\/person\/29998f2bc2d8bd0d38662909289b54f1"},"headline":"Iglesia Adventista iniciar\u00e1 100 D\u00edas de Oraci\u00f3n el 27 de marzo","datePublished":"2020-03-26T12:00:59+00:00","dateModified":"2020-03-27T15:30:38+00:00","mainEntityOfPage":{"@id":"https:\/\/interamerica.org\/es\/2020\/03\/iglesia-adventista-iniciara-100-dias-de-oracion-el-27-de-marzo\/"},"wordCount":412,"commentCount":0,"image":{"@id":"https:\/\/interamerica.org\/es\/2020\/03\/iglesia-adventista-iniciara-100-dias-de-oracion-el-27-de-marzo\/#primaryimage"},"thumbnailUrl":"https:\/\/interamerica.org\/wp-content\/uploads\/2020\/03\/100-dias-de-oracion-1280.jpg","articleSection":["Desde la iglesia mundial","RSS Espa\u00f1ol"],"inLanguage":"es","potentialAction":[{"@type":"CommentAction","name":"Comment","target":["https:\/\/interamerica.org\/es\/2020\/03\/iglesia-adventista-iniciara-100-dias-de-oracion-el-27-de-marzo\/#respond"]}]},{"@type":"WebPage","@id":"https:\/\/interamerica.org\/es\/2020\/03\/iglesia-adventista-iniciara-100-dias-de-oracion-el-27-de-marzo\/","url":"https:\/\/interamerica.org\/es\/2020\/03\/iglesia-adventista-iniciara-100-dias-de-oracion-el-27-de-marzo\/","name":"Iglesia Adventista iniciar\u00e1 100 D\u00edas de Oraci\u00f3n el 27 de marzo - Iglesia Adventista del S\u00e9ptimo D\u00eda - Divisi\u00f3n Interamericana","isPartOf":{"@id":"https:\/\/interamerica.org\/es\/#website"},"primaryImageOfPage":{"@id":"https:\/\/interamerica.org\/es\/2020\/03\/iglesia-adventista-iniciara-100-dias-de-oracion-el-27-de-marzo\/#primaryimage"},"image":{"@id":"https:\/\/interamerica.org\/es\/2020\/03\/iglesia-adventista-iniciara-100-dias-de-oracion-el-27-de-marzo\/#primaryimage"},"thumbnailUrl":"https:\/\/interamerica.org\/wp-content\/uploads\/2020\/03\/100-dias-de-oracion-1280.jpg","datePublished":"2020-03-26T12:00:59+00:00","dateModified":"2020-03-27T15:30:38+00:00","author":{"@id":"https:\/\/interamerica.org\/es\/#\/schema\/person\/29998f2bc2d8bd0d38662909289b54f1"},"breadcrumb":{"@id":"https:\/\/interamerica.org\/es\/2020\/03\/iglesia-adventista-iniciara-100-dias-de-oracion-el-27-de-marzo\/#breadcrumb"},"inLanguage":"es","potentialAction":[{"@type":"ReadAction","target":["https:\/\/interamerica.org\/es\/2020\/03\/iglesia-adventista-iniciara-100-dias-de-oracion-el-27-de-marzo\/"]}]},{"@type":"ImageObject","inLanguage":"es","@id":"https:\/\/interamerica.org\/es\/2020\/03\/iglesia-adventista-iniciara-100-dias-de-oracion-el-27-de-marzo\/#primaryimage","url":"https:\/\/interamerica.org\/wp-content\/uploads\/2020\/03\/100-dias-de-oracion-1280.jpg","contentUrl":"https:\/\/interamerica.org\/wp-content\/uploads\/2020\/03\/100-dias-de-oracion-1280.jpg","width":1280,"height":800},{"@type":"BreadcrumbList","@id":"https:\/\/interamerica.org\/es\/2020\/03\/iglesia-adventista-iniciara-100-dias-de-oracion-el-27-de-marzo\/#breadcrumb","itemListElement":[{"@type":"ListItem","position":1,"name":"Home","item":"https:\/\/interamerica.org\/es\/"},{"@type":"ListItem","position":2,"name":"Iglesia Adventista iniciar\u00e1 100 D\u00edas de Oraci\u00f3n el 27 de marzo"}]},{"@type":"WebSite","@id":"https:\/\/interamerica.org\/es\/#website","url":"https:\/\/interamerica.org\/es\/","name":"Iglesia Adventista del S\u00e9ptimo D\u00eda - Divisi\u00f3n Interamericana","description":"","potentialAction":[{"@type":"SearchAction","target":{"@type":"EntryPoint","urlTemplate":"https:\/\/interamerica.org\/es\/?s={search_term_string}"},"query-input":{"@type":"PropertyValueSpecification","valueRequired":true,"valueName":"search_term_string"}}],"inLanguage":"es"},{"@type":"Person","@id":"https:\/\/interamerica.org\/es\/#\/schema\/person\/29998f2bc2d8bd0d38662909289b54f1","name":"libna","image":{"@type":"ImageObject","inLanguage":"es","@id":"https:\/\/secure.gravatar.com\/avatar\/7c5bd30ae4b47a9ba3c856590957fd1d96dc588bf3ac05719d247e126840331f?s=96&d=mm&r=g","url":"https:\/\/secure.gravatar.com\/avatar\/7c5bd30ae4b47a9ba3c856590957fd1d96dc588bf3ac05719d247e126840331f?s=96&d=mm&r=g","contentUrl":"https:\/\/secure.gravatar.com\/avatar\/7c5bd30ae4b47a9ba3c856590957fd1d96dc588bf3ac05719d247e126840331f?s=96&d=mm&r=g","caption":"libna"}}]}},"_links":{"self":[{"href":"https:\/\/interamerica.org\/es\/wp-json\/wp\/v2\/posts\/56735","targetHints":{"allow":["GET"]}}],"collection":[{"href":"https:\/\/interamerica.org\/es\/wp-json\/wp\/v2\/posts"}],"about":[{"href":"https:\/\/interamerica.org\/es\/wp-json\/wp\/v2\/types\/post"}],"author":[{"embeddable":true,"href":"https:\/\/interamerica.org\/es\/wp-json\/wp\/v2\/users\/3"}],"replies":[{"embeddable":true,"href":"https:\/\/interamerica.org\/es\/wp-json\/wp\/v2\/comments?post=56735"}],"version-history":[{"count":0,"href":"https:\/\/interamerica.org\/es\/wp-json\/wp\/v2\/posts\/56735\/revisions"}],"wp:featuredmedia":[{"embeddable":true,"href":"https:\/\/interamerica.org\/es\/wp-json\/wp\/v2\/media\/56825"}],"wp:attachment":[{"href":"https:\/\/interamerica.org\/es\/wp-json\/wp\/v2\/media?parent=56735"}],"wp:term":[{"taxonomy":"category","embeddable":true,"href":"https:\/\/interamerica.org\/es\/wp-json\/wp\/v2\/categories?post=56735"},{"taxonomy":"post_tag","embeddable":true,"href":"https:\/\/interamerica.org\/es\/wp-json\/wp\/v2\/tags?post=56735"}],"curies":[{"name":"wp","href":"https:\/\/api.w.org\/{rel}","templated":true}]}}