{"id":56913,"date":"2020-04-01T13:31:07","date_gmt":"2020-04-01T17:31:07","guid":{"rendered":"https:\/\/recursing-golick.147-182-135-0.plesk.page\/?p=56913"},"modified":"2021-02-04T09:22:29","modified_gmt":"2021-02-04T13:22:29","slug":"que-hizo-elena-white-durante-una-pandemia","status":"publish","type":"post","link":"https:\/\/interamerica.org\/es\/2020\/04\/que-hizo-elena-white-durante-una-pandemia\/","title":{"rendered":"\u00bfQu\u00e9 hizo Elena White durante una pandemia?"},"content":{"rendered":"<p>1ro de abril 2020 | Miami, Florida, Estados Unidos | Por: Melchor Ferreyra, Divisi\u00f3n Interamericana<\/p>\n<p>El 13 de agosto de 1894, Elena White le escribe una carta al pastor Haskell en la que expresa su preocupaci\u00f3n profunda por la gente que est\u00e1 muriendo por causa del virus de la gripe (influenza). Ella escribe:<\/p>\n<p>\u201cA trav\u00e9s de toda Nueva Gales del Sur hemos sido examinados y probados con la epidemia de gripe. Casi todas las familias han sido afectadas en las ciudades y pueblos. Hay quienes est\u00e1n muy, muy enfermos. Sus vidas est\u00e1n pendiendo de un hilo. Nosotros oramos por los enfermos, y hacemos lo que podemos financieramente, y despu\u00e9s esperamos el desenlace [\u2026]. En un d\u00eda la semana pasada hubo once funerales [\u2026]. Los ni\u00f1os no parecen sufrir tanto como los adultos y los de edad avanzada. Yo fui atacada severamente, y no he podido asistir a las reuniones por cuatro semanas; pero no me he abandonado a la cama ni siquiera un d\u00eda. He escrito mi n\u00famero de p\u00e1ginas cada d\u00eda, aunque segu\u00ed con los estornudos, y sangrado de nariz. El hermano _____ ha quedado confinado a su cama. Casi todos por aqu\u00ed han sufrido, pero agradezco al Se\u00f1or que estoy mejorando y estoy de buen \u00e1nimo en el Se\u00f1or. Haremos todo lo que podemos en el nombre del Se\u00f1or [\u2026], no tengo que estar desahuciada e indefensa, y gimo y oro al ver a mis hermanos en la aflicci\u00f3n [\u2026]. El pueblo de Dios est\u00e1 siendo probado y examinado; y es mi deseo de ayudarlos a trav\u00e9s de la prueba [\u2026], y al hacerlo que puedan aferrarse a Jes\u00fas m\u00e1s firmemente que nunca.\u201d (<em>Carta 30<\/em>, del 13 de agosto de 1894).<\/p>\n<p>Es importante destacar que, al momento de escribir la carta, Elena White ya ten\u00eda 66 a\u00f1os. Era una persona de alto riesgo, pero su confianza en Dios y su estilo de vida la sostuvieron firme en el momento de la crisis, y sali\u00f3 victoriosa.<\/p>\n<p>Lo que ella aprendi\u00f3 de esta epidemia nos puede ayudar a nosotros ahora en esta pandemia llamada Coronavirus, COVID 19; la pregunta que he escuchado frecuentemente es \u00bfY ahora que podemos hacer? Y la respuesta nos debe llevar a reaccionar de una manera positiva, creativa y con una buena actitud frente a esta crisis.<\/p>\n<p><strong>\u00bfQu\u00e9 podemos hacer?<\/strong><\/p>\n<p>1.\u00a0 Ella nunca se desanim\u00f3 a pesar de la enfermedad; sigui\u00f3 luchando por su familia y los hermanos que pudo ayudar, aferr\u00e1ndose a las promesas del Se\u00f1or. Nosotros tambi\u00e9n debemos expresar esa confianza en el poder protector de Dios en medio de la crisis que nos ha tocado vivir. Debemos recordar que la presencia de Dios nos da valor. \u00c9l nos dice: \u201cNo temas, porque yo estoy contigo; no desmayes, porque yo soy tu Dios que te esfuerzo; siempre te ayudar\u00e9, siempre te sustentar\u00e9 con la diestra de mi justicia\u201d (Isa\u00edas 41:10). Tambi\u00e9n las palabras del ap\u00f3stol Pablo: \u201cQue estamos atribulados en todo, mas no angustiados; en apuros mas no desesperados; perseguidos mas no desamparados; derribados pero no destruidos\u201d (2 Corintios 4:8, 9). Esta situaci\u00f3n nos ha derribado pero no nos ha destruido. Estamos enfrentado luchas y duras pruebas; vendr\u00e1n situaciones m\u00e1s dif\u00edciles, pero Cristo est\u00e1 vivo. \u00c9l es nuestro amparo y fortaleza y aunque pasemos por valle de sombra y de muerte no debemos tener miedo, porque su vara y su cayado nos infundir\u00e1n aliento (Salmos 23). La victoria final es del Se\u00f1or; confiemos en \u00e9l.<\/p>\n<p>2.\u00a0 Elena White no dej\u00f3 de trabajar en su casa; por el contrario, busc\u00f3 un tiempo para cumplir con sus metas. Ella menciona que nunca dej\u00f3 de escribir lo que se hab\u00eda propuesto para cada d\u00eda. Esto es muy bueno, porque reafirma el sentido de misi\u00f3n. No debemos perder el enfoque y debemos buscar la manera de cumplir con nuestras metas, a\u00fan en el encierro. Porque \u201cestamos encerrados, pero no callados;\u201d tenemos una misi\u00f3n que cumplir. En el contexto de la misi\u00f3n Jes\u00fas dijo: \u201cY he aqu\u00ed yo estoy con vosotros todos los d\u00edas, hasta el fin del mundo. Am\u00e9n\u201d (Mateo 28:20)<\/p>\n<p>3.\u00a0 Se mantuvo activa con una buena actitud. Si ella hubiera tenido el privilegio de usar las redes sociales como lo tenemos hoy, estoy seguro que se hubiera mantenido conectada con la iglesia, d\u00e1ndole \u00e1nimo y esperanza al pueblo del Se\u00f1or mediante los medios de comunicaci\u00f3n.<\/p>\n<p>Me imagino que, tal vez, habr\u00eda formado o compartido:<\/p>\n<ul>\n<li>Un grupo peque\u00f1o en l\u00ednea<\/li>\n<li>Un mensaje a la iglesia en las redes sociales<\/li>\n<li>Consejos matutinos para sus seguidores de Facebook<\/li>\n<li>Alguien habr\u00eda grabado una meditaci\u00f3n y la habr\u00eda compartido en las redes sociales<\/li>\n<li style=\"list-style-type: none;\"><\/li>\n<\/ul>\n<p>No se desanime: Hay mucho por hacer y puede lograrlo con un poco de creatividad. En los \u00faltimos d\u00edas, he visto que la iglesia coloca lemas tales como: \u201cLas iglesias est\u00e1n abiertas; los que han cerrado son los edificios;\u201d \u201cLa iglesia est\u00e1 abierta porque la iglesia eres t\u00fa;\u201d \u201cInauguramos la iglesia digital.\u201d Se han incrementado los cultos y servicios de la iglesia en Internet, y m\u00e1s de una congregaci\u00f3n ha usado Zoom como una herramienta de trasmisi\u00f3n.<\/p>\n<p>4. Una actitud de oraci\u00f3n impregnada de confianza en el poder de Dios. En estos momentos debemos confiar en las maravillosas promesas del Se\u00f1or dejadas en su palabra para nosotros. Son miles las promesas de las que nos podemos aferrar. Elena White escribi\u00f3: \u201cAgradezco a Dios que estoy mejorando y estoy de buen \u00e1nimo [\u2026]; la iglesia debe aferrarse de la mano de Jes\u00fas como nunca antes\u201d. Cuando el ap\u00f3stol Pablo era llevado a Roma como prisionero tuvo que enfrentar una terrible tormenta en el mar. La nave soport\u00f3 un fuerte viento llamado Euroclid\u00f3n. Fue en esas circunstancias que dijo tres cosas bien definidas: Hechos 27:23-25:<\/p>\n<ul>\n<li>No teman<\/li>\n<li>No pierdan el \u00e1nimo; tengan esperanza<\/li>\n<li>Tengan una buena actitud; no habr\u00e1 perdidas, porque Dios ha estado y estar\u00e1 con ustedes<\/li>\n<\/ul>\n<p>La confianza del ap\u00f3stol tambi\u00e9n es oportuna para nosotros ahora.<\/p>\n<p>5.\u00a0 No debemos ser extravagantes, ni alarmistas, ni caer en el p\u00e1nico; por el contrario, necesitamos ser positivos al compartir esperanza con la gente que nos ve, nos oye y nos sigue en los diversos medios de comunicaci\u00f3n.<\/p>\n<p>Las reuniones en casa ser\u00e1n cada vez m\u00e1s relevantes para orar, leer la Biblia, confraternizar y testificar. Cuando las restricciones de la cuarentena pasen, nos quedar\u00e1 la experiencia de haber estado en casa. Es preciso que usemos esa experiencia como nuestra plataforma de evangelizaci\u00f3n, para contar a nuestros amigos y vecinos que Cristo viene pronto.<\/p>\n<p>Dios est\u00e1 al control, y necesitamos estar siempre listos para escuchar su voz. \u00e9l nos est\u00e1 hablando; seamos sensibles a su voz.<\/p>\n<p><em>Melchor Ferreyra es director de ministerios personales de la Divisi\u00f3n Interamericana de los Adventistas del S\u00e9ptimo D\u00eda.<\/em><\/p>\n","protected":false},"excerpt":{"rendered":"<p>1ro de abril 2020 | Miami, Florida, Estados Unidos | Por: Melchor Ferreyra, Divisi\u00f3n Interamericana El 13 de agosto de 1894, Elena White le escribe una carta al pastor Haskell&#8230;<\/p>\n","protected":false},"author":3,"featured_media":56910,"comment_status":"open","ping_status":"closed","sticky":false,"template":"","format":"standard","meta":{"_acf_changed":false,"footnotes":""},"categories":[16,15],"tags":[],"class_list":["post-56913","post","type-post","status-publish","format-standard","has-post-thumbnail","hentry","category-desde-la-sede","category-rss-espanol"],"acf":[],"yoast_head":"<!-- This site is optimized with the Yoast SEO plugin v27.3 - https:\/\/yoast.com\/product\/yoast-seo-wordpress\/ -->\n<title>\u00bfQu\u00e9 hizo Elena White durante una pandemia? - Iglesia Adventista del S\u00e9ptimo D\u00eda - Divisi\u00f3n Interamericana<\/title>\n<meta name=\"robots\" content=\"index, follow, max-snippet:-1, max-image-preview:large, max-video-preview:-1\" \/>\n<link rel=\"canonical\" href=\"https:\/\/interamerica.org\/es\/2020\/04\/que-hizo-elena-white-durante-una-pandemia\/\" \/>\n<meta property=\"og:locale\" content=\"es_ES\" \/>\n<meta property=\"og:type\" content=\"article\" \/>\n<meta property=\"og:title\" content=\"\u00bfQu\u00e9 hizo Elena White durante una pandemia? - Iglesia Adventista del S\u00e9ptimo D\u00eda - Divisi\u00f3n Interamericana\" \/>\n<meta property=\"og:description\" content=\"1ro de abril 2020 | Miami, Florida, Estados Unidos | Por: Melchor Ferreyra, Divisi\u00f3n Interamericana El 13 de agosto de 1894, Elena White le escribe una carta al pastor Haskell...\" \/>\n<meta property=\"og:url\" content=\"https:\/\/interamerica.org\/es\/2020\/04\/que-hizo-elena-white-durante-una-pandemia\/\" \/>\n<meta property=\"og:site_name\" content=\"Iglesia Adventista del S\u00e9ptimo D\u00eda - Divisi\u00f3n Interamericana\" \/>\n<meta property=\"article:published_time\" content=\"2020-04-01T17:31:07+00:00\" \/>\n<meta property=\"article:modified_time\" content=\"2021-02-04T13:22:29+00:00\" \/>\n<meta property=\"og:image\" content=\"https:\/\/interamerica.org\/wp-content\/uploads\/2020\/04\/writing-green-chameleon-s9cc2skysjm-unsplash.jpg\" \/>\n\t<meta property=\"og:image:width\" content=\"1280\" \/>\n\t<meta property=\"og:image:height\" content=\"800\" \/>\n\t<meta property=\"og:image:type\" content=\"image\/jpeg\" \/>\n<meta name=\"author\" content=\"libna\" \/>\n<meta name=\"twitter:card\" content=\"summary_large_image\" \/>\n<meta name=\"twitter:label1\" content=\"Escrito por\" \/>\n\t<meta name=\"twitter:data1\" content=\"libna\" \/>\n\t<meta name=\"twitter:label2\" content=\"Tiempo de lectura\" \/>\n\t<meta name=\"twitter:data2\" content=\"6 minutos\" \/>\n<script type=\"application\/ld+json\" class=\"yoast-schema-graph\">{\"@context\":\"https:\\\/\\\/schema.org\",\"@graph\":[{\"@type\":\"Article\",\"@id\":\"https:\\\/\\\/interamerica.org\\\/es\\\/2020\\\/04\\\/que-hizo-elena-white-durante-una-pandemia\\\/#article\",\"isPartOf\":{\"@id\":\"https:\\\/\\\/interamerica.org\\\/es\\\/2020\\\/04\\\/que-hizo-elena-white-durante-una-pandemia\\\/\"},\"author\":{\"name\":\"libna\",\"@id\":\"https:\\\/\\\/interamerica.org\\\/es\\\/#\\\/schema\\\/person\\\/29998f2bc2d8bd0d38662909289b54f1\"},\"headline\":\"\u00bfQu\u00e9 hizo Elena White durante una pandemia?\",\"datePublished\":\"2020-04-01T17:31:07+00:00\",\"dateModified\":\"2021-02-04T13:22:29+00:00\",\"mainEntityOfPage\":{\"@id\":\"https:\\\/\\\/interamerica.org\\\/es\\\/2020\\\/04\\\/que-hizo-elena-white-durante-una-pandemia\\\/\"},\"wordCount\":1160,\"commentCount\":0,\"image\":{\"@id\":\"https:\\\/\\\/interamerica.org\\\/es\\\/2020\\\/04\\\/que-hizo-elena-white-durante-una-pandemia\\\/#primaryimage\"},\"thumbnailUrl\":\"https:\\\/\\\/interamerica.org\\\/wp-content\\\/uploads\\\/2020\\\/04\\\/writing-green-chameleon-s9cc2skysjm-unsplash.jpg\",\"articleSection\":[\"Desde la sede\",\"RSS Espa\u00f1ol\"],\"inLanguage\":\"es\",\"potentialAction\":[{\"@type\":\"CommentAction\",\"name\":\"Comment\",\"target\":[\"https:\\\/\\\/interamerica.org\\\/es\\\/2020\\\/04\\\/que-hizo-elena-white-durante-una-pandemia\\\/#respond\"]}]},{\"@type\":\"WebPage\",\"@id\":\"https:\\\/\\\/interamerica.org\\\/es\\\/2020\\\/04\\\/que-hizo-elena-white-durante-una-pandemia\\\/\",\"url\":\"https:\\\/\\\/interamerica.org\\\/es\\\/2020\\\/04\\\/que-hizo-elena-white-durante-una-pandemia\\\/\",\"name\":\"\u00bfQu\u00e9 hizo Elena White durante una pandemia? - Iglesia Adventista del S\u00e9ptimo D\u00eda - Divisi\u00f3n Interamericana\",\"isPartOf\":{\"@id\":\"https:\\\/\\\/interamerica.org\\\/es\\\/#website\"},\"primaryImageOfPage\":{\"@id\":\"https:\\\/\\\/interamerica.org\\\/es\\\/2020\\\/04\\\/que-hizo-elena-white-durante-una-pandemia\\\/#primaryimage\"},\"image\":{\"@id\":\"https:\\\/\\\/interamerica.org\\\/es\\\/2020\\\/04\\\/que-hizo-elena-white-durante-una-pandemia\\\/#primaryimage\"},\"thumbnailUrl\":\"https:\\\/\\\/interamerica.org\\\/wp-content\\\/uploads\\\/2020\\\/04\\\/writing-green-chameleon-s9cc2skysjm-unsplash.jpg\",\"datePublished\":\"2020-04-01T17:31:07+00:00\",\"dateModified\":\"2021-02-04T13:22:29+00:00\",\"author\":{\"@id\":\"https:\\\/\\\/interamerica.org\\\/es\\\/#\\\/schema\\\/person\\\/29998f2bc2d8bd0d38662909289b54f1\"},\"breadcrumb\":{\"@id\":\"https:\\\/\\\/interamerica.org\\\/es\\\/2020\\\/04\\\/que-hizo-elena-white-durante-una-pandemia\\\/#breadcrumb\"},\"inLanguage\":\"es\",\"potentialAction\":[{\"@type\":\"ReadAction\",\"target\":[\"https:\\\/\\\/interamerica.org\\\/es\\\/2020\\\/04\\\/que-hizo-elena-white-durante-una-pandemia\\\/\"]}]},{\"@type\":\"ImageObject\",\"inLanguage\":\"es\",\"@id\":\"https:\\\/\\\/interamerica.org\\\/es\\\/2020\\\/04\\\/que-hizo-elena-white-durante-una-pandemia\\\/#primaryimage\",\"url\":\"https:\\\/\\\/interamerica.org\\\/wp-content\\\/uploads\\\/2020\\\/04\\\/writing-green-chameleon-s9cc2skysjm-unsplash.jpg\",\"contentUrl\":\"https:\\\/\\\/interamerica.org\\\/wp-content\\\/uploads\\\/2020\\\/04\\\/writing-green-chameleon-s9cc2skysjm-unsplash.jpg\",\"width\":1280,\"height\":800},{\"@type\":\"BreadcrumbList\",\"@id\":\"https:\\\/\\\/interamerica.org\\\/es\\\/2020\\\/04\\\/que-hizo-elena-white-durante-una-pandemia\\\/#breadcrumb\",\"itemListElement\":[{\"@type\":\"ListItem\",\"position\":1,\"name\":\"Home\",\"item\":\"https:\\\/\\\/interamerica.org\\\/es\\\/\"},{\"@type\":\"ListItem\",\"position\":2,\"name\":\"\u00bfQu\u00e9 hizo Elena White durante una pandemia?\"}]},{\"@type\":\"WebSite\",\"@id\":\"https:\\\/\\\/interamerica.org\\\/es\\\/#website\",\"url\":\"https:\\\/\\\/interamerica.org\\\/es\\\/\",\"name\":\"Iglesia Adventista del S\u00e9ptimo D\u00eda - Divisi\u00f3n Interamericana\",\"description\":\"\",\"potentialAction\":[{\"@type\":\"SearchAction\",\"target\":{\"@type\":\"EntryPoint\",\"urlTemplate\":\"https:\\\/\\\/interamerica.org\\\/es\\\/?s={search_term_string}\"},\"query-input\":{\"@type\":\"PropertyValueSpecification\",\"valueRequired\":true,\"valueName\":\"search_term_string\"}}],\"inLanguage\":\"es\"},{\"@type\":\"Person\",\"@id\":\"https:\\\/\\\/interamerica.org\\\/es\\\/#\\\/schema\\\/person\\\/29998f2bc2d8bd0d38662909289b54f1\",\"name\":\"libna\",\"image\":{\"@type\":\"ImageObject\",\"inLanguage\":\"es\",\"@id\":\"https:\\\/\\\/secure.gravatar.com\\\/avatar\\\/7c5bd30ae4b47a9ba3c856590957fd1d96dc588bf3ac05719d247e126840331f?s=96&d=mm&r=g\",\"url\":\"https:\\\/\\\/secure.gravatar.com\\\/avatar\\\/7c5bd30ae4b47a9ba3c856590957fd1d96dc588bf3ac05719d247e126840331f?s=96&d=mm&r=g\",\"contentUrl\":\"https:\\\/\\\/secure.gravatar.com\\\/avatar\\\/7c5bd30ae4b47a9ba3c856590957fd1d96dc588bf3ac05719d247e126840331f?s=96&d=mm&r=g\",\"caption\":\"libna\"}}]}<\/script>\n<!-- \/ Yoast SEO plugin. -->","yoast_head_json":{"title":"\u00bfQu\u00e9 hizo Elena White durante una pandemia? - Iglesia Adventista del S\u00e9ptimo D\u00eda - Divisi\u00f3n Interamericana","robots":{"index":"index","follow":"follow","max-snippet":"max-snippet:-1","max-image-preview":"max-image-preview:large","max-video-preview":"max-video-preview:-1"},"canonical":"https:\/\/interamerica.org\/es\/2020\/04\/que-hizo-elena-white-durante-una-pandemia\/","og_locale":"es_ES","og_type":"article","og_title":"\u00bfQu\u00e9 hizo Elena White durante una pandemia? - Iglesia Adventista del S\u00e9ptimo D\u00eda - Divisi\u00f3n Interamericana","og_description":"1ro de abril 2020 | Miami, Florida, Estados Unidos | Por: Melchor Ferreyra, Divisi\u00f3n Interamericana El 13 de agosto de 1894, Elena White le escribe una carta al pastor Haskell...","og_url":"https:\/\/interamerica.org\/es\/2020\/04\/que-hizo-elena-white-durante-una-pandemia\/","og_site_name":"Iglesia Adventista del S\u00e9ptimo D\u00eda - Divisi\u00f3n Interamericana","article_published_time":"2020-04-01T17:31:07+00:00","article_modified_time":"2021-02-04T13:22:29+00:00","og_image":[{"width":1280,"height":800,"url":"https:\/\/interamerica.org\/wp-content\/uploads\/2020\/04\/writing-green-chameleon-s9cc2skysjm-unsplash.jpg","type":"image\/jpeg"}],"author":"libna","twitter_card":"summary_large_image","twitter_misc":{"Escrito por":"libna","Tiempo de lectura":"6 minutos"},"schema":{"@context":"https:\/\/schema.org","@graph":[{"@type":"Article","@id":"https:\/\/interamerica.org\/es\/2020\/04\/que-hizo-elena-white-durante-una-pandemia\/#article","isPartOf":{"@id":"https:\/\/interamerica.org\/es\/2020\/04\/que-hizo-elena-white-durante-una-pandemia\/"},"author":{"name":"libna","@id":"https:\/\/interamerica.org\/es\/#\/schema\/person\/29998f2bc2d8bd0d38662909289b54f1"},"headline":"\u00bfQu\u00e9 hizo Elena White durante una pandemia?","datePublished":"2020-04-01T17:31:07+00:00","dateModified":"2021-02-04T13:22:29+00:00","mainEntityOfPage":{"@id":"https:\/\/interamerica.org\/es\/2020\/04\/que-hizo-elena-white-durante-una-pandemia\/"},"wordCount":1160,"commentCount":0,"image":{"@id":"https:\/\/interamerica.org\/es\/2020\/04\/que-hizo-elena-white-durante-una-pandemia\/#primaryimage"},"thumbnailUrl":"https:\/\/interamerica.org\/wp-content\/uploads\/2020\/04\/writing-green-chameleon-s9cc2skysjm-unsplash.jpg","articleSection":["Desde la sede","RSS Espa\u00f1ol"],"inLanguage":"es","potentialAction":[{"@type":"CommentAction","name":"Comment","target":["https:\/\/interamerica.org\/es\/2020\/04\/que-hizo-elena-white-durante-una-pandemia\/#respond"]}]},{"@type":"WebPage","@id":"https:\/\/interamerica.org\/es\/2020\/04\/que-hizo-elena-white-durante-una-pandemia\/","url":"https:\/\/interamerica.org\/es\/2020\/04\/que-hizo-elena-white-durante-una-pandemia\/","name":"\u00bfQu\u00e9 hizo Elena White durante una pandemia? - Iglesia Adventista del S\u00e9ptimo D\u00eda - Divisi\u00f3n Interamericana","isPartOf":{"@id":"https:\/\/interamerica.org\/es\/#website"},"primaryImageOfPage":{"@id":"https:\/\/interamerica.org\/es\/2020\/04\/que-hizo-elena-white-durante-una-pandemia\/#primaryimage"},"image":{"@id":"https:\/\/interamerica.org\/es\/2020\/04\/que-hizo-elena-white-durante-una-pandemia\/#primaryimage"},"thumbnailUrl":"https:\/\/interamerica.org\/wp-content\/uploads\/2020\/04\/writing-green-chameleon-s9cc2skysjm-unsplash.jpg","datePublished":"2020-04-01T17:31:07+00:00","dateModified":"2021-02-04T13:22:29+00:00","author":{"@id":"https:\/\/interamerica.org\/es\/#\/schema\/person\/29998f2bc2d8bd0d38662909289b54f1"},"breadcrumb":{"@id":"https:\/\/interamerica.org\/es\/2020\/04\/que-hizo-elena-white-durante-una-pandemia\/#breadcrumb"},"inLanguage":"es","potentialAction":[{"@type":"ReadAction","target":["https:\/\/interamerica.org\/es\/2020\/04\/que-hizo-elena-white-durante-una-pandemia\/"]}]},{"@type":"ImageObject","inLanguage":"es","@id":"https:\/\/interamerica.org\/es\/2020\/04\/que-hizo-elena-white-durante-una-pandemia\/#primaryimage","url":"https:\/\/interamerica.org\/wp-content\/uploads\/2020\/04\/writing-green-chameleon-s9cc2skysjm-unsplash.jpg","contentUrl":"https:\/\/interamerica.org\/wp-content\/uploads\/2020\/04\/writing-green-chameleon-s9cc2skysjm-unsplash.jpg","width":1280,"height":800},{"@type":"BreadcrumbList","@id":"https:\/\/interamerica.org\/es\/2020\/04\/que-hizo-elena-white-durante-una-pandemia\/#breadcrumb","itemListElement":[{"@type":"ListItem","position":1,"name":"Home","item":"https:\/\/interamerica.org\/es\/"},{"@type":"ListItem","position":2,"name":"\u00bfQu\u00e9 hizo Elena White durante una pandemia?"}]},{"@type":"WebSite","@id":"https:\/\/interamerica.org\/es\/#website","url":"https:\/\/interamerica.org\/es\/","name":"Iglesia Adventista del S\u00e9ptimo D\u00eda - Divisi\u00f3n Interamericana","description":"","potentialAction":[{"@type":"SearchAction","target":{"@type":"EntryPoint","urlTemplate":"https:\/\/interamerica.org\/es\/?s={search_term_string}"},"query-input":{"@type":"PropertyValueSpecification","valueRequired":true,"valueName":"search_term_string"}}],"inLanguage":"es"},{"@type":"Person","@id":"https:\/\/interamerica.org\/es\/#\/schema\/person\/29998f2bc2d8bd0d38662909289b54f1","name":"libna","image":{"@type":"ImageObject","inLanguage":"es","@id":"https:\/\/secure.gravatar.com\/avatar\/7c5bd30ae4b47a9ba3c856590957fd1d96dc588bf3ac05719d247e126840331f?s=96&d=mm&r=g","url":"https:\/\/secure.gravatar.com\/avatar\/7c5bd30ae4b47a9ba3c856590957fd1d96dc588bf3ac05719d247e126840331f?s=96&d=mm&r=g","contentUrl":"https:\/\/secure.gravatar.com\/avatar\/7c5bd30ae4b47a9ba3c856590957fd1d96dc588bf3ac05719d247e126840331f?s=96&d=mm&r=g","caption":"libna"}}]}},"_links":{"self":[{"href":"https:\/\/interamerica.org\/es\/wp-json\/wp\/v2\/posts\/56913","targetHints":{"allow":["GET"]}}],"collection":[{"href":"https:\/\/interamerica.org\/es\/wp-json\/wp\/v2\/posts"}],"about":[{"href":"https:\/\/interamerica.org\/es\/wp-json\/wp\/v2\/types\/post"}],"author":[{"embeddable":true,"href":"https:\/\/interamerica.org\/es\/wp-json\/wp\/v2\/users\/3"}],"replies":[{"embeddable":true,"href":"https:\/\/interamerica.org\/es\/wp-json\/wp\/v2\/comments?post=56913"}],"version-history":[{"count":0,"href":"https:\/\/interamerica.org\/es\/wp-json\/wp\/v2\/posts\/56913\/revisions"}],"wp:featuredmedia":[{"embeddable":true,"href":"https:\/\/interamerica.org\/es\/wp-json\/wp\/v2\/media\/56910"}],"wp:attachment":[{"href":"https:\/\/interamerica.org\/es\/wp-json\/wp\/v2\/media?parent=56913"}],"wp:term":[{"taxonomy":"category","embeddable":true,"href":"https:\/\/interamerica.org\/es\/wp-json\/wp\/v2\/categories?post=56913"},{"taxonomy":"post_tag","embeddable":true,"href":"https:\/\/interamerica.org\/es\/wp-json\/wp\/v2\/tags?post=56913"}],"curies":[{"name":"wp","href":"https:\/\/api.w.org\/{rel}","templated":true}]}}