{"id":57078,"date":"2020-04-06T11:14:13","date_gmt":"2020-04-06T15:14:13","guid":{"rendered":"https:\/\/recursing-golick.147-182-135-0.plesk.page\/?p=57078"},"modified":"2020-04-06T21:04:38","modified_gmt":"2020-04-07T01:04:38","slug":"en-espana-voluntarios-ayudan-a-imprimir-y-distribuir-protectores-faciales","status":"publish","type":"post","link":"https:\/\/interamerica.org\/es\/2020\/04\/en-espana-voluntarios-ayudan-a-imprimir-y-distribuir-protectores-faciales\/","title":{"rendered":"En Espa\u00f1a, voluntarios ayudan a imprimir y distribuir protectores faciales"},"content":{"rendered":"<p><span class=\"byline-news\">3 de abril de 2020 | Valencia, Espa\u00f1a | Por: Marcos Paseggi, <\/span><em><span class=\"byline-news\">Adventist Review<\/span><\/em><\/p>\n<p><span class=\"cap\">Un grupo de personas que colaboran como voluntarias para la Agencia Adventista de Desarrollo y Recursos Asistenciales (ADRA) en Espa\u00f1a y un grupo reci\u00e9n formado denominado \u201cCovidmakers\u201d est\u00e1n usando impresoras y tecnolog\u00eda de 3D para fabricar protectores faciales (tambi\u00e9n llamados protectores de rostro), que est\u00e1n donando a los hospitales de la zona, instituciones de salud y residencias de ancianos en Camp de Morvedre, Valencia.<\/span><\/p>\n<p>Seg\u00fan una publicaci\u00f3n en l\u00ednea de la <em>Revista Adventista Espa\u00f1a<\/em> del 31 de marzo de 2020, los l\u00edderes locales de ADRA informaron que desde el 26 de marzo, los voluntarios han distribuido los primeros 220 protectores faciales a diversas instituciones, lo que incluye el Hospital de Sagunto, cerca del Centro Educativo Adventista de Sagunto.<\/p>\n<p>Los voluntarios que trabajan en el proyecto compartieron que han estado fabricando dos tipos diferentes de protectores faciales, uno que es m\u00e1s simple y otro de calidad superior, para que lo usen los trabajadores de salud en puestos de riesgo que est\u00e1n luchando contra el COVID-19. Se fabrican marcos b\u00e1sicos mediante impresoras de 3D, y entonces los protectores son ensamblados por el mismo grupo, dijeron los l\u00edderes. Los voluntarios tambi\u00e9n distribuyen los protectores en instituciones de salud locales.<\/p>\n<p><div id=\"attachment_57072\" style=\"width: 809px\" class=\"wp-caption aligncenter\"><img fetchpriority=\"high\" decoding=\"async\" aria-describedby=\"caption-attachment-57072\" class=\" wp-image-57070\" src=\"https:\/\/recursing-golick.147-182-135-0.plesk.page\/wp-content\/uploads\/2020\/04\/spain-masks1.jpeg\" alt=\"\" width=\"799\" height=\"449\" srcset=\"https:\/\/interamerica.org\/wp-content\/uploads\/2020\/04\/spain-masks1.jpeg 1000w, https:\/\/interamerica.org\/wp-content\/uploads\/2020\/04\/spain-masks1-300x169.jpeg 300w, https:\/\/interamerica.org\/wp-content\/uploads\/2020\/04\/spain-masks1-768x432.jpeg 768w\" sizes=\"(max-width: 799px) 100vw, 799px\" \/><p id=\"caption-attachment-57072\" class=\"wp-caption-text\">Un profesional de la salud sonr\u00ede detr\u00e1s de su m\u00e1scara despu\u00e9s de recibir decenas de protectores faciales fabricados por voluntarios, que ser\u00e1n distribuidos entre los obreros de salud que trabajan en las primeras l\u00edneas de instituciones de salud en Camp de Montvedre, Valencia, Espa\u00f1a. [Fotograf\u00eda: Pedro Llorca, ADRA Camp de Montvedre]<\/p><\/div>\u201cLas personas que trabajan en las instituciones de salud reciben un protector facial, aun si no trabajan directamente con pacientes afectados por el COVID-19\u201d, informaron los coordinadores del proyecto. \u201cSe distribuyeron protectores faciales simples a personas que trabajan en administraci\u00f3n o puestos generales de enfermer\u00eda o triaje. Tambi\u00e9n se enviaron protectores de mayor calidad a los especialistas en endoscop\u00eda, a los que trabajan en unidades de terapia o cuidados intensivos, y a los m\u00e9dicos neumon\u00f3logos\u201d.<\/p>\n<p>Hay voluntarios que tambi\u00e9n est\u00e1n trabajando para adaptar m\u00e1scaras de buceo, que esperan puedan ser usadas por los pacientes cuya condici\u00f3n no es tan severa. Otras personas de las comunidades cercanas est\u00e1n cosiendo batas y gorras de hospital.<\/p>\n<p>\u201cPedimos a todo aquel que pueda contribuir con art\u00edculos b\u00e1sicos o asistencia log\u00edstica a que por favor se contacte con nuestra sede local para ello\u201d, dijeron los l\u00edderes de ADRA. \u201cTambi\u00e9n se necesita ayuda para emsamblar los protectores, y se invita a los voluntarios para que se acerquen a ofrecer su ayuda\u201d, a\u00f1adieron.<\/p>\n<p><strong>Otros proyectos<\/strong><\/p>\n<p>Varias horas al sudoeste de Sagunto, en la ciudad de El Puerto, C\u00e1diz, la sede local de ADRA est\u00e1 trabajando junto con el gobierno local para brindar refugio y servicios esenciales a las personas sin techo de la ciudad. Hay voluntarios que tambi\u00e9n est\u00e1n distribuyendo alimentos a los necesitados.<\/p>\n<p><div id=\"attachment_57075\" style=\"width: 722px\" class=\"wp-caption aligncenter\"><img decoding=\"async\" aria-describedby=\"caption-attachment-57075\" class=\" wp-image-57073\" src=\"https:\/\/recursing-golick.147-182-135-0.plesk.page\/wp-content\/uploads\/2020\/04\/spain-masks2.jpeg\" alt=\"\" width=\"712\" height=\"672\" srcset=\"https:\/\/interamerica.org\/wp-content\/uploads\/2020\/04\/spain-masks2.jpeg 1000w, https:\/\/interamerica.org\/wp-content\/uploads\/2020\/04\/spain-masks2-300x283.jpeg 300w, https:\/\/interamerica.org\/wp-content\/uploads\/2020\/04\/spain-masks2-768x725.jpeg 768w\" sizes=\"(max-width: 712px) 100vw, 712px\" \/><p id=\"caption-attachment-57075\" class=\"wp-caption-text\">Voluntarios ayudan a ensamblar protectores faciales que ser\u00e1n distribuidos en instituciones de salud cercanas y residencias de ancianos de Camp de Montvedre, Valencia, Espa\u00f1a. Voluntarios de ADRA, entre otros, est\u00e1n fabricando marcos b\u00e1sicos usando impresoras y tecnolog\u00eda 3D. [Fotograf\u00eda: Pedro Llorca, ADRA Camp de Montvedre]<\/p><\/div>Carmen Lara, coordinadora de servicios sociales de la ciudad, agradeci\u00f3 p\u00fablicamente a ADRA por el apoyo de la agencia que, dijo, les permitir\u00e1 abrir muy pronto un nuevo refugio para las personas sin techo.<\/p>\n<p>Los l\u00edderes locales de ADRA informaron que las personas sin techo y los menos privilegiados tendr\u00e1n acceso a duchas calientes, un lugar donde pasar la noche, y tres platos de comida por d\u00eda.<\/p>\n<p>Las instalaciones de la municipalidad que est\u00e1n siendo adaptadas para albergar a las personas sin techo hab\u00edan usada por ADRA para almacenar los alimentos que suelen distribuir entre las familias locales necesitadas.<\/p>\n<p>Los l\u00edderes de ADRA informaron que trasladar\u00e1n los alimentos almacenados a otro edificio y que el gobierno de la ciudad cubrir\u00e1 los costos relacionados con ese traslado.<\/p>\n<p>\u201cDesde nuestra nueva direcci\u00f3n, seguiremos distribuyendo bolsas de alimentos a las familias necesitadas\u201d, expresaron.<\/p>\n<p>Pedro Llorca y Esther Az\u00f3n colaboraron con este informe.<\/p>\n<p>Traducci\u00f3n de Marcos Paseggi<\/p>\n","protected":false},"excerpt":{"rendered":"<p>3 de abril de 2020 | Valencia, Espa\u00f1a | Por: Marcos Paseggi, Adventist Review Un grupo de personas que colaboran como voluntarias para la Agencia Adventista de Desarrollo y Recursos&#8230;<\/p>\n","protected":false},"author":3,"featured_media":57069,"comment_status":"open","ping_status":"closed","sticky":false,"template":"","format":"standard","meta":{"_acf_changed":false,"footnotes":""},"categories":[14,15],"tags":[],"class_list":["post-57078","post","type-post","status-publish","format-standard","has-post-thumbnail","hentry","category-de-la-iglesia-mundial","category-rss-espanol"],"acf":[],"yoast_head":"<!-- This site is optimized with the Yoast SEO plugin v27.3 - https:\/\/yoast.com\/product\/yoast-seo-wordpress\/ -->\n<title>En Espa\u00f1a, voluntarios ayudan a imprimir y distribuir protectores faciales - Iglesia Adventista del S\u00e9ptimo D\u00eda - Divisi\u00f3n Interamericana<\/title>\n<meta name=\"robots\" content=\"index, follow, max-snippet:-1, max-image-preview:large, max-video-preview:-1\" \/>\n<link rel=\"canonical\" href=\"https:\/\/interamerica.org\/es\/2020\/04\/en-espana-voluntarios-ayudan-a-imprimir-y-distribuir-protectores-faciales\/\" \/>\n<meta property=\"og:locale\" content=\"es_ES\" \/>\n<meta property=\"og:type\" content=\"article\" \/>\n<meta property=\"og:title\" content=\"En Espa\u00f1a, voluntarios ayudan a imprimir y distribuir protectores faciales - Iglesia Adventista del S\u00e9ptimo D\u00eda - Divisi\u00f3n Interamericana\" \/>\n<meta property=\"og:description\" content=\"3 de abril de 2020 | Valencia, Espa\u00f1a | Por: Marcos Paseggi, Adventist Review Un grupo de personas que colaboran como voluntarias para la Agencia Adventista de Desarrollo y Recursos...\" \/>\n<meta property=\"og:url\" content=\"https:\/\/interamerica.org\/es\/2020\/04\/en-espana-voluntarios-ayudan-a-imprimir-y-distribuir-protectores-faciales\/\" \/>\n<meta property=\"og:site_name\" content=\"Iglesia Adventista del S\u00e9ptimo D\u00eda - Divisi\u00f3n Interamericana\" \/>\n<meta property=\"article:published_time\" content=\"2020-04-06T15:14:13+00:00\" \/>\n<meta property=\"article:modified_time\" content=\"2020-04-07T01:04:38+00:00\" \/>\n<meta property=\"og:image\" content=\"https:\/\/interamerica.org\/wp-content\/uploads\/2020\/04\/in-spain-volunteers-help-to-print-and-deliver-face-shields-1280.jpg\" \/>\n\t<meta property=\"og:image:width\" content=\"1280\" \/>\n\t<meta property=\"og:image:height\" content=\"800\" \/>\n\t<meta property=\"og:image:type\" content=\"image\/jpeg\" \/>\n<meta name=\"author\" content=\"libna\" \/>\n<meta name=\"twitter:card\" content=\"summary_large_image\" \/>\n<meta name=\"twitter:label1\" content=\"Escrito por\" \/>\n\t<meta name=\"twitter:data1\" content=\"libna\" \/>\n\t<meta name=\"twitter:label2\" content=\"Tiempo de lectura\" \/>\n\t<meta name=\"twitter:data2\" content=\"4 minutos\" \/>\n<script type=\"application\/ld+json\" class=\"yoast-schema-graph\">{\"@context\":\"https:\\\/\\\/schema.org\",\"@graph\":[{\"@type\":\"Article\",\"@id\":\"https:\\\/\\\/interamerica.org\\\/es\\\/2020\\\/04\\\/en-espana-voluntarios-ayudan-a-imprimir-y-distribuir-protectores-faciales\\\/#article\",\"isPartOf\":{\"@id\":\"https:\\\/\\\/interamerica.org\\\/es\\\/2020\\\/04\\\/en-espana-voluntarios-ayudan-a-imprimir-y-distribuir-protectores-faciales\\\/\"},\"author\":{\"name\":\"libna\",\"@id\":\"https:\\\/\\\/interamerica.org\\\/es\\\/#\\\/schema\\\/person\\\/29998f2bc2d8bd0d38662909289b54f1\"},\"headline\":\"En Espa\u00f1a, voluntarios ayudan a imprimir y distribuir protectores faciales\",\"datePublished\":\"2020-04-06T15:14:13+00:00\",\"dateModified\":\"2020-04-07T01:04:38+00:00\",\"mainEntityOfPage\":{\"@id\":\"https:\\\/\\\/interamerica.org\\\/es\\\/2020\\\/04\\\/en-espana-voluntarios-ayudan-a-imprimir-y-distribuir-protectores-faciales\\\/\"},\"wordCount\":755,\"commentCount\":0,\"image\":{\"@id\":\"https:\\\/\\\/interamerica.org\\\/es\\\/2020\\\/04\\\/en-espana-voluntarios-ayudan-a-imprimir-y-distribuir-protectores-faciales\\\/#primaryimage\"},\"thumbnailUrl\":\"https:\\\/\\\/interamerica.org\\\/wp-content\\\/uploads\\\/2020\\\/04\\\/in-spain-volunteers-help-to-print-and-deliver-face-shields-1280.jpg\",\"articleSection\":[\"Desde la iglesia mundial\",\"RSS Espa\u00f1ol\"],\"inLanguage\":\"es\",\"potentialAction\":[{\"@type\":\"CommentAction\",\"name\":\"Comment\",\"target\":[\"https:\\\/\\\/interamerica.org\\\/es\\\/2020\\\/04\\\/en-espana-voluntarios-ayudan-a-imprimir-y-distribuir-protectores-faciales\\\/#respond\"]}]},{\"@type\":\"WebPage\",\"@id\":\"https:\\\/\\\/interamerica.org\\\/es\\\/2020\\\/04\\\/en-espana-voluntarios-ayudan-a-imprimir-y-distribuir-protectores-faciales\\\/\",\"url\":\"https:\\\/\\\/interamerica.org\\\/es\\\/2020\\\/04\\\/en-espana-voluntarios-ayudan-a-imprimir-y-distribuir-protectores-faciales\\\/\",\"name\":\"En Espa\u00f1a, voluntarios ayudan a imprimir y distribuir protectores faciales - Iglesia Adventista del S\u00e9ptimo D\u00eda - Divisi\u00f3n Interamericana\",\"isPartOf\":{\"@id\":\"https:\\\/\\\/interamerica.org\\\/es\\\/#website\"},\"primaryImageOfPage\":{\"@id\":\"https:\\\/\\\/interamerica.org\\\/es\\\/2020\\\/04\\\/en-espana-voluntarios-ayudan-a-imprimir-y-distribuir-protectores-faciales\\\/#primaryimage\"},\"image\":{\"@id\":\"https:\\\/\\\/interamerica.org\\\/es\\\/2020\\\/04\\\/en-espana-voluntarios-ayudan-a-imprimir-y-distribuir-protectores-faciales\\\/#primaryimage\"},\"thumbnailUrl\":\"https:\\\/\\\/interamerica.org\\\/wp-content\\\/uploads\\\/2020\\\/04\\\/in-spain-volunteers-help-to-print-and-deliver-face-shields-1280.jpg\",\"datePublished\":\"2020-04-06T15:14:13+00:00\",\"dateModified\":\"2020-04-07T01:04:38+00:00\",\"author\":{\"@id\":\"https:\\\/\\\/interamerica.org\\\/es\\\/#\\\/schema\\\/person\\\/29998f2bc2d8bd0d38662909289b54f1\"},\"breadcrumb\":{\"@id\":\"https:\\\/\\\/interamerica.org\\\/es\\\/2020\\\/04\\\/en-espana-voluntarios-ayudan-a-imprimir-y-distribuir-protectores-faciales\\\/#breadcrumb\"},\"inLanguage\":\"es\",\"potentialAction\":[{\"@type\":\"ReadAction\",\"target\":[\"https:\\\/\\\/interamerica.org\\\/es\\\/2020\\\/04\\\/en-espana-voluntarios-ayudan-a-imprimir-y-distribuir-protectores-faciales\\\/\"]}]},{\"@type\":\"ImageObject\",\"inLanguage\":\"es\",\"@id\":\"https:\\\/\\\/interamerica.org\\\/es\\\/2020\\\/04\\\/en-espana-voluntarios-ayudan-a-imprimir-y-distribuir-protectores-faciales\\\/#primaryimage\",\"url\":\"https:\\\/\\\/interamerica.org\\\/wp-content\\\/uploads\\\/2020\\\/04\\\/in-spain-volunteers-help-to-print-and-deliver-face-shields-1280.jpg\",\"contentUrl\":\"https:\\\/\\\/interamerica.org\\\/wp-content\\\/uploads\\\/2020\\\/04\\\/in-spain-volunteers-help-to-print-and-deliver-face-shields-1280.jpg\",\"width\":1280,\"height\":800},{\"@type\":\"BreadcrumbList\",\"@id\":\"https:\\\/\\\/interamerica.org\\\/es\\\/2020\\\/04\\\/en-espana-voluntarios-ayudan-a-imprimir-y-distribuir-protectores-faciales\\\/#breadcrumb\",\"itemListElement\":[{\"@type\":\"ListItem\",\"position\":1,\"name\":\"Home\",\"item\":\"https:\\\/\\\/interamerica.org\\\/es\\\/\"},{\"@type\":\"ListItem\",\"position\":2,\"name\":\"En Espa\u00f1a, voluntarios ayudan a imprimir y distribuir protectores faciales\"}]},{\"@type\":\"WebSite\",\"@id\":\"https:\\\/\\\/interamerica.org\\\/es\\\/#website\",\"url\":\"https:\\\/\\\/interamerica.org\\\/es\\\/\",\"name\":\"Iglesia Adventista del S\u00e9ptimo D\u00eda - Divisi\u00f3n Interamericana\",\"description\":\"\",\"potentialAction\":[{\"@type\":\"SearchAction\",\"target\":{\"@type\":\"EntryPoint\",\"urlTemplate\":\"https:\\\/\\\/interamerica.org\\\/es\\\/?s={search_term_string}\"},\"query-input\":{\"@type\":\"PropertyValueSpecification\",\"valueRequired\":true,\"valueName\":\"search_term_string\"}}],\"inLanguage\":\"es\"},{\"@type\":\"Person\",\"@id\":\"https:\\\/\\\/interamerica.org\\\/es\\\/#\\\/schema\\\/person\\\/29998f2bc2d8bd0d38662909289b54f1\",\"name\":\"libna\",\"image\":{\"@type\":\"ImageObject\",\"inLanguage\":\"es\",\"@id\":\"https:\\\/\\\/secure.gravatar.com\\\/avatar\\\/7c5bd30ae4b47a9ba3c856590957fd1d96dc588bf3ac05719d247e126840331f?s=96&d=mm&r=g\",\"url\":\"https:\\\/\\\/secure.gravatar.com\\\/avatar\\\/7c5bd30ae4b47a9ba3c856590957fd1d96dc588bf3ac05719d247e126840331f?s=96&d=mm&r=g\",\"contentUrl\":\"https:\\\/\\\/secure.gravatar.com\\\/avatar\\\/7c5bd30ae4b47a9ba3c856590957fd1d96dc588bf3ac05719d247e126840331f?s=96&d=mm&r=g\",\"caption\":\"libna\"}}]}<\/script>\n<!-- \/ Yoast SEO plugin. -->","yoast_head_json":{"title":"En Espa\u00f1a, voluntarios ayudan a imprimir y distribuir protectores faciales - Iglesia Adventista del S\u00e9ptimo D\u00eda - Divisi\u00f3n Interamericana","robots":{"index":"index","follow":"follow","max-snippet":"max-snippet:-1","max-image-preview":"max-image-preview:large","max-video-preview":"max-video-preview:-1"},"canonical":"https:\/\/interamerica.org\/es\/2020\/04\/en-espana-voluntarios-ayudan-a-imprimir-y-distribuir-protectores-faciales\/","og_locale":"es_ES","og_type":"article","og_title":"En Espa\u00f1a, voluntarios ayudan a imprimir y distribuir protectores faciales - Iglesia Adventista del S\u00e9ptimo D\u00eda - Divisi\u00f3n Interamericana","og_description":"3 de abril de 2020 | Valencia, Espa\u00f1a | Por: Marcos Paseggi, Adventist Review Un grupo de personas que colaboran como voluntarias para la Agencia Adventista de Desarrollo y Recursos...","og_url":"https:\/\/interamerica.org\/es\/2020\/04\/en-espana-voluntarios-ayudan-a-imprimir-y-distribuir-protectores-faciales\/","og_site_name":"Iglesia Adventista del S\u00e9ptimo D\u00eda - Divisi\u00f3n Interamericana","article_published_time":"2020-04-06T15:14:13+00:00","article_modified_time":"2020-04-07T01:04:38+00:00","og_image":[{"width":1280,"height":800,"url":"https:\/\/interamerica.org\/wp-content\/uploads\/2020\/04\/in-spain-volunteers-help-to-print-and-deliver-face-shields-1280.jpg","type":"image\/jpeg"}],"author":"libna","twitter_card":"summary_large_image","twitter_misc":{"Escrito por":"libna","Tiempo de lectura":"4 minutos"},"schema":{"@context":"https:\/\/schema.org","@graph":[{"@type":"Article","@id":"https:\/\/interamerica.org\/es\/2020\/04\/en-espana-voluntarios-ayudan-a-imprimir-y-distribuir-protectores-faciales\/#article","isPartOf":{"@id":"https:\/\/interamerica.org\/es\/2020\/04\/en-espana-voluntarios-ayudan-a-imprimir-y-distribuir-protectores-faciales\/"},"author":{"name":"libna","@id":"https:\/\/interamerica.org\/es\/#\/schema\/person\/29998f2bc2d8bd0d38662909289b54f1"},"headline":"En Espa\u00f1a, voluntarios ayudan a imprimir y distribuir protectores faciales","datePublished":"2020-04-06T15:14:13+00:00","dateModified":"2020-04-07T01:04:38+00:00","mainEntityOfPage":{"@id":"https:\/\/interamerica.org\/es\/2020\/04\/en-espana-voluntarios-ayudan-a-imprimir-y-distribuir-protectores-faciales\/"},"wordCount":755,"commentCount":0,"image":{"@id":"https:\/\/interamerica.org\/es\/2020\/04\/en-espana-voluntarios-ayudan-a-imprimir-y-distribuir-protectores-faciales\/#primaryimage"},"thumbnailUrl":"https:\/\/interamerica.org\/wp-content\/uploads\/2020\/04\/in-spain-volunteers-help-to-print-and-deliver-face-shields-1280.jpg","articleSection":["Desde la iglesia mundial","RSS Espa\u00f1ol"],"inLanguage":"es","potentialAction":[{"@type":"CommentAction","name":"Comment","target":["https:\/\/interamerica.org\/es\/2020\/04\/en-espana-voluntarios-ayudan-a-imprimir-y-distribuir-protectores-faciales\/#respond"]}]},{"@type":"WebPage","@id":"https:\/\/interamerica.org\/es\/2020\/04\/en-espana-voluntarios-ayudan-a-imprimir-y-distribuir-protectores-faciales\/","url":"https:\/\/interamerica.org\/es\/2020\/04\/en-espana-voluntarios-ayudan-a-imprimir-y-distribuir-protectores-faciales\/","name":"En Espa\u00f1a, voluntarios ayudan a imprimir y distribuir protectores faciales - Iglesia Adventista del S\u00e9ptimo D\u00eda - Divisi\u00f3n Interamericana","isPartOf":{"@id":"https:\/\/interamerica.org\/es\/#website"},"primaryImageOfPage":{"@id":"https:\/\/interamerica.org\/es\/2020\/04\/en-espana-voluntarios-ayudan-a-imprimir-y-distribuir-protectores-faciales\/#primaryimage"},"image":{"@id":"https:\/\/interamerica.org\/es\/2020\/04\/en-espana-voluntarios-ayudan-a-imprimir-y-distribuir-protectores-faciales\/#primaryimage"},"thumbnailUrl":"https:\/\/interamerica.org\/wp-content\/uploads\/2020\/04\/in-spain-volunteers-help-to-print-and-deliver-face-shields-1280.jpg","datePublished":"2020-04-06T15:14:13+00:00","dateModified":"2020-04-07T01:04:38+00:00","author":{"@id":"https:\/\/interamerica.org\/es\/#\/schema\/person\/29998f2bc2d8bd0d38662909289b54f1"},"breadcrumb":{"@id":"https:\/\/interamerica.org\/es\/2020\/04\/en-espana-voluntarios-ayudan-a-imprimir-y-distribuir-protectores-faciales\/#breadcrumb"},"inLanguage":"es","potentialAction":[{"@type":"ReadAction","target":["https:\/\/interamerica.org\/es\/2020\/04\/en-espana-voluntarios-ayudan-a-imprimir-y-distribuir-protectores-faciales\/"]}]},{"@type":"ImageObject","inLanguage":"es","@id":"https:\/\/interamerica.org\/es\/2020\/04\/en-espana-voluntarios-ayudan-a-imprimir-y-distribuir-protectores-faciales\/#primaryimage","url":"https:\/\/interamerica.org\/wp-content\/uploads\/2020\/04\/in-spain-volunteers-help-to-print-and-deliver-face-shields-1280.jpg","contentUrl":"https:\/\/interamerica.org\/wp-content\/uploads\/2020\/04\/in-spain-volunteers-help-to-print-and-deliver-face-shields-1280.jpg","width":1280,"height":800},{"@type":"BreadcrumbList","@id":"https:\/\/interamerica.org\/es\/2020\/04\/en-espana-voluntarios-ayudan-a-imprimir-y-distribuir-protectores-faciales\/#breadcrumb","itemListElement":[{"@type":"ListItem","position":1,"name":"Home","item":"https:\/\/interamerica.org\/es\/"},{"@type":"ListItem","position":2,"name":"En Espa\u00f1a, voluntarios ayudan a imprimir y distribuir protectores faciales"}]},{"@type":"WebSite","@id":"https:\/\/interamerica.org\/es\/#website","url":"https:\/\/interamerica.org\/es\/","name":"Iglesia Adventista del S\u00e9ptimo D\u00eda - Divisi\u00f3n Interamericana","description":"","potentialAction":[{"@type":"SearchAction","target":{"@type":"EntryPoint","urlTemplate":"https:\/\/interamerica.org\/es\/?s={search_term_string}"},"query-input":{"@type":"PropertyValueSpecification","valueRequired":true,"valueName":"search_term_string"}}],"inLanguage":"es"},{"@type":"Person","@id":"https:\/\/interamerica.org\/es\/#\/schema\/person\/29998f2bc2d8bd0d38662909289b54f1","name":"libna","image":{"@type":"ImageObject","inLanguage":"es","@id":"https:\/\/secure.gravatar.com\/avatar\/7c5bd30ae4b47a9ba3c856590957fd1d96dc588bf3ac05719d247e126840331f?s=96&d=mm&r=g","url":"https:\/\/secure.gravatar.com\/avatar\/7c5bd30ae4b47a9ba3c856590957fd1d96dc588bf3ac05719d247e126840331f?s=96&d=mm&r=g","contentUrl":"https:\/\/secure.gravatar.com\/avatar\/7c5bd30ae4b47a9ba3c856590957fd1d96dc588bf3ac05719d247e126840331f?s=96&d=mm&r=g","caption":"libna"}}]}},"_links":{"self":[{"href":"https:\/\/interamerica.org\/es\/wp-json\/wp\/v2\/posts\/57078","targetHints":{"allow":["GET"]}}],"collection":[{"href":"https:\/\/interamerica.org\/es\/wp-json\/wp\/v2\/posts"}],"about":[{"href":"https:\/\/interamerica.org\/es\/wp-json\/wp\/v2\/types\/post"}],"author":[{"embeddable":true,"href":"https:\/\/interamerica.org\/es\/wp-json\/wp\/v2\/users\/3"}],"replies":[{"embeddable":true,"href":"https:\/\/interamerica.org\/es\/wp-json\/wp\/v2\/comments?post=57078"}],"version-history":[{"count":0,"href":"https:\/\/interamerica.org\/es\/wp-json\/wp\/v2\/posts\/57078\/revisions"}],"wp:featuredmedia":[{"embeddable":true,"href":"https:\/\/interamerica.org\/es\/wp-json\/wp\/v2\/media\/57069"}],"wp:attachment":[{"href":"https:\/\/interamerica.org\/es\/wp-json\/wp\/v2\/media?parent=57078"}],"wp:term":[{"taxonomy":"category","embeddable":true,"href":"https:\/\/interamerica.org\/es\/wp-json\/wp\/v2\/categories?post=57078"},{"taxonomy":"post_tag","embeddable":true,"href":"https:\/\/interamerica.org\/es\/wp-json\/wp\/v2\/tags?post=57078"}],"curies":[{"name":"wp","href":"https:\/\/api.w.org\/{rel}","templated":true}]}}