{"id":57105,"date":"2020-04-04T10:03:04","date_gmt":"2020-04-04T14:03:04","guid":{"rendered":"https:\/\/recursing-golick.147-182-135-0.plesk.page\/?p=57105"},"modified":"2020-04-06T16:38:10","modified_gmt":"2020-04-06T20:38:10","slug":"sera-que-yo-o-alguien-que-conozco-tiene-un-sistema-de-inmundidad-vulnerable","status":"publish","type":"post","link":"https:\/\/interamerica.org\/es\/2020\/04\/sera-que-yo-o-alguien-que-conozco-tiene-un-sistema-de-inmundidad-vulnerable\/","title":{"rendered":"\u00bfSer\u00e1 que yo o alguien que conozco tiene un sistema de inmundidad vulnerable?"},"content":{"rendered":"<p>2 de abril de 2020 | Loma Linda, California, Estados Unidos | Por: Heather Jackson, Loma Linda University Health News<\/p>\n<p>Los grupos conocidos como de mayor riesgo de contraer COVID-19\u00a0est\u00e1n constantemente evolucionando mientras los cient\u00edficos est\u00e1n tratando de saber m\u00e1s acerca de esta enfermedad; sin embargo, un grupo dentro de la poblaci\u00f3n general va a considerarse siempre de alto nivel de riesgo: Aquellos con un comprometido sistema de inmunidad.<\/p>\n<p>El Instituto Nacional del C\u00e1ncer define esta condici\u00f3n como la de alguien que tiene un sistema de inmunidad d\u00e9bil, que reduce su habilidad de luchar contra las infecciones y otras enfermedades. Una persona en esta categor\u00eda puede sufrir durante m\u00e1s tiempo de las enfermedades, comparado con alguien cuyo sistema de inmunidad est\u00e1 funcionando normalmente.<\/p>\n<p>Los dos tipos de grupos de poblaci\u00f3n con un sistema de inmunidad comprometido son primario y secundario. Los pacientes primarios de sistema de inmunidad comprometido nacen con deficiencias en tal sistema de inmunidad. Los pacientes secundarios, en este caso, toman medicamentos o tienen otras condiciones m\u00e9dicas que les hacen tener un d\u00e9bil sistema de inmunidad. Los medicamentos pueden variar, desde aquellos recetados por un m\u00e9dico, hasta tratamientos de quimioterapia.<\/p>\n<p>Adrian Cotton, jefe de operaciones m\u00e9dicas de Loma Linda University Health, dijo que los pacientes considerados con sistema de inmunidad comprometido, son aquellos con las siguientes enfermedades o condiciones m\u00e9dicas:<\/p>\n<ul>\n<li>C\u00e1ncer o tratamiento de quimioterapia<\/li>\n<li>Enfermedades autoinmunes, tales como lupus, artritis reumatoide o colitis ulcerativa<\/li>\n<li>Trasplantes<\/li>\n<li>Enfermedades del coraz\u00f3n, en particular, aquellos con insuficiencia cardiaca o con enfermedad del coraz\u00f3n cong\u00e9nita<\/li>\n<li>Enfermedad de los ri\u00f1ones<\/li>\n<li>Malnutrici\u00f3n<\/li>\n<li>VIH (virus del SIDA)<\/li>\n<li>Diabetes<\/li>\n<li>Terapia inmunosupresora<\/li>\n<\/ul>\n<p>Con una gran parte de la poblaci\u00f3n dentro de este grupo, puede ser altamente atemorizador para algunos leer esta lista. El Dr. Cotton dijo que deseaba que los pacientes y sus familiares permanecieran con alma, porque, aunque pertenecieran a este grupo de alto riesgo, la severidad cl\u00ednica del COVID-19 puede variar, dependiendo de su espec\u00edfica condici\u00f3n subyacente o de predisposici\u00f3n y su salud general.<\/p>\n<p>\u201cAunque hay algunos que caen dentro de esta categor\u00eda, es importante que los pacientes sepan que aun cuando sean considerados como de alto riesgo, tal riesgo puede todav\u00eda as\u00ed variar\u201d, dijo el Dr. Cotton.<\/p>\n<p>\u201cAntes de saltar a cualquier conclusi\u00f3n acerca de cu\u00e1n vulnerable pueda estar a la enfermedad y cu\u00e1l podr\u00eda ser el resultado si fuera a contraer el COVID-19, le recomiendo al paciente que consulte con su m\u00e9dico\u201d.<\/p>\n<p>Protecci\u00f3n para personas inmunol\u00f3gicamente comprometidas<\/p>\n<p>Muchas de las mismas medidas de prevenci\u00f3n tomadas por la poblaci\u00f3n en general, deben ser tomadas por las personas con sistema de inmunidad d\u00e9bil. Una de las mayores diferencias que pueden hacerse es asegurarse de estar tomando fielmente cualquier medicamento que le ayude a la persona a mantener fuerte su sistema de inmunidad durante este tiempo.<\/p>\n<p>Es importante que no olviden mantenerse hasta donde sea posible en cuarentena, limitar el contacto frecuente con otros y asegurarse de descansar lo suficiente.<\/p>\n<p><em>La <\/em><a href=\"https:\/\/news.llu.edu\/health-wellness\/covid-19-do-i-or-someone-i-know-have-vulnerable-immune-system\"><em>original version<\/em><\/a><em> (versi\u00f3n original) de este art\u00edculo se public\u00f3 en el <\/em><a href=\"https:\/\/news.llu.edu\"><em>news site<\/em><\/a> <em>de Loma Linda University Health <\/em><a href=\"https:\/\/news.llu.edu\"><em>news site<\/em><\/a>.<\/p>\n<p><em>Traducci\u00f3n \u2013 Gloria A. Castrej\u00f3n<\/em><\/p>\n","protected":false},"excerpt":{"rendered":"<p>2 de abril de 2020 | Loma Linda, California, Estados Unidos | Por: Heather Jackson, Loma Linda University Health News Los grupos conocidos como de mayor riesgo de contraer COVID-19\u00a0est\u00e1n&#8230;<\/p>\n","protected":false},"author":3,"featured_media":57085,"comment_status":"open","ping_status":"closed","sticky":false,"template":"","format":"standard","meta":{"_acf_changed":false,"footnotes":""},"categories":[14,15],"tags":[],"class_list":["post-57105","post","type-post","status-publish","format-standard","has-post-thumbnail","hentry","category-de-la-iglesia-mundial","category-rss-espanol"],"acf":[],"yoast_head":"<!-- This site is optimized with the Yoast SEO plugin v27.3 - https:\/\/yoast.com\/product\/yoast-seo-wordpress\/ -->\n<title>\u00bfSer\u00e1 que yo o alguien que conozco tiene un sistema de inmundidad vulnerable? - Iglesia Adventista del S\u00e9ptimo D\u00eda - Divisi\u00f3n Interamericana<\/title>\n<meta name=\"robots\" content=\"index, follow, max-snippet:-1, max-image-preview:large, max-video-preview:-1\" \/>\n<link rel=\"canonical\" href=\"https:\/\/interamerica.org\/es\/2020\/04\/sera-que-yo-o-alguien-que-conozco-tiene-un-sistema-de-inmundidad-vulnerable\/\" \/>\n<meta property=\"og:locale\" content=\"es_ES\" \/>\n<meta property=\"og:type\" content=\"article\" \/>\n<meta property=\"og:title\" content=\"\u00bfSer\u00e1 que yo o alguien que conozco tiene un sistema de inmundidad vulnerable? - Iglesia Adventista del S\u00e9ptimo D\u00eda - Divisi\u00f3n Interamericana\" \/>\n<meta property=\"og:description\" content=\"2 de abril de 2020 | Loma Linda, California, Estados Unidos | Por: Heather Jackson, Loma Linda University Health News Los grupos conocidos como de mayor riesgo de contraer COVID-19\u00a0est\u00e1n...\" \/>\n<meta property=\"og:url\" content=\"https:\/\/interamerica.org\/es\/2020\/04\/sera-que-yo-o-alguien-que-conozco-tiene-un-sistema-de-inmundidad-vulnerable\/\" \/>\n<meta property=\"og:site_name\" content=\"Iglesia Adventista del S\u00e9ptimo D\u00eda - Divisi\u00f3n Interamericana\" \/>\n<meta property=\"article:published_time\" content=\"2020-04-04T14:03:04+00:00\" \/>\n<meta property=\"article:modified_time\" content=\"2020-04-06T20:38:10+00:00\" \/>\n<meta property=\"og:image\" content=\"https:\/\/interamerica.org\/wp-content\/uploads\/2020\/04\/sick-kelly-sikkema-rmbyg5kffqg-unsplash.jpg\" \/>\n\t<meta property=\"og:image:width\" content=\"1280\" \/>\n\t<meta property=\"og:image:height\" content=\"800\" \/>\n\t<meta property=\"og:image:type\" content=\"image\/jpeg\" \/>\n<meta name=\"author\" content=\"libna\" \/>\n<meta name=\"twitter:card\" content=\"summary_large_image\" \/>\n<meta name=\"twitter:label1\" content=\"Escrito por\" \/>\n\t<meta name=\"twitter:data1\" content=\"libna\" \/>\n\t<meta name=\"twitter:label2\" content=\"Tiempo de lectura\" \/>\n\t<meta name=\"twitter:data2\" content=\"3 minutos\" \/>\n<script type=\"application\/ld+json\" class=\"yoast-schema-graph\">{\"@context\":\"https:\\\/\\\/schema.org\",\"@graph\":[{\"@type\":\"Article\",\"@id\":\"https:\\\/\\\/interamerica.org\\\/es\\\/2020\\\/04\\\/sera-que-yo-o-alguien-que-conozco-tiene-un-sistema-de-inmundidad-vulnerable\\\/#article\",\"isPartOf\":{\"@id\":\"https:\\\/\\\/interamerica.org\\\/es\\\/2020\\\/04\\\/sera-que-yo-o-alguien-que-conozco-tiene-un-sistema-de-inmundidad-vulnerable\\\/\"},\"author\":{\"name\":\"libna\",\"@id\":\"https:\\\/\\\/interamerica.org\\\/es\\\/#\\\/schema\\\/person\\\/29998f2bc2d8bd0d38662909289b54f1\"},\"headline\":\"\u00bfSer\u00e1 que yo o alguien que conozco tiene un sistema de inmundidad vulnerable?\",\"datePublished\":\"2020-04-04T14:03:04+00:00\",\"dateModified\":\"2020-04-06T20:38:10+00:00\",\"mainEntityOfPage\":{\"@id\":\"https:\\\/\\\/interamerica.org\\\/es\\\/2020\\\/04\\\/sera-que-yo-o-alguien-que-conozco-tiene-un-sistema-de-inmundidad-vulnerable\\\/\"},\"wordCount\":562,\"commentCount\":0,\"image\":{\"@id\":\"https:\\\/\\\/interamerica.org\\\/es\\\/2020\\\/04\\\/sera-que-yo-o-alguien-que-conozco-tiene-un-sistema-de-inmundidad-vulnerable\\\/#primaryimage\"},\"thumbnailUrl\":\"https:\\\/\\\/interamerica.org\\\/wp-content\\\/uploads\\\/2020\\\/04\\\/sick-kelly-sikkema-rmbyg5kffqg-unsplash.jpg\",\"articleSection\":[\"Desde la iglesia mundial\",\"RSS Espa\u00f1ol\"],\"inLanguage\":\"es\",\"potentialAction\":[{\"@type\":\"CommentAction\",\"name\":\"Comment\",\"target\":[\"https:\\\/\\\/interamerica.org\\\/es\\\/2020\\\/04\\\/sera-que-yo-o-alguien-que-conozco-tiene-un-sistema-de-inmundidad-vulnerable\\\/#respond\"]}]},{\"@type\":\"WebPage\",\"@id\":\"https:\\\/\\\/interamerica.org\\\/es\\\/2020\\\/04\\\/sera-que-yo-o-alguien-que-conozco-tiene-un-sistema-de-inmundidad-vulnerable\\\/\",\"url\":\"https:\\\/\\\/interamerica.org\\\/es\\\/2020\\\/04\\\/sera-que-yo-o-alguien-que-conozco-tiene-un-sistema-de-inmundidad-vulnerable\\\/\",\"name\":\"\u00bfSer\u00e1 que yo o alguien que conozco tiene un sistema de inmundidad vulnerable? - Iglesia Adventista del S\u00e9ptimo D\u00eda - Divisi\u00f3n Interamericana\",\"isPartOf\":{\"@id\":\"https:\\\/\\\/interamerica.org\\\/es\\\/#website\"},\"primaryImageOfPage\":{\"@id\":\"https:\\\/\\\/interamerica.org\\\/es\\\/2020\\\/04\\\/sera-que-yo-o-alguien-que-conozco-tiene-un-sistema-de-inmundidad-vulnerable\\\/#primaryimage\"},\"image\":{\"@id\":\"https:\\\/\\\/interamerica.org\\\/es\\\/2020\\\/04\\\/sera-que-yo-o-alguien-que-conozco-tiene-un-sistema-de-inmundidad-vulnerable\\\/#primaryimage\"},\"thumbnailUrl\":\"https:\\\/\\\/interamerica.org\\\/wp-content\\\/uploads\\\/2020\\\/04\\\/sick-kelly-sikkema-rmbyg5kffqg-unsplash.jpg\",\"datePublished\":\"2020-04-04T14:03:04+00:00\",\"dateModified\":\"2020-04-06T20:38:10+00:00\",\"author\":{\"@id\":\"https:\\\/\\\/interamerica.org\\\/es\\\/#\\\/schema\\\/person\\\/29998f2bc2d8bd0d38662909289b54f1\"},\"breadcrumb\":{\"@id\":\"https:\\\/\\\/interamerica.org\\\/es\\\/2020\\\/04\\\/sera-que-yo-o-alguien-que-conozco-tiene-un-sistema-de-inmundidad-vulnerable\\\/#breadcrumb\"},\"inLanguage\":\"es\",\"potentialAction\":[{\"@type\":\"ReadAction\",\"target\":[\"https:\\\/\\\/interamerica.org\\\/es\\\/2020\\\/04\\\/sera-que-yo-o-alguien-que-conozco-tiene-un-sistema-de-inmundidad-vulnerable\\\/\"]}]},{\"@type\":\"ImageObject\",\"inLanguage\":\"es\",\"@id\":\"https:\\\/\\\/interamerica.org\\\/es\\\/2020\\\/04\\\/sera-que-yo-o-alguien-que-conozco-tiene-un-sistema-de-inmundidad-vulnerable\\\/#primaryimage\",\"url\":\"https:\\\/\\\/interamerica.org\\\/wp-content\\\/uploads\\\/2020\\\/04\\\/sick-kelly-sikkema-rmbyg5kffqg-unsplash.jpg\",\"contentUrl\":\"https:\\\/\\\/interamerica.org\\\/wp-content\\\/uploads\\\/2020\\\/04\\\/sick-kelly-sikkema-rmbyg5kffqg-unsplash.jpg\",\"width\":1280,\"height\":800,\"caption\":\"[Photo: kelly-sikkem\\\/unsplash]\"},{\"@type\":\"BreadcrumbList\",\"@id\":\"https:\\\/\\\/interamerica.org\\\/es\\\/2020\\\/04\\\/sera-que-yo-o-alguien-que-conozco-tiene-un-sistema-de-inmundidad-vulnerable\\\/#breadcrumb\",\"itemListElement\":[{\"@type\":\"ListItem\",\"position\":1,\"name\":\"Home\",\"item\":\"https:\\\/\\\/interamerica.org\\\/es\\\/\"},{\"@type\":\"ListItem\",\"position\":2,\"name\":\"\u00bfSer\u00e1 que yo o alguien que conozco tiene un sistema de inmundidad vulnerable?\"}]},{\"@type\":\"WebSite\",\"@id\":\"https:\\\/\\\/interamerica.org\\\/es\\\/#website\",\"url\":\"https:\\\/\\\/interamerica.org\\\/es\\\/\",\"name\":\"Iglesia Adventista del S\u00e9ptimo D\u00eda - Divisi\u00f3n Interamericana\",\"description\":\"\",\"potentialAction\":[{\"@type\":\"SearchAction\",\"target\":{\"@type\":\"EntryPoint\",\"urlTemplate\":\"https:\\\/\\\/interamerica.org\\\/es\\\/?s={search_term_string}\"},\"query-input\":{\"@type\":\"PropertyValueSpecification\",\"valueRequired\":true,\"valueName\":\"search_term_string\"}}],\"inLanguage\":\"es\"},{\"@type\":\"Person\",\"@id\":\"https:\\\/\\\/interamerica.org\\\/es\\\/#\\\/schema\\\/person\\\/29998f2bc2d8bd0d38662909289b54f1\",\"name\":\"libna\",\"image\":{\"@type\":\"ImageObject\",\"inLanguage\":\"es\",\"@id\":\"https:\\\/\\\/secure.gravatar.com\\\/avatar\\\/7c5bd30ae4b47a9ba3c856590957fd1d96dc588bf3ac05719d247e126840331f?s=96&d=mm&r=g\",\"url\":\"https:\\\/\\\/secure.gravatar.com\\\/avatar\\\/7c5bd30ae4b47a9ba3c856590957fd1d96dc588bf3ac05719d247e126840331f?s=96&d=mm&r=g\",\"contentUrl\":\"https:\\\/\\\/secure.gravatar.com\\\/avatar\\\/7c5bd30ae4b47a9ba3c856590957fd1d96dc588bf3ac05719d247e126840331f?s=96&d=mm&r=g\",\"caption\":\"libna\"}}]}<\/script>\n<!-- \/ Yoast SEO plugin. -->","yoast_head_json":{"title":"\u00bfSer\u00e1 que yo o alguien que conozco tiene un sistema de inmundidad vulnerable? - Iglesia Adventista del S\u00e9ptimo D\u00eda - Divisi\u00f3n Interamericana","robots":{"index":"index","follow":"follow","max-snippet":"max-snippet:-1","max-image-preview":"max-image-preview:large","max-video-preview":"max-video-preview:-1"},"canonical":"https:\/\/interamerica.org\/es\/2020\/04\/sera-que-yo-o-alguien-que-conozco-tiene-un-sistema-de-inmundidad-vulnerable\/","og_locale":"es_ES","og_type":"article","og_title":"\u00bfSer\u00e1 que yo o alguien que conozco tiene un sistema de inmundidad vulnerable? - Iglesia Adventista del S\u00e9ptimo D\u00eda - Divisi\u00f3n Interamericana","og_description":"2 de abril de 2020 | Loma Linda, California, Estados Unidos | Por: Heather Jackson, Loma Linda University Health News Los grupos conocidos como de mayor riesgo de contraer COVID-19\u00a0est\u00e1n...","og_url":"https:\/\/interamerica.org\/es\/2020\/04\/sera-que-yo-o-alguien-que-conozco-tiene-un-sistema-de-inmundidad-vulnerable\/","og_site_name":"Iglesia Adventista del S\u00e9ptimo D\u00eda - Divisi\u00f3n Interamericana","article_published_time":"2020-04-04T14:03:04+00:00","article_modified_time":"2020-04-06T20:38:10+00:00","og_image":[{"width":1280,"height":800,"url":"https:\/\/interamerica.org\/wp-content\/uploads\/2020\/04\/sick-kelly-sikkema-rmbyg5kffqg-unsplash.jpg","type":"image\/jpeg"}],"author":"libna","twitter_card":"summary_large_image","twitter_misc":{"Escrito por":"libna","Tiempo de lectura":"3 minutos"},"schema":{"@context":"https:\/\/schema.org","@graph":[{"@type":"Article","@id":"https:\/\/interamerica.org\/es\/2020\/04\/sera-que-yo-o-alguien-que-conozco-tiene-un-sistema-de-inmundidad-vulnerable\/#article","isPartOf":{"@id":"https:\/\/interamerica.org\/es\/2020\/04\/sera-que-yo-o-alguien-que-conozco-tiene-un-sistema-de-inmundidad-vulnerable\/"},"author":{"name":"libna","@id":"https:\/\/interamerica.org\/es\/#\/schema\/person\/29998f2bc2d8bd0d38662909289b54f1"},"headline":"\u00bfSer\u00e1 que yo o alguien que conozco tiene un sistema de inmundidad vulnerable?","datePublished":"2020-04-04T14:03:04+00:00","dateModified":"2020-04-06T20:38:10+00:00","mainEntityOfPage":{"@id":"https:\/\/interamerica.org\/es\/2020\/04\/sera-que-yo-o-alguien-que-conozco-tiene-un-sistema-de-inmundidad-vulnerable\/"},"wordCount":562,"commentCount":0,"image":{"@id":"https:\/\/interamerica.org\/es\/2020\/04\/sera-que-yo-o-alguien-que-conozco-tiene-un-sistema-de-inmundidad-vulnerable\/#primaryimage"},"thumbnailUrl":"https:\/\/interamerica.org\/wp-content\/uploads\/2020\/04\/sick-kelly-sikkema-rmbyg5kffqg-unsplash.jpg","articleSection":["Desde la iglesia mundial","RSS Espa\u00f1ol"],"inLanguage":"es","potentialAction":[{"@type":"CommentAction","name":"Comment","target":["https:\/\/interamerica.org\/es\/2020\/04\/sera-que-yo-o-alguien-que-conozco-tiene-un-sistema-de-inmundidad-vulnerable\/#respond"]}]},{"@type":"WebPage","@id":"https:\/\/interamerica.org\/es\/2020\/04\/sera-que-yo-o-alguien-que-conozco-tiene-un-sistema-de-inmundidad-vulnerable\/","url":"https:\/\/interamerica.org\/es\/2020\/04\/sera-que-yo-o-alguien-que-conozco-tiene-un-sistema-de-inmundidad-vulnerable\/","name":"\u00bfSer\u00e1 que yo o alguien que conozco tiene un sistema de inmundidad vulnerable? - Iglesia Adventista del S\u00e9ptimo D\u00eda - Divisi\u00f3n Interamericana","isPartOf":{"@id":"https:\/\/interamerica.org\/es\/#website"},"primaryImageOfPage":{"@id":"https:\/\/interamerica.org\/es\/2020\/04\/sera-que-yo-o-alguien-que-conozco-tiene-un-sistema-de-inmundidad-vulnerable\/#primaryimage"},"image":{"@id":"https:\/\/interamerica.org\/es\/2020\/04\/sera-que-yo-o-alguien-que-conozco-tiene-un-sistema-de-inmundidad-vulnerable\/#primaryimage"},"thumbnailUrl":"https:\/\/interamerica.org\/wp-content\/uploads\/2020\/04\/sick-kelly-sikkema-rmbyg5kffqg-unsplash.jpg","datePublished":"2020-04-04T14:03:04+00:00","dateModified":"2020-04-06T20:38:10+00:00","author":{"@id":"https:\/\/interamerica.org\/es\/#\/schema\/person\/29998f2bc2d8bd0d38662909289b54f1"},"breadcrumb":{"@id":"https:\/\/interamerica.org\/es\/2020\/04\/sera-que-yo-o-alguien-que-conozco-tiene-un-sistema-de-inmundidad-vulnerable\/#breadcrumb"},"inLanguage":"es","potentialAction":[{"@type":"ReadAction","target":["https:\/\/interamerica.org\/es\/2020\/04\/sera-que-yo-o-alguien-que-conozco-tiene-un-sistema-de-inmundidad-vulnerable\/"]}]},{"@type":"ImageObject","inLanguage":"es","@id":"https:\/\/interamerica.org\/es\/2020\/04\/sera-que-yo-o-alguien-que-conozco-tiene-un-sistema-de-inmundidad-vulnerable\/#primaryimage","url":"https:\/\/interamerica.org\/wp-content\/uploads\/2020\/04\/sick-kelly-sikkema-rmbyg5kffqg-unsplash.jpg","contentUrl":"https:\/\/interamerica.org\/wp-content\/uploads\/2020\/04\/sick-kelly-sikkema-rmbyg5kffqg-unsplash.jpg","width":1280,"height":800,"caption":"[Photo: kelly-sikkem\/unsplash]"},{"@type":"BreadcrumbList","@id":"https:\/\/interamerica.org\/es\/2020\/04\/sera-que-yo-o-alguien-que-conozco-tiene-un-sistema-de-inmundidad-vulnerable\/#breadcrumb","itemListElement":[{"@type":"ListItem","position":1,"name":"Home","item":"https:\/\/interamerica.org\/es\/"},{"@type":"ListItem","position":2,"name":"\u00bfSer\u00e1 que yo o alguien que conozco tiene un sistema de inmundidad vulnerable?"}]},{"@type":"WebSite","@id":"https:\/\/interamerica.org\/es\/#website","url":"https:\/\/interamerica.org\/es\/","name":"Iglesia Adventista del S\u00e9ptimo D\u00eda - Divisi\u00f3n Interamericana","description":"","potentialAction":[{"@type":"SearchAction","target":{"@type":"EntryPoint","urlTemplate":"https:\/\/interamerica.org\/es\/?s={search_term_string}"},"query-input":{"@type":"PropertyValueSpecification","valueRequired":true,"valueName":"search_term_string"}}],"inLanguage":"es"},{"@type":"Person","@id":"https:\/\/interamerica.org\/es\/#\/schema\/person\/29998f2bc2d8bd0d38662909289b54f1","name":"libna","image":{"@type":"ImageObject","inLanguage":"es","@id":"https:\/\/secure.gravatar.com\/avatar\/7c5bd30ae4b47a9ba3c856590957fd1d96dc588bf3ac05719d247e126840331f?s=96&d=mm&r=g","url":"https:\/\/secure.gravatar.com\/avatar\/7c5bd30ae4b47a9ba3c856590957fd1d96dc588bf3ac05719d247e126840331f?s=96&d=mm&r=g","contentUrl":"https:\/\/secure.gravatar.com\/avatar\/7c5bd30ae4b47a9ba3c856590957fd1d96dc588bf3ac05719d247e126840331f?s=96&d=mm&r=g","caption":"libna"}}]}},"_links":{"self":[{"href":"https:\/\/interamerica.org\/es\/wp-json\/wp\/v2\/posts\/57105","targetHints":{"allow":["GET"]}}],"collection":[{"href":"https:\/\/interamerica.org\/es\/wp-json\/wp\/v2\/posts"}],"about":[{"href":"https:\/\/interamerica.org\/es\/wp-json\/wp\/v2\/types\/post"}],"author":[{"embeddable":true,"href":"https:\/\/interamerica.org\/es\/wp-json\/wp\/v2\/users\/3"}],"replies":[{"embeddable":true,"href":"https:\/\/interamerica.org\/es\/wp-json\/wp\/v2\/comments?post=57105"}],"version-history":[{"count":0,"href":"https:\/\/interamerica.org\/es\/wp-json\/wp\/v2\/posts\/57105\/revisions"}],"wp:featuredmedia":[{"embeddable":true,"href":"https:\/\/interamerica.org\/es\/wp-json\/wp\/v2\/media\/57085"}],"wp:attachment":[{"href":"https:\/\/interamerica.org\/es\/wp-json\/wp\/v2\/media?parent=57105"}],"wp:term":[{"taxonomy":"category","embeddable":true,"href":"https:\/\/interamerica.org\/es\/wp-json\/wp\/v2\/categories?post=57105"},{"taxonomy":"post_tag","embeddable":true,"href":"https:\/\/interamerica.org\/es\/wp-json\/wp\/v2\/tags?post=57105"}],"curies":[{"name":"wp","href":"https:\/\/api.w.org\/{rel}","templated":true}]}}