{"id":57279,"date":"2020-04-08T22:27:38","date_gmt":"2020-04-09T02:27:38","guid":{"rendered":"https:\/\/recursing-golick.147-182-135-0.plesk.page\/?p=57279"},"modified":"2020-04-09T11:17:00","modified_gmt":"2020-04-09T15:17:00","slug":"diez-personas-con-covid-19-comparten-lo-que-aprendieron-sobre-dios-y-los-demas","status":"publish","type":"post","link":"https:\/\/interamerica.org\/es\/2020\/04\/diez-personas-con-covid-19-comparten-lo-que-aprendieron-sobre-dios-y-los-demas\/","title":{"rendered":"Diez personas con COVID-19 comparten lo que aprendieron sobre Dios y los dem\u00e1s"},"content":{"rendered":"<p><span class=\"byline-news\">7 de abril de 2020 | St. Albans, Reino Unido | Por: Norel Iacob, para la Divisi\u00f3n Transeuropea, y <\/span><em><span class=\"byline-news\">Adventist Review<\/span><\/em><\/p>\n<p><span class=\"cap\">Viven en cinco pa\u00edses europeos y no podr\u00edan ser m\u00e1s diferentes en edad, intereses o inclinaci\u00f3n. No hubo diferencia. Las diez personas entrevistadas aqu\u00ed fueron infectadas todas ellas con el COVID-19. Algunas estaban aterradas. Otras dijeron que no ten\u00edan miedo. Todas han pasado por una experiencia que, sin excepci\u00f3n, ha marcado sus vidas.<\/span><\/p>\n<p><strong>Timothy<\/strong><\/p>\n<p>Timothy es un padre divorciado de 34 a\u00f1os. Vive en Bracknell, Inglaterra, a unos 15 kil\u00f3metros del Castillo de Windson. Dijo que su principal sufrimiento cuando estuvo aislado no fue tanto la enfermedad, por dolorosa que le result\u00f3, sino que no pod\u00eda ver a su hija. \u201cElla comparte la casa con su abuelo materno. El abuelo tiene problemas de salud. Si el virus llegaba all\u00ed, \u00e9l habr\u00eda estado en grave peligro\u201d.<\/p>\n<p>Timothy es agente de polic\u00eda, uno de los que, en t\u00e9rminos generales, no puede mantenerse al margen durante la pandemia. Dijo que constantemente lo atormentaba el pensamiento de que ten\u00eda que mantenerse aislado debido a la infecci\u00f3n, en lugar estar con sus colegas trabajando, haciendo todo lo posible para ser parte de la respuesta a la crisis. Cuando le pregunt\u00e9 si est\u00e1 orando, y de hacerlo, por qu\u00e9 lo hace en estos d\u00edas, su respuesta fue natural: \u201cQue esto se solucione con las menores p\u00e9rdidas posibles\u201d.<\/p>\n<p><strong>Tina<\/strong><\/p>\n<p>Despu\u00e9s habl\u00e9 con Tina, de 37 a\u00f1os. A ella le atraen mucho las actividades creativas de escribir y hablar en p\u00fablico. Est\u00e1 feliz de vivir en Alemania, en especial porque, desde el 18 de marzo, cuando se confirm\u00f3 que sufr\u00eda del COVID-19, se siente cuidada de manera \u201cperfecta\u201d por el estado alem\u00e1n y sus vecinos.<\/p>\n<p>La enfermedad no la atemoriz\u00f3, dijo, aunque estuvo muy enferma: sufri\u00f3 de problemas para respirar durante dos semanas, y se sinti\u00f3 terriblemente d\u00e9bil. Pero cuando comenz\u00f3 a recuperarse, un pensamiento le llen\u00f3 la mente, tanto as\u00ed que comenz\u00f3 a orar por ello. Dijo que le gustar\u00eda sentir que las personas pueden seguir tan atentas y sol\u00edcitas por los dem\u00e1s cuando el coronavirus ya no represente una amenaza como lo est\u00e1n siendo en estos momentos.<\/p>\n<p><strong>Pedro, Susana, and Adaia<\/strong><\/p>\n<p>Pedro tiene 46 a\u00f1os y por lo general est\u00e1 lleno de energ\u00eda y un coraz\u00f3n que parece inmune al envejecimiento. Vive intensamente y con profundo amor por su esposa Susana y sus dos hijos Adaia, de 19 a\u00f1os, y Johan de 18. Pedro se siente feliz de tener la oportunidad de trabajar como pastor.<\/p>\n<p>Susana fue la primera en contagiarse. A ella pronto le sigui\u00f3 Pedro, y entonces Adaia. Johan se encuentra aislado en su habitaci\u00f3n y no ha presentado s\u00edntomas. \u201cPens\u00e9 que estaba frente a una forma suave de la enfermedad, pero los s\u00edntomas empeoraron despu\u00e9s de siete d\u00edas\u201d, dijo Pedro. Justo cuando se estaba preparando mentalmente para la recuperaci\u00f3n, se dio cuenta de que se estaba deteriorando. \u201cHubo momentos de seria preocupaci\u00f3n, en especial una noche cuando comenc\u00e9 a sentir que ya no ten\u00eda ox\u00edgeno, de que ya no pod\u00eda respirar\u201d. Su \u00fanica respuesta desesperada fue: \u201cDios, aqu\u00ed estoy, en tus manos\u201d.<\/p>\n<p>Trat\u00e9 de hablar con Pedro el \u00faltimo fin de semana, pero su condici\u00f3n general no lo permiti\u00f3. Ha perdido m\u00e1s de 7 kilogramos. Le hab\u00eda preguntado a Pedro cu\u00e1l era su prioridad al orar. Me escribi\u00f3: \u201cOro por mis padres; tienen 80 a\u00f1os y viven solos en el sur de Espa\u00f1a\u201d.<\/p>\n<p>Tambi\u00e9n le pregunt\u00e9 a Adaia de qu\u00e9 manera esta situaci\u00f3n ha afectado su vida. \u201cMi relaci\u00f3n con Dios est\u00e1 creciendo\u201d, respondi\u00f3. \u201cMi manera de ver la Biblia y de hablar con mis amigos no es la misma, y creo que estoy creciendo como persona\u201d. Y a\u00f1adi\u00f3: \u201cDios no castiga. Hace todo con amor, y no es autor de las cat\u00e1strofes\u201d.<\/p>\n<p><strong>Giusi<\/strong><\/p>\n<p>Giusi es una italiana vivaz. Tiene 56 a\u00f1os, y es una madre sola de dos hijos adultos de 29 y 23 a\u00f1os. Giusi es trabajadora social y mediadora, pero tambi\u00e9n es consejera en un hospital de cuidados paliativos para pacientes terminales de c\u00e1ncer, y participa de iniciativas de consejer\u00eda para menores, v\u00edctimas de violencia dom\u00e9stica y v\u00edctimas de abuso sexual.<\/p>\n<p>Despu\u00e9s de experimentar los primeros s\u00edntomas del COVID-19 el 14 de marzo, instintivamente temi\u00f3 que tuviera que ser hospitalizada, aunque no sinti\u00f3 temor por la enfermedad en s\u00ed. Dice: \u201cNo sent\u00ed miedo; jam\u00e1s pens\u00e9 en preguntarle a Dios: \u2018\u00bfPor qu\u00e9 yo?\u2019 Eso se debe a que siempre tuve la idea en la mente de pensar: \u2018\u00bfPor qu\u00e9 no yo?\u2019 Creo que ser cristiana no significa estar exento de esas situaciones, sino m\u00e1s bien enfrentarlas con una actitud pr\u00e1ctica, convencida de que Dios estar\u00e1 contigo durante la tormenta\u201d.<\/p>\n<p><strong>Maurizio y Luisa<\/strong><\/p>\n<p>Maurizio tiene 59 a\u00f1os y trabaja en el hospital en B\u00e9rgamo, Italia, con su esposa Luisa, de 56. Maurizio sinti\u00f3 los primeros s\u00edntomas el 4 de marzo. Primero, una fiebre o calentura. Entonces lleg\u00f3 la disnea, una dificultad para respirar que se fue empeorando. El 11 de marzo, tuvo que llamar una ambulancia. Ni siquiera logr\u00f3 despedirse de su esposa y de su hijo de 15 a\u00f1os, y sali\u00f3 con solo un temor en el alma: de que jam\u00e1s los pudiera ver otra vez.<\/p>\n<p>Lo que vio dentro del hospital, dijo Maurizio, fue \u201cde terror\u201d. Con m\u00e1scaras de ox\u00edgeno en el rostro y aguardando en l\u00ednea, las personas estaban atemorizadas aguardando lo que el personal m\u00e9dico les dir\u00eda en las siguientes horas.<\/p>\n<p>Gracias a Dios, Maurizio es uno de los que fue dado de alta. Ahora se encuentra aislado en su hogar. Todav\u00eda le cuesta respirar, y durante las noches sigue usando la m\u00e1scara de ox\u00edgeno. \u201cNo subestimen al virus; puede afectar a cualquiera; nadie deber\u00eda jugar a ser superh\u00e9roe. \u00a1Mantengan la distancia social!\u201d, dijo Maurizio. Y concluy\u00f3 diciendo: \u201cAlgo ha cambiado dentro de m\u00ed\u201d.<\/p>\n<p>Luisa dijo: \u201cLa cosa m\u00e1s dura y m\u00e1s triste fue que no pude ver a mi esposo hasta que regres\u00f3 del hospital despu\u00e9s de trece d\u00edas\u201d. Mientras tanto, a ella tambi\u00e9n le diagnosticaron el virus. No sabe si se contagi\u00f3 en el hospital donde trabaja o de su marido, o acaso de alg\u00fan otro lugar. Muchos que estuvieron cerca de ella se contagiaron. Cualquiera de ellos podr\u00eda ser la fuente del contagio.<\/p>\n<p>Luisa tambi\u00e9n dijo que quiere continuar pensando como lo hace ahora por el resto de su vida, y jam\u00e1s quejarse que las visitas de familiares o amigos han demandado mucho de su tiempo. \u201cEsta experiencia me hizo comprender la importancia y belleza del tiempo que pasamos con los seres queridos\u201d, dijo.<\/p>\n<p><strong>Rebecka y Thomas<\/strong><\/p>\n<p>En Suecia, habl\u00e9 con una mujer rumana llamada Rebecka. Tiene 52 a\u00f1os y est\u00e1 casada con un sueco. Su esposo Thomas tiene 67 a\u00f1os. Viven en Malmb\u00e4ck. Rebecka sospecha que contrajo el virus en el tren. Ella, a su vez, contagi\u00f3 a Thomas.<\/p>\n<p>Despu\u00e9s de que levantara fiebre o calentura de m\u00e1s de 40 grados y que perdiera por completo la fuerza, Rebecka fue llevada r\u00e1pidamente en ambulancia a J\u00f6nk\u00f6ping. \u201cSimplemente no pod\u00eda pensar demasiado\u201d, dijo. \u201cNo pude comer durante varios d\u00edas, segu\u00eda teniendo fiebre, tos y me sent\u00eda enferma\u201d.<\/p>\n<p>Despu\u00e9s de comenzar a recuperarse, dijo Rebecka, \u201cuna tiene tiempo de reflexionar; tiene tiempo de pensar m\u00e1s en Dios y orar m\u00e1s por la familia, los seres queridos y el mundo. Desafortunadamente, creo que los seres humanos pronto olvidaremos por lo que hemos pasado, pero realmente espero que pueda llevar esto conmigo: sin Dios, no soy nada\u201d.<\/p>\n<p>Para cuando Rebecka recibi\u00f3 el alta m\u00e9dica, Thomas ya se estaba sintiendo muy enfermo. \u201cCalentura, tos y, tan pronto como me levantaba, comenzaba a jadear. Era sumamente doloroso\u201d. Y a\u00f1adi\u00f3: \u201cParec\u00eda que la tos jam\u00e1s se iba a detener\u201d. No sent\u00eda miedo pero dice que la enfermedad le quit\u00f3 todas las fuerzas. Thomas siente que no habr\u00eda superado la prueba sin la ayuda de Dios. \u201cEspero apoyarme m\u00e1s en Dios en el futuro\u201d, concluy\u00f3.<\/p>\n<p><em>La<\/em><a href=\"https:\/\/semneletimpului.ro\/sanatate\/epidemie\/video-am-vorbit-cu-10-pacienti-cu-covid-19.html\" target=\"_blank\" rel=\"noopener noreferrer\"><em>versi\u00f3n original<\/em><\/a><em> de este informe fue publicado en rumano por <\/em><a href=\"https:\/\/semneletimpului.ro\/\" target=\"_blank\" rel=\"noopener noreferrer\"><em>Semnelle Timpului<\/em><\/a><em>, la versi\u00f3n rumana de<\/em>Se\u00f1ales de los tiempos<em>, y publicada en ingl\u00e9s en <\/em><a href=\"https:\/\/ted.adventist.org\/news\" target=\"_blank\" rel=\"noopener noreferrer\"><em>el sitio de noticias<\/em>de la Divisi\u00f3n Transeuropea<\/a><em>.<\/em><\/p>\n<p>Traducci\u00f3n de Marcos Paseggi<\/p>\n","protected":false},"excerpt":{"rendered":"<p>7 de abril de 2020 | St. Albans, Reino Unido | Por: Norel Iacob, para la Divisi\u00f3n Transeuropea, y Adventist Review Viven en cinco pa\u00edses europeos y no podr\u00edan ser&#8230;<\/p>\n","protected":false},"author":3,"featured_media":57276,"comment_status":"open","ping_status":"closed","sticky":false,"template":"","format":"standard","meta":{"_acf_changed":false,"footnotes":""},"categories":[14,15],"tags":[],"class_list":["post-57279","post","type-post","status-publish","format-standard","has-post-thumbnail","hentry","category-de-la-iglesia-mundial","category-rss-espanol"],"acf":[],"yoast_head":"<!-- This site is optimized with the Yoast SEO plugin v27.3 - https:\/\/yoast.com\/product\/yoast-seo-wordpress\/ -->\n<title>Diez personas con COVID-19 comparten lo que aprendieron sobre Dios y los dem\u00e1s - Iglesia Adventista del S\u00e9ptimo D\u00eda - Divisi\u00f3n Interamericana<\/title>\n<meta name=\"robots\" content=\"index, follow, max-snippet:-1, max-image-preview:large, max-video-preview:-1\" \/>\n<link rel=\"canonical\" href=\"https:\/\/interamerica.org\/es\/2020\/04\/diez-personas-con-covid-19-comparten-lo-que-aprendieron-sobre-dios-y-los-demas\/\" \/>\n<meta property=\"og:locale\" content=\"es_ES\" \/>\n<meta property=\"og:type\" content=\"article\" \/>\n<meta property=\"og:title\" content=\"Diez personas con COVID-19 comparten lo que aprendieron sobre Dios y los dem\u00e1s - Iglesia Adventista del S\u00e9ptimo D\u00eda - Divisi\u00f3n Interamericana\" \/>\n<meta property=\"og:description\" content=\"7 de abril de 2020 | St. Albans, Reino Unido | Por: Norel Iacob, para la Divisi\u00f3n Transeuropea, y Adventist Review Viven en cinco pa\u00edses europeos y no podr\u00edan ser...\" \/>\n<meta property=\"og:url\" content=\"https:\/\/interamerica.org\/es\/2020\/04\/diez-personas-con-covid-19-comparten-lo-que-aprendieron-sobre-dios-y-los-demas\/\" \/>\n<meta property=\"og:site_name\" content=\"Iglesia Adventista del S\u00e9ptimo D\u00eda - Divisi\u00f3n Interamericana\" \/>\n<meta property=\"article:published_time\" content=\"2020-04-09T02:27:38+00:00\" \/>\n<meta property=\"article:modified_time\" content=\"2020-04-09T15:17:00+00:00\" \/>\n<meta property=\"og:image\" content=\"https:\/\/interamerica.org\/wp-content\/uploads\/2020\/04\/10-people-with-covid-19-share-what-they-learned-about-god-and-others.jpg\" \/>\n\t<meta property=\"og:image:width\" content=\"1000\" \/>\n\t<meta property=\"og:image:height\" content=\"500\" \/>\n\t<meta property=\"og:image:type\" content=\"image\/jpeg\" \/>\n<meta name=\"author\" content=\"libna\" \/>\n<meta name=\"twitter:card\" content=\"summary_large_image\" \/>\n<meta name=\"twitter:label1\" content=\"Escrito por\" \/>\n\t<meta name=\"twitter:data1\" content=\"libna\" \/>\n\t<meta name=\"twitter:label2\" content=\"Tiempo de lectura\" \/>\n\t<meta name=\"twitter:data2\" content=\"7 minutos\" \/>\n<script type=\"application\/ld+json\" class=\"yoast-schema-graph\">{\"@context\":\"https:\\\/\\\/schema.org\",\"@graph\":[{\"@type\":\"Article\",\"@id\":\"https:\\\/\\\/interamerica.org\\\/es\\\/2020\\\/04\\\/diez-personas-con-covid-19-comparten-lo-que-aprendieron-sobre-dios-y-los-demas\\\/#article\",\"isPartOf\":{\"@id\":\"https:\\\/\\\/interamerica.org\\\/es\\\/2020\\\/04\\\/diez-personas-con-covid-19-comparten-lo-que-aprendieron-sobre-dios-y-los-demas\\\/\"},\"author\":{\"name\":\"libna\",\"@id\":\"https:\\\/\\\/interamerica.org\\\/es\\\/#\\\/schema\\\/person\\\/29998f2bc2d8bd0d38662909289b54f1\"},\"headline\":\"Diez personas con COVID-19 comparten lo que aprendieron sobre Dios y los dem\u00e1s\",\"datePublished\":\"2020-04-09T02:27:38+00:00\",\"dateModified\":\"2020-04-09T15:17:00+00:00\",\"mainEntityOfPage\":{\"@id\":\"https:\\\/\\\/interamerica.org\\\/es\\\/2020\\\/04\\\/diez-personas-con-covid-19-comparten-lo-que-aprendieron-sobre-dios-y-los-demas\\\/\"},\"wordCount\":1456,\"commentCount\":0,\"image\":{\"@id\":\"https:\\\/\\\/interamerica.org\\\/es\\\/2020\\\/04\\\/diez-personas-con-covid-19-comparten-lo-que-aprendieron-sobre-dios-y-los-demas\\\/#primaryimage\"},\"thumbnailUrl\":\"https:\\\/\\\/interamerica.org\\\/wp-content\\\/uploads\\\/2020\\\/04\\\/10-people-with-covid-19-share-what-they-learned-about-god-and-others.jpg\",\"articleSection\":[\"Desde la iglesia mundial\",\"RSS Espa\u00f1ol\"],\"inLanguage\":\"es\",\"potentialAction\":[{\"@type\":\"CommentAction\",\"name\":\"Comment\",\"target\":[\"https:\\\/\\\/interamerica.org\\\/es\\\/2020\\\/04\\\/diez-personas-con-covid-19-comparten-lo-que-aprendieron-sobre-dios-y-los-demas\\\/#respond\"]}]},{\"@type\":\"WebPage\",\"@id\":\"https:\\\/\\\/interamerica.org\\\/es\\\/2020\\\/04\\\/diez-personas-con-covid-19-comparten-lo-que-aprendieron-sobre-dios-y-los-demas\\\/\",\"url\":\"https:\\\/\\\/interamerica.org\\\/es\\\/2020\\\/04\\\/diez-personas-con-covid-19-comparten-lo-que-aprendieron-sobre-dios-y-los-demas\\\/\",\"name\":\"Diez personas con COVID-19 comparten lo que aprendieron sobre Dios y los dem\u00e1s - Iglesia Adventista del S\u00e9ptimo D\u00eda - Divisi\u00f3n Interamericana\",\"isPartOf\":{\"@id\":\"https:\\\/\\\/interamerica.org\\\/es\\\/#website\"},\"primaryImageOfPage\":{\"@id\":\"https:\\\/\\\/interamerica.org\\\/es\\\/2020\\\/04\\\/diez-personas-con-covid-19-comparten-lo-que-aprendieron-sobre-dios-y-los-demas\\\/#primaryimage\"},\"image\":{\"@id\":\"https:\\\/\\\/interamerica.org\\\/es\\\/2020\\\/04\\\/diez-personas-con-covid-19-comparten-lo-que-aprendieron-sobre-dios-y-los-demas\\\/#primaryimage\"},\"thumbnailUrl\":\"https:\\\/\\\/interamerica.org\\\/wp-content\\\/uploads\\\/2020\\\/04\\\/10-people-with-covid-19-share-what-they-learned-about-god-and-others.jpg\",\"datePublished\":\"2020-04-09T02:27:38+00:00\",\"dateModified\":\"2020-04-09T15:17:00+00:00\",\"author\":{\"@id\":\"https:\\\/\\\/interamerica.org\\\/es\\\/#\\\/schema\\\/person\\\/29998f2bc2d8bd0d38662909289b54f1\"},\"breadcrumb\":{\"@id\":\"https:\\\/\\\/interamerica.org\\\/es\\\/2020\\\/04\\\/diez-personas-con-covid-19-comparten-lo-que-aprendieron-sobre-dios-y-los-demas\\\/#breadcrumb\"},\"inLanguage\":\"es\",\"potentialAction\":[{\"@type\":\"ReadAction\",\"target\":[\"https:\\\/\\\/interamerica.org\\\/es\\\/2020\\\/04\\\/diez-personas-con-covid-19-comparten-lo-que-aprendieron-sobre-dios-y-los-demas\\\/\"]}]},{\"@type\":\"ImageObject\",\"inLanguage\":\"es\",\"@id\":\"https:\\\/\\\/interamerica.org\\\/es\\\/2020\\\/04\\\/diez-personas-con-covid-19-comparten-lo-que-aprendieron-sobre-dios-y-los-demas\\\/#primaryimage\",\"url\":\"https:\\\/\\\/interamerica.org\\\/wp-content\\\/uploads\\\/2020\\\/04\\\/10-people-with-covid-19-share-what-they-learned-about-god-and-others.jpg\",\"contentUrl\":\"https:\\\/\\\/interamerica.org\\\/wp-content\\\/uploads\\\/2020\\\/04\\\/10-people-with-covid-19-share-what-they-learned-about-god-and-others.jpg\",\"width\":1000,\"height\":500},{\"@type\":\"BreadcrumbList\",\"@id\":\"https:\\\/\\\/interamerica.org\\\/es\\\/2020\\\/04\\\/diez-personas-con-covid-19-comparten-lo-que-aprendieron-sobre-dios-y-los-demas\\\/#breadcrumb\",\"itemListElement\":[{\"@type\":\"ListItem\",\"position\":1,\"name\":\"Home\",\"item\":\"https:\\\/\\\/interamerica.org\\\/es\\\/\"},{\"@type\":\"ListItem\",\"position\":2,\"name\":\"Diez personas con COVID-19 comparten lo que aprendieron sobre Dios y los dem\u00e1s\"}]},{\"@type\":\"WebSite\",\"@id\":\"https:\\\/\\\/interamerica.org\\\/es\\\/#website\",\"url\":\"https:\\\/\\\/interamerica.org\\\/es\\\/\",\"name\":\"Iglesia Adventista del S\u00e9ptimo D\u00eda - Divisi\u00f3n Interamericana\",\"description\":\"\",\"potentialAction\":[{\"@type\":\"SearchAction\",\"target\":{\"@type\":\"EntryPoint\",\"urlTemplate\":\"https:\\\/\\\/interamerica.org\\\/es\\\/?s={search_term_string}\"},\"query-input\":{\"@type\":\"PropertyValueSpecification\",\"valueRequired\":true,\"valueName\":\"search_term_string\"}}],\"inLanguage\":\"es\"},{\"@type\":\"Person\",\"@id\":\"https:\\\/\\\/interamerica.org\\\/es\\\/#\\\/schema\\\/person\\\/29998f2bc2d8bd0d38662909289b54f1\",\"name\":\"libna\",\"image\":{\"@type\":\"ImageObject\",\"inLanguage\":\"es\",\"@id\":\"https:\\\/\\\/secure.gravatar.com\\\/avatar\\\/7c5bd30ae4b47a9ba3c856590957fd1d96dc588bf3ac05719d247e126840331f?s=96&d=mm&r=g\",\"url\":\"https:\\\/\\\/secure.gravatar.com\\\/avatar\\\/7c5bd30ae4b47a9ba3c856590957fd1d96dc588bf3ac05719d247e126840331f?s=96&d=mm&r=g\",\"contentUrl\":\"https:\\\/\\\/secure.gravatar.com\\\/avatar\\\/7c5bd30ae4b47a9ba3c856590957fd1d96dc588bf3ac05719d247e126840331f?s=96&d=mm&r=g\",\"caption\":\"libna\"}}]}<\/script>\n<!-- \/ Yoast SEO plugin. -->","yoast_head_json":{"title":"Diez personas con COVID-19 comparten lo que aprendieron sobre Dios y los dem\u00e1s - Iglesia Adventista del S\u00e9ptimo D\u00eda - Divisi\u00f3n Interamericana","robots":{"index":"index","follow":"follow","max-snippet":"max-snippet:-1","max-image-preview":"max-image-preview:large","max-video-preview":"max-video-preview:-1"},"canonical":"https:\/\/interamerica.org\/es\/2020\/04\/diez-personas-con-covid-19-comparten-lo-que-aprendieron-sobre-dios-y-los-demas\/","og_locale":"es_ES","og_type":"article","og_title":"Diez personas con COVID-19 comparten lo que aprendieron sobre Dios y los dem\u00e1s - Iglesia Adventista del S\u00e9ptimo D\u00eda - Divisi\u00f3n Interamericana","og_description":"7 de abril de 2020 | St. Albans, Reino Unido | Por: Norel Iacob, para la Divisi\u00f3n Transeuropea, y Adventist Review Viven en cinco pa\u00edses europeos y no podr\u00edan ser...","og_url":"https:\/\/interamerica.org\/es\/2020\/04\/diez-personas-con-covid-19-comparten-lo-que-aprendieron-sobre-dios-y-los-demas\/","og_site_name":"Iglesia Adventista del S\u00e9ptimo D\u00eda - Divisi\u00f3n Interamericana","article_published_time":"2020-04-09T02:27:38+00:00","article_modified_time":"2020-04-09T15:17:00+00:00","og_image":[{"width":1000,"height":500,"url":"https:\/\/interamerica.org\/wp-content\/uploads\/2020\/04\/10-people-with-covid-19-share-what-they-learned-about-god-and-others.jpg","type":"image\/jpeg"}],"author":"libna","twitter_card":"summary_large_image","twitter_misc":{"Escrito por":"libna","Tiempo de lectura":"7 minutos"},"schema":{"@context":"https:\/\/schema.org","@graph":[{"@type":"Article","@id":"https:\/\/interamerica.org\/es\/2020\/04\/diez-personas-con-covid-19-comparten-lo-que-aprendieron-sobre-dios-y-los-demas\/#article","isPartOf":{"@id":"https:\/\/interamerica.org\/es\/2020\/04\/diez-personas-con-covid-19-comparten-lo-que-aprendieron-sobre-dios-y-los-demas\/"},"author":{"name":"libna","@id":"https:\/\/interamerica.org\/es\/#\/schema\/person\/29998f2bc2d8bd0d38662909289b54f1"},"headline":"Diez personas con COVID-19 comparten lo que aprendieron sobre Dios y los dem\u00e1s","datePublished":"2020-04-09T02:27:38+00:00","dateModified":"2020-04-09T15:17:00+00:00","mainEntityOfPage":{"@id":"https:\/\/interamerica.org\/es\/2020\/04\/diez-personas-con-covid-19-comparten-lo-que-aprendieron-sobre-dios-y-los-demas\/"},"wordCount":1456,"commentCount":0,"image":{"@id":"https:\/\/interamerica.org\/es\/2020\/04\/diez-personas-con-covid-19-comparten-lo-que-aprendieron-sobre-dios-y-los-demas\/#primaryimage"},"thumbnailUrl":"https:\/\/interamerica.org\/wp-content\/uploads\/2020\/04\/10-people-with-covid-19-share-what-they-learned-about-god-and-others.jpg","articleSection":["Desde la iglesia mundial","RSS Espa\u00f1ol"],"inLanguage":"es","potentialAction":[{"@type":"CommentAction","name":"Comment","target":["https:\/\/interamerica.org\/es\/2020\/04\/diez-personas-con-covid-19-comparten-lo-que-aprendieron-sobre-dios-y-los-demas\/#respond"]}]},{"@type":"WebPage","@id":"https:\/\/interamerica.org\/es\/2020\/04\/diez-personas-con-covid-19-comparten-lo-que-aprendieron-sobre-dios-y-los-demas\/","url":"https:\/\/interamerica.org\/es\/2020\/04\/diez-personas-con-covid-19-comparten-lo-que-aprendieron-sobre-dios-y-los-demas\/","name":"Diez personas con COVID-19 comparten lo que aprendieron sobre Dios y los dem\u00e1s - Iglesia Adventista del S\u00e9ptimo D\u00eda - Divisi\u00f3n Interamericana","isPartOf":{"@id":"https:\/\/interamerica.org\/es\/#website"},"primaryImageOfPage":{"@id":"https:\/\/interamerica.org\/es\/2020\/04\/diez-personas-con-covid-19-comparten-lo-que-aprendieron-sobre-dios-y-los-demas\/#primaryimage"},"image":{"@id":"https:\/\/interamerica.org\/es\/2020\/04\/diez-personas-con-covid-19-comparten-lo-que-aprendieron-sobre-dios-y-los-demas\/#primaryimage"},"thumbnailUrl":"https:\/\/interamerica.org\/wp-content\/uploads\/2020\/04\/10-people-with-covid-19-share-what-they-learned-about-god-and-others.jpg","datePublished":"2020-04-09T02:27:38+00:00","dateModified":"2020-04-09T15:17:00+00:00","author":{"@id":"https:\/\/interamerica.org\/es\/#\/schema\/person\/29998f2bc2d8bd0d38662909289b54f1"},"breadcrumb":{"@id":"https:\/\/interamerica.org\/es\/2020\/04\/diez-personas-con-covid-19-comparten-lo-que-aprendieron-sobre-dios-y-los-demas\/#breadcrumb"},"inLanguage":"es","potentialAction":[{"@type":"ReadAction","target":["https:\/\/interamerica.org\/es\/2020\/04\/diez-personas-con-covid-19-comparten-lo-que-aprendieron-sobre-dios-y-los-demas\/"]}]},{"@type":"ImageObject","inLanguage":"es","@id":"https:\/\/interamerica.org\/es\/2020\/04\/diez-personas-con-covid-19-comparten-lo-que-aprendieron-sobre-dios-y-los-demas\/#primaryimage","url":"https:\/\/interamerica.org\/wp-content\/uploads\/2020\/04\/10-people-with-covid-19-share-what-they-learned-about-god-and-others.jpg","contentUrl":"https:\/\/interamerica.org\/wp-content\/uploads\/2020\/04\/10-people-with-covid-19-share-what-they-learned-about-god-and-others.jpg","width":1000,"height":500},{"@type":"BreadcrumbList","@id":"https:\/\/interamerica.org\/es\/2020\/04\/diez-personas-con-covid-19-comparten-lo-que-aprendieron-sobre-dios-y-los-demas\/#breadcrumb","itemListElement":[{"@type":"ListItem","position":1,"name":"Home","item":"https:\/\/interamerica.org\/es\/"},{"@type":"ListItem","position":2,"name":"Diez personas con COVID-19 comparten lo que aprendieron sobre Dios y los dem\u00e1s"}]},{"@type":"WebSite","@id":"https:\/\/interamerica.org\/es\/#website","url":"https:\/\/interamerica.org\/es\/","name":"Iglesia Adventista del S\u00e9ptimo D\u00eda - Divisi\u00f3n Interamericana","description":"","potentialAction":[{"@type":"SearchAction","target":{"@type":"EntryPoint","urlTemplate":"https:\/\/interamerica.org\/es\/?s={search_term_string}"},"query-input":{"@type":"PropertyValueSpecification","valueRequired":true,"valueName":"search_term_string"}}],"inLanguage":"es"},{"@type":"Person","@id":"https:\/\/interamerica.org\/es\/#\/schema\/person\/29998f2bc2d8bd0d38662909289b54f1","name":"libna","image":{"@type":"ImageObject","inLanguage":"es","@id":"https:\/\/secure.gravatar.com\/avatar\/7c5bd30ae4b47a9ba3c856590957fd1d96dc588bf3ac05719d247e126840331f?s=96&d=mm&r=g","url":"https:\/\/secure.gravatar.com\/avatar\/7c5bd30ae4b47a9ba3c856590957fd1d96dc588bf3ac05719d247e126840331f?s=96&d=mm&r=g","contentUrl":"https:\/\/secure.gravatar.com\/avatar\/7c5bd30ae4b47a9ba3c856590957fd1d96dc588bf3ac05719d247e126840331f?s=96&d=mm&r=g","caption":"libna"}}]}},"_links":{"self":[{"href":"https:\/\/interamerica.org\/es\/wp-json\/wp\/v2\/posts\/57279","targetHints":{"allow":["GET"]}}],"collection":[{"href":"https:\/\/interamerica.org\/es\/wp-json\/wp\/v2\/posts"}],"about":[{"href":"https:\/\/interamerica.org\/es\/wp-json\/wp\/v2\/types\/post"}],"author":[{"embeddable":true,"href":"https:\/\/interamerica.org\/es\/wp-json\/wp\/v2\/users\/3"}],"replies":[{"embeddable":true,"href":"https:\/\/interamerica.org\/es\/wp-json\/wp\/v2\/comments?post=57279"}],"version-history":[{"count":0,"href":"https:\/\/interamerica.org\/es\/wp-json\/wp\/v2\/posts\/57279\/revisions"}],"wp:featuredmedia":[{"embeddable":true,"href":"https:\/\/interamerica.org\/es\/wp-json\/wp\/v2\/media\/57276"}],"wp:attachment":[{"href":"https:\/\/interamerica.org\/es\/wp-json\/wp\/v2\/media?parent=57279"}],"wp:term":[{"taxonomy":"category","embeddable":true,"href":"https:\/\/interamerica.org\/es\/wp-json\/wp\/v2\/categories?post=57279"},{"taxonomy":"post_tag","embeddable":true,"href":"https:\/\/interamerica.org\/es\/wp-json\/wp\/v2\/tags?post=57279"}],"curies":[{"name":"wp","href":"https:\/\/api.w.org\/{rel}","templated":true}]}}