{"id":57373,"date":"2020-04-10T10:00:41","date_gmt":"2020-04-10T14:00:41","guid":{"rendered":"https:\/\/recursing-golick.147-182-135-0.plesk.page\/?p=57373"},"modified":"2020-04-10T13:15:07","modified_gmt":"2020-04-10T17:15:07","slug":"mira-a-tu-alrededor-por-un-momento","status":"publish","type":"post","link":"https:\/\/interamerica.org\/es\/2020\/04\/mira-a-tu-alrededor-por-un-momento\/","title":{"rendered":"Mira a tu alrededor por un momento"},"content":{"rendered":"<p>10 de abril 2020 | Miami, Florida, Estados Unidos | Por Hiram Ruiz, Divisi\u00f3n Interamericana<\/p>\n<p>\u00bfRecuerdas el Salmo 32:8?: \u201cTe har\u00e9 entender y te mostrar\u00e9 el camino por el que debes andar, sobre ti fijar\u00e9 mis ojos\u201d. Quiero que mires a tu alrededor por un momento y pienses en qu\u00e9 es lo que tienes y qu\u00e9 puedes hacer con eso.<\/p>\n<p>El 23 de marzo, solo unos d\u00edas despu\u00e9s de formarse la iglesia virtual PCM, vi llorar a una joven en una transmisi\u00f3n donde est\u00e1bamos rodeados de universitarios y profesionales como t\u00fa. Nos dijo: <em>Me sent\u00eda muy sola, muy presionada, con mucho temor de no saber c\u00f3mo enfrentar todo lo que ven\u00eda por delante y de pronto le\u00ed una publicaci\u00f3n sobre la iglesia digital universitaria PCM y aqu\u00ed estoy. Quiero agradecerles por lo que est\u00e1n haciendo Esto se ha convertido en mi refugio, mi oasis en medio de todo lo que est\u00e1 pasando a mi alrededor, pensando que no lo pod\u00eda sobrellevar. Se sec\u00f3 las l\u00e1grimas y nos dijo: Gracias por los cantos, gracias por el mensaje de hoy, gracias por sus sonrisas, gracias por orar por nosotros, gracias por dejarme hablar.<\/em><\/p>\n<p>Poco tiempo despu\u00e9s or\u00e9 por ella y por los que est\u00e1bamos en la reuni\u00f3n virtual, que abarca un promedio diario de 55 puntos de reuni\u00f3n, y su rostro se transform\u00f3, el dolor desapareci\u00f3 y ahora se pod\u00eda ver luz en sus ojos, una sonrisa y tranquilidad y paz.<\/p>\n<p>Al mirar a tu alrededor en busca de qu\u00e9 puedes hacer, me gustar\u00eda compartir algunas sugerencias. Recuerda que somos cerca de 20,000 universitarios involucrados de diversas maneras en este ministerio, en medio de todo lo que est\u00e1 pasando.<\/p>\n<p>En primer lugar dale gracias a Dios porque est\u00e1s aqu\u00ed leyendo esto. Piensa en las palabras del Salmo 63:3. Muchos m\u00e1s de los que imaginas, no lo leer\u00e1n, ni est\u00e1n m\u00e1s all\u00ed donde com\u00fanmente estaban. Son ahora un recuerdo, porque la muerte los sorprendi\u00f3. En segundo lugar, mira a tu alrededor y lee Juan 4:35. \u00bfTal vez esta cosecha se refiera a un familiar, amigos o las personas que te rentan un lugar para vivir?<\/p>\n<p>Te propongo algo que podr\u00edas hacer por ellos. Por ejemplo, Eric Garc\u00eda, de El Salvador, se atrevi\u00f3 el 20 de marzo, en medio de la pandemia, a formar un grupo por Zoom, a fin de reunir a sus amigos y cantar y orar juntos. En pocos d\u00edas se convirti\u00f3 en la iglesia virtual universitaria PCM, donde participan m\u00e1s de 16 pa\u00edses de Interam\u00e9rica, Sudam\u00e9rica y otras partes del mundo y que se re\u00fane todos los d\u00edas de la semana a las 8:00 p.m., hora del Este, y los s\u00e1bados a las 11:30 a.m. El s\u00e1bado 2 de abril, el Dr. Elie Henry present\u00f3 el mensaje del culto divino, acerca de un Dios que escucha, ve, conoce y act\u00faa a nuestro favor. Ahora son m\u00e1s de 12 grupos que se re\u00fanen en distintos pa\u00edses de la Divisi\u00f3n.<\/p>\n<p>Me dijo Enrique Chuc Mac, un l\u00edder de PCM en Guatemala, que hab\u00eda salido a la calle a comprar alimentos y vio a una persona indigente y le compr\u00f3 comida, siguiendo el ejemplo de Jes\u00fas en Mateo 14:13,14. Casi le cuesta ser arrestado, porque no deb\u00eda desviarse camino a su casa llevando su provisi\u00f3n. Pero la gratitud del indigente le hizo olvidar la dificultad del incidente.<\/p>\n<p>\u00bfQu\u00e9 te parece orar por un amigo de la iglesia? Env\u00edale un mensaje o ll\u00e1malo para preguntarle c\u00f3mo est\u00e1 durante este confinamiento para conservar su salud y la de otros. Preg\u00fantale qu\u00e9 vers\u00edculo de la Biblia lo ha sostenido en estos d\u00edas. Luego dile: \u201cQuiero orar por ti, \u00bfqu\u00e9 deseas que pida en esta oraci\u00f3n? Ora entonces y desp\u00eddete. Si puedes, repite la misma acci\u00f3n con cuantas personas puedas y quieras alcanzar. Si tu amigo no es cristiano, tal vez le puedes preguntar: \u201c\u00bfHay algo que te ha sostenido en estos d\u00edas? Para m\u00ed ha sido Dios y quiero pedirle que te ayude a ti tambi\u00e9n\u201d. Puedes leerle Salmos 57:1.<\/p>\n<p>\u00bfRecuerdas a tus maestros en la escuela? Cuando est\u00e9s estudiando en l\u00ednea, env\u00eda un mensaje privado al profesor en el chat y agrad\u00e9cele el gran esfuerzo que hace por llevar adelante su materia. Puedes decirle: \u201cProfesor, yo no s\u00e9 si Ud. cree en Dios, pero yo s\u00ed y le pedir\u00e9 que le d\u00e9 fuerza a usted y a su familia mientras termina todo esto y puedan estar bien.<\/p>\n<p>\u00bfRecuerdas a alguien que alguna vez te busc\u00f3 porque eres cristiano y te pidi\u00f3 un consejo? Ahora es el tiempo de hablarle nuevamente, comparte con \u00e9l un canto de seguridad en Dios y dile que te acordaste de \u00e9l para darle \u00e1nimo. Dile que si necesita platicar no dude en llamarte. El dedicar tiempo para escuchar a alguien, es un regalo que no tiene precio. Habla con ese amigo que por alg\u00fan motivo no hab\u00edas podido comunicarte con \u00e9l antes.<\/p>\n<p>Recuerda, hoy es tiempo de decir a los dem\u00e1s que estamos aqu\u00ed para ser una familia. \u00a1Dios cuidar\u00e1 de ti! Es tiempo de mostrar compasi\u00f3n unos por otros, seg\u00fan lo aconseja Mateo 9:36-38. Elena G. White nos recuerda: \u201cNo se pase por alto a los j\u00f3venes; d\u00e9jeselos participar en el trabajo y la responsabilidad. H\u00e1gaseles sentir que tienen que contribuir a beneficiar a otros\u201d (<em>Testimonios para la iglesia<\/em>, t. 6, p. 435).<\/p>\n<p><em>Hiram Ruiz es director de Capellan\u00eda y Ministerio de apoyo a estudiantes y profesionales adventistas en escuelas y universidades no adventistas (PCM).<\/em><\/p>\n<p>&nbsp;<\/p>\n","protected":false},"excerpt":{"rendered":"<p>10 de abril 2020 | Miami, Florida, Estados Unidos | Por Hiram Ruiz, Divisi\u00f3n Interamericana \u00bfRecuerdas el Salmo 32:8?: \u201cTe har\u00e9 entender y te mostrar\u00e9 el camino por el que&#8230;<\/p>\n","protected":false},"author":3,"featured_media":57379,"comment_status":"open","ping_status":"closed","sticky":false,"template":"","format":"standard","meta":{"_acf_changed":false,"footnotes":""},"categories":[16,15],"tags":[],"class_list":["post-57373","post","type-post","status-publish","format-standard","has-post-thumbnail","hentry","category-desde-la-sede","category-rss-espanol"],"acf":[],"yoast_head":"<!-- This site is optimized with the Yoast SEO plugin v27.3 - https:\/\/yoast.com\/product\/yoast-seo-wordpress\/ -->\n<title>Mira a tu alrededor por un momento - Iglesia Adventista del S\u00e9ptimo D\u00eda - Divisi\u00f3n Interamericana<\/title>\n<meta name=\"robots\" content=\"index, follow, max-snippet:-1, max-image-preview:large, max-video-preview:-1\" \/>\n<link rel=\"canonical\" href=\"https:\/\/interamerica.org\/es\/2020\/04\/mira-a-tu-alrededor-por-un-momento\/\" \/>\n<meta property=\"og:locale\" content=\"es_ES\" \/>\n<meta property=\"og:type\" content=\"article\" \/>\n<meta property=\"og:title\" content=\"Mira a tu alrededor por un momento - Iglesia Adventista del S\u00e9ptimo D\u00eda - Divisi\u00f3n Interamericana\" \/>\n<meta property=\"og:description\" content=\"10 de abril 2020 | Miami, Florida, Estados Unidos | Por Hiram Ruiz, Divisi\u00f3n Interamericana \u00bfRecuerdas el Salmo 32:8?: \u201cTe har\u00e9 entender y te mostrar\u00e9 el camino por el que...\" \/>\n<meta property=\"og:url\" content=\"https:\/\/interamerica.org\/es\/2020\/04\/mira-a-tu-alrededor-por-un-momento\/\" \/>\n<meta property=\"og:site_name\" content=\"Iglesia Adventista del S\u00e9ptimo D\u00eda - Divisi\u00f3n Interamericana\" \/>\n<meta property=\"article:published_time\" content=\"2020-04-10T14:00:41+00:00\" \/>\n<meta property=\"article:modified_time\" content=\"2020-04-10T17:15:07+00:00\" \/>\n<meta property=\"og:image\" content=\"https:\/\/interamerica.org\/wp-content\/uploads\/2020\/04\/chad-madden-pply6uwsmp0-unsplash-1-1280.jpg\" \/>\n\t<meta property=\"og:image:width\" content=\"1280\" \/>\n\t<meta property=\"og:image:height\" content=\"800\" \/>\n\t<meta property=\"og:image:type\" content=\"image\/jpeg\" \/>\n<meta name=\"author\" content=\"libna\" \/>\n<meta name=\"twitter:card\" content=\"summary_large_image\" \/>\n<meta name=\"twitter:label1\" content=\"Escrito por\" \/>\n\t<meta name=\"twitter:data1\" content=\"libna\" \/>\n\t<meta name=\"twitter:label2\" content=\"Tiempo de lectura\" \/>\n\t<meta name=\"twitter:data2\" content=\"5 minutos\" \/>\n<script type=\"application\/ld+json\" class=\"yoast-schema-graph\">{\"@context\":\"https:\\\/\\\/schema.org\",\"@graph\":[{\"@type\":\"Article\",\"@id\":\"https:\\\/\\\/interamerica.org\\\/es\\\/2020\\\/04\\\/mira-a-tu-alrededor-por-un-momento\\\/#article\",\"isPartOf\":{\"@id\":\"https:\\\/\\\/interamerica.org\\\/es\\\/2020\\\/04\\\/mira-a-tu-alrededor-por-un-momento\\\/\"},\"author\":{\"name\":\"libna\",\"@id\":\"https:\\\/\\\/interamerica.org\\\/es\\\/#\\\/schema\\\/person\\\/29998f2bc2d8bd0d38662909289b54f1\"},\"headline\":\"Mira a tu alrededor por un momento\",\"datePublished\":\"2020-04-10T14:00:41+00:00\",\"dateModified\":\"2020-04-10T17:15:07+00:00\",\"mainEntityOfPage\":{\"@id\":\"https:\\\/\\\/interamerica.org\\\/es\\\/2020\\\/04\\\/mira-a-tu-alrededor-por-un-momento\\\/\"},\"wordCount\":965,\"commentCount\":0,\"image\":{\"@id\":\"https:\\\/\\\/interamerica.org\\\/es\\\/2020\\\/04\\\/mira-a-tu-alrededor-por-un-momento\\\/#primaryimage\"},\"thumbnailUrl\":\"https:\\\/\\\/interamerica.org\\\/wp-content\\\/uploads\\\/2020\\\/04\\\/chad-madden-pply6uwsmp0-unsplash-1-1280.jpg\",\"articleSection\":[\"Desde la sede\",\"RSS Espa\u00f1ol\"],\"inLanguage\":\"es\",\"potentialAction\":[{\"@type\":\"CommentAction\",\"name\":\"Comment\",\"target\":[\"https:\\\/\\\/interamerica.org\\\/es\\\/2020\\\/04\\\/mira-a-tu-alrededor-por-un-momento\\\/#respond\"]}]},{\"@type\":\"WebPage\",\"@id\":\"https:\\\/\\\/interamerica.org\\\/es\\\/2020\\\/04\\\/mira-a-tu-alrededor-por-un-momento\\\/\",\"url\":\"https:\\\/\\\/interamerica.org\\\/es\\\/2020\\\/04\\\/mira-a-tu-alrededor-por-un-momento\\\/\",\"name\":\"Mira a tu alrededor por un momento - Iglesia Adventista del S\u00e9ptimo D\u00eda - Divisi\u00f3n Interamericana\",\"isPartOf\":{\"@id\":\"https:\\\/\\\/interamerica.org\\\/es\\\/#website\"},\"primaryImageOfPage\":{\"@id\":\"https:\\\/\\\/interamerica.org\\\/es\\\/2020\\\/04\\\/mira-a-tu-alrededor-por-un-momento\\\/#primaryimage\"},\"image\":{\"@id\":\"https:\\\/\\\/interamerica.org\\\/es\\\/2020\\\/04\\\/mira-a-tu-alrededor-por-un-momento\\\/#primaryimage\"},\"thumbnailUrl\":\"https:\\\/\\\/interamerica.org\\\/wp-content\\\/uploads\\\/2020\\\/04\\\/chad-madden-pply6uwsmp0-unsplash-1-1280.jpg\",\"datePublished\":\"2020-04-10T14:00:41+00:00\",\"dateModified\":\"2020-04-10T17:15:07+00:00\",\"author\":{\"@id\":\"https:\\\/\\\/interamerica.org\\\/es\\\/#\\\/schema\\\/person\\\/29998f2bc2d8bd0d38662909289b54f1\"},\"breadcrumb\":{\"@id\":\"https:\\\/\\\/interamerica.org\\\/es\\\/2020\\\/04\\\/mira-a-tu-alrededor-por-un-momento\\\/#breadcrumb\"},\"inLanguage\":\"es\",\"potentialAction\":[{\"@type\":\"ReadAction\",\"target\":[\"https:\\\/\\\/interamerica.org\\\/es\\\/2020\\\/04\\\/mira-a-tu-alrededor-por-un-momento\\\/\"]}]},{\"@type\":\"ImageObject\",\"inLanguage\":\"es\",\"@id\":\"https:\\\/\\\/interamerica.org\\\/es\\\/2020\\\/04\\\/mira-a-tu-alrededor-por-un-momento\\\/#primaryimage\",\"url\":\"https:\\\/\\\/interamerica.org\\\/wp-content\\\/uploads\\\/2020\\\/04\\\/chad-madden-pply6uwsmp0-unsplash-1-1280.jpg\",\"contentUrl\":\"https:\\\/\\\/interamerica.org\\\/wp-content\\\/uploads\\\/2020\\\/04\\\/chad-madden-pply6uwsmp0-unsplash-1-1280.jpg\",\"width\":1280,\"height\":800},{\"@type\":\"BreadcrumbList\",\"@id\":\"https:\\\/\\\/interamerica.org\\\/es\\\/2020\\\/04\\\/mira-a-tu-alrededor-por-un-momento\\\/#breadcrumb\",\"itemListElement\":[{\"@type\":\"ListItem\",\"position\":1,\"name\":\"Home\",\"item\":\"https:\\\/\\\/interamerica.org\\\/es\\\/\"},{\"@type\":\"ListItem\",\"position\":2,\"name\":\"Mira a tu alrededor por un momento\"}]},{\"@type\":\"WebSite\",\"@id\":\"https:\\\/\\\/interamerica.org\\\/es\\\/#website\",\"url\":\"https:\\\/\\\/interamerica.org\\\/es\\\/\",\"name\":\"Iglesia Adventista del S\u00e9ptimo D\u00eda - Divisi\u00f3n Interamericana\",\"description\":\"\",\"potentialAction\":[{\"@type\":\"SearchAction\",\"target\":{\"@type\":\"EntryPoint\",\"urlTemplate\":\"https:\\\/\\\/interamerica.org\\\/es\\\/?s={search_term_string}\"},\"query-input\":{\"@type\":\"PropertyValueSpecification\",\"valueRequired\":true,\"valueName\":\"search_term_string\"}}],\"inLanguage\":\"es\"},{\"@type\":\"Person\",\"@id\":\"https:\\\/\\\/interamerica.org\\\/es\\\/#\\\/schema\\\/person\\\/29998f2bc2d8bd0d38662909289b54f1\",\"name\":\"libna\",\"image\":{\"@type\":\"ImageObject\",\"inLanguage\":\"es\",\"@id\":\"https:\\\/\\\/secure.gravatar.com\\\/avatar\\\/7c5bd30ae4b47a9ba3c856590957fd1d96dc588bf3ac05719d247e126840331f?s=96&d=mm&r=g\",\"url\":\"https:\\\/\\\/secure.gravatar.com\\\/avatar\\\/7c5bd30ae4b47a9ba3c856590957fd1d96dc588bf3ac05719d247e126840331f?s=96&d=mm&r=g\",\"contentUrl\":\"https:\\\/\\\/secure.gravatar.com\\\/avatar\\\/7c5bd30ae4b47a9ba3c856590957fd1d96dc588bf3ac05719d247e126840331f?s=96&d=mm&r=g\",\"caption\":\"libna\"}}]}<\/script>\n<!-- \/ Yoast SEO plugin. -->","yoast_head_json":{"title":"Mira a tu alrededor por un momento - Iglesia Adventista del S\u00e9ptimo D\u00eda - Divisi\u00f3n Interamericana","robots":{"index":"index","follow":"follow","max-snippet":"max-snippet:-1","max-image-preview":"max-image-preview:large","max-video-preview":"max-video-preview:-1"},"canonical":"https:\/\/interamerica.org\/es\/2020\/04\/mira-a-tu-alrededor-por-un-momento\/","og_locale":"es_ES","og_type":"article","og_title":"Mira a tu alrededor por un momento - Iglesia Adventista del S\u00e9ptimo D\u00eda - Divisi\u00f3n Interamericana","og_description":"10 de abril 2020 | Miami, Florida, Estados Unidos | Por Hiram Ruiz, Divisi\u00f3n Interamericana \u00bfRecuerdas el Salmo 32:8?: \u201cTe har\u00e9 entender y te mostrar\u00e9 el camino por el que...","og_url":"https:\/\/interamerica.org\/es\/2020\/04\/mira-a-tu-alrededor-por-un-momento\/","og_site_name":"Iglesia Adventista del S\u00e9ptimo D\u00eda - Divisi\u00f3n Interamericana","article_published_time":"2020-04-10T14:00:41+00:00","article_modified_time":"2020-04-10T17:15:07+00:00","og_image":[{"width":1280,"height":800,"url":"https:\/\/interamerica.org\/wp-content\/uploads\/2020\/04\/chad-madden-pply6uwsmp0-unsplash-1-1280.jpg","type":"image\/jpeg"}],"author":"libna","twitter_card":"summary_large_image","twitter_misc":{"Escrito por":"libna","Tiempo de lectura":"5 minutos"},"schema":{"@context":"https:\/\/schema.org","@graph":[{"@type":"Article","@id":"https:\/\/interamerica.org\/es\/2020\/04\/mira-a-tu-alrededor-por-un-momento\/#article","isPartOf":{"@id":"https:\/\/interamerica.org\/es\/2020\/04\/mira-a-tu-alrededor-por-un-momento\/"},"author":{"name":"libna","@id":"https:\/\/interamerica.org\/es\/#\/schema\/person\/29998f2bc2d8bd0d38662909289b54f1"},"headline":"Mira a tu alrededor por un momento","datePublished":"2020-04-10T14:00:41+00:00","dateModified":"2020-04-10T17:15:07+00:00","mainEntityOfPage":{"@id":"https:\/\/interamerica.org\/es\/2020\/04\/mira-a-tu-alrededor-por-un-momento\/"},"wordCount":965,"commentCount":0,"image":{"@id":"https:\/\/interamerica.org\/es\/2020\/04\/mira-a-tu-alrededor-por-un-momento\/#primaryimage"},"thumbnailUrl":"https:\/\/interamerica.org\/wp-content\/uploads\/2020\/04\/chad-madden-pply6uwsmp0-unsplash-1-1280.jpg","articleSection":["Desde la sede","RSS Espa\u00f1ol"],"inLanguage":"es","potentialAction":[{"@type":"CommentAction","name":"Comment","target":["https:\/\/interamerica.org\/es\/2020\/04\/mira-a-tu-alrededor-por-un-momento\/#respond"]}]},{"@type":"WebPage","@id":"https:\/\/interamerica.org\/es\/2020\/04\/mira-a-tu-alrededor-por-un-momento\/","url":"https:\/\/interamerica.org\/es\/2020\/04\/mira-a-tu-alrededor-por-un-momento\/","name":"Mira a tu alrededor por un momento - Iglesia Adventista del S\u00e9ptimo D\u00eda - Divisi\u00f3n Interamericana","isPartOf":{"@id":"https:\/\/interamerica.org\/es\/#website"},"primaryImageOfPage":{"@id":"https:\/\/interamerica.org\/es\/2020\/04\/mira-a-tu-alrededor-por-un-momento\/#primaryimage"},"image":{"@id":"https:\/\/interamerica.org\/es\/2020\/04\/mira-a-tu-alrededor-por-un-momento\/#primaryimage"},"thumbnailUrl":"https:\/\/interamerica.org\/wp-content\/uploads\/2020\/04\/chad-madden-pply6uwsmp0-unsplash-1-1280.jpg","datePublished":"2020-04-10T14:00:41+00:00","dateModified":"2020-04-10T17:15:07+00:00","author":{"@id":"https:\/\/interamerica.org\/es\/#\/schema\/person\/29998f2bc2d8bd0d38662909289b54f1"},"breadcrumb":{"@id":"https:\/\/interamerica.org\/es\/2020\/04\/mira-a-tu-alrededor-por-un-momento\/#breadcrumb"},"inLanguage":"es","potentialAction":[{"@type":"ReadAction","target":["https:\/\/interamerica.org\/es\/2020\/04\/mira-a-tu-alrededor-por-un-momento\/"]}]},{"@type":"ImageObject","inLanguage":"es","@id":"https:\/\/interamerica.org\/es\/2020\/04\/mira-a-tu-alrededor-por-un-momento\/#primaryimage","url":"https:\/\/interamerica.org\/wp-content\/uploads\/2020\/04\/chad-madden-pply6uwsmp0-unsplash-1-1280.jpg","contentUrl":"https:\/\/interamerica.org\/wp-content\/uploads\/2020\/04\/chad-madden-pply6uwsmp0-unsplash-1-1280.jpg","width":1280,"height":800},{"@type":"BreadcrumbList","@id":"https:\/\/interamerica.org\/es\/2020\/04\/mira-a-tu-alrededor-por-un-momento\/#breadcrumb","itemListElement":[{"@type":"ListItem","position":1,"name":"Home","item":"https:\/\/interamerica.org\/es\/"},{"@type":"ListItem","position":2,"name":"Mira a tu alrededor por un momento"}]},{"@type":"WebSite","@id":"https:\/\/interamerica.org\/es\/#website","url":"https:\/\/interamerica.org\/es\/","name":"Iglesia Adventista del S\u00e9ptimo D\u00eda - Divisi\u00f3n Interamericana","description":"","potentialAction":[{"@type":"SearchAction","target":{"@type":"EntryPoint","urlTemplate":"https:\/\/interamerica.org\/es\/?s={search_term_string}"},"query-input":{"@type":"PropertyValueSpecification","valueRequired":true,"valueName":"search_term_string"}}],"inLanguage":"es"},{"@type":"Person","@id":"https:\/\/interamerica.org\/es\/#\/schema\/person\/29998f2bc2d8bd0d38662909289b54f1","name":"libna","image":{"@type":"ImageObject","inLanguage":"es","@id":"https:\/\/secure.gravatar.com\/avatar\/7c5bd30ae4b47a9ba3c856590957fd1d96dc588bf3ac05719d247e126840331f?s=96&d=mm&r=g","url":"https:\/\/secure.gravatar.com\/avatar\/7c5bd30ae4b47a9ba3c856590957fd1d96dc588bf3ac05719d247e126840331f?s=96&d=mm&r=g","contentUrl":"https:\/\/secure.gravatar.com\/avatar\/7c5bd30ae4b47a9ba3c856590957fd1d96dc588bf3ac05719d247e126840331f?s=96&d=mm&r=g","caption":"libna"}}]}},"_links":{"self":[{"href":"https:\/\/interamerica.org\/es\/wp-json\/wp\/v2\/posts\/57373","targetHints":{"allow":["GET"]}}],"collection":[{"href":"https:\/\/interamerica.org\/es\/wp-json\/wp\/v2\/posts"}],"about":[{"href":"https:\/\/interamerica.org\/es\/wp-json\/wp\/v2\/types\/post"}],"author":[{"embeddable":true,"href":"https:\/\/interamerica.org\/es\/wp-json\/wp\/v2\/users\/3"}],"replies":[{"embeddable":true,"href":"https:\/\/interamerica.org\/es\/wp-json\/wp\/v2\/comments?post=57373"}],"version-history":[{"count":0,"href":"https:\/\/interamerica.org\/es\/wp-json\/wp\/v2\/posts\/57373\/revisions"}],"wp:featuredmedia":[{"embeddable":true,"href":"https:\/\/interamerica.org\/es\/wp-json\/wp\/v2\/media\/57379"}],"wp:attachment":[{"href":"https:\/\/interamerica.org\/es\/wp-json\/wp\/v2\/media?parent=57373"}],"wp:term":[{"taxonomy":"category","embeddable":true,"href":"https:\/\/interamerica.org\/es\/wp-json\/wp\/v2\/categories?post=57373"},{"taxonomy":"post_tag","embeddable":true,"href":"https:\/\/interamerica.org\/es\/wp-json\/wp\/v2\/tags?post=57373"}],"curies":[{"name":"wp","href":"https:\/\/api.w.org\/{rel}","templated":true}]}}