{"id":57451,"date":"2020-04-13T20:39:50","date_gmt":"2020-04-14T00:39:50","guid":{"rendered":"https:\/\/recursing-golick.147-182-135-0.plesk.page\/?p=57451"},"modified":"2020-04-14T11:48:41","modified_gmt":"2020-04-14T15:48:41","slug":"anhelaba-la-luz-de-luna-como-anhelaba-que-la-vida-volviera-a-la-normalidad","status":"publish","type":"post","link":"https:\/\/interamerica.org\/es\/2020\/04\/anhelaba-la-luz-de-luna-como-anhelaba-que-la-vida-volviera-a-la-normalidad\/","title":{"rendered":"Anhelaba la luz de luna como anhelaba que la vida volviera a la normalidad"},"content":{"rendered":"<p>13 de abril de 2020 | St. Croix, Islas V\u00edrgenes, Estados Unidos | Annette Walwyn Michael<\/p>\n<p>Me encontraba descansando en la terraza de mi casa una soleada tarde de s\u00e1bado. Fue entonces cuando vi la luna asomada en el claro cielo oriental. S\u00ed, \u00a1la luna!, una luna p\u00e1lida, una luna a plena luz del d\u00eda, portadora de la promesa de una noche de brillante luz de luna, m\u00e1s tarde, mucho m\u00e1s tarde.<\/p>\n<p>Al contemplar esa p\u00e1lida luna a la luz del d\u00eda, como lo har\u00eda un ni\u00f1o en una feria de ciencias, comenc\u00e9 a peguntarme: \u201c\u00bfC\u00f3mo es que la luna apareci\u00f3 durante el d\u00eda? \u00bfNo fue esa luz creada para gobernar de noche? (G\u00e9nesis 1:16). \u00bfPor qu\u00e9 no habr\u00e9 estudiado astrof\u00edsica? Ser\u00e1 ya demasiado tarde para comenzar?\u201d Necesitaba respuestas.<\/p>\n<p>Y c\u00f3mo anhelaba ver la luz de la luna m\u00e1s tarde en medio del cielo oscuro. Ciertamente, el sol todav\u00eda no se hab\u00eda puesto y soplaba una brisa suave. Era un d\u00eda perfecto. Sin embargo, de alguna manera anhelaba esa luz de luna de la misma manera que ahora anhelo que la vida vuelva a su normalidad, cuando se queden atr\u00e1s las m\u00e1scaras faciales protectoras y el distanciamiento social y cuando podamos abrazar nuevamente a nuestros seres amados. Cuando podamos saludar a nuestros vecinos a trav\u00e9s de la reja que divide nuestros patios sin tener que contar los requeridos dos metros de distancia entre ambos. Anhelaba ver nuevamente abiertas las iglesias, a los estudiantes en sus n\u00edtidos uniformes esperando el autob\u00fas que los lleve otra vez a su escuela, el tiempo cuando la falta de respiradores no inunde las noticias del d\u00eda y cuando el vestir trajes de protecci\u00f3n en las salas del hospital ya no sea rutina debido al coronavirus. Anhelaba ese d\u00eda.<\/p>\n<p>Anhelaba la plenitud de la luz lunar y el retorno de la normalidad de la vida. Luego pens\u00e9 en el reloj celestial de Dios. Ese reloj est\u00e1 todav\u00eda programado en \u201cnormal\u201d. A pesar de los desastres que nos rodean, el sol todav\u00eda sale y se pone con confortante regularidad. El centellante roc\u00edo todav\u00eda ablanda el expectante c\u00e9sped cada noche. Las olas todav\u00eda se rompen sobre las blancas playas arenosas, los \u00e1rboles de mango todav\u00eda florecen en marzo y la luna sigue reapareciendo con regularidad confiable. Dios <em>est\u00e1<\/em> todav\u00eda en el trono. \u00a1Aleluya!<\/p>\n<p>Desconozco a\u00fan durante cu\u00e1nto tiempo m\u00e1s el coronavirus seguir\u00e1 plagando el globo, cu\u00e1nto tiempo m\u00e1s esta pandemia nos mantendr\u00e1 de rodillas; pero creo que puedo depender de un Dios que s\u00ed lo sabe. Y conf\u00edo en que, a su tiempo \u201c\u2026se levantar\u00e1 el Sol de justicia trayendo en sus rayos salud\u201d &#8211; Malaqu\u00edas 4:2.<\/p>\n<p><em>Annette Walwyn Michael es miembro de la Iglesia Adventista Central en St. Croix, Islas V\u00edrgenes, Estados Unidos, y esposa de un pastor jubilado.<\/em><\/p>\n<p><em>Traducci\u00f3n &#8211; Gloria A. Castrej\u00f3n<\/em><\/p>\n","protected":false},"excerpt":{"rendered":"<p>13 de abril de 2020 | St. Croix, Islas V\u00edrgenes, Estados Unidos | Annette Walwyn Michael Me encontraba descansando en la terraza de mi casa una soleada tarde de s\u00e1bado&#8230;.<\/p>\n","protected":false},"author":3,"featured_media":57428,"comment_status":"open","ping_status":"closed","sticky":false,"template":"","format":"standard","meta":{"_acf_changed":false,"footnotes":""},"categories":[17,15],"tags":[],"class_list":["post-57451","post","type-post","status-publish","format-standard","has-post-thumbnail","hentry","category-desde-el-campo","category-rss-espanol"],"acf":[],"yoast_head":"<!-- This site is optimized with the Yoast SEO plugin v27.3 - https:\/\/yoast.com\/product\/yoast-seo-wordpress\/ -->\n<title>Anhelaba la luz de luna como anhelaba que la vida volviera a la normalidad - Iglesia Adventista del S\u00e9ptimo D\u00eda - Divisi\u00f3n Interamericana<\/title>\n<meta name=\"robots\" content=\"index, follow, max-snippet:-1, max-image-preview:large, max-video-preview:-1\" \/>\n<link rel=\"canonical\" href=\"https:\/\/interamerica.org\/es\/2020\/04\/anhelaba-la-luz-de-luna-como-anhelaba-que-la-vida-volviera-a-la-normalidad\/\" \/>\n<meta property=\"og:locale\" content=\"es_ES\" \/>\n<meta property=\"og:type\" content=\"article\" \/>\n<meta property=\"og:title\" content=\"Anhelaba la luz de luna como anhelaba que la vida volviera a la normalidad - Iglesia Adventista del S\u00e9ptimo D\u00eda - Divisi\u00f3n Interamericana\" \/>\n<meta property=\"og:description\" content=\"13 de abril de 2020 | St. Croix, Islas V\u00edrgenes, Estados Unidos | Annette Walwyn Michael Me encontraba descansando en la terraza de mi casa una soleada tarde de s\u00e1bado....\" \/>\n<meta property=\"og:url\" content=\"https:\/\/interamerica.org\/es\/2020\/04\/anhelaba-la-luz-de-luna-como-anhelaba-que-la-vida-volviera-a-la-normalidad\/\" \/>\n<meta property=\"og:site_name\" content=\"Iglesia Adventista del S\u00e9ptimo D\u00eda - Divisi\u00f3n Interamericana\" \/>\n<meta property=\"article:published_time\" content=\"2020-04-14T00:39:50+00:00\" \/>\n<meta property=\"article:modified_time\" content=\"2020-04-14T15:48:41+00:00\" \/>\n<meta property=\"og:image\" content=\"https:\/\/interamerica.org\/wp-content\/uploads\/2020\/04\/moon2-crescent-3997318-1920-1280.jpg\" \/>\n\t<meta property=\"og:image:width\" content=\"1280\" \/>\n\t<meta property=\"og:image:height\" content=\"800\" \/>\n\t<meta property=\"og:image:type\" content=\"image\/jpeg\" \/>\n<meta name=\"author\" content=\"libna\" \/>\n<meta name=\"twitter:card\" content=\"summary_large_image\" \/>\n<meta name=\"twitter:label1\" content=\"Escrito por\" \/>\n\t<meta name=\"twitter:data1\" content=\"libna\" \/>\n\t<meta name=\"twitter:label2\" content=\"Tiempo de lectura\" \/>\n\t<meta name=\"twitter:data2\" content=\"3 minutos\" \/>\n<script type=\"application\/ld+json\" class=\"yoast-schema-graph\">{\"@context\":\"https:\\\/\\\/schema.org\",\"@graph\":[{\"@type\":\"Article\",\"@id\":\"https:\\\/\\\/interamerica.org\\\/es\\\/2020\\\/04\\\/anhelaba-la-luz-de-luna-como-anhelaba-que-la-vida-volviera-a-la-normalidad\\\/#article\",\"isPartOf\":{\"@id\":\"https:\\\/\\\/interamerica.org\\\/es\\\/2020\\\/04\\\/anhelaba-la-luz-de-luna-como-anhelaba-que-la-vida-volviera-a-la-normalidad\\\/\"},\"author\":{\"name\":\"libna\",\"@id\":\"https:\\\/\\\/interamerica.org\\\/es\\\/#\\\/schema\\\/person\\\/29998f2bc2d8bd0d38662909289b54f1\"},\"headline\":\"Anhelaba la luz de luna como anhelaba que la vida volviera a la normalidad\",\"datePublished\":\"2020-04-14T00:39:50+00:00\",\"dateModified\":\"2020-04-14T15:48:41+00:00\",\"mainEntityOfPage\":{\"@id\":\"https:\\\/\\\/interamerica.org\\\/es\\\/2020\\\/04\\\/anhelaba-la-luz-de-luna-como-anhelaba-que-la-vida-volviera-a-la-normalidad\\\/\"},\"wordCount\":520,\"commentCount\":0,\"image\":{\"@id\":\"https:\\\/\\\/interamerica.org\\\/es\\\/2020\\\/04\\\/anhelaba-la-luz-de-luna-como-anhelaba-que-la-vida-volviera-a-la-normalidad\\\/#primaryimage\"},\"thumbnailUrl\":\"https:\\\/\\\/interamerica.org\\\/wp-content\\\/uploads\\\/2020\\\/04\\\/moon2-crescent-3997318-1920-1280.jpg\",\"articleSection\":[\"Desde el campo\",\"RSS Espa\u00f1ol\"],\"inLanguage\":\"es\",\"potentialAction\":[{\"@type\":\"CommentAction\",\"name\":\"Comment\",\"target\":[\"https:\\\/\\\/interamerica.org\\\/es\\\/2020\\\/04\\\/anhelaba-la-luz-de-luna-como-anhelaba-que-la-vida-volviera-a-la-normalidad\\\/#respond\"]}]},{\"@type\":\"WebPage\",\"@id\":\"https:\\\/\\\/interamerica.org\\\/es\\\/2020\\\/04\\\/anhelaba-la-luz-de-luna-como-anhelaba-que-la-vida-volviera-a-la-normalidad\\\/\",\"url\":\"https:\\\/\\\/interamerica.org\\\/es\\\/2020\\\/04\\\/anhelaba-la-luz-de-luna-como-anhelaba-que-la-vida-volviera-a-la-normalidad\\\/\",\"name\":\"Anhelaba la luz de luna como anhelaba que la vida volviera a la normalidad - Iglesia Adventista del S\u00e9ptimo D\u00eda - Divisi\u00f3n Interamericana\",\"isPartOf\":{\"@id\":\"https:\\\/\\\/interamerica.org\\\/es\\\/#website\"},\"primaryImageOfPage\":{\"@id\":\"https:\\\/\\\/interamerica.org\\\/es\\\/2020\\\/04\\\/anhelaba-la-luz-de-luna-como-anhelaba-que-la-vida-volviera-a-la-normalidad\\\/#primaryimage\"},\"image\":{\"@id\":\"https:\\\/\\\/interamerica.org\\\/es\\\/2020\\\/04\\\/anhelaba-la-luz-de-luna-como-anhelaba-que-la-vida-volviera-a-la-normalidad\\\/#primaryimage\"},\"thumbnailUrl\":\"https:\\\/\\\/interamerica.org\\\/wp-content\\\/uploads\\\/2020\\\/04\\\/moon2-crescent-3997318-1920-1280.jpg\",\"datePublished\":\"2020-04-14T00:39:50+00:00\",\"dateModified\":\"2020-04-14T15:48:41+00:00\",\"author\":{\"@id\":\"https:\\\/\\\/interamerica.org\\\/es\\\/#\\\/schema\\\/person\\\/29998f2bc2d8bd0d38662909289b54f1\"},\"breadcrumb\":{\"@id\":\"https:\\\/\\\/interamerica.org\\\/es\\\/2020\\\/04\\\/anhelaba-la-luz-de-luna-como-anhelaba-que-la-vida-volviera-a-la-normalidad\\\/#breadcrumb\"},\"inLanguage\":\"es\",\"potentialAction\":[{\"@type\":\"ReadAction\",\"target\":[\"https:\\\/\\\/interamerica.org\\\/es\\\/2020\\\/04\\\/anhelaba-la-luz-de-luna-como-anhelaba-que-la-vida-volviera-a-la-normalidad\\\/\"]}]},{\"@type\":\"ImageObject\",\"inLanguage\":\"es\",\"@id\":\"https:\\\/\\\/interamerica.org\\\/es\\\/2020\\\/04\\\/anhelaba-la-luz-de-luna-como-anhelaba-que-la-vida-volviera-a-la-normalidad\\\/#primaryimage\",\"url\":\"https:\\\/\\\/interamerica.org\\\/wp-content\\\/uploads\\\/2020\\\/04\\\/moon2-crescent-3997318-1920-1280.jpg\",\"contentUrl\":\"https:\\\/\\\/interamerica.org\\\/wp-content\\\/uploads\\\/2020\\\/04\\\/moon2-crescent-3997318-1920-1280.jpg\",\"width\":1280,\"height\":800,\"caption\":\"Imagen: Pixabay\"},{\"@type\":\"BreadcrumbList\",\"@id\":\"https:\\\/\\\/interamerica.org\\\/es\\\/2020\\\/04\\\/anhelaba-la-luz-de-luna-como-anhelaba-que-la-vida-volviera-a-la-normalidad\\\/#breadcrumb\",\"itemListElement\":[{\"@type\":\"ListItem\",\"position\":1,\"name\":\"Home\",\"item\":\"https:\\\/\\\/interamerica.org\\\/es\\\/\"},{\"@type\":\"ListItem\",\"position\":2,\"name\":\"Anhelaba la luz de luna como anhelaba que la vida volviera a la normalidad\"}]},{\"@type\":\"WebSite\",\"@id\":\"https:\\\/\\\/interamerica.org\\\/es\\\/#website\",\"url\":\"https:\\\/\\\/interamerica.org\\\/es\\\/\",\"name\":\"Iglesia Adventista del S\u00e9ptimo D\u00eda - Divisi\u00f3n Interamericana\",\"description\":\"\",\"potentialAction\":[{\"@type\":\"SearchAction\",\"target\":{\"@type\":\"EntryPoint\",\"urlTemplate\":\"https:\\\/\\\/interamerica.org\\\/es\\\/?s={search_term_string}\"},\"query-input\":{\"@type\":\"PropertyValueSpecification\",\"valueRequired\":true,\"valueName\":\"search_term_string\"}}],\"inLanguage\":\"es\"},{\"@type\":\"Person\",\"@id\":\"https:\\\/\\\/interamerica.org\\\/es\\\/#\\\/schema\\\/person\\\/29998f2bc2d8bd0d38662909289b54f1\",\"name\":\"libna\",\"image\":{\"@type\":\"ImageObject\",\"inLanguage\":\"es\",\"@id\":\"https:\\\/\\\/secure.gravatar.com\\\/avatar\\\/7c5bd30ae4b47a9ba3c856590957fd1d96dc588bf3ac05719d247e126840331f?s=96&d=mm&r=g\",\"url\":\"https:\\\/\\\/secure.gravatar.com\\\/avatar\\\/7c5bd30ae4b47a9ba3c856590957fd1d96dc588bf3ac05719d247e126840331f?s=96&d=mm&r=g\",\"contentUrl\":\"https:\\\/\\\/secure.gravatar.com\\\/avatar\\\/7c5bd30ae4b47a9ba3c856590957fd1d96dc588bf3ac05719d247e126840331f?s=96&d=mm&r=g\",\"caption\":\"libna\"}}]}<\/script>\n<!-- \/ Yoast SEO plugin. -->","yoast_head_json":{"title":"Anhelaba la luz de luna como anhelaba que la vida volviera a la normalidad - Iglesia Adventista del S\u00e9ptimo D\u00eda - Divisi\u00f3n Interamericana","robots":{"index":"index","follow":"follow","max-snippet":"max-snippet:-1","max-image-preview":"max-image-preview:large","max-video-preview":"max-video-preview:-1"},"canonical":"https:\/\/interamerica.org\/es\/2020\/04\/anhelaba-la-luz-de-luna-como-anhelaba-que-la-vida-volviera-a-la-normalidad\/","og_locale":"es_ES","og_type":"article","og_title":"Anhelaba la luz de luna como anhelaba que la vida volviera a la normalidad - Iglesia Adventista del S\u00e9ptimo D\u00eda - Divisi\u00f3n Interamericana","og_description":"13 de abril de 2020 | St. Croix, Islas V\u00edrgenes, Estados Unidos | Annette Walwyn Michael Me encontraba descansando en la terraza de mi casa una soleada tarde de s\u00e1bado....","og_url":"https:\/\/interamerica.org\/es\/2020\/04\/anhelaba-la-luz-de-luna-como-anhelaba-que-la-vida-volviera-a-la-normalidad\/","og_site_name":"Iglesia Adventista del S\u00e9ptimo D\u00eda - Divisi\u00f3n Interamericana","article_published_time":"2020-04-14T00:39:50+00:00","article_modified_time":"2020-04-14T15:48:41+00:00","og_image":[{"width":1280,"height":800,"url":"https:\/\/interamerica.org\/wp-content\/uploads\/2020\/04\/moon2-crescent-3997318-1920-1280.jpg","type":"image\/jpeg"}],"author":"libna","twitter_card":"summary_large_image","twitter_misc":{"Escrito por":"libna","Tiempo de lectura":"3 minutos"},"schema":{"@context":"https:\/\/schema.org","@graph":[{"@type":"Article","@id":"https:\/\/interamerica.org\/es\/2020\/04\/anhelaba-la-luz-de-luna-como-anhelaba-que-la-vida-volviera-a-la-normalidad\/#article","isPartOf":{"@id":"https:\/\/interamerica.org\/es\/2020\/04\/anhelaba-la-luz-de-luna-como-anhelaba-que-la-vida-volviera-a-la-normalidad\/"},"author":{"name":"libna","@id":"https:\/\/interamerica.org\/es\/#\/schema\/person\/29998f2bc2d8bd0d38662909289b54f1"},"headline":"Anhelaba la luz de luna como anhelaba que la vida volviera a la normalidad","datePublished":"2020-04-14T00:39:50+00:00","dateModified":"2020-04-14T15:48:41+00:00","mainEntityOfPage":{"@id":"https:\/\/interamerica.org\/es\/2020\/04\/anhelaba-la-luz-de-luna-como-anhelaba-que-la-vida-volviera-a-la-normalidad\/"},"wordCount":520,"commentCount":0,"image":{"@id":"https:\/\/interamerica.org\/es\/2020\/04\/anhelaba-la-luz-de-luna-como-anhelaba-que-la-vida-volviera-a-la-normalidad\/#primaryimage"},"thumbnailUrl":"https:\/\/interamerica.org\/wp-content\/uploads\/2020\/04\/moon2-crescent-3997318-1920-1280.jpg","articleSection":["Desde el campo","RSS Espa\u00f1ol"],"inLanguage":"es","potentialAction":[{"@type":"CommentAction","name":"Comment","target":["https:\/\/interamerica.org\/es\/2020\/04\/anhelaba-la-luz-de-luna-como-anhelaba-que-la-vida-volviera-a-la-normalidad\/#respond"]}]},{"@type":"WebPage","@id":"https:\/\/interamerica.org\/es\/2020\/04\/anhelaba-la-luz-de-luna-como-anhelaba-que-la-vida-volviera-a-la-normalidad\/","url":"https:\/\/interamerica.org\/es\/2020\/04\/anhelaba-la-luz-de-luna-como-anhelaba-que-la-vida-volviera-a-la-normalidad\/","name":"Anhelaba la luz de luna como anhelaba que la vida volviera a la normalidad - Iglesia Adventista del S\u00e9ptimo D\u00eda - Divisi\u00f3n Interamericana","isPartOf":{"@id":"https:\/\/interamerica.org\/es\/#website"},"primaryImageOfPage":{"@id":"https:\/\/interamerica.org\/es\/2020\/04\/anhelaba-la-luz-de-luna-como-anhelaba-que-la-vida-volviera-a-la-normalidad\/#primaryimage"},"image":{"@id":"https:\/\/interamerica.org\/es\/2020\/04\/anhelaba-la-luz-de-luna-como-anhelaba-que-la-vida-volviera-a-la-normalidad\/#primaryimage"},"thumbnailUrl":"https:\/\/interamerica.org\/wp-content\/uploads\/2020\/04\/moon2-crescent-3997318-1920-1280.jpg","datePublished":"2020-04-14T00:39:50+00:00","dateModified":"2020-04-14T15:48:41+00:00","author":{"@id":"https:\/\/interamerica.org\/es\/#\/schema\/person\/29998f2bc2d8bd0d38662909289b54f1"},"breadcrumb":{"@id":"https:\/\/interamerica.org\/es\/2020\/04\/anhelaba-la-luz-de-luna-como-anhelaba-que-la-vida-volviera-a-la-normalidad\/#breadcrumb"},"inLanguage":"es","potentialAction":[{"@type":"ReadAction","target":["https:\/\/interamerica.org\/es\/2020\/04\/anhelaba-la-luz-de-luna-como-anhelaba-que-la-vida-volviera-a-la-normalidad\/"]}]},{"@type":"ImageObject","inLanguage":"es","@id":"https:\/\/interamerica.org\/es\/2020\/04\/anhelaba-la-luz-de-luna-como-anhelaba-que-la-vida-volviera-a-la-normalidad\/#primaryimage","url":"https:\/\/interamerica.org\/wp-content\/uploads\/2020\/04\/moon2-crescent-3997318-1920-1280.jpg","contentUrl":"https:\/\/interamerica.org\/wp-content\/uploads\/2020\/04\/moon2-crescent-3997318-1920-1280.jpg","width":1280,"height":800,"caption":"Imagen: Pixabay"},{"@type":"BreadcrumbList","@id":"https:\/\/interamerica.org\/es\/2020\/04\/anhelaba-la-luz-de-luna-como-anhelaba-que-la-vida-volviera-a-la-normalidad\/#breadcrumb","itemListElement":[{"@type":"ListItem","position":1,"name":"Home","item":"https:\/\/interamerica.org\/es\/"},{"@type":"ListItem","position":2,"name":"Anhelaba la luz de luna como anhelaba que la vida volviera a la normalidad"}]},{"@type":"WebSite","@id":"https:\/\/interamerica.org\/es\/#website","url":"https:\/\/interamerica.org\/es\/","name":"Iglesia Adventista del S\u00e9ptimo D\u00eda - Divisi\u00f3n Interamericana","description":"","potentialAction":[{"@type":"SearchAction","target":{"@type":"EntryPoint","urlTemplate":"https:\/\/interamerica.org\/es\/?s={search_term_string}"},"query-input":{"@type":"PropertyValueSpecification","valueRequired":true,"valueName":"search_term_string"}}],"inLanguage":"es"},{"@type":"Person","@id":"https:\/\/interamerica.org\/es\/#\/schema\/person\/29998f2bc2d8bd0d38662909289b54f1","name":"libna","image":{"@type":"ImageObject","inLanguage":"es","@id":"https:\/\/secure.gravatar.com\/avatar\/7c5bd30ae4b47a9ba3c856590957fd1d96dc588bf3ac05719d247e126840331f?s=96&d=mm&r=g","url":"https:\/\/secure.gravatar.com\/avatar\/7c5bd30ae4b47a9ba3c856590957fd1d96dc588bf3ac05719d247e126840331f?s=96&d=mm&r=g","contentUrl":"https:\/\/secure.gravatar.com\/avatar\/7c5bd30ae4b47a9ba3c856590957fd1d96dc588bf3ac05719d247e126840331f?s=96&d=mm&r=g","caption":"libna"}}]}},"_links":{"self":[{"href":"https:\/\/interamerica.org\/es\/wp-json\/wp\/v2\/posts\/57451","targetHints":{"allow":["GET"]}}],"collection":[{"href":"https:\/\/interamerica.org\/es\/wp-json\/wp\/v2\/posts"}],"about":[{"href":"https:\/\/interamerica.org\/es\/wp-json\/wp\/v2\/types\/post"}],"author":[{"embeddable":true,"href":"https:\/\/interamerica.org\/es\/wp-json\/wp\/v2\/users\/3"}],"replies":[{"embeddable":true,"href":"https:\/\/interamerica.org\/es\/wp-json\/wp\/v2\/comments?post=57451"}],"version-history":[{"count":0,"href":"https:\/\/interamerica.org\/es\/wp-json\/wp\/v2\/posts\/57451\/revisions"}],"wp:featuredmedia":[{"embeddable":true,"href":"https:\/\/interamerica.org\/es\/wp-json\/wp\/v2\/media\/57428"}],"wp:attachment":[{"href":"https:\/\/interamerica.org\/es\/wp-json\/wp\/v2\/media?parent=57451"}],"wp:term":[{"taxonomy":"category","embeddable":true,"href":"https:\/\/interamerica.org\/es\/wp-json\/wp\/v2\/categories?post=57451"},{"taxonomy":"post_tag","embeddable":true,"href":"https:\/\/interamerica.org\/es\/wp-json\/wp\/v2\/tags?post=57451"}],"curies":[{"name":"wp","href":"https:\/\/api.w.org\/{rel}","templated":true}]}}