{"id":57523,"date":"2020-04-14T22:07:34","date_gmt":"2020-04-15T02:07:34","guid":{"rendered":"https:\/\/recursing-golick.147-182-135-0.plesk.page\/?p=57523"},"modified":"2020-04-15T09:28:31","modified_gmt":"2020-04-15T13:28:31","slug":"las-finanzas-de-la-iglesia-adventista-terminan-el-quinquenio-en-forma-positiva-a-pesar-de-las-incertidumbres-economicas-actuales-dice-el-tesorero","status":"publish","type":"post","link":"https:\/\/interamerica.org\/es\/2020\/04\/las-finanzas-de-la-iglesia-adventista-terminan-el-quinquenio-en-forma-positiva-a-pesar-de-las-incertidumbres-economicas-actuales-dice-el-tesorero\/","title":{"rendered":"Las finanzas de la Iglesia Adventista terminan el quinquenio en forma positiva a pesar de las incertidumbres econ\u00f3micas actuales, dice el tesorero"},"content":{"rendered":"<p><span class=\"byline-news\">14 de abril de 2020 | Silver Spring, Maryland, Estados Unidos | Adventist Review y Red de Noticias Adventistas<\/span><\/p>\n<p><span class=\"cap\">Juan Prestol-Pues\u00e1n, tesorero de la Asociaci\u00f3n General de los Adventistas del S\u00e9ptimo D\u00eda, abri\u00f3 su informe financiero durante el Concilio de Primavera refiri\u00e9ndose a los desaf\u00edos que presentan las realidades econ\u00f3micas actuales. Al mismo tiempo, reiter\u00f3 la dependencia continua que tiene la iglesia de la conducci\u00f3n y el poder sustentador de Dios en medio de una crisis global sin precedentes. Ante la actual incertidumbre, los l\u00edderes de la iglesia \u201celigen permanecer positivos, esperanzados y resilientes\u201d dijo Prestol-Pues\u00e1n.<\/span><\/p>\n<p><strong>Los resultados de las operaciones de 2019<\/strong><\/p>\n<p>Prestol-Pues\u00e1n se mostr\u00f3 feliz de compartir que el a\u00f1o fiscal 2019 termin\u00f3 en forma positiva. Como se <a href=\"https:\/\/news.adventist.org\/en\/all-news\/news\/go\/2019-10-14\/despite-uncertainty-adventist-church-finances-are-on-target-treasurer-says\/\" target=\"_blank\" rel=\"noopener noreferrer\"> inform previamente<\/a> durante el Concilio Anual del a\u00f1o pasado, la tesorer\u00eda de la Asociaci\u00f3n General proyect\u00f3 un resultado balanceado o aun positivo siempre y cuando tres variables permanecieran constantes: 1) que el nivel de diezmos y ofrendas brutos informados fueran los presupuestados o a\u00fan mejores; 2) fluctuaciones en las tasas de cambio de las monedas que permanecieran dentro de l\u00edmites espec\u00edficos; y 3) que se mantuvieran controlados los gastos y las asignaciones.<\/p>\n<p>Las ganancias de las inversiones de la iglesia mostraron un mejor desempe\u00f1o que el esperado, lo que result\u00f3 en un incremento neto de los activos hasta fines del a\u00f1o. \u201cEl incremento de los activos netos alcanz\u00f3 2.599.228,39 de d\u00f3lares. El capital operativo y la liquidez mostraron ligeros incrementos, y adem\u00e1s se registraron movimientos por financiaci\u00f3n de amortizaciones tanto en 2018 como en 2019. Nos agrada informarles que los fondos de reserva que se han separado para balancear el presupuesto para 2019 de ser necesario, siguen sin tocarse\u201d, expres\u00f3 Prestol-Pues\u00e1n.<\/p>\n<p><strong>Recomendaciones de la Planificaci\u00f3n Estrat\u00e9gica y el Presupuesto<\/strong><\/p>\n<p>La agenda pas\u00f3 entonces al informe sobre los topes operativos de 2019. Como subtesorero, Ray Wahlen explic\u00f3 que \u201cel informe del tope operativo cubre dos elementos principales: el tope operativo en s\u00ed (2 por ciento de los diezmos mundiales brutos) y los gastos operativos de la sede de la Asociaci\u00f3n General que necesitan permanecer bajo estos l\u00edmites\u201d. Seg\u00fan los Reglamentos eclesi\u00e1sticos-administrativos de la Asociaci\u00f3n General, la sede de la iglesia mundial est\u00e1 autorizada a gastar hasta el 2 por ciento de los diezmos mundiales para llevar a cabo sus operaciones.<\/p>\n<p>Aunque la iglesia mundial vio una disminuci\u00f3n de diezmos que alcanz\u00f3 los 120 millones de d\u00f3lares durante 2019, mediante un trabajo cuidadoso y las bendiciones del Se\u00f1or, las operaciones de la iglesia permanecieron por debajo del presupuesto. \u201cLos gastos operativos actuales fueron de aproximadamente 44,1 millones de d\u00f3lares, casi 4 millones de d\u00f3lares por debajo del tope operativo calculado al fin del a\u00f1o\u201d, expres\u00f3 Wahlen. \u201cAlabamos al Se\u00f1or y le agradecemos por permitirnos funcionar dentro de estas limitaciones. Con las restricciones normales, no es demasiado dif\u00edcil permanecer bajo el tope en los a\u00f1os en que los diezmos se incrementan, pero puede resultar un gran desaf\u00edo cuando los diezmos disminuyen\u201d.<\/p>\n<p><strong>Acci\u00f3n recomendada respecto de cargos electivos<\/strong><\/p>\n<p>En referencia al voto sobre paridad en los diezmos que fue votado en el Concilio Anual 2019, se present\u00f3 una recomendaci\u00f3n a la Junta Directiva para que reduzcan tres cargos electivos en la sede central de la Asociaci\u00f3n General, que actualmente est\u00e1n cubiertos y que llegar\u00e1n a su fin el 1 de agosto de 2020.<\/p>\n<p>Este voto representa una excepci\u00f3n al voto tomado por la Junta Directiva de la Asociaci\u00f3n General el 19 de marzo de 2020, que extiende los t\u00e9rminos de los cargos actuales hasta el Congreso de la Asociaci\u00f3n General de 2021. La Comisi\u00f3n de Planificaci\u00f3n Estrat\u00e9gica y Presupuesto de la Asociaci\u00f3n General recibi\u00f3 un informe completo del paquete propuesto de reducciones de personal que ser\u00e1 efectivo a partir del 1 de agosto de 2020. La comisi\u00f3n tambi\u00e9n vot\u00f3 eliminar otros tres cargos electivos que hab\u00edan sido presupuestados pero a\u00fan no cubiertos. La recomendaci\u00f3n general de reducir los seis cargos electivos fue aceptada un\u00e1nimemente por los miembros de la Junta Directiva.<\/p>\n<p>Al concluir su informe, Prestol-Pues\u00e1n expres\u00f3 gratitud a Dios por su provisi\u00f3n durante los \u00faltimos cinco a\u00f1os, y agradeci\u00f3 a los tesoreros de las iglesias locales, el personal de tesorer\u00eda que sirve a las entidades de la iglesia en el mundo, a la tesorer\u00eda de la Asociaci\u00f3n General y al personal de contadur\u00eda, as\u00ed como a los miembros fieles que hicieron posible el informe financiero. Reiter\u00f3 que, en las palabras de<a class=\"rtBibleRef\" href=\"https:\/\/biblia.com\/bible\/nkjv\/Ps%20121.1-8\" target=\"_blank\" rel=\"noopener noreferrer\" data-reference=\"Ps 121.1-8\" data-purpose=\"bible-reference\">Salmos 121:1-8<\/a>, \u201cNuestro socorro viene del Se\u00f1or. \u00c9l no duerme. \u00c9l es nuestro guardador. \u00c9l es nuestra sombra, y preservar\u00e1 nuestra salida y nuestra entrada desde ahora y para siempre\u201d.<\/p>\n<p>Traducci\u00f3n de Marcos Paseggi<\/p>\n","protected":false},"excerpt":{"rendered":"<p>14 de abril de 2020 | Silver Spring, Maryland, Estados Unidos | Adventist Review y Red de Noticias Adventistas Juan Prestol-Pues\u00e1n, tesorero de la Asociaci\u00f3n General de los Adventistas del&#8230;<\/p>\n","protected":false},"author":3,"featured_media":22225,"comment_status":"open","ping_status":"closed","sticky":false,"template":"","format":"standard","meta":{"_acf_changed":false,"footnotes":""},"categories":[14,15],"tags":[],"class_list":["post-57523","post","type-post","status-publish","format-standard","has-post-thumbnail","hentry","category-de-la-iglesia-mundial","category-rss-espanol"],"acf":[],"yoast_head":"<!-- This site is optimized with the Yoast SEO plugin v27.3 - https:\/\/yoast.com\/product\/yoast-seo-wordpress\/ -->\n<title>Las finanzas de la Iglesia Adventista terminan el quinquenio en forma positiva a pesar de las incertidumbres econ\u00f3micas actuales, dice el tesorero - Iglesia Adventista del S\u00e9ptimo D\u00eda - Divisi\u00f3n Interamericana<\/title>\n<meta name=\"robots\" content=\"index, follow, max-snippet:-1, max-image-preview:large, max-video-preview:-1\" \/>\n<link rel=\"canonical\" href=\"https:\/\/interamerica.org\/es\/2020\/04\/las-finanzas-de-la-iglesia-adventista-terminan-el-quinquenio-en-forma-positiva-a-pesar-de-las-incertidumbres-economicas-actuales-dice-el-tesorero\/\" \/>\n<meta property=\"og:locale\" content=\"es_ES\" \/>\n<meta property=\"og:type\" content=\"article\" \/>\n<meta property=\"og:title\" content=\"Las finanzas de la Iglesia Adventista terminan el quinquenio en forma positiva a pesar de las incertidumbres econ\u00f3micas actuales, dice el tesorero - Iglesia Adventista del S\u00e9ptimo D\u00eda - Divisi\u00f3n Interamericana\" \/>\n<meta property=\"og:description\" content=\"14 de abril de 2020 | Silver Spring, Maryland, Estados Unidos | Adventist Review y Red de Noticias Adventistas Juan Prestol-Pues\u00e1n, tesorero de la Asociaci\u00f3n General de los Adventistas del...\" \/>\n<meta property=\"og:url\" content=\"https:\/\/interamerica.org\/es\/2020\/04\/las-finanzas-de-la-iglesia-adventista-terminan-el-quinquenio-en-forma-positiva-a-pesar-de-las-incertidumbres-economicas-actuales-dice-el-tesorero\/\" \/>\n<meta property=\"og:site_name\" content=\"Iglesia Adventista del S\u00e9ptimo D\u00eda - Divisi\u00f3n Interamericana\" \/>\n<meta property=\"article:published_time\" content=\"2020-04-15T02:07:34+00:00\" \/>\n<meta property=\"article:modified_time\" content=\"2020-04-15T13:28:31+00:00\" \/>\n<meta property=\"og:image\" content=\"https:\/\/interamerica.org\/wp-content\/uploads\/2017\/06\/csm_gc-building-wide_1a81b0744b.jpg\" \/>\n\t<meta property=\"og:image:width\" content=\"400\" \/>\n\t<meta property=\"og:image:height\" content=\"244\" \/>\n\t<meta property=\"og:image:type\" content=\"image\/jpeg\" \/>\n<meta name=\"author\" content=\"libna\" \/>\n<meta name=\"twitter:card\" content=\"summary_large_image\" \/>\n<meta name=\"twitter:label1\" content=\"Escrito por\" \/>\n\t<meta name=\"twitter:data1\" content=\"libna\" \/>\n\t<meta name=\"twitter:label2\" content=\"Tiempo de lectura\" \/>\n\t<meta name=\"twitter:data2\" content=\"4 minutos\" \/>\n<script type=\"application\/ld+json\" class=\"yoast-schema-graph\">{\"@context\":\"https:\\\/\\\/schema.org\",\"@graph\":[{\"@type\":\"Article\",\"@id\":\"https:\\\/\\\/interamerica.org\\\/es\\\/2020\\\/04\\\/las-finanzas-de-la-iglesia-adventista-terminan-el-quinquenio-en-forma-positiva-a-pesar-de-las-incertidumbres-economicas-actuales-dice-el-tesorero\\\/#article\",\"isPartOf\":{\"@id\":\"https:\\\/\\\/interamerica.org\\\/es\\\/2020\\\/04\\\/las-finanzas-de-la-iglesia-adventista-terminan-el-quinquenio-en-forma-positiva-a-pesar-de-las-incertidumbres-economicas-actuales-dice-el-tesorero\\\/\"},\"author\":{\"name\":\"libna\",\"@id\":\"https:\\\/\\\/interamerica.org\\\/es\\\/#\\\/schema\\\/person\\\/29998f2bc2d8bd0d38662909289b54f1\"},\"headline\":\"Las finanzas de la Iglesia Adventista terminan el quinquenio en forma positiva a pesar de las incertidumbres econ\u00f3micas actuales, dice el tesorero\",\"datePublished\":\"2020-04-15T02:07:34+00:00\",\"dateModified\":\"2020-04-15T13:28:31+00:00\",\"mainEntityOfPage\":{\"@id\":\"https:\\\/\\\/interamerica.org\\\/es\\\/2020\\\/04\\\/las-finanzas-de-la-iglesia-adventista-terminan-el-quinquenio-en-forma-positiva-a-pesar-de-las-incertidumbres-economicas-actuales-dice-el-tesorero\\\/\"},\"wordCount\":825,\"commentCount\":0,\"image\":{\"@id\":\"https:\\\/\\\/interamerica.org\\\/es\\\/2020\\\/04\\\/las-finanzas-de-la-iglesia-adventista-terminan-el-quinquenio-en-forma-positiva-a-pesar-de-las-incertidumbres-economicas-actuales-dice-el-tesorero\\\/#primaryimage\"},\"thumbnailUrl\":\"https:\\\/\\\/interamerica.org\\\/wp-content\\\/uploads\\\/2017\\\/06\\\/csm_gc-building-wide_1a81b0744b.jpg\",\"articleSection\":[\"Desde la iglesia mundial\",\"RSS Espa\u00f1ol\"],\"inLanguage\":\"es\",\"potentialAction\":[{\"@type\":\"CommentAction\",\"name\":\"Comment\",\"target\":[\"https:\\\/\\\/interamerica.org\\\/es\\\/2020\\\/04\\\/las-finanzas-de-la-iglesia-adventista-terminan-el-quinquenio-en-forma-positiva-a-pesar-de-las-incertidumbres-economicas-actuales-dice-el-tesorero\\\/#respond\"]}]},{\"@type\":\"WebPage\",\"@id\":\"https:\\\/\\\/interamerica.org\\\/es\\\/2020\\\/04\\\/las-finanzas-de-la-iglesia-adventista-terminan-el-quinquenio-en-forma-positiva-a-pesar-de-las-incertidumbres-economicas-actuales-dice-el-tesorero\\\/\",\"url\":\"https:\\\/\\\/interamerica.org\\\/es\\\/2020\\\/04\\\/las-finanzas-de-la-iglesia-adventista-terminan-el-quinquenio-en-forma-positiva-a-pesar-de-las-incertidumbres-economicas-actuales-dice-el-tesorero\\\/\",\"name\":\"Las finanzas de la Iglesia Adventista terminan el quinquenio en forma positiva a pesar de las incertidumbres econ\u00f3micas actuales, dice el tesorero - Iglesia Adventista del S\u00e9ptimo D\u00eda - Divisi\u00f3n Interamericana\",\"isPartOf\":{\"@id\":\"https:\\\/\\\/interamerica.org\\\/es\\\/#website\"},\"primaryImageOfPage\":{\"@id\":\"https:\\\/\\\/interamerica.org\\\/es\\\/2020\\\/04\\\/las-finanzas-de-la-iglesia-adventista-terminan-el-quinquenio-en-forma-positiva-a-pesar-de-las-incertidumbres-economicas-actuales-dice-el-tesorero\\\/#primaryimage\"},\"image\":{\"@id\":\"https:\\\/\\\/interamerica.org\\\/es\\\/2020\\\/04\\\/las-finanzas-de-la-iglesia-adventista-terminan-el-quinquenio-en-forma-positiva-a-pesar-de-las-incertidumbres-economicas-actuales-dice-el-tesorero\\\/#primaryimage\"},\"thumbnailUrl\":\"https:\\\/\\\/interamerica.org\\\/wp-content\\\/uploads\\\/2017\\\/06\\\/csm_gc-building-wide_1a81b0744b.jpg\",\"datePublished\":\"2020-04-15T02:07:34+00:00\",\"dateModified\":\"2020-04-15T13:28:31+00:00\",\"author\":{\"@id\":\"https:\\\/\\\/interamerica.org\\\/es\\\/#\\\/schema\\\/person\\\/29998f2bc2d8bd0d38662909289b54f1\"},\"breadcrumb\":{\"@id\":\"https:\\\/\\\/interamerica.org\\\/es\\\/2020\\\/04\\\/las-finanzas-de-la-iglesia-adventista-terminan-el-quinquenio-en-forma-positiva-a-pesar-de-las-incertidumbres-economicas-actuales-dice-el-tesorero\\\/#breadcrumb\"},\"inLanguage\":\"es\",\"potentialAction\":[{\"@type\":\"ReadAction\",\"target\":[\"https:\\\/\\\/interamerica.org\\\/es\\\/2020\\\/04\\\/las-finanzas-de-la-iglesia-adventista-terminan-el-quinquenio-en-forma-positiva-a-pesar-de-las-incertidumbres-economicas-actuales-dice-el-tesorero\\\/\"]}]},{\"@type\":\"ImageObject\",\"inLanguage\":\"es\",\"@id\":\"https:\\\/\\\/interamerica.org\\\/es\\\/2020\\\/04\\\/las-finanzas-de-la-iglesia-adventista-terminan-el-quinquenio-en-forma-positiva-a-pesar-de-las-incertidumbres-economicas-actuales-dice-el-tesorero\\\/#primaryimage\",\"url\":\"https:\\\/\\\/interamerica.org\\\/wp-content\\\/uploads\\\/2017\\\/06\\\/csm_gc-building-wide_1a81b0744b.jpg\",\"contentUrl\":\"https:\\\/\\\/interamerica.org\\\/wp-content\\\/uploads\\\/2017\\\/06\\\/csm_gc-building-wide_1a81b0744b.jpg\",\"width\":400,\"height\":244},{\"@type\":\"BreadcrumbList\",\"@id\":\"https:\\\/\\\/interamerica.org\\\/es\\\/2020\\\/04\\\/las-finanzas-de-la-iglesia-adventista-terminan-el-quinquenio-en-forma-positiva-a-pesar-de-las-incertidumbres-economicas-actuales-dice-el-tesorero\\\/#breadcrumb\",\"itemListElement\":[{\"@type\":\"ListItem\",\"position\":1,\"name\":\"Home\",\"item\":\"https:\\\/\\\/interamerica.org\\\/es\\\/\"},{\"@type\":\"ListItem\",\"position\":2,\"name\":\"Las finanzas de la Iglesia Adventista terminan el quinquenio en forma positiva a pesar de las incertidumbres econ\u00f3micas actuales, dice el tesorero\"}]},{\"@type\":\"WebSite\",\"@id\":\"https:\\\/\\\/interamerica.org\\\/es\\\/#website\",\"url\":\"https:\\\/\\\/interamerica.org\\\/es\\\/\",\"name\":\"Iglesia Adventista del S\u00e9ptimo D\u00eda - Divisi\u00f3n Interamericana\",\"description\":\"\",\"potentialAction\":[{\"@type\":\"SearchAction\",\"target\":{\"@type\":\"EntryPoint\",\"urlTemplate\":\"https:\\\/\\\/interamerica.org\\\/es\\\/?s={search_term_string}\"},\"query-input\":{\"@type\":\"PropertyValueSpecification\",\"valueRequired\":true,\"valueName\":\"search_term_string\"}}],\"inLanguage\":\"es\"},{\"@type\":\"Person\",\"@id\":\"https:\\\/\\\/interamerica.org\\\/es\\\/#\\\/schema\\\/person\\\/29998f2bc2d8bd0d38662909289b54f1\",\"name\":\"libna\",\"image\":{\"@type\":\"ImageObject\",\"inLanguage\":\"es\",\"@id\":\"https:\\\/\\\/secure.gravatar.com\\\/avatar\\\/7c5bd30ae4b47a9ba3c856590957fd1d96dc588bf3ac05719d247e126840331f?s=96&d=mm&r=g\",\"url\":\"https:\\\/\\\/secure.gravatar.com\\\/avatar\\\/7c5bd30ae4b47a9ba3c856590957fd1d96dc588bf3ac05719d247e126840331f?s=96&d=mm&r=g\",\"contentUrl\":\"https:\\\/\\\/secure.gravatar.com\\\/avatar\\\/7c5bd30ae4b47a9ba3c856590957fd1d96dc588bf3ac05719d247e126840331f?s=96&d=mm&r=g\",\"caption\":\"libna\"}}]}<\/script>\n<!-- \/ Yoast SEO plugin. -->","yoast_head_json":{"title":"Las finanzas de la Iglesia Adventista terminan el quinquenio en forma positiva a pesar de las incertidumbres econ\u00f3micas actuales, dice el tesorero - Iglesia Adventista del S\u00e9ptimo D\u00eda - Divisi\u00f3n Interamericana","robots":{"index":"index","follow":"follow","max-snippet":"max-snippet:-1","max-image-preview":"max-image-preview:large","max-video-preview":"max-video-preview:-1"},"canonical":"https:\/\/interamerica.org\/es\/2020\/04\/las-finanzas-de-la-iglesia-adventista-terminan-el-quinquenio-en-forma-positiva-a-pesar-de-las-incertidumbres-economicas-actuales-dice-el-tesorero\/","og_locale":"es_ES","og_type":"article","og_title":"Las finanzas de la Iglesia Adventista terminan el quinquenio en forma positiva a pesar de las incertidumbres econ\u00f3micas actuales, dice el tesorero - Iglesia Adventista del S\u00e9ptimo D\u00eda - Divisi\u00f3n Interamericana","og_description":"14 de abril de 2020 | Silver Spring, Maryland, Estados Unidos | Adventist Review y Red de Noticias Adventistas Juan Prestol-Pues\u00e1n, tesorero de la Asociaci\u00f3n General de los Adventistas del...","og_url":"https:\/\/interamerica.org\/es\/2020\/04\/las-finanzas-de-la-iglesia-adventista-terminan-el-quinquenio-en-forma-positiva-a-pesar-de-las-incertidumbres-economicas-actuales-dice-el-tesorero\/","og_site_name":"Iglesia Adventista del S\u00e9ptimo D\u00eda - Divisi\u00f3n Interamericana","article_published_time":"2020-04-15T02:07:34+00:00","article_modified_time":"2020-04-15T13:28:31+00:00","og_image":[{"width":400,"height":244,"url":"https:\/\/interamerica.org\/wp-content\/uploads\/2017\/06\/csm_gc-building-wide_1a81b0744b.jpg","type":"image\/jpeg"}],"author":"libna","twitter_card":"summary_large_image","twitter_misc":{"Escrito por":"libna","Tiempo de lectura":"4 minutos"},"schema":{"@context":"https:\/\/schema.org","@graph":[{"@type":"Article","@id":"https:\/\/interamerica.org\/es\/2020\/04\/las-finanzas-de-la-iglesia-adventista-terminan-el-quinquenio-en-forma-positiva-a-pesar-de-las-incertidumbres-economicas-actuales-dice-el-tesorero\/#article","isPartOf":{"@id":"https:\/\/interamerica.org\/es\/2020\/04\/las-finanzas-de-la-iglesia-adventista-terminan-el-quinquenio-en-forma-positiva-a-pesar-de-las-incertidumbres-economicas-actuales-dice-el-tesorero\/"},"author":{"name":"libna","@id":"https:\/\/interamerica.org\/es\/#\/schema\/person\/29998f2bc2d8bd0d38662909289b54f1"},"headline":"Las finanzas de la Iglesia Adventista terminan el quinquenio en forma positiva a pesar de las incertidumbres econ\u00f3micas actuales, dice el tesorero","datePublished":"2020-04-15T02:07:34+00:00","dateModified":"2020-04-15T13:28:31+00:00","mainEntityOfPage":{"@id":"https:\/\/interamerica.org\/es\/2020\/04\/las-finanzas-de-la-iglesia-adventista-terminan-el-quinquenio-en-forma-positiva-a-pesar-de-las-incertidumbres-economicas-actuales-dice-el-tesorero\/"},"wordCount":825,"commentCount":0,"image":{"@id":"https:\/\/interamerica.org\/es\/2020\/04\/las-finanzas-de-la-iglesia-adventista-terminan-el-quinquenio-en-forma-positiva-a-pesar-de-las-incertidumbres-economicas-actuales-dice-el-tesorero\/#primaryimage"},"thumbnailUrl":"https:\/\/interamerica.org\/wp-content\/uploads\/2017\/06\/csm_gc-building-wide_1a81b0744b.jpg","articleSection":["Desde la iglesia mundial","RSS Espa\u00f1ol"],"inLanguage":"es","potentialAction":[{"@type":"CommentAction","name":"Comment","target":["https:\/\/interamerica.org\/es\/2020\/04\/las-finanzas-de-la-iglesia-adventista-terminan-el-quinquenio-en-forma-positiva-a-pesar-de-las-incertidumbres-economicas-actuales-dice-el-tesorero\/#respond"]}]},{"@type":"WebPage","@id":"https:\/\/interamerica.org\/es\/2020\/04\/las-finanzas-de-la-iglesia-adventista-terminan-el-quinquenio-en-forma-positiva-a-pesar-de-las-incertidumbres-economicas-actuales-dice-el-tesorero\/","url":"https:\/\/interamerica.org\/es\/2020\/04\/las-finanzas-de-la-iglesia-adventista-terminan-el-quinquenio-en-forma-positiva-a-pesar-de-las-incertidumbres-economicas-actuales-dice-el-tesorero\/","name":"Las finanzas de la Iglesia Adventista terminan el quinquenio en forma positiva a pesar de las incertidumbres econ\u00f3micas actuales, dice el tesorero - Iglesia Adventista del S\u00e9ptimo D\u00eda - Divisi\u00f3n Interamericana","isPartOf":{"@id":"https:\/\/interamerica.org\/es\/#website"},"primaryImageOfPage":{"@id":"https:\/\/interamerica.org\/es\/2020\/04\/las-finanzas-de-la-iglesia-adventista-terminan-el-quinquenio-en-forma-positiva-a-pesar-de-las-incertidumbres-economicas-actuales-dice-el-tesorero\/#primaryimage"},"image":{"@id":"https:\/\/interamerica.org\/es\/2020\/04\/las-finanzas-de-la-iglesia-adventista-terminan-el-quinquenio-en-forma-positiva-a-pesar-de-las-incertidumbres-economicas-actuales-dice-el-tesorero\/#primaryimage"},"thumbnailUrl":"https:\/\/interamerica.org\/wp-content\/uploads\/2017\/06\/csm_gc-building-wide_1a81b0744b.jpg","datePublished":"2020-04-15T02:07:34+00:00","dateModified":"2020-04-15T13:28:31+00:00","author":{"@id":"https:\/\/interamerica.org\/es\/#\/schema\/person\/29998f2bc2d8bd0d38662909289b54f1"},"breadcrumb":{"@id":"https:\/\/interamerica.org\/es\/2020\/04\/las-finanzas-de-la-iglesia-adventista-terminan-el-quinquenio-en-forma-positiva-a-pesar-de-las-incertidumbres-economicas-actuales-dice-el-tesorero\/#breadcrumb"},"inLanguage":"es","potentialAction":[{"@type":"ReadAction","target":["https:\/\/interamerica.org\/es\/2020\/04\/las-finanzas-de-la-iglesia-adventista-terminan-el-quinquenio-en-forma-positiva-a-pesar-de-las-incertidumbres-economicas-actuales-dice-el-tesorero\/"]}]},{"@type":"ImageObject","inLanguage":"es","@id":"https:\/\/interamerica.org\/es\/2020\/04\/las-finanzas-de-la-iglesia-adventista-terminan-el-quinquenio-en-forma-positiva-a-pesar-de-las-incertidumbres-economicas-actuales-dice-el-tesorero\/#primaryimage","url":"https:\/\/interamerica.org\/wp-content\/uploads\/2017\/06\/csm_gc-building-wide_1a81b0744b.jpg","contentUrl":"https:\/\/interamerica.org\/wp-content\/uploads\/2017\/06\/csm_gc-building-wide_1a81b0744b.jpg","width":400,"height":244},{"@type":"BreadcrumbList","@id":"https:\/\/interamerica.org\/es\/2020\/04\/las-finanzas-de-la-iglesia-adventista-terminan-el-quinquenio-en-forma-positiva-a-pesar-de-las-incertidumbres-economicas-actuales-dice-el-tesorero\/#breadcrumb","itemListElement":[{"@type":"ListItem","position":1,"name":"Home","item":"https:\/\/interamerica.org\/es\/"},{"@type":"ListItem","position":2,"name":"Las finanzas de la Iglesia Adventista terminan el quinquenio en forma positiva a pesar de las incertidumbres econ\u00f3micas actuales, dice el tesorero"}]},{"@type":"WebSite","@id":"https:\/\/interamerica.org\/es\/#website","url":"https:\/\/interamerica.org\/es\/","name":"Iglesia Adventista del S\u00e9ptimo D\u00eda - Divisi\u00f3n Interamericana","description":"","potentialAction":[{"@type":"SearchAction","target":{"@type":"EntryPoint","urlTemplate":"https:\/\/interamerica.org\/es\/?s={search_term_string}"},"query-input":{"@type":"PropertyValueSpecification","valueRequired":true,"valueName":"search_term_string"}}],"inLanguage":"es"},{"@type":"Person","@id":"https:\/\/interamerica.org\/es\/#\/schema\/person\/29998f2bc2d8bd0d38662909289b54f1","name":"libna","image":{"@type":"ImageObject","inLanguage":"es","@id":"https:\/\/secure.gravatar.com\/avatar\/7c5bd30ae4b47a9ba3c856590957fd1d96dc588bf3ac05719d247e126840331f?s=96&d=mm&r=g","url":"https:\/\/secure.gravatar.com\/avatar\/7c5bd30ae4b47a9ba3c856590957fd1d96dc588bf3ac05719d247e126840331f?s=96&d=mm&r=g","contentUrl":"https:\/\/secure.gravatar.com\/avatar\/7c5bd30ae4b47a9ba3c856590957fd1d96dc588bf3ac05719d247e126840331f?s=96&d=mm&r=g","caption":"libna"}}]}},"_links":{"self":[{"href":"https:\/\/interamerica.org\/es\/wp-json\/wp\/v2\/posts\/57523","targetHints":{"allow":["GET"]}}],"collection":[{"href":"https:\/\/interamerica.org\/es\/wp-json\/wp\/v2\/posts"}],"about":[{"href":"https:\/\/interamerica.org\/es\/wp-json\/wp\/v2\/types\/post"}],"author":[{"embeddable":true,"href":"https:\/\/interamerica.org\/es\/wp-json\/wp\/v2\/users\/3"}],"replies":[{"embeddable":true,"href":"https:\/\/interamerica.org\/es\/wp-json\/wp\/v2\/comments?post=57523"}],"version-history":[{"count":0,"href":"https:\/\/interamerica.org\/es\/wp-json\/wp\/v2\/posts\/57523\/revisions"}],"wp:featuredmedia":[{"embeddable":true,"href":"https:\/\/interamerica.org\/es\/wp-json\/wp\/v2\/media\/22225"}],"wp:attachment":[{"href":"https:\/\/interamerica.org\/es\/wp-json\/wp\/v2\/media?parent=57523"}],"wp:term":[{"taxonomy":"category","embeddable":true,"href":"https:\/\/interamerica.org\/es\/wp-json\/wp\/v2\/categories?post=57523"},{"taxonomy":"post_tag","embeddable":true,"href":"https:\/\/interamerica.org\/es\/wp-json\/wp\/v2\/tags?post=57523"}],"curies":[{"name":"wp","href":"https:\/\/api.w.org\/{rel}","templated":true}]}}