{"id":57721,"date":"2020-04-18T12:57:59","date_gmt":"2020-04-18T16:57:59","guid":{"rendered":"https:\/\/recursing-golick.147-182-135-0.plesk.page\/?p=57721"},"modified":"2020-04-20T20:19:55","modified_gmt":"2020-04-21T00:19:55","slug":"lo-bueno-no-es-enemigo-de-los-perfecto-mejoremos-nuestras-herramientas-contra-el-covid-19","status":"publish","type":"post","link":"https:\/\/interamerica.org\/es\/2020\/04\/lo-bueno-no-es-enemigo-de-los-perfecto-mejoremos-nuestras-herramientas-contra-el-covid-19\/","title":{"rendered":"Lo bueno no es enemigo de lo perfecto: Mejoremos nuestras herramientas contra el COVID-19"},"content":{"rendered":"<p><span class=\"byline-news\">17 de abril de 2020 | Silver Spring, Maryland, Estados Unidos | Por: Becky St. Clair, para la Red de Noticias Adventistas<\/span><\/p>\n<p><span class=\"cap\">El domingo de Pascuas 12 de abril de 2020, <a href=\"https:\/\/awr.org\/health\/\" target=\"_blank\" rel=\"noopener noreferrer\">AWR360 Health<\/a> present\u00f3 un simposio de salud en l\u00ednea en sociedad con representantes de los Ministerios Adventistas de Salud de la Asociaci\u00f3n General de la Iglesia Adventista y la Divisi\u00f3n Norteamericana, la organizaci\u00f3n Your Best Pathway to Health, el Instituto Weimar, Lifestyle Health Education y otros.<\/span><\/p>\n<p>El \u00e9nfasis del evento fueron las lecciones aprendidas de la pandemia de influenza o gripe de 1918 y la manera en que estas podr\u00edan aplicarse a la pandemia actual del coronavirus. La conducta del evento fue Lela Lewis, directora m\u00e9dica de AWR360 Health. El programa cont\u00f3 con la presentaci\u00f3n de varios profesionales, y m\u00e1s de 4300 personas siguieron el programa v\u00eda YouTube y Facebook.<\/p>\n<p>Si repasamos un poco la historia, vemos que la pandemia de influenza de 1918 (H1N1) caus\u00f3 aproximadamente 675 mil muertes en los Estados Unidos, y posiblemente m\u00e1s de cincuenta millones de muertes en todo el mundo. Los n\u00fameros actuales de mortalidad por COVID-19 est\u00e1n muy lejos de esa magnitud, sumando tan solo poco m\u00e1s de 138 mil en todo el mundo y 28 mil en los Estados Unidos cuando se escribi\u00f3 este art\u00edculo.<\/p>\n<p>La raz\u00f3n del nivel de devastaci\u00f3n causado por el virus H1N1 de 1918 a\u00fan no se ha comprendido plenamente. De manera particular, este virus caus\u00f3 una elevada tasa de mortalidad en personas de 20 a 40 a\u00f1os que de otra manera estaban sanas. No hab\u00eda una vacuna para protegerse de la gripe, como as\u00ed tampoco antibi\u00f3ticos para tratar la infecci\u00f3n secundaria; los tratamientos se limitaban al \u201caislamiento, la cuarentena, la buena higiene personal, el uso de desinfectantes, y las limitaciones de reuniones p\u00fablicas, que fueron aplicados de manera despareja\u201d.<\/p>\n<p>\u00bfSuena familiar?<\/p>\n<p>\u201cEn ese entonces, se consider\u00f3 que los campamentos del Ej\u00e9rcito de los Estados Unidos son los que brindaban la protecci\u00f3n de mejor calidad\u201d, dijo Neil Nedley, presidente del Instituto Weimar, que present\u00f3 un segmento comparando los \u00edndices de muertes en los campamentos del ej\u00e9rcito y los sanatorios adventistas a lo largo de la pandemia de 1918.<\/p>\n<p>Aunque el Ej\u00e9rcito de los Estados Unidos sigui\u00f3 m\u00e9todos de tratamiento m\u00e9dico tradicionales, los m\u00e9dicos y las enfermeras de los sanatorios adventistas siguieron el ejemplo de John Kellogg, usando fomentos calientes y fr\u00edos, los comienzos de lo que conocemos como terapia hidrotermal. La tasa de mortalidad por H1N1 en los campamentos del ej\u00e9rcito fue del 6,7 por ciento. La tasa de mortalidad en los que fueron tratados siguiendo los m\u00e9todos de Kellogg fue del 1,34 por ciento.<\/p>\n<p>\u201cEn efecto, de los noventa estudiantes internos del seminario que fueron diagnosticados con el virus H1N1 y tratados usando los fomentso de Kellogg, ninguno sufri\u00f3 de neumon\u00eda y ninguno perdi\u00f3 la vida\u201d, inform\u00f3 Nedley.<\/p>\n<p>Como respuesta, un funcionario de salud de la ciudad declar\u00f3: \u201cEs un r\u00e9cord asombroso. Hace que los m\u00e9todos comunes de tratar con la gripe parezcan irracionales\u201d.<\/p>\n<p>No obstante, \u00bffue la terapia hidrotermal realmente la raz\u00f3n detr\u00e1s de estas dr\u00e1sticas diferencias en las tasas de mortalidad?<\/p>\n<p>\u201cHay a\u00fan muchas preguntas importantes que responder\u201d, dijo Zeno L. Charles-Marcel, director asociado de ministerios de salud de la Iglesia Adventista. \u201c\u00bfEran los diagn\u00f3sticos exactos? \u00bfEran los recursos disponibles donde se trataba a las personas los mismos, o eran significativamente diferentes? \u00bfEstaban los pacientes tratados bajo techo o al aire libre? Y por supuesto, \u00bfpodr\u00eda suceder lo mismo con el COVID-19?\u201d<\/p>\n<p>A pesar de que este novel coronavirus permaneci\u00f3 relativamente poco estudiado antes de 2020, profesionales de salud de todo el mundo han estado recolectando y reportando datos significativos por cerca de seis meses. Y muchos de los datos se enfocan en los sistemas inmunitarios.<\/p>\n<p>Roger Seheult, pulmon\u00f3logo y experto en cuidados intensivos, se\u00f1al\u00f3 que los humanos nacen con dos sistemas inmunitarios: el innato y el adaptable.<\/p>\n<p>\u201cEl sistema inmunitario innato da fiebre y devora los patrones moleculares que tienen aspecto anormal, y entonces presenta los patrones al sistema adaptativo para que pueda reorganizarse en el futuro\u201d, explic\u00f3.<\/p>\n<p>Se sabe que la SARS y la MERS suprimen la respuesta inmunitaria innata, y entonces le permiten que funcione en exceso. Esto ha llevado a que algunos investigadores crean que el COVID-19 podr\u00eda \u201creducir las respuestas antivirales del IFN, resultando en una reproducci\u00f3n viral descontrolada\u201d, dijo Seheult.<\/p>\n<p>Sigui\u00f3 diciendo: \u201cEl SARS puede progresar porque el sistema inmunitario innato no es lo suficientemente fuerte. Fortalecer ese sistema podr\u00eda ser una buena manera de luchar contra el COVID-19\u201d.<\/p>\n<p>Lo que sigui\u00f3 fue una lista de m\u00e9todos para mejorar el sistema inmunitario propio: comer alimentos nutritivos, evitar el az\u00facar, pasar tiempo afuera, dormir al menos siete horas por noche, y beber mucha agua.<\/p>\n<p>Es esa \u00faltima parte de la que est\u00e1 hablando la comunidad m\u00e9dica: el agua, y especialmente la terapia hidrotermal, que es la versi\u00f3n moderna actual de los fomentos calientes y fr\u00edos de Kellogg.<\/p>\n<p>\u201cAunque queremos ver el \u00e9xito de este tratamiento en las personas infectadas, tambi\u00e9n queremos prevenir en primer lugar que las personas se enfermen\u201d, a\u00f1adi\u00f3 Charles-Marcel. \u201cNecesitamos agrandar nuestra caja de herramientas, para que tengamos opciones no solo para la defensa sino tambi\u00e9n para la ofensa\u201d.<\/p>\n<p>Eric Nelson, profesor asistente del Departamento de Cirug\u00eda del Colegio de Medicina de la Universidad de Tennessee en Chattanooga, recibi\u00f3 hace poco la aprobaci\u00f3n para estudiar la Fase 3 del COVID-19, usando el tratamiento del estilo de fomentos para los pacientes afectados.<\/p>\n<p>Esto incluye envolver al paciente en fomentos calientes y colocar un trapo fr\u00edo en la cabeza del paciente. Se mantiene esto durante 25 minutos, y durante ese tiempo se monitorean sistem\u00e1ticamente las temperaturas piel del paciente y su temperatura corporal. Cuando se le quita el calor, se frota inmediatamente al paciente con trapos mojados y fr\u00edos. Eso es lo que se llama \u201cbloqueo t\u00e9rmico\u201d, porque constri\u00f1e los vasos capilares expandidos tan r\u00e1pidamente que el calor queda atrapado dentro del cuerpo, elevando la temperatura central del cuerpo a unos 40 grados.<\/p>\n<p>\u201cNuestro objetivo con esta prueba es activar los beneficios presumidos de modulaci\u00f3n inmunol\u00f3gica que brinda la terapia hidrotermal\u201d, dijo Nelson. \u201cCreo que los cambios repentinos de la temperatura inducen al menos a una demarginalizaci\u00f3n de los gl\u00f3bulos blancos, y quiz\u00e1 esto les permite redistribuirse por todo el cuerpo\u201d.<\/p>\n<p>Elevar la temperatura central del paciente sigue un modelo establecido por Julius Wagner-Jauregg, quien obtuvo el Premio Nobel de Fisiolog\u00eda o Medicina en 1927 por su trabajo en el tratamiento de la neuros\u00edfilis al contagiar de malaria al paciente. Eso elevaba la temperatura central del paciente, d\u00e1ndole fiebre, que a su vez curaba o aliviaba la par\u00e1lisis y mataba la infecci\u00f3n.<\/p>\n<p>\u201cEl COVID-19 es el virus perfecto en el cual probarlo\u201d, dijo Seheult. \u201cDado que el SARS parece suprimir la fiebre m\u00e1s de lo normal, incrementar la temperatura del cuerpo mediante cualquier herramienta disponible podr\u00eda ayudar al tratar y detener el avance del COVID-19\u201d.<\/p>\n<p>Un tratamiento o intervenci\u00f3n exitoso para el COVID-19, seg\u00fan lo expres\u00f3 Seheult, deber\u00eda:<\/p>\n<ul>\n<li>ser complementario con la atenci\u00f3n m\u00e9dica actual<\/li>\n<li>poder aplicarse a millones de personas inmediatamente<\/li>\n<li>no requerir una prueba o farmacia<\/li>\n<li>ser de f\u00e1cil acceso (piense en las prisiones o los campos de refugiados, y los pa\u00edses sin acceso al tipo de atenci\u00f3n de salud que existe en los Estados Unidos)<\/li>\n<li>tener efectos secundarios m\u00ednimos<\/li>\n<\/ul>\n<p>\u201cLa terapia hidrotermal cumple con cada uno de estos criterios\u201d, se\u00f1al\u00f3 Seheult. \u201cParece muy plausible que podr\u00edamos sacar beneficios de este m\u00e9todo de tratamiento, y si tenemos \u00e9xito, podr\u00edamos reducir el n\u00famero de personas que requieren de hospitalizaci\u00f3n del 20 al 15 por ciento. Es algo significativo\u201d.<\/p>\n<p>Los fomentos b\u00e1sicos pueden ser aplicados en el hogar por personas sanas o individuos que comiencen a sentir s\u00edntomas, dijo John Kelly, director de la organizaci\u00f3n adventista Oak Haven y fundador del Colegio Estadounidense de Medicina de Estilo de Vida. Usar una toalla empapada en agua caliente (teniendo cuidado de no quemar la piel) cubierta por una almohadilla caliente, beber agua caliente y entonces restregarse con un trapo fr\u00edo y h\u00famedo, o darse una ducha fr\u00edo despu\u00e9s de hacer ejercicio son todas maneras de convertir este tratamiento de hospital en un remedio casero.<\/p>\n<p>\u201cTodos est\u00e1n corriendo para hallar una vacuna, una cura medicinal\u201d, dijo Charles-Marcel. \u201cTenemos este m\u00e9todo, y una raz\u00f3n plausible y demostrable cient\u00edficamente que nos lleva a pensar que funciona. Es algo \u00fatil y relativamente de bajo riesgo. Se necesita investigar m\u00e1s, pero la hidroterapia probablemente no haga mal, y podr\u00eda resultar beneficiosa. \u00bfQu\u00e9 tenemos que perder?\u201d<\/p>\n<p>Cerca del fin de la presentaci\u00f3n, Mark Finley, que es asistente del presidente en la sede de la Iglesia Adventista, present\u00f3 un mensaje de aliento a los que est\u00e1n luchando a la vanguardia de la enfermedad: los m\u00e9dicos, enfermeras e investigadores que est\u00e1n arriesgando su vida para salvar la nuestra.<\/p>\n<p>\u201cMuchas veces se me ha preguntado d\u00f3nde est\u00e1 Dios en todo esto\u201d, expres\u00f3 Finley. \u201cMi respuesta es que Dios se encuentra en el coraz\u00f3n de cada m\u00e9dico y enfermera que ministra con amor all\u00ed en el frente. Dios est\u00e1 en el coraz\u00f3n de cada vecino sol\u00edcito que demuestra su amor por la comunidad. Expreso mi aprecio por todos ellos\u201d.<\/p>\n<p>El simposio concluy\u00f3 con una breve sesi\u00f3n de preguntas y respuestas, y Angeline Brauer, directora de ministerios de salud de la Divisi\u00f3n Norteamericana, cerr\u00f3 la sesi\u00f3n con una oraci\u00f3n.<\/p>\n<p>\u201cHemos escuchado la historia, la investigaci\u00f3n moderna, los mecanismos potenciales de acci\u00f3n para enfrentar el COVID-19, y tenemos algunas preguntas mejores que hacer\u201d, conluy\u00f3 Brauer. \u201cCreo que tenemos uno opci\u00f3n viable que podemos seguir, y tambi\u00e9n creo que podemos hallar esperanza en lo que hemos escuchado hoy\u201d.<\/p>\n<p><em>La <\/em><a href=\"https:\/\/news.adventist.org\/en\/all-news\/news\/go\/2020-04-15\/good-is-not-the-enemy-of-perfect-enhancing-our-toolkit-against-covid-19\/\" target=\"_blank\" rel=\"noopener noreferrer\"><em>versi\u00f3n original<\/em><\/a><em> de esta noticia fue publicada por la <\/em><a href=\"https:\/\/news.adventist.org\/en\/\" target=\"_blank\" rel=\"noopener noreferrer\"><em>Red de Noticias Adventistas<\/em><\/a><em>.<\/em><\/p>\n<p>Traducci\u00f3n de Marcos Paseggi<\/p>\n","protected":false},"excerpt":{"rendered":"<p>17 de abril de 2020 | Silver Spring, Maryland, Estados Unidos | Por: Becky St. Clair, para la Red de Noticias Adventistas El domingo de Pascuas 12 de abril de&#8230;<\/p>\n","protected":false},"author":3,"featured_media":57697,"comment_status":"open","ping_status":"closed","sticky":false,"template":"","format":"standard","meta":{"_acf_changed":false,"footnotes":""},"categories":[15],"tags":[],"class_list":["post-57721","post","type-post","status-publish","format-standard","has-post-thumbnail","hentry","category-rss-espanol"],"acf":[],"yoast_head":"<!-- This site is optimized with the Yoast SEO plugin v27.3 - https:\/\/yoast.com\/product\/yoast-seo-wordpress\/ -->\n<title>Lo bueno no es enemigo de lo perfecto: Mejoremos nuestras herramientas contra el COVID-19 - Iglesia Adventista del S\u00e9ptimo D\u00eda - Divisi\u00f3n Interamericana<\/title>\n<meta name=\"robots\" content=\"index, follow, max-snippet:-1, max-image-preview:large, max-video-preview:-1\" \/>\n<link rel=\"canonical\" href=\"https:\/\/interamerica.org\/es\/2020\/04\/lo-bueno-no-es-enemigo-de-los-perfecto-mejoremos-nuestras-herramientas-contra-el-covid-19\/\" \/>\n<meta property=\"og:locale\" content=\"es_ES\" \/>\n<meta property=\"og:type\" content=\"article\" \/>\n<meta property=\"og:title\" content=\"Lo bueno no es enemigo de lo perfecto: Mejoremos nuestras herramientas contra el COVID-19 - Iglesia Adventista del S\u00e9ptimo D\u00eda - Divisi\u00f3n Interamericana\" \/>\n<meta property=\"og:description\" content=\"17 de abril de 2020 | Silver Spring, Maryland, Estados Unidos | Por: Becky St. Clair, para la Red de Noticias Adventistas El domingo de Pascuas 12 de abril de...\" \/>\n<meta property=\"og:url\" content=\"https:\/\/interamerica.org\/es\/2020\/04\/lo-bueno-no-es-enemigo-de-los-perfecto-mejoremos-nuestras-herramientas-contra-el-covid-19\/\" \/>\n<meta property=\"og:site_name\" content=\"Iglesia Adventista del S\u00e9ptimo D\u00eda - Divisi\u00f3n Interamericana\" \/>\n<meta property=\"article:published_time\" content=\"2020-04-18T16:57:59+00:00\" \/>\n<meta property=\"article:modified_time\" content=\"2020-04-21T00:19:55+00:00\" \/>\n<meta property=\"og:image\" content=\"https:\/\/interamerica.org\/wp-content\/uploads\/2020\/04\/csm-gc-good-is-not-the-enemy-of-perfect-enhancing-our-toolkit-against-covid-19-04ed374ced-1280.jpg\" \/>\n\t<meta property=\"og:image:width\" content=\"1280\" \/>\n\t<meta property=\"og:image:height\" content=\"800\" \/>\n\t<meta property=\"og:image:type\" content=\"image\/jpeg\" \/>\n<meta name=\"author\" content=\"libna\" \/>\n<meta name=\"twitter:card\" content=\"summary_large_image\" \/>\n<meta name=\"twitter:label1\" content=\"Escrito por\" \/>\n\t<meta name=\"twitter:data1\" content=\"libna\" \/>\n\t<meta name=\"twitter:label2\" content=\"Tiempo de lectura\" \/>\n\t<meta name=\"twitter:data2\" content=\"9 minutos\" \/>\n<script type=\"application\/ld+json\" class=\"yoast-schema-graph\">{\"@context\":\"https:\\\/\\\/schema.org\",\"@graph\":[{\"@type\":\"Article\",\"@id\":\"https:\\\/\\\/interamerica.org\\\/es\\\/2020\\\/04\\\/lo-bueno-no-es-enemigo-de-los-perfecto-mejoremos-nuestras-herramientas-contra-el-covid-19\\\/#article\",\"isPartOf\":{\"@id\":\"https:\\\/\\\/interamerica.org\\\/es\\\/2020\\\/04\\\/lo-bueno-no-es-enemigo-de-los-perfecto-mejoremos-nuestras-herramientas-contra-el-covid-19\\\/\"},\"author\":{\"name\":\"libna\",\"@id\":\"https:\\\/\\\/interamerica.org\\\/es\\\/#\\\/schema\\\/person\\\/29998f2bc2d8bd0d38662909289b54f1\"},\"headline\":\"Lo bueno no es enemigo de lo perfecto: Mejoremos nuestras herramientas contra el COVID-19\",\"datePublished\":\"2020-04-18T16:57:59+00:00\",\"dateModified\":\"2020-04-21T00:19:55+00:00\",\"mainEntityOfPage\":{\"@id\":\"https:\\\/\\\/interamerica.org\\\/es\\\/2020\\\/04\\\/lo-bueno-no-es-enemigo-de-los-perfecto-mejoremos-nuestras-herramientas-contra-el-covid-19\\\/\"},\"wordCount\":1726,\"commentCount\":0,\"image\":{\"@id\":\"https:\\\/\\\/interamerica.org\\\/es\\\/2020\\\/04\\\/lo-bueno-no-es-enemigo-de-los-perfecto-mejoremos-nuestras-herramientas-contra-el-covid-19\\\/#primaryimage\"},\"thumbnailUrl\":\"https:\\\/\\\/interamerica.org\\\/wp-content\\\/uploads\\\/2020\\\/04\\\/csm-gc-good-is-not-the-enemy-of-perfect-enhancing-our-toolkit-against-covid-19-04ed374ced-1280.jpg\",\"articleSection\":[\"RSS Espa\u00f1ol\"],\"inLanguage\":\"es\",\"potentialAction\":[{\"@type\":\"CommentAction\",\"name\":\"Comment\",\"target\":[\"https:\\\/\\\/interamerica.org\\\/es\\\/2020\\\/04\\\/lo-bueno-no-es-enemigo-de-los-perfecto-mejoremos-nuestras-herramientas-contra-el-covid-19\\\/#respond\"]}]},{\"@type\":\"WebPage\",\"@id\":\"https:\\\/\\\/interamerica.org\\\/es\\\/2020\\\/04\\\/lo-bueno-no-es-enemigo-de-los-perfecto-mejoremos-nuestras-herramientas-contra-el-covid-19\\\/\",\"url\":\"https:\\\/\\\/interamerica.org\\\/es\\\/2020\\\/04\\\/lo-bueno-no-es-enemigo-de-los-perfecto-mejoremos-nuestras-herramientas-contra-el-covid-19\\\/\",\"name\":\"Lo bueno no es enemigo de lo perfecto: Mejoremos nuestras herramientas contra el COVID-19 - Iglesia Adventista del S\u00e9ptimo D\u00eda - Divisi\u00f3n Interamericana\",\"isPartOf\":{\"@id\":\"https:\\\/\\\/interamerica.org\\\/es\\\/#website\"},\"primaryImageOfPage\":{\"@id\":\"https:\\\/\\\/interamerica.org\\\/es\\\/2020\\\/04\\\/lo-bueno-no-es-enemigo-de-los-perfecto-mejoremos-nuestras-herramientas-contra-el-covid-19\\\/#primaryimage\"},\"image\":{\"@id\":\"https:\\\/\\\/interamerica.org\\\/es\\\/2020\\\/04\\\/lo-bueno-no-es-enemigo-de-los-perfecto-mejoremos-nuestras-herramientas-contra-el-covid-19\\\/#primaryimage\"},\"thumbnailUrl\":\"https:\\\/\\\/interamerica.org\\\/wp-content\\\/uploads\\\/2020\\\/04\\\/csm-gc-good-is-not-the-enemy-of-perfect-enhancing-our-toolkit-against-covid-19-04ed374ced-1280.jpg\",\"datePublished\":\"2020-04-18T16:57:59+00:00\",\"dateModified\":\"2020-04-21T00:19:55+00:00\",\"author\":{\"@id\":\"https:\\\/\\\/interamerica.org\\\/es\\\/#\\\/schema\\\/person\\\/29998f2bc2d8bd0d38662909289b54f1\"},\"breadcrumb\":{\"@id\":\"https:\\\/\\\/interamerica.org\\\/es\\\/2020\\\/04\\\/lo-bueno-no-es-enemigo-de-los-perfecto-mejoremos-nuestras-herramientas-contra-el-covid-19\\\/#breadcrumb\"},\"inLanguage\":\"es\",\"potentialAction\":[{\"@type\":\"ReadAction\",\"target\":[\"https:\\\/\\\/interamerica.org\\\/es\\\/2020\\\/04\\\/lo-bueno-no-es-enemigo-de-los-perfecto-mejoremos-nuestras-herramientas-contra-el-covid-19\\\/\"]}]},{\"@type\":\"ImageObject\",\"inLanguage\":\"es\",\"@id\":\"https:\\\/\\\/interamerica.org\\\/es\\\/2020\\\/04\\\/lo-bueno-no-es-enemigo-de-los-perfecto-mejoremos-nuestras-herramientas-contra-el-covid-19\\\/#primaryimage\",\"url\":\"https:\\\/\\\/interamerica.org\\\/wp-content\\\/uploads\\\/2020\\\/04\\\/csm-gc-good-is-not-the-enemy-of-perfect-enhancing-our-toolkit-against-covid-19-04ed374ced-1280.jpg\",\"contentUrl\":\"https:\\\/\\\/interamerica.org\\\/wp-content\\\/uploads\\\/2020\\\/04\\\/csm-gc-good-is-not-the-enemy-of-perfect-enhancing-our-toolkit-against-covid-19-04ed374ced-1280.jpg\",\"width\":1280,\"height\":800},{\"@type\":\"BreadcrumbList\",\"@id\":\"https:\\\/\\\/interamerica.org\\\/es\\\/2020\\\/04\\\/lo-bueno-no-es-enemigo-de-los-perfecto-mejoremos-nuestras-herramientas-contra-el-covid-19\\\/#breadcrumb\",\"itemListElement\":[{\"@type\":\"ListItem\",\"position\":1,\"name\":\"Home\",\"item\":\"https:\\\/\\\/interamerica.org\\\/es\\\/\"},{\"@type\":\"ListItem\",\"position\":2,\"name\":\"Lo bueno no es enemigo de lo perfecto: Mejoremos nuestras herramientas contra el COVID-19\"}]},{\"@type\":\"WebSite\",\"@id\":\"https:\\\/\\\/interamerica.org\\\/es\\\/#website\",\"url\":\"https:\\\/\\\/interamerica.org\\\/es\\\/\",\"name\":\"Iglesia Adventista del S\u00e9ptimo D\u00eda - Divisi\u00f3n Interamericana\",\"description\":\"\",\"potentialAction\":[{\"@type\":\"SearchAction\",\"target\":{\"@type\":\"EntryPoint\",\"urlTemplate\":\"https:\\\/\\\/interamerica.org\\\/es\\\/?s={search_term_string}\"},\"query-input\":{\"@type\":\"PropertyValueSpecification\",\"valueRequired\":true,\"valueName\":\"search_term_string\"}}],\"inLanguage\":\"es\"},{\"@type\":\"Person\",\"@id\":\"https:\\\/\\\/interamerica.org\\\/es\\\/#\\\/schema\\\/person\\\/29998f2bc2d8bd0d38662909289b54f1\",\"name\":\"libna\",\"image\":{\"@type\":\"ImageObject\",\"inLanguage\":\"es\",\"@id\":\"https:\\\/\\\/secure.gravatar.com\\\/avatar\\\/7c5bd30ae4b47a9ba3c856590957fd1d96dc588bf3ac05719d247e126840331f?s=96&d=mm&r=g\",\"url\":\"https:\\\/\\\/secure.gravatar.com\\\/avatar\\\/7c5bd30ae4b47a9ba3c856590957fd1d96dc588bf3ac05719d247e126840331f?s=96&d=mm&r=g\",\"contentUrl\":\"https:\\\/\\\/secure.gravatar.com\\\/avatar\\\/7c5bd30ae4b47a9ba3c856590957fd1d96dc588bf3ac05719d247e126840331f?s=96&d=mm&r=g\",\"caption\":\"libna\"}}]}<\/script>\n<!-- \/ Yoast SEO plugin. -->","yoast_head_json":{"title":"Lo bueno no es enemigo de lo perfecto: Mejoremos nuestras herramientas contra el COVID-19 - Iglesia Adventista del S\u00e9ptimo D\u00eda - Divisi\u00f3n Interamericana","robots":{"index":"index","follow":"follow","max-snippet":"max-snippet:-1","max-image-preview":"max-image-preview:large","max-video-preview":"max-video-preview:-1"},"canonical":"https:\/\/interamerica.org\/es\/2020\/04\/lo-bueno-no-es-enemigo-de-los-perfecto-mejoremos-nuestras-herramientas-contra-el-covid-19\/","og_locale":"es_ES","og_type":"article","og_title":"Lo bueno no es enemigo de lo perfecto: Mejoremos nuestras herramientas contra el COVID-19 - Iglesia Adventista del S\u00e9ptimo D\u00eda - Divisi\u00f3n Interamericana","og_description":"17 de abril de 2020 | Silver Spring, Maryland, Estados Unidos | Por: Becky St. Clair, para la Red de Noticias Adventistas El domingo de Pascuas 12 de abril de...","og_url":"https:\/\/interamerica.org\/es\/2020\/04\/lo-bueno-no-es-enemigo-de-los-perfecto-mejoremos-nuestras-herramientas-contra-el-covid-19\/","og_site_name":"Iglesia Adventista del S\u00e9ptimo D\u00eda - Divisi\u00f3n Interamericana","article_published_time":"2020-04-18T16:57:59+00:00","article_modified_time":"2020-04-21T00:19:55+00:00","og_image":[{"width":1280,"height":800,"url":"https:\/\/interamerica.org\/wp-content\/uploads\/2020\/04\/csm-gc-good-is-not-the-enemy-of-perfect-enhancing-our-toolkit-against-covid-19-04ed374ced-1280.jpg","type":"image\/jpeg"}],"author":"libna","twitter_card":"summary_large_image","twitter_misc":{"Escrito por":"libna","Tiempo de lectura":"9 minutos"},"schema":{"@context":"https:\/\/schema.org","@graph":[{"@type":"Article","@id":"https:\/\/interamerica.org\/es\/2020\/04\/lo-bueno-no-es-enemigo-de-los-perfecto-mejoremos-nuestras-herramientas-contra-el-covid-19\/#article","isPartOf":{"@id":"https:\/\/interamerica.org\/es\/2020\/04\/lo-bueno-no-es-enemigo-de-los-perfecto-mejoremos-nuestras-herramientas-contra-el-covid-19\/"},"author":{"name":"libna","@id":"https:\/\/interamerica.org\/es\/#\/schema\/person\/29998f2bc2d8bd0d38662909289b54f1"},"headline":"Lo bueno no es enemigo de lo perfecto: Mejoremos nuestras herramientas contra el COVID-19","datePublished":"2020-04-18T16:57:59+00:00","dateModified":"2020-04-21T00:19:55+00:00","mainEntityOfPage":{"@id":"https:\/\/interamerica.org\/es\/2020\/04\/lo-bueno-no-es-enemigo-de-los-perfecto-mejoremos-nuestras-herramientas-contra-el-covid-19\/"},"wordCount":1726,"commentCount":0,"image":{"@id":"https:\/\/interamerica.org\/es\/2020\/04\/lo-bueno-no-es-enemigo-de-los-perfecto-mejoremos-nuestras-herramientas-contra-el-covid-19\/#primaryimage"},"thumbnailUrl":"https:\/\/interamerica.org\/wp-content\/uploads\/2020\/04\/csm-gc-good-is-not-the-enemy-of-perfect-enhancing-our-toolkit-against-covid-19-04ed374ced-1280.jpg","articleSection":["RSS Espa\u00f1ol"],"inLanguage":"es","potentialAction":[{"@type":"CommentAction","name":"Comment","target":["https:\/\/interamerica.org\/es\/2020\/04\/lo-bueno-no-es-enemigo-de-los-perfecto-mejoremos-nuestras-herramientas-contra-el-covid-19\/#respond"]}]},{"@type":"WebPage","@id":"https:\/\/interamerica.org\/es\/2020\/04\/lo-bueno-no-es-enemigo-de-los-perfecto-mejoremos-nuestras-herramientas-contra-el-covid-19\/","url":"https:\/\/interamerica.org\/es\/2020\/04\/lo-bueno-no-es-enemigo-de-los-perfecto-mejoremos-nuestras-herramientas-contra-el-covid-19\/","name":"Lo bueno no es enemigo de lo perfecto: Mejoremos nuestras herramientas contra el COVID-19 - Iglesia Adventista del S\u00e9ptimo D\u00eda - Divisi\u00f3n Interamericana","isPartOf":{"@id":"https:\/\/interamerica.org\/es\/#website"},"primaryImageOfPage":{"@id":"https:\/\/interamerica.org\/es\/2020\/04\/lo-bueno-no-es-enemigo-de-los-perfecto-mejoremos-nuestras-herramientas-contra-el-covid-19\/#primaryimage"},"image":{"@id":"https:\/\/interamerica.org\/es\/2020\/04\/lo-bueno-no-es-enemigo-de-los-perfecto-mejoremos-nuestras-herramientas-contra-el-covid-19\/#primaryimage"},"thumbnailUrl":"https:\/\/interamerica.org\/wp-content\/uploads\/2020\/04\/csm-gc-good-is-not-the-enemy-of-perfect-enhancing-our-toolkit-against-covid-19-04ed374ced-1280.jpg","datePublished":"2020-04-18T16:57:59+00:00","dateModified":"2020-04-21T00:19:55+00:00","author":{"@id":"https:\/\/interamerica.org\/es\/#\/schema\/person\/29998f2bc2d8bd0d38662909289b54f1"},"breadcrumb":{"@id":"https:\/\/interamerica.org\/es\/2020\/04\/lo-bueno-no-es-enemigo-de-los-perfecto-mejoremos-nuestras-herramientas-contra-el-covid-19\/#breadcrumb"},"inLanguage":"es","potentialAction":[{"@type":"ReadAction","target":["https:\/\/interamerica.org\/es\/2020\/04\/lo-bueno-no-es-enemigo-de-los-perfecto-mejoremos-nuestras-herramientas-contra-el-covid-19\/"]}]},{"@type":"ImageObject","inLanguage":"es","@id":"https:\/\/interamerica.org\/es\/2020\/04\/lo-bueno-no-es-enemigo-de-los-perfecto-mejoremos-nuestras-herramientas-contra-el-covid-19\/#primaryimage","url":"https:\/\/interamerica.org\/wp-content\/uploads\/2020\/04\/csm-gc-good-is-not-the-enemy-of-perfect-enhancing-our-toolkit-against-covid-19-04ed374ced-1280.jpg","contentUrl":"https:\/\/interamerica.org\/wp-content\/uploads\/2020\/04\/csm-gc-good-is-not-the-enemy-of-perfect-enhancing-our-toolkit-against-covid-19-04ed374ced-1280.jpg","width":1280,"height":800},{"@type":"BreadcrumbList","@id":"https:\/\/interamerica.org\/es\/2020\/04\/lo-bueno-no-es-enemigo-de-los-perfecto-mejoremos-nuestras-herramientas-contra-el-covid-19\/#breadcrumb","itemListElement":[{"@type":"ListItem","position":1,"name":"Home","item":"https:\/\/interamerica.org\/es\/"},{"@type":"ListItem","position":2,"name":"Lo bueno no es enemigo de lo perfecto: Mejoremos nuestras herramientas contra el COVID-19"}]},{"@type":"WebSite","@id":"https:\/\/interamerica.org\/es\/#website","url":"https:\/\/interamerica.org\/es\/","name":"Iglesia Adventista del S\u00e9ptimo D\u00eda - Divisi\u00f3n Interamericana","description":"","potentialAction":[{"@type":"SearchAction","target":{"@type":"EntryPoint","urlTemplate":"https:\/\/interamerica.org\/es\/?s={search_term_string}"},"query-input":{"@type":"PropertyValueSpecification","valueRequired":true,"valueName":"search_term_string"}}],"inLanguage":"es"},{"@type":"Person","@id":"https:\/\/interamerica.org\/es\/#\/schema\/person\/29998f2bc2d8bd0d38662909289b54f1","name":"libna","image":{"@type":"ImageObject","inLanguage":"es","@id":"https:\/\/secure.gravatar.com\/avatar\/7c5bd30ae4b47a9ba3c856590957fd1d96dc588bf3ac05719d247e126840331f?s=96&d=mm&r=g","url":"https:\/\/secure.gravatar.com\/avatar\/7c5bd30ae4b47a9ba3c856590957fd1d96dc588bf3ac05719d247e126840331f?s=96&d=mm&r=g","contentUrl":"https:\/\/secure.gravatar.com\/avatar\/7c5bd30ae4b47a9ba3c856590957fd1d96dc588bf3ac05719d247e126840331f?s=96&d=mm&r=g","caption":"libna"}}]}},"_links":{"self":[{"href":"https:\/\/interamerica.org\/es\/wp-json\/wp\/v2\/posts\/57721","targetHints":{"allow":["GET"]}}],"collection":[{"href":"https:\/\/interamerica.org\/es\/wp-json\/wp\/v2\/posts"}],"about":[{"href":"https:\/\/interamerica.org\/es\/wp-json\/wp\/v2\/types\/post"}],"author":[{"embeddable":true,"href":"https:\/\/interamerica.org\/es\/wp-json\/wp\/v2\/users\/3"}],"replies":[{"embeddable":true,"href":"https:\/\/interamerica.org\/es\/wp-json\/wp\/v2\/comments?post=57721"}],"version-history":[{"count":0,"href":"https:\/\/interamerica.org\/es\/wp-json\/wp\/v2\/posts\/57721\/revisions"}],"wp:featuredmedia":[{"embeddable":true,"href":"https:\/\/interamerica.org\/es\/wp-json\/wp\/v2\/media\/57697"}],"wp:attachment":[{"href":"https:\/\/interamerica.org\/es\/wp-json\/wp\/v2\/media?parent=57721"}],"wp:term":[{"taxonomy":"category","embeddable":true,"href":"https:\/\/interamerica.org\/es\/wp-json\/wp\/v2\/categories?post=57721"},{"taxonomy":"post_tag","embeddable":true,"href":"https:\/\/interamerica.org\/es\/wp-json\/wp\/v2\/tags?post=57721"}],"curies":[{"name":"wp","href":"https:\/\/api.w.org\/{rel}","templated":true}]}}