{"id":57910,"date":"2020-04-22T21:55:45","date_gmt":"2020-04-23T01:55:45","guid":{"rendered":"https:\/\/recursing-golick.147-182-135-0.plesk.page\/?p=57910"},"modified":"2020-04-23T13:36:43","modified_gmt":"2020-04-23T17:36:43","slug":"en-haiti-los-jovenes-concientizan-acerca-de-la-pandemia-y-ofrecen-esperanza","status":"publish","type":"post","link":"https:\/\/interamerica.org\/es\/2020\/04\/en-haiti-los-jovenes-concientizan-acerca-de-la-pandemia-y-ofrecen-esperanza\/","title":{"rendered":"En Haiti, los j\u00f3venes concientizan acerca de la pandemia y ofrecen esperanza"},"content":{"rendered":"<p><div id=\"attachment_57834\" style=\"width: 813px\" class=\"wp-caption aligncenter\"><img fetchpriority=\"high\" decoding=\"async\" aria-describedby=\"caption-attachment-57834\" class=\" wp-image-57832\" src=\"https:\/\/recursing-golick.147-182-135-0.plesk.page\/wp-content\/uploads\/2020\/04\/haiti-masks-pamphlets-1024x640.jpg\" alt=\"\" width=\"803\" height=\"502\" srcset=\"https:\/\/interamerica.org\/wp-content\/uploads\/2020\/04\/haiti-masks-pamphlets-1024x640.jpg 1024w, https:\/\/interamerica.org\/wp-content\/uploads\/2020\/04\/haiti-masks-pamphlets-300x188.jpg 300w, https:\/\/interamerica.org\/wp-content\/uploads\/2020\/04\/haiti-masks-pamphlets-768x480.jpg 768w, https:\/\/interamerica.org\/wp-content\/uploads\/2020\/04\/haiti-masks-pamphlets.jpg 1280w\" sizes=\"(max-width: 803px) 100vw, 803px\" \/><p id=\"caption-attachment-57834\" class=\"wp-caption-text\">Los j\u00f3venes de la Iglesia Adventista Horeb, en Puerto Pr\u00edncipe, Hait\u00ed, se\u00f1alan a los espectadores la importancia de la higiene apropiada y distribuyen volantes y panfletos en la lucha contra el contagio de coronavirus, en Puerto Pr\u00edncipe, Hait\u00ed, el 18 de abril de 2020. El grupo de j\u00f3venes eligi\u00f3 ocho lugares espec\u00edficos en las principales calles de Route des Dalles para despertar conciencia, en tanto que aumentan los casos de coronavirus en el pa\u00eds. [Imagen: Pierre Robenson Saint Louis]<\/p><\/div>22 de abril de 2020 | Puerto Pr\u00edncipe, Hait\u00ed | Jean Carmy Felixon y Personal de Noticias de la Divisi\u00f3n Interamericana<\/p>\n<p>Un grupo de j\u00f3venes de la Iglesia Adventista Horeb recorrieron las calles principales en Route des Dalles, en Puerto Pr\u00edncipe, ciudad capital de Hait\u00ed, el pasado fin de semana, con el fin de despertar conciencia entre los espectadores respecto a las medidas de prevenci\u00f3n que se necesitan en la lucha contra la pandemia de coronavirus.<\/p>\n<p>Los j\u00f3venes distribuyeron tambi\u00e9n panfletos y volantes provistos por el Ministerio de Salud P\u00fablica, repasaron las medidas preventivas, explicaron c\u00f3mo lavarse apropiadamente las manos y distribuyeron 500 ejemplares del libro misionero <em>\u201cEsperanza en medio del caos\u201d<\/em>, por el evangelizador adventista Mark Finley.<\/p>\n<p>Con las iglesias, escuelas y la mayor\u00eda de los negocios cerrados, los j\u00f3venes, vistiendo sus uniformes de Gu\u00edas Mayores y utilizando guantes y mascarillas de protecci\u00f3n, pasaron varias horas del s\u00e1bado 18 de abril avanzando a trav\u00e9s de ocho sitios espec\u00edficos.<\/p>\n<p><div id=\"attachment_57837\" style=\"width: 811px\" class=\"wp-caption aligncenter\"><img decoding=\"async\" aria-describedby=\"caption-attachment-57837\" class=\" wp-image-57835\" src=\"https:\/\/recursing-golick.147-182-135-0.plesk.page\/wp-content\/uploads\/2020\/04\/haiti-motorbike.jpg\" alt=\"\" width=\"801\" height=\"601\" srcset=\"https:\/\/interamerica.org\/wp-content\/uploads\/2020\/04\/haiti-motorbike.jpg 1000w, https:\/\/interamerica.org\/wp-content\/uploads\/2020\/04\/haiti-motorbike-300x225.jpg 300w, https:\/\/interamerica.org\/wp-content\/uploads\/2020\/04\/haiti-motorbike-768x576.jpg 768w\" sizes=\"(max-width: 801px) 100vw, 801px\" \/><p id=\"caption-attachment-57837\" class=\"wp-caption-text\">Un motorista sostiene en su mano el libro <em>\u201cEsperanza en medio del caos\u201d<\/em>, por el evangelizador adventista Mark Finley, que recibi\u00f3 de parte de los j\u00f3venes de la Iglesia Adventista Horeb, en Puerto Pr\u00edncipe. Los j\u00f3venes distribuyeron tambi\u00e9n panfletos sobre pr\u00e1cticas apropiadas de higiene y medidas de distanciamiento social para poner alto a la propagaci\u00f3n del coronavirus. [Imagen: Jean Carmy F\u00e9lixon]<\/p><\/div>El gobierno ha informado sobre 57 casos positivos de personas contagiadas de coronavirus y tres defunciones hasta esta semana (21 de abril).<\/p>\n<p>\u201cLos j\u00f3venes definitivamente desean brindar esperanza a los miembros de su comunidad en estos tiempos de crisis\u201d, dijo Caleb D\u00e9sir, anciano de iglesia al cuidado de los j\u00f3venes, en la Iglesia Adventista Horeb, quien le dio esta idea al grupo de j\u00f3venes. La iniciativa fue financiada por miembros de la iglesia que tomaron parte pagando por los libros misioneros y las mascarillas protectoras para esta actividad del s\u00e1bado de tarde.<\/p>\n<p>Louandijie Charles, una de las j\u00f3venes que participaron en esta actividad misionera, dijo que un joven perteneciente a otra denominaci\u00f3n religiosa se impresion\u00f3 tanto con esta iniciativa, que quiso comprar los libros misioneros y los materiales sobre el tema de salud, a fin de llevarlos a su grupo de j\u00f3venes para que hicieran lo mismo en la comunidad. \u201cEstaba tan emocionado y determinado, que le dimos toda la informaci\u00f3n necesaria\u201d, dijo.<\/p>\n<p>\u201cHubo tantas personas que apreciaron esta iniciativa y que nos pidieron que les traj\u00e9ramos cloro, mascarillas de protecci\u00f3n y otros art\u00edculos para enfrentar la pandemia\u201d, dijo Arafat Duclaire, pastor principal de la Iglesia Adventista Horeb. \u201cPudimos ver que la gente se siente realmente preocupada por la incertidumbre del coronavirus, as\u00ed que hicimos lo que pudimos con los recursos limitados que ten\u00edamos\u201d.<\/p>\n<p><div id=\"attachment_57840\" style=\"width: 811px\" class=\"wp-caption aligncenter\"><img decoding=\"async\" aria-describedby=\"caption-attachment-57840\" class=\" wp-image-57838\" src=\"https:\/\/recursing-golick.147-182-135-0.plesk.page\/wp-content\/uploads\/2020\/04\/haiti-pamphlet-kid.jpg\" alt=\"\" width=\"801\" height=\"601\" srcset=\"https:\/\/interamerica.org\/wp-content\/uploads\/2020\/04\/haiti-pamphlet-kid.jpg 950w, https:\/\/interamerica.org\/wp-content\/uploads\/2020\/04\/haiti-pamphlet-kid-300x225.jpg 300w, https:\/\/interamerica.org\/wp-content\/uploads\/2020\/04\/haiti-pamphlet-kid-768x576.jpg 768w\" sizes=\"(max-width: 801px) 100vw, 801px\" \/><p id=\"caption-attachment-57840\" class=\"wp-caption-text\">Un ni\u00f1o recibe gel antis\u00e9ptico y se le muestran medidas preventivas para combatir la propagaci\u00f3n del Covid-19. [Imagen: Jean Carmy F\u00e9lixon]<\/p><\/div>En medio de tanta incertidumbre, violencia e inestabilidad pol\u00edtica, fue importante para los miembros de iglesia tomar parte en la tarea de dar un mensaje de esperanza en tiempos tan desesperados. M\u00e1s de 700 miembros de iglesia adoran en la Iglesia Adventista Horeb.<\/p>\n<p>Traducci\u00f3n \u2013 Gloria A. Castrej\u00f3n<\/p>\n","protected":false},"excerpt":{"rendered":"<p>22 de abril de 2020 | Puerto Pr\u00edncipe, Hait\u00ed | Jean Carmy Felixon y Personal de Noticias de la Divisi\u00f3n Interamericana Un grupo de j\u00f3venes de la Iglesia Adventista Horeb&#8230;<\/p>\n","protected":false},"author":3,"featured_media":57834,"comment_status":"open","ping_status":"closed","sticky":false,"template":"","format":"standard","meta":{"_acf_changed":false,"footnotes":""},"categories":[17,15],"tags":[],"class_list":["post-57910","post","type-post","status-publish","format-standard","has-post-thumbnail","hentry","category-desde-el-campo","category-rss-espanol"],"acf":[],"yoast_head":"<!-- This site is optimized with the Yoast SEO plugin v27.3 - https:\/\/yoast.com\/product\/yoast-seo-wordpress\/ -->\n<title>En Haiti, los j\u00f3venes concientizan acerca de la pandemia y ofrecen esperanza - Iglesia Adventista del S\u00e9ptimo D\u00eda - Divisi\u00f3n Interamericana<\/title>\n<meta name=\"robots\" content=\"index, follow, max-snippet:-1, max-image-preview:large, max-video-preview:-1\" \/>\n<link rel=\"canonical\" href=\"https:\/\/interamerica.org\/es\/2020\/04\/en-haiti-los-jovenes-concientizan-acerca-de-la-pandemia-y-ofrecen-esperanza\/\" \/>\n<meta property=\"og:locale\" content=\"es_ES\" \/>\n<meta property=\"og:type\" content=\"article\" \/>\n<meta property=\"og:title\" content=\"En Haiti, los j\u00f3venes concientizan acerca de la pandemia y ofrecen esperanza - Iglesia Adventista del S\u00e9ptimo D\u00eda - Divisi\u00f3n Interamericana\" \/>\n<meta property=\"og:description\" content=\"22 de abril de 2020 | Puerto Pr\u00edncipe, Hait\u00ed | Jean Carmy Felixon y Personal de Noticias de la Divisi\u00f3n Interamericana Un grupo de j\u00f3venes de la Iglesia Adventista Horeb...\" \/>\n<meta property=\"og:url\" content=\"https:\/\/interamerica.org\/es\/2020\/04\/en-haiti-los-jovenes-concientizan-acerca-de-la-pandemia-y-ofrecen-esperanza\/\" \/>\n<meta property=\"og:site_name\" content=\"Iglesia Adventista del S\u00e9ptimo D\u00eda - Divisi\u00f3n Interamericana\" \/>\n<meta property=\"article:published_time\" content=\"2020-04-23T01:55:45+00:00\" \/>\n<meta property=\"article:modified_time\" content=\"2020-04-23T17:36:43+00:00\" \/>\n<meta property=\"og:image\" content=\"https:\/\/interamerica.org\/wp-content\/uploads\/2020\/04\/haiti-masks-pamphlets.jpg\" \/>\n\t<meta property=\"og:image:width\" content=\"1280\" \/>\n\t<meta property=\"og:image:height\" content=\"800\" \/>\n\t<meta property=\"og:image:type\" content=\"image\/jpeg\" \/>\n<meta name=\"author\" content=\"libna\" \/>\n<meta name=\"twitter:card\" content=\"summary_large_image\" \/>\n<meta name=\"twitter:label1\" content=\"Escrito por\" \/>\n\t<meta name=\"twitter:data1\" content=\"libna\" \/>\n\t<meta name=\"twitter:label2\" content=\"Tiempo de lectura\" \/>\n\t<meta name=\"twitter:data2\" content=\"3 minutos\" \/>\n<script type=\"application\/ld+json\" class=\"yoast-schema-graph\">{\"@context\":\"https:\\\/\\\/schema.org\",\"@graph\":[{\"@type\":\"Article\",\"@id\":\"https:\\\/\\\/interamerica.org\\\/es\\\/2020\\\/04\\\/en-haiti-los-jovenes-concientizan-acerca-de-la-pandemia-y-ofrecen-esperanza\\\/#article\",\"isPartOf\":{\"@id\":\"https:\\\/\\\/interamerica.org\\\/es\\\/2020\\\/04\\\/en-haiti-los-jovenes-concientizan-acerca-de-la-pandemia-y-ofrecen-esperanza\\\/\"},\"author\":{\"name\":\"libna\",\"@id\":\"https:\\\/\\\/interamerica.org\\\/es\\\/#\\\/schema\\\/person\\\/29998f2bc2d8bd0d38662909289b54f1\"},\"headline\":\"En Haiti, los j\u00f3venes concientizan acerca de la pandemia y ofrecen esperanza\",\"datePublished\":\"2020-04-23T01:55:45+00:00\",\"dateModified\":\"2020-04-23T17:36:43+00:00\",\"mainEntityOfPage\":{\"@id\":\"https:\\\/\\\/interamerica.org\\\/es\\\/2020\\\/04\\\/en-haiti-los-jovenes-concientizan-acerca-de-la-pandemia-y-ofrecen-esperanza\\\/\"},\"wordCount\":665,\"commentCount\":0,\"image\":{\"@id\":\"https:\\\/\\\/interamerica.org\\\/es\\\/2020\\\/04\\\/en-haiti-los-jovenes-concientizan-acerca-de-la-pandemia-y-ofrecen-esperanza\\\/#primaryimage\"},\"thumbnailUrl\":\"https:\\\/\\\/interamerica.org\\\/wp-content\\\/uploads\\\/2020\\\/04\\\/haiti-masks-pamphlets.jpg\",\"articleSection\":[\"Desde el campo\",\"RSS Espa\u00f1ol\"],\"inLanguage\":\"es\",\"potentialAction\":[{\"@type\":\"CommentAction\",\"name\":\"Comment\",\"target\":[\"https:\\\/\\\/interamerica.org\\\/es\\\/2020\\\/04\\\/en-haiti-los-jovenes-concientizan-acerca-de-la-pandemia-y-ofrecen-esperanza\\\/#respond\"]}]},{\"@type\":\"WebPage\",\"@id\":\"https:\\\/\\\/interamerica.org\\\/es\\\/2020\\\/04\\\/en-haiti-los-jovenes-concientizan-acerca-de-la-pandemia-y-ofrecen-esperanza\\\/\",\"url\":\"https:\\\/\\\/interamerica.org\\\/es\\\/2020\\\/04\\\/en-haiti-los-jovenes-concientizan-acerca-de-la-pandemia-y-ofrecen-esperanza\\\/\",\"name\":\"En Haiti, los j\u00f3venes concientizan acerca de la pandemia y ofrecen esperanza - Iglesia Adventista del S\u00e9ptimo D\u00eda - Divisi\u00f3n Interamericana\",\"isPartOf\":{\"@id\":\"https:\\\/\\\/interamerica.org\\\/es\\\/#website\"},\"primaryImageOfPage\":{\"@id\":\"https:\\\/\\\/interamerica.org\\\/es\\\/2020\\\/04\\\/en-haiti-los-jovenes-concientizan-acerca-de-la-pandemia-y-ofrecen-esperanza\\\/#primaryimage\"},\"image\":{\"@id\":\"https:\\\/\\\/interamerica.org\\\/es\\\/2020\\\/04\\\/en-haiti-los-jovenes-concientizan-acerca-de-la-pandemia-y-ofrecen-esperanza\\\/#primaryimage\"},\"thumbnailUrl\":\"https:\\\/\\\/interamerica.org\\\/wp-content\\\/uploads\\\/2020\\\/04\\\/haiti-masks-pamphlets.jpg\",\"datePublished\":\"2020-04-23T01:55:45+00:00\",\"dateModified\":\"2020-04-23T17:36:43+00:00\",\"author\":{\"@id\":\"https:\\\/\\\/interamerica.org\\\/es\\\/#\\\/schema\\\/person\\\/29998f2bc2d8bd0d38662909289b54f1\"},\"breadcrumb\":{\"@id\":\"https:\\\/\\\/interamerica.org\\\/es\\\/2020\\\/04\\\/en-haiti-los-jovenes-concientizan-acerca-de-la-pandemia-y-ofrecen-esperanza\\\/#breadcrumb\"},\"inLanguage\":\"es\",\"potentialAction\":[{\"@type\":\"ReadAction\",\"target\":[\"https:\\\/\\\/interamerica.org\\\/es\\\/2020\\\/04\\\/en-haiti-los-jovenes-concientizan-acerca-de-la-pandemia-y-ofrecen-esperanza\\\/\"]}]},{\"@type\":\"ImageObject\",\"inLanguage\":\"es\",\"@id\":\"https:\\\/\\\/interamerica.org\\\/es\\\/2020\\\/04\\\/en-haiti-los-jovenes-concientizan-acerca-de-la-pandemia-y-ofrecen-esperanza\\\/#primaryimage\",\"url\":\"https:\\\/\\\/interamerica.org\\\/wp-content\\\/uploads\\\/2020\\\/04\\\/haiti-masks-pamphlets.jpg\",\"contentUrl\":\"https:\\\/\\\/interamerica.org\\\/wp-content\\\/uploads\\\/2020\\\/04\\\/haiti-masks-pamphlets.jpg\",\"width\":1280,\"height\":800,\"caption\":\"[Imagen: Jean\"},{\"@type\":\"BreadcrumbList\",\"@id\":\"https:\\\/\\\/interamerica.org\\\/es\\\/2020\\\/04\\\/en-haiti-los-jovenes-concientizan-acerca-de-la-pandemia-y-ofrecen-esperanza\\\/#breadcrumb\",\"itemListElement\":[{\"@type\":\"ListItem\",\"position\":1,\"name\":\"Home\",\"item\":\"https:\\\/\\\/interamerica.org\\\/es\\\/\"},{\"@type\":\"ListItem\",\"position\":2,\"name\":\"En Haiti, los j\u00f3venes concientizan acerca de la pandemia y ofrecen esperanza\"}]},{\"@type\":\"WebSite\",\"@id\":\"https:\\\/\\\/interamerica.org\\\/es\\\/#website\",\"url\":\"https:\\\/\\\/interamerica.org\\\/es\\\/\",\"name\":\"Iglesia Adventista del S\u00e9ptimo D\u00eda - Divisi\u00f3n Interamericana\",\"description\":\"\",\"potentialAction\":[{\"@type\":\"SearchAction\",\"target\":{\"@type\":\"EntryPoint\",\"urlTemplate\":\"https:\\\/\\\/interamerica.org\\\/es\\\/?s={search_term_string}\"},\"query-input\":{\"@type\":\"PropertyValueSpecification\",\"valueRequired\":true,\"valueName\":\"search_term_string\"}}],\"inLanguage\":\"es\"},{\"@type\":\"Person\",\"@id\":\"https:\\\/\\\/interamerica.org\\\/es\\\/#\\\/schema\\\/person\\\/29998f2bc2d8bd0d38662909289b54f1\",\"name\":\"libna\",\"image\":{\"@type\":\"ImageObject\",\"inLanguage\":\"es\",\"@id\":\"https:\\\/\\\/secure.gravatar.com\\\/avatar\\\/7c5bd30ae4b47a9ba3c856590957fd1d96dc588bf3ac05719d247e126840331f?s=96&d=mm&r=g\",\"url\":\"https:\\\/\\\/secure.gravatar.com\\\/avatar\\\/7c5bd30ae4b47a9ba3c856590957fd1d96dc588bf3ac05719d247e126840331f?s=96&d=mm&r=g\",\"contentUrl\":\"https:\\\/\\\/secure.gravatar.com\\\/avatar\\\/7c5bd30ae4b47a9ba3c856590957fd1d96dc588bf3ac05719d247e126840331f?s=96&d=mm&r=g\",\"caption\":\"libna\"}}]}<\/script>\n<!-- \/ Yoast SEO plugin. -->","yoast_head_json":{"title":"En Haiti, los j\u00f3venes concientizan acerca de la pandemia y ofrecen esperanza - Iglesia Adventista del S\u00e9ptimo D\u00eda - Divisi\u00f3n Interamericana","robots":{"index":"index","follow":"follow","max-snippet":"max-snippet:-1","max-image-preview":"max-image-preview:large","max-video-preview":"max-video-preview:-1"},"canonical":"https:\/\/interamerica.org\/es\/2020\/04\/en-haiti-los-jovenes-concientizan-acerca-de-la-pandemia-y-ofrecen-esperanza\/","og_locale":"es_ES","og_type":"article","og_title":"En Haiti, los j\u00f3venes concientizan acerca de la pandemia y ofrecen esperanza - Iglesia Adventista del S\u00e9ptimo D\u00eda - Divisi\u00f3n Interamericana","og_description":"22 de abril de 2020 | Puerto Pr\u00edncipe, Hait\u00ed | Jean Carmy Felixon y Personal de Noticias de la Divisi\u00f3n Interamericana Un grupo de j\u00f3venes de la Iglesia Adventista Horeb...","og_url":"https:\/\/interamerica.org\/es\/2020\/04\/en-haiti-los-jovenes-concientizan-acerca-de-la-pandemia-y-ofrecen-esperanza\/","og_site_name":"Iglesia Adventista del S\u00e9ptimo D\u00eda - Divisi\u00f3n Interamericana","article_published_time":"2020-04-23T01:55:45+00:00","article_modified_time":"2020-04-23T17:36:43+00:00","og_image":[{"width":1280,"height":800,"url":"https:\/\/interamerica.org\/wp-content\/uploads\/2020\/04\/haiti-masks-pamphlets.jpg","type":"image\/jpeg"}],"author":"libna","twitter_card":"summary_large_image","twitter_misc":{"Escrito por":"libna","Tiempo de lectura":"3 minutos"},"schema":{"@context":"https:\/\/schema.org","@graph":[{"@type":"Article","@id":"https:\/\/interamerica.org\/es\/2020\/04\/en-haiti-los-jovenes-concientizan-acerca-de-la-pandemia-y-ofrecen-esperanza\/#article","isPartOf":{"@id":"https:\/\/interamerica.org\/es\/2020\/04\/en-haiti-los-jovenes-concientizan-acerca-de-la-pandemia-y-ofrecen-esperanza\/"},"author":{"name":"libna","@id":"https:\/\/interamerica.org\/es\/#\/schema\/person\/29998f2bc2d8bd0d38662909289b54f1"},"headline":"En Haiti, los j\u00f3venes concientizan acerca de la pandemia y ofrecen esperanza","datePublished":"2020-04-23T01:55:45+00:00","dateModified":"2020-04-23T17:36:43+00:00","mainEntityOfPage":{"@id":"https:\/\/interamerica.org\/es\/2020\/04\/en-haiti-los-jovenes-concientizan-acerca-de-la-pandemia-y-ofrecen-esperanza\/"},"wordCount":665,"commentCount":0,"image":{"@id":"https:\/\/interamerica.org\/es\/2020\/04\/en-haiti-los-jovenes-concientizan-acerca-de-la-pandemia-y-ofrecen-esperanza\/#primaryimage"},"thumbnailUrl":"https:\/\/interamerica.org\/wp-content\/uploads\/2020\/04\/haiti-masks-pamphlets.jpg","articleSection":["Desde el campo","RSS Espa\u00f1ol"],"inLanguage":"es","potentialAction":[{"@type":"CommentAction","name":"Comment","target":["https:\/\/interamerica.org\/es\/2020\/04\/en-haiti-los-jovenes-concientizan-acerca-de-la-pandemia-y-ofrecen-esperanza\/#respond"]}]},{"@type":"WebPage","@id":"https:\/\/interamerica.org\/es\/2020\/04\/en-haiti-los-jovenes-concientizan-acerca-de-la-pandemia-y-ofrecen-esperanza\/","url":"https:\/\/interamerica.org\/es\/2020\/04\/en-haiti-los-jovenes-concientizan-acerca-de-la-pandemia-y-ofrecen-esperanza\/","name":"En Haiti, los j\u00f3venes concientizan acerca de la pandemia y ofrecen esperanza - Iglesia Adventista del S\u00e9ptimo D\u00eda - Divisi\u00f3n Interamericana","isPartOf":{"@id":"https:\/\/interamerica.org\/es\/#website"},"primaryImageOfPage":{"@id":"https:\/\/interamerica.org\/es\/2020\/04\/en-haiti-los-jovenes-concientizan-acerca-de-la-pandemia-y-ofrecen-esperanza\/#primaryimage"},"image":{"@id":"https:\/\/interamerica.org\/es\/2020\/04\/en-haiti-los-jovenes-concientizan-acerca-de-la-pandemia-y-ofrecen-esperanza\/#primaryimage"},"thumbnailUrl":"https:\/\/interamerica.org\/wp-content\/uploads\/2020\/04\/haiti-masks-pamphlets.jpg","datePublished":"2020-04-23T01:55:45+00:00","dateModified":"2020-04-23T17:36:43+00:00","author":{"@id":"https:\/\/interamerica.org\/es\/#\/schema\/person\/29998f2bc2d8bd0d38662909289b54f1"},"breadcrumb":{"@id":"https:\/\/interamerica.org\/es\/2020\/04\/en-haiti-los-jovenes-concientizan-acerca-de-la-pandemia-y-ofrecen-esperanza\/#breadcrumb"},"inLanguage":"es","potentialAction":[{"@type":"ReadAction","target":["https:\/\/interamerica.org\/es\/2020\/04\/en-haiti-los-jovenes-concientizan-acerca-de-la-pandemia-y-ofrecen-esperanza\/"]}]},{"@type":"ImageObject","inLanguage":"es","@id":"https:\/\/interamerica.org\/es\/2020\/04\/en-haiti-los-jovenes-concientizan-acerca-de-la-pandemia-y-ofrecen-esperanza\/#primaryimage","url":"https:\/\/interamerica.org\/wp-content\/uploads\/2020\/04\/haiti-masks-pamphlets.jpg","contentUrl":"https:\/\/interamerica.org\/wp-content\/uploads\/2020\/04\/haiti-masks-pamphlets.jpg","width":1280,"height":800,"caption":"[Imagen: Jean"},{"@type":"BreadcrumbList","@id":"https:\/\/interamerica.org\/es\/2020\/04\/en-haiti-los-jovenes-concientizan-acerca-de-la-pandemia-y-ofrecen-esperanza\/#breadcrumb","itemListElement":[{"@type":"ListItem","position":1,"name":"Home","item":"https:\/\/interamerica.org\/es\/"},{"@type":"ListItem","position":2,"name":"En Haiti, los j\u00f3venes concientizan acerca de la pandemia y ofrecen esperanza"}]},{"@type":"WebSite","@id":"https:\/\/interamerica.org\/es\/#website","url":"https:\/\/interamerica.org\/es\/","name":"Iglesia Adventista del S\u00e9ptimo D\u00eda - Divisi\u00f3n Interamericana","description":"","potentialAction":[{"@type":"SearchAction","target":{"@type":"EntryPoint","urlTemplate":"https:\/\/interamerica.org\/es\/?s={search_term_string}"},"query-input":{"@type":"PropertyValueSpecification","valueRequired":true,"valueName":"search_term_string"}}],"inLanguage":"es"},{"@type":"Person","@id":"https:\/\/interamerica.org\/es\/#\/schema\/person\/29998f2bc2d8bd0d38662909289b54f1","name":"libna","image":{"@type":"ImageObject","inLanguage":"es","@id":"https:\/\/secure.gravatar.com\/avatar\/7c5bd30ae4b47a9ba3c856590957fd1d96dc588bf3ac05719d247e126840331f?s=96&d=mm&r=g","url":"https:\/\/secure.gravatar.com\/avatar\/7c5bd30ae4b47a9ba3c856590957fd1d96dc588bf3ac05719d247e126840331f?s=96&d=mm&r=g","contentUrl":"https:\/\/secure.gravatar.com\/avatar\/7c5bd30ae4b47a9ba3c856590957fd1d96dc588bf3ac05719d247e126840331f?s=96&d=mm&r=g","caption":"libna"}}]}},"_links":{"self":[{"href":"https:\/\/interamerica.org\/es\/wp-json\/wp\/v2\/posts\/57910","targetHints":{"allow":["GET"]}}],"collection":[{"href":"https:\/\/interamerica.org\/es\/wp-json\/wp\/v2\/posts"}],"about":[{"href":"https:\/\/interamerica.org\/es\/wp-json\/wp\/v2\/types\/post"}],"author":[{"embeddable":true,"href":"https:\/\/interamerica.org\/es\/wp-json\/wp\/v2\/users\/3"}],"replies":[{"embeddable":true,"href":"https:\/\/interamerica.org\/es\/wp-json\/wp\/v2\/comments?post=57910"}],"version-history":[{"count":0,"href":"https:\/\/interamerica.org\/es\/wp-json\/wp\/v2\/posts\/57910\/revisions"}],"wp:featuredmedia":[{"embeddable":true,"href":"https:\/\/interamerica.org\/es\/wp-json\/wp\/v2\/media\/57834"}],"wp:attachment":[{"href":"https:\/\/interamerica.org\/es\/wp-json\/wp\/v2\/media?parent=57910"}],"wp:term":[{"taxonomy":"category","embeddable":true,"href":"https:\/\/interamerica.org\/es\/wp-json\/wp\/v2\/categories?post=57910"},{"taxonomy":"post_tag","embeddable":true,"href":"https:\/\/interamerica.org\/es\/wp-json\/wp\/v2\/tags?post=57910"}],"curies":[{"name":"wp","href":"https:\/\/api.w.org\/{rel}","templated":true}]}}