{"id":57958,"date":"2020-04-22T23:58:33","date_gmt":"2020-04-23T03:58:33","guid":{"rendered":"https:\/\/recursing-golick.147-182-135-0.plesk.page\/?p=57958"},"modified":"2020-04-23T12:35:14","modified_gmt":"2020-04-23T16:35:14","slug":"en-santa-cruz-la-iglesia-adventista-ayuda-a-las-personas-mayores-en-medio-de-las-medidas-de-distanciamiento-social","status":"publish","type":"post","link":"https:\/\/interamerica.org\/es\/2020\/04\/en-santa-cruz-la-iglesia-adventista-ayuda-a-las-personas-mayores-en-medio-de-las-medidas-de-distanciamiento-social\/","title":{"rendered":"En Santa Cruz, la Iglesia Adventista ayuda a las personas mayores en medio de las medidas de distanciamiento social"},"content":{"rendered":"<p><div id=\"attachment_57950\" style=\"width: 812px\" class=\"wp-caption aligncenter\"><img fetchpriority=\"high\" decoding=\"async\" aria-describedby=\"caption-attachment-57950\" class=\" wp-image-57948\" src=\"https:\/\/recursing-golick.147-182-135-0.plesk.page\/wp-content\/uploads\/2020\/04\/earl-daniel-christiansted-ncc.jpg\" alt=\"\" width=\"802\" height=\"535\" srcset=\"https:\/\/interamerica.org\/wp-content\/uploads\/2020\/04\/earl-daniel-christiansted-ncc.jpg 1000w, https:\/\/interamerica.org\/wp-content\/uploads\/2020\/04\/earl-daniel-christiansted-ncc-300x200.jpg 300w, https:\/\/interamerica.org\/wp-content\/uploads\/2020\/04\/earl-daniel-christiansted-ncc-768x512.jpg 768w\" sizes=\"(max-width: 802px) 100vw, 802px\" \/><p id=\"caption-attachment-57950\" class=\"wp-caption-text\">El pastor Earl Daniel, que est\u00e1 al frente de la Iglesia Adventista de Christiansted en la isla de Santa Cruz, en las Islas V\u00edrgenes de los Estados Unidos, coordin\u00f3 un grupo operativo especial para ayudar a que los miembros de m\u00e1s edad hagan frente a las medidas de confinamiento que la pandemia del COVID-19 produjo en marzo de 2020. La iglesia est\u00e1 compuesta mayormente de miembros mayores que han sido conectados con familias j\u00f3venes para cuidar y estar atentos a sus necesidades. [Fotograf\u00eda de archivo: Asociaci\u00f3n Norte\u00f1a del Caribe]<\/p><\/div>22 de abril de 2020 | Santa Cruz, Islas V\u00edrgenes de los Estados Unidos | Royston Philbert\/Divisi\u00f3n Interamericana<\/p>\n<p>Los l\u00edderes de la iglesia adventista de Christiansted en la isla de Santa Cruz, en las Islas V\u00edrgenes Brit\u00e1nicas, tomaron hace poco medidas para ayudar al noventa por ciento de sus miembros, que son mayores, para ayudarles a enfrentar las medidas de confinamiento que produjo la pandemia del COVID-19 desde hace algunas semanas.<\/p>\n<p>\u201cEstablecimos lo que denominamos la \u2018Fuerza Operativa COVID-19\u2019, que fue uno de los pedidos que efectu\u00f3 a cada congregaci\u00f3n el presidente de la Asociaci\u00f3n Norte\u00f1a del Caribe, para que cada iglesia establezca un grupo operativo que estudie y determine cu\u00e1les son las mejores maneras de satisfacer las necesidades de los miembros\u201d, dijo Earl Daniel, pastor de la iglesia adventista de Christiansted. Ante la interrupci\u00f3n de las interacciones sociales y espirituales, el pastor Daniel dijo que se requiri\u00f3 de una planificaci\u00f3n intencional crear modelos de ministerio que lleguen a cada miembro de la iglesia.<\/p>\n<p>\u201cEsta es una situaci\u00f3n sumamente fluida, pero Dios ha bendecido a la iglesia con l\u00edderes que est\u00e1n en sinton\u00eda con los tiempos en que vivimos y son sensibles a las necesidades de aquellos a quienes sirven\u201d, a\u00f1adi\u00f3.<\/p>\n<p><div id=\"attachment_57944\" style=\"width: 811px\" class=\"wp-caption aligncenter\"><img decoding=\"async\" aria-describedby=\"caption-attachment-57944\" class=\" wp-image-57942\" src=\"https:\/\/recursing-golick.147-182-135-0.plesk.page\/wp-content\/uploads\/2020\/04\/christiansted-ncc-elderly-members2.jpg\" alt=\"\" width=\"801\" height=\"595\" srcset=\"https:\/\/interamerica.org\/wp-content\/uploads\/2020\/04\/christiansted-ncc-elderly-members2.jpg 950w, https:\/\/interamerica.org\/wp-content\/uploads\/2020\/04\/christiansted-ncc-elderly-members2-300x223.jpg 300w, https:\/\/interamerica.org\/wp-content\/uploads\/2020\/04\/christiansted-ncc-elderly-members2-768x571.jpg 768w\" sizes=\"(max-width: 801px) 100vw, 801px\" \/><p id=\"caption-attachment-57944\" class=\"wp-caption-text\">Miembros mayores de la iglesia adventista de Christianstead, durante un culto de adoraci\u00f3n el a\u00f1o pasado. [Fotograf\u00eda de archive: Asociaci\u00f3n Norte\u00f1a del Caribe]<\/p><\/div>Los miembros de iglesia recibieron paquetes que conten\u00edan desinfectante de manos, un term\u00f3metro, una gu\u00eda para lavarse las manos, un m\u00e9todo de control de sus medicamentos y una lista de contactos de emergencia el pasado 18 de marzo. El grupo operativo tambi\u00e9n conecto a los ancianos con los j\u00f3venes y otros miembros en\u00e9rgicos que han sido capacitados para interactuar en forma segura con los miembros m\u00e1s vulnerables y que podr\u00edan hacer diligencias y ayudarlos con otras tareas.<\/p>\n<p>\u201cMuchos de aquellos a quienes servimos son miembros que han abrazado el adventismo en su infancia en la isla de Santa Cruz\u201d, dijo el primer anciano Horace Graham. \u201cSomos conscientes de nuestra demograf\u00eda y estamos decididos a apoyarlos con ministerios e iniciativas que los mantengan seguros, mientras siguen al mismo tiempo conectados a la vida de la iglesia\u201d. Graham explic\u00f3 que para muchos de ellos, las reuniones semanales de la iglesia son la interacci\u00f3n social primaria que reciben.<\/p>\n<p>Los maestros de Escuela Sab\u00e1tica fueron capacitados para saber c\u00f3mo usar un sistema de conferencias por videollamadas para reunir a las personas para las clases semanales. Se hicieron arreglos para que los miembros sean colocados en grupos de mensajes de textos, y se conect\u00f3 a los ancianos con cuentas de correo electr\u00f3nico para que pudieran recibir el bolet\u00edn y otras comunicaciones de la iglesia. Al mismo tiempo, se registran y env\u00edan los mensajes del pastor a los tel\u00e9fonos celulares de los miembros, mientras que aquellos miembros que tienen conocimientos de tecnolog\u00eda garantizan que los dispositivos de los mayores puedan acceder a YouTube y a Facebook para los cultos sab\u00e1ticos.<\/p>\n<p>\u201cBuscamos desarrollar un sistema que garantice que sigan conectados a la comunidad de fe con la que tanto estaban acostumbrados a interactuar\u201d, a\u00f1adi\u00f3 Graham. \u201cLa iglesia posee el mayor potencial de perder porque somos el grupo de mayor riesgo, y necesitamos asegurarnos de que podemos brindarles atenci\u00f3n a todos ellos\u201d.<\/p>\n<p><div id=\"attachment_57941\" style=\"width: 810px\" class=\"wp-caption aligncenter\"><img decoding=\"async\" aria-describedby=\"caption-attachment-57941\" class=\" wp-image-57939\" src=\"https:\/\/recursing-golick.147-182-135-0.plesk.page\/wp-content\/uploads\/2020\/04\/christiansted-ncc-elderly-members1.jpg\" alt=\"\" width=\"800\" height=\"565\" srcset=\"https:\/\/interamerica.org\/wp-content\/uploads\/2020\/04\/christiansted-ncc-elderly-members1.jpg 980w, https:\/\/interamerica.org\/wp-content\/uploads\/2020\/04\/christiansted-ncc-elderly-members1-300x212.jpg 300w, https:\/\/interamerica.org\/wp-content\/uploads\/2020\/04\/christiansted-ncc-elderly-members1-768x542.jpg 768w\" sizes=\"(max-width: 800px) 100vw, 800px\" \/><p id=\"caption-attachment-57941\" class=\"wp-caption-text\">Las personas mayores conforman el noventa por ciento de la feligres\u00eda de la iglesia adventista de Christiansted, en Santa Cruz, en las Islas V\u00edrgenes de los Estados Unidos. [Fotograf\u00eda de archivo: Asociaci\u00f3n Norte\u00f1a del Caribe]<\/p><\/div>El ministerio abarca todo, dijo el pastor Daniel. Hay miembros de iglesia asignados del grupo operativo especial de la iglesia que llevan un registro de las necesidades de los miembros, distribuyen las compras del supermercado y otras necesidades a las personas mayores y a los que no pueden salir de sus hogares. \u201cPara aliviarles la soledad, las familias y las personas j\u00f3venes que est\u00e1n en sus hogares crean un sentido de comunidad a trav\u00e9s de las l\u00edneas generacionales, por medio de llamadas telef\u00f3nicas peri\u00f3dicas e interacciones seguras\u201d, dijo Daniel.<\/p>\n<p>Mientras tanto, el itinerario diario del pastor Daniel no ha cambiado. Sigue visitando y llegando a los miembros. \u201cMe pongo en los zapatos de mis miembros que han perdido el trabajo o tienen temor de perder el trabajo\u201d, dijo Daniel. \u201cAnimo a los miembros a que hallen un espacio dentro de sus hogares para adorar a Dios en forma individual e \u00edntima, aun en momentos en que reunirse se ha tornado imposible\u201d.<\/p>\n<p>Daniel tambi\u00e9n ora con los miembros todos los d\u00edas. \u201cLes digo que oren con fervor a Dios todos los d\u00edas\u201d, cont\u00f3.<\/p>\n<p>Gracias al grupo operativo de la iglesia, la congregaci\u00f3n puede dar cuenta del ciento por ciento de sus miembros activos, que en el presente suman 120 personas.<\/p>\n<p>Traducci\u00f3n de Marcos Paseggi<\/p>\n","protected":false},"excerpt":{"rendered":"<p>22 de abril de 2020 | Santa Cruz, Islas V\u00edrgenes de los Estados Unidos | Royston Philbert\/Divisi\u00f3n Interamericana Los l\u00edderes de la iglesia adventista de Christiansted en la isla de&#8230;<\/p>\n","protected":false},"author":3,"featured_media":57950,"comment_status":"open","ping_status":"closed","sticky":false,"template":"","format":"standard","meta":{"_acf_changed":false,"footnotes":""},"categories":[17,15],"tags":[],"class_list":["post-57958","post","type-post","status-publish","format-standard","has-post-thumbnail","hentry","category-desde-el-campo","category-rss-espanol"],"acf":[],"yoast_head":"<!-- This site is optimized with the Yoast SEO plugin v27.3 - https:\/\/yoast.com\/product\/yoast-seo-wordpress\/ -->\n<title>En Santa Cruz, la Iglesia Adventista ayuda a las personas mayores en medio de las medidas de distanciamiento social - Iglesia Adventista del S\u00e9ptimo D\u00eda - Divisi\u00f3n Interamericana<\/title>\n<meta name=\"robots\" content=\"index, follow, max-snippet:-1, max-image-preview:large, max-video-preview:-1\" \/>\n<link rel=\"canonical\" href=\"https:\/\/interamerica.org\/es\/2020\/04\/en-santa-cruz-la-iglesia-adventista-ayuda-a-las-personas-mayores-en-medio-de-las-medidas-de-distanciamiento-social\/\" \/>\n<meta property=\"og:locale\" content=\"es_ES\" \/>\n<meta property=\"og:type\" content=\"article\" \/>\n<meta property=\"og:title\" content=\"En Santa Cruz, la Iglesia Adventista ayuda a las personas mayores en medio de las medidas de distanciamiento social - Iglesia Adventista del S\u00e9ptimo D\u00eda - Divisi\u00f3n Interamericana\" \/>\n<meta property=\"og:description\" content=\"22 de abril de 2020 | Santa Cruz, Islas V\u00edrgenes de los Estados Unidos | Royston Philbert\/Divisi\u00f3n Interamericana Los l\u00edderes de la iglesia adventista de Christiansted en la isla de...\" \/>\n<meta property=\"og:url\" content=\"https:\/\/interamerica.org\/es\/2020\/04\/en-santa-cruz-la-iglesia-adventista-ayuda-a-las-personas-mayores-en-medio-de-las-medidas-de-distanciamiento-social\/\" \/>\n<meta property=\"og:site_name\" content=\"Iglesia Adventista del S\u00e9ptimo D\u00eda - Divisi\u00f3n Interamericana\" \/>\n<meta property=\"article:published_time\" content=\"2020-04-23T03:58:33+00:00\" \/>\n<meta property=\"article:modified_time\" content=\"2020-04-23T16:35:14+00:00\" \/>\n<meta property=\"og:image\" content=\"https:\/\/interamerica.org\/wp-content\/uploads\/2020\/04\/earl-daniel-christiansted-ncc.jpg\" \/>\n\t<meta property=\"og:image:width\" content=\"1000\" \/>\n\t<meta property=\"og:image:height\" content=\"667\" \/>\n\t<meta property=\"og:image:type\" content=\"image\/jpeg\" \/>\n<meta name=\"author\" content=\"libna\" \/>\n<meta name=\"twitter:card\" content=\"summary_large_image\" \/>\n<meta name=\"twitter:label1\" content=\"Escrito por\" \/>\n\t<meta name=\"twitter:data1\" content=\"libna\" \/>\n\t<meta name=\"twitter:label2\" content=\"Tiempo de lectura\" \/>\n\t<meta name=\"twitter:data2\" content=\"5 minutos\" \/>\n<script type=\"application\/ld+json\" class=\"yoast-schema-graph\">{\"@context\":\"https:\\\/\\\/schema.org\",\"@graph\":[{\"@type\":\"Article\",\"@id\":\"https:\\\/\\\/interamerica.org\\\/es\\\/2020\\\/04\\\/en-santa-cruz-la-iglesia-adventista-ayuda-a-las-personas-mayores-en-medio-de-las-medidas-de-distanciamiento-social\\\/#article\",\"isPartOf\":{\"@id\":\"https:\\\/\\\/interamerica.org\\\/es\\\/2020\\\/04\\\/en-santa-cruz-la-iglesia-adventista-ayuda-a-las-personas-mayores-en-medio-de-las-medidas-de-distanciamiento-social\\\/\"},\"author\":{\"name\":\"libna\",\"@id\":\"https:\\\/\\\/interamerica.org\\\/es\\\/#\\\/schema\\\/person\\\/29998f2bc2d8bd0d38662909289b54f1\"},\"headline\":\"En Santa Cruz, la Iglesia Adventista ayuda a las personas mayores en medio de las medidas de distanciamiento social\",\"datePublished\":\"2020-04-23T03:58:33+00:00\",\"dateModified\":\"2020-04-23T16:35:14+00:00\",\"mainEntityOfPage\":{\"@id\":\"https:\\\/\\\/interamerica.org\\\/es\\\/2020\\\/04\\\/en-santa-cruz-la-iglesia-adventista-ayuda-a-las-personas-mayores-en-medio-de-las-medidas-de-distanciamiento-social\\\/\"},\"wordCount\":973,\"commentCount\":0,\"image\":{\"@id\":\"https:\\\/\\\/interamerica.org\\\/es\\\/2020\\\/04\\\/en-santa-cruz-la-iglesia-adventista-ayuda-a-las-personas-mayores-en-medio-de-las-medidas-de-distanciamiento-social\\\/#primaryimage\"},\"thumbnailUrl\":\"https:\\\/\\\/interamerica.org\\\/wp-content\\\/uploads\\\/2020\\\/04\\\/earl-daniel-christiansted-ncc.jpg\",\"articleSection\":[\"Desde el campo\",\"RSS Espa\u00f1ol\"],\"inLanguage\":\"es\",\"potentialAction\":[{\"@type\":\"CommentAction\",\"name\":\"Comment\",\"target\":[\"https:\\\/\\\/interamerica.org\\\/es\\\/2020\\\/04\\\/en-santa-cruz-la-iglesia-adventista-ayuda-a-las-personas-mayores-en-medio-de-las-medidas-de-distanciamiento-social\\\/#respond\"]}]},{\"@type\":\"WebPage\",\"@id\":\"https:\\\/\\\/interamerica.org\\\/es\\\/2020\\\/04\\\/en-santa-cruz-la-iglesia-adventista-ayuda-a-las-personas-mayores-en-medio-de-las-medidas-de-distanciamiento-social\\\/\",\"url\":\"https:\\\/\\\/interamerica.org\\\/es\\\/2020\\\/04\\\/en-santa-cruz-la-iglesia-adventista-ayuda-a-las-personas-mayores-en-medio-de-las-medidas-de-distanciamiento-social\\\/\",\"name\":\"En Santa Cruz, la Iglesia Adventista ayuda a las personas mayores en medio de las medidas de distanciamiento social - Iglesia Adventista del S\u00e9ptimo D\u00eda - Divisi\u00f3n Interamericana\",\"isPartOf\":{\"@id\":\"https:\\\/\\\/interamerica.org\\\/es\\\/#website\"},\"primaryImageOfPage\":{\"@id\":\"https:\\\/\\\/interamerica.org\\\/es\\\/2020\\\/04\\\/en-santa-cruz-la-iglesia-adventista-ayuda-a-las-personas-mayores-en-medio-de-las-medidas-de-distanciamiento-social\\\/#primaryimage\"},\"image\":{\"@id\":\"https:\\\/\\\/interamerica.org\\\/es\\\/2020\\\/04\\\/en-santa-cruz-la-iglesia-adventista-ayuda-a-las-personas-mayores-en-medio-de-las-medidas-de-distanciamiento-social\\\/#primaryimage\"},\"thumbnailUrl\":\"https:\\\/\\\/interamerica.org\\\/wp-content\\\/uploads\\\/2020\\\/04\\\/earl-daniel-christiansted-ncc.jpg\",\"datePublished\":\"2020-04-23T03:58:33+00:00\",\"dateModified\":\"2020-04-23T16:35:14+00:00\",\"author\":{\"@id\":\"https:\\\/\\\/interamerica.org\\\/es\\\/#\\\/schema\\\/person\\\/29998f2bc2d8bd0d38662909289b54f1\"},\"breadcrumb\":{\"@id\":\"https:\\\/\\\/interamerica.org\\\/es\\\/2020\\\/04\\\/en-santa-cruz-la-iglesia-adventista-ayuda-a-las-personas-mayores-en-medio-de-las-medidas-de-distanciamiento-social\\\/#breadcrumb\"},\"inLanguage\":\"es\",\"potentialAction\":[{\"@type\":\"ReadAction\",\"target\":[\"https:\\\/\\\/interamerica.org\\\/es\\\/2020\\\/04\\\/en-santa-cruz-la-iglesia-adventista-ayuda-a-las-personas-mayores-en-medio-de-las-medidas-de-distanciamiento-social\\\/\"]}]},{\"@type\":\"ImageObject\",\"inLanguage\":\"es\",\"@id\":\"https:\\\/\\\/interamerica.org\\\/es\\\/2020\\\/04\\\/en-santa-cruz-la-iglesia-adventista-ayuda-a-las-personas-mayores-en-medio-de-las-medidas-de-distanciamiento-social\\\/#primaryimage\",\"url\":\"https:\\\/\\\/interamerica.org\\\/wp-content\\\/uploads\\\/2020\\\/04\\\/earl-daniel-christiansted-ncc.jpg\",\"contentUrl\":\"https:\\\/\\\/interamerica.org\\\/wp-content\\\/uploads\\\/2020\\\/04\\\/earl-daniel-christiansted-ncc.jpg\",\"width\":1000,\"height\":667,\"caption\":\"[Fotograf\u00eda de archivo: Asociaci\u00f3n Norte\u00f1a del Caribe]\"},{\"@type\":\"BreadcrumbList\",\"@id\":\"https:\\\/\\\/interamerica.org\\\/es\\\/2020\\\/04\\\/en-santa-cruz-la-iglesia-adventista-ayuda-a-las-personas-mayores-en-medio-de-las-medidas-de-distanciamiento-social\\\/#breadcrumb\",\"itemListElement\":[{\"@type\":\"ListItem\",\"position\":1,\"name\":\"Home\",\"item\":\"https:\\\/\\\/interamerica.org\\\/es\\\/\"},{\"@type\":\"ListItem\",\"position\":2,\"name\":\"En Santa Cruz, la Iglesia Adventista ayuda a las personas mayores en medio de las medidas de distanciamiento social\"}]},{\"@type\":\"WebSite\",\"@id\":\"https:\\\/\\\/interamerica.org\\\/es\\\/#website\",\"url\":\"https:\\\/\\\/interamerica.org\\\/es\\\/\",\"name\":\"Iglesia Adventista del S\u00e9ptimo D\u00eda - Divisi\u00f3n Interamericana\",\"description\":\"\",\"potentialAction\":[{\"@type\":\"SearchAction\",\"target\":{\"@type\":\"EntryPoint\",\"urlTemplate\":\"https:\\\/\\\/interamerica.org\\\/es\\\/?s={search_term_string}\"},\"query-input\":{\"@type\":\"PropertyValueSpecification\",\"valueRequired\":true,\"valueName\":\"search_term_string\"}}],\"inLanguage\":\"es\"},{\"@type\":\"Person\",\"@id\":\"https:\\\/\\\/interamerica.org\\\/es\\\/#\\\/schema\\\/person\\\/29998f2bc2d8bd0d38662909289b54f1\",\"name\":\"libna\",\"image\":{\"@type\":\"ImageObject\",\"inLanguage\":\"es\",\"@id\":\"https:\\\/\\\/secure.gravatar.com\\\/avatar\\\/7c5bd30ae4b47a9ba3c856590957fd1d96dc588bf3ac05719d247e126840331f?s=96&d=mm&r=g\",\"url\":\"https:\\\/\\\/secure.gravatar.com\\\/avatar\\\/7c5bd30ae4b47a9ba3c856590957fd1d96dc588bf3ac05719d247e126840331f?s=96&d=mm&r=g\",\"contentUrl\":\"https:\\\/\\\/secure.gravatar.com\\\/avatar\\\/7c5bd30ae4b47a9ba3c856590957fd1d96dc588bf3ac05719d247e126840331f?s=96&d=mm&r=g\",\"caption\":\"libna\"}}]}<\/script>\n<!-- \/ Yoast SEO plugin. -->","yoast_head_json":{"title":"En Santa Cruz, la Iglesia Adventista ayuda a las personas mayores en medio de las medidas de distanciamiento social - Iglesia Adventista del S\u00e9ptimo D\u00eda - Divisi\u00f3n Interamericana","robots":{"index":"index","follow":"follow","max-snippet":"max-snippet:-1","max-image-preview":"max-image-preview:large","max-video-preview":"max-video-preview:-1"},"canonical":"https:\/\/interamerica.org\/es\/2020\/04\/en-santa-cruz-la-iglesia-adventista-ayuda-a-las-personas-mayores-en-medio-de-las-medidas-de-distanciamiento-social\/","og_locale":"es_ES","og_type":"article","og_title":"En Santa Cruz, la Iglesia Adventista ayuda a las personas mayores en medio de las medidas de distanciamiento social - Iglesia Adventista del S\u00e9ptimo D\u00eda - Divisi\u00f3n Interamericana","og_description":"22 de abril de 2020 | Santa Cruz, Islas V\u00edrgenes de los Estados Unidos | Royston Philbert\/Divisi\u00f3n Interamericana Los l\u00edderes de la iglesia adventista de Christiansted en la isla de...","og_url":"https:\/\/interamerica.org\/es\/2020\/04\/en-santa-cruz-la-iglesia-adventista-ayuda-a-las-personas-mayores-en-medio-de-las-medidas-de-distanciamiento-social\/","og_site_name":"Iglesia Adventista del S\u00e9ptimo D\u00eda - Divisi\u00f3n Interamericana","article_published_time":"2020-04-23T03:58:33+00:00","article_modified_time":"2020-04-23T16:35:14+00:00","og_image":[{"width":1000,"height":667,"url":"https:\/\/interamerica.org\/wp-content\/uploads\/2020\/04\/earl-daniel-christiansted-ncc.jpg","type":"image\/jpeg"}],"author":"libna","twitter_card":"summary_large_image","twitter_misc":{"Escrito por":"libna","Tiempo de lectura":"5 minutos"},"schema":{"@context":"https:\/\/schema.org","@graph":[{"@type":"Article","@id":"https:\/\/interamerica.org\/es\/2020\/04\/en-santa-cruz-la-iglesia-adventista-ayuda-a-las-personas-mayores-en-medio-de-las-medidas-de-distanciamiento-social\/#article","isPartOf":{"@id":"https:\/\/interamerica.org\/es\/2020\/04\/en-santa-cruz-la-iglesia-adventista-ayuda-a-las-personas-mayores-en-medio-de-las-medidas-de-distanciamiento-social\/"},"author":{"name":"libna","@id":"https:\/\/interamerica.org\/es\/#\/schema\/person\/29998f2bc2d8bd0d38662909289b54f1"},"headline":"En Santa Cruz, la Iglesia Adventista ayuda a las personas mayores en medio de las medidas de distanciamiento social","datePublished":"2020-04-23T03:58:33+00:00","dateModified":"2020-04-23T16:35:14+00:00","mainEntityOfPage":{"@id":"https:\/\/interamerica.org\/es\/2020\/04\/en-santa-cruz-la-iglesia-adventista-ayuda-a-las-personas-mayores-en-medio-de-las-medidas-de-distanciamiento-social\/"},"wordCount":973,"commentCount":0,"image":{"@id":"https:\/\/interamerica.org\/es\/2020\/04\/en-santa-cruz-la-iglesia-adventista-ayuda-a-las-personas-mayores-en-medio-de-las-medidas-de-distanciamiento-social\/#primaryimage"},"thumbnailUrl":"https:\/\/interamerica.org\/wp-content\/uploads\/2020\/04\/earl-daniel-christiansted-ncc.jpg","articleSection":["Desde el campo","RSS Espa\u00f1ol"],"inLanguage":"es","potentialAction":[{"@type":"CommentAction","name":"Comment","target":["https:\/\/interamerica.org\/es\/2020\/04\/en-santa-cruz-la-iglesia-adventista-ayuda-a-las-personas-mayores-en-medio-de-las-medidas-de-distanciamiento-social\/#respond"]}]},{"@type":"WebPage","@id":"https:\/\/interamerica.org\/es\/2020\/04\/en-santa-cruz-la-iglesia-adventista-ayuda-a-las-personas-mayores-en-medio-de-las-medidas-de-distanciamiento-social\/","url":"https:\/\/interamerica.org\/es\/2020\/04\/en-santa-cruz-la-iglesia-adventista-ayuda-a-las-personas-mayores-en-medio-de-las-medidas-de-distanciamiento-social\/","name":"En Santa Cruz, la Iglesia Adventista ayuda a las personas mayores en medio de las medidas de distanciamiento social - Iglesia Adventista del S\u00e9ptimo D\u00eda - Divisi\u00f3n Interamericana","isPartOf":{"@id":"https:\/\/interamerica.org\/es\/#website"},"primaryImageOfPage":{"@id":"https:\/\/interamerica.org\/es\/2020\/04\/en-santa-cruz-la-iglesia-adventista-ayuda-a-las-personas-mayores-en-medio-de-las-medidas-de-distanciamiento-social\/#primaryimage"},"image":{"@id":"https:\/\/interamerica.org\/es\/2020\/04\/en-santa-cruz-la-iglesia-adventista-ayuda-a-las-personas-mayores-en-medio-de-las-medidas-de-distanciamiento-social\/#primaryimage"},"thumbnailUrl":"https:\/\/interamerica.org\/wp-content\/uploads\/2020\/04\/earl-daniel-christiansted-ncc.jpg","datePublished":"2020-04-23T03:58:33+00:00","dateModified":"2020-04-23T16:35:14+00:00","author":{"@id":"https:\/\/interamerica.org\/es\/#\/schema\/person\/29998f2bc2d8bd0d38662909289b54f1"},"breadcrumb":{"@id":"https:\/\/interamerica.org\/es\/2020\/04\/en-santa-cruz-la-iglesia-adventista-ayuda-a-las-personas-mayores-en-medio-de-las-medidas-de-distanciamiento-social\/#breadcrumb"},"inLanguage":"es","potentialAction":[{"@type":"ReadAction","target":["https:\/\/interamerica.org\/es\/2020\/04\/en-santa-cruz-la-iglesia-adventista-ayuda-a-las-personas-mayores-en-medio-de-las-medidas-de-distanciamiento-social\/"]}]},{"@type":"ImageObject","inLanguage":"es","@id":"https:\/\/interamerica.org\/es\/2020\/04\/en-santa-cruz-la-iglesia-adventista-ayuda-a-las-personas-mayores-en-medio-de-las-medidas-de-distanciamiento-social\/#primaryimage","url":"https:\/\/interamerica.org\/wp-content\/uploads\/2020\/04\/earl-daniel-christiansted-ncc.jpg","contentUrl":"https:\/\/interamerica.org\/wp-content\/uploads\/2020\/04\/earl-daniel-christiansted-ncc.jpg","width":1000,"height":667,"caption":"[Fotograf\u00eda de archivo: Asociaci\u00f3n Norte\u00f1a del Caribe]"},{"@type":"BreadcrumbList","@id":"https:\/\/interamerica.org\/es\/2020\/04\/en-santa-cruz-la-iglesia-adventista-ayuda-a-las-personas-mayores-en-medio-de-las-medidas-de-distanciamiento-social\/#breadcrumb","itemListElement":[{"@type":"ListItem","position":1,"name":"Home","item":"https:\/\/interamerica.org\/es\/"},{"@type":"ListItem","position":2,"name":"En Santa Cruz, la Iglesia Adventista ayuda a las personas mayores en medio de las medidas de distanciamiento social"}]},{"@type":"WebSite","@id":"https:\/\/interamerica.org\/es\/#website","url":"https:\/\/interamerica.org\/es\/","name":"Iglesia Adventista del S\u00e9ptimo D\u00eda - Divisi\u00f3n Interamericana","description":"","potentialAction":[{"@type":"SearchAction","target":{"@type":"EntryPoint","urlTemplate":"https:\/\/interamerica.org\/es\/?s={search_term_string}"},"query-input":{"@type":"PropertyValueSpecification","valueRequired":true,"valueName":"search_term_string"}}],"inLanguage":"es"},{"@type":"Person","@id":"https:\/\/interamerica.org\/es\/#\/schema\/person\/29998f2bc2d8bd0d38662909289b54f1","name":"libna","image":{"@type":"ImageObject","inLanguage":"es","@id":"https:\/\/secure.gravatar.com\/avatar\/7c5bd30ae4b47a9ba3c856590957fd1d96dc588bf3ac05719d247e126840331f?s=96&d=mm&r=g","url":"https:\/\/secure.gravatar.com\/avatar\/7c5bd30ae4b47a9ba3c856590957fd1d96dc588bf3ac05719d247e126840331f?s=96&d=mm&r=g","contentUrl":"https:\/\/secure.gravatar.com\/avatar\/7c5bd30ae4b47a9ba3c856590957fd1d96dc588bf3ac05719d247e126840331f?s=96&d=mm&r=g","caption":"libna"}}]}},"_links":{"self":[{"href":"https:\/\/interamerica.org\/es\/wp-json\/wp\/v2\/posts\/57958","targetHints":{"allow":["GET"]}}],"collection":[{"href":"https:\/\/interamerica.org\/es\/wp-json\/wp\/v2\/posts"}],"about":[{"href":"https:\/\/interamerica.org\/es\/wp-json\/wp\/v2\/types\/post"}],"author":[{"embeddable":true,"href":"https:\/\/interamerica.org\/es\/wp-json\/wp\/v2\/users\/3"}],"replies":[{"embeddable":true,"href":"https:\/\/interamerica.org\/es\/wp-json\/wp\/v2\/comments?post=57958"}],"version-history":[{"count":0,"href":"https:\/\/interamerica.org\/es\/wp-json\/wp\/v2\/posts\/57958\/revisions"}],"wp:featuredmedia":[{"embeddable":true,"href":"https:\/\/interamerica.org\/es\/wp-json\/wp\/v2\/media\/57950"}],"wp:attachment":[{"href":"https:\/\/interamerica.org\/es\/wp-json\/wp\/v2\/media?parent=57958"}],"wp:term":[{"taxonomy":"category","embeddable":true,"href":"https:\/\/interamerica.org\/es\/wp-json\/wp\/v2\/categories?post=57958"},{"taxonomy":"post_tag","embeddable":true,"href":"https:\/\/interamerica.org\/es\/wp-json\/wp\/v2\/tags?post=57958"}],"curies":[{"name":"wp","href":"https:\/\/api.w.org\/{rel}","templated":true}]}}